{"id":373769,"date":"2026-03-06T06:24:19","date_gmt":"2026-03-06T10:24:19","guid":{"rendered":"https:\/\/www.eldiario.net\/portal\/?p=373769"},"modified":"2026-03-06T06:24:19","modified_gmt":"2026-03-06T10:24:19","slug":"familias-marchan-contra-reclutamiento-de-los-kenianos-para-guerra-en-ucrania","status":"publish","type":"post","link":"https:\/\/www.eldiario.net\/portal\/2026\/03\/06\/familias-marchan-contra-reclutamiento-de-los-kenianos-para-guerra-en-ucrania\/","title":{"rendered":"Familias marchan contra reclutamiento  de los kenianos para guerra en Ucrania"},"content":{"rendered":"<p class=\"v1MsoNormal\"><span lang=\"ES-BO\">Familiares de reclutas kenianos enga\u00f1ados con promesas de trabajo en Rusia, que terminaron en el frente de batalla en Ucrania, presentaron ayer una petici\u00f3n ante el Parlamento del pa\u00eds para que se proh\u00edba el reclutamiento de kenianos para la guerra de Mosc\u00fa.<\/span><\/p>\n<p class=\"v1MsoNormal\"><span lang=\"ES-BO\">Las familias llevaban fotograf\u00edas de sus hijos, que ahora est\u00e1n en el frente o murieron, resultaron heridos o desaparecieron en la guerra. Marcharon por las calles de Nairobi, la capital de Kenia, coreando consignas en las que ped\u00edan a las autoridades que trajeran a sus seres queridos de regreso a casa.<\/span><\/p>\n<p class=\"v1MsoNormal\"><span lang=\"ES-BO\">Varios manifestantes llevaban una enorme pancarta blanca que dec\u00eda en ingl\u00e9s, en letras de color rojo intenso: \u00abKenianos y familias exigen justicia para sus hijos reclutados en el ej\u00e9rcito ruso\u00bb.<\/span><\/p>\n<p class=\"v1MsoNormal\"><span lang=\"ES-BO\">El gobierno afirm\u00f3 el mes pasado que m\u00e1s de 1.000 kenianos fueron reclutados para combatir por Rusia en Ucrania y que al menos 89 de ellos segu\u00edan en el frente. Tambi\u00e9n confirm\u00f3 una muerte y se\u00f1al\u00f3 que 39 kenianos fueron hospitalizados, 28 est\u00e1n desaparecidos en combate, y que otros hab\u00edan regresado a casa.<\/span><\/p>\n<p class=\"v1MsoNormal\"><span lang=\"ES-BO\">El ministro de Relaciones Exteriores de Kenia, Musalia Mudavadi, declar\u00f3 a The Associated Press el mes pasado que viajar\u00eda a Rusia para lo que calific\u00f3 como un \u00abenfoque diplom\u00e1tico para poner freno\u00bb a quienes \u00abse aprovechan de cualquiera en esta desventura\u00bb.<\/span><\/p>\n<p class=\"v1MsoNormal\"><span lang=\"ES-BO\">Tambi\u00e9n se\u00f1al\u00f3 que ya se realizan gestiones para asegurar la liberaci\u00f3n de kenianos retenidos en Ucrania como prisioneros de guerra y repatriar a quienes a\u00fan permanecen en Rusia.<\/span><\/p>\n<p class=\"v1MsoNormal\"><span lang=\"ES-BO\">Yurii Tokar, embajador de Ucrania en Kenia, sostuvo a la AP que un keniano se encuentra en Ucrania como prisionero de guerra y se\u00f1al\u00f3 que este tipo de prisioneros suelen ser liberados al final del conflicto, conforme a los Convenios de Ginebra. Aun as\u00ed, Kiev y Mosc\u00fa intercambiaron en varias ocasiones a cientos de soldados y civiles durante la guerra de cuatro a\u00f1os.<\/span><\/p>\n<p class=\"v1MsoNormal\"><span lang=\"ES-BO\">Lamech Mboga, cuyo hermano viaj\u00f3 a Rusia en agosto de 2025, se\u00f1al\u00f3 a la AP que cree que su familiar est\u00e1 ahora en Ucrania como prisionero de guerra y pidi\u00f3 su liberaci\u00f3n.<\/span><\/p>\n<p class=\"v1MsoNormal\"><span lang=\"ES-BO\">En un informe de inteligencia presentado el mes pasado ante el Parlamento de Kenia por el l\u00edder de la mayor\u00eda, Kimani Ichung&#8217;wah, se indica que funcionarios de los gobiernos de Kenia y Rusia se confabularon con agencias de reclutamiento para atraer a kenianos al frente de batalla.<\/span><\/p>\n<p class=\"v1MsoNormal\"><span lang=\"ES-BO\">Las familias que presentaron la petici\u00f3n al Parlamento ayer afirmaron que quienes est\u00e1n detr\u00e1s del plan para atraer a sus seres queridos deben ser procesados por \u00abtrata de personas, reclutamiento forzado y posibles violaciones de las leyes internacionales humanitarias y laborales\u00bb.<\/span><\/p>\n<p class=\"v1MsoNormal\"><span lang=\"ES-BO\">Hasta ahora, dos kenianos fueron acusados de trata de personas en el caso.(Independent en Espa\u00f1ol)<\/span><\/p>\n<p class=\"v1MsoNormal\"><span lang=\"ES-BO\">\u00a0<\/span><\/p>\n","protected":false},"excerpt":{"rendered":"<p>Familiares de reclutas kenianos enga\u00f1ados con promesas de trabajo en Rusia, que terminaron en el frente de batalla en Ucrania, presentaron ayer una petici\u00f3n ante el Parlamento del pa\u00eds para que se proh\u00edba el reclutamiento de kenianos para la guerra de Mosc\u00fa. Las familias llevaban fotograf\u00edas de sus hijos, que ahora est\u00e1n en el frente [&hellip;]<\/p>\n","protected":false},"author":1,"featured_media":373770,"comment_status":"closed","ping_status":"open","sticky":false,"template":"","format":"standard","meta":{"_acf_changed":false,"footnotes":""},"categories":[3],"tags":[],"class_list":["post-373769","post","type-post","status-publish","format-standard","has-post-thumbnail","category-internacional"],"acf":{"antetitulo":"En Nairobi"},"yoast_head":"<!-- This site is optimized with the Yoast SEO plugin v28.4 - https:\/\/yoast.com\/product\/yoast-seo-wordpress\/ -->\n<title>Familias marchan contra reclutamiento de los kenianos para guerra en Ucrania - El Diario - Bolivia<\/title>\n<meta name=\"robots\" content=\"index, follow, max-snippet:-1, max-image-preview:large, max-video-preview:-1\" \/>\n<link rel=\"canonical\" href=\"https:\/\/www.eldiario.net\/portal\/2026\/03\/06\/familias-marchan-contra-reclutamiento-de-los-kenianos-para-guerra-en-ucrania\/\" \/>\n<meta property=\"og:locale\" content=\"es_ES\" \/>\n<meta property=\"og:type\" content=\"article\" \/>\n<meta property=\"og:title\" content=\"Familias marchan contra reclutamiento de los kenianos para guerra en Ucrania - El Diario - Bolivia\" \/>\n<meta property=\"og:description\" content=\"Familiares de reclutas kenianos enga\u00f1ados con promesas de trabajo en Rusia, que terminaron en el frente de batalla en Ucrania, presentaron ayer una petici\u00f3n ante el Parlamento del pa\u00eds para que se proh\u00edba el reclutamiento de kenianos para la guerra de Mosc\u00fa. Las familias llevaban fotograf\u00edas de sus hijos, que ahora est\u00e1n en el frente [&hellip;]\" \/>\n<meta property=\"og:url\" content=\"https:\/\/www.eldiario.net\/portal\/2026\/03\/06\/familias-marchan-contra-reclutamiento-de-los-kenianos-para-guerra-en-ucrania\/\" \/>\n<meta property=\"og:site_name\" content=\"El Diario - Bolivia\" \/>\n<meta property=\"article:publisher\" content=\"https:\/\/www.facebook.com\/eldiario.bolivia\/\" \/>\n<meta property=\"article:published_time\" content=\"2026-03-06T10:24:19+00:00\" \/>\n<meta property=\"og:image\" content=\"https:\/\/www.eldiario.net\/portal\/wp-content\/uploads\/2026\/03\/RECLUTA-AP.webp\" \/>\n\t<meta property=\"og:image:width\" content=\"1250\" \/>\n\t<meta property=\"og:image:height\" content=\"833\" \/>\n\t<meta property=\"og:image:type\" content=\"image\/webp\" \/>\n<meta name=\"author\" content=\"Jeanette\" \/>\n<meta name=\"twitter:card\" content=\"summary_large_image\" \/>\n<meta name=\"twitter:creator\" content=\"@eldiario_net\" \/>\n<meta name=\"twitter:site\" content=\"@eldiario_net\" \/>\n<meta name=\"twitter:label1\" content=\"Escrito por\" \/>\n\t<meta name=\"twitter:data1\" content=\"Jeanette\" \/>\n\t<meta name=\"twitter:label2\" content=\"Tiempo de lectura\" \/>\n\t<meta name=\"twitter:data2\" content=\"3 minutos\" \/>\n<script type=\"application\/ld+json\" class=\"yoast-schema-graph\">{\"@context\":\"https:\\\/\\\/schema.org\",\"@graph\":[{\"@type\":\"Article\",\"@id\":\"https:\\\/\\\/www.eldiario.net\\\/portal\\\/2026\\\/03\\\/06\\\/familias-marchan-contra-reclutamiento-de-los-kenianos-para-guerra-en-ucrania\\\/#article\",\"isPartOf\":{\"@id\":\"https:\\\/\\\/www.eldiario.net\\\/portal\\\/2026\\\/03\\\/06\\\/familias-marchan-contra-reclutamiento-de-los-kenianos-para-guerra-en-ucrania\\\/\"},\"author\":{\"name\":\"Jeanette\",\"@id\":\"https:\\\/\\\/www.eldiario.net\\\/portal\\\/#\\\/schema\\\/person\\\/2c57cf2b7a7ae032e449e4c9b1019eac\"},\"headline\":\"Familias marchan contra reclutamiento de los kenianos para guerra en Ucrania\",\"datePublished\":\"2026-03-06T10:24:19+00:00\",\"mainEntityOfPage\":{\"@id\":\"https:\\\/\\\/www.eldiario.net\\\/portal\\\/2026\\\/03\\\/06\\\/familias-marchan-contra-reclutamiento-de-los-kenianos-para-guerra-en-ucrania\\\/\"},\"wordCount\":483,\"publisher\":{\"@id\":\"https:\\\/\\\/www.eldiario.net\\\/portal\\\/#organization\"},\"image\":{\"@id\":\"https:\\\/\\\/www.eldiario.net\\\/portal\\\/2026\\\/03\\\/06\\\/familias-marchan-contra-reclutamiento-de-los-kenianos-para-guerra-en-ucrania\\\/#primaryimage\"},\"thumbnailUrl\":\"https:\\\/\\\/www.eldiario.net\\\/portal\\\/wp-content\\\/uploads\\\/2026\\\/03\\\/RECLUTA-AP.webp\",\"articleSection\":[\"Internacional\"],\"inLanguage\":\"es\"},{\"@type\":\"WebPage\",\"@id\":\"https:\\\/\\\/www.eldiario.net\\\/portal\\\/2026\\\/03\\\/06\\\/familias-marchan-contra-reclutamiento-de-los-kenianos-para-guerra-en-ucrania\\\/\",\"url\":\"https:\\\/\\\/www.eldiario.net\\\/portal\\\/2026\\\/03\\\/06\\\/familias-marchan-contra-reclutamiento-de-los-kenianos-para-guerra-en-ucrania\\\/\",\"name\":\"Familias marchan contra reclutamiento de los kenianos para guerra en Ucrania - El Diario - Bolivia\",\"isPartOf\":{\"@id\":\"https:\\\/\\\/www.eldiario.net\\\/portal\\\/#website\"},\"primaryImageOfPage\":{\"@id\":\"https:\\\/\\\/www.eldiario.net\\\/portal\\\/2026\\\/03\\\/06\\\/familias-marchan-contra-reclutamiento-de-los-kenianos-para-guerra-en-ucrania\\\/#primaryimage\"},\"image\":{\"@id\":\"https:\\\/\\\/www.eldiario.net\\\/portal\\\/2026\\\/03\\\/06\\\/familias-marchan-contra-reclutamiento-de-los-kenianos-para-guerra-en-ucrania\\\/#primaryimage\"},\"thumbnailUrl\":\"https:\\\/\\\/www.eldiario.net\\\/portal\\\/wp-content\\\/uploads\\\/2026\\\/03\\\/RECLUTA-AP.webp\",\"datePublished\":\"2026-03-06T10:24:19+00:00\",\"breadcrumb\":{\"@id\":\"https:\\\/\\\/www.eldiario.net\\\/portal\\\/2026\\\/03\\\/06\\\/familias-marchan-contra-reclutamiento-de-los-kenianos-para-guerra-en-ucrania\\\/#breadcrumb\"},\"inLanguage\":\"es\",\"potentialAction\":[{\"@type\":\"ReadAction\",\"target\":[\"https:\\\/\\\/www.eldiario.net\\\/portal\\\/2026\\\/03\\\/06\\\/familias-marchan-contra-reclutamiento-de-los-kenianos-para-guerra-en-ucrania\\\/\"]}]},{\"@type\":\"ImageObject\",\"inLanguage\":\"es\",\"@id\":\"https:\\\/\\\/www.eldiario.net\\\/portal\\\/2026\\\/03\\\/06\\\/familias-marchan-contra-reclutamiento-de-los-kenianos-para-guerra-en-ucrania\\\/#primaryimage\",\"url\":\"https:\\\/\\\/www.eldiario.net\\\/portal\\\/wp-content\\\/uploads\\\/2026\\\/03\\\/RECLUTA-AP.webp\",\"contentUrl\":\"https:\\\/\\\/www.eldiario.net\\\/portal\\\/wp-content\\\/uploads\\\/2026\\\/03\\\/RECLUTA-AP.webp\",\"width\":1250,\"height\":833,\"caption\":\"Marchan para exigir a Kenia prohibir el reclutamiento para guerra de Rusia. CREDITO: AP\"},{\"@type\":\"BreadcrumbList\",\"@id\":\"https:\\\/\\\/www.eldiario.net\\\/portal\\\/2026\\\/03\\\/06\\\/familias-marchan-contra-reclutamiento-de-los-kenianos-para-guerra-en-ucrania\\\/#breadcrumb\",\"itemListElement\":[{\"@type\":\"ListItem\",\"position\":1,\"name\":\"Portada\",\"item\":\"https:\\\/\\\/www.eldiario.net\\\/portal\\\/\"},{\"@type\":\"ListItem\",\"position\":2,\"name\":\"Familias marchan contra reclutamiento de los kenianos para guerra en Ucrania\"}]},{\"@type\":\"WebSite\",\"@id\":\"https:\\\/\\\/www.eldiario.net\\\/portal\\\/#website\",\"url\":\"https:\\\/\\\/www.eldiario.net\\\/portal\\\/\",\"name\":\"El Diario - Decano de la prensa nacional\",\"description\":\"El Diario - Decano de la prensa nacional\",\"publisher\":{\"@id\":\"https:\\\/\\\/www.eldiario.net\\\/portal\\\/#organization\"},\"potentialAction\":[{\"@type\":\"SearchAction\",\"target\":{\"@type\":\"EntryPoint\",\"urlTemplate\":\"https:\\\/\\\/www.eldiario.net\\\/portal\\\/?s={search_term_string}\"},\"query-input\":{\"@type\":\"PropertyValueSpecification\",\"valueRequired\":true,\"valueName\":\"search_term_string\"}}],\"inLanguage\":\"es\"},{\"@type\":\"Organization\",\"@id\":\"https:\\\/\\\/www.eldiario.net\\\/portal\\\/#organization\",\"name\":\"El Diario - Decano de la prensa nacional\",\"url\":\"https:\\\/\\\/www.eldiario.net\\\/portal\\\/\",\"logo\":{\"@type\":\"ImageObject\",\"inLanguage\":\"es\",\"@id\":\"https:\\\/\\\/www.eldiario.net\\\/portal\\\/#\\\/schema\\\/logo\\\/image\\\/\",\"url\":\"https:\\\/\\\/www.eldiario.net\\\/portal\\\/wp-content\\\/uploads\\\/2023\\\/07\\\/logo_ED.jpg\",\"contentUrl\":\"https:\\\/\\\/www.eldiario.net\\\/portal\\\/wp-content\\\/uploads\\\/2023\\\/07\\\/logo_ED.jpg\",\"width\":272,\"height\":52,\"caption\":\"El Diario - Decano de la prensa nacional\"},\"image\":{\"@id\":\"https:\\\/\\\/www.eldiario.net\\\/portal\\\/#\\\/schema\\\/logo\\\/image\\\/\"},\"sameAs\":[\"https:\\\/\\\/www.facebook.com\\\/eldiario.bolivia\\\/\",\"https:\\\/\\\/x.com\\\/eldiario_net\"]},{\"@type\":\"Person\",\"@id\":\"https:\\\/\\\/www.eldiario.net\\\/portal\\\/#\\\/schema\\\/person\\\/2c57cf2b7a7ae032e449e4c9b1019eac\",\"name\":\"Jeanette\",\"image\":{\"@type\":\"ImageObject\",\"inLanguage\":\"es\",\"@id\":\"https:\\\/\\\/secure.gravatar.com\\\/avatar\\\/3ea2118a5f7dad2b7138b1187a6b7ee55f160b9968b66013c3a3ef39dd7e5798?s=96&d=mm&r=g\",\"url\":\"https:\\\/\\\/secure.gravatar.com\\\/avatar\\\/3ea2118a5f7dad2b7138b1187a6b7ee55f160b9968b66013c3a3ef39dd7e5798?s=96&d=mm&r=g\",\"contentUrl\":\"https:\\\/\\\/secure.gravatar.com\\\/avatar\\\/3ea2118a5f7dad2b7138b1187a6b7ee55f160b9968b66013c3a3ef39dd7e5798?s=96&d=mm&r=g\",\"caption\":\"Jeanette\"},\"sameAs\":[\"https:\\\/\\\/www.eldiario.net\\\/portal\"],\"url\":\"https:\\\/\\\/www.eldiario.net\\\/portal\\\/author\\\/jeanette\\\/\"}]}<\/script>\n<!-- \/ Yoast SEO plugin. -->","yoast_head_json":{"title":"Familias marchan contra reclutamiento de los kenianos para guerra en Ucrania - El Diario - Bolivia","robots":{"index":"index","follow":"follow","max-snippet":"max-snippet:-1","max-image-preview":"max-image-preview:large","max-video-preview":"max-video-preview:-1"},"canonical":"https:\/\/www.eldiario.net\/portal\/2026\/03\/06\/familias-marchan-contra-reclutamiento-de-los-kenianos-para-guerra-en-ucrania\/","og_locale":"es_ES","og_type":"article","og_title":"Familias marchan contra reclutamiento de los kenianos para guerra en Ucrania - El Diario - Bolivia","og_description":"Familiares de reclutas kenianos enga\u00f1ados con promesas de trabajo en Rusia, que terminaron en el frente de batalla en Ucrania, presentaron ayer una petici\u00f3n ante el Parlamento del pa\u00eds para que se proh\u00edba el reclutamiento de kenianos para la guerra de Mosc\u00fa. Las familias llevaban fotograf\u00edas de sus hijos, que ahora est\u00e1n en el frente [&hellip;]","og_url":"https:\/\/www.eldiario.net\/portal\/2026\/03\/06\/familias-marchan-contra-reclutamiento-de-los-kenianos-para-guerra-en-ucrania\/","og_site_name":"El Diario - Bolivia","article_publisher":"https:\/\/www.facebook.com\/eldiario.bolivia\/","article_published_time":"2026-03-06T10:24:19+00:00","og_image":[{"width":1250,"height":833,"url":"https:\/\/www.eldiario.net\/portal\/wp-content\/uploads\/2026\/03\/RECLUTA-AP.webp","type":"image\/webp"}],"author":"Jeanette","twitter_card":"summary_large_image","twitter_creator":"@eldiario_net","twitter_site":"@eldiario_net","twitter_misc":{"Escrito por":"Jeanette","Tiempo de lectura":"3 minutos"},"schema":{"@context":"https:\/\/schema.org","@graph":[{"@type":"Article","@id":"https:\/\/www.eldiario.net\/portal\/2026\/03\/06\/familias-marchan-contra-reclutamiento-de-los-kenianos-para-guerra-en-ucrania\/#article","isPartOf":{"@id":"https:\/\/www.eldiario.net\/portal\/2026\/03\/06\/familias-marchan-contra-reclutamiento-de-los-kenianos-para-guerra-en-ucrania\/"},"author":{"name":"Jeanette","@id":"https:\/\/www.eldiario.net\/portal\/#\/schema\/person\/2c57cf2b7a7ae032e449e4c9b1019eac"},"headline":"Familias marchan contra reclutamiento de los kenianos para guerra en Ucrania","datePublished":"2026-03-06T10:24:19+00:00","mainEntityOfPage":{"@id":"https:\/\/www.eldiario.net\/portal\/2026\/03\/06\/familias-marchan-contra-reclutamiento-de-los-kenianos-para-guerra-en-ucrania\/"},"wordCount":483,"publisher":{"@id":"https:\/\/www.eldiario.net\/portal\/#organization"},"image":{"@id":"https:\/\/www.eldiario.net\/portal\/2026\/03\/06\/familias-marchan-contra-reclutamiento-de-los-kenianos-para-guerra-en-ucrania\/#primaryimage"},"thumbnailUrl":"https:\/\/www.eldiario.net\/portal\/wp-content\/uploads\/2026\/03\/RECLUTA-AP.webp","articleSection":["Internacional"],"inLanguage":"es"},{"@type":"WebPage","@id":"https:\/\/www.eldiario.net\/portal\/2026\/03\/06\/familias-marchan-contra-reclutamiento-de-los-kenianos-para-guerra-en-ucrania\/","url":"https:\/\/www.eldiario.net\/portal\/2026\/03\/06\/familias-marchan-contra-reclutamiento-de-los-kenianos-para-guerra-en-ucrania\/","name":"Familias marchan contra reclutamiento de los kenianos para guerra en Ucrania - El Diario - Bolivia","isPartOf":{"@id":"https:\/\/www.eldiario.net\/portal\/#website"},"primaryImageOfPage":{"@id":"https:\/\/www.eldiario.net\/portal\/2026\/03\/06\/familias-marchan-contra-reclutamiento-de-los-kenianos-para-guerra-en-ucrania\/#primaryimage"},"image":{"@id":"https:\/\/www.eldiario.net\/portal\/2026\/03\/06\/familias-marchan-contra-reclutamiento-de-los-kenianos-para-guerra-en-ucrania\/#primaryimage"},"thumbnailUrl":"https:\/\/www.eldiario.net\/portal\/wp-content\/uploads\/2026\/03\/RECLUTA-AP.webp","datePublished":"2026-03-06T10:24:19+00:00","breadcrumb":{"@id":"https:\/\/www.eldiario.net\/portal\/2026\/03\/06\/familias-marchan-contra-reclutamiento-de-los-kenianos-para-guerra-en-ucrania\/#breadcrumb"},"inLanguage":"es","potentialAction":[{"@type":"ReadAction","target":["https:\/\/www.eldiario.net\/portal\/2026\/03\/06\/familias-marchan-contra-reclutamiento-de-los-kenianos-para-guerra-en-ucrania\/"]}]},{"@type":"ImageObject","inLanguage":"es","@id":"https:\/\/www.eldiario.net\/portal\/2026\/03\/06\/familias-marchan-contra-reclutamiento-de-los-kenianos-para-guerra-en-ucrania\/#primaryimage","url":"https:\/\/www.eldiario.net\/portal\/wp-content\/uploads\/2026\/03\/RECLUTA-AP.webp","contentUrl":"https:\/\/www.eldiario.net\/portal\/wp-content\/uploads\/2026\/03\/RECLUTA-AP.webp","width":1250,"height":833,"caption":"Marchan para exigir a Kenia prohibir el reclutamiento para guerra de Rusia. CREDITO: AP"},{"@type":"BreadcrumbList","@id":"https:\/\/www.eldiario.net\/portal\/2026\/03\/06\/familias-marchan-contra-reclutamiento-de-los-kenianos-para-guerra-en-ucrania\/#breadcrumb","itemListElement":[{"@type":"ListItem","position":1,"name":"Portada","item":"https:\/\/www.eldiario.net\/portal\/"},{"@type":"ListItem","position":2,"name":"Familias marchan contra reclutamiento de los kenianos para guerra en Ucrania"}]},{"@type":"WebSite","@id":"https:\/\/www.eldiario.net\/portal\/#website","url":"https:\/\/www.eldiario.net\/portal\/","name":"El Diario - Decano de la prensa nacional","description":"El Diario - Decano de la prensa nacional","publisher":{"@id":"https:\/\/www.eldiario.net\/portal\/#organization"},"potentialAction":[{"@type":"SearchAction","target":{"@type":"EntryPoint","urlTemplate":"https:\/\/www.eldiario.net\/portal\/?s={search_term_string}"},"query-input":{"@type":"PropertyValueSpecification","valueRequired":true,"valueName":"search_term_string"}}],"inLanguage":"es"},{"@type":"Organization","@id":"https:\/\/www.eldiario.net\/portal\/#organization","name":"El Diario - Decano de la prensa nacional","url":"https:\/\/www.eldiario.net\/portal\/","logo":{"@type":"ImageObject","inLanguage":"es","@id":"https:\/\/www.eldiario.net\/portal\/#\/schema\/logo\/image\/","url":"https:\/\/www.eldiario.net\/portal\/wp-content\/uploads\/2023\/07\/logo_ED.jpg","contentUrl":"https:\/\/www.eldiario.net\/portal\/wp-content\/uploads\/2023\/07\/logo_ED.jpg","width":272,"height":52,"caption":"El Diario - Decano de la prensa nacional"},"image":{"@id":"https:\/\/www.eldiario.net\/portal\/#\/schema\/logo\/image\/"},"sameAs":["https:\/\/www.facebook.com\/eldiario.bolivia\/","https:\/\/x.com\/eldiario_net"]},{"@type":"Person","@id":"https:\/\/www.eldiario.net\/portal\/#\/schema\/person\/2c57cf2b7a7ae032e449e4c9b1019eac","name":"Jeanette","image":{"@type":"ImageObject","inLanguage":"es","@id":"https:\/\/secure.gravatar.com\/avatar\/3ea2118a5f7dad2b7138b1187a6b7ee55f160b9968b66013c3a3ef39dd7e5798?s=96&d=mm&r=g","url":"https:\/\/secure.gravatar.com\/avatar\/3ea2118a5f7dad2b7138b1187a6b7ee55f160b9968b66013c3a3ef39dd7e5798?s=96&d=mm&r=g","contentUrl":"https:\/\/secure.gravatar.com\/avatar\/3ea2118a5f7dad2b7138b1187a6b7ee55f160b9968b66013c3a3ef39dd7e5798?s=96&d=mm&r=g","caption":"Jeanette"},"sameAs":["https:\/\/www.eldiario.net\/portal"],"url":"https:\/\/www.eldiario.net\/portal\/author\/jeanette\/"}]}},"_links":{"self":[{"href":"https:\/\/www.eldiario.net\/portal\/wp-json\/wp\/v2\/posts\/373769","targetHints":{"allow":["GET"]}}],"collection":[{"href":"https:\/\/www.eldiario.net\/portal\/wp-json\/wp\/v2\/posts"}],"about":[{"href":"https:\/\/www.eldiario.net\/portal\/wp-json\/wp\/v2\/types\/post"}],"author":[{"embeddable":true,"href":"https:\/\/www.eldiario.net\/portal\/wp-json\/wp\/v2\/users\/1"}],"replies":[{"embeddable":true,"href":"https:\/\/www.eldiario.net\/portal\/wp-json\/wp\/v2\/comments?post=373769"}],"version-history":[{"count":1,"href":"https:\/\/www.eldiario.net\/portal\/wp-json\/wp\/v2\/posts\/373769\/revisions"}],"predecessor-version":[{"id":373771,"href":"https:\/\/www.eldiario.net\/portal\/wp-json\/wp\/v2\/posts\/373769\/revisions\/373771"}],"wp:featuredmedia":[{"embeddable":true,"href":"https:\/\/www.eldiario.net\/portal\/wp-json\/wp\/v2\/media\/373770"}],"wp:attachment":[{"href":"https:\/\/www.eldiario.net\/portal\/wp-json\/wp\/v2\/media?parent=373769"}],"wp:term":[{"taxonomy":"category","embeddable":true,"href":"https:\/\/www.eldiario.net\/portal\/wp-json\/wp\/v2\/categories?post=373769"},{"taxonomy":"post_tag","embeddable":true,"href":"https:\/\/www.eldiario.net\/portal\/wp-json\/wp\/v2\/tags?post=373769"}],"curies":[{"name":"wp","href":"https:\/\/api.w.org\/{rel}","templated":true}]}}