{"id":373760,"date":"2026-03-06T06:20:03","date_gmt":"2026-03-06T10:20:03","guid":{"rendered":"https:\/\/www.eldiario.net\/portal\/?p=373760"},"modified":"2026-03-06T06:20:03","modified_gmt":"2026-03-06T10:20:03","slug":"el-alto-celebra-41-anos-de-vida","status":"publish","type":"post","link":"https:\/\/www.eldiario.net\/portal\/2026\/03\/06\/el-alto-celebra-41-anos-de-vida\/","title":{"rendered":"El Alto celebra  41 a\u00f1os de vida"},"content":{"rendered":"<p>La ciudad de El Alto conmemora 41 a\u00f1os de vida, jornada que ser\u00e1 diferente debido a que el municipio determin\u00f3 la suspensi\u00f3n de varias actividades festivas en respeto a las m\u00e1s de 20 v\u00edctimas fatales y decenas de heridos que dej\u00f3 el accidente a\u00e9reo protagonizado por el avi\u00f3n H\u00e9rcules, el pasado 27 de febrero.<br \/>\nLa urbe alte\u00f1a fue creada oficialmente como cuarta secci\u00f3n municipal de la provincia Murillo el 6 de marzo de 1985 mediante la Ley 728, durante el gobierno de Hern\u00e1n Siles Zuazo. Luego, el 26 de septiembre de 1988, la Ley 1014 la elev\u00f3 al rango de ciudad.<br \/>\nA diferencia de gestiones pasadas, la Alcald\u00eda se limitar\u00e1 a entregar obras durante el mes aniversario, para hoy, por ejemplo, se tiene prevista la entrega de la avenida Litoral.<br \/>\nPor otro lado, el Concejo Municipal realizar\u00e1 una misa recordando los ocho d\u00edas del fallecimiento de las v\u00edctimas del accidente a\u00e9reo y posteriormente realizar\u00e1n la Sesi\u00f3n de Honor N\u00ba 012\/2026.<br \/>\n\u201cPara ma\u00f1ana (hoy) 6 de marzo, a partir de las nueve de la ma\u00f1ana tendremos la misa en honor a los ca\u00eddos del tr\u00e1gico accidente que ha pasado el pasado 27 de febrero. Vamos a recordar los ocho d\u00edas de la ca\u00edda de nuestros hermanos, hermanas que han fallecido en ese tr\u00e1gico accidente (\u2026) y luego tenemos la Sesi\u00f3n de Honor, recordando los 41 aniversario de fundaci\u00f3n de esta ciudad tan revolucionaria, de esta ciudad que ha dado el pecho a la bala, en los mejores y peores momentos\u201d, se\u00f1al\u00f3 el presidente del Concejo del municipio alte\u00f1o, Francisco Quispe.<br \/>\nAcot\u00f3 que se entregaron invitaciones a las autoridades nacionales, al presidente del Estado, Rodrigo Paz Pereira, aunque \u00e9l adelant\u00f3 que estar\u00eda de viaje en Estados Unidos, por lo que no participar\u00eda de esos actos.<br \/>\nDe igual manera, se invit\u00f3 al vicepresidente de Bolivia, Edmand Lara, a los ministros de las diferentes carteras, a diputados y senadores, a la Brigada Parlamentaria de La Paz, adem\u00e1s de alcaldes de municipios vecinos como Laja, Viacha y Achacahi, entre otros.<br \/>\nQuispe aclar\u00f3 que la Sesi\u00f3n de Honor ser\u00e1 en el Teatro Ra\u00fal Salm\u00f3n de la Barra, a las 10:00 horas.<br \/>\nAunque estas actividades se realizar\u00e1n hoy, ya la jornada de ayer, el presidente Rodrigo Paz junto a la primera dama, Mar\u00eda Elena Urquidi, visitaron El Alto y participaron de una ceremonia religiosa en conmemoraci\u00f3n de los fallecidos y heridos en el tr\u00e1gico accidente a\u00e9reo suscitado en la urbe alte\u00f1a.<br \/>\nTambi\u00e9n estuvieron algunos ministros, senadores, diputados y otras autoridades. Todos compartieron la misa con familiares de las v\u00edctimas y la poblaci\u00f3n alte\u00f1a, en la iglesia de la zona de Villa Dolores.<br \/>\nEn la ocasi\u00f3n, el mandatario enalteci\u00f3 la grandeza de esta urbe, su firme compromiso con la Patria y su contribuci\u00f3n al desarrollo del pa\u00eds. Adem\u00e1s, anunci\u00f3 que pronto llegar\u00e1n inversiones econ\u00f3micas.<br \/>\n\u201cDestaco la grandeza de la ciudad de El Alto, que ha demostrado su compromiso con la Patria, el desarrollo, la grandeza de que todos los bolivianos y bolivianas tengamos un mejor futuro\u201d, se\u00f1al\u00f3 Paz.<br \/>\nEn tanto, en un mensaje a los alte\u00f1os, la ministra de Educaci\u00f3n, Beatriz Garc\u00eda, recomend\u00f3 que estar en \u201cunidad es lo b\u00e1sico para salir adelante, como dice el presidente Paz, hay que trabajar en esta cultura de la confianza, porque en el momento que no hay confianza es muy dif\u00edcil que exista respeto y el di\u00e1logo que son fundamentales para la construcci\u00f3n de un pa\u00eds\u201d.<br \/>\nINVERSIONES<br \/>\nEl mandatario boliviano, a tiempo de felicitar a la urbe alte\u00f1a, asegur\u00f3 que habr\u00e1 inversi\u00f3n para esta urbe.<br \/>\n\u201cFelicidades El Alto, todo mi cari\u00f1o junto a mi familia y solidaridad para las familias dolientes y Dios nos d\u00e9 fortaleza para salir adelante, porque Bolivia tiene un gran futuro (\u2026) Va a llegar gente que quiere apostar por el desarrollo de El Alto y el crecimiento\u201d, subray\u00f3.<br \/>\nMUNICIPIO<br \/>\nEn tanto, desde el municipio alte\u00f1o se recalc\u00f3 que el lunes 2 de marzo, se dio inicio a las actividades por el mes aniversario con una celebraci\u00f3n eucar\u00edstica en homenaje a las v\u00edctimas del accidente a\u00e9reo del viernes, en un acto marcado por el duelo nacional. Asimismo, se confirm\u00f3 que este a\u00f1o no se realizar\u00e1 la tradicional verbena por los 41 a\u00f1os de la urbe.<br \/>\nAunque, se ratific\u00f3 la entrega de obras como el hospital de segundo nivel Qulla\u00f1 Uta en el Distrito 7; el Distribuidor Integraci\u00f3n de R\u00edo Seco, que unir\u00e1 a El Alto con municipios de Laja y Copacabana; adem\u00e1s de mejoras viales en los distritos 3 y 4, como parte del plan municipal Ajayu.<br \/>\nEl Gobierno Aut\u00f3nomo Municipal de El Alto (Gamea) asegur\u00f3 que esas implementaciones demandan Bs 218 millones. Una de ellas fue entregada el martes, 3 de marzo, por la alcaldesa Eva Copa; se trat\u00f3 de la Farmacia Municipal Qulla Uta, que demand\u00f3 una inversi\u00f3n superior a Bs cinco millones y donde los vecinos acceder\u00e1n a medicamentos con precios asequibles.<br \/>\nEl mi\u00e9rcoles 4 de marzo, la Central Obrera Regional (COR) de El Alto organiz\u00f3 el desfile c\u00edvico militar en el que participaron autoridades nacionales, departamentales y municipales, adem\u00e1s de organizaciones sociales, unidades educativas y vecinos.<br \/>\nMientras, esa misma jornada, la comuna inaugur\u00f3 el enlosetado de seis kil\u00f3metros de la avenida Radial, obra que beneficiar\u00e1 de forma directa a m\u00e1s de 50 mil vecinos de los distritos 3 y 4, de esa urbe.<br \/>\nTambi\u00e9n permitir\u00e1 descongestionar rutas saturadas en esos distritos y establecer una conexi\u00f3n directa con la carretera a Laja. La obra vial demand\u00f3 una inversi\u00f3n superior a Bs 16 millones e incluye la instalaci\u00f3n de 286 luminarias LED para reforzar la seguridad de los vecinos.<br \/>\nUna actividad que se desarrollar\u00e1 en el marco de las celebraciones por el 41 aniversario alte\u00f1o es el denominado \u201cRally Tur\u00edstico El Alto, Capital de Los Andes\u201d, que ser\u00e1 el domingo 8 de marzo. Se trata de un evento que pondr\u00e1 a prueba la resistencia de los competidores a m\u00e1s de 4.640 metros sobre el nivel del mar (msnm).<br \/>\nSe prev\u00e9 que en la competencia participen al menos 40 pilotos que partir\u00e1n del sector final de la avenida Calacoto, en Villa Ingenio hasta llegar a Alto Milluni, cerca del monumento C\u00f3ndor de los Andes.<br \/>\nSUCESO<br \/>\nLa tarde del viernes 27 de febrero de 2026, un avi\u00f3n H\u00e9rcules present\u00f3 problemas al momento de aterrizar en el aeropuerto de la ciudad de El Alto. La aeronave se sali\u00f3 de la pista llegando a impactar con unos 15 veh\u00edculos y causando la muerte de m\u00e1s de una veintena de personas, adem\u00e1s de decenas de heridos.<br \/>\nDe acuerdo con \u00faltimos reportes, el n\u00famero de v\u00edctimas fatales lleg\u00f3 a 23. Mientras contin\u00faan las labores de investigaci\u00f3n con, por lo menos, tres procesos investigativos para esclarecer las causas del siniestro. Entre ellos se encuentra el an\u00e1lisis de la caja negra, que ser\u00e1 realizado por el fabricante de la aeronave y cuyos resultados se conocer\u00eda de entre tres a seis meses.<br \/>\nUna junta de investigaci\u00f3n ser\u00e1 la encargada de presentar el informe oficial que determine las circunstancias en las que ocurri\u00f3 el accidente.<br \/>\nMientras varios heridos a\u00fan se recuperan en diferentes nosocomios de La Paz y El Alto.<\/p>\n\r\n                <style type=\"text\/css\">\r\n                    \r\n                    #tdi_1  .td-doubleSlider-2 .td-item1 {\r\n                        background: url(https:\/\/www.eldiario.net\/portal\/wp-content\/uploads\/2026\/03\/F-1-El-Alto-80x60.webp) 0 0 no-repeat;\r\n                    }\r\n                    #tdi_1  .td-doubleSlider-2 .td-item2 {\r\n                        background: url(https:\/\/www.eldiario.net\/portal\/wp-content\/uploads\/2026\/03\/F-2-El-Alto-80x60.webp) 0 0 no-repeat;\r\n                    }\r\n                    #tdi_1  .td-doubleSlider-2 .td-item3 {\r\n                        background: url(https:\/\/www.eldiario.net\/portal\/wp-content\/uploads\/2026\/03\/F-3-El-Alto-80x60.webp) 0 0 no-repeat;\r\n                    }\r\n                    #tdi_1  .td-doubleSlider-2 .td-item4 {\r\n                        background: url(https:\/\/www.eldiario.net\/portal\/wp-content\/uploads\/2026\/03\/F-4-El-Alto-80x60.webp) 0 0 no-repeat;\r\n                    }\r\n                <\/style>\r\n\r\n                <div id=\"tdi_1\" class=\"td-gallery td-slide-on-2-columns\">\r\n                    <div class=\"post_td_gallery\">\r\n                        <div class=\"td-gallery-slide-top\">\r\n                           <div class=\"td-gallery-title\"><\/div>\r\n\r\n                            <div class=\"td-gallery-controls-wrapper\">\r\n                                <div class=\"td-gallery-slide-count\"><span class=\"td-gallery-slide-item-focus\">1<\/span> de 4<\/div>\r\n                                <div class=\"td-gallery-slide-prev-next-but\">\r\n                                    <i class = \"td-icon-left doubleSliderPrevButton\"><\/i>\r\n                                    <i class = \"td-icon-right doubleSliderNextButton\"><\/i>\r\n                                <\/div>\r\n                            <\/div>\r\n                        <\/div>\r\n\r\n                        <div class = \"td-doubleSlider-1 \">\r\n                            <div class = \"td-slider\">\r\n                                \r\n                    <div class = \"td-slide-item td-item1\">\r\n                        <figure class=\"td-slide-galery-figure td-slide-popup-gallery\">\r\n                            <a class=\"slide-gallery-image-link\" href=\"https:\/\/www.eldiario.net\/portal\/wp-content\/uploads\/2026\/03\/F-1-El-Alto.webp\" title=\"F-1-El-Alto\"  data-caption=\"El Alto celebra su 41 aniversario, una ciudad conocida por su gente luchadora. \"  data-description=\"\">\r\n                                <img decoding=\"async\" src=\"https:\/\/www.eldiario.net\/portal\/wp-content\/uploads\/2026\/03\/F-1-El-Alto-629x420.webp\" srcset=\"https:\/\/www.eldiario.net\/portal\/wp-content\/uploads\/2026\/03\/F-1-El-Alto-629x420.webp 629w, https:\/\/www.eldiario.net\/portal\/wp-content\/uploads\/2026\/03\/F-1-El-Alto-300x200.webp 300w, https:\/\/www.eldiario.net\/portal\/wp-content\/uploads\/2026\/03\/F-1-El-Alto-1024x684.webp 1024w, https:\/\/www.eldiario.net\/portal\/wp-content\/uploads\/2026\/03\/F-1-El-Alto-768x513.webp 768w, https:\/\/www.eldiario.net\/portal\/wp-content\/uploads\/2026\/03\/F-1-El-Alto-150x100.webp 150w, https:\/\/www.eldiario.net\/portal\/wp-content\/uploads\/2026\/03\/F-1-El-Alto-696x465.webp 696w, https:\/\/www.eldiario.net\/portal\/wp-content\/uploads\/2026\/03\/F-1-El-Alto-1068x713.webp 1068w, https:\/\/www.eldiario.net\/portal\/wp-content\/uploads\/2026\/03\/F-1-El-Alto.webp 1200w\" sizes=\"(max-width: 629px) 100vw, 629px\" alt=\"\">\r\n                            <\/a>\r\n                            <figcaption class = \"td-slide-caption td-gallery-slide-content\"><div class = \"td-gallery-slide-copywrite\">El Alto celebra su 41 aniversario, una ciudad conocida por su gente luchadora. <\/div><\/figcaption>\r\n                        <\/figure>\r\n                    <\/div>\r\n                    <div class = \"td-slide-item td-item2\">\r\n                        <figure class=\"td-slide-galery-figure td-slide-popup-gallery\">\r\n                            <a class=\"slide-gallery-image-link\" href=\"https:\/\/www.eldiario.net\/portal\/wp-content\/uploads\/2026\/03\/F-2-El-Alto.webp\" title=\"F-2-El-Alto\"  data-caption=\"El presidente del pa\u00eds particip\u00f3 de la misa.\"  data-description=\"\">\r\n                                <img decoding=\"async\" src=\"https:\/\/www.eldiario.net\/portal\/wp-content\/uploads\/2026\/03\/F-2-El-Alto-617x420.webp\" srcset=\"https:\/\/www.eldiario.net\/portal\/wp-content\/uploads\/2026\/03\/F-2-El-Alto-617x420.webp 617w, https:\/\/www.eldiario.net\/portal\/wp-content\/uploads\/2026\/03\/F-2-El-Alto-300x204.webp 300w, https:\/\/www.eldiario.net\/portal\/wp-content\/uploads\/2026\/03\/F-2-El-Alto-1024x697.webp 1024w, https:\/\/www.eldiario.net\/portal\/wp-content\/uploads\/2026\/03\/F-2-El-Alto-768x523.webp 768w, https:\/\/www.eldiario.net\/portal\/wp-content\/uploads\/2026\/03\/F-2-El-Alto-150x102.webp 150w, https:\/\/www.eldiario.net\/portal\/wp-content\/uploads\/2026\/03\/F-2-El-Alto-696x474.webp 696w, https:\/\/www.eldiario.net\/portal\/wp-content\/uploads\/2026\/03\/F-2-El-Alto-1068x727.webp 1068w, https:\/\/www.eldiario.net\/portal\/wp-content\/uploads\/2026\/03\/F-2-El-Alto.webp 1152w\" sizes=\"(max-width: 617px) 100vw, 617px\" alt=\"\">\r\n                            <\/a>\r\n                            <figcaption class = \"td-slide-caption td-gallery-slide-content\"><div class = \"td-gallery-slide-copywrite\">El presidente del pa\u00eds particip\u00f3 de la misa.<\/div><\/figcaption>\r\n                        <\/figure>\r\n                    <\/div>\r\n                    <div class = \"td-slide-item td-item3\">\r\n                        <figure class=\"td-slide-galery-figure td-slide-popup-gallery\">\r\n                            <a class=\"slide-gallery-image-link\" href=\"https:\/\/www.eldiario.net\/portal\/wp-content\/uploads\/2026\/03\/F-3-El-Alto.webp\" title=\"F-3-El-Alto\"  data-caption=\"Alcald\u00eda entrega obras valuadas en Bs 218 millones.\"  data-description=\"\">\r\n                                <img decoding=\"async\" src=\"https:\/\/www.eldiario.net\/portal\/wp-content\/uploads\/2026\/03\/F-3-El-Alto-747x420.webp\" srcset=\"https:\/\/www.eldiario.net\/portal\/wp-content\/uploads\/2026\/03\/F-3-El-Alto-747x420.webp 747w, https:\/\/www.eldiario.net\/portal\/wp-content\/uploads\/2026\/03\/F-3-El-Alto-300x169.webp 300w, https:\/\/www.eldiario.net\/portal\/wp-content\/uploads\/2026\/03\/F-3-El-Alto-1024x576.webp 1024w, https:\/\/www.eldiario.net\/portal\/wp-content\/uploads\/2026\/03\/F-3-El-Alto-768x432.webp 768w, https:\/\/www.eldiario.net\/portal\/wp-content\/uploads\/2026\/03\/F-3-El-Alto-150x84.webp 150w, https:\/\/www.eldiario.net\/portal\/wp-content\/uploads\/2026\/03\/F-3-El-Alto-696x392.webp 696w, https:\/\/www.eldiario.net\/portal\/wp-content\/uploads\/2026\/03\/F-3-El-Alto-1068x601.webp 1068w, https:\/\/www.eldiario.net\/portal\/wp-content\/uploads\/2026\/03\/F-3-El-Alto.webp 1280w\" sizes=\"(max-width: 747px) 100vw, 747px\" alt=\"\">\r\n                            <\/a>\r\n                            <figcaption class = \"td-slide-caption td-gallery-slide-content\"><div class = \"td-gallery-slide-copywrite\">Alcald\u00eda entrega obras valuadas en Bs 218 millones.<\/div><\/figcaption>\r\n                        <\/figure>\r\n                    <\/div>\r\n                    <div class = \"td-slide-item td-item4\">\r\n                        <figure class=\"td-slide-galery-figure td-slide-popup-gallery\">\r\n                            <a class=\"slide-gallery-image-link\" href=\"https:\/\/www.eldiario.net\/portal\/wp-content\/uploads\/2026\/03\/F-4-El-Alto.webp\" title=\"F-4-El-Alto\"  data-caption=\"La COR organiz\u00f3 el desfile c\u00edvico-militar.\"  data-description=\"\">\r\n                                <img decoding=\"async\" src=\"https:\/\/www.eldiario.net\/portal\/wp-content\/uploads\/2026\/03\/F-4-El-Alto-560x420.webp\" srcset=\"https:\/\/www.eldiario.net\/portal\/wp-content\/uploads\/2026\/03\/F-4-El-Alto-560x420.webp 560w, https:\/\/www.eldiario.net\/portal\/wp-content\/uploads\/2026\/03\/F-4-El-Alto-300x225.webp 300w, https:\/\/www.eldiario.net\/portal\/wp-content\/uploads\/2026\/03\/F-4-El-Alto-1024x768.webp 1024w, https:\/\/www.eldiario.net\/portal\/wp-content\/uploads\/2026\/03\/F-4-El-Alto-768x576.webp 768w, https:\/\/www.eldiario.net\/portal\/wp-content\/uploads\/2026\/03\/F-4-El-Alto-80x60.webp 80w, https:\/\/www.eldiario.net\/portal\/wp-content\/uploads\/2026\/03\/F-4-El-Alto-150x113.webp 150w, https:\/\/www.eldiario.net\/portal\/wp-content\/uploads\/2026\/03\/F-4-El-Alto-696x522.webp 696w, https:\/\/www.eldiario.net\/portal\/wp-content\/uploads\/2026\/03\/F-4-El-Alto-1068x801.webp 1068w, https:\/\/www.eldiario.net\/portal\/wp-content\/uploads\/2026\/03\/F-4-El-Alto.webp 1280w\" sizes=\"(max-width: 560px) 100vw, 560px\" alt=\"\">\r\n                            <\/a>\r\n                            <figcaption class = \"td-slide-caption td-gallery-slide-content\"><div class = \"td-gallery-slide-copywrite\">La COR organiz\u00f3 el desfile c\u00edvico-militar.<\/div><\/figcaption>\r\n                        <\/figure>\r\n                    <\/div>\r\n                            <\/div>\r\n                        <\/div>\r\n\r\n                        <div class = \"td-doubleSlider-2\">\r\n                            <div class = \"td-slider\">\r\n                                \r\n                    <div class = \"td-button td-item1\">\r\n                        <div class = \"td-border\"><\/div>\r\n                    <\/div>\r\n                    <div class = \"td-button td-item2\">\r\n                        <div class = \"td-border\"><\/div>\r\n                    <\/div>\r\n                    <div class = \"td-button td-item3\">\r\n                        <div class = \"td-border\"><\/div>\r\n                    <\/div>\r\n                    <div class = \"td-button td-item4\">\r\n                        <div class = \"td-border\"><\/div>\r\n                    <\/div>\r\n                            <\/div>\r\n                        <\/div>\r\n\r\n                    <\/div>\r\n\r\n                <\/div>\r\n                \n","protected":false},"excerpt":{"rendered":"<p>La ciudad de El Alto conmemora 41 a\u00f1os de vida, jornada que ser\u00e1 diferente debido a que el municipio determin\u00f3 la suspensi\u00f3n de varias actividades festivas en respeto a las m\u00e1s de 20 v\u00edctimas fatales y decenas de heridos que dej\u00f3 el accidente a\u00e9reo protagonizado por el avi\u00f3n H\u00e9rcules, el pasado 27 de febrero. La [&hellip;]<\/p>\n","protected":false},"author":1,"featured_media":373761,"comment_status":"closed","ping_status":"open","sticky":false,"template":"","format":"standard","meta":{"_acf_changed":false,"footnotes":""},"categories":[12],"tags":[],"class_list":["post-373760","post","type-post","status-publish","format-standard","has-post-thumbnail","category-nacional"],"acf":{"antetitulo":""},"yoast_head":"<!-- This site is optimized with the Yoast SEO plugin v28.4 - https:\/\/yoast.com\/product\/yoast-seo-wordpress\/ -->\n<title>El Alto celebra 41 a\u00f1os de vida - El Diario - Bolivia<\/title>\n<meta name=\"robots\" content=\"index, follow, max-snippet:-1, max-image-preview:large, max-video-preview:-1\" \/>\n<link rel=\"canonical\" href=\"https:\/\/www.eldiario.net\/portal\/2026\/03\/06\/el-alto-celebra-41-anos-de-vida\/\" \/>\n<meta property=\"og:locale\" content=\"es_ES\" \/>\n<meta property=\"og:type\" content=\"article\" \/>\n<meta property=\"og:title\" content=\"El Alto celebra 41 a\u00f1os de vida - El Diario - Bolivia\" \/>\n<meta property=\"og:description\" content=\"La ciudad de El Alto conmemora 41 a\u00f1os de vida, jornada que ser\u00e1 diferente debido a que el municipio determin\u00f3 la suspensi\u00f3n de varias actividades festivas en respeto a las m\u00e1s de 20 v\u00edctimas fatales y decenas de heridos que dej\u00f3 el accidente a\u00e9reo protagonizado por el avi\u00f3n H\u00e9rcules, el pasado 27 de febrero. La [&hellip;]\" \/>\n<meta property=\"og:url\" content=\"https:\/\/www.eldiario.net\/portal\/2026\/03\/06\/el-alto-celebra-41-anos-de-vida\/\" \/>\n<meta property=\"og:site_name\" content=\"El Diario - Bolivia\" \/>\n<meta property=\"article:publisher\" content=\"https:\/\/www.facebook.com\/eldiario.bolivia\/\" \/>\n<meta property=\"article:published_time\" content=\"2026-03-06T10:20:03+00:00\" \/>\n<meta property=\"og:image\" content=\"https:\/\/www.eldiario.net\/portal\/wp-content\/uploads\/2026\/03\/F-1-El-Alto.webp\" \/>\n\t<meta property=\"og:image:width\" content=\"1200\" \/>\n\t<meta property=\"og:image:height\" content=\"801\" \/>\n\t<meta property=\"og:image:type\" content=\"image\/webp\" \/>\n<meta name=\"author\" content=\"Jeanette\" \/>\n<meta name=\"twitter:card\" content=\"summary_large_image\" \/>\n<meta name=\"twitter:creator\" content=\"@eldiario_net\" \/>\n<meta name=\"twitter:site\" content=\"@eldiario_net\" \/>\n<meta name=\"twitter:label1\" content=\"Escrito por\" \/>\n\t<meta name=\"twitter:data1\" content=\"Jeanette\" \/>\n\t<meta name=\"twitter:label2\" content=\"Tiempo de lectura\" \/>\n\t<meta name=\"twitter:data2\" content=\"6 minutos\" \/>\n<script type=\"application\/ld+json\" class=\"yoast-schema-graph\">{\"@context\":\"https:\\\/\\\/schema.org\",\"@graph\":[{\"@type\":\"Article\",\"@id\":\"https:\\\/\\\/www.eldiario.net\\\/portal\\\/2026\\\/03\\\/06\\\/el-alto-celebra-41-anos-de-vida\\\/#article\",\"isPartOf\":{\"@id\":\"https:\\\/\\\/www.eldiario.net\\\/portal\\\/2026\\\/03\\\/06\\\/el-alto-celebra-41-anos-de-vida\\\/\"},\"author\":{\"name\":\"Jeanette\",\"@id\":\"https:\\\/\\\/www.eldiario.net\\\/portal\\\/#\\\/schema\\\/person\\\/2c57cf2b7a7ae032e449e4c9b1019eac\"},\"headline\":\"El Alto celebra 41 a\u00f1os de vida\",\"datePublished\":\"2026-03-06T10:20:03+00:00\",\"mainEntityOfPage\":{\"@id\":\"https:\\\/\\\/www.eldiario.net\\\/portal\\\/2026\\\/03\\\/06\\\/el-alto-celebra-41-anos-de-vida\\\/\"},\"wordCount\":1255,\"publisher\":{\"@id\":\"https:\\\/\\\/www.eldiario.net\\\/portal\\\/#organization\"},\"image\":{\"@id\":\"https:\\\/\\\/www.eldiario.net\\\/portal\\\/2026\\\/03\\\/06\\\/el-alto-celebra-41-anos-de-vida\\\/#primaryimage\"},\"thumbnailUrl\":\"https:\\\/\\\/www.eldiario.net\\\/portal\\\/wp-content\\\/uploads\\\/2026\\\/03\\\/F-1-El-Alto.webp\",\"articleSection\":[\"Nacional\"],\"inLanguage\":\"es\"},{\"@type\":\"WebPage\",\"@id\":\"https:\\\/\\\/www.eldiario.net\\\/portal\\\/2026\\\/03\\\/06\\\/el-alto-celebra-41-anos-de-vida\\\/\",\"url\":\"https:\\\/\\\/www.eldiario.net\\\/portal\\\/2026\\\/03\\\/06\\\/el-alto-celebra-41-anos-de-vida\\\/\",\"name\":\"El Alto celebra 41 a\u00f1os de vida - El Diario - Bolivia\",\"isPartOf\":{\"@id\":\"https:\\\/\\\/www.eldiario.net\\\/portal\\\/#website\"},\"primaryImageOfPage\":{\"@id\":\"https:\\\/\\\/www.eldiario.net\\\/portal\\\/2026\\\/03\\\/06\\\/el-alto-celebra-41-anos-de-vida\\\/#primaryimage\"},\"image\":{\"@id\":\"https:\\\/\\\/www.eldiario.net\\\/portal\\\/2026\\\/03\\\/06\\\/el-alto-celebra-41-anos-de-vida\\\/#primaryimage\"},\"thumbnailUrl\":\"https:\\\/\\\/www.eldiario.net\\\/portal\\\/wp-content\\\/uploads\\\/2026\\\/03\\\/F-1-El-Alto.webp\",\"datePublished\":\"2026-03-06T10:20:03+00:00\",\"breadcrumb\":{\"@id\":\"https:\\\/\\\/www.eldiario.net\\\/portal\\\/2026\\\/03\\\/06\\\/el-alto-celebra-41-anos-de-vida\\\/#breadcrumb\"},\"inLanguage\":\"es\",\"potentialAction\":[{\"@type\":\"ReadAction\",\"target\":[\"https:\\\/\\\/www.eldiario.net\\\/portal\\\/2026\\\/03\\\/06\\\/el-alto-celebra-41-anos-de-vida\\\/\"]}]},{\"@type\":\"ImageObject\",\"inLanguage\":\"es\",\"@id\":\"https:\\\/\\\/www.eldiario.net\\\/portal\\\/2026\\\/03\\\/06\\\/el-alto-celebra-41-anos-de-vida\\\/#primaryimage\",\"url\":\"https:\\\/\\\/www.eldiario.net\\\/portal\\\/wp-content\\\/uploads\\\/2026\\\/03\\\/F-1-El-Alto.webp\",\"contentUrl\":\"https:\\\/\\\/www.eldiario.net\\\/portal\\\/wp-content\\\/uploads\\\/2026\\\/03\\\/F-1-El-Alto.webp\",\"width\":1200,\"height\":801,\"caption\":\"El Alto celebra su 41 aniversario, una ciudad conocida por su gente luchadora.\"},{\"@type\":\"BreadcrumbList\",\"@id\":\"https:\\\/\\\/www.eldiario.net\\\/portal\\\/2026\\\/03\\\/06\\\/el-alto-celebra-41-anos-de-vida\\\/#breadcrumb\",\"itemListElement\":[{\"@type\":\"ListItem\",\"position\":1,\"name\":\"Portada\",\"item\":\"https:\\\/\\\/www.eldiario.net\\\/portal\\\/\"},{\"@type\":\"ListItem\",\"position\":2,\"name\":\"El Alto celebra 41 a\u00f1os de vida\"}]},{\"@type\":\"WebSite\",\"@id\":\"https:\\\/\\\/www.eldiario.net\\\/portal\\\/#website\",\"url\":\"https:\\\/\\\/www.eldiario.net\\\/portal\\\/\",\"name\":\"El Diario - Decano de la prensa nacional\",\"description\":\"El Diario - Decano de la prensa nacional\",\"publisher\":{\"@id\":\"https:\\\/\\\/www.eldiario.net\\\/portal\\\/#organization\"},\"potentialAction\":[{\"@type\":\"SearchAction\",\"target\":{\"@type\":\"EntryPoint\",\"urlTemplate\":\"https:\\\/\\\/www.eldiario.net\\\/portal\\\/?s={search_term_string}\"},\"query-input\":{\"@type\":\"PropertyValueSpecification\",\"valueRequired\":true,\"valueName\":\"search_term_string\"}}],\"inLanguage\":\"es\"},{\"@type\":\"Organization\",\"@id\":\"https:\\\/\\\/www.eldiario.net\\\/portal\\\/#organization\",\"name\":\"El Diario - Decano de la prensa nacional\",\"url\":\"https:\\\/\\\/www.eldiario.net\\\/portal\\\/\",\"logo\":{\"@type\":\"ImageObject\",\"inLanguage\":\"es\",\"@id\":\"https:\\\/\\\/www.eldiario.net\\\/portal\\\/#\\\/schema\\\/logo\\\/image\\\/\",\"url\":\"https:\\\/\\\/www.eldiario.net\\\/portal\\\/wp-content\\\/uploads\\\/2023\\\/07\\\/logo_ED.jpg\",\"contentUrl\":\"https:\\\/\\\/www.eldiario.net\\\/portal\\\/wp-content\\\/uploads\\\/2023\\\/07\\\/logo_ED.jpg\",\"width\":272,\"height\":52,\"caption\":\"El Diario - Decano de la prensa nacional\"},\"image\":{\"@id\":\"https:\\\/\\\/www.eldiario.net\\\/portal\\\/#\\\/schema\\\/logo\\\/image\\\/\"},\"sameAs\":[\"https:\\\/\\\/www.facebook.com\\\/eldiario.bolivia\\\/\",\"https:\\\/\\\/x.com\\\/eldiario_net\"]},{\"@type\":\"Person\",\"@id\":\"https:\\\/\\\/www.eldiario.net\\\/portal\\\/#\\\/schema\\\/person\\\/2c57cf2b7a7ae032e449e4c9b1019eac\",\"name\":\"Jeanette\",\"image\":{\"@type\":\"ImageObject\",\"inLanguage\":\"es\",\"@id\":\"https:\\\/\\\/secure.gravatar.com\\\/avatar\\\/3ea2118a5f7dad2b7138b1187a6b7ee55f160b9968b66013c3a3ef39dd7e5798?s=96&d=mm&r=g\",\"url\":\"https:\\\/\\\/secure.gravatar.com\\\/avatar\\\/3ea2118a5f7dad2b7138b1187a6b7ee55f160b9968b66013c3a3ef39dd7e5798?s=96&d=mm&r=g\",\"contentUrl\":\"https:\\\/\\\/secure.gravatar.com\\\/avatar\\\/3ea2118a5f7dad2b7138b1187a6b7ee55f160b9968b66013c3a3ef39dd7e5798?s=96&d=mm&r=g\",\"caption\":\"Jeanette\"},\"sameAs\":[\"https:\\\/\\\/www.eldiario.net\\\/portal\"],\"url\":\"https:\\\/\\\/www.eldiario.net\\\/portal\\\/author\\\/jeanette\\\/\"}]}<\/script>\n<!-- \/ Yoast SEO plugin. -->","yoast_head_json":{"title":"El Alto celebra 41 a\u00f1os de vida - El Diario - Bolivia","robots":{"index":"index","follow":"follow","max-snippet":"max-snippet:-1","max-image-preview":"max-image-preview:large","max-video-preview":"max-video-preview:-1"},"canonical":"https:\/\/www.eldiario.net\/portal\/2026\/03\/06\/el-alto-celebra-41-anos-de-vida\/","og_locale":"es_ES","og_type":"article","og_title":"El Alto celebra 41 a\u00f1os de vida - El Diario - Bolivia","og_description":"La ciudad de El Alto conmemora 41 a\u00f1os de vida, jornada que ser\u00e1 diferente debido a que el municipio determin\u00f3 la suspensi\u00f3n de varias actividades festivas en respeto a las m\u00e1s de 20 v\u00edctimas fatales y decenas de heridos que dej\u00f3 el accidente a\u00e9reo protagonizado por el avi\u00f3n H\u00e9rcules, el pasado 27 de febrero. La [&hellip;]","og_url":"https:\/\/www.eldiario.net\/portal\/2026\/03\/06\/el-alto-celebra-41-anos-de-vida\/","og_site_name":"El Diario - Bolivia","article_publisher":"https:\/\/www.facebook.com\/eldiario.bolivia\/","article_published_time":"2026-03-06T10:20:03+00:00","og_image":[{"width":1200,"height":801,"url":"https:\/\/www.eldiario.net\/portal\/wp-content\/uploads\/2026\/03\/F-1-El-Alto.webp","type":"image\/webp"}],"author":"Jeanette","twitter_card":"summary_large_image","twitter_creator":"@eldiario_net","twitter_site":"@eldiario_net","twitter_misc":{"Escrito por":"Jeanette","Tiempo de lectura":"6 minutos"},"schema":{"@context":"https:\/\/schema.org","@graph":[{"@type":"Article","@id":"https:\/\/www.eldiario.net\/portal\/2026\/03\/06\/el-alto-celebra-41-anos-de-vida\/#article","isPartOf":{"@id":"https:\/\/www.eldiario.net\/portal\/2026\/03\/06\/el-alto-celebra-41-anos-de-vida\/"},"author":{"name":"Jeanette","@id":"https:\/\/www.eldiario.net\/portal\/#\/schema\/person\/2c57cf2b7a7ae032e449e4c9b1019eac"},"headline":"El Alto celebra 41 a\u00f1os de vida","datePublished":"2026-03-06T10:20:03+00:00","mainEntityOfPage":{"@id":"https:\/\/www.eldiario.net\/portal\/2026\/03\/06\/el-alto-celebra-41-anos-de-vida\/"},"wordCount":1255,"publisher":{"@id":"https:\/\/www.eldiario.net\/portal\/#organization"},"image":{"@id":"https:\/\/www.eldiario.net\/portal\/2026\/03\/06\/el-alto-celebra-41-anos-de-vida\/#primaryimage"},"thumbnailUrl":"https:\/\/www.eldiario.net\/portal\/wp-content\/uploads\/2026\/03\/F-1-El-Alto.webp","articleSection":["Nacional"],"inLanguage":"es"},{"@type":"WebPage","@id":"https:\/\/www.eldiario.net\/portal\/2026\/03\/06\/el-alto-celebra-41-anos-de-vida\/","url":"https:\/\/www.eldiario.net\/portal\/2026\/03\/06\/el-alto-celebra-41-anos-de-vida\/","name":"El Alto celebra 41 a\u00f1os de vida - El Diario - Bolivia","isPartOf":{"@id":"https:\/\/www.eldiario.net\/portal\/#website"},"primaryImageOfPage":{"@id":"https:\/\/www.eldiario.net\/portal\/2026\/03\/06\/el-alto-celebra-41-anos-de-vida\/#primaryimage"},"image":{"@id":"https:\/\/www.eldiario.net\/portal\/2026\/03\/06\/el-alto-celebra-41-anos-de-vida\/#primaryimage"},"thumbnailUrl":"https:\/\/www.eldiario.net\/portal\/wp-content\/uploads\/2026\/03\/F-1-El-Alto.webp","datePublished":"2026-03-06T10:20:03+00:00","breadcrumb":{"@id":"https:\/\/www.eldiario.net\/portal\/2026\/03\/06\/el-alto-celebra-41-anos-de-vida\/#breadcrumb"},"inLanguage":"es","potentialAction":[{"@type":"ReadAction","target":["https:\/\/www.eldiario.net\/portal\/2026\/03\/06\/el-alto-celebra-41-anos-de-vida\/"]}]},{"@type":"ImageObject","inLanguage":"es","@id":"https:\/\/www.eldiario.net\/portal\/2026\/03\/06\/el-alto-celebra-41-anos-de-vida\/#primaryimage","url":"https:\/\/www.eldiario.net\/portal\/wp-content\/uploads\/2026\/03\/F-1-El-Alto.webp","contentUrl":"https:\/\/www.eldiario.net\/portal\/wp-content\/uploads\/2026\/03\/F-1-El-Alto.webp","width":1200,"height":801,"caption":"El Alto celebra su 41 aniversario, una ciudad conocida por su gente luchadora."},{"@type":"BreadcrumbList","@id":"https:\/\/www.eldiario.net\/portal\/2026\/03\/06\/el-alto-celebra-41-anos-de-vida\/#breadcrumb","itemListElement":[{"@type":"ListItem","position":1,"name":"Portada","item":"https:\/\/www.eldiario.net\/portal\/"},{"@type":"ListItem","position":2,"name":"El Alto celebra 41 a\u00f1os de vida"}]},{"@type":"WebSite","@id":"https:\/\/www.eldiario.net\/portal\/#website","url":"https:\/\/www.eldiario.net\/portal\/","name":"El Diario - Decano de la prensa nacional","description":"El Diario - Decano de la prensa nacional","publisher":{"@id":"https:\/\/www.eldiario.net\/portal\/#organization"},"potentialAction":[{"@type":"SearchAction","target":{"@type":"EntryPoint","urlTemplate":"https:\/\/www.eldiario.net\/portal\/?s={search_term_string}"},"query-input":{"@type":"PropertyValueSpecification","valueRequired":true,"valueName":"search_term_string"}}],"inLanguage":"es"},{"@type":"Organization","@id":"https:\/\/www.eldiario.net\/portal\/#organization","name":"El Diario - Decano de la prensa nacional","url":"https:\/\/www.eldiario.net\/portal\/","logo":{"@type":"ImageObject","inLanguage":"es","@id":"https:\/\/www.eldiario.net\/portal\/#\/schema\/logo\/image\/","url":"https:\/\/www.eldiario.net\/portal\/wp-content\/uploads\/2023\/07\/logo_ED.jpg","contentUrl":"https:\/\/www.eldiario.net\/portal\/wp-content\/uploads\/2023\/07\/logo_ED.jpg","width":272,"height":52,"caption":"El Diario - Decano de la prensa nacional"},"image":{"@id":"https:\/\/www.eldiario.net\/portal\/#\/schema\/logo\/image\/"},"sameAs":["https:\/\/www.facebook.com\/eldiario.bolivia\/","https:\/\/x.com\/eldiario_net"]},{"@type":"Person","@id":"https:\/\/www.eldiario.net\/portal\/#\/schema\/person\/2c57cf2b7a7ae032e449e4c9b1019eac","name":"Jeanette","image":{"@type":"ImageObject","inLanguage":"es","@id":"https:\/\/secure.gravatar.com\/avatar\/3ea2118a5f7dad2b7138b1187a6b7ee55f160b9968b66013c3a3ef39dd7e5798?s=96&d=mm&r=g","url":"https:\/\/secure.gravatar.com\/avatar\/3ea2118a5f7dad2b7138b1187a6b7ee55f160b9968b66013c3a3ef39dd7e5798?s=96&d=mm&r=g","contentUrl":"https:\/\/secure.gravatar.com\/avatar\/3ea2118a5f7dad2b7138b1187a6b7ee55f160b9968b66013c3a3ef39dd7e5798?s=96&d=mm&r=g","caption":"Jeanette"},"sameAs":["https:\/\/www.eldiario.net\/portal"],"url":"https:\/\/www.eldiario.net\/portal\/author\/jeanette\/"}]}},"_links":{"self":[{"href":"https:\/\/www.eldiario.net\/portal\/wp-json\/wp\/v2\/posts\/373760","targetHints":{"allow":["GET"]}}],"collection":[{"href":"https:\/\/www.eldiario.net\/portal\/wp-json\/wp\/v2\/posts"}],"about":[{"href":"https:\/\/www.eldiario.net\/portal\/wp-json\/wp\/v2\/types\/post"}],"author":[{"embeddable":true,"href":"https:\/\/www.eldiario.net\/portal\/wp-json\/wp\/v2\/users\/1"}],"replies":[{"embeddable":true,"href":"https:\/\/www.eldiario.net\/portal\/wp-json\/wp\/v2\/comments?post=373760"}],"version-history":[{"count":1,"href":"https:\/\/www.eldiario.net\/portal\/wp-json\/wp\/v2\/posts\/373760\/revisions"}],"predecessor-version":[{"id":373765,"href":"https:\/\/www.eldiario.net\/portal\/wp-json\/wp\/v2\/posts\/373760\/revisions\/373765"}],"wp:featuredmedia":[{"embeddable":true,"href":"https:\/\/www.eldiario.net\/portal\/wp-json\/wp\/v2\/media\/373761"}],"wp:attachment":[{"href":"https:\/\/www.eldiario.net\/portal\/wp-json\/wp\/v2\/media?parent=373760"}],"wp:term":[{"taxonomy":"category","embeddable":true,"href":"https:\/\/www.eldiario.net\/portal\/wp-json\/wp\/v2\/categories?post=373760"},{"taxonomy":"post_tag","embeddable":true,"href":"https:\/\/www.eldiario.net\/portal\/wp-json\/wp\/v2\/tags?post=373760"}],"curies":[{"name":"wp","href":"https:\/\/api.w.org\/{rel}","templated":true}]}}