{"id":373390,"date":"2026-03-05T06:57:55","date_gmt":"2026-03-05T10:57:55","guid":{"rendered":"https:\/\/www.eldiario.net\/portal\/?p=373390"},"modified":"2026-03-05T06:57:55","modified_gmt":"2026-03-05T10:57:55","slug":"plantean-que-comision-parlamentaria-investigue-accidente-aereo-en-el-alto","status":"publish","type":"post","link":"https:\/\/www.eldiario.net\/portal\/2026\/03\/05\/plantean-que-comision-parlamentaria-investigue-accidente-aereo-en-el-alto\/","title":{"rendered":"Plantean que comisi\u00f3n parlamentaria  investigue accidente a\u00e9reo en El Alto"},"content":{"rendered":"<p>El diputado por la alianza Libre, Jos\u00e9 Maldonado, anunci\u00f3 que, durante la pr\u00f3xima sesi\u00f3n ordinaria de la C\u00e1mara de Diputados, se debatir\u00e1 la conformaci\u00f3n de una Comisi\u00f3n Especial que pueda investigar los pormenores del accidente a\u00e9reo acontecido en la ciudad de El Alto.<\/p>\n<p>En declaraciones a la prensa, Maldonado afirm\u00f3 que existe predisposici\u00f3n para conformar este grupo parlamentario, con la finalidad de tener certezas respecto a todo lo ocurrido en el tr\u00e1gico accidente a\u00e9reo del pasado viernes.<\/p>\n<p>\u201cYo creo que en la pr\u00f3xima plenaria se va a poner en consideraci\u00f3n o alguien va a pedir que se conforme la comisi\u00f3n y seguramente la vamos a conformar, eso no va a ser ning\u00fan problema\u201d, asegur\u00f3 la autoridad.<\/p>\n<p>Por otra parte, afirm\u00f3 que se tiene que investigar \u201cde d\u00f3nde procede el dinero o para qu\u00e9 era, qu\u00e9 clases de series ten\u00eda, c\u00f3mo van a hacer para solucionar el problema con las personas que tienen billetes de 10 o billetes de 20 bolivianos, billetes de 50 bolivianos con la serie B. Lo que no hay que hacer es politizarlo, porque si lo politizamos, ninguna comisi\u00f3n avanza\u201d.<\/p>\n<p>Esta semana, luego de realizar inspecciones en el lugar del accidente a\u00e9reo, asamble\u00edstas anunciaron un estricto trabajo de fiscalizaci\u00f3n y seguimiento al desarrollo de todas las investigaciones relacionadas con este caso, tanto en el tema de las personas afectadas por el siniestro, como en los detalles respecto al cargamento transportado.<\/p>\n<p>El diputado Rolando Pacheco Ch\u00e1vez, de Alianza Popular, adelant\u00f3 que su trabajo se enfocar\u00e1 en conocer la totalidad de los antecedentes y circunstancias que provocaron una de las peores tragedias a\u00e9reas en la historia del pa\u00eds.<\/p>\n<p>Por su parte, la diputada oficialista Catherine Pinto, en su calidad de presidenta de la Comisi\u00f3n de Gobierno, Defensa y Fuerzas Armadas, de la C\u00e1mara Baja, acompa\u00f1\u00f3 al viceministro de R\u00e9gimen Interior y Polic\u00eda, Hern\u00e1n Paredes, con el fin de fiscalizar un despliegue de control, para la preservaci\u00f3n del lugar y las pruebas del accidente a\u00e9reo registrado el pasado d\u00eda viernes.<\/p>\n","protected":false},"excerpt":{"rendered":"<p>El diputado por la alianza Libre, Jos\u00e9 Maldonado, anunci\u00f3 que, durante la pr\u00f3xima sesi\u00f3n ordinaria de la C\u00e1mara de Diputados, se debatir\u00e1 la conformaci\u00f3n de una Comisi\u00f3n Especial que pueda investigar los pormenores del accidente a\u00e9reo acontecido en la ciudad de El Alto. En declaraciones a la prensa, Maldonado afirm\u00f3 que existe predisposici\u00f3n para conformar [&hellip;]<\/p>\n","protected":false},"author":1,"featured_media":373391,"comment_status":"closed","ping_status":"open","sticky":false,"template":"","format":"standard","meta":{"_acf_changed":false,"footnotes":""},"categories":[14],"tags":[],"class_list":["post-373390","post","type-post","status-publish","format-standard","has-post-thumbnail","category-politica"],"acf":{"antetitulo":"Se analizar\u00e1 en pr\u00f3xima plenaria "},"yoast_head":"<!-- This site is optimized with the Yoast SEO plugin v28.4 - https:\/\/yoast.com\/product\/yoast-seo-wordpress\/ -->\n<title>Plantean que comisi\u00f3n parlamentaria investigue accidente a\u00e9reo en El Alto - El Diario - Bolivia<\/title>\n<meta name=\"robots\" content=\"index, follow, max-snippet:-1, max-image-preview:large, max-video-preview:-1\" \/>\n<link rel=\"canonical\" href=\"https:\/\/www.eldiario.net\/portal\/2026\/03\/05\/plantean-que-comision-parlamentaria-investigue-accidente-aereo-en-el-alto\/\" \/>\n<meta property=\"og:locale\" content=\"es_ES\" \/>\n<meta property=\"og:type\" content=\"article\" \/>\n<meta property=\"og:title\" content=\"Plantean que comisi\u00f3n parlamentaria investigue accidente a\u00e9reo en El Alto - El Diario - Bolivia\" \/>\n<meta property=\"og:description\" content=\"El diputado por la alianza Libre, Jos\u00e9 Maldonado, anunci\u00f3 que, durante la pr\u00f3xima sesi\u00f3n ordinaria de la C\u00e1mara de Diputados, se debatir\u00e1 la conformaci\u00f3n de una Comisi\u00f3n Especial que pueda investigar los pormenores del accidente a\u00e9reo acontecido en la ciudad de El Alto. En declaraciones a la prensa, Maldonado afirm\u00f3 que existe predisposici\u00f3n para conformar [&hellip;]\" \/>\n<meta property=\"og:url\" content=\"https:\/\/www.eldiario.net\/portal\/2026\/03\/05\/plantean-que-comision-parlamentaria-investigue-accidente-aereo-en-el-alto\/\" \/>\n<meta property=\"og:site_name\" content=\"El Diario - Bolivia\" \/>\n<meta property=\"article:publisher\" content=\"https:\/\/www.facebook.com\/eldiario.bolivia\/\" \/>\n<meta property=\"article:published_time\" content=\"2026-03-05T10:57:55+00:00\" \/>\n<meta property=\"og:image\" content=\"https:\/\/www.eldiario.net\/portal\/wp-content\/uploads\/2026\/03\/COMISION-FOTO.webp\" \/>\n\t<meta property=\"og:image:width\" content=\"1280\" \/>\n\t<meta property=\"og:image:height\" content=\"853\" \/>\n\t<meta property=\"og:image:type\" content=\"image\/webp\" \/>\n<meta name=\"author\" content=\"Jeanette\" \/>\n<meta name=\"twitter:card\" content=\"summary_large_image\" \/>\n<meta name=\"twitter:creator\" content=\"@eldiario_net\" \/>\n<meta name=\"twitter:site\" content=\"@eldiario_net\" \/>\n<meta name=\"twitter:label1\" content=\"Escrito por\" \/>\n\t<meta name=\"twitter:data1\" content=\"Jeanette\" \/>\n\t<meta name=\"twitter:label2\" content=\"Tiempo de lectura\" \/>\n\t<meta name=\"twitter:data2\" content=\"2 minutos\" \/>\n<script type=\"application\/ld+json\" class=\"yoast-schema-graph\">{\"@context\":\"https:\\\/\\\/schema.org\",\"@graph\":[{\"@type\":\"Article\",\"@id\":\"https:\\\/\\\/www.eldiario.net\\\/portal\\\/2026\\\/03\\\/05\\\/plantean-que-comision-parlamentaria-investigue-accidente-aereo-en-el-alto\\\/#article\",\"isPartOf\":{\"@id\":\"https:\\\/\\\/www.eldiario.net\\\/portal\\\/2026\\\/03\\\/05\\\/plantean-que-comision-parlamentaria-investigue-accidente-aereo-en-el-alto\\\/\"},\"author\":{\"name\":\"Jeanette\",\"@id\":\"https:\\\/\\\/www.eldiario.net\\\/portal\\\/#\\\/schema\\\/person\\\/2c57cf2b7a7ae032e449e4c9b1019eac\"},\"headline\":\"Plantean que comisi\u00f3n parlamentaria investigue accidente a\u00e9reo en El Alto\",\"datePublished\":\"2026-03-05T10:57:55+00:00\",\"mainEntityOfPage\":{\"@id\":\"https:\\\/\\\/www.eldiario.net\\\/portal\\\/2026\\\/03\\\/05\\\/plantean-que-comision-parlamentaria-investigue-accidente-aereo-en-el-alto\\\/\"},\"wordCount\":370,\"publisher\":{\"@id\":\"https:\\\/\\\/www.eldiario.net\\\/portal\\\/#organization\"},\"image\":{\"@id\":\"https:\\\/\\\/www.eldiario.net\\\/portal\\\/2026\\\/03\\\/05\\\/plantean-que-comision-parlamentaria-investigue-accidente-aereo-en-el-alto\\\/#primaryimage\"},\"thumbnailUrl\":\"https:\\\/\\\/www.eldiario.net\\\/portal\\\/wp-content\\\/uploads\\\/2026\\\/03\\\/COMISION-FOTO.webp\",\"articleSection\":[\"Pol\u00edtica\"],\"inLanguage\":\"es\"},{\"@type\":\"WebPage\",\"@id\":\"https:\\\/\\\/www.eldiario.net\\\/portal\\\/2026\\\/03\\\/05\\\/plantean-que-comision-parlamentaria-investigue-accidente-aereo-en-el-alto\\\/\",\"url\":\"https:\\\/\\\/www.eldiario.net\\\/portal\\\/2026\\\/03\\\/05\\\/plantean-que-comision-parlamentaria-investigue-accidente-aereo-en-el-alto\\\/\",\"name\":\"Plantean que comisi\u00f3n parlamentaria investigue accidente a\u00e9reo en El Alto - El Diario - Bolivia\",\"isPartOf\":{\"@id\":\"https:\\\/\\\/www.eldiario.net\\\/portal\\\/#website\"},\"primaryImageOfPage\":{\"@id\":\"https:\\\/\\\/www.eldiario.net\\\/portal\\\/2026\\\/03\\\/05\\\/plantean-que-comision-parlamentaria-investigue-accidente-aereo-en-el-alto\\\/#primaryimage\"},\"image\":{\"@id\":\"https:\\\/\\\/www.eldiario.net\\\/portal\\\/2026\\\/03\\\/05\\\/plantean-que-comision-parlamentaria-investigue-accidente-aereo-en-el-alto\\\/#primaryimage\"},\"thumbnailUrl\":\"https:\\\/\\\/www.eldiario.net\\\/portal\\\/wp-content\\\/uploads\\\/2026\\\/03\\\/COMISION-FOTO.webp\",\"datePublished\":\"2026-03-05T10:57:55+00:00\",\"breadcrumb\":{\"@id\":\"https:\\\/\\\/www.eldiario.net\\\/portal\\\/2026\\\/03\\\/05\\\/plantean-que-comision-parlamentaria-investigue-accidente-aereo-en-el-alto\\\/#breadcrumb\"},\"inLanguage\":\"es\",\"potentialAction\":[{\"@type\":\"ReadAction\",\"target\":[\"https:\\\/\\\/www.eldiario.net\\\/portal\\\/2026\\\/03\\\/05\\\/plantean-que-comision-parlamentaria-investigue-accidente-aereo-en-el-alto\\\/\"]}]},{\"@type\":\"ImageObject\",\"inLanguage\":\"es\",\"@id\":\"https:\\\/\\\/www.eldiario.net\\\/portal\\\/2026\\\/03\\\/05\\\/plantean-que-comision-parlamentaria-investigue-accidente-aereo-en-el-alto\\\/#primaryimage\",\"url\":\"https:\\\/\\\/www.eldiario.net\\\/portal\\\/wp-content\\\/uploads\\\/2026\\\/03\\\/COMISION-FOTO.webp\",\"contentUrl\":\"https:\\\/\\\/www.eldiario.net\\\/portal\\\/wp-content\\\/uploads\\\/2026\\\/03\\\/COMISION-FOTO.webp\",\"width\":1280,\"height\":853,\"caption\":\"Diputado Jos\u00e9 Maldonado (Libre) CREDITOS \\\/ RRSS\"},{\"@type\":\"BreadcrumbList\",\"@id\":\"https:\\\/\\\/www.eldiario.net\\\/portal\\\/2026\\\/03\\\/05\\\/plantean-que-comision-parlamentaria-investigue-accidente-aereo-en-el-alto\\\/#breadcrumb\",\"itemListElement\":[{\"@type\":\"ListItem\",\"position\":1,\"name\":\"Portada\",\"item\":\"https:\\\/\\\/www.eldiario.net\\\/portal\\\/\"},{\"@type\":\"ListItem\",\"position\":2,\"name\":\"Plantean que comisi\u00f3n parlamentaria investigue accidente a\u00e9reo en El Alto\"}]},{\"@type\":\"WebSite\",\"@id\":\"https:\\\/\\\/www.eldiario.net\\\/portal\\\/#website\",\"url\":\"https:\\\/\\\/www.eldiario.net\\\/portal\\\/\",\"name\":\"El Diario - Decano de la prensa nacional\",\"description\":\"El Diario - Decano de la prensa nacional\",\"publisher\":{\"@id\":\"https:\\\/\\\/www.eldiario.net\\\/portal\\\/#organization\"},\"potentialAction\":[{\"@type\":\"SearchAction\",\"target\":{\"@type\":\"EntryPoint\",\"urlTemplate\":\"https:\\\/\\\/www.eldiario.net\\\/portal\\\/?s={search_term_string}\"},\"query-input\":{\"@type\":\"PropertyValueSpecification\",\"valueRequired\":true,\"valueName\":\"search_term_string\"}}],\"inLanguage\":\"es\"},{\"@type\":\"Organization\",\"@id\":\"https:\\\/\\\/www.eldiario.net\\\/portal\\\/#organization\",\"name\":\"El Diario - Decano de la prensa nacional\",\"url\":\"https:\\\/\\\/www.eldiario.net\\\/portal\\\/\",\"logo\":{\"@type\":\"ImageObject\",\"inLanguage\":\"es\",\"@id\":\"https:\\\/\\\/www.eldiario.net\\\/portal\\\/#\\\/schema\\\/logo\\\/image\\\/\",\"url\":\"https:\\\/\\\/www.eldiario.net\\\/portal\\\/wp-content\\\/uploads\\\/2023\\\/07\\\/logo_ED.jpg\",\"contentUrl\":\"https:\\\/\\\/www.eldiario.net\\\/portal\\\/wp-content\\\/uploads\\\/2023\\\/07\\\/logo_ED.jpg\",\"width\":272,\"height\":52,\"caption\":\"El Diario - Decano de la prensa nacional\"},\"image\":{\"@id\":\"https:\\\/\\\/www.eldiario.net\\\/portal\\\/#\\\/schema\\\/logo\\\/image\\\/\"},\"sameAs\":[\"https:\\\/\\\/www.facebook.com\\\/eldiario.bolivia\\\/\",\"https:\\\/\\\/x.com\\\/eldiario_net\"]},{\"@type\":\"Person\",\"@id\":\"https:\\\/\\\/www.eldiario.net\\\/portal\\\/#\\\/schema\\\/person\\\/2c57cf2b7a7ae032e449e4c9b1019eac\",\"name\":\"Jeanette\",\"image\":{\"@type\":\"ImageObject\",\"inLanguage\":\"es\",\"@id\":\"https:\\\/\\\/secure.gravatar.com\\\/avatar\\\/3ea2118a5f7dad2b7138b1187a6b7ee55f160b9968b66013c3a3ef39dd7e5798?s=96&d=mm&r=g\",\"url\":\"https:\\\/\\\/secure.gravatar.com\\\/avatar\\\/3ea2118a5f7dad2b7138b1187a6b7ee55f160b9968b66013c3a3ef39dd7e5798?s=96&d=mm&r=g\",\"contentUrl\":\"https:\\\/\\\/secure.gravatar.com\\\/avatar\\\/3ea2118a5f7dad2b7138b1187a6b7ee55f160b9968b66013c3a3ef39dd7e5798?s=96&d=mm&r=g\",\"caption\":\"Jeanette\"},\"sameAs\":[\"https:\\\/\\\/www.eldiario.net\\\/portal\"],\"url\":\"https:\\\/\\\/www.eldiario.net\\\/portal\\\/author\\\/jeanette\\\/\"}]}<\/script>\n<!-- \/ Yoast SEO plugin. -->","yoast_head_json":{"title":"Plantean que comisi\u00f3n parlamentaria investigue accidente a\u00e9reo en El Alto - El Diario - Bolivia","robots":{"index":"index","follow":"follow","max-snippet":"max-snippet:-1","max-image-preview":"max-image-preview:large","max-video-preview":"max-video-preview:-1"},"canonical":"https:\/\/www.eldiario.net\/portal\/2026\/03\/05\/plantean-que-comision-parlamentaria-investigue-accidente-aereo-en-el-alto\/","og_locale":"es_ES","og_type":"article","og_title":"Plantean que comisi\u00f3n parlamentaria investigue accidente a\u00e9reo en El Alto - El Diario - Bolivia","og_description":"El diputado por la alianza Libre, Jos\u00e9 Maldonado, anunci\u00f3 que, durante la pr\u00f3xima sesi\u00f3n ordinaria de la C\u00e1mara de Diputados, se debatir\u00e1 la conformaci\u00f3n de una Comisi\u00f3n Especial que pueda investigar los pormenores del accidente a\u00e9reo acontecido en la ciudad de El Alto. En declaraciones a la prensa, Maldonado afirm\u00f3 que existe predisposici\u00f3n para conformar [&hellip;]","og_url":"https:\/\/www.eldiario.net\/portal\/2026\/03\/05\/plantean-que-comision-parlamentaria-investigue-accidente-aereo-en-el-alto\/","og_site_name":"El Diario - Bolivia","article_publisher":"https:\/\/www.facebook.com\/eldiario.bolivia\/","article_published_time":"2026-03-05T10:57:55+00:00","og_image":[{"width":1280,"height":853,"url":"https:\/\/www.eldiario.net\/portal\/wp-content\/uploads\/2026\/03\/COMISION-FOTO.webp","type":"image\/webp"}],"author":"Jeanette","twitter_card":"summary_large_image","twitter_creator":"@eldiario_net","twitter_site":"@eldiario_net","twitter_misc":{"Escrito por":"Jeanette","Tiempo de lectura":"2 minutos"},"schema":{"@context":"https:\/\/schema.org","@graph":[{"@type":"Article","@id":"https:\/\/www.eldiario.net\/portal\/2026\/03\/05\/plantean-que-comision-parlamentaria-investigue-accidente-aereo-en-el-alto\/#article","isPartOf":{"@id":"https:\/\/www.eldiario.net\/portal\/2026\/03\/05\/plantean-que-comision-parlamentaria-investigue-accidente-aereo-en-el-alto\/"},"author":{"name":"Jeanette","@id":"https:\/\/www.eldiario.net\/portal\/#\/schema\/person\/2c57cf2b7a7ae032e449e4c9b1019eac"},"headline":"Plantean que comisi\u00f3n parlamentaria investigue accidente a\u00e9reo en El Alto","datePublished":"2026-03-05T10:57:55+00:00","mainEntityOfPage":{"@id":"https:\/\/www.eldiario.net\/portal\/2026\/03\/05\/plantean-que-comision-parlamentaria-investigue-accidente-aereo-en-el-alto\/"},"wordCount":370,"publisher":{"@id":"https:\/\/www.eldiario.net\/portal\/#organization"},"image":{"@id":"https:\/\/www.eldiario.net\/portal\/2026\/03\/05\/plantean-que-comision-parlamentaria-investigue-accidente-aereo-en-el-alto\/#primaryimage"},"thumbnailUrl":"https:\/\/www.eldiario.net\/portal\/wp-content\/uploads\/2026\/03\/COMISION-FOTO.webp","articleSection":["Pol\u00edtica"],"inLanguage":"es"},{"@type":"WebPage","@id":"https:\/\/www.eldiario.net\/portal\/2026\/03\/05\/plantean-que-comision-parlamentaria-investigue-accidente-aereo-en-el-alto\/","url":"https:\/\/www.eldiario.net\/portal\/2026\/03\/05\/plantean-que-comision-parlamentaria-investigue-accidente-aereo-en-el-alto\/","name":"Plantean que comisi\u00f3n parlamentaria investigue accidente a\u00e9reo en El Alto - El Diario - Bolivia","isPartOf":{"@id":"https:\/\/www.eldiario.net\/portal\/#website"},"primaryImageOfPage":{"@id":"https:\/\/www.eldiario.net\/portal\/2026\/03\/05\/plantean-que-comision-parlamentaria-investigue-accidente-aereo-en-el-alto\/#primaryimage"},"image":{"@id":"https:\/\/www.eldiario.net\/portal\/2026\/03\/05\/plantean-que-comision-parlamentaria-investigue-accidente-aereo-en-el-alto\/#primaryimage"},"thumbnailUrl":"https:\/\/www.eldiario.net\/portal\/wp-content\/uploads\/2026\/03\/COMISION-FOTO.webp","datePublished":"2026-03-05T10:57:55+00:00","breadcrumb":{"@id":"https:\/\/www.eldiario.net\/portal\/2026\/03\/05\/plantean-que-comision-parlamentaria-investigue-accidente-aereo-en-el-alto\/#breadcrumb"},"inLanguage":"es","potentialAction":[{"@type":"ReadAction","target":["https:\/\/www.eldiario.net\/portal\/2026\/03\/05\/plantean-que-comision-parlamentaria-investigue-accidente-aereo-en-el-alto\/"]}]},{"@type":"ImageObject","inLanguage":"es","@id":"https:\/\/www.eldiario.net\/portal\/2026\/03\/05\/plantean-que-comision-parlamentaria-investigue-accidente-aereo-en-el-alto\/#primaryimage","url":"https:\/\/www.eldiario.net\/portal\/wp-content\/uploads\/2026\/03\/COMISION-FOTO.webp","contentUrl":"https:\/\/www.eldiario.net\/portal\/wp-content\/uploads\/2026\/03\/COMISION-FOTO.webp","width":1280,"height":853,"caption":"Diputado Jos\u00e9 Maldonado (Libre) CREDITOS \/ RRSS"},{"@type":"BreadcrumbList","@id":"https:\/\/www.eldiario.net\/portal\/2026\/03\/05\/plantean-que-comision-parlamentaria-investigue-accidente-aereo-en-el-alto\/#breadcrumb","itemListElement":[{"@type":"ListItem","position":1,"name":"Portada","item":"https:\/\/www.eldiario.net\/portal\/"},{"@type":"ListItem","position":2,"name":"Plantean que comisi\u00f3n parlamentaria investigue accidente a\u00e9reo en El Alto"}]},{"@type":"WebSite","@id":"https:\/\/www.eldiario.net\/portal\/#website","url":"https:\/\/www.eldiario.net\/portal\/","name":"El Diario - Decano de la prensa nacional","description":"El Diario - Decano de la prensa nacional","publisher":{"@id":"https:\/\/www.eldiario.net\/portal\/#organization"},"potentialAction":[{"@type":"SearchAction","target":{"@type":"EntryPoint","urlTemplate":"https:\/\/www.eldiario.net\/portal\/?s={search_term_string}"},"query-input":{"@type":"PropertyValueSpecification","valueRequired":true,"valueName":"search_term_string"}}],"inLanguage":"es"},{"@type":"Organization","@id":"https:\/\/www.eldiario.net\/portal\/#organization","name":"El Diario - Decano de la prensa nacional","url":"https:\/\/www.eldiario.net\/portal\/","logo":{"@type":"ImageObject","inLanguage":"es","@id":"https:\/\/www.eldiario.net\/portal\/#\/schema\/logo\/image\/","url":"https:\/\/www.eldiario.net\/portal\/wp-content\/uploads\/2023\/07\/logo_ED.jpg","contentUrl":"https:\/\/www.eldiario.net\/portal\/wp-content\/uploads\/2023\/07\/logo_ED.jpg","width":272,"height":52,"caption":"El Diario - Decano de la prensa nacional"},"image":{"@id":"https:\/\/www.eldiario.net\/portal\/#\/schema\/logo\/image\/"},"sameAs":["https:\/\/www.facebook.com\/eldiario.bolivia\/","https:\/\/x.com\/eldiario_net"]},{"@type":"Person","@id":"https:\/\/www.eldiario.net\/portal\/#\/schema\/person\/2c57cf2b7a7ae032e449e4c9b1019eac","name":"Jeanette","image":{"@type":"ImageObject","inLanguage":"es","@id":"https:\/\/secure.gravatar.com\/avatar\/3ea2118a5f7dad2b7138b1187a6b7ee55f160b9968b66013c3a3ef39dd7e5798?s=96&d=mm&r=g","url":"https:\/\/secure.gravatar.com\/avatar\/3ea2118a5f7dad2b7138b1187a6b7ee55f160b9968b66013c3a3ef39dd7e5798?s=96&d=mm&r=g","contentUrl":"https:\/\/secure.gravatar.com\/avatar\/3ea2118a5f7dad2b7138b1187a6b7ee55f160b9968b66013c3a3ef39dd7e5798?s=96&d=mm&r=g","caption":"Jeanette"},"sameAs":["https:\/\/www.eldiario.net\/portal"],"url":"https:\/\/www.eldiario.net\/portal\/author\/jeanette\/"}]}},"_links":{"self":[{"href":"https:\/\/www.eldiario.net\/portal\/wp-json\/wp\/v2\/posts\/373390","targetHints":{"allow":["GET"]}}],"collection":[{"href":"https:\/\/www.eldiario.net\/portal\/wp-json\/wp\/v2\/posts"}],"about":[{"href":"https:\/\/www.eldiario.net\/portal\/wp-json\/wp\/v2\/types\/post"}],"author":[{"embeddable":true,"href":"https:\/\/www.eldiario.net\/portal\/wp-json\/wp\/v2\/users\/1"}],"replies":[{"embeddable":true,"href":"https:\/\/www.eldiario.net\/portal\/wp-json\/wp\/v2\/comments?post=373390"}],"version-history":[{"count":1,"href":"https:\/\/www.eldiario.net\/portal\/wp-json\/wp\/v2\/posts\/373390\/revisions"}],"predecessor-version":[{"id":373392,"href":"https:\/\/www.eldiario.net\/portal\/wp-json\/wp\/v2\/posts\/373390\/revisions\/373392"}],"wp:featuredmedia":[{"embeddable":true,"href":"https:\/\/www.eldiario.net\/portal\/wp-json\/wp\/v2\/media\/373391"}],"wp:attachment":[{"href":"https:\/\/www.eldiario.net\/portal\/wp-json\/wp\/v2\/media?parent=373390"}],"wp:term":[{"taxonomy":"category","embeddable":true,"href":"https:\/\/www.eldiario.net\/portal\/wp-json\/wp\/v2\/categories?post=373390"},{"taxonomy":"post_tag","embeddable":true,"href":"https:\/\/www.eldiario.net\/portal\/wp-json\/wp\/v2\/tags?post=373390"}],"curies":[{"name":"wp","href":"https:\/\/api.w.org\/{rel}","templated":true}]}}