{"id":373387,"date":"2026-03-05T06:57:22","date_gmt":"2026-03-05T10:57:22","guid":{"rendered":"https:\/\/www.eldiario.net\/portal\/?p=373387"},"modified":"2026-03-05T06:57:22","modified_gmt":"2026-03-05T10:57:22","slug":"diputado-plantea-anular-todos-los-convenios-suscritos-con-iran","status":"publish","type":"post","link":"https:\/\/www.eldiario.net\/portal\/2026\/03\/05\/diputado-plantea-anular-todos-los-convenios-suscritos-con-iran\/","title":{"rendered":"Diputado plantea anular todos  los convenios suscritos con Ir\u00e1n"},"content":{"rendered":"<p>Afirmando que todos los acuerdos suscritos durante los gobiernos del Movimiento al Socialismo (MAS) entre el Estado boliviano y la Rep\u00fablica Isl\u00e1mica de Ir\u00e1n, son contrarios a la Constituci\u00f3n Pol\u00edtica del Estado (CPE), el diputado por la alianza Unidad, Carlos Alarc\u00f3n, plante\u00f3 la eliminaci\u00f3n de convenios cuyos detalles nunca fueron transparentados ante la poblaci\u00f3n.<\/p>\n<p>\u201cNunca se ha puesto en conocimiento de la ciudadan\u00eda el alcance y el contenido de estos convenios internacionales y seg\u00fan la poca informaci\u00f3n disponible, han tenido contenidos relativos a temas estrat\u00e9gicos como defensa y la explotaci\u00f3n de tierras raras, adem\u00e1s de alianzas pol\u00edticas y otros acuerdos similares\u201d, dijo Alarc\u00f3n a tiempo de anunciar la presentaci\u00f3n de una minuta de comunicaci\u00f3n con este pedido.<\/p>\n<p>Seg\u00fan el legislador pace\u00f1o, con la firma de estos tratados se incumplieron dos condiciones establecidas en la Constituci\u00f3n para suscribir convenios internacionales, la imposibilidad de acordar tratados con pa\u00edses cuyo gobierno es una dictadura, y con Estados cuestionados por temas de discriminaci\u00f3n hacia sus ciudadanos.<\/p>\n<p>\u201cEn el caso de Ir\u00e1n tenemos m\u00e1s que una dictadura, es una tiran\u00eda teocr\u00e1tica que en los hechos ocurridos hace pocos d\u00edas atr\u00e1s, ha habido una masacre de sus ciudadanos mediante el asesinato de j\u00f3venes y mujeres que solo estaban exigiendo que se respete el derecho a su identidad y al desarrollo de su personalidad\u201d, apunt\u00f3 el legislador, lamentando que reportes extraoficiales hablen de hasta 36.000 personas asesinadas por la tiran\u00eda iran\u00ed.<\/p>\n<p>En su planteamiento, Alarc\u00f3n solicita que, desde el \u00d3rgano Ejecutivo se realicen todos los procedimientos legales para la denuncia de acuerdos, convenios o tratados vigentes entre el Estado boliviano y la Rep\u00fablica Isl\u00e1mica de Ir\u00e1n, firmados durante los gobiernos del Movimiento al Socialismo.<\/p>\n<p>Dicha propuesta fue recientemente analizada y respaldada por la Comisi\u00f3n de relaciones internacionales de la C\u00e1mara de Diputados y remitida al pleno camaral.<\/p>\n","protected":false},"excerpt":{"rendered":"<p>Afirmando que todos los acuerdos suscritos durante los gobiernos del Movimiento al Socialismo (MAS) entre el Estado boliviano y la Rep\u00fablica Isl\u00e1mica de Ir\u00e1n, son contrarios a la Constituci\u00f3n Pol\u00edtica del Estado (CPE), el diputado por la alianza Unidad, Carlos Alarc\u00f3n, plante\u00f3 la eliminaci\u00f3n de convenios cuyos detalles nunca fueron transparentados ante la poblaci\u00f3n. \u201cNunca [&hellip;]<\/p>\n","protected":false},"author":1,"featured_media":373388,"comment_status":"closed","ping_status":"open","sticky":false,"template":"","format":"standard","meta":{"_acf_changed":false,"footnotes":""},"categories":[14],"tags":[],"class_list":["post-373387","post","type-post","status-publish","format-standard","has-post-thumbnail","category-politica"],"acf":{"antetitulo":"Durante gobiernos del MAS"},"yoast_head":"<!-- This site is optimized with the Yoast SEO plugin v28.4 - https:\/\/yoast.com\/product\/yoast-seo-wordpress\/ -->\n<title>Diputado plantea anular todos los convenios suscritos con Ir\u00e1n - El Diario - Bolivia<\/title>\n<meta name=\"robots\" content=\"index, follow, max-snippet:-1, max-image-preview:large, max-video-preview:-1\" \/>\n<link rel=\"canonical\" href=\"https:\/\/www.eldiario.net\/portal\/2026\/03\/05\/diputado-plantea-anular-todos-los-convenios-suscritos-con-iran\/\" \/>\n<meta property=\"og:locale\" content=\"es_ES\" \/>\n<meta property=\"og:type\" content=\"article\" \/>\n<meta property=\"og:title\" content=\"Diputado plantea anular todos los convenios suscritos con Ir\u00e1n - El Diario - Bolivia\" \/>\n<meta property=\"og:description\" content=\"Afirmando que todos los acuerdos suscritos durante los gobiernos del Movimiento al Socialismo (MAS) entre el Estado boliviano y la Rep\u00fablica Isl\u00e1mica de Ir\u00e1n, son contrarios a la Constituci\u00f3n Pol\u00edtica del Estado (CPE), el diputado por la alianza Unidad, Carlos Alarc\u00f3n, plante\u00f3 la eliminaci\u00f3n de convenios cuyos detalles nunca fueron transparentados ante la poblaci\u00f3n. \u201cNunca [&hellip;]\" \/>\n<meta property=\"og:url\" content=\"https:\/\/www.eldiario.net\/portal\/2026\/03\/05\/diputado-plantea-anular-todos-los-convenios-suscritos-con-iran\/\" \/>\n<meta property=\"og:site_name\" content=\"El Diario - Bolivia\" \/>\n<meta property=\"article:publisher\" content=\"https:\/\/www.facebook.com\/eldiario.bolivia\/\" \/>\n<meta property=\"article:published_time\" content=\"2026-03-05T10:57:22+00:00\" \/>\n<meta property=\"og:image\" content=\"https:\/\/www.eldiario.net\/portal\/wp-content\/uploads\/2026\/03\/CONVENIOS-FOTO.webp\" \/>\n\t<meta property=\"og:image:width\" content=\"1600\" \/>\n\t<meta property=\"og:image:height\" content=\"1066\" \/>\n\t<meta property=\"og:image:type\" content=\"image\/webp\" \/>\n<meta name=\"author\" content=\"Jeanette\" \/>\n<meta name=\"twitter:card\" content=\"summary_large_image\" \/>\n<meta name=\"twitter:creator\" content=\"@eldiario_net\" \/>\n<meta name=\"twitter:site\" content=\"@eldiario_net\" \/>\n<meta name=\"twitter:label1\" content=\"Escrito por\" \/>\n\t<meta name=\"twitter:data1\" content=\"Jeanette\" \/>\n\t<meta name=\"twitter:label2\" content=\"Tiempo de lectura\" \/>\n\t<meta name=\"twitter:data2\" content=\"2 minutos\" \/>\n<script type=\"application\/ld+json\" class=\"yoast-schema-graph\">{\"@context\":\"https:\\\/\\\/schema.org\",\"@graph\":[{\"@type\":\"Article\",\"@id\":\"https:\\\/\\\/www.eldiario.net\\\/portal\\\/2026\\\/03\\\/05\\\/diputado-plantea-anular-todos-los-convenios-suscritos-con-iran\\\/#article\",\"isPartOf\":{\"@id\":\"https:\\\/\\\/www.eldiario.net\\\/portal\\\/2026\\\/03\\\/05\\\/diputado-plantea-anular-todos-los-convenios-suscritos-con-iran\\\/\"},\"author\":{\"name\":\"Jeanette\",\"@id\":\"https:\\\/\\\/www.eldiario.net\\\/portal\\\/#\\\/schema\\\/person\\\/f46445640444750d7d753ccd04ae01b7\"},\"headline\":\"Diputado plantea anular todos los convenios suscritos con Ir\u00e1n\",\"datePublished\":\"2026-03-05T10:57:22+00:00\",\"mainEntityOfPage\":{\"@id\":\"https:\\\/\\\/www.eldiario.net\\\/portal\\\/2026\\\/03\\\/05\\\/diputado-plantea-anular-todos-los-convenios-suscritos-con-iran\\\/\"},\"wordCount\":346,\"publisher\":{\"@id\":\"https:\\\/\\\/www.eldiario.net\\\/portal\\\/#organization\"},\"image\":{\"@id\":\"https:\\\/\\\/www.eldiario.net\\\/portal\\\/2026\\\/03\\\/05\\\/diputado-plantea-anular-todos-los-convenios-suscritos-con-iran\\\/#primaryimage\"},\"thumbnailUrl\":\"https:\\\/\\\/www.eldiario.net\\\/portal\\\/wp-content\\\/uploads\\\/2026\\\/03\\\/CONVENIOS-FOTO.webp\",\"articleSection\":[\"Pol\u00edtica\"],\"inLanguage\":\"es\"},{\"@type\":\"WebPage\",\"@id\":\"https:\\\/\\\/www.eldiario.net\\\/portal\\\/2026\\\/03\\\/05\\\/diputado-plantea-anular-todos-los-convenios-suscritos-con-iran\\\/\",\"url\":\"https:\\\/\\\/www.eldiario.net\\\/portal\\\/2026\\\/03\\\/05\\\/diputado-plantea-anular-todos-los-convenios-suscritos-con-iran\\\/\",\"name\":\"Diputado plantea anular todos los convenios suscritos con Ir\u00e1n - El Diario - Bolivia\",\"isPartOf\":{\"@id\":\"https:\\\/\\\/www.eldiario.net\\\/portal\\\/#website\"},\"primaryImageOfPage\":{\"@id\":\"https:\\\/\\\/www.eldiario.net\\\/portal\\\/2026\\\/03\\\/05\\\/diputado-plantea-anular-todos-los-convenios-suscritos-con-iran\\\/#primaryimage\"},\"image\":{\"@id\":\"https:\\\/\\\/www.eldiario.net\\\/portal\\\/2026\\\/03\\\/05\\\/diputado-plantea-anular-todos-los-convenios-suscritos-con-iran\\\/#primaryimage\"},\"thumbnailUrl\":\"https:\\\/\\\/www.eldiario.net\\\/portal\\\/wp-content\\\/uploads\\\/2026\\\/03\\\/CONVENIOS-FOTO.webp\",\"datePublished\":\"2026-03-05T10:57:22+00:00\",\"breadcrumb\":{\"@id\":\"https:\\\/\\\/www.eldiario.net\\\/portal\\\/2026\\\/03\\\/05\\\/diputado-plantea-anular-todos-los-convenios-suscritos-con-iran\\\/#breadcrumb\"},\"inLanguage\":\"es\",\"potentialAction\":[{\"@type\":\"ReadAction\",\"target\":[\"https:\\\/\\\/www.eldiario.net\\\/portal\\\/2026\\\/03\\\/05\\\/diputado-plantea-anular-todos-los-convenios-suscritos-con-iran\\\/\"]}]},{\"@type\":\"ImageObject\",\"inLanguage\":\"es\",\"@id\":\"https:\\\/\\\/www.eldiario.net\\\/portal\\\/2026\\\/03\\\/05\\\/diputado-plantea-anular-todos-los-convenios-suscritos-con-iran\\\/#primaryimage\",\"url\":\"https:\\\/\\\/www.eldiario.net\\\/portal\\\/wp-content\\\/uploads\\\/2026\\\/03\\\/CONVENIOS-FOTO.webp\",\"contentUrl\":\"https:\\\/\\\/www.eldiario.net\\\/portal\\\/wp-content\\\/uploads\\\/2026\\\/03\\\/CONVENIOS-FOTO.webp\",\"width\":1600,\"height\":1066,\"caption\":\"Diputado Carlos Alarc\u00f3n (Unidad) CREDITOS \\\/ RRSS\"},{\"@type\":\"BreadcrumbList\",\"@id\":\"https:\\\/\\\/www.eldiario.net\\\/portal\\\/2026\\\/03\\\/05\\\/diputado-plantea-anular-todos-los-convenios-suscritos-con-iran\\\/#breadcrumb\",\"itemListElement\":[{\"@type\":\"ListItem\",\"position\":1,\"name\":\"Portada\",\"item\":\"https:\\\/\\\/www.eldiario.net\\\/portal\\\/\"},{\"@type\":\"ListItem\",\"position\":2,\"name\":\"Diputado plantea anular todos los convenios suscritos con Ir\u00e1n\"}]},{\"@type\":\"WebSite\",\"@id\":\"https:\\\/\\\/www.eldiario.net\\\/portal\\\/#website\",\"url\":\"https:\\\/\\\/www.eldiario.net\\\/portal\\\/\",\"name\":\"El Diario - Decano de la prensa nacional\",\"description\":\"El Diario - Decano de la prensa nacional\",\"publisher\":{\"@id\":\"https:\\\/\\\/www.eldiario.net\\\/portal\\\/#organization\"},\"potentialAction\":[{\"@type\":\"SearchAction\",\"target\":{\"@type\":\"EntryPoint\",\"urlTemplate\":\"https:\\\/\\\/www.eldiario.net\\\/portal\\\/?s={search_term_string}\"},\"query-input\":{\"@type\":\"PropertyValueSpecification\",\"valueRequired\":true,\"valueName\":\"search_term_string\"}}],\"inLanguage\":\"es\"},{\"@type\":\"Organization\",\"@id\":\"https:\\\/\\\/www.eldiario.net\\\/portal\\\/#organization\",\"name\":\"El Diario - Decano de la prensa nacional\",\"url\":\"https:\\\/\\\/www.eldiario.net\\\/portal\\\/\",\"logo\":{\"@type\":\"ImageObject\",\"inLanguage\":\"es\",\"@id\":\"https:\\\/\\\/www.eldiario.net\\\/portal\\\/#\\\/schema\\\/logo\\\/image\\\/\",\"url\":\"https:\\\/\\\/www.eldiario.net\\\/portal\\\/wp-content\\\/uploads\\\/2023\\\/07\\\/logo_ED.jpg\",\"contentUrl\":\"https:\\\/\\\/www.eldiario.net\\\/portal\\\/wp-content\\\/uploads\\\/2023\\\/07\\\/logo_ED.jpg\",\"width\":272,\"height\":52,\"caption\":\"El Diario - Decano de la prensa nacional\"},\"image\":{\"@id\":\"https:\\\/\\\/www.eldiario.net\\\/portal\\\/#\\\/schema\\\/logo\\\/image\\\/\"},\"sameAs\":[\"https:\\\/\\\/www.facebook.com\\\/eldiario.bolivia\\\/\",\"https:\\\/\\\/x.com\\\/eldiario_net\"]},{\"@type\":\"Person\",\"@id\":\"https:\\\/\\\/www.eldiario.net\\\/portal\\\/#\\\/schema\\\/person\\\/f46445640444750d7d753ccd04ae01b7\",\"name\":\"Jeanette\",\"image\":{\"@type\":\"ImageObject\",\"inLanguage\":\"es\",\"@id\":\"https:\\\/\\\/secure.gravatar.com\\\/avatar\\\/3ea2118a5f7dad2b7138b1187a6b7ee55f160b9968b66013c3a3ef39dd7e5798?s=96&d=mm&r=g\",\"url\":\"https:\\\/\\\/secure.gravatar.com\\\/avatar\\\/3ea2118a5f7dad2b7138b1187a6b7ee55f160b9968b66013c3a3ef39dd7e5798?s=96&d=mm&r=g\",\"contentUrl\":\"https:\\\/\\\/secure.gravatar.com\\\/avatar\\\/3ea2118a5f7dad2b7138b1187a6b7ee55f160b9968b66013c3a3ef39dd7e5798?s=96&d=mm&r=g\",\"caption\":\"Jeanette\"},\"sameAs\":[\"https:\\\/\\\/www.eldiario.net\\\/portal\"],\"url\":\"https:\\\/\\\/www.eldiario.net\\\/portal\\\/author\\\/jeanette\\\/\"}]}<\/script>\n<!-- \/ Yoast SEO plugin. -->","yoast_head_json":{"title":"Diputado plantea anular todos los convenios suscritos con Ir\u00e1n - El Diario - Bolivia","robots":{"index":"index","follow":"follow","max-snippet":"max-snippet:-1","max-image-preview":"max-image-preview:large","max-video-preview":"max-video-preview:-1"},"canonical":"https:\/\/www.eldiario.net\/portal\/2026\/03\/05\/diputado-plantea-anular-todos-los-convenios-suscritos-con-iran\/","og_locale":"es_ES","og_type":"article","og_title":"Diputado plantea anular todos los convenios suscritos con Ir\u00e1n - El Diario - Bolivia","og_description":"Afirmando que todos los acuerdos suscritos durante los gobiernos del Movimiento al Socialismo (MAS) entre el Estado boliviano y la Rep\u00fablica Isl\u00e1mica de Ir\u00e1n, son contrarios a la Constituci\u00f3n Pol\u00edtica del Estado (CPE), el diputado por la alianza Unidad, Carlos Alarc\u00f3n, plante\u00f3 la eliminaci\u00f3n de convenios cuyos detalles nunca fueron transparentados ante la poblaci\u00f3n. \u201cNunca [&hellip;]","og_url":"https:\/\/www.eldiario.net\/portal\/2026\/03\/05\/diputado-plantea-anular-todos-los-convenios-suscritos-con-iran\/","og_site_name":"El Diario - Bolivia","article_publisher":"https:\/\/www.facebook.com\/eldiario.bolivia\/","article_published_time":"2026-03-05T10:57:22+00:00","og_image":[{"width":1600,"height":1066,"url":"https:\/\/www.eldiario.net\/portal\/wp-content\/uploads\/2026\/03\/CONVENIOS-FOTO.webp","type":"image\/webp"}],"author":"Jeanette","twitter_card":"summary_large_image","twitter_creator":"@eldiario_net","twitter_site":"@eldiario_net","twitter_misc":{"Escrito por":"Jeanette","Tiempo de lectura":"2 minutos"},"schema":{"@context":"https:\/\/schema.org","@graph":[{"@type":"Article","@id":"https:\/\/www.eldiario.net\/portal\/2026\/03\/05\/diputado-plantea-anular-todos-los-convenios-suscritos-con-iran\/#article","isPartOf":{"@id":"https:\/\/www.eldiario.net\/portal\/2026\/03\/05\/diputado-plantea-anular-todos-los-convenios-suscritos-con-iran\/"},"author":{"name":"Jeanette","@id":"https:\/\/www.eldiario.net\/portal\/#\/schema\/person\/f46445640444750d7d753ccd04ae01b7"},"headline":"Diputado plantea anular todos los convenios suscritos con Ir\u00e1n","datePublished":"2026-03-05T10:57:22+00:00","mainEntityOfPage":{"@id":"https:\/\/www.eldiario.net\/portal\/2026\/03\/05\/diputado-plantea-anular-todos-los-convenios-suscritos-con-iran\/"},"wordCount":346,"publisher":{"@id":"https:\/\/www.eldiario.net\/portal\/#organization"},"image":{"@id":"https:\/\/www.eldiario.net\/portal\/2026\/03\/05\/diputado-plantea-anular-todos-los-convenios-suscritos-con-iran\/#primaryimage"},"thumbnailUrl":"https:\/\/www.eldiario.net\/portal\/wp-content\/uploads\/2026\/03\/CONVENIOS-FOTO.webp","articleSection":["Pol\u00edtica"],"inLanguage":"es"},{"@type":"WebPage","@id":"https:\/\/www.eldiario.net\/portal\/2026\/03\/05\/diputado-plantea-anular-todos-los-convenios-suscritos-con-iran\/","url":"https:\/\/www.eldiario.net\/portal\/2026\/03\/05\/diputado-plantea-anular-todos-los-convenios-suscritos-con-iran\/","name":"Diputado plantea anular todos los convenios suscritos con Ir\u00e1n - El Diario - Bolivia","isPartOf":{"@id":"https:\/\/www.eldiario.net\/portal\/#website"},"primaryImageOfPage":{"@id":"https:\/\/www.eldiario.net\/portal\/2026\/03\/05\/diputado-plantea-anular-todos-los-convenios-suscritos-con-iran\/#primaryimage"},"image":{"@id":"https:\/\/www.eldiario.net\/portal\/2026\/03\/05\/diputado-plantea-anular-todos-los-convenios-suscritos-con-iran\/#primaryimage"},"thumbnailUrl":"https:\/\/www.eldiario.net\/portal\/wp-content\/uploads\/2026\/03\/CONVENIOS-FOTO.webp","datePublished":"2026-03-05T10:57:22+00:00","breadcrumb":{"@id":"https:\/\/www.eldiario.net\/portal\/2026\/03\/05\/diputado-plantea-anular-todos-los-convenios-suscritos-con-iran\/#breadcrumb"},"inLanguage":"es","potentialAction":[{"@type":"ReadAction","target":["https:\/\/www.eldiario.net\/portal\/2026\/03\/05\/diputado-plantea-anular-todos-los-convenios-suscritos-con-iran\/"]}]},{"@type":"ImageObject","inLanguage":"es","@id":"https:\/\/www.eldiario.net\/portal\/2026\/03\/05\/diputado-plantea-anular-todos-los-convenios-suscritos-con-iran\/#primaryimage","url":"https:\/\/www.eldiario.net\/portal\/wp-content\/uploads\/2026\/03\/CONVENIOS-FOTO.webp","contentUrl":"https:\/\/www.eldiario.net\/portal\/wp-content\/uploads\/2026\/03\/CONVENIOS-FOTO.webp","width":1600,"height":1066,"caption":"Diputado Carlos Alarc\u00f3n (Unidad) CREDITOS \/ RRSS"},{"@type":"BreadcrumbList","@id":"https:\/\/www.eldiario.net\/portal\/2026\/03\/05\/diputado-plantea-anular-todos-los-convenios-suscritos-con-iran\/#breadcrumb","itemListElement":[{"@type":"ListItem","position":1,"name":"Portada","item":"https:\/\/www.eldiario.net\/portal\/"},{"@type":"ListItem","position":2,"name":"Diputado plantea anular todos los convenios suscritos con Ir\u00e1n"}]},{"@type":"WebSite","@id":"https:\/\/www.eldiario.net\/portal\/#website","url":"https:\/\/www.eldiario.net\/portal\/","name":"El Diario - Decano de la prensa nacional","description":"El Diario - Decano de la prensa nacional","publisher":{"@id":"https:\/\/www.eldiario.net\/portal\/#organization"},"potentialAction":[{"@type":"SearchAction","target":{"@type":"EntryPoint","urlTemplate":"https:\/\/www.eldiario.net\/portal\/?s={search_term_string}"},"query-input":{"@type":"PropertyValueSpecification","valueRequired":true,"valueName":"search_term_string"}}],"inLanguage":"es"},{"@type":"Organization","@id":"https:\/\/www.eldiario.net\/portal\/#organization","name":"El Diario - Decano de la prensa nacional","url":"https:\/\/www.eldiario.net\/portal\/","logo":{"@type":"ImageObject","inLanguage":"es","@id":"https:\/\/www.eldiario.net\/portal\/#\/schema\/logo\/image\/","url":"https:\/\/www.eldiario.net\/portal\/wp-content\/uploads\/2023\/07\/logo_ED.jpg","contentUrl":"https:\/\/www.eldiario.net\/portal\/wp-content\/uploads\/2023\/07\/logo_ED.jpg","width":272,"height":52,"caption":"El Diario - Decano de la prensa nacional"},"image":{"@id":"https:\/\/www.eldiario.net\/portal\/#\/schema\/logo\/image\/"},"sameAs":["https:\/\/www.facebook.com\/eldiario.bolivia\/","https:\/\/x.com\/eldiario_net"]},{"@type":"Person","@id":"https:\/\/www.eldiario.net\/portal\/#\/schema\/person\/f46445640444750d7d753ccd04ae01b7","name":"Jeanette","image":{"@type":"ImageObject","inLanguage":"es","@id":"https:\/\/secure.gravatar.com\/avatar\/3ea2118a5f7dad2b7138b1187a6b7ee55f160b9968b66013c3a3ef39dd7e5798?s=96&d=mm&r=g","url":"https:\/\/secure.gravatar.com\/avatar\/3ea2118a5f7dad2b7138b1187a6b7ee55f160b9968b66013c3a3ef39dd7e5798?s=96&d=mm&r=g","contentUrl":"https:\/\/secure.gravatar.com\/avatar\/3ea2118a5f7dad2b7138b1187a6b7ee55f160b9968b66013c3a3ef39dd7e5798?s=96&d=mm&r=g","caption":"Jeanette"},"sameAs":["https:\/\/www.eldiario.net\/portal"],"url":"https:\/\/www.eldiario.net\/portal\/author\/jeanette\/"}]}},"_links":{"self":[{"href":"https:\/\/www.eldiario.net\/portal\/wp-json\/wp\/v2\/posts\/373387","targetHints":{"allow":["GET"]}}],"collection":[{"href":"https:\/\/www.eldiario.net\/portal\/wp-json\/wp\/v2\/posts"}],"about":[{"href":"https:\/\/www.eldiario.net\/portal\/wp-json\/wp\/v2\/types\/post"}],"author":[{"embeddable":true,"href":"https:\/\/www.eldiario.net\/portal\/wp-json\/wp\/v2\/users\/1"}],"replies":[{"embeddable":true,"href":"https:\/\/www.eldiario.net\/portal\/wp-json\/wp\/v2\/comments?post=373387"}],"version-history":[{"count":1,"href":"https:\/\/www.eldiario.net\/portal\/wp-json\/wp\/v2\/posts\/373387\/revisions"}],"predecessor-version":[{"id":373389,"href":"https:\/\/www.eldiario.net\/portal\/wp-json\/wp\/v2\/posts\/373387\/revisions\/373389"}],"wp:featuredmedia":[{"embeddable":true,"href":"https:\/\/www.eldiario.net\/portal\/wp-json\/wp\/v2\/media\/373388"}],"wp:attachment":[{"href":"https:\/\/www.eldiario.net\/portal\/wp-json\/wp\/v2\/media?parent=373387"}],"wp:term":[{"taxonomy":"category","embeddable":true,"href":"https:\/\/www.eldiario.net\/portal\/wp-json\/wp\/v2\/categories?post=373387"},{"taxonomy":"post_tag","embeddable":true,"href":"https:\/\/www.eldiario.net\/portal\/wp-json\/wp\/v2\/tags?post=373387"}],"curies":[{"name":"wp","href":"https:\/\/api.w.org\/{rel}","templated":true}]}}