{"id":373384,"date":"2026-03-05T06:55:51","date_gmt":"2026-03-05T10:55:51","guid":{"rendered":"https:\/\/www.eldiario.net\/portal\/?p=373384"},"modified":"2026-03-05T06:55:51","modified_gmt":"2026-03-05T10:55:51","slug":"crean-unidad-descentralizada-de-comunicacion-estrategica","status":"publish","type":"post","link":"https:\/\/www.eldiario.net\/portal\/2026\/03\/05\/crean-unidad-descentralizada-de-comunicacion-estrategica\/","title":{"rendered":"Crean Unidad descentralizada de Comunicaci\u00f3n Estrat\u00e9gica"},"content":{"rendered":"<p>El Gobierno cre\u00f3, mediante el Decreto Supremo 5566, la Unidad de Comunicaci\u00f3n Estrat\u00e9gica del Estado como entidad descentralizada bajo tuici\u00f3n del Ministerio de la Presidencia. La m\u00e1xima autoridad ser\u00e1 un director o directora general ejecutiva, designado por el presidente del Estado, Rodrigo Paz Pereira.<\/p>\n<p>La nueva entidad tendr\u00e1 entre sus atribuciones dise\u00f1ar pol\u00edticas y estrategias de comunicaci\u00f3n gubernamental, proponer normas en la materia, coordinar acciones informativas interinstitucionales y capacitar en temas coyunturales.<\/p>\n<p>Tambi\u00e9n deber\u00e1 supervisar la emisi\u00f3n de boletines, cartillas, p\u00e1ginas web, revistas, peri\u00f3dicos y otros materiales institucionales.<\/p>\n<p>Entre sus competencias figura la administraci\u00f3n de medios estatales como Radio Illimani, Ahora el Pueblo, la Agencia Boliviana de Informaci\u00f3n (ABI) y el Sistema Nacional de Radios de los Pueblos Originarios.<\/p>\n<p>La norma establece adem\u00e1s que la unidad deber\u00e1 monitorear los canales digitales institucionales bajo su administraci\u00f3n y analizar la interacci\u00f3n en redes sociales vinculada a la gesti\u00f3n gubernamental, con el fin de brindar asesoramiento t\u00e9cnico comunicacional a las autoridades competentes.<\/p>\n<p>Tambi\u00e9n, planificar\u00e1 y articular\u00e1 la producci\u00f3n y difusi\u00f3n de contenidos digitales para los canales oficiales, en coordinaci\u00f3n con las entidades del \u00d3rgano Ejecutivo.<\/p>\n<p>El director general ejecutivo ejercer\u00e1 la representaci\u00f3n legal, suscribir\u00e1 contratos y convenios con entidades p\u00fablicas y privadas, supervisar\u00e1 la gesti\u00f3n institucional y emitir\u00e1 resoluciones administrativas en el marco de sus atribuciones.<\/p>\n<p>FINANCIAMIENTO<\/p>\n<p>\u201cLa Unidad de Comunicaci\u00f3n Estrat\u00e9gica del Estado Plurinacional de Bolivia tiene las siguientes fuentes de financiamiento: Tesoro General de la Naci\u00f3n \u2013 TGN, de acuerdo a disponibilidad financiera; donaciones y cr\u00e9ditos; recursos espec\u00edficos; otras fuentes de financiamiento\u201d, se\u00f1ala el art\u00edculo cuarto del DS.<\/p>\n<p>La disposici\u00f3n adicional primera autoriza al Ministerio de Econom\u00eda a efectuar modificaciones presupuestarias para cumplir el decreto.<\/p>\n<p>OTROS DETALLES<\/p>\n<p>La disposici\u00f3n adicional segunda modifica la conformaci\u00f3n del directorio de Bolivia TV (BTV), que estar\u00e1 integrado por representantes de los ministerios de la Presidencia (que encabezar\u00e1 esta instancia), Planificaci\u00f3n del Desarrollo y Medio Ambiente, Econom\u00eda, Obras P\u00fablicas, Educaci\u00f3n y Turismo.<\/p>\n<p>Los representantes ser\u00e1n designados por los respectivos ministros y deber\u00e1n ocupar, al menos, el cargo de director general o director general ejecutivo.<\/p>\n<p>La norma dispone que los activos y pasivos de las ex unidades de Comunicaci\u00f3n Estrat\u00e9gica del Estado y de Medios Estatales se transfieran a la nueva entidad aut\u00f3noma en un plazo de 30 d\u00edas calendario.<\/p>\n<p>Respecto al personal, el decreto se\u00f1ala que podr\u00e1 incorporarse a la instituci\u00f3n p\u00fablica descentralizada de acuerdo con la estructura salarial aprobada.<\/p>\n<p>\u201cLa implementaci\u00f3n del presente Decreto Supremo no representar\u00e1 recursos adicionales del Tesoro General de la Naci\u00f3n \u2013 TGN. El se\u00f1or Ministro de Estado en el Despacho de la Presidencia, queda encargado de la ejecuci\u00f3n y cumplimiento del presente Decreto Supremo\u201d, agrega.<\/p>\n<p>ANTECEDENTES<\/p>\n<p>Semanas atr\u00e1s, el presidente del Estado, Rodrigo Paz Pereira, promulg\u00f3 un decreto que dispuso que la Direcci\u00f3n de Comunicaci\u00f3n Estrat\u00e9gica pase a depender de la Presidencia del Estado y se fusione con la vocer\u00eda presidencial.<\/p>\n<p>La norma tambi\u00e9n estableci\u00f3 que la Unidad de Medios Estatales contin\u00fae bajo tuici\u00f3n del Ministerio de la Presidencia.<\/p>\n","protected":false},"excerpt":{"rendered":"<p>El Gobierno cre\u00f3, mediante el Decreto Supremo 5566, la Unidad de Comunicaci\u00f3n Estrat\u00e9gica del Estado como entidad descentralizada bajo tuici\u00f3n del Ministerio de la Presidencia. La m\u00e1xima autoridad ser\u00e1 un director o directora general ejecutiva, designado por el presidente del Estado, Rodrigo Paz Pereira. La nueva entidad tendr\u00e1 entre sus atribuciones dise\u00f1ar pol\u00edticas y estrategias [&hellip;]<\/p>\n","protected":false},"author":1,"featured_media":373385,"comment_status":"closed","ping_status":"open","sticky":false,"template":"","format":"standard","meta":{"_acf_changed":false,"footnotes":""},"categories":[14],"tags":[],"class_list":["post-373384","post","type-post","status-publish","format-standard","has-post-thumbnail","category-politica"],"acf":{"antetitulo":""},"yoast_head":"<!-- This site is optimized with the Yoast SEO plugin v28.4 - https:\/\/yoast.com\/product\/yoast-seo-wordpress\/ -->\n<title>Crean Unidad descentralizada de Comunicaci\u00f3n Estrat\u00e9gica - El Diario - Bolivia<\/title>\n<meta name=\"robots\" content=\"index, follow, max-snippet:-1, max-image-preview:large, max-video-preview:-1\" \/>\n<link rel=\"canonical\" href=\"https:\/\/www.eldiario.net\/portal\/2026\/03\/05\/crean-unidad-descentralizada-de-comunicacion-estrategica\/\" \/>\n<meta property=\"og:locale\" content=\"es_ES\" \/>\n<meta property=\"og:type\" content=\"article\" \/>\n<meta property=\"og:title\" content=\"Crean Unidad descentralizada de Comunicaci\u00f3n Estrat\u00e9gica - El Diario - Bolivia\" \/>\n<meta property=\"og:description\" content=\"El Gobierno cre\u00f3, mediante el Decreto Supremo 5566, la Unidad de Comunicaci\u00f3n Estrat\u00e9gica del Estado como entidad descentralizada bajo tuici\u00f3n del Ministerio de la Presidencia. La m\u00e1xima autoridad ser\u00e1 un director o directora general ejecutiva, designado por el presidente del Estado, Rodrigo Paz Pereira. La nueva entidad tendr\u00e1 entre sus atribuciones dise\u00f1ar pol\u00edticas y estrategias [&hellip;]\" \/>\n<meta property=\"og:url\" content=\"https:\/\/www.eldiario.net\/portal\/2026\/03\/05\/crean-unidad-descentralizada-de-comunicacion-estrategica\/\" \/>\n<meta property=\"og:site_name\" content=\"El Diario - Bolivia\" \/>\n<meta property=\"article:publisher\" content=\"https:\/\/www.facebook.com\/eldiario.bolivia\/\" \/>\n<meta property=\"article:published_time\" content=\"2026-03-05T10:55:51+00:00\" \/>\n<meta property=\"og:image\" content=\"https:\/\/www.eldiario.net\/portal\/wp-content\/uploads\/2026\/03\/CREAN-FOTO.webp\" \/>\n\t<meta property=\"og:image:width\" content=\"433\" \/>\n\t<meta property=\"og:image:height\" content=\"298\" \/>\n\t<meta property=\"og:image:type\" content=\"image\/webp\" \/>\n<meta name=\"author\" content=\"Jeanette\" \/>\n<meta name=\"twitter:card\" content=\"summary_large_image\" \/>\n<meta name=\"twitter:creator\" content=\"@eldiario_net\" \/>\n<meta name=\"twitter:site\" content=\"@eldiario_net\" \/>\n<meta name=\"twitter:label1\" content=\"Escrito por\" \/>\n\t<meta name=\"twitter:data1\" content=\"Jeanette\" \/>\n\t<meta name=\"twitter:label2\" content=\"Tiempo de lectura\" \/>\n\t<meta name=\"twitter:data2\" content=\"3 minutos\" \/>\n<script type=\"application\/ld+json\" class=\"yoast-schema-graph\">{\"@context\":\"https:\\\/\\\/schema.org\",\"@graph\":[{\"@type\":\"Article\",\"@id\":\"https:\\\/\\\/www.eldiario.net\\\/portal\\\/2026\\\/03\\\/05\\\/crean-unidad-descentralizada-de-comunicacion-estrategica\\\/#article\",\"isPartOf\":{\"@id\":\"https:\\\/\\\/www.eldiario.net\\\/portal\\\/2026\\\/03\\\/05\\\/crean-unidad-descentralizada-de-comunicacion-estrategica\\\/\"},\"author\":{\"name\":\"Jeanette\",\"@id\":\"https:\\\/\\\/www.eldiario.net\\\/portal\\\/#\\\/schema\\\/person\\\/f46445640444750d7d753ccd04ae01b7\"},\"headline\":\"Crean Unidad descentralizada de Comunicaci\u00f3n Estrat\u00e9gica\",\"datePublished\":\"2026-03-05T10:55:51+00:00\",\"mainEntityOfPage\":{\"@id\":\"https:\\\/\\\/www.eldiario.net\\\/portal\\\/2026\\\/03\\\/05\\\/crean-unidad-descentralizada-de-comunicacion-estrategica\\\/\"},\"wordCount\":554,\"publisher\":{\"@id\":\"https:\\\/\\\/www.eldiario.net\\\/portal\\\/#organization\"},\"image\":{\"@id\":\"https:\\\/\\\/www.eldiario.net\\\/portal\\\/2026\\\/03\\\/05\\\/crean-unidad-descentralizada-de-comunicacion-estrategica\\\/#primaryimage\"},\"thumbnailUrl\":\"https:\\\/\\\/www.eldiario.net\\\/portal\\\/wp-content\\\/uploads\\\/2026\\\/03\\\/CREAN-FOTO.webp\",\"articleSection\":[\"Pol\u00edtica\"],\"inLanguage\":\"es\"},{\"@type\":\"WebPage\",\"@id\":\"https:\\\/\\\/www.eldiario.net\\\/portal\\\/2026\\\/03\\\/05\\\/crean-unidad-descentralizada-de-comunicacion-estrategica\\\/\",\"url\":\"https:\\\/\\\/www.eldiario.net\\\/portal\\\/2026\\\/03\\\/05\\\/crean-unidad-descentralizada-de-comunicacion-estrategica\\\/\",\"name\":\"Crean Unidad descentralizada de Comunicaci\u00f3n Estrat\u00e9gica - El Diario - Bolivia\",\"isPartOf\":{\"@id\":\"https:\\\/\\\/www.eldiario.net\\\/portal\\\/#website\"},\"primaryImageOfPage\":{\"@id\":\"https:\\\/\\\/www.eldiario.net\\\/portal\\\/2026\\\/03\\\/05\\\/crean-unidad-descentralizada-de-comunicacion-estrategica\\\/#primaryimage\"},\"image\":{\"@id\":\"https:\\\/\\\/www.eldiario.net\\\/portal\\\/2026\\\/03\\\/05\\\/crean-unidad-descentralizada-de-comunicacion-estrategica\\\/#primaryimage\"},\"thumbnailUrl\":\"https:\\\/\\\/www.eldiario.net\\\/portal\\\/wp-content\\\/uploads\\\/2026\\\/03\\\/CREAN-FOTO.webp\",\"datePublished\":\"2026-03-05T10:55:51+00:00\",\"breadcrumb\":{\"@id\":\"https:\\\/\\\/www.eldiario.net\\\/portal\\\/2026\\\/03\\\/05\\\/crean-unidad-descentralizada-de-comunicacion-estrategica\\\/#breadcrumb\"},\"inLanguage\":\"es\",\"potentialAction\":[{\"@type\":\"ReadAction\",\"target\":[\"https:\\\/\\\/www.eldiario.net\\\/portal\\\/2026\\\/03\\\/05\\\/crean-unidad-descentralizada-de-comunicacion-estrategica\\\/\"]}]},{\"@type\":\"ImageObject\",\"inLanguage\":\"es\",\"@id\":\"https:\\\/\\\/www.eldiario.net\\\/portal\\\/2026\\\/03\\\/05\\\/crean-unidad-descentralizada-de-comunicacion-estrategica\\\/#primaryimage\",\"url\":\"https:\\\/\\\/www.eldiario.net\\\/portal\\\/wp-content\\\/uploads\\\/2026\\\/03\\\/CREAN-FOTO.webp\",\"contentUrl\":\"https:\\\/\\\/www.eldiario.net\\\/portal\\\/wp-content\\\/uploads\\\/2026\\\/03\\\/CREAN-FOTO.webp\",\"width\":433,\"height\":298,\"caption\":\"La periodista Ximena Galarza, cuando fue posesionada como Directora de Comunicaci\u00f3n Estrat\u00e9gica. FOTO: Captura de pantalla BTV\"},{\"@type\":\"BreadcrumbList\",\"@id\":\"https:\\\/\\\/www.eldiario.net\\\/portal\\\/2026\\\/03\\\/05\\\/crean-unidad-descentralizada-de-comunicacion-estrategica\\\/#breadcrumb\",\"itemListElement\":[{\"@type\":\"ListItem\",\"position\":1,\"name\":\"Portada\",\"item\":\"https:\\\/\\\/www.eldiario.net\\\/portal\\\/\"},{\"@type\":\"ListItem\",\"position\":2,\"name\":\"Crean Unidad descentralizada de Comunicaci\u00f3n Estrat\u00e9gica\"}]},{\"@type\":\"WebSite\",\"@id\":\"https:\\\/\\\/www.eldiario.net\\\/portal\\\/#website\",\"url\":\"https:\\\/\\\/www.eldiario.net\\\/portal\\\/\",\"name\":\"El Diario - Decano de la prensa nacional\",\"description\":\"El Diario - Decano de la prensa nacional\",\"publisher\":{\"@id\":\"https:\\\/\\\/www.eldiario.net\\\/portal\\\/#organization\"},\"potentialAction\":[{\"@type\":\"SearchAction\",\"target\":{\"@type\":\"EntryPoint\",\"urlTemplate\":\"https:\\\/\\\/www.eldiario.net\\\/portal\\\/?s={search_term_string}\"},\"query-input\":{\"@type\":\"PropertyValueSpecification\",\"valueRequired\":true,\"valueName\":\"search_term_string\"}}],\"inLanguage\":\"es\"},{\"@type\":\"Organization\",\"@id\":\"https:\\\/\\\/www.eldiario.net\\\/portal\\\/#organization\",\"name\":\"El Diario - Decano de la prensa nacional\",\"url\":\"https:\\\/\\\/www.eldiario.net\\\/portal\\\/\",\"logo\":{\"@type\":\"ImageObject\",\"inLanguage\":\"es\",\"@id\":\"https:\\\/\\\/www.eldiario.net\\\/portal\\\/#\\\/schema\\\/logo\\\/image\\\/\",\"url\":\"https:\\\/\\\/www.eldiario.net\\\/portal\\\/wp-content\\\/uploads\\\/2023\\\/07\\\/logo_ED.jpg\",\"contentUrl\":\"https:\\\/\\\/www.eldiario.net\\\/portal\\\/wp-content\\\/uploads\\\/2023\\\/07\\\/logo_ED.jpg\",\"width\":272,\"height\":52,\"caption\":\"El Diario - Decano de la prensa nacional\"},\"image\":{\"@id\":\"https:\\\/\\\/www.eldiario.net\\\/portal\\\/#\\\/schema\\\/logo\\\/image\\\/\"},\"sameAs\":[\"https:\\\/\\\/www.facebook.com\\\/eldiario.bolivia\\\/\",\"https:\\\/\\\/x.com\\\/eldiario_net\"]},{\"@type\":\"Person\",\"@id\":\"https:\\\/\\\/www.eldiario.net\\\/portal\\\/#\\\/schema\\\/person\\\/f46445640444750d7d753ccd04ae01b7\",\"name\":\"Jeanette\",\"image\":{\"@type\":\"ImageObject\",\"inLanguage\":\"es\",\"@id\":\"https:\\\/\\\/secure.gravatar.com\\\/avatar\\\/3ea2118a5f7dad2b7138b1187a6b7ee55f160b9968b66013c3a3ef39dd7e5798?s=96&d=mm&r=g\",\"url\":\"https:\\\/\\\/secure.gravatar.com\\\/avatar\\\/3ea2118a5f7dad2b7138b1187a6b7ee55f160b9968b66013c3a3ef39dd7e5798?s=96&d=mm&r=g\",\"contentUrl\":\"https:\\\/\\\/secure.gravatar.com\\\/avatar\\\/3ea2118a5f7dad2b7138b1187a6b7ee55f160b9968b66013c3a3ef39dd7e5798?s=96&d=mm&r=g\",\"caption\":\"Jeanette\"},\"sameAs\":[\"https:\\\/\\\/www.eldiario.net\\\/portal\"],\"url\":\"https:\\\/\\\/www.eldiario.net\\\/portal\\\/author\\\/jeanette\\\/\"}]}<\/script>\n<!-- \/ Yoast SEO plugin. -->","yoast_head_json":{"title":"Crean Unidad descentralizada de Comunicaci\u00f3n Estrat\u00e9gica - El Diario - Bolivia","robots":{"index":"index","follow":"follow","max-snippet":"max-snippet:-1","max-image-preview":"max-image-preview:large","max-video-preview":"max-video-preview:-1"},"canonical":"https:\/\/www.eldiario.net\/portal\/2026\/03\/05\/crean-unidad-descentralizada-de-comunicacion-estrategica\/","og_locale":"es_ES","og_type":"article","og_title":"Crean Unidad descentralizada de Comunicaci\u00f3n Estrat\u00e9gica - El Diario - Bolivia","og_description":"El Gobierno cre\u00f3, mediante el Decreto Supremo 5566, la Unidad de Comunicaci\u00f3n Estrat\u00e9gica del Estado como entidad descentralizada bajo tuici\u00f3n del Ministerio de la Presidencia. La m\u00e1xima autoridad ser\u00e1 un director o directora general ejecutiva, designado por el presidente del Estado, Rodrigo Paz Pereira. La nueva entidad tendr\u00e1 entre sus atribuciones dise\u00f1ar pol\u00edticas y estrategias [&hellip;]","og_url":"https:\/\/www.eldiario.net\/portal\/2026\/03\/05\/crean-unidad-descentralizada-de-comunicacion-estrategica\/","og_site_name":"El Diario - Bolivia","article_publisher":"https:\/\/www.facebook.com\/eldiario.bolivia\/","article_published_time":"2026-03-05T10:55:51+00:00","og_image":[{"width":433,"height":298,"url":"https:\/\/www.eldiario.net\/portal\/wp-content\/uploads\/2026\/03\/CREAN-FOTO.webp","type":"image\/webp"}],"author":"Jeanette","twitter_card":"summary_large_image","twitter_creator":"@eldiario_net","twitter_site":"@eldiario_net","twitter_misc":{"Escrito por":"Jeanette","Tiempo de lectura":"3 minutos"},"schema":{"@context":"https:\/\/schema.org","@graph":[{"@type":"Article","@id":"https:\/\/www.eldiario.net\/portal\/2026\/03\/05\/crean-unidad-descentralizada-de-comunicacion-estrategica\/#article","isPartOf":{"@id":"https:\/\/www.eldiario.net\/portal\/2026\/03\/05\/crean-unidad-descentralizada-de-comunicacion-estrategica\/"},"author":{"name":"Jeanette","@id":"https:\/\/www.eldiario.net\/portal\/#\/schema\/person\/f46445640444750d7d753ccd04ae01b7"},"headline":"Crean Unidad descentralizada de Comunicaci\u00f3n Estrat\u00e9gica","datePublished":"2026-03-05T10:55:51+00:00","mainEntityOfPage":{"@id":"https:\/\/www.eldiario.net\/portal\/2026\/03\/05\/crean-unidad-descentralizada-de-comunicacion-estrategica\/"},"wordCount":554,"publisher":{"@id":"https:\/\/www.eldiario.net\/portal\/#organization"},"image":{"@id":"https:\/\/www.eldiario.net\/portal\/2026\/03\/05\/crean-unidad-descentralizada-de-comunicacion-estrategica\/#primaryimage"},"thumbnailUrl":"https:\/\/www.eldiario.net\/portal\/wp-content\/uploads\/2026\/03\/CREAN-FOTO.webp","articleSection":["Pol\u00edtica"],"inLanguage":"es"},{"@type":"WebPage","@id":"https:\/\/www.eldiario.net\/portal\/2026\/03\/05\/crean-unidad-descentralizada-de-comunicacion-estrategica\/","url":"https:\/\/www.eldiario.net\/portal\/2026\/03\/05\/crean-unidad-descentralizada-de-comunicacion-estrategica\/","name":"Crean Unidad descentralizada de Comunicaci\u00f3n Estrat\u00e9gica - El Diario - Bolivia","isPartOf":{"@id":"https:\/\/www.eldiario.net\/portal\/#website"},"primaryImageOfPage":{"@id":"https:\/\/www.eldiario.net\/portal\/2026\/03\/05\/crean-unidad-descentralizada-de-comunicacion-estrategica\/#primaryimage"},"image":{"@id":"https:\/\/www.eldiario.net\/portal\/2026\/03\/05\/crean-unidad-descentralizada-de-comunicacion-estrategica\/#primaryimage"},"thumbnailUrl":"https:\/\/www.eldiario.net\/portal\/wp-content\/uploads\/2026\/03\/CREAN-FOTO.webp","datePublished":"2026-03-05T10:55:51+00:00","breadcrumb":{"@id":"https:\/\/www.eldiario.net\/portal\/2026\/03\/05\/crean-unidad-descentralizada-de-comunicacion-estrategica\/#breadcrumb"},"inLanguage":"es","potentialAction":[{"@type":"ReadAction","target":["https:\/\/www.eldiario.net\/portal\/2026\/03\/05\/crean-unidad-descentralizada-de-comunicacion-estrategica\/"]}]},{"@type":"ImageObject","inLanguage":"es","@id":"https:\/\/www.eldiario.net\/portal\/2026\/03\/05\/crean-unidad-descentralizada-de-comunicacion-estrategica\/#primaryimage","url":"https:\/\/www.eldiario.net\/portal\/wp-content\/uploads\/2026\/03\/CREAN-FOTO.webp","contentUrl":"https:\/\/www.eldiario.net\/portal\/wp-content\/uploads\/2026\/03\/CREAN-FOTO.webp","width":433,"height":298,"caption":"La periodista Ximena Galarza, cuando fue posesionada como Directora de Comunicaci\u00f3n Estrat\u00e9gica. FOTO: Captura de pantalla BTV"},{"@type":"BreadcrumbList","@id":"https:\/\/www.eldiario.net\/portal\/2026\/03\/05\/crean-unidad-descentralizada-de-comunicacion-estrategica\/#breadcrumb","itemListElement":[{"@type":"ListItem","position":1,"name":"Portada","item":"https:\/\/www.eldiario.net\/portal\/"},{"@type":"ListItem","position":2,"name":"Crean Unidad descentralizada de Comunicaci\u00f3n Estrat\u00e9gica"}]},{"@type":"WebSite","@id":"https:\/\/www.eldiario.net\/portal\/#website","url":"https:\/\/www.eldiario.net\/portal\/","name":"El Diario - Decano de la prensa nacional","description":"El Diario - Decano de la prensa nacional","publisher":{"@id":"https:\/\/www.eldiario.net\/portal\/#organization"},"potentialAction":[{"@type":"SearchAction","target":{"@type":"EntryPoint","urlTemplate":"https:\/\/www.eldiario.net\/portal\/?s={search_term_string}"},"query-input":{"@type":"PropertyValueSpecification","valueRequired":true,"valueName":"search_term_string"}}],"inLanguage":"es"},{"@type":"Organization","@id":"https:\/\/www.eldiario.net\/portal\/#organization","name":"El Diario - Decano de la prensa nacional","url":"https:\/\/www.eldiario.net\/portal\/","logo":{"@type":"ImageObject","inLanguage":"es","@id":"https:\/\/www.eldiario.net\/portal\/#\/schema\/logo\/image\/","url":"https:\/\/www.eldiario.net\/portal\/wp-content\/uploads\/2023\/07\/logo_ED.jpg","contentUrl":"https:\/\/www.eldiario.net\/portal\/wp-content\/uploads\/2023\/07\/logo_ED.jpg","width":272,"height":52,"caption":"El Diario - Decano de la prensa nacional"},"image":{"@id":"https:\/\/www.eldiario.net\/portal\/#\/schema\/logo\/image\/"},"sameAs":["https:\/\/www.facebook.com\/eldiario.bolivia\/","https:\/\/x.com\/eldiario_net"]},{"@type":"Person","@id":"https:\/\/www.eldiario.net\/portal\/#\/schema\/person\/f46445640444750d7d753ccd04ae01b7","name":"Jeanette","image":{"@type":"ImageObject","inLanguage":"es","@id":"https:\/\/secure.gravatar.com\/avatar\/3ea2118a5f7dad2b7138b1187a6b7ee55f160b9968b66013c3a3ef39dd7e5798?s=96&d=mm&r=g","url":"https:\/\/secure.gravatar.com\/avatar\/3ea2118a5f7dad2b7138b1187a6b7ee55f160b9968b66013c3a3ef39dd7e5798?s=96&d=mm&r=g","contentUrl":"https:\/\/secure.gravatar.com\/avatar\/3ea2118a5f7dad2b7138b1187a6b7ee55f160b9968b66013c3a3ef39dd7e5798?s=96&d=mm&r=g","caption":"Jeanette"},"sameAs":["https:\/\/www.eldiario.net\/portal"],"url":"https:\/\/www.eldiario.net\/portal\/author\/jeanette\/"}]}},"_links":{"self":[{"href":"https:\/\/www.eldiario.net\/portal\/wp-json\/wp\/v2\/posts\/373384","targetHints":{"allow":["GET"]}}],"collection":[{"href":"https:\/\/www.eldiario.net\/portal\/wp-json\/wp\/v2\/posts"}],"about":[{"href":"https:\/\/www.eldiario.net\/portal\/wp-json\/wp\/v2\/types\/post"}],"author":[{"embeddable":true,"href":"https:\/\/www.eldiario.net\/portal\/wp-json\/wp\/v2\/users\/1"}],"replies":[{"embeddable":true,"href":"https:\/\/www.eldiario.net\/portal\/wp-json\/wp\/v2\/comments?post=373384"}],"version-history":[{"count":1,"href":"https:\/\/www.eldiario.net\/portal\/wp-json\/wp\/v2\/posts\/373384\/revisions"}],"predecessor-version":[{"id":373386,"href":"https:\/\/www.eldiario.net\/portal\/wp-json\/wp\/v2\/posts\/373384\/revisions\/373386"}],"wp:featuredmedia":[{"embeddable":true,"href":"https:\/\/www.eldiario.net\/portal\/wp-json\/wp\/v2\/media\/373385"}],"wp:attachment":[{"href":"https:\/\/www.eldiario.net\/portal\/wp-json\/wp\/v2\/media?parent=373384"}],"wp:term":[{"taxonomy":"category","embeddable":true,"href":"https:\/\/www.eldiario.net\/portal\/wp-json\/wp\/v2\/categories?post=373384"},{"taxonomy":"post_tag","embeddable":true,"href":"https:\/\/www.eldiario.net\/portal\/wp-json\/wp\/v2\/tags?post=373384"}],"curies":[{"name":"wp","href":"https:\/\/api.w.org\/{rel}","templated":true}]}}