{"id":373381,"date":"2026-03-05T06:55:16","date_gmt":"2026-03-05T10:55:16","guid":{"rendered":"https:\/\/www.eldiario.net\/portal\/?p=373381"},"modified":"2026-03-05T06:55:16","modified_gmt":"2026-03-05T10:55:16","slug":"lupo-y-lara-viabilizaran-implementacion-del-ds-5552","status":"publish","type":"post","link":"https:\/\/www.eldiario.net\/portal\/2026\/03\/05\/lupo-y-lara-viabilizaran-implementacion-del-ds-5552\/","title":{"rendered":"Lupo y Lara viabilizar\u00e1n  implementaci\u00f3n del DS 5552"},"content":{"rendered":"<p>El vicepresidente del Estado, Edmand Lara, y el ministro de la Presidencia, Jos\u00e9 Luis Lupo, se reunieron ayer para coordinar la implementaci\u00f3n del Decreto Supremo 5552 que reestructura la Vicepresidencia.<\/p>\n<p>El encuentro se dio en medio de cuestionamientos sobre la situaci\u00f3n administrativa de la Vicepresidencia, luego de que Lara solicit\u00f3 p\u00fablicamente, a trav\u00e9s de redes sociales, una reuni\u00f3n de coordinaci\u00f3n con el ministro.<\/p>\n<p>\u201cHemos tenido una reuni\u00f3n muy cordial, muy efectiva y muy buena con el se\u00f1or vicepresidente para poder implementar el Decreto Supremo 5552 y cuyo primer tema es garantizar absolutamente todas las actividades relacionadas con el Legislativo\u201d, afirm\u00f3 Lupo.<\/p>\n<p>Asegur\u00f3 que se garantizar\u00e1n las herramientas necesarias para el normal funcionamiento del despacho vicepresidencial.<\/p>\n<p>La autoridad indic\u00f3 que se estructur\u00f3 un organigrama funcional en las \u00e1reas absorbidas por su cartera.<\/p>\n<p>Lara hab\u00eda denunciado p\u00fablicamente que la Vicepresidencia fue dejada sin personal ni recursos b\u00e1sicos tras la emisi\u00f3n del decreto.<\/p>\n<p>Tambi\u00e9n cuestion\u00f3 que la contrataci\u00f3n de asesores y equipo t\u00e9cnico dependa del Ministerio de la Presidencia, lo que \u2014seg\u00fan dijo\u2014 afecta la autonom\u00eda institucional. (Erbol)<\/p>\n","protected":false},"excerpt":{"rendered":"<p>El vicepresidente del Estado, Edmand Lara, y el ministro de la Presidencia, Jos\u00e9 Luis Lupo, se reunieron ayer para coordinar la implementaci\u00f3n del Decreto Supremo 5552 que reestructura la Vicepresidencia. El encuentro se dio en medio de cuestionamientos sobre la situaci\u00f3n administrativa de la Vicepresidencia, luego de que Lara solicit\u00f3 p\u00fablicamente, a trav\u00e9s de redes [&hellip;]<\/p>\n","protected":false},"author":1,"featured_media":373382,"comment_status":"closed","ping_status":"open","sticky":false,"template":"","format":"standard","meta":{"_acf_changed":false,"footnotes":""},"categories":[14],"tags":[],"class_list":["post-373381","post","type-post","status-publish","format-standard","has-post-thumbnail","category-politica"],"acf":{"antetitulo":""},"yoast_head":"<!-- This site is optimized with the Yoast SEO plugin v28.4 - https:\/\/yoast.com\/product\/yoast-seo-wordpress\/ -->\n<title>Lupo y Lara viabilizar\u00e1n implementaci\u00f3n del DS 5552 - El Diario - Bolivia<\/title>\n<meta name=\"robots\" content=\"index, follow, max-snippet:-1, max-image-preview:large, max-video-preview:-1\" \/>\n<link rel=\"canonical\" href=\"https:\/\/www.eldiario.net\/portal\/2026\/03\/05\/lupo-y-lara-viabilizaran-implementacion-del-ds-5552\/\" \/>\n<meta property=\"og:locale\" content=\"es_ES\" \/>\n<meta property=\"og:type\" content=\"article\" \/>\n<meta property=\"og:title\" content=\"Lupo y Lara viabilizar\u00e1n implementaci\u00f3n del DS 5552 - El Diario - Bolivia\" \/>\n<meta property=\"og:description\" content=\"El vicepresidente del Estado, Edmand Lara, y el ministro de la Presidencia, Jos\u00e9 Luis Lupo, se reunieron ayer para coordinar la implementaci\u00f3n del Decreto Supremo 5552 que reestructura la Vicepresidencia. El encuentro se dio en medio de cuestionamientos sobre la situaci\u00f3n administrativa de la Vicepresidencia, luego de que Lara solicit\u00f3 p\u00fablicamente, a trav\u00e9s de redes [&hellip;]\" \/>\n<meta property=\"og:url\" content=\"https:\/\/www.eldiario.net\/portal\/2026\/03\/05\/lupo-y-lara-viabilizaran-implementacion-del-ds-5552\/\" \/>\n<meta property=\"og:site_name\" content=\"El Diario - Bolivia\" \/>\n<meta property=\"article:publisher\" content=\"https:\/\/www.facebook.com\/eldiario.bolivia\/\" \/>\n<meta property=\"article:published_time\" content=\"2026-03-05T10:55:16+00:00\" \/>\n<meta property=\"og:image\" content=\"https:\/\/www.eldiario.net\/portal\/wp-content\/uploads\/2026\/03\/LUPO-FOTO.webp\" \/>\n\t<meta property=\"og:image:width\" content=\"905\" \/>\n\t<meta property=\"og:image:height\" content=\"573\" \/>\n\t<meta property=\"og:image:type\" content=\"image\/webp\" \/>\n<meta name=\"author\" content=\"Jeanette\" \/>\n<meta name=\"twitter:card\" content=\"summary_large_image\" \/>\n<meta name=\"twitter:creator\" content=\"@eldiario_net\" \/>\n<meta name=\"twitter:site\" content=\"@eldiario_net\" \/>\n<meta name=\"twitter:label1\" content=\"Escrito por\" \/>\n\t<meta name=\"twitter:data1\" content=\"Jeanette\" \/>\n\t<meta name=\"twitter:label2\" content=\"Tiempo de lectura\" \/>\n\t<meta name=\"twitter:data2\" content=\"2 minutos\" \/>\n<script type=\"application\/ld+json\" class=\"yoast-schema-graph\">{\"@context\":\"https:\\\/\\\/schema.org\",\"@graph\":[{\"@type\":\"Article\",\"@id\":\"https:\\\/\\\/www.eldiario.net\\\/portal\\\/2026\\\/03\\\/05\\\/lupo-y-lara-viabilizaran-implementacion-del-ds-5552\\\/#article\",\"isPartOf\":{\"@id\":\"https:\\\/\\\/www.eldiario.net\\\/portal\\\/2026\\\/03\\\/05\\\/lupo-y-lara-viabilizaran-implementacion-del-ds-5552\\\/\"},\"author\":{\"name\":\"Jeanette\",\"@id\":\"https:\\\/\\\/www.eldiario.net\\\/portal\\\/#\\\/schema\\\/person\\\/f46445640444750d7d753ccd04ae01b7\"},\"headline\":\"Lupo y Lara viabilizar\u00e1n implementaci\u00f3n del DS 5552\",\"datePublished\":\"2026-03-05T10:55:16+00:00\",\"mainEntityOfPage\":{\"@id\":\"https:\\\/\\\/www.eldiario.net\\\/portal\\\/2026\\\/03\\\/05\\\/lupo-y-lara-viabilizaran-implementacion-del-ds-5552\\\/\"},\"wordCount\":200,\"publisher\":{\"@id\":\"https:\\\/\\\/www.eldiario.net\\\/portal\\\/#organization\"},\"image\":{\"@id\":\"https:\\\/\\\/www.eldiario.net\\\/portal\\\/2026\\\/03\\\/05\\\/lupo-y-lara-viabilizaran-implementacion-del-ds-5552\\\/#primaryimage\"},\"thumbnailUrl\":\"https:\\\/\\\/www.eldiario.net\\\/portal\\\/wp-content\\\/uploads\\\/2026\\\/03\\\/LUPO-FOTO.webp\",\"articleSection\":[\"Pol\u00edtica\"],\"inLanguage\":\"es\"},{\"@type\":\"WebPage\",\"@id\":\"https:\\\/\\\/www.eldiario.net\\\/portal\\\/2026\\\/03\\\/05\\\/lupo-y-lara-viabilizaran-implementacion-del-ds-5552\\\/\",\"url\":\"https:\\\/\\\/www.eldiario.net\\\/portal\\\/2026\\\/03\\\/05\\\/lupo-y-lara-viabilizaran-implementacion-del-ds-5552\\\/\",\"name\":\"Lupo y Lara viabilizar\u00e1n implementaci\u00f3n del DS 5552 - El Diario - Bolivia\",\"isPartOf\":{\"@id\":\"https:\\\/\\\/www.eldiario.net\\\/portal\\\/#website\"},\"primaryImageOfPage\":{\"@id\":\"https:\\\/\\\/www.eldiario.net\\\/portal\\\/2026\\\/03\\\/05\\\/lupo-y-lara-viabilizaran-implementacion-del-ds-5552\\\/#primaryimage\"},\"image\":{\"@id\":\"https:\\\/\\\/www.eldiario.net\\\/portal\\\/2026\\\/03\\\/05\\\/lupo-y-lara-viabilizaran-implementacion-del-ds-5552\\\/#primaryimage\"},\"thumbnailUrl\":\"https:\\\/\\\/www.eldiario.net\\\/portal\\\/wp-content\\\/uploads\\\/2026\\\/03\\\/LUPO-FOTO.webp\",\"datePublished\":\"2026-03-05T10:55:16+00:00\",\"breadcrumb\":{\"@id\":\"https:\\\/\\\/www.eldiario.net\\\/portal\\\/2026\\\/03\\\/05\\\/lupo-y-lara-viabilizaran-implementacion-del-ds-5552\\\/#breadcrumb\"},\"inLanguage\":\"es\",\"potentialAction\":[{\"@type\":\"ReadAction\",\"target\":[\"https:\\\/\\\/www.eldiario.net\\\/portal\\\/2026\\\/03\\\/05\\\/lupo-y-lara-viabilizaran-implementacion-del-ds-5552\\\/\"]}]},{\"@type\":\"ImageObject\",\"inLanguage\":\"es\",\"@id\":\"https:\\\/\\\/www.eldiario.net\\\/portal\\\/2026\\\/03\\\/05\\\/lupo-y-lara-viabilizaran-implementacion-del-ds-5552\\\/#primaryimage\",\"url\":\"https:\\\/\\\/www.eldiario.net\\\/portal\\\/wp-content\\\/uploads\\\/2026\\\/03\\\/LUPO-FOTO.webp\",\"contentUrl\":\"https:\\\/\\\/www.eldiario.net\\\/portal\\\/wp-content\\\/uploads\\\/2026\\\/03\\\/LUPO-FOTO.webp\",\"width\":905,\"height\":573,\"caption\":\"El vicepresidente del Estado, Edmand Lara, junto al ministro de la Presidencia, Jos\u00e9 Luis Lupo. Foto: Presidencia\"},{\"@type\":\"BreadcrumbList\",\"@id\":\"https:\\\/\\\/www.eldiario.net\\\/portal\\\/2026\\\/03\\\/05\\\/lupo-y-lara-viabilizaran-implementacion-del-ds-5552\\\/#breadcrumb\",\"itemListElement\":[{\"@type\":\"ListItem\",\"position\":1,\"name\":\"Portada\",\"item\":\"https:\\\/\\\/www.eldiario.net\\\/portal\\\/\"},{\"@type\":\"ListItem\",\"position\":2,\"name\":\"Lupo y Lara viabilizar\u00e1n implementaci\u00f3n del DS 5552\"}]},{\"@type\":\"WebSite\",\"@id\":\"https:\\\/\\\/www.eldiario.net\\\/portal\\\/#website\",\"url\":\"https:\\\/\\\/www.eldiario.net\\\/portal\\\/\",\"name\":\"El Diario - Decano de la prensa nacional\",\"description\":\"El Diario - Decano de la prensa nacional\",\"publisher\":{\"@id\":\"https:\\\/\\\/www.eldiario.net\\\/portal\\\/#organization\"},\"potentialAction\":[{\"@type\":\"SearchAction\",\"target\":{\"@type\":\"EntryPoint\",\"urlTemplate\":\"https:\\\/\\\/www.eldiario.net\\\/portal\\\/?s={search_term_string}\"},\"query-input\":{\"@type\":\"PropertyValueSpecification\",\"valueRequired\":true,\"valueName\":\"search_term_string\"}}],\"inLanguage\":\"es\"},{\"@type\":\"Organization\",\"@id\":\"https:\\\/\\\/www.eldiario.net\\\/portal\\\/#organization\",\"name\":\"El Diario - Decano de la prensa nacional\",\"url\":\"https:\\\/\\\/www.eldiario.net\\\/portal\\\/\",\"logo\":{\"@type\":\"ImageObject\",\"inLanguage\":\"es\",\"@id\":\"https:\\\/\\\/www.eldiario.net\\\/portal\\\/#\\\/schema\\\/logo\\\/image\\\/\",\"url\":\"https:\\\/\\\/www.eldiario.net\\\/portal\\\/wp-content\\\/uploads\\\/2023\\\/07\\\/logo_ED.jpg\",\"contentUrl\":\"https:\\\/\\\/www.eldiario.net\\\/portal\\\/wp-content\\\/uploads\\\/2023\\\/07\\\/logo_ED.jpg\",\"width\":272,\"height\":52,\"caption\":\"El Diario - Decano de la prensa nacional\"},\"image\":{\"@id\":\"https:\\\/\\\/www.eldiario.net\\\/portal\\\/#\\\/schema\\\/logo\\\/image\\\/\"},\"sameAs\":[\"https:\\\/\\\/www.facebook.com\\\/eldiario.bolivia\\\/\",\"https:\\\/\\\/x.com\\\/eldiario_net\"]},{\"@type\":\"Person\",\"@id\":\"https:\\\/\\\/www.eldiario.net\\\/portal\\\/#\\\/schema\\\/person\\\/f46445640444750d7d753ccd04ae01b7\",\"name\":\"Jeanette\",\"image\":{\"@type\":\"ImageObject\",\"inLanguage\":\"es\",\"@id\":\"https:\\\/\\\/secure.gravatar.com\\\/avatar\\\/3ea2118a5f7dad2b7138b1187a6b7ee55f160b9968b66013c3a3ef39dd7e5798?s=96&d=mm&r=g\",\"url\":\"https:\\\/\\\/secure.gravatar.com\\\/avatar\\\/3ea2118a5f7dad2b7138b1187a6b7ee55f160b9968b66013c3a3ef39dd7e5798?s=96&d=mm&r=g\",\"contentUrl\":\"https:\\\/\\\/secure.gravatar.com\\\/avatar\\\/3ea2118a5f7dad2b7138b1187a6b7ee55f160b9968b66013c3a3ef39dd7e5798?s=96&d=mm&r=g\",\"caption\":\"Jeanette\"},\"sameAs\":[\"https:\\\/\\\/www.eldiario.net\\\/portal\"],\"url\":\"https:\\\/\\\/www.eldiario.net\\\/portal\\\/author\\\/jeanette\\\/\"}]}<\/script>\n<!-- \/ Yoast SEO plugin. -->","yoast_head_json":{"title":"Lupo y Lara viabilizar\u00e1n implementaci\u00f3n del DS 5552 - El Diario - Bolivia","robots":{"index":"index","follow":"follow","max-snippet":"max-snippet:-1","max-image-preview":"max-image-preview:large","max-video-preview":"max-video-preview:-1"},"canonical":"https:\/\/www.eldiario.net\/portal\/2026\/03\/05\/lupo-y-lara-viabilizaran-implementacion-del-ds-5552\/","og_locale":"es_ES","og_type":"article","og_title":"Lupo y Lara viabilizar\u00e1n implementaci\u00f3n del DS 5552 - El Diario - Bolivia","og_description":"El vicepresidente del Estado, Edmand Lara, y el ministro de la Presidencia, Jos\u00e9 Luis Lupo, se reunieron ayer para coordinar la implementaci\u00f3n del Decreto Supremo 5552 que reestructura la Vicepresidencia. El encuentro se dio en medio de cuestionamientos sobre la situaci\u00f3n administrativa de la Vicepresidencia, luego de que Lara solicit\u00f3 p\u00fablicamente, a trav\u00e9s de redes [&hellip;]","og_url":"https:\/\/www.eldiario.net\/portal\/2026\/03\/05\/lupo-y-lara-viabilizaran-implementacion-del-ds-5552\/","og_site_name":"El Diario - Bolivia","article_publisher":"https:\/\/www.facebook.com\/eldiario.bolivia\/","article_published_time":"2026-03-05T10:55:16+00:00","og_image":[{"width":905,"height":573,"url":"https:\/\/www.eldiario.net\/portal\/wp-content\/uploads\/2026\/03\/LUPO-FOTO.webp","type":"image\/webp"}],"author":"Jeanette","twitter_card":"summary_large_image","twitter_creator":"@eldiario_net","twitter_site":"@eldiario_net","twitter_misc":{"Escrito por":"Jeanette","Tiempo de lectura":"2 minutos"},"schema":{"@context":"https:\/\/schema.org","@graph":[{"@type":"Article","@id":"https:\/\/www.eldiario.net\/portal\/2026\/03\/05\/lupo-y-lara-viabilizaran-implementacion-del-ds-5552\/#article","isPartOf":{"@id":"https:\/\/www.eldiario.net\/portal\/2026\/03\/05\/lupo-y-lara-viabilizaran-implementacion-del-ds-5552\/"},"author":{"name":"Jeanette","@id":"https:\/\/www.eldiario.net\/portal\/#\/schema\/person\/f46445640444750d7d753ccd04ae01b7"},"headline":"Lupo y Lara viabilizar\u00e1n implementaci\u00f3n del DS 5552","datePublished":"2026-03-05T10:55:16+00:00","mainEntityOfPage":{"@id":"https:\/\/www.eldiario.net\/portal\/2026\/03\/05\/lupo-y-lara-viabilizaran-implementacion-del-ds-5552\/"},"wordCount":200,"publisher":{"@id":"https:\/\/www.eldiario.net\/portal\/#organization"},"image":{"@id":"https:\/\/www.eldiario.net\/portal\/2026\/03\/05\/lupo-y-lara-viabilizaran-implementacion-del-ds-5552\/#primaryimage"},"thumbnailUrl":"https:\/\/www.eldiario.net\/portal\/wp-content\/uploads\/2026\/03\/LUPO-FOTO.webp","articleSection":["Pol\u00edtica"],"inLanguage":"es"},{"@type":"WebPage","@id":"https:\/\/www.eldiario.net\/portal\/2026\/03\/05\/lupo-y-lara-viabilizaran-implementacion-del-ds-5552\/","url":"https:\/\/www.eldiario.net\/portal\/2026\/03\/05\/lupo-y-lara-viabilizaran-implementacion-del-ds-5552\/","name":"Lupo y Lara viabilizar\u00e1n implementaci\u00f3n del DS 5552 - El Diario - Bolivia","isPartOf":{"@id":"https:\/\/www.eldiario.net\/portal\/#website"},"primaryImageOfPage":{"@id":"https:\/\/www.eldiario.net\/portal\/2026\/03\/05\/lupo-y-lara-viabilizaran-implementacion-del-ds-5552\/#primaryimage"},"image":{"@id":"https:\/\/www.eldiario.net\/portal\/2026\/03\/05\/lupo-y-lara-viabilizaran-implementacion-del-ds-5552\/#primaryimage"},"thumbnailUrl":"https:\/\/www.eldiario.net\/portal\/wp-content\/uploads\/2026\/03\/LUPO-FOTO.webp","datePublished":"2026-03-05T10:55:16+00:00","breadcrumb":{"@id":"https:\/\/www.eldiario.net\/portal\/2026\/03\/05\/lupo-y-lara-viabilizaran-implementacion-del-ds-5552\/#breadcrumb"},"inLanguage":"es","potentialAction":[{"@type":"ReadAction","target":["https:\/\/www.eldiario.net\/portal\/2026\/03\/05\/lupo-y-lara-viabilizaran-implementacion-del-ds-5552\/"]}]},{"@type":"ImageObject","inLanguage":"es","@id":"https:\/\/www.eldiario.net\/portal\/2026\/03\/05\/lupo-y-lara-viabilizaran-implementacion-del-ds-5552\/#primaryimage","url":"https:\/\/www.eldiario.net\/portal\/wp-content\/uploads\/2026\/03\/LUPO-FOTO.webp","contentUrl":"https:\/\/www.eldiario.net\/portal\/wp-content\/uploads\/2026\/03\/LUPO-FOTO.webp","width":905,"height":573,"caption":"El vicepresidente del Estado, Edmand Lara, junto al ministro de la Presidencia, Jos\u00e9 Luis Lupo. Foto: Presidencia"},{"@type":"BreadcrumbList","@id":"https:\/\/www.eldiario.net\/portal\/2026\/03\/05\/lupo-y-lara-viabilizaran-implementacion-del-ds-5552\/#breadcrumb","itemListElement":[{"@type":"ListItem","position":1,"name":"Portada","item":"https:\/\/www.eldiario.net\/portal\/"},{"@type":"ListItem","position":2,"name":"Lupo y Lara viabilizar\u00e1n implementaci\u00f3n del DS 5552"}]},{"@type":"WebSite","@id":"https:\/\/www.eldiario.net\/portal\/#website","url":"https:\/\/www.eldiario.net\/portal\/","name":"El Diario - Decano de la prensa nacional","description":"El Diario - Decano de la prensa nacional","publisher":{"@id":"https:\/\/www.eldiario.net\/portal\/#organization"},"potentialAction":[{"@type":"SearchAction","target":{"@type":"EntryPoint","urlTemplate":"https:\/\/www.eldiario.net\/portal\/?s={search_term_string}"},"query-input":{"@type":"PropertyValueSpecification","valueRequired":true,"valueName":"search_term_string"}}],"inLanguage":"es"},{"@type":"Organization","@id":"https:\/\/www.eldiario.net\/portal\/#organization","name":"El Diario - Decano de la prensa nacional","url":"https:\/\/www.eldiario.net\/portal\/","logo":{"@type":"ImageObject","inLanguage":"es","@id":"https:\/\/www.eldiario.net\/portal\/#\/schema\/logo\/image\/","url":"https:\/\/www.eldiario.net\/portal\/wp-content\/uploads\/2023\/07\/logo_ED.jpg","contentUrl":"https:\/\/www.eldiario.net\/portal\/wp-content\/uploads\/2023\/07\/logo_ED.jpg","width":272,"height":52,"caption":"El Diario - Decano de la prensa nacional"},"image":{"@id":"https:\/\/www.eldiario.net\/portal\/#\/schema\/logo\/image\/"},"sameAs":["https:\/\/www.facebook.com\/eldiario.bolivia\/","https:\/\/x.com\/eldiario_net"]},{"@type":"Person","@id":"https:\/\/www.eldiario.net\/portal\/#\/schema\/person\/f46445640444750d7d753ccd04ae01b7","name":"Jeanette","image":{"@type":"ImageObject","inLanguage":"es","@id":"https:\/\/secure.gravatar.com\/avatar\/3ea2118a5f7dad2b7138b1187a6b7ee55f160b9968b66013c3a3ef39dd7e5798?s=96&d=mm&r=g","url":"https:\/\/secure.gravatar.com\/avatar\/3ea2118a5f7dad2b7138b1187a6b7ee55f160b9968b66013c3a3ef39dd7e5798?s=96&d=mm&r=g","contentUrl":"https:\/\/secure.gravatar.com\/avatar\/3ea2118a5f7dad2b7138b1187a6b7ee55f160b9968b66013c3a3ef39dd7e5798?s=96&d=mm&r=g","caption":"Jeanette"},"sameAs":["https:\/\/www.eldiario.net\/portal"],"url":"https:\/\/www.eldiario.net\/portal\/author\/jeanette\/"}]}},"_links":{"self":[{"href":"https:\/\/www.eldiario.net\/portal\/wp-json\/wp\/v2\/posts\/373381","targetHints":{"allow":["GET"]}}],"collection":[{"href":"https:\/\/www.eldiario.net\/portal\/wp-json\/wp\/v2\/posts"}],"about":[{"href":"https:\/\/www.eldiario.net\/portal\/wp-json\/wp\/v2\/types\/post"}],"author":[{"embeddable":true,"href":"https:\/\/www.eldiario.net\/portal\/wp-json\/wp\/v2\/users\/1"}],"replies":[{"embeddable":true,"href":"https:\/\/www.eldiario.net\/portal\/wp-json\/wp\/v2\/comments?post=373381"}],"version-history":[{"count":1,"href":"https:\/\/www.eldiario.net\/portal\/wp-json\/wp\/v2\/posts\/373381\/revisions"}],"predecessor-version":[{"id":373383,"href":"https:\/\/www.eldiario.net\/portal\/wp-json\/wp\/v2\/posts\/373381\/revisions\/373383"}],"wp:featuredmedia":[{"embeddable":true,"href":"https:\/\/www.eldiario.net\/portal\/wp-json\/wp\/v2\/media\/373382"}],"wp:attachment":[{"href":"https:\/\/www.eldiario.net\/portal\/wp-json\/wp\/v2\/media?parent=373381"}],"wp:term":[{"taxonomy":"category","embeddable":true,"href":"https:\/\/www.eldiario.net\/portal\/wp-json\/wp\/v2\/categories?post=373381"},{"taxonomy":"post_tag","embeddable":true,"href":"https:\/\/www.eldiario.net\/portal\/wp-json\/wp\/v2\/tags?post=373381"}],"curies":[{"name":"wp","href":"https:\/\/api.w.org\/{rel}","templated":true}]}}