{"id":373378,"date":"2026-03-05T06:53:44","date_gmt":"2026-03-05T10:53:44","guid":{"rendered":"https:\/\/www.eldiario.net\/portal\/?p=373378"},"modified":"2026-03-05T06:53:44","modified_gmt":"2026-03-05T10:53:44","slug":"la-transformacion-del-estado-no-es-solo-repartir-recursos","status":"publish","type":"post","link":"https:\/\/www.eldiario.net\/portal\/2026\/03\/05\/la-transformacion-del-estado-no-es-solo-repartir-recursos\/","title":{"rendered":"\u201cLa transformaci\u00f3n del Estado  no es solo repartir recursos\u201d"},"content":{"rendered":"<p>El presidente del Estado, Rodrigo Paz Pereira, afirm\u00f3 ayer en Sucre que el plan 50\/50 debe contar con una metodolog\u00eda clara y la participaci\u00f3n de las nuevas autoridades subnacionales electas, entre ellas alcaldes y gobernadores. Sostuvo que la propuesta no se limita a la distribuci\u00f3n de recursos, sino que apunta a una transformaci\u00f3n estructural del Estado.<\/p>\n<p>\u201cEl 50\/50 tiene que tener metodolog\u00eda, va a tener nuevas autoridades Sucre, Chuquisaca, el pa\u00eds. La voluntad del Gobierno es tener el mejor de los di\u00e1logos, pero sobre todo generar la cultura de la confianza porque es un cambio estructural, no es solo repartir recursos, vienen responsabilidades compartidas\u201d, afirm\u00f3 el mandatario.<\/p>\n<p>El Jefe de Estado lleg\u00f3 a Sucre para reunirse con autoridades y representantes de distintos sectores con el fin de abordar proyectos productivos del departamento.<\/p>\n<p>\u201cLa transformaci\u00f3n del Estado no es solo repartir recursos, es construir futuro, eso es lo m\u00e1s importante y para eso tenemos que ser muy honestos con lo que tenemos que dejar afuera\u201d, agreg\u00f3.<\/p>\n<p>ALCANCES DE LA PROPUESTA<\/p>\n<p>La iniciativa 50\/50 plantea una redistribuci\u00f3n equitativa del presupuesto nacional: la mitad de los recursos quedar\u00eda bajo administraci\u00f3n del Estado central y la otra mitad en manos de regiones y universidades p\u00fablicas. Actualmente, el nivel central administra el 80 % de los fondos.<\/p>\n<p>Paz indic\u00f3 que, para aplicar la medida, uno de los ejes de su gesti\u00f3n, ser\u00e1 necesario dejar sin efecto m\u00e1s de 60 leyes y 40 decretos. Precis\u00f3 que ese proceso comenzar\u00e1 una vez que se posesione a las autoridades electas en los comicios del 22 de marzo.<\/p>\n<p>OTROS ANTECEDENTES<\/p>\n<p>El presidente fue consultado sobre el tema un d\u00eda despu\u00e9s de que la viceministra de Autonom\u00edas Andrea Barrientos se pronunciara en una entrevista y recibiera nuevas cr\u00edticas del gobernador de Santa Cruz Luis Fernando Camacho.<\/p>\n<p>\u201cLo peor que uno puede hacer es dar plazos acelerados, lo que si podemos decir es que se est\u00e1 trabajando de manera s\u00f3lida y efectiva. (\u2026) Es dif\u00edcil decir esto dura dos, tres d\u00edas, una semana o 10 a\u00f1os. Los que vamos a hacer es que esto sea corto y efectivo\u201d, dijo Barrientos.<\/p>\n<p>Tras esas declaraciones, Camacho intensific\u00f3 sus cuestionamientos y pidi\u00f3 la destituci\u00f3n de la autoridad. Adem\u00e1s, advirti\u00f3 que no asistir\u00e1 a las reuniones del Consejo de Autonom\u00edas mientras ella permanezca en el cargo. (Br\u00fajula Digital)<\/p>\n","protected":false},"excerpt":{"rendered":"<p>El presidente del Estado, Rodrigo Paz Pereira, afirm\u00f3 ayer en Sucre que el plan 50\/50 debe contar con una metodolog\u00eda clara y la participaci\u00f3n de las nuevas autoridades subnacionales electas, entre ellas alcaldes y gobernadores. Sostuvo que la propuesta no se limita a la distribuci\u00f3n de recursos, sino que apunta a una transformaci\u00f3n estructural del [&hellip;]<\/p>\n","protected":false},"author":1,"featured_media":373379,"comment_status":"closed","ping_status":"open","sticky":false,"template":"","format":"standard","meta":{"_acf_changed":false,"footnotes":""},"categories":[17],"tags":[],"class_list":["post-373378","post","type-post","status-publish","format-standard","has-post-thumbnail","category-principal"],"acf":{"antetitulo":"Paz indica que el 50\/50 debe tener metodolog\u00eda"},"yoast_head":"<!-- This site is optimized with the Yoast SEO plugin v28.4 - https:\/\/yoast.com\/product\/yoast-seo-wordpress\/ -->\n<title>\u201cLa transformaci\u00f3n del Estado no es solo repartir recursos\u201d - El Diario - Bolivia<\/title>\n<meta name=\"robots\" content=\"index, follow, max-snippet:-1, max-image-preview:large, max-video-preview:-1\" \/>\n<link rel=\"canonical\" href=\"https:\/\/www.eldiario.net\/portal\/2026\/03\/05\/la-transformacion-del-estado-no-es-solo-repartir-recursos\/\" \/>\n<meta property=\"og:locale\" content=\"es_ES\" \/>\n<meta property=\"og:type\" content=\"article\" \/>\n<meta property=\"og:title\" content=\"\u201cLa transformaci\u00f3n del Estado no es solo repartir recursos\u201d - El Diario - Bolivia\" \/>\n<meta property=\"og:description\" content=\"El presidente del Estado, Rodrigo Paz Pereira, afirm\u00f3 ayer en Sucre que el plan 50\/50 debe contar con una metodolog\u00eda clara y la participaci\u00f3n de las nuevas autoridades subnacionales electas, entre ellas alcaldes y gobernadores. Sostuvo que la propuesta no se limita a la distribuci\u00f3n de recursos, sino que apunta a una transformaci\u00f3n estructural del [&hellip;]\" \/>\n<meta property=\"og:url\" content=\"https:\/\/www.eldiario.net\/portal\/2026\/03\/05\/la-transformacion-del-estado-no-es-solo-repartir-recursos\/\" \/>\n<meta property=\"og:site_name\" content=\"El Diario - Bolivia\" \/>\n<meta property=\"article:publisher\" content=\"https:\/\/www.facebook.com\/eldiario.bolivia\/\" \/>\n<meta property=\"article:published_time\" content=\"2026-03-05T10:53:44+00:00\" \/>\n<meta property=\"og:image\" content=\"https:\/\/www.eldiario.net\/portal\/wp-content\/uploads\/2026\/03\/APERTURA-FOTO.webp\" \/>\n\t<meta property=\"og:image:width\" content=\"720\" \/>\n\t<meta property=\"og:image:height\" content=\"400\" \/>\n\t<meta property=\"og:image:type\" content=\"image\/webp\" \/>\n<meta name=\"author\" content=\"Jeanette\" \/>\n<meta name=\"twitter:card\" content=\"summary_large_image\" \/>\n<meta name=\"twitter:creator\" content=\"@eldiario_net\" \/>\n<meta name=\"twitter:site\" content=\"@eldiario_net\" \/>\n<meta name=\"twitter:label1\" content=\"Escrito por\" \/>\n\t<meta name=\"twitter:data1\" content=\"Jeanette\" \/>\n\t<meta name=\"twitter:label2\" content=\"Tiempo de lectura\" \/>\n\t<meta name=\"twitter:data2\" content=\"2 minutos\" \/>\n<script type=\"application\/ld+json\" class=\"yoast-schema-graph\">{\"@context\":\"https:\\\/\\\/schema.org\",\"@graph\":[{\"@type\":\"Article\",\"@id\":\"https:\\\/\\\/www.eldiario.net\\\/portal\\\/2026\\\/03\\\/05\\\/la-transformacion-del-estado-no-es-solo-repartir-recursos\\\/#article\",\"isPartOf\":{\"@id\":\"https:\\\/\\\/www.eldiario.net\\\/portal\\\/2026\\\/03\\\/05\\\/la-transformacion-del-estado-no-es-solo-repartir-recursos\\\/\"},\"author\":{\"name\":\"Jeanette\",\"@id\":\"https:\\\/\\\/www.eldiario.net\\\/portal\\\/#\\\/schema\\\/person\\\/f46445640444750d7d753ccd04ae01b7\"},\"headline\":\"\u201cLa transformaci\u00f3n del Estado no es solo repartir recursos\u201d\",\"datePublished\":\"2026-03-05T10:53:44+00:00\",\"mainEntityOfPage\":{\"@id\":\"https:\\\/\\\/www.eldiario.net\\\/portal\\\/2026\\\/03\\\/05\\\/la-transformacion-del-estado-no-es-solo-repartir-recursos\\\/\"},\"wordCount\":410,\"publisher\":{\"@id\":\"https:\\\/\\\/www.eldiario.net\\\/portal\\\/#organization\"},\"image\":{\"@id\":\"https:\\\/\\\/www.eldiario.net\\\/portal\\\/2026\\\/03\\\/05\\\/la-transformacion-del-estado-no-es-solo-repartir-recursos\\\/#primaryimage\"},\"thumbnailUrl\":\"https:\\\/\\\/www.eldiario.net\\\/portal\\\/wp-content\\\/uploads\\\/2026\\\/03\\\/APERTURA-FOTO.webp\",\"articleSection\":[\"Principal\"],\"inLanguage\":\"es\"},{\"@type\":\"WebPage\",\"@id\":\"https:\\\/\\\/www.eldiario.net\\\/portal\\\/2026\\\/03\\\/05\\\/la-transformacion-del-estado-no-es-solo-repartir-recursos\\\/\",\"url\":\"https:\\\/\\\/www.eldiario.net\\\/portal\\\/2026\\\/03\\\/05\\\/la-transformacion-del-estado-no-es-solo-repartir-recursos\\\/\",\"name\":\"\u201cLa transformaci\u00f3n del Estado no es solo repartir recursos\u201d - El Diario - Bolivia\",\"isPartOf\":{\"@id\":\"https:\\\/\\\/www.eldiario.net\\\/portal\\\/#website\"},\"primaryImageOfPage\":{\"@id\":\"https:\\\/\\\/www.eldiario.net\\\/portal\\\/2026\\\/03\\\/05\\\/la-transformacion-del-estado-no-es-solo-repartir-recursos\\\/#primaryimage\"},\"image\":{\"@id\":\"https:\\\/\\\/www.eldiario.net\\\/portal\\\/2026\\\/03\\\/05\\\/la-transformacion-del-estado-no-es-solo-repartir-recursos\\\/#primaryimage\"},\"thumbnailUrl\":\"https:\\\/\\\/www.eldiario.net\\\/portal\\\/wp-content\\\/uploads\\\/2026\\\/03\\\/APERTURA-FOTO.webp\",\"datePublished\":\"2026-03-05T10:53:44+00:00\",\"breadcrumb\":{\"@id\":\"https:\\\/\\\/www.eldiario.net\\\/portal\\\/2026\\\/03\\\/05\\\/la-transformacion-del-estado-no-es-solo-repartir-recursos\\\/#breadcrumb\"},\"inLanguage\":\"es\",\"potentialAction\":[{\"@type\":\"ReadAction\",\"target\":[\"https:\\\/\\\/www.eldiario.net\\\/portal\\\/2026\\\/03\\\/05\\\/la-transformacion-del-estado-no-es-solo-repartir-recursos\\\/\"]}]},{\"@type\":\"ImageObject\",\"inLanguage\":\"es\",\"@id\":\"https:\\\/\\\/www.eldiario.net\\\/portal\\\/2026\\\/03\\\/05\\\/la-transformacion-del-estado-no-es-solo-repartir-recursos\\\/#primaryimage\",\"url\":\"https:\\\/\\\/www.eldiario.net\\\/portal\\\/wp-content\\\/uploads\\\/2026\\\/03\\\/APERTURA-FOTO.webp\",\"contentUrl\":\"https:\\\/\\\/www.eldiario.net\\\/portal\\\/wp-content\\\/uploads\\\/2026\\\/03\\\/APERTURA-FOTO.webp\",\"width\":720,\"height\":400,\"caption\":\"EL PRESIDENTE DEL ESTADO, RODRIGO PAZ PEREIRA. FOTO: ABI\"},{\"@type\":\"BreadcrumbList\",\"@id\":\"https:\\\/\\\/www.eldiario.net\\\/portal\\\/2026\\\/03\\\/05\\\/la-transformacion-del-estado-no-es-solo-repartir-recursos\\\/#breadcrumb\",\"itemListElement\":[{\"@type\":\"ListItem\",\"position\":1,\"name\":\"Portada\",\"item\":\"https:\\\/\\\/www.eldiario.net\\\/portal\\\/\"},{\"@type\":\"ListItem\",\"position\":2,\"name\":\"\u201cLa transformaci\u00f3n del Estado no es solo repartir recursos\u201d\"}]},{\"@type\":\"WebSite\",\"@id\":\"https:\\\/\\\/www.eldiario.net\\\/portal\\\/#website\",\"url\":\"https:\\\/\\\/www.eldiario.net\\\/portal\\\/\",\"name\":\"El Diario - Decano de la prensa nacional\",\"description\":\"El Diario - Decano de la prensa nacional\",\"publisher\":{\"@id\":\"https:\\\/\\\/www.eldiario.net\\\/portal\\\/#organization\"},\"potentialAction\":[{\"@type\":\"SearchAction\",\"target\":{\"@type\":\"EntryPoint\",\"urlTemplate\":\"https:\\\/\\\/www.eldiario.net\\\/portal\\\/?s={search_term_string}\"},\"query-input\":{\"@type\":\"PropertyValueSpecification\",\"valueRequired\":true,\"valueName\":\"search_term_string\"}}],\"inLanguage\":\"es\"},{\"@type\":\"Organization\",\"@id\":\"https:\\\/\\\/www.eldiario.net\\\/portal\\\/#organization\",\"name\":\"El Diario - Decano de la prensa nacional\",\"url\":\"https:\\\/\\\/www.eldiario.net\\\/portal\\\/\",\"logo\":{\"@type\":\"ImageObject\",\"inLanguage\":\"es\",\"@id\":\"https:\\\/\\\/www.eldiario.net\\\/portal\\\/#\\\/schema\\\/logo\\\/image\\\/\",\"url\":\"https:\\\/\\\/www.eldiario.net\\\/portal\\\/wp-content\\\/uploads\\\/2023\\\/07\\\/logo_ED.jpg\",\"contentUrl\":\"https:\\\/\\\/www.eldiario.net\\\/portal\\\/wp-content\\\/uploads\\\/2023\\\/07\\\/logo_ED.jpg\",\"width\":272,\"height\":52,\"caption\":\"El Diario - Decano de la prensa nacional\"},\"image\":{\"@id\":\"https:\\\/\\\/www.eldiario.net\\\/portal\\\/#\\\/schema\\\/logo\\\/image\\\/\"},\"sameAs\":[\"https:\\\/\\\/www.facebook.com\\\/eldiario.bolivia\\\/\",\"https:\\\/\\\/x.com\\\/eldiario_net\"]},{\"@type\":\"Person\",\"@id\":\"https:\\\/\\\/www.eldiario.net\\\/portal\\\/#\\\/schema\\\/person\\\/f46445640444750d7d753ccd04ae01b7\",\"name\":\"Jeanette\",\"image\":{\"@type\":\"ImageObject\",\"inLanguage\":\"es\",\"@id\":\"https:\\\/\\\/secure.gravatar.com\\\/avatar\\\/3ea2118a5f7dad2b7138b1187a6b7ee55f160b9968b66013c3a3ef39dd7e5798?s=96&d=mm&r=g\",\"url\":\"https:\\\/\\\/secure.gravatar.com\\\/avatar\\\/3ea2118a5f7dad2b7138b1187a6b7ee55f160b9968b66013c3a3ef39dd7e5798?s=96&d=mm&r=g\",\"contentUrl\":\"https:\\\/\\\/secure.gravatar.com\\\/avatar\\\/3ea2118a5f7dad2b7138b1187a6b7ee55f160b9968b66013c3a3ef39dd7e5798?s=96&d=mm&r=g\",\"caption\":\"Jeanette\"},\"sameAs\":[\"https:\\\/\\\/www.eldiario.net\\\/portal\"],\"url\":\"https:\\\/\\\/www.eldiario.net\\\/portal\\\/author\\\/jeanette\\\/\"}]}<\/script>\n<!-- \/ Yoast SEO plugin. -->","yoast_head_json":{"title":"\u201cLa transformaci\u00f3n del Estado no es solo repartir recursos\u201d - El Diario - Bolivia","robots":{"index":"index","follow":"follow","max-snippet":"max-snippet:-1","max-image-preview":"max-image-preview:large","max-video-preview":"max-video-preview:-1"},"canonical":"https:\/\/www.eldiario.net\/portal\/2026\/03\/05\/la-transformacion-del-estado-no-es-solo-repartir-recursos\/","og_locale":"es_ES","og_type":"article","og_title":"\u201cLa transformaci\u00f3n del Estado no es solo repartir recursos\u201d - El Diario - Bolivia","og_description":"El presidente del Estado, Rodrigo Paz Pereira, afirm\u00f3 ayer en Sucre que el plan 50\/50 debe contar con una metodolog\u00eda clara y la participaci\u00f3n de las nuevas autoridades subnacionales electas, entre ellas alcaldes y gobernadores. Sostuvo que la propuesta no se limita a la distribuci\u00f3n de recursos, sino que apunta a una transformaci\u00f3n estructural del [&hellip;]","og_url":"https:\/\/www.eldiario.net\/portal\/2026\/03\/05\/la-transformacion-del-estado-no-es-solo-repartir-recursos\/","og_site_name":"El Diario - Bolivia","article_publisher":"https:\/\/www.facebook.com\/eldiario.bolivia\/","article_published_time":"2026-03-05T10:53:44+00:00","og_image":[{"width":720,"height":400,"url":"https:\/\/www.eldiario.net\/portal\/wp-content\/uploads\/2026\/03\/APERTURA-FOTO.webp","type":"image\/webp"}],"author":"Jeanette","twitter_card":"summary_large_image","twitter_creator":"@eldiario_net","twitter_site":"@eldiario_net","twitter_misc":{"Escrito por":"Jeanette","Tiempo de lectura":"2 minutos"},"schema":{"@context":"https:\/\/schema.org","@graph":[{"@type":"Article","@id":"https:\/\/www.eldiario.net\/portal\/2026\/03\/05\/la-transformacion-del-estado-no-es-solo-repartir-recursos\/#article","isPartOf":{"@id":"https:\/\/www.eldiario.net\/portal\/2026\/03\/05\/la-transformacion-del-estado-no-es-solo-repartir-recursos\/"},"author":{"name":"Jeanette","@id":"https:\/\/www.eldiario.net\/portal\/#\/schema\/person\/f46445640444750d7d753ccd04ae01b7"},"headline":"\u201cLa transformaci\u00f3n del Estado no es solo repartir recursos\u201d","datePublished":"2026-03-05T10:53:44+00:00","mainEntityOfPage":{"@id":"https:\/\/www.eldiario.net\/portal\/2026\/03\/05\/la-transformacion-del-estado-no-es-solo-repartir-recursos\/"},"wordCount":410,"publisher":{"@id":"https:\/\/www.eldiario.net\/portal\/#organization"},"image":{"@id":"https:\/\/www.eldiario.net\/portal\/2026\/03\/05\/la-transformacion-del-estado-no-es-solo-repartir-recursos\/#primaryimage"},"thumbnailUrl":"https:\/\/www.eldiario.net\/portal\/wp-content\/uploads\/2026\/03\/APERTURA-FOTO.webp","articleSection":["Principal"],"inLanguage":"es"},{"@type":"WebPage","@id":"https:\/\/www.eldiario.net\/portal\/2026\/03\/05\/la-transformacion-del-estado-no-es-solo-repartir-recursos\/","url":"https:\/\/www.eldiario.net\/portal\/2026\/03\/05\/la-transformacion-del-estado-no-es-solo-repartir-recursos\/","name":"\u201cLa transformaci\u00f3n del Estado no es solo repartir recursos\u201d - El Diario - Bolivia","isPartOf":{"@id":"https:\/\/www.eldiario.net\/portal\/#website"},"primaryImageOfPage":{"@id":"https:\/\/www.eldiario.net\/portal\/2026\/03\/05\/la-transformacion-del-estado-no-es-solo-repartir-recursos\/#primaryimage"},"image":{"@id":"https:\/\/www.eldiario.net\/portal\/2026\/03\/05\/la-transformacion-del-estado-no-es-solo-repartir-recursos\/#primaryimage"},"thumbnailUrl":"https:\/\/www.eldiario.net\/portal\/wp-content\/uploads\/2026\/03\/APERTURA-FOTO.webp","datePublished":"2026-03-05T10:53:44+00:00","breadcrumb":{"@id":"https:\/\/www.eldiario.net\/portal\/2026\/03\/05\/la-transformacion-del-estado-no-es-solo-repartir-recursos\/#breadcrumb"},"inLanguage":"es","potentialAction":[{"@type":"ReadAction","target":["https:\/\/www.eldiario.net\/portal\/2026\/03\/05\/la-transformacion-del-estado-no-es-solo-repartir-recursos\/"]}]},{"@type":"ImageObject","inLanguage":"es","@id":"https:\/\/www.eldiario.net\/portal\/2026\/03\/05\/la-transformacion-del-estado-no-es-solo-repartir-recursos\/#primaryimage","url":"https:\/\/www.eldiario.net\/portal\/wp-content\/uploads\/2026\/03\/APERTURA-FOTO.webp","contentUrl":"https:\/\/www.eldiario.net\/portal\/wp-content\/uploads\/2026\/03\/APERTURA-FOTO.webp","width":720,"height":400,"caption":"EL PRESIDENTE DEL ESTADO, RODRIGO PAZ PEREIRA. FOTO: ABI"},{"@type":"BreadcrumbList","@id":"https:\/\/www.eldiario.net\/portal\/2026\/03\/05\/la-transformacion-del-estado-no-es-solo-repartir-recursos\/#breadcrumb","itemListElement":[{"@type":"ListItem","position":1,"name":"Portada","item":"https:\/\/www.eldiario.net\/portal\/"},{"@type":"ListItem","position":2,"name":"\u201cLa transformaci\u00f3n del Estado no es solo repartir recursos\u201d"}]},{"@type":"WebSite","@id":"https:\/\/www.eldiario.net\/portal\/#website","url":"https:\/\/www.eldiario.net\/portal\/","name":"El Diario - Decano de la prensa nacional","description":"El Diario - Decano de la prensa nacional","publisher":{"@id":"https:\/\/www.eldiario.net\/portal\/#organization"},"potentialAction":[{"@type":"SearchAction","target":{"@type":"EntryPoint","urlTemplate":"https:\/\/www.eldiario.net\/portal\/?s={search_term_string}"},"query-input":{"@type":"PropertyValueSpecification","valueRequired":true,"valueName":"search_term_string"}}],"inLanguage":"es"},{"@type":"Organization","@id":"https:\/\/www.eldiario.net\/portal\/#organization","name":"El Diario - Decano de la prensa nacional","url":"https:\/\/www.eldiario.net\/portal\/","logo":{"@type":"ImageObject","inLanguage":"es","@id":"https:\/\/www.eldiario.net\/portal\/#\/schema\/logo\/image\/","url":"https:\/\/www.eldiario.net\/portal\/wp-content\/uploads\/2023\/07\/logo_ED.jpg","contentUrl":"https:\/\/www.eldiario.net\/portal\/wp-content\/uploads\/2023\/07\/logo_ED.jpg","width":272,"height":52,"caption":"El Diario - Decano de la prensa nacional"},"image":{"@id":"https:\/\/www.eldiario.net\/portal\/#\/schema\/logo\/image\/"},"sameAs":["https:\/\/www.facebook.com\/eldiario.bolivia\/","https:\/\/x.com\/eldiario_net"]},{"@type":"Person","@id":"https:\/\/www.eldiario.net\/portal\/#\/schema\/person\/f46445640444750d7d753ccd04ae01b7","name":"Jeanette","image":{"@type":"ImageObject","inLanguage":"es","@id":"https:\/\/secure.gravatar.com\/avatar\/3ea2118a5f7dad2b7138b1187a6b7ee55f160b9968b66013c3a3ef39dd7e5798?s=96&d=mm&r=g","url":"https:\/\/secure.gravatar.com\/avatar\/3ea2118a5f7dad2b7138b1187a6b7ee55f160b9968b66013c3a3ef39dd7e5798?s=96&d=mm&r=g","contentUrl":"https:\/\/secure.gravatar.com\/avatar\/3ea2118a5f7dad2b7138b1187a6b7ee55f160b9968b66013c3a3ef39dd7e5798?s=96&d=mm&r=g","caption":"Jeanette"},"sameAs":["https:\/\/www.eldiario.net\/portal"],"url":"https:\/\/www.eldiario.net\/portal\/author\/jeanette\/"}]}},"_links":{"self":[{"href":"https:\/\/www.eldiario.net\/portal\/wp-json\/wp\/v2\/posts\/373378","targetHints":{"allow":["GET"]}}],"collection":[{"href":"https:\/\/www.eldiario.net\/portal\/wp-json\/wp\/v2\/posts"}],"about":[{"href":"https:\/\/www.eldiario.net\/portal\/wp-json\/wp\/v2\/types\/post"}],"author":[{"embeddable":true,"href":"https:\/\/www.eldiario.net\/portal\/wp-json\/wp\/v2\/users\/1"}],"replies":[{"embeddable":true,"href":"https:\/\/www.eldiario.net\/portal\/wp-json\/wp\/v2\/comments?post=373378"}],"version-history":[{"count":1,"href":"https:\/\/www.eldiario.net\/portal\/wp-json\/wp\/v2\/posts\/373378\/revisions"}],"predecessor-version":[{"id":373380,"href":"https:\/\/www.eldiario.net\/portal\/wp-json\/wp\/v2\/posts\/373378\/revisions\/373380"}],"wp:featuredmedia":[{"embeddable":true,"href":"https:\/\/www.eldiario.net\/portal\/wp-json\/wp\/v2\/media\/373379"}],"wp:attachment":[{"href":"https:\/\/www.eldiario.net\/portal\/wp-json\/wp\/v2\/media?parent=373378"}],"wp:term":[{"taxonomy":"category","embeddable":true,"href":"https:\/\/www.eldiario.net\/portal\/wp-json\/wp\/v2\/categories?post=373378"},{"taxonomy":"post_tag","embeddable":true,"href":"https:\/\/www.eldiario.net\/portal\/wp-json\/wp\/v2\/tags?post=373378"}],"curies":[{"name":"wp","href":"https:\/\/api.w.org\/{rel}","templated":true}]}}