{"id":373375,"date":"2026-03-05T06:53:08","date_gmt":"2026-03-05T10:53:08","guid":{"rendered":"https:\/\/www.eldiario.net\/portal\/?p=373375"},"modified":"2026-03-05T06:53:08","modified_gmt":"2026-03-05T10:53:08","slug":"gobierno-debe-reducir-gasto-no-hacer-ajuste-implica-profundizar-la-crisis","status":"publish","type":"post","link":"https:\/\/www.eldiario.net\/portal\/2026\/03\/05\/gobierno-debe-reducir-gasto-no-hacer-ajuste-implica-profundizar-la-crisis\/","title":{"rendered":"Gobierno debe reducir gasto, no hacer ajuste implica profundizar la crisis"},"content":{"rendered":"<p>La crisis econ\u00f3mica generada y heredada de los gobiernos anteriores tiene como una de las causas principales el crecimiento desmedido del gasto p\u00fablico, con una alta carga burocr\u00e1tica y empresas p\u00fablicas deficitarias, en un contexto de ca\u00edda de ingresos. La nueva gesti\u00f3n gubernamental tiene la responsabilidad de reducir el gasto; no asumir este ajuste implicar\u00eda dejar que la crisis se profundice y el endeudamiento se haga insostenible, entre otras afectaciones, de acuerdo al an\u00e1lisis de la Fundaci\u00f3n Jubileo.<\/p>\n<p>El actual Gobierno se comprometi\u00f3 a reducir el gasto y d\u00e9ficit fiscal, reducir el aparato p\u00fablico innecesario, introducir l\u00edmites al gasto corriente; y, evaluar, auditar y cerrar empresas p\u00fablicas, pero a la fecha las tareas faltan por hacerlas, ya que las empresas p\u00fablicas siguen intactas.<\/p>\n<p>CRECIMIENTO DEL GASTO<\/p>\n<p>El gran incremento del gasto p\u00fablico a todo nivel, durante e incluso despu\u00e9s del periodo de bonanza, ha generado, desde el a\u00f1o 2014, un d\u00e9ficit fiscal (m\u00e1s gastos que ingresos) cada vez m\u00e1s profundo, y un consecuente crecimiento del endeudamiento externo e interno, se\u00f1ala el documento.<\/p>\n<p>A su vez, el crecimiento acelerado de la deuda interna del Gobierno Central de los \u00faltimos a\u00f1os (principalmente con el Banco Central) y la emisi\u00f3n monetaria, para financiar el elevado gasto p\u00fablico, es uno de los factores que ha generado el aumento de la inflaci\u00f3n.<\/p>\n<p>Entre los principales elementos que caracterizan la situaci\u00f3n se encuentra el alto nivel del gasto corriente, cuyo componente central es el gasto administrativo, sueldos y otros; es decir, gasto destinado a sostener una gran estructura burocr\u00e1tica. En contraste, desde la gesti\u00f3n 2017, la inversi\u00f3n p\u00fablica viene cayendo. Asimismo, se tiene una gran cantidad de empresas p\u00fablicas, en general deficitarias, y que representan una porci\u00f3n significativa del Presupuesto y del gasto total. Todo esto en un contexto en que los ingresos han disminuido, se\u00f1ala Jubileo.<\/p>\n<p>RESPONSABILIDAD Y COMPROMISOS<\/p>\n<p>La necesidad de reducir el gasto p\u00fablico, estuvo presente en los programas de las diferentes agrupaciones pol\u00edticas en la contienda electoral de 2025, incluyendo del partido que ahora es Gobierno.<\/p>\n<p>Reducir el elevado nivel de gastos, entre otros temas, es una de las responsabilidades que le toca afrontar al actual Gobierno, lo que implica, entre otros elementos, reducir la burocracia estatal y el tama\u00f1o del pesado aparato p\u00fablico. No hacerlo, significa dejar que la crisis siga su curso, y dejar un pa\u00eds m\u00e1s endeudado, advierte.<\/p>\n<p>Al respecto, el nuevo Gobierno ha planteado una reformulaci\u00f3n del Presupuesto General del Estado 2026 a la nueva realidad econ\u00f3mica del pa\u00eds, aplicando los principios de austeridad, eficiencia y transparencia.<\/p>\n<p>La crisis econ\u00f3mica generada y heredada de los gobiernos anteriores tiene como una de las causas principales el crecimiento desmedido del gasto p\u00fablico, con una alta carga burocr\u00e1tica y empresas p\u00fablicas deficitarias, en un contexto de ca\u00edda de ingresos, por ello que la nueva gesti\u00f3n de Gobierno tendr\u00e1 la responsabilidad de reducir el gasto; no asumir este ajuste implicar\u00eda dejar que la crisis se profundice y el endeudamiento se haga insostenible, entre otras afectaciones, apunta la publicaci\u00f3n.<\/p>\n<p>&nbsp;<\/p>\n","protected":false},"excerpt":{"rendered":"<p>La crisis econ\u00f3mica generada y heredada de los gobiernos anteriores tiene como una de las causas principales el crecimiento desmedido del gasto p\u00fablico, con una alta carga burocr\u00e1tica y empresas p\u00fablicas deficitarias, en un contexto de ca\u00edda de ingresos. La nueva gesti\u00f3n gubernamental tiene la responsabilidad de reducir el gasto; no asumir este ajuste implicar\u00eda [&hellip;]<\/p>\n","protected":false},"author":1,"featured_media":373376,"comment_status":"closed","ping_status":"open","sticky":false,"template":"","format":"standard","meta":{"_acf_changed":false,"footnotes":""},"categories":[15],"tags":[],"class_list":["post-373375","post","type-post","status-publish","format-standard","has-post-thumbnail","category-portada"],"acf":{"antetitulo":""},"yoast_head":"<!-- This site is optimized with the Yoast SEO plugin v28.4 - https:\/\/yoast.com\/product\/yoast-seo-wordpress\/ -->\n<title>Gobierno debe reducir gasto, no hacer ajuste implica profundizar la crisis - El Diario - Bolivia<\/title>\n<meta name=\"robots\" content=\"index, follow, max-snippet:-1, max-image-preview:large, max-video-preview:-1\" \/>\n<link rel=\"canonical\" href=\"https:\/\/www.eldiario.net\/portal\/2026\/03\/05\/gobierno-debe-reducir-gasto-no-hacer-ajuste-implica-profundizar-la-crisis\/\" \/>\n<meta property=\"og:locale\" content=\"es_ES\" \/>\n<meta property=\"og:type\" content=\"article\" \/>\n<meta property=\"og:title\" content=\"Gobierno debe reducir gasto, no hacer ajuste implica profundizar la crisis - El Diario - Bolivia\" \/>\n<meta property=\"og:description\" content=\"La crisis econ\u00f3mica generada y heredada de los gobiernos anteriores tiene como una de las causas principales el crecimiento desmedido del gasto p\u00fablico, con una alta carga burocr\u00e1tica y empresas p\u00fablicas deficitarias, en un contexto de ca\u00edda de ingresos. La nueva gesti\u00f3n gubernamental tiene la responsabilidad de reducir el gasto; no asumir este ajuste implicar\u00eda [&hellip;]\" \/>\n<meta property=\"og:url\" content=\"https:\/\/www.eldiario.net\/portal\/2026\/03\/05\/gobierno-debe-reducir-gasto-no-hacer-ajuste-implica-profundizar-la-crisis\/\" \/>\n<meta property=\"og:site_name\" content=\"El Diario - Bolivia\" \/>\n<meta property=\"article:publisher\" content=\"https:\/\/www.facebook.com\/eldiario.bolivia\/\" \/>\n<meta property=\"article:published_time\" content=\"2026-03-05T10:53:08+00:00\" \/>\n<meta property=\"og:image\" content=\"https:\/\/www.eldiario.net\/portal\/wp-content\/uploads\/2026\/03\/CRISIS-FOTO.webp\" \/>\n\t<meta property=\"og:image:width\" content=\"672\" \/>\n\t<meta property=\"og:image:height\" content=\"641\" \/>\n\t<meta property=\"og:image:type\" content=\"image\/webp\" \/>\n<meta name=\"author\" content=\"Jeanette\" \/>\n<meta name=\"twitter:card\" content=\"summary_large_image\" \/>\n<meta name=\"twitter:creator\" content=\"@eldiario_net\" \/>\n<meta name=\"twitter:site\" content=\"@eldiario_net\" \/>\n<meta name=\"twitter:label1\" content=\"Escrito por\" \/>\n\t<meta name=\"twitter:data1\" content=\"Jeanette\" \/>\n\t<meta name=\"twitter:label2\" content=\"Tiempo de lectura\" \/>\n\t<meta name=\"twitter:data2\" content=\"3 minutos\" \/>\n<script type=\"application\/ld+json\" class=\"yoast-schema-graph\">{\"@context\":\"https:\\\/\\\/schema.org\",\"@graph\":[{\"@type\":\"Article\",\"@id\":\"https:\\\/\\\/www.eldiario.net\\\/portal\\\/2026\\\/03\\\/05\\\/gobierno-debe-reducir-gasto-no-hacer-ajuste-implica-profundizar-la-crisis\\\/#article\",\"isPartOf\":{\"@id\":\"https:\\\/\\\/www.eldiario.net\\\/portal\\\/2026\\\/03\\\/05\\\/gobierno-debe-reducir-gasto-no-hacer-ajuste-implica-profundizar-la-crisis\\\/\"},\"author\":{\"name\":\"Jeanette\",\"@id\":\"https:\\\/\\\/www.eldiario.net\\\/portal\\\/#\\\/schema\\\/person\\\/f46445640444750d7d753ccd04ae01b7\"},\"headline\":\"Gobierno debe reducir gasto, no hacer ajuste implica profundizar la crisis\",\"datePublished\":\"2026-03-05T10:53:08+00:00\",\"mainEntityOfPage\":{\"@id\":\"https:\\\/\\\/www.eldiario.net\\\/portal\\\/2026\\\/03\\\/05\\\/gobierno-debe-reducir-gasto-no-hacer-ajuste-implica-profundizar-la-crisis\\\/\"},\"wordCount\":554,\"publisher\":{\"@id\":\"https:\\\/\\\/www.eldiario.net\\\/portal\\\/#organization\"},\"image\":{\"@id\":\"https:\\\/\\\/www.eldiario.net\\\/portal\\\/2026\\\/03\\\/05\\\/gobierno-debe-reducir-gasto-no-hacer-ajuste-implica-profundizar-la-crisis\\\/#primaryimage\"},\"thumbnailUrl\":\"https:\\\/\\\/www.eldiario.net\\\/portal\\\/wp-content\\\/uploads\\\/2026\\\/03\\\/CRISIS-FOTO.webp\",\"articleSection\":[\"Portada\"],\"inLanguage\":\"es\"},{\"@type\":\"WebPage\",\"@id\":\"https:\\\/\\\/www.eldiario.net\\\/portal\\\/2026\\\/03\\\/05\\\/gobierno-debe-reducir-gasto-no-hacer-ajuste-implica-profundizar-la-crisis\\\/\",\"url\":\"https:\\\/\\\/www.eldiario.net\\\/portal\\\/2026\\\/03\\\/05\\\/gobierno-debe-reducir-gasto-no-hacer-ajuste-implica-profundizar-la-crisis\\\/\",\"name\":\"Gobierno debe reducir gasto, no hacer ajuste implica profundizar la crisis - El Diario - Bolivia\",\"isPartOf\":{\"@id\":\"https:\\\/\\\/www.eldiario.net\\\/portal\\\/#website\"},\"primaryImageOfPage\":{\"@id\":\"https:\\\/\\\/www.eldiario.net\\\/portal\\\/2026\\\/03\\\/05\\\/gobierno-debe-reducir-gasto-no-hacer-ajuste-implica-profundizar-la-crisis\\\/#primaryimage\"},\"image\":{\"@id\":\"https:\\\/\\\/www.eldiario.net\\\/portal\\\/2026\\\/03\\\/05\\\/gobierno-debe-reducir-gasto-no-hacer-ajuste-implica-profundizar-la-crisis\\\/#primaryimage\"},\"thumbnailUrl\":\"https:\\\/\\\/www.eldiario.net\\\/portal\\\/wp-content\\\/uploads\\\/2026\\\/03\\\/CRISIS-FOTO.webp\",\"datePublished\":\"2026-03-05T10:53:08+00:00\",\"breadcrumb\":{\"@id\":\"https:\\\/\\\/www.eldiario.net\\\/portal\\\/2026\\\/03\\\/05\\\/gobierno-debe-reducir-gasto-no-hacer-ajuste-implica-profundizar-la-crisis\\\/#breadcrumb\"},\"inLanguage\":\"es\",\"potentialAction\":[{\"@type\":\"ReadAction\",\"target\":[\"https:\\\/\\\/www.eldiario.net\\\/portal\\\/2026\\\/03\\\/05\\\/gobierno-debe-reducir-gasto-no-hacer-ajuste-implica-profundizar-la-crisis\\\/\"]}]},{\"@type\":\"ImageObject\",\"inLanguage\":\"es\",\"@id\":\"https:\\\/\\\/www.eldiario.net\\\/portal\\\/2026\\\/03\\\/05\\\/gobierno-debe-reducir-gasto-no-hacer-ajuste-implica-profundizar-la-crisis\\\/#primaryimage\",\"url\":\"https:\\\/\\\/www.eldiario.net\\\/portal\\\/wp-content\\\/uploads\\\/2026\\\/03\\\/CRISIS-FOTO.webp\",\"contentUrl\":\"https:\\\/\\\/www.eldiario.net\\\/portal\\\/wp-content\\\/uploads\\\/2026\\\/03\\\/CRISIS-FOTO.webp\",\"width\":672,\"height\":641},{\"@type\":\"BreadcrumbList\",\"@id\":\"https:\\\/\\\/www.eldiario.net\\\/portal\\\/2026\\\/03\\\/05\\\/gobierno-debe-reducir-gasto-no-hacer-ajuste-implica-profundizar-la-crisis\\\/#breadcrumb\",\"itemListElement\":[{\"@type\":\"ListItem\",\"position\":1,\"name\":\"Portada\",\"item\":\"https:\\\/\\\/www.eldiario.net\\\/portal\\\/\"},{\"@type\":\"ListItem\",\"position\":2,\"name\":\"Gobierno debe reducir gasto, no hacer ajuste implica profundizar la crisis\"}]},{\"@type\":\"WebSite\",\"@id\":\"https:\\\/\\\/www.eldiario.net\\\/portal\\\/#website\",\"url\":\"https:\\\/\\\/www.eldiario.net\\\/portal\\\/\",\"name\":\"El Diario - Decano de la prensa nacional\",\"description\":\"El Diario - Decano de la prensa nacional\",\"publisher\":{\"@id\":\"https:\\\/\\\/www.eldiario.net\\\/portal\\\/#organization\"},\"potentialAction\":[{\"@type\":\"SearchAction\",\"target\":{\"@type\":\"EntryPoint\",\"urlTemplate\":\"https:\\\/\\\/www.eldiario.net\\\/portal\\\/?s={search_term_string}\"},\"query-input\":{\"@type\":\"PropertyValueSpecification\",\"valueRequired\":true,\"valueName\":\"search_term_string\"}}],\"inLanguage\":\"es\"},{\"@type\":\"Organization\",\"@id\":\"https:\\\/\\\/www.eldiario.net\\\/portal\\\/#organization\",\"name\":\"El Diario - Decano de la prensa nacional\",\"url\":\"https:\\\/\\\/www.eldiario.net\\\/portal\\\/\",\"logo\":{\"@type\":\"ImageObject\",\"inLanguage\":\"es\",\"@id\":\"https:\\\/\\\/www.eldiario.net\\\/portal\\\/#\\\/schema\\\/logo\\\/image\\\/\",\"url\":\"https:\\\/\\\/www.eldiario.net\\\/portal\\\/wp-content\\\/uploads\\\/2023\\\/07\\\/logo_ED.jpg\",\"contentUrl\":\"https:\\\/\\\/www.eldiario.net\\\/portal\\\/wp-content\\\/uploads\\\/2023\\\/07\\\/logo_ED.jpg\",\"width\":272,\"height\":52,\"caption\":\"El Diario - Decano de la prensa nacional\"},\"image\":{\"@id\":\"https:\\\/\\\/www.eldiario.net\\\/portal\\\/#\\\/schema\\\/logo\\\/image\\\/\"},\"sameAs\":[\"https:\\\/\\\/www.facebook.com\\\/eldiario.bolivia\\\/\",\"https:\\\/\\\/x.com\\\/eldiario_net\"]},{\"@type\":\"Person\",\"@id\":\"https:\\\/\\\/www.eldiario.net\\\/portal\\\/#\\\/schema\\\/person\\\/f46445640444750d7d753ccd04ae01b7\",\"name\":\"Jeanette\",\"image\":{\"@type\":\"ImageObject\",\"inLanguage\":\"es\",\"@id\":\"https:\\\/\\\/secure.gravatar.com\\\/avatar\\\/3ea2118a5f7dad2b7138b1187a6b7ee55f160b9968b66013c3a3ef39dd7e5798?s=96&d=mm&r=g\",\"url\":\"https:\\\/\\\/secure.gravatar.com\\\/avatar\\\/3ea2118a5f7dad2b7138b1187a6b7ee55f160b9968b66013c3a3ef39dd7e5798?s=96&d=mm&r=g\",\"contentUrl\":\"https:\\\/\\\/secure.gravatar.com\\\/avatar\\\/3ea2118a5f7dad2b7138b1187a6b7ee55f160b9968b66013c3a3ef39dd7e5798?s=96&d=mm&r=g\",\"caption\":\"Jeanette\"},\"sameAs\":[\"https:\\\/\\\/www.eldiario.net\\\/portal\"],\"url\":\"https:\\\/\\\/www.eldiario.net\\\/portal\\\/author\\\/jeanette\\\/\"}]}<\/script>\n<!-- \/ Yoast SEO plugin. -->","yoast_head_json":{"title":"Gobierno debe reducir gasto, no hacer ajuste implica profundizar la crisis - El Diario - Bolivia","robots":{"index":"index","follow":"follow","max-snippet":"max-snippet:-1","max-image-preview":"max-image-preview:large","max-video-preview":"max-video-preview:-1"},"canonical":"https:\/\/www.eldiario.net\/portal\/2026\/03\/05\/gobierno-debe-reducir-gasto-no-hacer-ajuste-implica-profundizar-la-crisis\/","og_locale":"es_ES","og_type":"article","og_title":"Gobierno debe reducir gasto, no hacer ajuste implica profundizar la crisis - El Diario - Bolivia","og_description":"La crisis econ\u00f3mica generada y heredada de los gobiernos anteriores tiene como una de las causas principales el crecimiento desmedido del gasto p\u00fablico, con una alta carga burocr\u00e1tica y empresas p\u00fablicas deficitarias, en un contexto de ca\u00edda de ingresos. La nueva gesti\u00f3n gubernamental tiene la responsabilidad de reducir el gasto; no asumir este ajuste implicar\u00eda [&hellip;]","og_url":"https:\/\/www.eldiario.net\/portal\/2026\/03\/05\/gobierno-debe-reducir-gasto-no-hacer-ajuste-implica-profundizar-la-crisis\/","og_site_name":"El Diario - Bolivia","article_publisher":"https:\/\/www.facebook.com\/eldiario.bolivia\/","article_published_time":"2026-03-05T10:53:08+00:00","og_image":[{"width":672,"height":641,"url":"https:\/\/www.eldiario.net\/portal\/wp-content\/uploads\/2026\/03\/CRISIS-FOTO.webp","type":"image\/webp"}],"author":"Jeanette","twitter_card":"summary_large_image","twitter_creator":"@eldiario_net","twitter_site":"@eldiario_net","twitter_misc":{"Escrito por":"Jeanette","Tiempo de lectura":"3 minutos"},"schema":{"@context":"https:\/\/schema.org","@graph":[{"@type":"Article","@id":"https:\/\/www.eldiario.net\/portal\/2026\/03\/05\/gobierno-debe-reducir-gasto-no-hacer-ajuste-implica-profundizar-la-crisis\/#article","isPartOf":{"@id":"https:\/\/www.eldiario.net\/portal\/2026\/03\/05\/gobierno-debe-reducir-gasto-no-hacer-ajuste-implica-profundizar-la-crisis\/"},"author":{"name":"Jeanette","@id":"https:\/\/www.eldiario.net\/portal\/#\/schema\/person\/f46445640444750d7d753ccd04ae01b7"},"headline":"Gobierno debe reducir gasto, no hacer ajuste implica profundizar la crisis","datePublished":"2026-03-05T10:53:08+00:00","mainEntityOfPage":{"@id":"https:\/\/www.eldiario.net\/portal\/2026\/03\/05\/gobierno-debe-reducir-gasto-no-hacer-ajuste-implica-profundizar-la-crisis\/"},"wordCount":554,"publisher":{"@id":"https:\/\/www.eldiario.net\/portal\/#organization"},"image":{"@id":"https:\/\/www.eldiario.net\/portal\/2026\/03\/05\/gobierno-debe-reducir-gasto-no-hacer-ajuste-implica-profundizar-la-crisis\/#primaryimage"},"thumbnailUrl":"https:\/\/www.eldiario.net\/portal\/wp-content\/uploads\/2026\/03\/CRISIS-FOTO.webp","articleSection":["Portada"],"inLanguage":"es"},{"@type":"WebPage","@id":"https:\/\/www.eldiario.net\/portal\/2026\/03\/05\/gobierno-debe-reducir-gasto-no-hacer-ajuste-implica-profundizar-la-crisis\/","url":"https:\/\/www.eldiario.net\/portal\/2026\/03\/05\/gobierno-debe-reducir-gasto-no-hacer-ajuste-implica-profundizar-la-crisis\/","name":"Gobierno debe reducir gasto, no hacer ajuste implica profundizar la crisis - El Diario - Bolivia","isPartOf":{"@id":"https:\/\/www.eldiario.net\/portal\/#website"},"primaryImageOfPage":{"@id":"https:\/\/www.eldiario.net\/portal\/2026\/03\/05\/gobierno-debe-reducir-gasto-no-hacer-ajuste-implica-profundizar-la-crisis\/#primaryimage"},"image":{"@id":"https:\/\/www.eldiario.net\/portal\/2026\/03\/05\/gobierno-debe-reducir-gasto-no-hacer-ajuste-implica-profundizar-la-crisis\/#primaryimage"},"thumbnailUrl":"https:\/\/www.eldiario.net\/portal\/wp-content\/uploads\/2026\/03\/CRISIS-FOTO.webp","datePublished":"2026-03-05T10:53:08+00:00","breadcrumb":{"@id":"https:\/\/www.eldiario.net\/portal\/2026\/03\/05\/gobierno-debe-reducir-gasto-no-hacer-ajuste-implica-profundizar-la-crisis\/#breadcrumb"},"inLanguage":"es","potentialAction":[{"@type":"ReadAction","target":["https:\/\/www.eldiario.net\/portal\/2026\/03\/05\/gobierno-debe-reducir-gasto-no-hacer-ajuste-implica-profundizar-la-crisis\/"]}]},{"@type":"ImageObject","inLanguage":"es","@id":"https:\/\/www.eldiario.net\/portal\/2026\/03\/05\/gobierno-debe-reducir-gasto-no-hacer-ajuste-implica-profundizar-la-crisis\/#primaryimage","url":"https:\/\/www.eldiario.net\/portal\/wp-content\/uploads\/2026\/03\/CRISIS-FOTO.webp","contentUrl":"https:\/\/www.eldiario.net\/portal\/wp-content\/uploads\/2026\/03\/CRISIS-FOTO.webp","width":672,"height":641},{"@type":"BreadcrumbList","@id":"https:\/\/www.eldiario.net\/portal\/2026\/03\/05\/gobierno-debe-reducir-gasto-no-hacer-ajuste-implica-profundizar-la-crisis\/#breadcrumb","itemListElement":[{"@type":"ListItem","position":1,"name":"Portada","item":"https:\/\/www.eldiario.net\/portal\/"},{"@type":"ListItem","position":2,"name":"Gobierno debe reducir gasto, no hacer ajuste implica profundizar la crisis"}]},{"@type":"WebSite","@id":"https:\/\/www.eldiario.net\/portal\/#website","url":"https:\/\/www.eldiario.net\/portal\/","name":"El Diario - Decano de la prensa nacional","description":"El Diario - Decano de la prensa nacional","publisher":{"@id":"https:\/\/www.eldiario.net\/portal\/#organization"},"potentialAction":[{"@type":"SearchAction","target":{"@type":"EntryPoint","urlTemplate":"https:\/\/www.eldiario.net\/portal\/?s={search_term_string}"},"query-input":{"@type":"PropertyValueSpecification","valueRequired":true,"valueName":"search_term_string"}}],"inLanguage":"es"},{"@type":"Organization","@id":"https:\/\/www.eldiario.net\/portal\/#organization","name":"El Diario - Decano de la prensa nacional","url":"https:\/\/www.eldiario.net\/portal\/","logo":{"@type":"ImageObject","inLanguage":"es","@id":"https:\/\/www.eldiario.net\/portal\/#\/schema\/logo\/image\/","url":"https:\/\/www.eldiario.net\/portal\/wp-content\/uploads\/2023\/07\/logo_ED.jpg","contentUrl":"https:\/\/www.eldiario.net\/portal\/wp-content\/uploads\/2023\/07\/logo_ED.jpg","width":272,"height":52,"caption":"El Diario - Decano de la prensa nacional"},"image":{"@id":"https:\/\/www.eldiario.net\/portal\/#\/schema\/logo\/image\/"},"sameAs":["https:\/\/www.facebook.com\/eldiario.bolivia\/","https:\/\/x.com\/eldiario_net"]},{"@type":"Person","@id":"https:\/\/www.eldiario.net\/portal\/#\/schema\/person\/f46445640444750d7d753ccd04ae01b7","name":"Jeanette","image":{"@type":"ImageObject","inLanguage":"es","@id":"https:\/\/secure.gravatar.com\/avatar\/3ea2118a5f7dad2b7138b1187a6b7ee55f160b9968b66013c3a3ef39dd7e5798?s=96&d=mm&r=g","url":"https:\/\/secure.gravatar.com\/avatar\/3ea2118a5f7dad2b7138b1187a6b7ee55f160b9968b66013c3a3ef39dd7e5798?s=96&d=mm&r=g","contentUrl":"https:\/\/secure.gravatar.com\/avatar\/3ea2118a5f7dad2b7138b1187a6b7ee55f160b9968b66013c3a3ef39dd7e5798?s=96&d=mm&r=g","caption":"Jeanette"},"sameAs":["https:\/\/www.eldiario.net\/portal"],"url":"https:\/\/www.eldiario.net\/portal\/author\/jeanette\/"}]}},"_links":{"self":[{"href":"https:\/\/www.eldiario.net\/portal\/wp-json\/wp\/v2\/posts\/373375","targetHints":{"allow":["GET"]}}],"collection":[{"href":"https:\/\/www.eldiario.net\/portal\/wp-json\/wp\/v2\/posts"}],"about":[{"href":"https:\/\/www.eldiario.net\/portal\/wp-json\/wp\/v2\/types\/post"}],"author":[{"embeddable":true,"href":"https:\/\/www.eldiario.net\/portal\/wp-json\/wp\/v2\/users\/1"}],"replies":[{"embeddable":true,"href":"https:\/\/www.eldiario.net\/portal\/wp-json\/wp\/v2\/comments?post=373375"}],"version-history":[{"count":1,"href":"https:\/\/www.eldiario.net\/portal\/wp-json\/wp\/v2\/posts\/373375\/revisions"}],"predecessor-version":[{"id":373377,"href":"https:\/\/www.eldiario.net\/portal\/wp-json\/wp\/v2\/posts\/373375\/revisions\/373377"}],"wp:featuredmedia":[{"embeddable":true,"href":"https:\/\/www.eldiario.net\/portal\/wp-json\/wp\/v2\/media\/373376"}],"wp:attachment":[{"href":"https:\/\/www.eldiario.net\/portal\/wp-json\/wp\/v2\/media?parent=373375"}],"wp:term":[{"taxonomy":"category","embeddable":true,"href":"https:\/\/www.eldiario.net\/portal\/wp-json\/wp\/v2\/categories?post=373375"},{"taxonomy":"post_tag","embeddable":true,"href":"https:\/\/www.eldiario.net\/portal\/wp-json\/wp\/v2\/tags?post=373375"}],"curies":[{"name":"wp","href":"https:\/\/api.w.org\/{rel}","templated":true}]}}