{"id":373372,"date":"2026-03-05T06:52:42","date_gmt":"2026-03-05T10:52:42","guid":{"rendered":"https:\/\/www.eldiario.net\/portal\/?p=373372"},"modified":"2026-03-05T06:52:42","modified_gmt":"2026-03-05T10:52:42","slug":"debates-para-las-subnacionales-seran-entre-11-y-15-de-marzo","status":"publish","type":"post","link":"https:\/\/www.eldiario.net\/portal\/2026\/03\/05\/debates-para-las-subnacionales-seran-entre-11-y-15-de-marzo\/","title":{"rendered":"Debates para las subnacionales ser\u00e1n entre 11 y 15 de marzo"},"content":{"rendered":"<p>El Tribunal Supremo Electoral (TSE) confirm\u00f3 la realizaci\u00f3n de debates antes de las elecciones subnacionales, tanto de candidatos a gobernadores de los nueve departamentos, adem\u00e1s de alcaldes de las ciudades capitales y El Alto.<\/p>\n<p>El presidente del TSE, Gustavo \u00c1vila, inform\u00f3 que los debates de gobernadores de los nueve departamentos se realizar\u00e1n el mi\u00e9rcoles 11 de marzo.<\/p>\n<p>Despu\u00e9s, el s\u00e1bado 14 de marzo se realizar\u00e1 el debate de candidatos a alcalde de El Alto.<\/p>\n<p>Despu\u00e9s, el domingo 15 de marzo se desarrollar\u00e1n los debates de postulantes a alcaldes de ciudades capitales, indic\u00f3 \u00c1vila.<\/p>\n<p>\u201cEstos debates van a ser transmitidos todos en se\u00f1al abierta, se van a invitar a participar a todas las organizaciones pol\u00edticas que tienen sus candidaturas\u201d, destac\u00f3 el presidente del TSE.<\/p>\n<p>\u00c1vila precis\u00f3, adem\u00e1s, que el lunes 9 habr\u00e1 una reuni\u00f3n de socializaci\u00f3n con los delegados de las organizaciones en cada uno de los departamentos. El turno para intervenir en los debates se definir\u00e1 por sorteo p\u00fablico.<\/p>\n<p>Para las preguntas del debate, indic\u00f3 que cada tribunal electoral est\u00e1 coordinando con las instituciones aliadas, como la federaci\u00f3n de periodistas, de profesionales y otros para elaborar las tem\u00e1ticas que vayan relacionadas al \u00e1mbito competencial de alcaldes y de gobernadores, adem\u00e1s de las necesidades de sus respectivas regiones. (Erbol)<\/p>\n","protected":false},"excerpt":{"rendered":"<p>El Tribunal Supremo Electoral (TSE) confirm\u00f3 la realizaci\u00f3n de debates antes de las elecciones subnacionales, tanto de candidatos a gobernadores de los nueve departamentos, adem\u00e1s de alcaldes de las ciudades capitales y El Alto. El presidente del TSE, Gustavo \u00c1vila, inform\u00f3 que los debates de gobernadores de los nueve departamentos se realizar\u00e1n el mi\u00e9rcoles 11 [&hellip;]<\/p>\n","protected":false},"author":1,"featured_media":373373,"comment_status":"closed","ping_status":"open","sticky":false,"template":"","format":"standard","meta":{"_acf_changed":false,"footnotes":""},"categories":[15],"tags":[],"class_list":["post-373372","post","type-post","status-publish","format-standard","has-post-thumbnail","category-portada"],"acf":{"antetitulo":""},"yoast_head":"<!-- This site is optimized with the Yoast SEO plugin v28.4 - https:\/\/yoast.com\/product\/yoast-seo-wordpress\/ -->\n<title>Debates para las subnacionales ser\u00e1n entre 11 y 15 de marzo - El Diario - Bolivia<\/title>\n<meta name=\"robots\" content=\"index, follow, max-snippet:-1, max-image-preview:large, max-video-preview:-1\" \/>\n<link rel=\"canonical\" href=\"https:\/\/www.eldiario.net\/portal\/2026\/03\/05\/debates-para-las-subnacionales-seran-entre-11-y-15-de-marzo\/\" \/>\n<meta property=\"og:locale\" content=\"es_ES\" \/>\n<meta property=\"og:type\" content=\"article\" \/>\n<meta property=\"og:title\" content=\"Debates para las subnacionales ser\u00e1n entre 11 y 15 de marzo - El Diario - Bolivia\" \/>\n<meta property=\"og:description\" content=\"El Tribunal Supremo Electoral (TSE) confirm\u00f3 la realizaci\u00f3n de debates antes de las elecciones subnacionales, tanto de candidatos a gobernadores de los nueve departamentos, adem\u00e1s de alcaldes de las ciudades capitales y El Alto. El presidente del TSE, Gustavo \u00c1vila, inform\u00f3 que los debates de gobernadores de los nueve departamentos se realizar\u00e1n el mi\u00e9rcoles 11 [&hellip;]\" \/>\n<meta property=\"og:url\" content=\"https:\/\/www.eldiario.net\/portal\/2026\/03\/05\/debates-para-las-subnacionales-seran-entre-11-y-15-de-marzo\/\" \/>\n<meta property=\"og:site_name\" content=\"El Diario - Bolivia\" \/>\n<meta property=\"article:publisher\" content=\"https:\/\/www.facebook.com\/eldiario.bolivia\/\" \/>\n<meta property=\"article:published_time\" content=\"2026-03-05T10:52:42+00:00\" \/>\n<meta property=\"og:image\" content=\"https:\/\/www.eldiario.net\/portal\/wp-content\/uploads\/2026\/03\/DEBATES-FOTO.webp\" \/>\n\t<meta property=\"og:image:width\" content=\"1170\" \/>\n\t<meta property=\"og:image:height\" content=\"720\" \/>\n\t<meta property=\"og:image:type\" content=\"image\/webp\" \/>\n<meta name=\"author\" content=\"Jeanette\" \/>\n<meta name=\"twitter:card\" content=\"summary_large_image\" \/>\n<meta name=\"twitter:creator\" content=\"@eldiario_net\" \/>\n<meta name=\"twitter:site\" content=\"@eldiario_net\" \/>\n<meta name=\"twitter:label1\" content=\"Escrito por\" \/>\n\t<meta name=\"twitter:data1\" content=\"Jeanette\" \/>\n\t<meta name=\"twitter:label2\" content=\"Tiempo de lectura\" \/>\n\t<meta name=\"twitter:data2\" content=\"2 minutos\" \/>\n<script type=\"application\/ld+json\" class=\"yoast-schema-graph\">{\"@context\":\"https:\\\/\\\/schema.org\",\"@graph\":[{\"@type\":\"Article\",\"@id\":\"https:\\\/\\\/www.eldiario.net\\\/portal\\\/2026\\\/03\\\/05\\\/debates-para-las-subnacionales-seran-entre-11-y-15-de-marzo\\\/#article\",\"isPartOf\":{\"@id\":\"https:\\\/\\\/www.eldiario.net\\\/portal\\\/2026\\\/03\\\/05\\\/debates-para-las-subnacionales-seran-entre-11-y-15-de-marzo\\\/\"},\"author\":{\"name\":\"Jeanette\",\"@id\":\"https:\\\/\\\/www.eldiario.net\\\/portal\\\/#\\\/schema\\\/person\\\/f46445640444750d7d753ccd04ae01b7\"},\"headline\":\"Debates para las subnacionales ser\u00e1n entre 11 y 15 de marzo\",\"datePublished\":\"2026-03-05T10:52:42+00:00\",\"mainEntityOfPage\":{\"@id\":\"https:\\\/\\\/www.eldiario.net\\\/portal\\\/2026\\\/03\\\/05\\\/debates-para-las-subnacionales-seran-entre-11-y-15-de-marzo\\\/\"},\"wordCount\":231,\"publisher\":{\"@id\":\"https:\\\/\\\/www.eldiario.net\\\/portal\\\/#organization\"},\"image\":{\"@id\":\"https:\\\/\\\/www.eldiario.net\\\/portal\\\/2026\\\/03\\\/05\\\/debates-para-las-subnacionales-seran-entre-11-y-15-de-marzo\\\/#primaryimage\"},\"thumbnailUrl\":\"https:\\\/\\\/www.eldiario.net\\\/portal\\\/wp-content\\\/uploads\\\/2026\\\/03\\\/DEBATES-FOTO.webp\",\"articleSection\":[\"Portada\"],\"inLanguage\":\"es\"},{\"@type\":\"WebPage\",\"@id\":\"https:\\\/\\\/www.eldiario.net\\\/portal\\\/2026\\\/03\\\/05\\\/debates-para-las-subnacionales-seran-entre-11-y-15-de-marzo\\\/\",\"url\":\"https:\\\/\\\/www.eldiario.net\\\/portal\\\/2026\\\/03\\\/05\\\/debates-para-las-subnacionales-seran-entre-11-y-15-de-marzo\\\/\",\"name\":\"Debates para las subnacionales ser\u00e1n entre 11 y 15 de marzo - El Diario - Bolivia\",\"isPartOf\":{\"@id\":\"https:\\\/\\\/www.eldiario.net\\\/portal\\\/#website\"},\"primaryImageOfPage\":{\"@id\":\"https:\\\/\\\/www.eldiario.net\\\/portal\\\/2026\\\/03\\\/05\\\/debates-para-las-subnacionales-seran-entre-11-y-15-de-marzo\\\/#primaryimage\"},\"image\":{\"@id\":\"https:\\\/\\\/www.eldiario.net\\\/portal\\\/2026\\\/03\\\/05\\\/debates-para-las-subnacionales-seran-entre-11-y-15-de-marzo\\\/#primaryimage\"},\"thumbnailUrl\":\"https:\\\/\\\/www.eldiario.net\\\/portal\\\/wp-content\\\/uploads\\\/2026\\\/03\\\/DEBATES-FOTO.webp\",\"datePublished\":\"2026-03-05T10:52:42+00:00\",\"breadcrumb\":{\"@id\":\"https:\\\/\\\/www.eldiario.net\\\/portal\\\/2026\\\/03\\\/05\\\/debates-para-las-subnacionales-seran-entre-11-y-15-de-marzo\\\/#breadcrumb\"},\"inLanguage\":\"es\",\"potentialAction\":[{\"@type\":\"ReadAction\",\"target\":[\"https:\\\/\\\/www.eldiario.net\\\/portal\\\/2026\\\/03\\\/05\\\/debates-para-las-subnacionales-seran-entre-11-y-15-de-marzo\\\/\"]}]},{\"@type\":\"ImageObject\",\"inLanguage\":\"es\",\"@id\":\"https:\\\/\\\/www.eldiario.net\\\/portal\\\/2026\\\/03\\\/05\\\/debates-para-las-subnacionales-seran-entre-11-y-15-de-marzo\\\/#primaryimage\",\"url\":\"https:\\\/\\\/www.eldiario.net\\\/portal\\\/wp-content\\\/uploads\\\/2026\\\/03\\\/DEBATES-FOTO.webp\",\"contentUrl\":\"https:\\\/\\\/www.eldiario.net\\\/portal\\\/wp-content\\\/uploads\\\/2026\\\/03\\\/DEBATES-FOTO.webp\",\"width\":1170,\"height\":720,\"caption\":\"EL PRESIDENTE DEL TSE, GUSTAVO \u00c1VILA. FOTO: ERBOL\"},{\"@type\":\"BreadcrumbList\",\"@id\":\"https:\\\/\\\/www.eldiario.net\\\/portal\\\/2026\\\/03\\\/05\\\/debates-para-las-subnacionales-seran-entre-11-y-15-de-marzo\\\/#breadcrumb\",\"itemListElement\":[{\"@type\":\"ListItem\",\"position\":1,\"name\":\"Portada\",\"item\":\"https:\\\/\\\/www.eldiario.net\\\/portal\\\/\"},{\"@type\":\"ListItem\",\"position\":2,\"name\":\"Debates para las subnacionales ser\u00e1n entre 11 y 15 de marzo\"}]},{\"@type\":\"WebSite\",\"@id\":\"https:\\\/\\\/www.eldiario.net\\\/portal\\\/#website\",\"url\":\"https:\\\/\\\/www.eldiario.net\\\/portal\\\/\",\"name\":\"El Diario - Decano de la prensa nacional\",\"description\":\"El Diario - Decano de la prensa nacional\",\"publisher\":{\"@id\":\"https:\\\/\\\/www.eldiario.net\\\/portal\\\/#organization\"},\"potentialAction\":[{\"@type\":\"SearchAction\",\"target\":{\"@type\":\"EntryPoint\",\"urlTemplate\":\"https:\\\/\\\/www.eldiario.net\\\/portal\\\/?s={search_term_string}\"},\"query-input\":{\"@type\":\"PropertyValueSpecification\",\"valueRequired\":true,\"valueName\":\"search_term_string\"}}],\"inLanguage\":\"es\"},{\"@type\":\"Organization\",\"@id\":\"https:\\\/\\\/www.eldiario.net\\\/portal\\\/#organization\",\"name\":\"El Diario - Decano de la prensa nacional\",\"url\":\"https:\\\/\\\/www.eldiario.net\\\/portal\\\/\",\"logo\":{\"@type\":\"ImageObject\",\"inLanguage\":\"es\",\"@id\":\"https:\\\/\\\/www.eldiario.net\\\/portal\\\/#\\\/schema\\\/logo\\\/image\\\/\",\"url\":\"https:\\\/\\\/www.eldiario.net\\\/portal\\\/wp-content\\\/uploads\\\/2023\\\/07\\\/logo_ED.jpg\",\"contentUrl\":\"https:\\\/\\\/www.eldiario.net\\\/portal\\\/wp-content\\\/uploads\\\/2023\\\/07\\\/logo_ED.jpg\",\"width\":272,\"height\":52,\"caption\":\"El Diario - Decano de la prensa nacional\"},\"image\":{\"@id\":\"https:\\\/\\\/www.eldiario.net\\\/portal\\\/#\\\/schema\\\/logo\\\/image\\\/\"},\"sameAs\":[\"https:\\\/\\\/www.facebook.com\\\/eldiario.bolivia\\\/\",\"https:\\\/\\\/x.com\\\/eldiario_net\"]},{\"@type\":\"Person\",\"@id\":\"https:\\\/\\\/www.eldiario.net\\\/portal\\\/#\\\/schema\\\/person\\\/f46445640444750d7d753ccd04ae01b7\",\"name\":\"Jeanette\",\"image\":{\"@type\":\"ImageObject\",\"inLanguage\":\"es\",\"@id\":\"https:\\\/\\\/secure.gravatar.com\\\/avatar\\\/3ea2118a5f7dad2b7138b1187a6b7ee55f160b9968b66013c3a3ef39dd7e5798?s=96&d=mm&r=g\",\"url\":\"https:\\\/\\\/secure.gravatar.com\\\/avatar\\\/3ea2118a5f7dad2b7138b1187a6b7ee55f160b9968b66013c3a3ef39dd7e5798?s=96&d=mm&r=g\",\"contentUrl\":\"https:\\\/\\\/secure.gravatar.com\\\/avatar\\\/3ea2118a5f7dad2b7138b1187a6b7ee55f160b9968b66013c3a3ef39dd7e5798?s=96&d=mm&r=g\",\"caption\":\"Jeanette\"},\"sameAs\":[\"https:\\\/\\\/www.eldiario.net\\\/portal\"],\"url\":\"https:\\\/\\\/www.eldiario.net\\\/portal\\\/author\\\/jeanette\\\/\"}]}<\/script>\n<!-- \/ Yoast SEO plugin. -->","yoast_head_json":{"title":"Debates para las subnacionales ser\u00e1n entre 11 y 15 de marzo - El Diario - Bolivia","robots":{"index":"index","follow":"follow","max-snippet":"max-snippet:-1","max-image-preview":"max-image-preview:large","max-video-preview":"max-video-preview:-1"},"canonical":"https:\/\/www.eldiario.net\/portal\/2026\/03\/05\/debates-para-las-subnacionales-seran-entre-11-y-15-de-marzo\/","og_locale":"es_ES","og_type":"article","og_title":"Debates para las subnacionales ser\u00e1n entre 11 y 15 de marzo - El Diario - Bolivia","og_description":"El Tribunal Supremo Electoral (TSE) confirm\u00f3 la realizaci\u00f3n de debates antes de las elecciones subnacionales, tanto de candidatos a gobernadores de los nueve departamentos, adem\u00e1s de alcaldes de las ciudades capitales y El Alto. El presidente del TSE, Gustavo \u00c1vila, inform\u00f3 que los debates de gobernadores de los nueve departamentos se realizar\u00e1n el mi\u00e9rcoles 11 [&hellip;]","og_url":"https:\/\/www.eldiario.net\/portal\/2026\/03\/05\/debates-para-las-subnacionales-seran-entre-11-y-15-de-marzo\/","og_site_name":"El Diario - Bolivia","article_publisher":"https:\/\/www.facebook.com\/eldiario.bolivia\/","article_published_time":"2026-03-05T10:52:42+00:00","og_image":[{"width":1170,"height":720,"url":"https:\/\/www.eldiario.net\/portal\/wp-content\/uploads\/2026\/03\/DEBATES-FOTO.webp","type":"image\/webp"}],"author":"Jeanette","twitter_card":"summary_large_image","twitter_creator":"@eldiario_net","twitter_site":"@eldiario_net","twitter_misc":{"Escrito por":"Jeanette","Tiempo de lectura":"2 minutos"},"schema":{"@context":"https:\/\/schema.org","@graph":[{"@type":"Article","@id":"https:\/\/www.eldiario.net\/portal\/2026\/03\/05\/debates-para-las-subnacionales-seran-entre-11-y-15-de-marzo\/#article","isPartOf":{"@id":"https:\/\/www.eldiario.net\/portal\/2026\/03\/05\/debates-para-las-subnacionales-seran-entre-11-y-15-de-marzo\/"},"author":{"name":"Jeanette","@id":"https:\/\/www.eldiario.net\/portal\/#\/schema\/person\/f46445640444750d7d753ccd04ae01b7"},"headline":"Debates para las subnacionales ser\u00e1n entre 11 y 15 de marzo","datePublished":"2026-03-05T10:52:42+00:00","mainEntityOfPage":{"@id":"https:\/\/www.eldiario.net\/portal\/2026\/03\/05\/debates-para-las-subnacionales-seran-entre-11-y-15-de-marzo\/"},"wordCount":231,"publisher":{"@id":"https:\/\/www.eldiario.net\/portal\/#organization"},"image":{"@id":"https:\/\/www.eldiario.net\/portal\/2026\/03\/05\/debates-para-las-subnacionales-seran-entre-11-y-15-de-marzo\/#primaryimage"},"thumbnailUrl":"https:\/\/www.eldiario.net\/portal\/wp-content\/uploads\/2026\/03\/DEBATES-FOTO.webp","articleSection":["Portada"],"inLanguage":"es"},{"@type":"WebPage","@id":"https:\/\/www.eldiario.net\/portal\/2026\/03\/05\/debates-para-las-subnacionales-seran-entre-11-y-15-de-marzo\/","url":"https:\/\/www.eldiario.net\/portal\/2026\/03\/05\/debates-para-las-subnacionales-seran-entre-11-y-15-de-marzo\/","name":"Debates para las subnacionales ser\u00e1n entre 11 y 15 de marzo - El Diario - Bolivia","isPartOf":{"@id":"https:\/\/www.eldiario.net\/portal\/#website"},"primaryImageOfPage":{"@id":"https:\/\/www.eldiario.net\/portal\/2026\/03\/05\/debates-para-las-subnacionales-seran-entre-11-y-15-de-marzo\/#primaryimage"},"image":{"@id":"https:\/\/www.eldiario.net\/portal\/2026\/03\/05\/debates-para-las-subnacionales-seran-entre-11-y-15-de-marzo\/#primaryimage"},"thumbnailUrl":"https:\/\/www.eldiario.net\/portal\/wp-content\/uploads\/2026\/03\/DEBATES-FOTO.webp","datePublished":"2026-03-05T10:52:42+00:00","breadcrumb":{"@id":"https:\/\/www.eldiario.net\/portal\/2026\/03\/05\/debates-para-las-subnacionales-seran-entre-11-y-15-de-marzo\/#breadcrumb"},"inLanguage":"es","potentialAction":[{"@type":"ReadAction","target":["https:\/\/www.eldiario.net\/portal\/2026\/03\/05\/debates-para-las-subnacionales-seran-entre-11-y-15-de-marzo\/"]}]},{"@type":"ImageObject","inLanguage":"es","@id":"https:\/\/www.eldiario.net\/portal\/2026\/03\/05\/debates-para-las-subnacionales-seran-entre-11-y-15-de-marzo\/#primaryimage","url":"https:\/\/www.eldiario.net\/portal\/wp-content\/uploads\/2026\/03\/DEBATES-FOTO.webp","contentUrl":"https:\/\/www.eldiario.net\/portal\/wp-content\/uploads\/2026\/03\/DEBATES-FOTO.webp","width":1170,"height":720,"caption":"EL PRESIDENTE DEL TSE, GUSTAVO \u00c1VILA. FOTO: ERBOL"},{"@type":"BreadcrumbList","@id":"https:\/\/www.eldiario.net\/portal\/2026\/03\/05\/debates-para-las-subnacionales-seran-entre-11-y-15-de-marzo\/#breadcrumb","itemListElement":[{"@type":"ListItem","position":1,"name":"Portada","item":"https:\/\/www.eldiario.net\/portal\/"},{"@type":"ListItem","position":2,"name":"Debates para las subnacionales ser\u00e1n entre 11 y 15 de marzo"}]},{"@type":"WebSite","@id":"https:\/\/www.eldiario.net\/portal\/#website","url":"https:\/\/www.eldiario.net\/portal\/","name":"El Diario - Decano de la prensa nacional","description":"El Diario - Decano de la prensa nacional","publisher":{"@id":"https:\/\/www.eldiario.net\/portal\/#organization"},"potentialAction":[{"@type":"SearchAction","target":{"@type":"EntryPoint","urlTemplate":"https:\/\/www.eldiario.net\/portal\/?s={search_term_string}"},"query-input":{"@type":"PropertyValueSpecification","valueRequired":true,"valueName":"search_term_string"}}],"inLanguage":"es"},{"@type":"Organization","@id":"https:\/\/www.eldiario.net\/portal\/#organization","name":"El Diario - Decano de la prensa nacional","url":"https:\/\/www.eldiario.net\/portal\/","logo":{"@type":"ImageObject","inLanguage":"es","@id":"https:\/\/www.eldiario.net\/portal\/#\/schema\/logo\/image\/","url":"https:\/\/www.eldiario.net\/portal\/wp-content\/uploads\/2023\/07\/logo_ED.jpg","contentUrl":"https:\/\/www.eldiario.net\/portal\/wp-content\/uploads\/2023\/07\/logo_ED.jpg","width":272,"height":52,"caption":"El Diario - Decano de la prensa nacional"},"image":{"@id":"https:\/\/www.eldiario.net\/portal\/#\/schema\/logo\/image\/"},"sameAs":["https:\/\/www.facebook.com\/eldiario.bolivia\/","https:\/\/x.com\/eldiario_net"]},{"@type":"Person","@id":"https:\/\/www.eldiario.net\/portal\/#\/schema\/person\/f46445640444750d7d753ccd04ae01b7","name":"Jeanette","image":{"@type":"ImageObject","inLanguage":"es","@id":"https:\/\/secure.gravatar.com\/avatar\/3ea2118a5f7dad2b7138b1187a6b7ee55f160b9968b66013c3a3ef39dd7e5798?s=96&d=mm&r=g","url":"https:\/\/secure.gravatar.com\/avatar\/3ea2118a5f7dad2b7138b1187a6b7ee55f160b9968b66013c3a3ef39dd7e5798?s=96&d=mm&r=g","contentUrl":"https:\/\/secure.gravatar.com\/avatar\/3ea2118a5f7dad2b7138b1187a6b7ee55f160b9968b66013c3a3ef39dd7e5798?s=96&d=mm&r=g","caption":"Jeanette"},"sameAs":["https:\/\/www.eldiario.net\/portal"],"url":"https:\/\/www.eldiario.net\/portal\/author\/jeanette\/"}]}},"_links":{"self":[{"href":"https:\/\/www.eldiario.net\/portal\/wp-json\/wp\/v2\/posts\/373372","targetHints":{"allow":["GET"]}}],"collection":[{"href":"https:\/\/www.eldiario.net\/portal\/wp-json\/wp\/v2\/posts"}],"about":[{"href":"https:\/\/www.eldiario.net\/portal\/wp-json\/wp\/v2\/types\/post"}],"author":[{"embeddable":true,"href":"https:\/\/www.eldiario.net\/portal\/wp-json\/wp\/v2\/users\/1"}],"replies":[{"embeddable":true,"href":"https:\/\/www.eldiario.net\/portal\/wp-json\/wp\/v2\/comments?post=373372"}],"version-history":[{"count":1,"href":"https:\/\/www.eldiario.net\/portal\/wp-json\/wp\/v2\/posts\/373372\/revisions"}],"predecessor-version":[{"id":373374,"href":"https:\/\/www.eldiario.net\/portal\/wp-json\/wp\/v2\/posts\/373372\/revisions\/373374"}],"wp:featuredmedia":[{"embeddable":true,"href":"https:\/\/www.eldiario.net\/portal\/wp-json\/wp\/v2\/media\/373373"}],"wp:attachment":[{"href":"https:\/\/www.eldiario.net\/portal\/wp-json\/wp\/v2\/media?parent=373372"}],"wp:term":[{"taxonomy":"category","embeddable":true,"href":"https:\/\/www.eldiario.net\/portal\/wp-json\/wp\/v2\/categories?post=373372"},{"taxonomy":"post_tag","embeddable":true,"href":"https:\/\/www.eldiario.net\/portal\/wp-json\/wp\/v2\/tags?post=373372"}],"curies":[{"name":"wp","href":"https:\/\/api.w.org\/{rel}","templated":true}]}}