{"id":373369,"date":"2026-03-05T06:52:07","date_gmt":"2026-03-05T10:52:07","guid":{"rendered":"https:\/\/www.eldiario.net\/portal\/?p=373369"},"modified":"2026-03-05T06:52:07","modified_gmt":"2026-03-05T10:52:07","slug":"comision-rechaza-proyecto-para-anular-renta-vitalicia-de-expresidentes","status":"publish","type":"post","link":"https:\/\/www.eldiario.net\/portal\/2026\/03\/05\/comision-rechaza-proyecto-para-anular-renta-vitalicia-de-expresidentes\/","title":{"rendered":"Comisi\u00f3n rechaza proyecto para  anular renta vitalicia de expresidentes"},"content":{"rendered":"<p>El representante de Libre Antonio Pino inform\u00f3 que la Comisi\u00f3n de Constituci\u00f3n de la C\u00e1mara de Diputados rechaz\u00f3 el proyecto de ley que propon\u00eda eliminar la renta vitalicia para los expresidentes de Bolivia, por considerar que la propuesta ten\u00eda deficiencias legales y no solucionaba los problemas estructurales del pa\u00eds.<\/p>\n<p>\u00abEl proyecto de ley para cancelar la renta vitalicia para expresidentes fue rechazado en comisi\u00f3n\u00bb, dijo Pino, explicando que la iniciativa ten\u00eda \u00abmuchos agujeros legales\u00bb y deficiencias en su formulaci\u00f3n.<\/p>\n<p>Por otro lado, el legislador argument\u00f3 que retirar este beneficio no resolver\u00e1 los problemas econ\u00f3micos del pa\u00eds. \u00abNo vamos a resolver la pobreza de los bolivianos ni los problemas del pa\u00eds quit\u00e1ndoles las rentas vitalicias a unos pocos expresidentes\u00bb, afirm\u00f3, a\u00f1adiendo que, m\u00e1s all\u00e1 de las diferencias pol\u00edticas, quienes ocuparon la presidencia prestaron un servicio al pa\u00eds.<\/p>\n<p>Sin embargo, consider\u00f3 que el beneficio podr\u00eda condicionarse a casos espec\u00edficos, por ejemplo, cuando se ejecute una condena por delitos de corrupci\u00f3n. \u00abUna condena por corrupci\u00f3n deber\u00eda ser motivo para retirar ese beneficio, porque se est\u00e1 perjudicando la inversi\u00f3n que se hizo\u00bb, a\u00f1adi\u00f3. El diputado tambi\u00e9n calific\u00f3 la propuesta de \u00abdemogr\u00e1fica\u00bb y se\u00f1al\u00f3 que parece buscar aplausos en lugar de soluciones reales.<\/p>\n<p>Seg\u00fan Pino, el proyecto fue presentado por la diputada Marlene, l\u00edder del PDC, y estaba vinculado a una l\u00ednea pol\u00edtica impulsada anteriormente por el vicepresidente del Estado, Edmand Lara. (Br\u00fajula Digital)<\/p>\n","protected":false},"excerpt":{"rendered":"<p>El representante de Libre Antonio Pino inform\u00f3 que la Comisi\u00f3n de Constituci\u00f3n de la C\u00e1mara de Diputados rechaz\u00f3 el proyecto de ley que propon\u00eda eliminar la renta vitalicia para los expresidentes de Bolivia, por considerar que la propuesta ten\u00eda deficiencias legales y no solucionaba los problemas estructurales del pa\u00eds. \u00abEl proyecto de ley para cancelar [&hellip;]<\/p>\n","protected":false},"author":1,"featured_media":373370,"comment_status":"closed","ping_status":"open","sticky":false,"template":"","format":"standard","meta":{"_acf_changed":false,"footnotes":""},"categories":[15],"tags":[],"class_list":["post-373369","post","type-post","status-publish","format-standard","has-post-thumbnail","category-portada"],"acf":{"antetitulo":"En Diputados"},"yoast_head":"<!-- This site is optimized with the Yoast SEO plugin v28.4 - https:\/\/yoast.com\/product\/yoast-seo-wordpress\/ -->\n<title>Comisi\u00f3n rechaza proyecto para anular renta vitalicia de expresidentes - El Diario - Bolivia<\/title>\n<meta name=\"robots\" content=\"index, follow, max-snippet:-1, max-image-preview:large, max-video-preview:-1\" \/>\n<link rel=\"canonical\" href=\"https:\/\/www.eldiario.net\/portal\/2026\/03\/05\/comision-rechaza-proyecto-para-anular-renta-vitalicia-de-expresidentes\/\" \/>\n<meta property=\"og:locale\" content=\"es_ES\" \/>\n<meta property=\"og:type\" content=\"article\" \/>\n<meta property=\"og:title\" content=\"Comisi\u00f3n rechaza proyecto para anular renta vitalicia de expresidentes - El Diario - Bolivia\" \/>\n<meta property=\"og:description\" content=\"El representante de Libre Antonio Pino inform\u00f3 que la Comisi\u00f3n de Constituci\u00f3n de la C\u00e1mara de Diputados rechaz\u00f3 el proyecto de ley que propon\u00eda eliminar la renta vitalicia para los expresidentes de Bolivia, por considerar que la propuesta ten\u00eda deficiencias legales y no solucionaba los problemas estructurales del pa\u00eds. \u00abEl proyecto de ley para cancelar [&hellip;]\" \/>\n<meta property=\"og:url\" content=\"https:\/\/www.eldiario.net\/portal\/2026\/03\/05\/comision-rechaza-proyecto-para-anular-renta-vitalicia-de-expresidentes\/\" \/>\n<meta property=\"og:site_name\" content=\"El Diario - Bolivia\" \/>\n<meta property=\"article:publisher\" content=\"https:\/\/www.facebook.com\/eldiario.bolivia\/\" \/>\n<meta property=\"article:published_time\" content=\"2026-03-05T10:52:07+00:00\" \/>\n<meta property=\"og:image\" content=\"https:\/\/www.eldiario.net\/portal\/wp-content\/uploads\/2026\/03\/RECHAZO-FOTO.webp\" \/>\n\t<meta property=\"og:image:width\" content=\"379\" \/>\n\t<meta property=\"og:image:height\" content=\"285\" \/>\n\t<meta property=\"og:image:type\" content=\"image\/webp\" \/>\n<meta name=\"author\" content=\"Jeanette\" \/>\n<meta name=\"twitter:card\" content=\"summary_large_image\" \/>\n<meta name=\"twitter:creator\" content=\"@eldiario_net\" \/>\n<meta name=\"twitter:site\" content=\"@eldiario_net\" \/>\n<meta name=\"twitter:label1\" content=\"Escrito por\" \/>\n\t<meta name=\"twitter:data1\" content=\"Jeanette\" \/>\n\t<meta name=\"twitter:label2\" content=\"Tiempo de lectura\" \/>\n\t<meta name=\"twitter:data2\" content=\"2 minutos\" \/>\n<script type=\"application\/ld+json\" class=\"yoast-schema-graph\">{\"@context\":\"https:\\\/\\\/schema.org\",\"@graph\":[{\"@type\":\"Article\",\"@id\":\"https:\\\/\\\/www.eldiario.net\\\/portal\\\/2026\\\/03\\\/05\\\/comision-rechaza-proyecto-para-anular-renta-vitalicia-de-expresidentes\\\/#article\",\"isPartOf\":{\"@id\":\"https:\\\/\\\/www.eldiario.net\\\/portal\\\/2026\\\/03\\\/05\\\/comision-rechaza-proyecto-para-anular-renta-vitalicia-de-expresidentes\\\/\"},\"author\":{\"name\":\"Jeanette\",\"@id\":\"https:\\\/\\\/www.eldiario.net\\\/portal\\\/#\\\/schema\\\/person\\\/f46445640444750d7d753ccd04ae01b7\"},\"headline\":\"Comisi\u00f3n rechaza proyecto para anular renta vitalicia de expresidentes\",\"datePublished\":\"2026-03-05T10:52:07+00:00\",\"mainEntityOfPage\":{\"@id\":\"https:\\\/\\\/www.eldiario.net\\\/portal\\\/2026\\\/03\\\/05\\\/comision-rechaza-proyecto-para-anular-renta-vitalicia-de-expresidentes\\\/\"},\"wordCount\":271,\"publisher\":{\"@id\":\"https:\\\/\\\/www.eldiario.net\\\/portal\\\/#organization\"},\"image\":{\"@id\":\"https:\\\/\\\/www.eldiario.net\\\/portal\\\/2026\\\/03\\\/05\\\/comision-rechaza-proyecto-para-anular-renta-vitalicia-de-expresidentes\\\/#primaryimage\"},\"thumbnailUrl\":\"https:\\\/\\\/www.eldiario.net\\\/portal\\\/wp-content\\\/uploads\\\/2026\\\/03\\\/RECHAZO-FOTO.webp\",\"articleSection\":[\"Portada\"],\"inLanguage\":\"es\"},{\"@type\":\"WebPage\",\"@id\":\"https:\\\/\\\/www.eldiario.net\\\/portal\\\/2026\\\/03\\\/05\\\/comision-rechaza-proyecto-para-anular-renta-vitalicia-de-expresidentes\\\/\",\"url\":\"https:\\\/\\\/www.eldiario.net\\\/portal\\\/2026\\\/03\\\/05\\\/comision-rechaza-proyecto-para-anular-renta-vitalicia-de-expresidentes\\\/\",\"name\":\"Comisi\u00f3n rechaza proyecto para anular renta vitalicia de expresidentes - El Diario - Bolivia\",\"isPartOf\":{\"@id\":\"https:\\\/\\\/www.eldiario.net\\\/portal\\\/#website\"},\"primaryImageOfPage\":{\"@id\":\"https:\\\/\\\/www.eldiario.net\\\/portal\\\/2026\\\/03\\\/05\\\/comision-rechaza-proyecto-para-anular-renta-vitalicia-de-expresidentes\\\/#primaryimage\"},\"image\":{\"@id\":\"https:\\\/\\\/www.eldiario.net\\\/portal\\\/2026\\\/03\\\/05\\\/comision-rechaza-proyecto-para-anular-renta-vitalicia-de-expresidentes\\\/#primaryimage\"},\"thumbnailUrl\":\"https:\\\/\\\/www.eldiario.net\\\/portal\\\/wp-content\\\/uploads\\\/2026\\\/03\\\/RECHAZO-FOTO.webp\",\"datePublished\":\"2026-03-05T10:52:07+00:00\",\"breadcrumb\":{\"@id\":\"https:\\\/\\\/www.eldiario.net\\\/portal\\\/2026\\\/03\\\/05\\\/comision-rechaza-proyecto-para-anular-renta-vitalicia-de-expresidentes\\\/#breadcrumb\"},\"inLanguage\":\"es\",\"potentialAction\":[{\"@type\":\"ReadAction\",\"target\":[\"https:\\\/\\\/www.eldiario.net\\\/portal\\\/2026\\\/03\\\/05\\\/comision-rechaza-proyecto-para-anular-renta-vitalicia-de-expresidentes\\\/\"]}]},{\"@type\":\"ImageObject\",\"inLanguage\":\"es\",\"@id\":\"https:\\\/\\\/www.eldiario.net\\\/portal\\\/2026\\\/03\\\/05\\\/comision-rechaza-proyecto-para-anular-renta-vitalicia-de-expresidentes\\\/#primaryimage\",\"url\":\"https:\\\/\\\/www.eldiario.net\\\/portal\\\/wp-content\\\/uploads\\\/2026\\\/03\\\/RECHAZO-FOTO.webp\",\"contentUrl\":\"https:\\\/\\\/www.eldiario.net\\\/portal\\\/wp-content\\\/uploads\\\/2026\\\/03\\\/RECHAZO-FOTO.webp\",\"width\":379,\"height\":285,\"caption\":\"EL DIPUTADO DE LIBRE ANTONIO PINO. FOTO: BR\u00daJULA DIGITAL\"},{\"@type\":\"BreadcrumbList\",\"@id\":\"https:\\\/\\\/www.eldiario.net\\\/portal\\\/2026\\\/03\\\/05\\\/comision-rechaza-proyecto-para-anular-renta-vitalicia-de-expresidentes\\\/#breadcrumb\",\"itemListElement\":[{\"@type\":\"ListItem\",\"position\":1,\"name\":\"Portada\",\"item\":\"https:\\\/\\\/www.eldiario.net\\\/portal\\\/\"},{\"@type\":\"ListItem\",\"position\":2,\"name\":\"Comisi\u00f3n rechaza proyecto para anular renta vitalicia de expresidentes\"}]},{\"@type\":\"WebSite\",\"@id\":\"https:\\\/\\\/www.eldiario.net\\\/portal\\\/#website\",\"url\":\"https:\\\/\\\/www.eldiario.net\\\/portal\\\/\",\"name\":\"El Diario - Decano de la prensa nacional\",\"description\":\"El Diario - Decano de la prensa nacional\",\"publisher\":{\"@id\":\"https:\\\/\\\/www.eldiario.net\\\/portal\\\/#organization\"},\"potentialAction\":[{\"@type\":\"SearchAction\",\"target\":{\"@type\":\"EntryPoint\",\"urlTemplate\":\"https:\\\/\\\/www.eldiario.net\\\/portal\\\/?s={search_term_string}\"},\"query-input\":{\"@type\":\"PropertyValueSpecification\",\"valueRequired\":true,\"valueName\":\"search_term_string\"}}],\"inLanguage\":\"es\"},{\"@type\":\"Organization\",\"@id\":\"https:\\\/\\\/www.eldiario.net\\\/portal\\\/#organization\",\"name\":\"El Diario - Decano de la prensa nacional\",\"url\":\"https:\\\/\\\/www.eldiario.net\\\/portal\\\/\",\"logo\":{\"@type\":\"ImageObject\",\"inLanguage\":\"es\",\"@id\":\"https:\\\/\\\/www.eldiario.net\\\/portal\\\/#\\\/schema\\\/logo\\\/image\\\/\",\"url\":\"https:\\\/\\\/www.eldiario.net\\\/portal\\\/wp-content\\\/uploads\\\/2023\\\/07\\\/logo_ED.jpg\",\"contentUrl\":\"https:\\\/\\\/www.eldiario.net\\\/portal\\\/wp-content\\\/uploads\\\/2023\\\/07\\\/logo_ED.jpg\",\"width\":272,\"height\":52,\"caption\":\"El Diario - Decano de la prensa nacional\"},\"image\":{\"@id\":\"https:\\\/\\\/www.eldiario.net\\\/portal\\\/#\\\/schema\\\/logo\\\/image\\\/\"},\"sameAs\":[\"https:\\\/\\\/www.facebook.com\\\/eldiario.bolivia\\\/\",\"https:\\\/\\\/x.com\\\/eldiario_net\"]},{\"@type\":\"Person\",\"@id\":\"https:\\\/\\\/www.eldiario.net\\\/portal\\\/#\\\/schema\\\/person\\\/f46445640444750d7d753ccd04ae01b7\",\"name\":\"Jeanette\",\"image\":{\"@type\":\"ImageObject\",\"inLanguage\":\"es\",\"@id\":\"https:\\\/\\\/secure.gravatar.com\\\/avatar\\\/3ea2118a5f7dad2b7138b1187a6b7ee55f160b9968b66013c3a3ef39dd7e5798?s=96&d=mm&r=g\",\"url\":\"https:\\\/\\\/secure.gravatar.com\\\/avatar\\\/3ea2118a5f7dad2b7138b1187a6b7ee55f160b9968b66013c3a3ef39dd7e5798?s=96&d=mm&r=g\",\"contentUrl\":\"https:\\\/\\\/secure.gravatar.com\\\/avatar\\\/3ea2118a5f7dad2b7138b1187a6b7ee55f160b9968b66013c3a3ef39dd7e5798?s=96&d=mm&r=g\",\"caption\":\"Jeanette\"},\"sameAs\":[\"https:\\\/\\\/www.eldiario.net\\\/portal\"],\"url\":\"https:\\\/\\\/www.eldiario.net\\\/portal\\\/author\\\/jeanette\\\/\"}]}<\/script>\n<!-- \/ Yoast SEO plugin. -->","yoast_head_json":{"title":"Comisi\u00f3n rechaza proyecto para anular renta vitalicia de expresidentes - El Diario - Bolivia","robots":{"index":"index","follow":"follow","max-snippet":"max-snippet:-1","max-image-preview":"max-image-preview:large","max-video-preview":"max-video-preview:-1"},"canonical":"https:\/\/www.eldiario.net\/portal\/2026\/03\/05\/comision-rechaza-proyecto-para-anular-renta-vitalicia-de-expresidentes\/","og_locale":"es_ES","og_type":"article","og_title":"Comisi\u00f3n rechaza proyecto para anular renta vitalicia de expresidentes - El Diario - Bolivia","og_description":"El representante de Libre Antonio Pino inform\u00f3 que la Comisi\u00f3n de Constituci\u00f3n de la C\u00e1mara de Diputados rechaz\u00f3 el proyecto de ley que propon\u00eda eliminar la renta vitalicia para los expresidentes de Bolivia, por considerar que la propuesta ten\u00eda deficiencias legales y no solucionaba los problemas estructurales del pa\u00eds. \u00abEl proyecto de ley para cancelar [&hellip;]","og_url":"https:\/\/www.eldiario.net\/portal\/2026\/03\/05\/comision-rechaza-proyecto-para-anular-renta-vitalicia-de-expresidentes\/","og_site_name":"El Diario - Bolivia","article_publisher":"https:\/\/www.facebook.com\/eldiario.bolivia\/","article_published_time":"2026-03-05T10:52:07+00:00","og_image":[{"width":379,"height":285,"url":"https:\/\/www.eldiario.net\/portal\/wp-content\/uploads\/2026\/03\/RECHAZO-FOTO.webp","type":"image\/webp"}],"author":"Jeanette","twitter_card":"summary_large_image","twitter_creator":"@eldiario_net","twitter_site":"@eldiario_net","twitter_misc":{"Escrito por":"Jeanette","Tiempo de lectura":"2 minutos"},"schema":{"@context":"https:\/\/schema.org","@graph":[{"@type":"Article","@id":"https:\/\/www.eldiario.net\/portal\/2026\/03\/05\/comision-rechaza-proyecto-para-anular-renta-vitalicia-de-expresidentes\/#article","isPartOf":{"@id":"https:\/\/www.eldiario.net\/portal\/2026\/03\/05\/comision-rechaza-proyecto-para-anular-renta-vitalicia-de-expresidentes\/"},"author":{"name":"Jeanette","@id":"https:\/\/www.eldiario.net\/portal\/#\/schema\/person\/f46445640444750d7d753ccd04ae01b7"},"headline":"Comisi\u00f3n rechaza proyecto para anular renta vitalicia de expresidentes","datePublished":"2026-03-05T10:52:07+00:00","mainEntityOfPage":{"@id":"https:\/\/www.eldiario.net\/portal\/2026\/03\/05\/comision-rechaza-proyecto-para-anular-renta-vitalicia-de-expresidentes\/"},"wordCount":271,"publisher":{"@id":"https:\/\/www.eldiario.net\/portal\/#organization"},"image":{"@id":"https:\/\/www.eldiario.net\/portal\/2026\/03\/05\/comision-rechaza-proyecto-para-anular-renta-vitalicia-de-expresidentes\/#primaryimage"},"thumbnailUrl":"https:\/\/www.eldiario.net\/portal\/wp-content\/uploads\/2026\/03\/RECHAZO-FOTO.webp","articleSection":["Portada"],"inLanguage":"es"},{"@type":"WebPage","@id":"https:\/\/www.eldiario.net\/portal\/2026\/03\/05\/comision-rechaza-proyecto-para-anular-renta-vitalicia-de-expresidentes\/","url":"https:\/\/www.eldiario.net\/portal\/2026\/03\/05\/comision-rechaza-proyecto-para-anular-renta-vitalicia-de-expresidentes\/","name":"Comisi\u00f3n rechaza proyecto para anular renta vitalicia de expresidentes - El Diario - Bolivia","isPartOf":{"@id":"https:\/\/www.eldiario.net\/portal\/#website"},"primaryImageOfPage":{"@id":"https:\/\/www.eldiario.net\/portal\/2026\/03\/05\/comision-rechaza-proyecto-para-anular-renta-vitalicia-de-expresidentes\/#primaryimage"},"image":{"@id":"https:\/\/www.eldiario.net\/portal\/2026\/03\/05\/comision-rechaza-proyecto-para-anular-renta-vitalicia-de-expresidentes\/#primaryimage"},"thumbnailUrl":"https:\/\/www.eldiario.net\/portal\/wp-content\/uploads\/2026\/03\/RECHAZO-FOTO.webp","datePublished":"2026-03-05T10:52:07+00:00","breadcrumb":{"@id":"https:\/\/www.eldiario.net\/portal\/2026\/03\/05\/comision-rechaza-proyecto-para-anular-renta-vitalicia-de-expresidentes\/#breadcrumb"},"inLanguage":"es","potentialAction":[{"@type":"ReadAction","target":["https:\/\/www.eldiario.net\/portal\/2026\/03\/05\/comision-rechaza-proyecto-para-anular-renta-vitalicia-de-expresidentes\/"]}]},{"@type":"ImageObject","inLanguage":"es","@id":"https:\/\/www.eldiario.net\/portal\/2026\/03\/05\/comision-rechaza-proyecto-para-anular-renta-vitalicia-de-expresidentes\/#primaryimage","url":"https:\/\/www.eldiario.net\/portal\/wp-content\/uploads\/2026\/03\/RECHAZO-FOTO.webp","contentUrl":"https:\/\/www.eldiario.net\/portal\/wp-content\/uploads\/2026\/03\/RECHAZO-FOTO.webp","width":379,"height":285,"caption":"EL DIPUTADO DE LIBRE ANTONIO PINO. FOTO: BR\u00daJULA DIGITAL"},{"@type":"BreadcrumbList","@id":"https:\/\/www.eldiario.net\/portal\/2026\/03\/05\/comision-rechaza-proyecto-para-anular-renta-vitalicia-de-expresidentes\/#breadcrumb","itemListElement":[{"@type":"ListItem","position":1,"name":"Portada","item":"https:\/\/www.eldiario.net\/portal\/"},{"@type":"ListItem","position":2,"name":"Comisi\u00f3n rechaza proyecto para anular renta vitalicia de expresidentes"}]},{"@type":"WebSite","@id":"https:\/\/www.eldiario.net\/portal\/#website","url":"https:\/\/www.eldiario.net\/portal\/","name":"El Diario - Decano de la prensa nacional","description":"El Diario - Decano de la prensa nacional","publisher":{"@id":"https:\/\/www.eldiario.net\/portal\/#organization"},"potentialAction":[{"@type":"SearchAction","target":{"@type":"EntryPoint","urlTemplate":"https:\/\/www.eldiario.net\/portal\/?s={search_term_string}"},"query-input":{"@type":"PropertyValueSpecification","valueRequired":true,"valueName":"search_term_string"}}],"inLanguage":"es"},{"@type":"Organization","@id":"https:\/\/www.eldiario.net\/portal\/#organization","name":"El Diario - Decano de la prensa nacional","url":"https:\/\/www.eldiario.net\/portal\/","logo":{"@type":"ImageObject","inLanguage":"es","@id":"https:\/\/www.eldiario.net\/portal\/#\/schema\/logo\/image\/","url":"https:\/\/www.eldiario.net\/portal\/wp-content\/uploads\/2023\/07\/logo_ED.jpg","contentUrl":"https:\/\/www.eldiario.net\/portal\/wp-content\/uploads\/2023\/07\/logo_ED.jpg","width":272,"height":52,"caption":"El Diario - Decano de la prensa nacional"},"image":{"@id":"https:\/\/www.eldiario.net\/portal\/#\/schema\/logo\/image\/"},"sameAs":["https:\/\/www.facebook.com\/eldiario.bolivia\/","https:\/\/x.com\/eldiario_net"]},{"@type":"Person","@id":"https:\/\/www.eldiario.net\/portal\/#\/schema\/person\/f46445640444750d7d753ccd04ae01b7","name":"Jeanette","image":{"@type":"ImageObject","inLanguage":"es","@id":"https:\/\/secure.gravatar.com\/avatar\/3ea2118a5f7dad2b7138b1187a6b7ee55f160b9968b66013c3a3ef39dd7e5798?s=96&d=mm&r=g","url":"https:\/\/secure.gravatar.com\/avatar\/3ea2118a5f7dad2b7138b1187a6b7ee55f160b9968b66013c3a3ef39dd7e5798?s=96&d=mm&r=g","contentUrl":"https:\/\/secure.gravatar.com\/avatar\/3ea2118a5f7dad2b7138b1187a6b7ee55f160b9968b66013c3a3ef39dd7e5798?s=96&d=mm&r=g","caption":"Jeanette"},"sameAs":["https:\/\/www.eldiario.net\/portal"],"url":"https:\/\/www.eldiario.net\/portal\/author\/jeanette\/"}]}},"_links":{"self":[{"href":"https:\/\/www.eldiario.net\/portal\/wp-json\/wp\/v2\/posts\/373369","targetHints":{"allow":["GET"]}}],"collection":[{"href":"https:\/\/www.eldiario.net\/portal\/wp-json\/wp\/v2\/posts"}],"about":[{"href":"https:\/\/www.eldiario.net\/portal\/wp-json\/wp\/v2\/types\/post"}],"author":[{"embeddable":true,"href":"https:\/\/www.eldiario.net\/portal\/wp-json\/wp\/v2\/users\/1"}],"replies":[{"embeddable":true,"href":"https:\/\/www.eldiario.net\/portal\/wp-json\/wp\/v2\/comments?post=373369"}],"version-history":[{"count":1,"href":"https:\/\/www.eldiario.net\/portal\/wp-json\/wp\/v2\/posts\/373369\/revisions"}],"predecessor-version":[{"id":373371,"href":"https:\/\/www.eldiario.net\/portal\/wp-json\/wp\/v2\/posts\/373369\/revisions\/373371"}],"wp:featuredmedia":[{"embeddable":true,"href":"https:\/\/www.eldiario.net\/portal\/wp-json\/wp\/v2\/media\/373370"}],"wp:attachment":[{"href":"https:\/\/www.eldiario.net\/portal\/wp-json\/wp\/v2\/media?parent=373369"}],"wp:term":[{"taxonomy":"category","embeddable":true,"href":"https:\/\/www.eldiario.net\/portal\/wp-json\/wp\/v2\/categories?post=373369"},{"taxonomy":"post_tag","embeddable":true,"href":"https:\/\/www.eldiario.net\/portal\/wp-json\/wp\/v2\/tags?post=373369"}],"curies":[{"name":"wp","href":"https:\/\/api.w.org\/{rel}","templated":true}]}}