{"id":373363,"date":"2026-03-05T06:51:06","date_gmt":"2026-03-05T10:51:06","guid":{"rendered":"https:\/\/www.eldiario.net\/portal\/?p=373363"},"modified":"2026-03-05T06:51:06","modified_gmt":"2026-03-05T10:51:06","slug":"una-cumbre-en-potosi-debatira-proyecto-de-ley-sobre-evaporiticos","status":"publish","type":"post","link":"https:\/\/www.eldiario.net\/portal\/2026\/03\/05\/una-cumbre-en-potosi-debatira-proyecto-de-ley-sobre-evaporiticos\/","title":{"rendered":"Una cumbre en Potos\u00ed debatir\u00e1  proyecto de ley sobre evapor\u00edticos"},"content":{"rendered":"<p>La diputada de Libre, Lissa Claros, inform\u00f3 que entre viernes y s\u00e1bado se realizar\u00e1 una cumbre convocada por el Comit\u00e9 C\u00edvico de Potos\u00ed, en la que participar\u00e1n representantes de municipios del sudoeste potosino y distintos actores sociales para debatir propuestas vinculadas al desarrollo del departamento.<\/p>\n<p>La legisladora explic\u00f3 que, en el marco de ese encuentro, parlamentarios potosinos que forman parte de la Comisi\u00f3n de Econom\u00eda Plural trabajan en un proyecto de ley que ser\u00e1 presentado para su an\u00e1lisis.<\/p>\n<p>\u201cVamos a remitir este proyecto de ley para que se pueda considerar y mostrar que el departamento de Potos\u00ed tiene que sacar un solo proyecto de ley que represente el sentir de nuestro departamento\u201d, se\u00f1al\u00f3.<\/p>\n<p>Seg\u00fan Claros, la propuesta busca abordar temas como el r\u00e9gimen de regal\u00edas, la instalaci\u00f3n de plantas industriales y un proceso de industrializaci\u00f3n de los recursos evapor\u00edticos.<\/p>\n<p>La diputada indic\u00f3 que la iniciativa plantea una regal\u00eda del 12 %, aunque reconoci\u00f3 que existen otros proyectos que proponen porcentajes distintos, como el 3 % o el 20 %. En ese sentido, sostuvo que ser\u00e1 necesario un proceso de di\u00e1logo para alcanzar consensos. \u201cVa a ser importante el debate, el di\u00e1logo y sobre todo el consenso para construir un sentimiento potosinista de reivindicaci\u00f3n hist\u00f3rica\u201d, afirm\u00f3.<\/p>\n<p>Claros tambi\u00e9n remarc\u00f3 que, a su juicio, no se deber\u00eda firmar contratos ni convenios vinculados a los recursos evapor\u00edticos mientras no exista una ley que regule el sector.<\/p>\n<p>En ese contexto, indic\u00f3 que el proyecto ser\u00e1 remitido para su consideraci\u00f3n en la cumbre y posteriormente podr\u00eda tratarse en la Comisi\u00f3n de Econom\u00eda Plural una vez que exista consenso entre actores sociales, pol\u00edticos e ind\u00edgenas del departamento. (Br\u00fajula Digital)<\/p>\n","protected":false},"excerpt":{"rendered":"<p>La diputada de Libre, Lissa Claros, inform\u00f3 que entre viernes y s\u00e1bado se realizar\u00e1 una cumbre convocada por el Comit\u00e9 C\u00edvico de Potos\u00ed, en la que participar\u00e1n representantes de municipios del sudoeste potosino y distintos actores sociales para debatir propuestas vinculadas al desarrollo del departamento. La legisladora explic\u00f3 que, en el marco de ese encuentro, [&hellip;]<\/p>\n","protected":false},"author":1,"featured_media":373364,"comment_status":"closed","ping_status":"open","sticky":false,"template":"","format":"standard","meta":{"_acf_changed":false,"footnotes":""},"categories":[15],"tags":[],"class_list":["post-373363","post","type-post","status-publish","format-standard","has-post-thumbnail","category-portada"],"acf":{"antetitulo":""},"yoast_head":"<!-- This site is optimized with the Yoast SEO plugin v28.4 - https:\/\/yoast.com\/product\/yoast-seo-wordpress\/ -->\n<title>Una cumbre en Potos\u00ed debatir\u00e1 proyecto de ley sobre evapor\u00edticos - El Diario - Bolivia<\/title>\n<meta name=\"robots\" content=\"index, follow, max-snippet:-1, max-image-preview:large, max-video-preview:-1\" \/>\n<link rel=\"canonical\" href=\"https:\/\/www.eldiario.net\/portal\/2026\/03\/05\/una-cumbre-en-potosi-debatira-proyecto-de-ley-sobre-evaporiticos\/\" \/>\n<meta property=\"og:locale\" content=\"es_ES\" \/>\n<meta property=\"og:type\" content=\"article\" \/>\n<meta property=\"og:title\" content=\"Una cumbre en Potos\u00ed debatir\u00e1 proyecto de ley sobre evapor\u00edticos - El Diario - Bolivia\" \/>\n<meta property=\"og:description\" content=\"La diputada de Libre, Lissa Claros, inform\u00f3 que entre viernes y s\u00e1bado se realizar\u00e1 una cumbre convocada por el Comit\u00e9 C\u00edvico de Potos\u00ed, en la que participar\u00e1n representantes de municipios del sudoeste potosino y distintos actores sociales para debatir propuestas vinculadas al desarrollo del departamento. La legisladora explic\u00f3 que, en el marco de ese encuentro, [&hellip;]\" \/>\n<meta property=\"og:url\" content=\"https:\/\/www.eldiario.net\/portal\/2026\/03\/05\/una-cumbre-en-potosi-debatira-proyecto-de-ley-sobre-evaporiticos\/\" \/>\n<meta property=\"og:site_name\" content=\"El Diario - Bolivia\" \/>\n<meta property=\"article:publisher\" content=\"https:\/\/www.facebook.com\/eldiario.bolivia\/\" \/>\n<meta property=\"article:published_time\" content=\"2026-03-05T10:51:06+00:00\" \/>\n<meta property=\"og:image\" content=\"https:\/\/www.eldiario.net\/portal\/wp-content\/uploads\/2026\/03\/TISA-FOTO.webp\" \/>\n\t<meta property=\"og:image:width\" content=\"507\" \/>\n\t<meta property=\"og:image:height\" content=\"266\" \/>\n\t<meta property=\"og:image:type\" content=\"image\/webp\" \/>\n<meta name=\"author\" content=\"Jeanette\" \/>\n<meta name=\"twitter:card\" content=\"summary_large_image\" \/>\n<meta name=\"twitter:creator\" content=\"@eldiario_net\" \/>\n<meta name=\"twitter:site\" content=\"@eldiario_net\" \/>\n<meta name=\"twitter:label1\" content=\"Escrito por\" \/>\n\t<meta name=\"twitter:data1\" content=\"Jeanette\" \/>\n\t<meta name=\"twitter:label2\" content=\"Tiempo de lectura\" \/>\n\t<meta name=\"twitter:data2\" content=\"2 minutos\" \/>\n<script type=\"application\/ld+json\" class=\"yoast-schema-graph\">{\"@context\":\"https:\\\/\\\/schema.org\",\"@graph\":[{\"@type\":\"Article\",\"@id\":\"https:\\\/\\\/www.eldiario.net\\\/portal\\\/2026\\\/03\\\/05\\\/una-cumbre-en-potosi-debatira-proyecto-de-ley-sobre-evaporiticos\\\/#article\",\"isPartOf\":{\"@id\":\"https:\\\/\\\/www.eldiario.net\\\/portal\\\/2026\\\/03\\\/05\\\/una-cumbre-en-potosi-debatira-proyecto-de-ley-sobre-evaporiticos\\\/\"},\"author\":{\"name\":\"Jeanette\",\"@id\":\"https:\\\/\\\/www.eldiario.net\\\/portal\\\/#\\\/schema\\\/person\\\/f46445640444750d7d753ccd04ae01b7\"},\"headline\":\"Una cumbre en Potos\u00ed debatir\u00e1 proyecto de ley sobre evapor\u00edticos\",\"datePublished\":\"2026-03-05T10:51:06+00:00\",\"mainEntityOfPage\":{\"@id\":\"https:\\\/\\\/www.eldiario.net\\\/portal\\\/2026\\\/03\\\/05\\\/una-cumbre-en-potosi-debatira-proyecto-de-ley-sobre-evaporiticos\\\/\"},\"wordCount\":306,\"publisher\":{\"@id\":\"https:\\\/\\\/www.eldiario.net\\\/portal\\\/#organization\"},\"image\":{\"@id\":\"https:\\\/\\\/www.eldiario.net\\\/portal\\\/2026\\\/03\\\/05\\\/una-cumbre-en-potosi-debatira-proyecto-de-ley-sobre-evaporiticos\\\/#primaryimage\"},\"thumbnailUrl\":\"https:\\\/\\\/www.eldiario.net\\\/portal\\\/wp-content\\\/uploads\\\/2026\\\/03\\\/TISA-FOTO.webp\",\"articleSection\":[\"Portada\"],\"inLanguage\":\"es\"},{\"@type\":\"WebPage\",\"@id\":\"https:\\\/\\\/www.eldiario.net\\\/portal\\\/2026\\\/03\\\/05\\\/una-cumbre-en-potosi-debatira-proyecto-de-ley-sobre-evaporiticos\\\/\",\"url\":\"https:\\\/\\\/www.eldiario.net\\\/portal\\\/2026\\\/03\\\/05\\\/una-cumbre-en-potosi-debatira-proyecto-de-ley-sobre-evaporiticos\\\/\",\"name\":\"Una cumbre en Potos\u00ed debatir\u00e1 proyecto de ley sobre evapor\u00edticos - El Diario - Bolivia\",\"isPartOf\":{\"@id\":\"https:\\\/\\\/www.eldiario.net\\\/portal\\\/#website\"},\"primaryImageOfPage\":{\"@id\":\"https:\\\/\\\/www.eldiario.net\\\/portal\\\/2026\\\/03\\\/05\\\/una-cumbre-en-potosi-debatira-proyecto-de-ley-sobre-evaporiticos\\\/#primaryimage\"},\"image\":{\"@id\":\"https:\\\/\\\/www.eldiario.net\\\/portal\\\/2026\\\/03\\\/05\\\/una-cumbre-en-potosi-debatira-proyecto-de-ley-sobre-evaporiticos\\\/#primaryimage\"},\"thumbnailUrl\":\"https:\\\/\\\/www.eldiario.net\\\/portal\\\/wp-content\\\/uploads\\\/2026\\\/03\\\/TISA-FOTO.webp\",\"datePublished\":\"2026-03-05T10:51:06+00:00\",\"breadcrumb\":{\"@id\":\"https:\\\/\\\/www.eldiario.net\\\/portal\\\/2026\\\/03\\\/05\\\/una-cumbre-en-potosi-debatira-proyecto-de-ley-sobre-evaporiticos\\\/#breadcrumb\"},\"inLanguage\":\"es\",\"potentialAction\":[{\"@type\":\"ReadAction\",\"target\":[\"https:\\\/\\\/www.eldiario.net\\\/portal\\\/2026\\\/03\\\/05\\\/una-cumbre-en-potosi-debatira-proyecto-de-ley-sobre-evaporiticos\\\/\"]}]},{\"@type\":\"ImageObject\",\"inLanguage\":\"es\",\"@id\":\"https:\\\/\\\/www.eldiario.net\\\/portal\\\/2026\\\/03\\\/05\\\/una-cumbre-en-potosi-debatira-proyecto-de-ley-sobre-evaporiticos\\\/#primaryimage\",\"url\":\"https:\\\/\\\/www.eldiario.net\\\/portal\\\/wp-content\\\/uploads\\\/2026\\\/03\\\/TISA-FOTO.webp\",\"contentUrl\":\"https:\\\/\\\/www.eldiario.net\\\/portal\\\/wp-content\\\/uploads\\\/2026\\\/03\\\/TISA-FOTO.webp\",\"width\":507,\"height\":266,\"caption\":\"LA DIPUTADA DE LIBRE, LISSA CLAROS. FOTO: BR\u00daJULA DIGITAL\"},{\"@type\":\"BreadcrumbList\",\"@id\":\"https:\\\/\\\/www.eldiario.net\\\/portal\\\/2026\\\/03\\\/05\\\/una-cumbre-en-potosi-debatira-proyecto-de-ley-sobre-evaporiticos\\\/#breadcrumb\",\"itemListElement\":[{\"@type\":\"ListItem\",\"position\":1,\"name\":\"Portada\",\"item\":\"https:\\\/\\\/www.eldiario.net\\\/portal\\\/\"},{\"@type\":\"ListItem\",\"position\":2,\"name\":\"Una cumbre en Potos\u00ed debatir\u00e1 proyecto de ley sobre evapor\u00edticos\"}]},{\"@type\":\"WebSite\",\"@id\":\"https:\\\/\\\/www.eldiario.net\\\/portal\\\/#website\",\"url\":\"https:\\\/\\\/www.eldiario.net\\\/portal\\\/\",\"name\":\"El Diario - Decano de la prensa nacional\",\"description\":\"El Diario - Decano de la prensa nacional\",\"publisher\":{\"@id\":\"https:\\\/\\\/www.eldiario.net\\\/portal\\\/#organization\"},\"potentialAction\":[{\"@type\":\"SearchAction\",\"target\":{\"@type\":\"EntryPoint\",\"urlTemplate\":\"https:\\\/\\\/www.eldiario.net\\\/portal\\\/?s={search_term_string}\"},\"query-input\":{\"@type\":\"PropertyValueSpecification\",\"valueRequired\":true,\"valueName\":\"search_term_string\"}}],\"inLanguage\":\"es\"},{\"@type\":\"Organization\",\"@id\":\"https:\\\/\\\/www.eldiario.net\\\/portal\\\/#organization\",\"name\":\"El Diario - Decano de la prensa nacional\",\"url\":\"https:\\\/\\\/www.eldiario.net\\\/portal\\\/\",\"logo\":{\"@type\":\"ImageObject\",\"inLanguage\":\"es\",\"@id\":\"https:\\\/\\\/www.eldiario.net\\\/portal\\\/#\\\/schema\\\/logo\\\/image\\\/\",\"url\":\"https:\\\/\\\/www.eldiario.net\\\/portal\\\/wp-content\\\/uploads\\\/2023\\\/07\\\/logo_ED.jpg\",\"contentUrl\":\"https:\\\/\\\/www.eldiario.net\\\/portal\\\/wp-content\\\/uploads\\\/2023\\\/07\\\/logo_ED.jpg\",\"width\":272,\"height\":52,\"caption\":\"El Diario - Decano de la prensa nacional\"},\"image\":{\"@id\":\"https:\\\/\\\/www.eldiario.net\\\/portal\\\/#\\\/schema\\\/logo\\\/image\\\/\"},\"sameAs\":[\"https:\\\/\\\/www.facebook.com\\\/eldiario.bolivia\\\/\",\"https:\\\/\\\/x.com\\\/eldiario_net\"]},{\"@type\":\"Person\",\"@id\":\"https:\\\/\\\/www.eldiario.net\\\/portal\\\/#\\\/schema\\\/person\\\/f46445640444750d7d753ccd04ae01b7\",\"name\":\"Jeanette\",\"image\":{\"@type\":\"ImageObject\",\"inLanguage\":\"es\",\"@id\":\"https:\\\/\\\/secure.gravatar.com\\\/avatar\\\/3ea2118a5f7dad2b7138b1187a6b7ee55f160b9968b66013c3a3ef39dd7e5798?s=96&d=mm&r=g\",\"url\":\"https:\\\/\\\/secure.gravatar.com\\\/avatar\\\/3ea2118a5f7dad2b7138b1187a6b7ee55f160b9968b66013c3a3ef39dd7e5798?s=96&d=mm&r=g\",\"contentUrl\":\"https:\\\/\\\/secure.gravatar.com\\\/avatar\\\/3ea2118a5f7dad2b7138b1187a6b7ee55f160b9968b66013c3a3ef39dd7e5798?s=96&d=mm&r=g\",\"caption\":\"Jeanette\"},\"sameAs\":[\"https:\\\/\\\/www.eldiario.net\\\/portal\"],\"url\":\"https:\\\/\\\/www.eldiario.net\\\/portal\\\/author\\\/jeanette\\\/\"}]}<\/script>\n<!-- \/ Yoast SEO plugin. -->","yoast_head_json":{"title":"Una cumbre en Potos\u00ed debatir\u00e1 proyecto de ley sobre evapor\u00edticos - El Diario - Bolivia","robots":{"index":"index","follow":"follow","max-snippet":"max-snippet:-1","max-image-preview":"max-image-preview:large","max-video-preview":"max-video-preview:-1"},"canonical":"https:\/\/www.eldiario.net\/portal\/2026\/03\/05\/una-cumbre-en-potosi-debatira-proyecto-de-ley-sobre-evaporiticos\/","og_locale":"es_ES","og_type":"article","og_title":"Una cumbre en Potos\u00ed debatir\u00e1 proyecto de ley sobre evapor\u00edticos - El Diario - Bolivia","og_description":"La diputada de Libre, Lissa Claros, inform\u00f3 que entre viernes y s\u00e1bado se realizar\u00e1 una cumbre convocada por el Comit\u00e9 C\u00edvico de Potos\u00ed, en la que participar\u00e1n representantes de municipios del sudoeste potosino y distintos actores sociales para debatir propuestas vinculadas al desarrollo del departamento. La legisladora explic\u00f3 que, en el marco de ese encuentro, [&hellip;]","og_url":"https:\/\/www.eldiario.net\/portal\/2026\/03\/05\/una-cumbre-en-potosi-debatira-proyecto-de-ley-sobre-evaporiticos\/","og_site_name":"El Diario - Bolivia","article_publisher":"https:\/\/www.facebook.com\/eldiario.bolivia\/","article_published_time":"2026-03-05T10:51:06+00:00","og_image":[{"width":507,"height":266,"url":"https:\/\/www.eldiario.net\/portal\/wp-content\/uploads\/2026\/03\/TISA-FOTO.webp","type":"image\/webp"}],"author":"Jeanette","twitter_card":"summary_large_image","twitter_creator":"@eldiario_net","twitter_site":"@eldiario_net","twitter_misc":{"Escrito por":"Jeanette","Tiempo de lectura":"2 minutos"},"schema":{"@context":"https:\/\/schema.org","@graph":[{"@type":"Article","@id":"https:\/\/www.eldiario.net\/portal\/2026\/03\/05\/una-cumbre-en-potosi-debatira-proyecto-de-ley-sobre-evaporiticos\/#article","isPartOf":{"@id":"https:\/\/www.eldiario.net\/portal\/2026\/03\/05\/una-cumbre-en-potosi-debatira-proyecto-de-ley-sobre-evaporiticos\/"},"author":{"name":"Jeanette","@id":"https:\/\/www.eldiario.net\/portal\/#\/schema\/person\/f46445640444750d7d753ccd04ae01b7"},"headline":"Una cumbre en Potos\u00ed debatir\u00e1 proyecto de ley sobre evapor\u00edticos","datePublished":"2026-03-05T10:51:06+00:00","mainEntityOfPage":{"@id":"https:\/\/www.eldiario.net\/portal\/2026\/03\/05\/una-cumbre-en-potosi-debatira-proyecto-de-ley-sobre-evaporiticos\/"},"wordCount":306,"publisher":{"@id":"https:\/\/www.eldiario.net\/portal\/#organization"},"image":{"@id":"https:\/\/www.eldiario.net\/portal\/2026\/03\/05\/una-cumbre-en-potosi-debatira-proyecto-de-ley-sobre-evaporiticos\/#primaryimage"},"thumbnailUrl":"https:\/\/www.eldiario.net\/portal\/wp-content\/uploads\/2026\/03\/TISA-FOTO.webp","articleSection":["Portada"],"inLanguage":"es"},{"@type":"WebPage","@id":"https:\/\/www.eldiario.net\/portal\/2026\/03\/05\/una-cumbre-en-potosi-debatira-proyecto-de-ley-sobre-evaporiticos\/","url":"https:\/\/www.eldiario.net\/portal\/2026\/03\/05\/una-cumbre-en-potosi-debatira-proyecto-de-ley-sobre-evaporiticos\/","name":"Una cumbre en Potos\u00ed debatir\u00e1 proyecto de ley sobre evapor\u00edticos - El Diario - Bolivia","isPartOf":{"@id":"https:\/\/www.eldiario.net\/portal\/#website"},"primaryImageOfPage":{"@id":"https:\/\/www.eldiario.net\/portal\/2026\/03\/05\/una-cumbre-en-potosi-debatira-proyecto-de-ley-sobre-evaporiticos\/#primaryimage"},"image":{"@id":"https:\/\/www.eldiario.net\/portal\/2026\/03\/05\/una-cumbre-en-potosi-debatira-proyecto-de-ley-sobre-evaporiticos\/#primaryimage"},"thumbnailUrl":"https:\/\/www.eldiario.net\/portal\/wp-content\/uploads\/2026\/03\/TISA-FOTO.webp","datePublished":"2026-03-05T10:51:06+00:00","breadcrumb":{"@id":"https:\/\/www.eldiario.net\/portal\/2026\/03\/05\/una-cumbre-en-potosi-debatira-proyecto-de-ley-sobre-evaporiticos\/#breadcrumb"},"inLanguage":"es","potentialAction":[{"@type":"ReadAction","target":["https:\/\/www.eldiario.net\/portal\/2026\/03\/05\/una-cumbre-en-potosi-debatira-proyecto-de-ley-sobre-evaporiticos\/"]}]},{"@type":"ImageObject","inLanguage":"es","@id":"https:\/\/www.eldiario.net\/portal\/2026\/03\/05\/una-cumbre-en-potosi-debatira-proyecto-de-ley-sobre-evaporiticos\/#primaryimage","url":"https:\/\/www.eldiario.net\/portal\/wp-content\/uploads\/2026\/03\/TISA-FOTO.webp","contentUrl":"https:\/\/www.eldiario.net\/portal\/wp-content\/uploads\/2026\/03\/TISA-FOTO.webp","width":507,"height":266,"caption":"LA DIPUTADA DE LIBRE, LISSA CLAROS. FOTO: BR\u00daJULA DIGITAL"},{"@type":"BreadcrumbList","@id":"https:\/\/www.eldiario.net\/portal\/2026\/03\/05\/una-cumbre-en-potosi-debatira-proyecto-de-ley-sobre-evaporiticos\/#breadcrumb","itemListElement":[{"@type":"ListItem","position":1,"name":"Portada","item":"https:\/\/www.eldiario.net\/portal\/"},{"@type":"ListItem","position":2,"name":"Una cumbre en Potos\u00ed debatir\u00e1 proyecto de ley sobre evapor\u00edticos"}]},{"@type":"WebSite","@id":"https:\/\/www.eldiario.net\/portal\/#website","url":"https:\/\/www.eldiario.net\/portal\/","name":"El Diario - Decano de la prensa nacional","description":"El Diario - Decano de la prensa nacional","publisher":{"@id":"https:\/\/www.eldiario.net\/portal\/#organization"},"potentialAction":[{"@type":"SearchAction","target":{"@type":"EntryPoint","urlTemplate":"https:\/\/www.eldiario.net\/portal\/?s={search_term_string}"},"query-input":{"@type":"PropertyValueSpecification","valueRequired":true,"valueName":"search_term_string"}}],"inLanguage":"es"},{"@type":"Organization","@id":"https:\/\/www.eldiario.net\/portal\/#organization","name":"El Diario - Decano de la prensa nacional","url":"https:\/\/www.eldiario.net\/portal\/","logo":{"@type":"ImageObject","inLanguage":"es","@id":"https:\/\/www.eldiario.net\/portal\/#\/schema\/logo\/image\/","url":"https:\/\/www.eldiario.net\/portal\/wp-content\/uploads\/2023\/07\/logo_ED.jpg","contentUrl":"https:\/\/www.eldiario.net\/portal\/wp-content\/uploads\/2023\/07\/logo_ED.jpg","width":272,"height":52,"caption":"El Diario - Decano de la prensa nacional"},"image":{"@id":"https:\/\/www.eldiario.net\/portal\/#\/schema\/logo\/image\/"},"sameAs":["https:\/\/www.facebook.com\/eldiario.bolivia\/","https:\/\/x.com\/eldiario_net"]},{"@type":"Person","@id":"https:\/\/www.eldiario.net\/portal\/#\/schema\/person\/f46445640444750d7d753ccd04ae01b7","name":"Jeanette","image":{"@type":"ImageObject","inLanguage":"es","@id":"https:\/\/secure.gravatar.com\/avatar\/3ea2118a5f7dad2b7138b1187a6b7ee55f160b9968b66013c3a3ef39dd7e5798?s=96&d=mm&r=g","url":"https:\/\/secure.gravatar.com\/avatar\/3ea2118a5f7dad2b7138b1187a6b7ee55f160b9968b66013c3a3ef39dd7e5798?s=96&d=mm&r=g","contentUrl":"https:\/\/secure.gravatar.com\/avatar\/3ea2118a5f7dad2b7138b1187a6b7ee55f160b9968b66013c3a3ef39dd7e5798?s=96&d=mm&r=g","caption":"Jeanette"},"sameAs":["https:\/\/www.eldiario.net\/portal"],"url":"https:\/\/www.eldiario.net\/portal\/author\/jeanette\/"}]}},"_links":{"self":[{"href":"https:\/\/www.eldiario.net\/portal\/wp-json\/wp\/v2\/posts\/373363","targetHints":{"allow":["GET"]}}],"collection":[{"href":"https:\/\/www.eldiario.net\/portal\/wp-json\/wp\/v2\/posts"}],"about":[{"href":"https:\/\/www.eldiario.net\/portal\/wp-json\/wp\/v2\/types\/post"}],"author":[{"embeddable":true,"href":"https:\/\/www.eldiario.net\/portal\/wp-json\/wp\/v2\/users\/1"}],"replies":[{"embeddable":true,"href":"https:\/\/www.eldiario.net\/portal\/wp-json\/wp\/v2\/comments?post=373363"}],"version-history":[{"count":1,"href":"https:\/\/www.eldiario.net\/portal\/wp-json\/wp\/v2\/posts\/373363\/revisions"}],"predecessor-version":[{"id":373365,"href":"https:\/\/www.eldiario.net\/portal\/wp-json\/wp\/v2\/posts\/373363\/revisions\/373365"}],"wp:featuredmedia":[{"embeddable":true,"href":"https:\/\/www.eldiario.net\/portal\/wp-json\/wp\/v2\/media\/373364"}],"wp:attachment":[{"href":"https:\/\/www.eldiario.net\/portal\/wp-json\/wp\/v2\/media?parent=373363"}],"wp:term":[{"taxonomy":"category","embeddable":true,"href":"https:\/\/www.eldiario.net\/portal\/wp-json\/wp\/v2\/categories?post=373363"},{"taxonomy":"post_tag","embeddable":true,"href":"https:\/\/www.eldiario.net\/portal\/wp-json\/wp\/v2\/tags?post=373363"}],"curies":[{"name":"wp","href":"https:\/\/api.w.org\/{rel}","templated":true}]}}