{"id":373357,"date":"2026-03-05T06:48:45","date_gmt":"2026-03-05T10:48:45","guid":{"rendered":"https:\/\/www.eldiario.net\/portal\/?p=373357"},"modified":"2026-03-05T06:48:45","modified_gmt":"2026-03-05T10:48:45","slug":"guerra-en-iran-trastoca-vuelos-en-oriente-medio","status":"publish","type":"post","link":"https:\/\/www.eldiario.net\/portal\/2026\/03\/05\/guerra-en-iran-trastoca-vuelos-en-oriente-medio\/","title":{"rendered":"Guerra en Ir\u00e1n trastoca vuelos en Oriente Medio"},"content":{"rendered":"<p>La guerra conjunta de Estados Unidos e Israel en Ir\u00e1n afect\u00f3 a los viajes en Oriente Medio y dej\u00f3 varadas a decenas de miles de personas. Y el futuro es de todo menos seguro.<\/p>\n<p>Los expertos subrayan que los vuelos programados para los pr\u00f3ximos d\u00edas y semanas podr\u00edan seguir sufriendo interrupciones, lo que provocar\u00eda un efecto domin\u00f3 a nivel mundial, especialmente a medida que la guerra se ampl\u00eda con ataques de represalia en los estados del golfo P\u00e9rsico. Los aeropuertos de la regi\u00f3n funcionan como centros neur\u00e1lgicos globales clave que conectan a quienes se dirigen a Europa, \u00c1frica y Asia.<\/p>\n<p>Ante los cierres del espacio a\u00e9reo en la regi\u00f3n, muchas aerol\u00edneas se han visto obligadas a cancelar trayectos u optar por rutas m\u00e1s largas. Eso afecta a los costos operativos y los precios de los boletos, que podr\u00edan encarecerse si las empresas tienen que pagar m\u00e1s por el combustible cuanto m\u00e1s se prolongue el conflicto. En el futuro cercano, los expertos recomiendan posponer los viajes no esenciales si es posible, revisar las pol\u00edticas de reembolso o de seguro y, lo m\u00e1s importante, seguir los avisos de seguridad.<\/p>\n<p>\u201cEsta no es una historia de retrasos normal. Se trata de una zona de conflicto a\u00e9reo\u00bb, se\u00f1al\u00f3 Hassan Shahidi, presidente y director ejecutivo de la Flight Safety Foundation, que subray\u00f3 que la interrupci\u00f3n del tr\u00e1fico y las indicaciones de las aerol\u00edneas, los aeropuertos y los gobiernos pueden cambiar cada d\u00eda, si no a cada hora. \u201cLos viajeros deben esperar, sin duda, una gran incertidumbre\u201d.<\/p>\n<p>A continuaci\u00f3n, lo que deben saber los viajeros acerca de sus pr\u00f3ximos desplazamientos:<\/p>\n<p>&nbsp;<\/p>\n<p>INFORMACI\u00d3N DE SEGURIDAD<\/p>\n<p>Desde que Estados Unidos e Israel lanzaron sus ataques durante el fin de semana, se sucedieron las acciones de represalia y otros acontecimientos. Ir\u00e1n sostiene que cientos de personas murieron en el pa\u00eds. Para los viajeros en toda la regi\u00f3n, los expertos destacan la importancia de seguir las directrices de seguridad y las actualizaciones de las autoridades gubernamentales.<\/p>\n<p>Un pu\u00f1ado de gobiernos emitieron recomendaciones de viaje y \u00f3rdenes de traslado de emergencia. El Departamento de Estado de Estados Unidos inst\u00f3 el lunes a todos sus ciudadanos a salir de inmediato de Ir\u00e1n e Israel, as\u00ed como de Catar, Bahrein, Egipto, Irak, Jordania, Kuwait, L\u00edbano, Om\u00e1n, los territorios palestinos, Arabia Saud\u00ed, Siria, Emiratos \u00c1rabes Unidos y Yemen utilizando cualquier transporte comercial disponible. Y el secretario de Estado, Marco Rubio, pidi\u00f3 a la prensa que difundiese formas de ayudar a los estadounidenses a dejar esas zonas. Por su parte, pa\u00edses como China, Italia, Francia y Alemania se movilizaron para organizar el traslado de sus ciudadanos.<\/p>\n<p>Expertos como Shahidi se\u00f1alan que los viajeros deben estar atentos a estas recomendaciones de viaje de gobiernos y embajadas para asegurarse de contar con la informaci\u00f3n m\u00e1s reciente. Y como tantas personas siguen varadas debido a las amplias oleadas de cancelaciones y cierres de espacio a\u00e9reo, apunt\u00f3 que es prudente reconsiderar o reprogramar los pr\u00f3ximos viajes en la medida de lo posible.<\/p>\n<p>\u201cSi el viaje es opcional, considere posponerlo\u00bb, aconsej\u00f3 Shahidi. \u00abPero si es necesario, aseg\u00farese de tener tarifas reembolsables o que permitan cambios\u201d.<\/p>\n<p>Los viajeros tambi\u00e9n deben seguir las actualizaciones de aeropuertos y aerol\u00edneas. Las compa\u00f1\u00edas de larga distancia Etihad Airways y Emirates, con sede en Abu Dabi y Dub\u00e1i, y Catar Airways, con sede en Doha, suspendieron temporalmente ciertas rutas por el cierre de los espacios a\u00e9reos y requisitos de seguridad.<\/p>\n<p>&nbsp;<\/p>\n<p>REEMBOLSOS Y SEGUROS<\/p>\n<p>Muchas aerol\u00edneas est\u00e1n aceptando solicitudes de reembolso u ofreciendo cambios gratuitos en las reservas, pero esas opciones suelen limitarse a fechas o rutas concretas, por lo que es importante consultar las webs de cada aerol\u00ednea para obtener m\u00e1s informaci\u00f3n. Para pr\u00f3ximos viajes, comprar ahora boletos reembolsables puede ofrecer m\u00e1s flexibilidad.<\/p>\n<p>M\u00e1s all\u00e1 de lo que puedan ofrecer las aerol\u00edneas, algunos tambi\u00e9n podr\u00edan buscar seguros de viaje. Pero es importante leer la letra peque\u00f1a, en especial las excepciones contempladas en p\u00f3lizas espec\u00edficas.<\/p>\n<p>\u201cLos actos de guerra y los disturbios civiles suelen estar excluidos porque son impredecibles\u201d, apunt\u00f3 Suzanne Morrow, directora ejecutiva de la agencia de seguros de viaje InsureMyTrip. Los consumidores podr\u00edan contratar cobertura para retrasos, agreg\u00f3, pero el seguro de viaje \u201cest\u00e1 dise\u00f1ado para compensarlo por completo\u00bb, y si una aerol\u00ednea hace todo lo posible por reubicarlo o le ofrece un reembolso, es posible que no pueda presentar un reclamo adicional.<\/p>\n<p>Christina Tunnah, de World Nomads Travel Insurance, reitera que la mayor\u00eda de las p\u00f3lizas de su empresa excluyen la cobertura por p\u00e9rdidas derivadas de actos de guerra, aunque se podr\u00eda obtener compensaci\u00f3n en ciertos escenarios, como si adquiere un plan de \u201ccancelaci\u00f3n por cualquier motivo\u201d. Aun as\u00ed, el viaje tendr\u00eda que cancelarse dentro de un plazo determinado.<\/p>\n<p>Una vez que se conoce la existencia de un incidente, es poco probable que est\u00e9 cubierto, agreg\u00f3 Tunnah. As\u00ed que, si un consumidor no compr\u00f3 a\u00fan su seguro de viaje, muchas aseguradoras podr\u00edan haber a\u00f1adido restricciones adicionales para los destinos afectados.<\/p>\n<p>&nbsp;<\/p>\n<p>VUELOS M\u00c1S LARGOS<\/p>\n<p>Adem\u00e1s de las cancelaciones, muchas aerol\u00edneas est\u00e1n tomando rutas m\u00e1s largas para evitar los espacios a\u00e9reos cerrados. Shahidi sostuvo que eso incluye no solo los cierres derivados de la guerra actual, sino tambi\u00e9n por conflictos previos en todo el mundo.<\/p>\n<p>Para las aerol\u00edneas, sortear estas zonas se ha vuelto cada vez m\u00e1s dif\u00edcil porque las rutas m\u00e1s largas pueden ser m\u00e1s costosas. Es un est\u00e1ndar de la industria que las empresas paguen \u201ctasas de sobrevuelo\u201d al cruzar el cielo de otros pa\u00edses, que ahora podr\u00edan incrementarse. Y, adem\u00e1s, los trayectos m\u00e1s largos necesitan m\u00e1s combustible.<\/p>\n<p>\u201cEsos costos se trasladar\u00e1n a los pasajeros\u201d, explic\u00f3 Bryan Terry, director general de Alton Aviation Consultancy. Si el conflicto contin\u00faa, agreg\u00f3, los pasajeros deben \u201canticipar que algunas aerol\u00edneas probablemente impongan recargos por combustible\u201d o subir\u00e1n las tarifas existentes.<\/p>\n<p>Los pasajeros ya reportaron alzas importantes en los boletos. Los expertos se\u00f1alan que esos incrementos inmediatos son probablemente un reflejo de la oferta y la demanda, ya que miles de vuelos fueron cancelados en los \u00faltimos d\u00edas. Pero los costos de esas rutas m\u00e1s largas, sumados al precio del petr\u00f3leo, que ya se ha disparado desde que comenzaron los ataques, podr\u00edan terminar repercutiendo en los consumidores en el futuro.<\/p>\n<p>El precio del petr\u00f3leo crudo es un componente clave del combustible de aviaci\u00f3n, que supuso alrededor del 30% de los costos operativos de las aerol\u00edneas en 2024, seg\u00fan una investigaci\u00f3n de la Asociaci\u00f3n Internacional de Transporte A\u00e9reo.<\/p>\n<p>En la pr\u00f3xima semana, muchas rutas est\u00e1n completamente agotadas o tienen precios desorbitados para los \u00faltimos asientos disponibles. El mercado muestra actualmente esos costos, que aunque siguen elevados, son m\u00e1s bajos para los viajes reservados con mayor anticipaci\u00f3n, se\u00f1al\u00f3 Terry, Pero si la guerra se prolonga o intensifica, \u201cesas condiciones podr\u00edan cambiar en cualquier momento\u201d, afirm\u00f3.(Independent en Espa\u00f1ol)<\/p>\n","protected":false},"excerpt":{"rendered":"<p>La guerra conjunta de Estados Unidos e Israel en Ir\u00e1n afect\u00f3 a los viajes en Oriente Medio y dej\u00f3 varadas a decenas de miles de personas. Y el futuro es de todo menos seguro. Los expertos subrayan que los vuelos programados para los pr\u00f3ximos d\u00edas y semanas podr\u00edan seguir sufriendo interrupciones, lo que provocar\u00eda un [&hellip;]<\/p>\n","protected":false},"author":1,"featured_media":373358,"comment_status":"closed","ping_status":"open","sticky":false,"template":"","format":"standard","meta":{"_acf_changed":false,"footnotes":""},"categories":[3],"tags":[],"class_list":["post-373357","post","type-post","status-publish","format-standard","has-post-thumbnail","category-internacional"],"acf":{"antetitulo":""},"yoast_head":"<!-- This site is optimized with the Yoast SEO plugin v28.4 - https:\/\/yoast.com\/product\/yoast-seo-wordpress\/ -->\n<title>Guerra en Ir\u00e1n trastoca vuelos en Oriente Medio - El Diario - Bolivia<\/title>\n<meta name=\"robots\" content=\"index, follow, max-snippet:-1, max-image-preview:large, max-video-preview:-1\" \/>\n<link rel=\"canonical\" href=\"https:\/\/www.eldiario.net\/portal\/2026\/03\/05\/guerra-en-iran-trastoca-vuelos-en-oriente-medio\/\" \/>\n<meta property=\"og:locale\" content=\"es_ES\" \/>\n<meta property=\"og:type\" content=\"article\" \/>\n<meta property=\"og:title\" content=\"Guerra en Ir\u00e1n trastoca vuelos en Oriente Medio - El Diario - Bolivia\" \/>\n<meta property=\"og:description\" content=\"La guerra conjunta de Estados Unidos e Israel en Ir\u00e1n afect\u00f3 a los viajes en Oriente Medio y dej\u00f3 varadas a decenas de miles de personas. Y el futuro es de todo menos seguro. Los expertos subrayan que los vuelos programados para los pr\u00f3ximos d\u00edas y semanas podr\u00edan seguir sufriendo interrupciones, lo que provocar\u00eda un [&hellip;]\" \/>\n<meta property=\"og:url\" content=\"https:\/\/www.eldiario.net\/portal\/2026\/03\/05\/guerra-en-iran-trastoca-vuelos-en-oriente-medio\/\" \/>\n<meta property=\"og:site_name\" content=\"El Diario - Bolivia\" \/>\n<meta property=\"article:publisher\" content=\"https:\/\/www.facebook.com\/eldiario.bolivia\/\" \/>\n<meta property=\"article:published_time\" content=\"2026-03-05T10:48:45+00:00\" \/>\n<meta property=\"og:image\" content=\"https:\/\/www.eldiario.net\/portal\/wp-content\/uploads\/2026\/03\/AEREO-AP.webp\" \/>\n\t<meta property=\"og:image:width\" content=\"1000\" \/>\n\t<meta property=\"og:image:height\" content=\"666\" \/>\n\t<meta property=\"og:image:type\" content=\"image\/webp\" \/>\n<meta name=\"author\" content=\"Jeanette\" \/>\n<meta name=\"twitter:card\" content=\"summary_large_image\" \/>\n<meta name=\"twitter:creator\" content=\"@eldiario_net\" \/>\n<meta name=\"twitter:site\" content=\"@eldiario_net\" \/>\n<meta name=\"twitter:label1\" content=\"Escrito por\" \/>\n\t<meta name=\"twitter:data1\" content=\"Jeanette\" \/>\n\t<meta name=\"twitter:label2\" content=\"Tiempo de lectura\" \/>\n\t<meta name=\"twitter:data2\" content=\"6 minutos\" \/>\n<script type=\"application\/ld+json\" class=\"yoast-schema-graph\">{\"@context\":\"https:\\\/\\\/schema.org\",\"@graph\":[{\"@type\":\"Article\",\"@id\":\"https:\\\/\\\/www.eldiario.net\\\/portal\\\/2026\\\/03\\\/05\\\/guerra-en-iran-trastoca-vuelos-en-oriente-medio\\\/#article\",\"isPartOf\":{\"@id\":\"https:\\\/\\\/www.eldiario.net\\\/portal\\\/2026\\\/03\\\/05\\\/guerra-en-iran-trastoca-vuelos-en-oriente-medio\\\/\"},\"author\":{\"name\":\"Jeanette\",\"@id\":\"https:\\\/\\\/www.eldiario.net\\\/portal\\\/#\\\/schema\\\/person\\\/f46445640444750d7d753ccd04ae01b7\"},\"headline\":\"Guerra en Ir\u00e1n trastoca vuelos en Oriente Medio\",\"datePublished\":\"2026-03-05T10:48:45+00:00\",\"mainEntityOfPage\":{\"@id\":\"https:\\\/\\\/www.eldiario.net\\\/portal\\\/2026\\\/03\\\/05\\\/guerra-en-iran-trastoca-vuelos-en-oriente-medio\\\/\"},\"wordCount\":1240,\"publisher\":{\"@id\":\"https:\\\/\\\/www.eldiario.net\\\/portal\\\/#organization\"},\"image\":{\"@id\":\"https:\\\/\\\/www.eldiario.net\\\/portal\\\/2026\\\/03\\\/05\\\/guerra-en-iran-trastoca-vuelos-en-oriente-medio\\\/#primaryimage\"},\"thumbnailUrl\":\"https:\\\/\\\/www.eldiario.net\\\/portal\\\/wp-content\\\/uploads\\\/2026\\\/03\\\/AEREO-AP.webp\",\"articleSection\":[\"Internacional\"],\"inLanguage\":\"es\"},{\"@type\":\"WebPage\",\"@id\":\"https:\\\/\\\/www.eldiario.net\\\/portal\\\/2026\\\/03\\\/05\\\/guerra-en-iran-trastoca-vuelos-en-oriente-medio\\\/\",\"url\":\"https:\\\/\\\/www.eldiario.net\\\/portal\\\/2026\\\/03\\\/05\\\/guerra-en-iran-trastoca-vuelos-en-oriente-medio\\\/\",\"name\":\"Guerra en Ir\u00e1n trastoca vuelos en Oriente Medio - El Diario - Bolivia\",\"isPartOf\":{\"@id\":\"https:\\\/\\\/www.eldiario.net\\\/portal\\\/#website\"},\"primaryImageOfPage\":{\"@id\":\"https:\\\/\\\/www.eldiario.net\\\/portal\\\/2026\\\/03\\\/05\\\/guerra-en-iran-trastoca-vuelos-en-oriente-medio\\\/#primaryimage\"},\"image\":{\"@id\":\"https:\\\/\\\/www.eldiario.net\\\/portal\\\/2026\\\/03\\\/05\\\/guerra-en-iran-trastoca-vuelos-en-oriente-medio\\\/#primaryimage\"},\"thumbnailUrl\":\"https:\\\/\\\/www.eldiario.net\\\/portal\\\/wp-content\\\/uploads\\\/2026\\\/03\\\/AEREO-AP.webp\",\"datePublished\":\"2026-03-05T10:48:45+00:00\",\"breadcrumb\":{\"@id\":\"https:\\\/\\\/www.eldiario.net\\\/portal\\\/2026\\\/03\\\/05\\\/guerra-en-iran-trastoca-vuelos-en-oriente-medio\\\/#breadcrumb\"},\"inLanguage\":\"es\",\"potentialAction\":[{\"@type\":\"ReadAction\",\"target\":[\"https:\\\/\\\/www.eldiario.net\\\/portal\\\/2026\\\/03\\\/05\\\/guerra-en-iran-trastoca-vuelos-en-oriente-medio\\\/\"]}]},{\"@type\":\"ImageObject\",\"inLanguage\":\"es\",\"@id\":\"https:\\\/\\\/www.eldiario.net\\\/portal\\\/2026\\\/03\\\/05\\\/guerra-en-iran-trastoca-vuelos-en-oriente-medio\\\/#primaryimage\",\"url\":\"https:\\\/\\\/www.eldiario.net\\\/portal\\\/wp-content\\\/uploads\\\/2026\\\/03\\\/AEREO-AP.webp\",\"contentUrl\":\"https:\\\/\\\/www.eldiario.net\\\/portal\\\/wp-content\\\/uploads\\\/2026\\\/03\\\/AEREO-AP.webp\",\"width\":1000,\"height\":666,\"caption\":\"Vuelos cancelados tras guerra entre EEUU e Israel contra Ir\u00e1n. CREDITO: AP\"},{\"@type\":\"BreadcrumbList\",\"@id\":\"https:\\\/\\\/www.eldiario.net\\\/portal\\\/2026\\\/03\\\/05\\\/guerra-en-iran-trastoca-vuelos-en-oriente-medio\\\/#breadcrumb\",\"itemListElement\":[{\"@type\":\"ListItem\",\"position\":1,\"name\":\"Portada\",\"item\":\"https:\\\/\\\/www.eldiario.net\\\/portal\\\/\"},{\"@type\":\"ListItem\",\"position\":2,\"name\":\"Guerra en Ir\u00e1n trastoca vuelos en Oriente Medio\"}]},{\"@type\":\"WebSite\",\"@id\":\"https:\\\/\\\/www.eldiario.net\\\/portal\\\/#website\",\"url\":\"https:\\\/\\\/www.eldiario.net\\\/portal\\\/\",\"name\":\"El Diario - Decano de la prensa nacional\",\"description\":\"El Diario - Decano de la prensa nacional\",\"publisher\":{\"@id\":\"https:\\\/\\\/www.eldiario.net\\\/portal\\\/#organization\"},\"potentialAction\":[{\"@type\":\"SearchAction\",\"target\":{\"@type\":\"EntryPoint\",\"urlTemplate\":\"https:\\\/\\\/www.eldiario.net\\\/portal\\\/?s={search_term_string}\"},\"query-input\":{\"@type\":\"PropertyValueSpecification\",\"valueRequired\":true,\"valueName\":\"search_term_string\"}}],\"inLanguage\":\"es\"},{\"@type\":\"Organization\",\"@id\":\"https:\\\/\\\/www.eldiario.net\\\/portal\\\/#organization\",\"name\":\"El Diario - Decano de la prensa nacional\",\"url\":\"https:\\\/\\\/www.eldiario.net\\\/portal\\\/\",\"logo\":{\"@type\":\"ImageObject\",\"inLanguage\":\"es\",\"@id\":\"https:\\\/\\\/www.eldiario.net\\\/portal\\\/#\\\/schema\\\/logo\\\/image\\\/\",\"url\":\"https:\\\/\\\/www.eldiario.net\\\/portal\\\/wp-content\\\/uploads\\\/2023\\\/07\\\/logo_ED.jpg\",\"contentUrl\":\"https:\\\/\\\/www.eldiario.net\\\/portal\\\/wp-content\\\/uploads\\\/2023\\\/07\\\/logo_ED.jpg\",\"width\":272,\"height\":52,\"caption\":\"El Diario - Decano de la prensa nacional\"},\"image\":{\"@id\":\"https:\\\/\\\/www.eldiario.net\\\/portal\\\/#\\\/schema\\\/logo\\\/image\\\/\"},\"sameAs\":[\"https:\\\/\\\/www.facebook.com\\\/eldiario.bolivia\\\/\",\"https:\\\/\\\/x.com\\\/eldiario_net\"]},{\"@type\":\"Person\",\"@id\":\"https:\\\/\\\/www.eldiario.net\\\/portal\\\/#\\\/schema\\\/person\\\/f46445640444750d7d753ccd04ae01b7\",\"name\":\"Jeanette\",\"image\":{\"@type\":\"ImageObject\",\"inLanguage\":\"es\",\"@id\":\"https:\\\/\\\/secure.gravatar.com\\\/avatar\\\/3ea2118a5f7dad2b7138b1187a6b7ee55f160b9968b66013c3a3ef39dd7e5798?s=96&d=mm&r=g\",\"url\":\"https:\\\/\\\/secure.gravatar.com\\\/avatar\\\/3ea2118a5f7dad2b7138b1187a6b7ee55f160b9968b66013c3a3ef39dd7e5798?s=96&d=mm&r=g\",\"contentUrl\":\"https:\\\/\\\/secure.gravatar.com\\\/avatar\\\/3ea2118a5f7dad2b7138b1187a6b7ee55f160b9968b66013c3a3ef39dd7e5798?s=96&d=mm&r=g\",\"caption\":\"Jeanette\"},\"sameAs\":[\"https:\\\/\\\/www.eldiario.net\\\/portal\"],\"url\":\"https:\\\/\\\/www.eldiario.net\\\/portal\\\/author\\\/jeanette\\\/\"}]}<\/script>\n<!-- \/ Yoast SEO plugin. -->","yoast_head_json":{"title":"Guerra en Ir\u00e1n trastoca vuelos en Oriente Medio - El Diario - Bolivia","robots":{"index":"index","follow":"follow","max-snippet":"max-snippet:-1","max-image-preview":"max-image-preview:large","max-video-preview":"max-video-preview:-1"},"canonical":"https:\/\/www.eldiario.net\/portal\/2026\/03\/05\/guerra-en-iran-trastoca-vuelos-en-oriente-medio\/","og_locale":"es_ES","og_type":"article","og_title":"Guerra en Ir\u00e1n trastoca vuelos en Oriente Medio - El Diario - Bolivia","og_description":"La guerra conjunta de Estados Unidos e Israel en Ir\u00e1n afect\u00f3 a los viajes en Oriente Medio y dej\u00f3 varadas a decenas de miles de personas. Y el futuro es de todo menos seguro. Los expertos subrayan que los vuelos programados para los pr\u00f3ximos d\u00edas y semanas podr\u00edan seguir sufriendo interrupciones, lo que provocar\u00eda un [&hellip;]","og_url":"https:\/\/www.eldiario.net\/portal\/2026\/03\/05\/guerra-en-iran-trastoca-vuelos-en-oriente-medio\/","og_site_name":"El Diario - Bolivia","article_publisher":"https:\/\/www.facebook.com\/eldiario.bolivia\/","article_published_time":"2026-03-05T10:48:45+00:00","og_image":[{"width":1000,"height":666,"url":"https:\/\/www.eldiario.net\/portal\/wp-content\/uploads\/2026\/03\/AEREO-AP.webp","type":"image\/webp"}],"author":"Jeanette","twitter_card":"summary_large_image","twitter_creator":"@eldiario_net","twitter_site":"@eldiario_net","twitter_misc":{"Escrito por":"Jeanette","Tiempo de lectura":"6 minutos"},"schema":{"@context":"https:\/\/schema.org","@graph":[{"@type":"Article","@id":"https:\/\/www.eldiario.net\/portal\/2026\/03\/05\/guerra-en-iran-trastoca-vuelos-en-oriente-medio\/#article","isPartOf":{"@id":"https:\/\/www.eldiario.net\/portal\/2026\/03\/05\/guerra-en-iran-trastoca-vuelos-en-oriente-medio\/"},"author":{"name":"Jeanette","@id":"https:\/\/www.eldiario.net\/portal\/#\/schema\/person\/f46445640444750d7d753ccd04ae01b7"},"headline":"Guerra en Ir\u00e1n trastoca vuelos en Oriente Medio","datePublished":"2026-03-05T10:48:45+00:00","mainEntityOfPage":{"@id":"https:\/\/www.eldiario.net\/portal\/2026\/03\/05\/guerra-en-iran-trastoca-vuelos-en-oriente-medio\/"},"wordCount":1240,"publisher":{"@id":"https:\/\/www.eldiario.net\/portal\/#organization"},"image":{"@id":"https:\/\/www.eldiario.net\/portal\/2026\/03\/05\/guerra-en-iran-trastoca-vuelos-en-oriente-medio\/#primaryimage"},"thumbnailUrl":"https:\/\/www.eldiario.net\/portal\/wp-content\/uploads\/2026\/03\/AEREO-AP.webp","articleSection":["Internacional"],"inLanguage":"es"},{"@type":"WebPage","@id":"https:\/\/www.eldiario.net\/portal\/2026\/03\/05\/guerra-en-iran-trastoca-vuelos-en-oriente-medio\/","url":"https:\/\/www.eldiario.net\/portal\/2026\/03\/05\/guerra-en-iran-trastoca-vuelos-en-oriente-medio\/","name":"Guerra en Ir\u00e1n trastoca vuelos en Oriente Medio - El Diario - Bolivia","isPartOf":{"@id":"https:\/\/www.eldiario.net\/portal\/#website"},"primaryImageOfPage":{"@id":"https:\/\/www.eldiario.net\/portal\/2026\/03\/05\/guerra-en-iran-trastoca-vuelos-en-oriente-medio\/#primaryimage"},"image":{"@id":"https:\/\/www.eldiario.net\/portal\/2026\/03\/05\/guerra-en-iran-trastoca-vuelos-en-oriente-medio\/#primaryimage"},"thumbnailUrl":"https:\/\/www.eldiario.net\/portal\/wp-content\/uploads\/2026\/03\/AEREO-AP.webp","datePublished":"2026-03-05T10:48:45+00:00","breadcrumb":{"@id":"https:\/\/www.eldiario.net\/portal\/2026\/03\/05\/guerra-en-iran-trastoca-vuelos-en-oriente-medio\/#breadcrumb"},"inLanguage":"es","potentialAction":[{"@type":"ReadAction","target":["https:\/\/www.eldiario.net\/portal\/2026\/03\/05\/guerra-en-iran-trastoca-vuelos-en-oriente-medio\/"]}]},{"@type":"ImageObject","inLanguage":"es","@id":"https:\/\/www.eldiario.net\/portal\/2026\/03\/05\/guerra-en-iran-trastoca-vuelos-en-oriente-medio\/#primaryimage","url":"https:\/\/www.eldiario.net\/portal\/wp-content\/uploads\/2026\/03\/AEREO-AP.webp","contentUrl":"https:\/\/www.eldiario.net\/portal\/wp-content\/uploads\/2026\/03\/AEREO-AP.webp","width":1000,"height":666,"caption":"Vuelos cancelados tras guerra entre EEUU e Israel contra Ir\u00e1n. CREDITO: AP"},{"@type":"BreadcrumbList","@id":"https:\/\/www.eldiario.net\/portal\/2026\/03\/05\/guerra-en-iran-trastoca-vuelos-en-oriente-medio\/#breadcrumb","itemListElement":[{"@type":"ListItem","position":1,"name":"Portada","item":"https:\/\/www.eldiario.net\/portal\/"},{"@type":"ListItem","position":2,"name":"Guerra en Ir\u00e1n trastoca vuelos en Oriente Medio"}]},{"@type":"WebSite","@id":"https:\/\/www.eldiario.net\/portal\/#website","url":"https:\/\/www.eldiario.net\/portal\/","name":"El Diario - Decano de la prensa nacional","description":"El Diario - Decano de la prensa nacional","publisher":{"@id":"https:\/\/www.eldiario.net\/portal\/#organization"},"potentialAction":[{"@type":"SearchAction","target":{"@type":"EntryPoint","urlTemplate":"https:\/\/www.eldiario.net\/portal\/?s={search_term_string}"},"query-input":{"@type":"PropertyValueSpecification","valueRequired":true,"valueName":"search_term_string"}}],"inLanguage":"es"},{"@type":"Organization","@id":"https:\/\/www.eldiario.net\/portal\/#organization","name":"El Diario - Decano de la prensa nacional","url":"https:\/\/www.eldiario.net\/portal\/","logo":{"@type":"ImageObject","inLanguage":"es","@id":"https:\/\/www.eldiario.net\/portal\/#\/schema\/logo\/image\/","url":"https:\/\/www.eldiario.net\/portal\/wp-content\/uploads\/2023\/07\/logo_ED.jpg","contentUrl":"https:\/\/www.eldiario.net\/portal\/wp-content\/uploads\/2023\/07\/logo_ED.jpg","width":272,"height":52,"caption":"El Diario - Decano de la prensa nacional"},"image":{"@id":"https:\/\/www.eldiario.net\/portal\/#\/schema\/logo\/image\/"},"sameAs":["https:\/\/www.facebook.com\/eldiario.bolivia\/","https:\/\/x.com\/eldiario_net"]},{"@type":"Person","@id":"https:\/\/www.eldiario.net\/portal\/#\/schema\/person\/f46445640444750d7d753ccd04ae01b7","name":"Jeanette","image":{"@type":"ImageObject","inLanguage":"es","@id":"https:\/\/secure.gravatar.com\/avatar\/3ea2118a5f7dad2b7138b1187a6b7ee55f160b9968b66013c3a3ef39dd7e5798?s=96&d=mm&r=g","url":"https:\/\/secure.gravatar.com\/avatar\/3ea2118a5f7dad2b7138b1187a6b7ee55f160b9968b66013c3a3ef39dd7e5798?s=96&d=mm&r=g","contentUrl":"https:\/\/secure.gravatar.com\/avatar\/3ea2118a5f7dad2b7138b1187a6b7ee55f160b9968b66013c3a3ef39dd7e5798?s=96&d=mm&r=g","caption":"Jeanette"},"sameAs":["https:\/\/www.eldiario.net\/portal"],"url":"https:\/\/www.eldiario.net\/portal\/author\/jeanette\/"}]}},"_links":{"self":[{"href":"https:\/\/www.eldiario.net\/portal\/wp-json\/wp\/v2\/posts\/373357","targetHints":{"allow":["GET"]}}],"collection":[{"href":"https:\/\/www.eldiario.net\/portal\/wp-json\/wp\/v2\/posts"}],"about":[{"href":"https:\/\/www.eldiario.net\/portal\/wp-json\/wp\/v2\/types\/post"}],"author":[{"embeddable":true,"href":"https:\/\/www.eldiario.net\/portal\/wp-json\/wp\/v2\/users\/1"}],"replies":[{"embeddable":true,"href":"https:\/\/www.eldiario.net\/portal\/wp-json\/wp\/v2\/comments?post=373357"}],"version-history":[{"count":1,"href":"https:\/\/www.eldiario.net\/portal\/wp-json\/wp\/v2\/posts\/373357\/revisions"}],"predecessor-version":[{"id":373359,"href":"https:\/\/www.eldiario.net\/portal\/wp-json\/wp\/v2\/posts\/373357\/revisions\/373359"}],"wp:featuredmedia":[{"embeddable":true,"href":"https:\/\/www.eldiario.net\/portal\/wp-json\/wp\/v2\/media\/373358"}],"wp:attachment":[{"href":"https:\/\/www.eldiario.net\/portal\/wp-json\/wp\/v2\/media?parent=373357"}],"wp:term":[{"taxonomy":"category","embeddable":true,"href":"https:\/\/www.eldiario.net\/portal\/wp-json\/wp\/v2\/categories?post=373357"},{"taxonomy":"post_tag","embeddable":true,"href":"https:\/\/www.eldiario.net\/portal\/wp-json\/wp\/v2\/tags?post=373357"}],"curies":[{"name":"wp","href":"https:\/\/api.w.org\/{rel}","templated":true}]}}