{"id":373351,"date":"2026-03-05T06:47:36","date_gmt":"2026-03-05T10:47:36","guid":{"rendered":"https:\/\/www.eldiario.net\/portal\/?p=373351"},"modified":"2026-03-05T06:47:36","modified_gmt":"2026-03-05T10:47:36","slug":"violencia-aumenta-en-colombia-a-medida-que-se-acercan-comicios","status":"publish","type":"post","link":"https:\/\/www.eldiario.net\/portal\/2026\/03\/05\/violencia-aumenta-en-colombia-a-medida-que-se-acercan-comicios\/","title":{"rendered":"Violencia aumenta en Colombia a medida que se acercan comicios"},"content":{"rendered":"<p>Huelga armada del Ej\u00e9rcito de Liberaci\u00f3n Nacional, ataques con drones, enfrentamientos con disidentes de las FARC&#8230; La violencia en Colombia no dej\u00f3 de intensificarse desde el a\u00f1o pasado. A pocos d\u00edas de las elecciones legislativas previstas para el 8 de marzo, el presidente, Gustavo Petro, se ve obligado a reforzar su pol\u00edtica de seguridad.<\/p>\n<p>Este a\u00f1o, el n\u00famero de v\u00edctimas est\u00e1 aumentando, al igual que las repercusiones pol\u00edticas, sociales y econ\u00f3micas. En per\u00edodo electoral, se superponen varias formas de violencia en Colombia.<\/p>\n<p>En primer lugar, est\u00e1 la llamada violencia \u00abestructural\u00bb, la que se deriva de las actividades de las organizaciones criminales, entre las que destaca el tr\u00e1fico de drogas. A esta violencia persistente se suma la directamente relacionada con las elecciones. El a\u00f1o pasado se registraron 18 homicidios y 126 ataques y amenazas contra responsables pol\u00edticos.<\/p>\n<p>&nbsp;<\/p>\n<p>POLIC\u00cdAS MOVILIZADOS<\/p>\n<p>\u00abEl segundo elemento es la forma en que los grupos armados tambi\u00e9n ejercen una forma de violencia para intervenir en las elecciones, con el fin de controlar qu\u00e9 candidato o candidata puede presentarse o no\u00bb, agreg\u00f3 Francisco Daza, investigador y coordinador especialista en paz y derechos humanos de la fundaci\u00f3n PARES.<\/p>\n<p>\u00abCon la pol\u00edtica de \u00b4paz total`, este a\u00f1o, diferentes grupos armados han anunciado que respetar\u00e1n las elecciones y dejar\u00e1n votar a los ciudadanos. Pero, evidentemente, estos anuncios est\u00e1n condicionados a los acuerdos con el Gobierno y a las negociaciones en curso con cada grupo armado\u00bb, afirm\u00f3 el investigador.<\/p>\n<p>La guerrilla del Ej\u00e9rcito de Liberaci\u00f3n Nacional (ELN) anunci\u00f3 un alto el fuego durante las elecciones. M\u00e1s de 120 000 polic\u00edas se movilizar\u00e1n para garantizar la seguridad en 81 ciudades. Y, por primera vez, se cerrar\u00e1n las fronteras terrestres y fluviales entre Colombia y los pa\u00edses vecinos.(RFI)<\/p>\n<p>&nbsp;<\/p>\n","protected":false},"excerpt":{"rendered":"<p>Huelga armada del Ej\u00e9rcito de Liberaci\u00f3n Nacional, ataques con drones, enfrentamientos con disidentes de las FARC&#8230; La violencia en Colombia no dej\u00f3 de intensificarse desde el a\u00f1o pasado. A pocos d\u00edas de las elecciones legislativas previstas para el 8 de marzo, el presidente, Gustavo Petro, se ve obligado a reforzar su pol\u00edtica de seguridad. Este [&hellip;]<\/p>\n","protected":false},"author":1,"featured_media":373352,"comment_status":"closed","ping_status":"open","sticky":false,"template":"","format":"standard","meta":{"_acf_changed":false,"footnotes":""},"categories":[3],"tags":[],"class_list":["post-373351","post","type-post","status-publish","format-standard","has-post-thumbnail","category-internacional"],"acf":{"antetitulo":""},"yoast_head":"<!-- This site is optimized with the Yoast SEO plugin v28.4 - https:\/\/yoast.com\/product\/yoast-seo-wordpress\/ -->\n<title>Violencia aumenta en Colombia a medida que se acercan comicios - El Diario - Bolivia<\/title>\n<meta name=\"robots\" content=\"index, follow, max-snippet:-1, max-image-preview:large, max-video-preview:-1\" \/>\n<link rel=\"canonical\" href=\"https:\/\/www.eldiario.net\/portal\/2026\/03\/05\/violencia-aumenta-en-colombia-a-medida-que-se-acercan-comicios\/\" \/>\n<meta property=\"og:locale\" content=\"es_ES\" \/>\n<meta property=\"og:type\" content=\"article\" \/>\n<meta property=\"og:title\" content=\"Violencia aumenta en Colombia a medida que se acercan comicios - El Diario - Bolivia\" \/>\n<meta property=\"og:description\" content=\"Huelga armada del Ej\u00e9rcito de Liberaci\u00f3n Nacional, ataques con drones, enfrentamientos con disidentes de las FARC&#8230; La violencia en Colombia no dej\u00f3 de intensificarse desde el a\u00f1o pasado. A pocos d\u00edas de las elecciones legislativas previstas para el 8 de marzo, el presidente, Gustavo Petro, se ve obligado a reforzar su pol\u00edtica de seguridad. Este [&hellip;]\" \/>\n<meta property=\"og:url\" content=\"https:\/\/www.eldiario.net\/portal\/2026\/03\/05\/violencia-aumenta-en-colombia-a-medida-que-se-acercan-comicios\/\" \/>\n<meta property=\"og:site_name\" content=\"El Diario - Bolivia\" \/>\n<meta property=\"article:publisher\" content=\"https:\/\/www.facebook.com\/eldiario.bolivia\/\" \/>\n<meta property=\"article:published_time\" content=\"2026-03-05T10:47:36+00:00\" \/>\n<meta property=\"og:image\" content=\"https:\/\/www.eldiario.net\/portal\/wp-content\/uploads\/2026\/03\/COLOMBIA-AP.webp\" \/>\n\t<meta property=\"og:image:width\" content=\"1024\" \/>\n\t<meta property=\"og:image:height\" content=\"768\" \/>\n\t<meta property=\"og:image:type\" content=\"image\/webp\" \/>\n<meta name=\"author\" content=\"Jeanette\" \/>\n<meta name=\"twitter:card\" content=\"summary_large_image\" \/>\n<meta name=\"twitter:creator\" content=\"@eldiario_net\" \/>\n<meta name=\"twitter:site\" content=\"@eldiario_net\" \/>\n<meta name=\"twitter:label1\" content=\"Escrito por\" \/>\n\t<meta name=\"twitter:data1\" content=\"Jeanette\" \/>\n\t<meta name=\"twitter:label2\" content=\"Tiempo de lectura\" \/>\n\t<meta name=\"twitter:data2\" content=\"2 minutos\" \/>\n<script type=\"application\/ld+json\" class=\"yoast-schema-graph\">{\"@context\":\"https:\\\/\\\/schema.org\",\"@graph\":[{\"@type\":\"Article\",\"@id\":\"https:\\\/\\\/www.eldiario.net\\\/portal\\\/2026\\\/03\\\/05\\\/violencia-aumenta-en-colombia-a-medida-que-se-acercan-comicios\\\/#article\",\"isPartOf\":{\"@id\":\"https:\\\/\\\/www.eldiario.net\\\/portal\\\/2026\\\/03\\\/05\\\/violencia-aumenta-en-colombia-a-medida-que-se-acercan-comicios\\\/\"},\"author\":{\"name\":\"Jeanette\",\"@id\":\"https:\\\/\\\/www.eldiario.net\\\/portal\\\/#\\\/schema\\\/person\\\/f46445640444750d7d753ccd04ae01b7\"},\"headline\":\"Violencia aumenta en Colombia a medida que se acercan comicios\",\"datePublished\":\"2026-03-05T10:47:36+00:00\",\"mainEntityOfPage\":{\"@id\":\"https:\\\/\\\/www.eldiario.net\\\/portal\\\/2026\\\/03\\\/05\\\/violencia-aumenta-en-colombia-a-medida-que-se-acercan-comicios\\\/\"},\"wordCount\":320,\"publisher\":{\"@id\":\"https:\\\/\\\/www.eldiario.net\\\/portal\\\/#organization\"},\"image\":{\"@id\":\"https:\\\/\\\/www.eldiario.net\\\/portal\\\/2026\\\/03\\\/05\\\/violencia-aumenta-en-colombia-a-medida-que-se-acercan-comicios\\\/#primaryimage\"},\"thumbnailUrl\":\"https:\\\/\\\/www.eldiario.net\\\/portal\\\/wp-content\\\/uploads\\\/2026\\\/03\\\/COLOMBIA-AP.webp\",\"articleSection\":[\"Internacional\"],\"inLanguage\":\"es\"},{\"@type\":\"WebPage\",\"@id\":\"https:\\\/\\\/www.eldiario.net\\\/portal\\\/2026\\\/03\\\/05\\\/violencia-aumenta-en-colombia-a-medida-que-se-acercan-comicios\\\/\",\"url\":\"https:\\\/\\\/www.eldiario.net\\\/portal\\\/2026\\\/03\\\/05\\\/violencia-aumenta-en-colombia-a-medida-que-se-acercan-comicios\\\/\",\"name\":\"Violencia aumenta en Colombia a medida que se acercan comicios - El Diario - Bolivia\",\"isPartOf\":{\"@id\":\"https:\\\/\\\/www.eldiario.net\\\/portal\\\/#website\"},\"primaryImageOfPage\":{\"@id\":\"https:\\\/\\\/www.eldiario.net\\\/portal\\\/2026\\\/03\\\/05\\\/violencia-aumenta-en-colombia-a-medida-que-se-acercan-comicios\\\/#primaryimage\"},\"image\":{\"@id\":\"https:\\\/\\\/www.eldiario.net\\\/portal\\\/2026\\\/03\\\/05\\\/violencia-aumenta-en-colombia-a-medida-que-se-acercan-comicios\\\/#primaryimage\"},\"thumbnailUrl\":\"https:\\\/\\\/www.eldiario.net\\\/portal\\\/wp-content\\\/uploads\\\/2026\\\/03\\\/COLOMBIA-AP.webp\",\"datePublished\":\"2026-03-05T10:47:36+00:00\",\"breadcrumb\":{\"@id\":\"https:\\\/\\\/www.eldiario.net\\\/portal\\\/2026\\\/03\\\/05\\\/violencia-aumenta-en-colombia-a-medida-que-se-acercan-comicios\\\/#breadcrumb\"},\"inLanguage\":\"es\",\"potentialAction\":[{\"@type\":\"ReadAction\",\"target\":[\"https:\\\/\\\/www.eldiario.net\\\/portal\\\/2026\\\/03\\\/05\\\/violencia-aumenta-en-colombia-a-medida-que-se-acercan-comicios\\\/\"]}]},{\"@type\":\"ImageObject\",\"inLanguage\":\"es\",\"@id\":\"https:\\\/\\\/www.eldiario.net\\\/portal\\\/2026\\\/03\\\/05\\\/violencia-aumenta-en-colombia-a-medida-que-se-acercan-comicios\\\/#primaryimage\",\"url\":\"https:\\\/\\\/www.eldiario.net\\\/portal\\\/wp-content\\\/uploads\\\/2026\\\/03\\\/COLOMBIA-AP.webp\",\"contentUrl\":\"https:\\\/\\\/www.eldiario.net\\\/portal\\\/wp-content\\\/uploads\\\/2026\\\/03\\\/COLOMBIA-AP.webp\",\"width\":1024,\"height\":768,\"caption\":\"El congresista Carlos Carre\u00f1o Mar\u00edn del partido Comunes. CREDITO: AP\"},{\"@type\":\"BreadcrumbList\",\"@id\":\"https:\\\/\\\/www.eldiario.net\\\/portal\\\/2026\\\/03\\\/05\\\/violencia-aumenta-en-colombia-a-medida-que-se-acercan-comicios\\\/#breadcrumb\",\"itemListElement\":[{\"@type\":\"ListItem\",\"position\":1,\"name\":\"Portada\",\"item\":\"https:\\\/\\\/www.eldiario.net\\\/portal\\\/\"},{\"@type\":\"ListItem\",\"position\":2,\"name\":\"Violencia aumenta en Colombia a medida que se acercan comicios\"}]},{\"@type\":\"WebSite\",\"@id\":\"https:\\\/\\\/www.eldiario.net\\\/portal\\\/#website\",\"url\":\"https:\\\/\\\/www.eldiario.net\\\/portal\\\/\",\"name\":\"El Diario - Decano de la prensa nacional\",\"description\":\"El Diario - Decano de la prensa nacional\",\"publisher\":{\"@id\":\"https:\\\/\\\/www.eldiario.net\\\/portal\\\/#organization\"},\"potentialAction\":[{\"@type\":\"SearchAction\",\"target\":{\"@type\":\"EntryPoint\",\"urlTemplate\":\"https:\\\/\\\/www.eldiario.net\\\/portal\\\/?s={search_term_string}\"},\"query-input\":{\"@type\":\"PropertyValueSpecification\",\"valueRequired\":true,\"valueName\":\"search_term_string\"}}],\"inLanguage\":\"es\"},{\"@type\":\"Organization\",\"@id\":\"https:\\\/\\\/www.eldiario.net\\\/portal\\\/#organization\",\"name\":\"El Diario - Decano de la prensa nacional\",\"url\":\"https:\\\/\\\/www.eldiario.net\\\/portal\\\/\",\"logo\":{\"@type\":\"ImageObject\",\"inLanguage\":\"es\",\"@id\":\"https:\\\/\\\/www.eldiario.net\\\/portal\\\/#\\\/schema\\\/logo\\\/image\\\/\",\"url\":\"https:\\\/\\\/www.eldiario.net\\\/portal\\\/wp-content\\\/uploads\\\/2023\\\/07\\\/logo_ED.jpg\",\"contentUrl\":\"https:\\\/\\\/www.eldiario.net\\\/portal\\\/wp-content\\\/uploads\\\/2023\\\/07\\\/logo_ED.jpg\",\"width\":272,\"height\":52,\"caption\":\"El Diario - Decano de la prensa nacional\"},\"image\":{\"@id\":\"https:\\\/\\\/www.eldiario.net\\\/portal\\\/#\\\/schema\\\/logo\\\/image\\\/\"},\"sameAs\":[\"https:\\\/\\\/www.facebook.com\\\/eldiario.bolivia\\\/\",\"https:\\\/\\\/x.com\\\/eldiario_net\"]},{\"@type\":\"Person\",\"@id\":\"https:\\\/\\\/www.eldiario.net\\\/portal\\\/#\\\/schema\\\/person\\\/f46445640444750d7d753ccd04ae01b7\",\"name\":\"Jeanette\",\"image\":{\"@type\":\"ImageObject\",\"inLanguage\":\"es\",\"@id\":\"https:\\\/\\\/secure.gravatar.com\\\/avatar\\\/3ea2118a5f7dad2b7138b1187a6b7ee55f160b9968b66013c3a3ef39dd7e5798?s=96&d=mm&r=g\",\"url\":\"https:\\\/\\\/secure.gravatar.com\\\/avatar\\\/3ea2118a5f7dad2b7138b1187a6b7ee55f160b9968b66013c3a3ef39dd7e5798?s=96&d=mm&r=g\",\"contentUrl\":\"https:\\\/\\\/secure.gravatar.com\\\/avatar\\\/3ea2118a5f7dad2b7138b1187a6b7ee55f160b9968b66013c3a3ef39dd7e5798?s=96&d=mm&r=g\",\"caption\":\"Jeanette\"},\"sameAs\":[\"https:\\\/\\\/www.eldiario.net\\\/portal\"],\"url\":\"https:\\\/\\\/www.eldiario.net\\\/portal\\\/author\\\/jeanette\\\/\"}]}<\/script>\n<!-- \/ Yoast SEO plugin. -->","yoast_head_json":{"title":"Violencia aumenta en Colombia a medida que se acercan comicios - El Diario - Bolivia","robots":{"index":"index","follow":"follow","max-snippet":"max-snippet:-1","max-image-preview":"max-image-preview:large","max-video-preview":"max-video-preview:-1"},"canonical":"https:\/\/www.eldiario.net\/portal\/2026\/03\/05\/violencia-aumenta-en-colombia-a-medida-que-se-acercan-comicios\/","og_locale":"es_ES","og_type":"article","og_title":"Violencia aumenta en Colombia a medida que se acercan comicios - El Diario - Bolivia","og_description":"Huelga armada del Ej\u00e9rcito de Liberaci\u00f3n Nacional, ataques con drones, enfrentamientos con disidentes de las FARC&#8230; La violencia en Colombia no dej\u00f3 de intensificarse desde el a\u00f1o pasado. A pocos d\u00edas de las elecciones legislativas previstas para el 8 de marzo, el presidente, Gustavo Petro, se ve obligado a reforzar su pol\u00edtica de seguridad. Este [&hellip;]","og_url":"https:\/\/www.eldiario.net\/portal\/2026\/03\/05\/violencia-aumenta-en-colombia-a-medida-que-se-acercan-comicios\/","og_site_name":"El Diario - Bolivia","article_publisher":"https:\/\/www.facebook.com\/eldiario.bolivia\/","article_published_time":"2026-03-05T10:47:36+00:00","og_image":[{"width":1024,"height":768,"url":"https:\/\/www.eldiario.net\/portal\/wp-content\/uploads\/2026\/03\/COLOMBIA-AP.webp","type":"image\/webp"}],"author":"Jeanette","twitter_card":"summary_large_image","twitter_creator":"@eldiario_net","twitter_site":"@eldiario_net","twitter_misc":{"Escrito por":"Jeanette","Tiempo de lectura":"2 minutos"},"schema":{"@context":"https:\/\/schema.org","@graph":[{"@type":"Article","@id":"https:\/\/www.eldiario.net\/portal\/2026\/03\/05\/violencia-aumenta-en-colombia-a-medida-que-se-acercan-comicios\/#article","isPartOf":{"@id":"https:\/\/www.eldiario.net\/portal\/2026\/03\/05\/violencia-aumenta-en-colombia-a-medida-que-se-acercan-comicios\/"},"author":{"name":"Jeanette","@id":"https:\/\/www.eldiario.net\/portal\/#\/schema\/person\/f46445640444750d7d753ccd04ae01b7"},"headline":"Violencia aumenta en Colombia a medida que se acercan comicios","datePublished":"2026-03-05T10:47:36+00:00","mainEntityOfPage":{"@id":"https:\/\/www.eldiario.net\/portal\/2026\/03\/05\/violencia-aumenta-en-colombia-a-medida-que-se-acercan-comicios\/"},"wordCount":320,"publisher":{"@id":"https:\/\/www.eldiario.net\/portal\/#organization"},"image":{"@id":"https:\/\/www.eldiario.net\/portal\/2026\/03\/05\/violencia-aumenta-en-colombia-a-medida-que-se-acercan-comicios\/#primaryimage"},"thumbnailUrl":"https:\/\/www.eldiario.net\/portal\/wp-content\/uploads\/2026\/03\/COLOMBIA-AP.webp","articleSection":["Internacional"],"inLanguage":"es"},{"@type":"WebPage","@id":"https:\/\/www.eldiario.net\/portal\/2026\/03\/05\/violencia-aumenta-en-colombia-a-medida-que-se-acercan-comicios\/","url":"https:\/\/www.eldiario.net\/portal\/2026\/03\/05\/violencia-aumenta-en-colombia-a-medida-que-se-acercan-comicios\/","name":"Violencia aumenta en Colombia a medida que se acercan comicios - El Diario - Bolivia","isPartOf":{"@id":"https:\/\/www.eldiario.net\/portal\/#website"},"primaryImageOfPage":{"@id":"https:\/\/www.eldiario.net\/portal\/2026\/03\/05\/violencia-aumenta-en-colombia-a-medida-que-se-acercan-comicios\/#primaryimage"},"image":{"@id":"https:\/\/www.eldiario.net\/portal\/2026\/03\/05\/violencia-aumenta-en-colombia-a-medida-que-se-acercan-comicios\/#primaryimage"},"thumbnailUrl":"https:\/\/www.eldiario.net\/portal\/wp-content\/uploads\/2026\/03\/COLOMBIA-AP.webp","datePublished":"2026-03-05T10:47:36+00:00","breadcrumb":{"@id":"https:\/\/www.eldiario.net\/portal\/2026\/03\/05\/violencia-aumenta-en-colombia-a-medida-que-se-acercan-comicios\/#breadcrumb"},"inLanguage":"es","potentialAction":[{"@type":"ReadAction","target":["https:\/\/www.eldiario.net\/portal\/2026\/03\/05\/violencia-aumenta-en-colombia-a-medida-que-se-acercan-comicios\/"]}]},{"@type":"ImageObject","inLanguage":"es","@id":"https:\/\/www.eldiario.net\/portal\/2026\/03\/05\/violencia-aumenta-en-colombia-a-medida-que-se-acercan-comicios\/#primaryimage","url":"https:\/\/www.eldiario.net\/portal\/wp-content\/uploads\/2026\/03\/COLOMBIA-AP.webp","contentUrl":"https:\/\/www.eldiario.net\/portal\/wp-content\/uploads\/2026\/03\/COLOMBIA-AP.webp","width":1024,"height":768,"caption":"El congresista Carlos Carre\u00f1o Mar\u00edn del partido Comunes. CREDITO: AP"},{"@type":"BreadcrumbList","@id":"https:\/\/www.eldiario.net\/portal\/2026\/03\/05\/violencia-aumenta-en-colombia-a-medida-que-se-acercan-comicios\/#breadcrumb","itemListElement":[{"@type":"ListItem","position":1,"name":"Portada","item":"https:\/\/www.eldiario.net\/portal\/"},{"@type":"ListItem","position":2,"name":"Violencia aumenta en Colombia a medida que se acercan comicios"}]},{"@type":"WebSite","@id":"https:\/\/www.eldiario.net\/portal\/#website","url":"https:\/\/www.eldiario.net\/portal\/","name":"El Diario - Decano de la prensa nacional","description":"El Diario - Decano de la prensa nacional","publisher":{"@id":"https:\/\/www.eldiario.net\/portal\/#organization"},"potentialAction":[{"@type":"SearchAction","target":{"@type":"EntryPoint","urlTemplate":"https:\/\/www.eldiario.net\/portal\/?s={search_term_string}"},"query-input":{"@type":"PropertyValueSpecification","valueRequired":true,"valueName":"search_term_string"}}],"inLanguage":"es"},{"@type":"Organization","@id":"https:\/\/www.eldiario.net\/portal\/#organization","name":"El Diario - Decano de la prensa nacional","url":"https:\/\/www.eldiario.net\/portal\/","logo":{"@type":"ImageObject","inLanguage":"es","@id":"https:\/\/www.eldiario.net\/portal\/#\/schema\/logo\/image\/","url":"https:\/\/www.eldiario.net\/portal\/wp-content\/uploads\/2023\/07\/logo_ED.jpg","contentUrl":"https:\/\/www.eldiario.net\/portal\/wp-content\/uploads\/2023\/07\/logo_ED.jpg","width":272,"height":52,"caption":"El Diario - Decano de la prensa nacional"},"image":{"@id":"https:\/\/www.eldiario.net\/portal\/#\/schema\/logo\/image\/"},"sameAs":["https:\/\/www.facebook.com\/eldiario.bolivia\/","https:\/\/x.com\/eldiario_net"]},{"@type":"Person","@id":"https:\/\/www.eldiario.net\/portal\/#\/schema\/person\/f46445640444750d7d753ccd04ae01b7","name":"Jeanette","image":{"@type":"ImageObject","inLanguage":"es","@id":"https:\/\/secure.gravatar.com\/avatar\/3ea2118a5f7dad2b7138b1187a6b7ee55f160b9968b66013c3a3ef39dd7e5798?s=96&d=mm&r=g","url":"https:\/\/secure.gravatar.com\/avatar\/3ea2118a5f7dad2b7138b1187a6b7ee55f160b9968b66013c3a3ef39dd7e5798?s=96&d=mm&r=g","contentUrl":"https:\/\/secure.gravatar.com\/avatar\/3ea2118a5f7dad2b7138b1187a6b7ee55f160b9968b66013c3a3ef39dd7e5798?s=96&d=mm&r=g","caption":"Jeanette"},"sameAs":["https:\/\/www.eldiario.net\/portal"],"url":"https:\/\/www.eldiario.net\/portal\/author\/jeanette\/"}]}},"_links":{"self":[{"href":"https:\/\/www.eldiario.net\/portal\/wp-json\/wp\/v2\/posts\/373351","targetHints":{"allow":["GET"]}}],"collection":[{"href":"https:\/\/www.eldiario.net\/portal\/wp-json\/wp\/v2\/posts"}],"about":[{"href":"https:\/\/www.eldiario.net\/portal\/wp-json\/wp\/v2\/types\/post"}],"author":[{"embeddable":true,"href":"https:\/\/www.eldiario.net\/portal\/wp-json\/wp\/v2\/users\/1"}],"replies":[{"embeddable":true,"href":"https:\/\/www.eldiario.net\/portal\/wp-json\/wp\/v2\/comments?post=373351"}],"version-history":[{"count":1,"href":"https:\/\/www.eldiario.net\/portal\/wp-json\/wp\/v2\/posts\/373351\/revisions"}],"predecessor-version":[{"id":373353,"href":"https:\/\/www.eldiario.net\/portal\/wp-json\/wp\/v2\/posts\/373351\/revisions\/373353"}],"wp:featuredmedia":[{"embeddable":true,"href":"https:\/\/www.eldiario.net\/portal\/wp-json\/wp\/v2\/media\/373352"}],"wp:attachment":[{"href":"https:\/\/www.eldiario.net\/portal\/wp-json\/wp\/v2\/media?parent=373351"}],"wp:term":[{"taxonomy":"category","embeddable":true,"href":"https:\/\/www.eldiario.net\/portal\/wp-json\/wp\/v2\/categories?post=373351"},{"taxonomy":"post_tag","embeddable":true,"href":"https:\/\/www.eldiario.net\/portal\/wp-json\/wp\/v2\/tags?post=373351"}],"curies":[{"name":"wp","href":"https:\/\/api.w.org\/{rel}","templated":true}]}}