{"id":373348,"date":"2026-03-05T06:47:05","date_gmt":"2026-03-05T10:47:05","guid":{"rendered":"https:\/\/www.eldiario.net\/portal\/?p=373348"},"modified":"2026-03-05T06:47:05","modified_gmt":"2026-03-05T10:47:05","slug":"investigacion-sobre-covid-19-llega-a-ultimo-dia-agridulce","status":"publish","type":"post","link":"https:\/\/www.eldiario.net\/portal\/2026\/03\/05\/investigacion-sobre-covid-19-llega-a-ultimo-dia-agridulce\/","title":{"rendered":"Investigaci\u00f3n sobre Covid-19 llega a \u00faltimo d\u00eda \u201cagridulce\u201d"},"content":{"rendered":"<p>Las familias en duelo marcaron el \u00faltimo d\u00eda de testimonios de testigos en la larga investigaci\u00f3n sobre la Covid-19 diciendo que la \u00abincompetencia, el caos y la insensibilidad del gobierno ahora son de dominio p\u00fablico\u00bb.<\/p>\n<p>Matt Fowler, cofundador de covid-19 Bereaved Families for Justice UK (Cbffj), inst\u00f3 a los funcionarios a utilizar la investigaci\u00f3n como modelo \u201cpara tomar medidas valientes, decisivas y urgentes\u201d y advirti\u00f3 que el pa\u00eds a\u00fan no estaba preparado para una crisis futura.<\/p>\n<p>\u00abSeguiremos luchando para que las recomendaciones de la investigaci\u00f3n se implementen en su totalidad, y haremos frente a la creciente ola de te\u00f3ricos de la conspiraci\u00f3n que quieren ignorar la evidencia y politizar el hecho de salvar vidas\u00bb, sostuvo afuera de Dorland House en Londres, donde se llevaron a cabo las audiencias de la investigaci\u00f3n.<\/p>\n<p>La investigaci\u00f3n sobre el covid se convirti\u00f3 en la m\u00e1s cara de la historia, con unos costos totales que ahora ascienden a 203,98 millones de libras, que cubren la organizaci\u00f3n de la investigaci\u00f3n, los salarios del presidente y de los abogados y la realizaci\u00f3n de las audiencias.<\/p>\n<p>Anteriormente, la investigaci\u00f3n p\u00fablica m\u00e1s costosa fue la del Domingo Sangriento, que cost\u00f3 191,2 millones de libras. La investigaci\u00f3n sobre la covid-19 fue criticada por grupos como la Alianza de Contribuyentes por ser larga y costosa.<\/p>\n<p>Un portavoz de la investigaci\u00f3n sobre la covid se\u00f1al\u00f3 que ten\u00eda un alcance m\u00e1s amplio que cualquier investigaci\u00f3n p\u00fablica anterior y que las audiencias p\u00fablicas ahora completadas eran la parte m\u00e1s costosa de su trabajo.<\/p>\n<p>En total, se celebraron 238 d\u00edas de audiencias p\u00fablicas en todo el Reino Unido, con 381 testigos individuales y m\u00e1s de 600.000 documentos de prueba, equivalentes a unos 5 millones de p\u00e1ginas de pruebas.<\/p>\n<p>El a\u00f1o pasado, el gobierno sostuvo que hab\u00eda 286 funcionarios a tiempo completo trabajando en las 10 investigaciones separadas de la investigaci\u00f3n, llamadas m\u00f3dulos.<\/p>\n<p>Estos temas abarcaron la resiliencia y la preparaci\u00f3n, la toma de decisiones y la gobernanza pol\u00edtica, el sistema de salud, las vacunas, las adquisiciones, el sector asistencial, las pruebas y el rastreo, los ni\u00f1os y los j\u00f3venes, la respuesta econ\u00f3mica y el impacto en la sociedad.<\/p>\n<p>Ya se escucharon las pruebas de los diez m\u00f3dulos, pero la presidenta de la investigaci\u00f3n, Lady Hallett, public\u00f3 sus conclusiones finales s\u00f3lo sobre los dos primeros.<\/p>\n<p>Su primer informe concluy\u00f3 que la planificaci\u00f3n de la pandemia en el Reino Unido estuvo plagada de \u201cfallas estrat\u00e9gicas fatales\u201d y que se fall\u00f3 a los ciudadanos, mientras que el segundo acus\u00f3 a Boris Johnson de presidir una cultura \u201ct\u00f3xica y ca\u00f3tica\u201d en el gobierno y se\u00f1al\u00f3 que podr\u00eda haber salvado 20.000 vidas si hubiera impuesto el confinamiento una semana antes.<\/p>\n<p>Cbffj, el grupo de m\u00e1s de 7.000 familias que presion\u00f3 para que se realice una investigaci\u00f3n, acogi\u00f3 con satisfacci\u00f3n los hallazgos, diciendo que son \u00abcontundentes, claros y condenatorios\u00bb, aunque agreg\u00f3 que las recomendaciones deber\u00edan haber ido m\u00e1s all\u00e1.<\/p>\n<p>Ayer por la tarde, un nutrido grupo de personas en duelo se reuni\u00f3 en las escaleras de la consulta, sosteniendo fotos de sus familiares fallecidos y carteles con lemas como \u00abPartygate es tu legado, Boris\u00bb. Guardaron un minuto de silencio por las v\u00edctimas de la pandemia y se comprometieron a seguir luchando por la justicia.<\/p>\n<p>Naomi Fulop, cuya madre de 94 a\u00f1os, Christina, muri\u00f3 en enero de 2021 despu\u00e9s de contraer Covid en casa por un cuidador que no estaba equipado con el EPP adecuado, sostuvo que el d\u00eda fue \u00abagridulce\u00bb para las familias.<\/p>\n<p>Es muy satisfactorio haber logrado el fin de una investigaci\u00f3n por la que luchamos, y los dos informes reivindican lo que llevamos a\u00f1os diciendo, pero tambi\u00e9n hay tristeza. Es un momento importante, sostuvo.<\/p>\n<p>Hay momentos en los que fue muy dif\u00edcil escuchar, pero quiero que todo salga a la luz, aunque sea doloroso. Hay gente que viene todos los d\u00edas. Y esto no es el final, en absoluto.<\/p>\n<p>Fulop agreg\u00f3 que comprend\u00eda las preocupaciones de la gente sobre el costo financiero del ejercicio, pero se\u00f1al\u00f3 que \u00ababsolutamente vali\u00f3 la pena\u00bb.<\/p>\n<p>La pandemia afect\u00f3 a todas las personas, as\u00ed que, per c\u00e1pita, no es una cantidad enorme. Y si se produce un cambio real, sin duda merecer\u00e1 la pena. Cuesta mucho estar preparado para una pandemia, pero cuesta mucho m\u00e1s si no se est\u00e1 preparado.<\/p>\n<p>El grupo se\u00f1al\u00f3 que los resultados inminentes del Ejercicio Pegasus, la mayor simulaci\u00f3n de una pandemia en la historia del Reino Unido para identificar brechas en el sistema, mostrar\u00edan cu\u00e1nto trabajo a\u00fan queda por hacer.<\/p>\n<p>La Cbffj tambi\u00e9n afirm\u00f3 que seguir\u00eda haciendo campa\u00f1a a favor de la Ley de Hillsborough, que impondr\u00eda un \u201cdeber de franqueza\u201d legal a las autoridades p\u00fablicas, afirmando que esto ayudar\u00eda a mantener bajos los costos de futuras investigaciones.<\/p>\n<p>Fowler se\u00f1al\u00f3 que el grupo \u201cluchar\u00e1 para eliminar a los delincuentes del covid de la C\u00e1mara de los Lores y de cualquier cargo p\u00fablico al que a\u00fan puedan aferrarse\u201d, as\u00ed como \u201cexigir responsabilidades por la muerte de nuestros seres queridos\u201d.<\/p>\n<p>Un portavoz de la investigaci\u00f3n afirm\u00f3 que cinco de los informes restantes se publicar\u00edan este a\u00f1o y tres en el primer semestre de 2027. \u201cSolo es necesario ahorrar una fracci\u00f3n de los miles de millones gastados durante la pandemia de covid-19 la pr\u00f3xima vez para que esta investigaci\u00f3n haya valido la pena\u201d, afirmaron.(The Guardian)<\/p>\n","protected":false},"excerpt":{"rendered":"<p>Las familias en duelo marcaron el \u00faltimo d\u00eda de testimonios de testigos en la larga investigaci\u00f3n sobre la Covid-19 diciendo que la \u00abincompetencia, el caos y la insensibilidad del gobierno ahora son de dominio p\u00fablico\u00bb. Matt Fowler, cofundador de covid-19 Bereaved Families for Justice UK (Cbffj), inst\u00f3 a los funcionarios a utilizar la investigaci\u00f3n como [&hellip;]<\/p>\n","protected":false},"author":1,"featured_media":373349,"comment_status":"closed","ping_status":"open","sticky":false,"template":"","format":"standard","meta":{"_acf_changed":false,"footnotes":""},"categories":[3],"tags":[],"class_list":["post-373348","post","type-post","status-publish","format-standard","has-post-thumbnail","category-internacional"],"acf":{"antetitulo":""},"yoast_head":"<!-- This site is optimized with the Yoast SEO plugin v28.4 - https:\/\/yoast.com\/product\/yoast-seo-wordpress\/ -->\n<title>Investigaci\u00f3n sobre Covid-19 llega a \u00faltimo d\u00eda \u201cagridulce\u201d - El Diario - Bolivia<\/title>\n<meta name=\"robots\" content=\"index, follow, max-snippet:-1, max-image-preview:large, max-video-preview:-1\" \/>\n<link rel=\"canonical\" href=\"https:\/\/www.eldiario.net\/portal\/2026\/03\/05\/investigacion-sobre-covid-19-llega-a-ultimo-dia-agridulce\/\" \/>\n<meta property=\"og:locale\" content=\"es_ES\" \/>\n<meta property=\"og:type\" content=\"article\" \/>\n<meta property=\"og:title\" content=\"Investigaci\u00f3n sobre Covid-19 llega a \u00faltimo d\u00eda \u201cagridulce\u201d - El Diario - Bolivia\" \/>\n<meta property=\"og:description\" content=\"Las familias en duelo marcaron el \u00faltimo d\u00eda de testimonios de testigos en la larga investigaci\u00f3n sobre la Covid-19 diciendo que la \u00abincompetencia, el caos y la insensibilidad del gobierno ahora son de dominio p\u00fablico\u00bb. Matt Fowler, cofundador de covid-19 Bereaved Families for Justice UK (Cbffj), inst\u00f3 a los funcionarios a utilizar la investigaci\u00f3n como [&hellip;]\" \/>\n<meta property=\"og:url\" content=\"https:\/\/www.eldiario.net\/portal\/2026\/03\/05\/investigacion-sobre-covid-19-llega-a-ultimo-dia-agridulce\/\" \/>\n<meta property=\"og:site_name\" content=\"El Diario - Bolivia\" \/>\n<meta property=\"article:publisher\" content=\"https:\/\/www.facebook.com\/eldiario.bolivia\/\" \/>\n<meta property=\"article:published_time\" content=\"2026-03-05T10:47:05+00:00\" \/>\n<meta property=\"og:image\" content=\"https:\/\/www.eldiario.net\/portal\/wp-content\/uploads\/2026\/03\/COVID-AP.webp\" \/>\n\t<meta property=\"og:image:width\" content=\"620\" \/>\n\t<meta property=\"og:image:height\" content=\"496\" \/>\n\t<meta property=\"og:image:type\" content=\"image\/webp\" \/>\n<meta name=\"author\" content=\"Jeanette\" \/>\n<meta name=\"twitter:card\" content=\"summary_large_image\" \/>\n<meta name=\"twitter:creator\" content=\"@eldiario_net\" \/>\n<meta name=\"twitter:site\" content=\"@eldiario_net\" \/>\n<meta name=\"twitter:label1\" content=\"Escrito por\" \/>\n\t<meta name=\"twitter:data1\" content=\"Jeanette\" \/>\n\t<meta name=\"twitter:label2\" content=\"Tiempo de lectura\" \/>\n\t<meta name=\"twitter:data2\" content=\"5 minutos\" \/>\n<script type=\"application\/ld+json\" class=\"yoast-schema-graph\">{\"@context\":\"https:\\\/\\\/schema.org\",\"@graph\":[{\"@type\":\"Article\",\"@id\":\"https:\\\/\\\/www.eldiario.net\\\/portal\\\/2026\\\/03\\\/05\\\/investigacion-sobre-covid-19-llega-a-ultimo-dia-agridulce\\\/#article\",\"isPartOf\":{\"@id\":\"https:\\\/\\\/www.eldiario.net\\\/portal\\\/2026\\\/03\\\/05\\\/investigacion-sobre-covid-19-llega-a-ultimo-dia-agridulce\\\/\"},\"author\":{\"name\":\"Jeanette\",\"@id\":\"https:\\\/\\\/www.eldiario.net\\\/portal\\\/#\\\/schema\\\/person\\\/f46445640444750d7d753ccd04ae01b7\"},\"headline\":\"Investigaci\u00f3n sobre Covid-19 llega a \u00faltimo d\u00eda \u201cagridulce\u201d\",\"datePublished\":\"2026-03-05T10:47:05+00:00\",\"mainEntityOfPage\":{\"@id\":\"https:\\\/\\\/www.eldiario.net\\\/portal\\\/2026\\\/03\\\/05\\\/investigacion-sobre-covid-19-llega-a-ultimo-dia-agridulce\\\/\"},\"wordCount\":959,\"publisher\":{\"@id\":\"https:\\\/\\\/www.eldiario.net\\\/portal\\\/#organization\"},\"image\":{\"@id\":\"https:\\\/\\\/www.eldiario.net\\\/portal\\\/2026\\\/03\\\/05\\\/investigacion-sobre-covid-19-llega-a-ultimo-dia-agridulce\\\/#primaryimage\"},\"thumbnailUrl\":\"https:\\\/\\\/www.eldiario.net\\\/portal\\\/wp-content\\\/uploads\\\/2026\\\/03\\\/COVID-AP.webp\",\"articleSection\":[\"Internacional\"],\"inLanguage\":\"es\"},{\"@type\":\"WebPage\",\"@id\":\"https:\\\/\\\/www.eldiario.net\\\/portal\\\/2026\\\/03\\\/05\\\/investigacion-sobre-covid-19-llega-a-ultimo-dia-agridulce\\\/\",\"url\":\"https:\\\/\\\/www.eldiario.net\\\/portal\\\/2026\\\/03\\\/05\\\/investigacion-sobre-covid-19-llega-a-ultimo-dia-agridulce\\\/\",\"name\":\"Investigaci\u00f3n sobre Covid-19 llega a \u00faltimo d\u00eda \u201cagridulce\u201d - El Diario - Bolivia\",\"isPartOf\":{\"@id\":\"https:\\\/\\\/www.eldiario.net\\\/portal\\\/#website\"},\"primaryImageOfPage\":{\"@id\":\"https:\\\/\\\/www.eldiario.net\\\/portal\\\/2026\\\/03\\\/05\\\/investigacion-sobre-covid-19-llega-a-ultimo-dia-agridulce\\\/#primaryimage\"},\"image\":{\"@id\":\"https:\\\/\\\/www.eldiario.net\\\/portal\\\/2026\\\/03\\\/05\\\/investigacion-sobre-covid-19-llega-a-ultimo-dia-agridulce\\\/#primaryimage\"},\"thumbnailUrl\":\"https:\\\/\\\/www.eldiario.net\\\/portal\\\/wp-content\\\/uploads\\\/2026\\\/03\\\/COVID-AP.webp\",\"datePublished\":\"2026-03-05T10:47:05+00:00\",\"breadcrumb\":{\"@id\":\"https:\\\/\\\/www.eldiario.net\\\/portal\\\/2026\\\/03\\\/05\\\/investigacion-sobre-covid-19-llega-a-ultimo-dia-agridulce\\\/#breadcrumb\"},\"inLanguage\":\"es\",\"potentialAction\":[{\"@type\":\"ReadAction\",\"target\":[\"https:\\\/\\\/www.eldiario.net\\\/portal\\\/2026\\\/03\\\/05\\\/investigacion-sobre-covid-19-llega-a-ultimo-dia-agridulce\\\/\"]}]},{\"@type\":\"ImageObject\",\"inLanguage\":\"es\",\"@id\":\"https:\\\/\\\/www.eldiario.net\\\/portal\\\/2026\\\/03\\\/05\\\/investigacion-sobre-covid-19-llega-a-ultimo-dia-agridulce\\\/#primaryimage\",\"url\":\"https:\\\/\\\/www.eldiario.net\\\/portal\\\/wp-content\\\/uploads\\\/2026\\\/03\\\/COVID-AP.webp\",\"contentUrl\":\"https:\\\/\\\/www.eldiario.net\\\/portal\\\/wp-content\\\/uploads\\\/2026\\\/03\\\/COVID-AP.webp\",\"width\":620,\"height\":496,\"caption\":\"El costo de 203,98 millones de libras para investigaci\u00f3n fue criticado por Alianza de Contribuyentes. CREDITO: AP\"},{\"@type\":\"BreadcrumbList\",\"@id\":\"https:\\\/\\\/www.eldiario.net\\\/portal\\\/2026\\\/03\\\/05\\\/investigacion-sobre-covid-19-llega-a-ultimo-dia-agridulce\\\/#breadcrumb\",\"itemListElement\":[{\"@type\":\"ListItem\",\"position\":1,\"name\":\"Portada\",\"item\":\"https:\\\/\\\/www.eldiario.net\\\/portal\\\/\"},{\"@type\":\"ListItem\",\"position\":2,\"name\":\"Investigaci\u00f3n sobre Covid-19 llega a \u00faltimo d\u00eda \u201cagridulce\u201d\"}]},{\"@type\":\"WebSite\",\"@id\":\"https:\\\/\\\/www.eldiario.net\\\/portal\\\/#website\",\"url\":\"https:\\\/\\\/www.eldiario.net\\\/portal\\\/\",\"name\":\"El Diario - Decano de la prensa nacional\",\"description\":\"El Diario - Decano de la prensa nacional\",\"publisher\":{\"@id\":\"https:\\\/\\\/www.eldiario.net\\\/portal\\\/#organization\"},\"potentialAction\":[{\"@type\":\"SearchAction\",\"target\":{\"@type\":\"EntryPoint\",\"urlTemplate\":\"https:\\\/\\\/www.eldiario.net\\\/portal\\\/?s={search_term_string}\"},\"query-input\":{\"@type\":\"PropertyValueSpecification\",\"valueRequired\":true,\"valueName\":\"search_term_string\"}}],\"inLanguage\":\"es\"},{\"@type\":\"Organization\",\"@id\":\"https:\\\/\\\/www.eldiario.net\\\/portal\\\/#organization\",\"name\":\"El Diario - Decano de la prensa nacional\",\"url\":\"https:\\\/\\\/www.eldiario.net\\\/portal\\\/\",\"logo\":{\"@type\":\"ImageObject\",\"inLanguage\":\"es\",\"@id\":\"https:\\\/\\\/www.eldiario.net\\\/portal\\\/#\\\/schema\\\/logo\\\/image\\\/\",\"url\":\"https:\\\/\\\/www.eldiario.net\\\/portal\\\/wp-content\\\/uploads\\\/2023\\\/07\\\/logo_ED.jpg\",\"contentUrl\":\"https:\\\/\\\/www.eldiario.net\\\/portal\\\/wp-content\\\/uploads\\\/2023\\\/07\\\/logo_ED.jpg\",\"width\":272,\"height\":52,\"caption\":\"El Diario - Decano de la prensa nacional\"},\"image\":{\"@id\":\"https:\\\/\\\/www.eldiario.net\\\/portal\\\/#\\\/schema\\\/logo\\\/image\\\/\"},\"sameAs\":[\"https:\\\/\\\/www.facebook.com\\\/eldiario.bolivia\\\/\",\"https:\\\/\\\/x.com\\\/eldiario_net\"]},{\"@type\":\"Person\",\"@id\":\"https:\\\/\\\/www.eldiario.net\\\/portal\\\/#\\\/schema\\\/person\\\/f46445640444750d7d753ccd04ae01b7\",\"name\":\"Jeanette\",\"image\":{\"@type\":\"ImageObject\",\"inLanguage\":\"es\",\"@id\":\"https:\\\/\\\/secure.gravatar.com\\\/avatar\\\/3ea2118a5f7dad2b7138b1187a6b7ee55f160b9968b66013c3a3ef39dd7e5798?s=96&d=mm&r=g\",\"url\":\"https:\\\/\\\/secure.gravatar.com\\\/avatar\\\/3ea2118a5f7dad2b7138b1187a6b7ee55f160b9968b66013c3a3ef39dd7e5798?s=96&d=mm&r=g\",\"contentUrl\":\"https:\\\/\\\/secure.gravatar.com\\\/avatar\\\/3ea2118a5f7dad2b7138b1187a6b7ee55f160b9968b66013c3a3ef39dd7e5798?s=96&d=mm&r=g\",\"caption\":\"Jeanette\"},\"sameAs\":[\"https:\\\/\\\/www.eldiario.net\\\/portal\"],\"url\":\"https:\\\/\\\/www.eldiario.net\\\/portal\\\/author\\\/jeanette\\\/\"}]}<\/script>\n<!-- \/ Yoast SEO plugin. -->","yoast_head_json":{"title":"Investigaci\u00f3n sobre Covid-19 llega a \u00faltimo d\u00eda \u201cagridulce\u201d - El Diario - Bolivia","robots":{"index":"index","follow":"follow","max-snippet":"max-snippet:-1","max-image-preview":"max-image-preview:large","max-video-preview":"max-video-preview:-1"},"canonical":"https:\/\/www.eldiario.net\/portal\/2026\/03\/05\/investigacion-sobre-covid-19-llega-a-ultimo-dia-agridulce\/","og_locale":"es_ES","og_type":"article","og_title":"Investigaci\u00f3n sobre Covid-19 llega a \u00faltimo d\u00eda \u201cagridulce\u201d - El Diario - Bolivia","og_description":"Las familias en duelo marcaron el \u00faltimo d\u00eda de testimonios de testigos en la larga investigaci\u00f3n sobre la Covid-19 diciendo que la \u00abincompetencia, el caos y la insensibilidad del gobierno ahora son de dominio p\u00fablico\u00bb. Matt Fowler, cofundador de covid-19 Bereaved Families for Justice UK (Cbffj), inst\u00f3 a los funcionarios a utilizar la investigaci\u00f3n como [&hellip;]","og_url":"https:\/\/www.eldiario.net\/portal\/2026\/03\/05\/investigacion-sobre-covid-19-llega-a-ultimo-dia-agridulce\/","og_site_name":"El Diario - Bolivia","article_publisher":"https:\/\/www.facebook.com\/eldiario.bolivia\/","article_published_time":"2026-03-05T10:47:05+00:00","og_image":[{"width":620,"height":496,"url":"https:\/\/www.eldiario.net\/portal\/wp-content\/uploads\/2026\/03\/COVID-AP.webp","type":"image\/webp"}],"author":"Jeanette","twitter_card":"summary_large_image","twitter_creator":"@eldiario_net","twitter_site":"@eldiario_net","twitter_misc":{"Escrito por":"Jeanette","Tiempo de lectura":"5 minutos"},"schema":{"@context":"https:\/\/schema.org","@graph":[{"@type":"Article","@id":"https:\/\/www.eldiario.net\/portal\/2026\/03\/05\/investigacion-sobre-covid-19-llega-a-ultimo-dia-agridulce\/#article","isPartOf":{"@id":"https:\/\/www.eldiario.net\/portal\/2026\/03\/05\/investigacion-sobre-covid-19-llega-a-ultimo-dia-agridulce\/"},"author":{"name":"Jeanette","@id":"https:\/\/www.eldiario.net\/portal\/#\/schema\/person\/f46445640444750d7d753ccd04ae01b7"},"headline":"Investigaci\u00f3n sobre Covid-19 llega a \u00faltimo d\u00eda \u201cagridulce\u201d","datePublished":"2026-03-05T10:47:05+00:00","mainEntityOfPage":{"@id":"https:\/\/www.eldiario.net\/portal\/2026\/03\/05\/investigacion-sobre-covid-19-llega-a-ultimo-dia-agridulce\/"},"wordCount":959,"publisher":{"@id":"https:\/\/www.eldiario.net\/portal\/#organization"},"image":{"@id":"https:\/\/www.eldiario.net\/portal\/2026\/03\/05\/investigacion-sobre-covid-19-llega-a-ultimo-dia-agridulce\/#primaryimage"},"thumbnailUrl":"https:\/\/www.eldiario.net\/portal\/wp-content\/uploads\/2026\/03\/COVID-AP.webp","articleSection":["Internacional"],"inLanguage":"es"},{"@type":"WebPage","@id":"https:\/\/www.eldiario.net\/portal\/2026\/03\/05\/investigacion-sobre-covid-19-llega-a-ultimo-dia-agridulce\/","url":"https:\/\/www.eldiario.net\/portal\/2026\/03\/05\/investigacion-sobre-covid-19-llega-a-ultimo-dia-agridulce\/","name":"Investigaci\u00f3n sobre Covid-19 llega a \u00faltimo d\u00eda \u201cagridulce\u201d - El Diario - Bolivia","isPartOf":{"@id":"https:\/\/www.eldiario.net\/portal\/#website"},"primaryImageOfPage":{"@id":"https:\/\/www.eldiario.net\/portal\/2026\/03\/05\/investigacion-sobre-covid-19-llega-a-ultimo-dia-agridulce\/#primaryimage"},"image":{"@id":"https:\/\/www.eldiario.net\/portal\/2026\/03\/05\/investigacion-sobre-covid-19-llega-a-ultimo-dia-agridulce\/#primaryimage"},"thumbnailUrl":"https:\/\/www.eldiario.net\/portal\/wp-content\/uploads\/2026\/03\/COVID-AP.webp","datePublished":"2026-03-05T10:47:05+00:00","breadcrumb":{"@id":"https:\/\/www.eldiario.net\/portal\/2026\/03\/05\/investigacion-sobre-covid-19-llega-a-ultimo-dia-agridulce\/#breadcrumb"},"inLanguage":"es","potentialAction":[{"@type":"ReadAction","target":["https:\/\/www.eldiario.net\/portal\/2026\/03\/05\/investigacion-sobre-covid-19-llega-a-ultimo-dia-agridulce\/"]}]},{"@type":"ImageObject","inLanguage":"es","@id":"https:\/\/www.eldiario.net\/portal\/2026\/03\/05\/investigacion-sobre-covid-19-llega-a-ultimo-dia-agridulce\/#primaryimage","url":"https:\/\/www.eldiario.net\/portal\/wp-content\/uploads\/2026\/03\/COVID-AP.webp","contentUrl":"https:\/\/www.eldiario.net\/portal\/wp-content\/uploads\/2026\/03\/COVID-AP.webp","width":620,"height":496,"caption":"El costo de 203,98 millones de libras para investigaci\u00f3n fue criticado por Alianza de Contribuyentes. CREDITO: AP"},{"@type":"BreadcrumbList","@id":"https:\/\/www.eldiario.net\/portal\/2026\/03\/05\/investigacion-sobre-covid-19-llega-a-ultimo-dia-agridulce\/#breadcrumb","itemListElement":[{"@type":"ListItem","position":1,"name":"Portada","item":"https:\/\/www.eldiario.net\/portal\/"},{"@type":"ListItem","position":2,"name":"Investigaci\u00f3n sobre Covid-19 llega a \u00faltimo d\u00eda \u201cagridulce\u201d"}]},{"@type":"WebSite","@id":"https:\/\/www.eldiario.net\/portal\/#website","url":"https:\/\/www.eldiario.net\/portal\/","name":"El Diario - Decano de la prensa nacional","description":"El Diario - Decano de la prensa nacional","publisher":{"@id":"https:\/\/www.eldiario.net\/portal\/#organization"},"potentialAction":[{"@type":"SearchAction","target":{"@type":"EntryPoint","urlTemplate":"https:\/\/www.eldiario.net\/portal\/?s={search_term_string}"},"query-input":{"@type":"PropertyValueSpecification","valueRequired":true,"valueName":"search_term_string"}}],"inLanguage":"es"},{"@type":"Organization","@id":"https:\/\/www.eldiario.net\/portal\/#organization","name":"El Diario - Decano de la prensa nacional","url":"https:\/\/www.eldiario.net\/portal\/","logo":{"@type":"ImageObject","inLanguage":"es","@id":"https:\/\/www.eldiario.net\/portal\/#\/schema\/logo\/image\/","url":"https:\/\/www.eldiario.net\/portal\/wp-content\/uploads\/2023\/07\/logo_ED.jpg","contentUrl":"https:\/\/www.eldiario.net\/portal\/wp-content\/uploads\/2023\/07\/logo_ED.jpg","width":272,"height":52,"caption":"El Diario - Decano de la prensa nacional"},"image":{"@id":"https:\/\/www.eldiario.net\/portal\/#\/schema\/logo\/image\/"},"sameAs":["https:\/\/www.facebook.com\/eldiario.bolivia\/","https:\/\/x.com\/eldiario_net"]},{"@type":"Person","@id":"https:\/\/www.eldiario.net\/portal\/#\/schema\/person\/f46445640444750d7d753ccd04ae01b7","name":"Jeanette","image":{"@type":"ImageObject","inLanguage":"es","@id":"https:\/\/secure.gravatar.com\/avatar\/3ea2118a5f7dad2b7138b1187a6b7ee55f160b9968b66013c3a3ef39dd7e5798?s=96&d=mm&r=g","url":"https:\/\/secure.gravatar.com\/avatar\/3ea2118a5f7dad2b7138b1187a6b7ee55f160b9968b66013c3a3ef39dd7e5798?s=96&d=mm&r=g","contentUrl":"https:\/\/secure.gravatar.com\/avatar\/3ea2118a5f7dad2b7138b1187a6b7ee55f160b9968b66013c3a3ef39dd7e5798?s=96&d=mm&r=g","caption":"Jeanette"},"sameAs":["https:\/\/www.eldiario.net\/portal"],"url":"https:\/\/www.eldiario.net\/portal\/author\/jeanette\/"}]}},"_links":{"self":[{"href":"https:\/\/www.eldiario.net\/portal\/wp-json\/wp\/v2\/posts\/373348","targetHints":{"allow":["GET"]}}],"collection":[{"href":"https:\/\/www.eldiario.net\/portal\/wp-json\/wp\/v2\/posts"}],"about":[{"href":"https:\/\/www.eldiario.net\/portal\/wp-json\/wp\/v2\/types\/post"}],"author":[{"embeddable":true,"href":"https:\/\/www.eldiario.net\/portal\/wp-json\/wp\/v2\/users\/1"}],"replies":[{"embeddable":true,"href":"https:\/\/www.eldiario.net\/portal\/wp-json\/wp\/v2\/comments?post=373348"}],"version-history":[{"count":1,"href":"https:\/\/www.eldiario.net\/portal\/wp-json\/wp\/v2\/posts\/373348\/revisions"}],"predecessor-version":[{"id":373350,"href":"https:\/\/www.eldiario.net\/portal\/wp-json\/wp\/v2\/posts\/373348\/revisions\/373350"}],"wp:featuredmedia":[{"embeddable":true,"href":"https:\/\/www.eldiario.net\/portal\/wp-json\/wp\/v2\/media\/373349"}],"wp:attachment":[{"href":"https:\/\/www.eldiario.net\/portal\/wp-json\/wp\/v2\/media?parent=373348"}],"wp:term":[{"taxonomy":"category","embeddable":true,"href":"https:\/\/www.eldiario.net\/portal\/wp-json\/wp\/v2\/categories?post=373348"},{"taxonomy":"post_tag","embeddable":true,"href":"https:\/\/www.eldiario.net\/portal\/wp-json\/wp\/v2\/tags?post=373348"}],"curies":[{"name":"wp","href":"https:\/\/api.w.org\/{rel}","templated":true}]}}