{"id":373345,"date":"2026-03-05T06:46:33","date_gmt":"2026-03-05T10:46:33","guid":{"rendered":"https:\/\/www.eldiario.net\/portal\/?p=373345"},"modified":"2026-03-05T06:46:33","modified_gmt":"2026-03-05T10:46:33","slug":"estados-unidos-y-ecuador-lanzan-un-operativo-contra-narcotrafico","status":"publish","type":"post","link":"https:\/\/www.eldiario.net\/portal\/2026\/03\/05\/estados-unidos-y-ecuador-lanzan-un-operativo-contra-narcotrafico\/","title":{"rendered":"Estados Unidos y Ecuador lanzan  un operativo contra narcotr\u00e1fico"},"content":{"rendered":"<p>Las fuerzas militares de Ecuador y Estados Unidos iniciaron operaciones conjuntas dirigidas a grupos del crimen organizado, aunque los detalles espec\u00edficos sobre las acciones y su ubicaci\u00f3n se mantuvieron en estricta reserva hasta ayer.<\/p>\n<p>La noche del martes, el Comando Sur de Estados Unidos public\u00f3 un v\u00eddeo en su cuenta de X, mostrando un helic\u00f3ptero sobrevolando a un grupo de hombres. No se sabe si son militares ecuatorianos o grupos irregulares. Sin embargo, la grabaci\u00f3n se interrumpe sin aclarar si se trataba de efectivos ecuatorianos o de grupos irregulares, ni el desenlace de la situaci\u00f3n.<\/p>\n<p>Junto al material audiovisual, el organismo estadounidense confirm\u00f3 que las fuerzas militares de ambos pa\u00edses \u00ablanzaron operaciones contra organizaciones terroristas designadas en Ecuador\u00bb. Subray\u00f3 que estas acciones son un \u00abejemplo poderoso del compromiso de los socios en Am\u00e9rica Latina y el Caribe para combatir la lacra del narcoterrorismo\u00bb.<\/p>\n<p>El Comando Sur agreg\u00f3 que se est\u00e1n adoptando \u00abmedidas decisivas para enfrentarnos a los narcoterroristas que durante mucho tiempo infligieron terror, violencia y corrupci\u00f3n a los ciudadanos en todo el hemisferio\u00bb.<\/p>\n<p>Citando al jefe del Comando Sur, general Francis Donovan, el mensaje termin\u00f3 elogiando a los hombres y mujeres de las Fuerzas Armadas de Ecuador \u00abpor su compromiso inquebrantable con esta lucha, demostrando valor y determinaci\u00f3n a trav\u00e9s de acciones continuas contra los narco-terroristas\u201d.<\/p>\n<p>El general Henry Delgado, jefe del Comando Conjunto de Ecuador, se\u00f1al\u00f3 por su lado en un discurso que dio en un foro de seguridad en Quito que el martes se iniciaron \u201cunas operaciones y no vamos a amedrentarnos, no vamos a intimidarnos, ni nadie nos va a intimidar\u201d.<\/p>\n<p>\u201cEstamos seguros que lo que estamos haciendo es justamente en beneficio de nuestro amado Ecuador ahora que existe ese apoyo realmente de organismos internacionales y otros pa\u00edses; y lo vamos a hacer\u201d, se\u00f1al\u00f3 Delgado, quien no dio ning\u00fan detalle de las operaciones en suelo ecuatoriano a las que aludi\u00f3.<\/p>\n<p>The Associated Press pidi\u00f3 detalles sobre las operaciones conjuntas a la canciller\u00eda, al Ministerio del Interior y al Ministerio de Defensa, pero no obtuvo respuesta de inmediato.<\/p>\n<p>&nbsp;<\/p>\n<p>UNA RELACI\u00d3N ESTRECHA<\/p>\n<p>Desde que en noviembre de 2023 lleg\u00f3 al poder Daniel Noboa, de derecha e hijo del hombre m\u00e1s rico de Ecuador, el pa\u00eds sudamericano estrech\u00f3 relaciones con Estados Unidos, del cual recibi\u00f3 permanente apoyo en su lucha contra el crimen organizado.<\/p>\n<p>El anuncio de ambos gobiernos se produjo despu\u00e9s de que el lunes Noboa revelara que su gobierno hab\u00eda iniciado una nueva fase en la lucha contra el crimen organizado con acciones conjuntas con pa\u00edses aliados mientras Ecuador atraviesa una sostenida ola de violencia vinculada con el narcotr\u00e1fico, la miner\u00eda ilegal y otras actividades il\u00edcitas.<\/p>\n<p>\u201cEcuador exige seguridad, nuestro pueblo necesita vivir en paz\u201d, sostuvo Noboa, quien asever\u00f3 que en las operaciones intervendr\u00e1n militares y polic\u00edas.<\/p>\n<p>La semana pasada Noboa ratific\u00f3 la vigencia de un estado de excepci\u00f3n por 30 d\u00edas en nueve de las 24 provincias del pa\u00eds, entre ellas las m\u00e1s violentas como Guayas, Manab\u00ed y Los R\u00edos, que restringe derechos como la inviolabilidad de domicilio y correspondencia.<\/p>\n<p>A finales del a\u00f1o pasado Ecuador y Estados Unidos anunciaron acciones temporales conjuntas para fortalecer la lucha contra el narcotr\u00e1fico, especialmente en la ciudad portuaria de Manta, en el centro de la regi\u00f3n costera.<\/p>\n<p>Ecuador tambi\u00e9n mantiene buenas relaciones con Israel e Italia, entre otros pa\u00edses, que entregaron donaciones y suelen colaborar en temas de seguridad.<\/p>\n<p>El pa\u00eds es considerado por las autoridades como un centro log\u00edstico del narcotr\u00e1fico donde se acopia y distribuye la droga que ingresa especialmente desde la frontera norte con Colombia. Los alijos son transportados desde sus puertos hacia Centroam\u00e9rica, Estados Unidos y Europa.<\/p>\n<p>El gobierno ecuatoriano se\u00f1al\u00f3 en varias ocasiones que mediante acciones conjuntas con Estados Unidos logr\u00f3 detener env\u00edos de importantes cantidades de droga y tambi\u00e9n destac\u00f3 que ese pa\u00eds colabor\u00f3 con informaci\u00f3n para la lucha contra el crimen organizado.<\/p>\n<p>En 2025 Ecuador incaut\u00f3 214 toneladas de drogas, especialmente coca\u00edna, una cifra por debajo de las casi 295 toneladas decomisadas un a\u00f1o antes, seg\u00fan las autoridades.(Indepdent en Espa\u00f1ol)<\/p>\n<p>&nbsp;<\/p>\n","protected":false},"excerpt":{"rendered":"<p>Las fuerzas militares de Ecuador y Estados Unidos iniciaron operaciones conjuntas dirigidas a grupos del crimen organizado, aunque los detalles espec\u00edficos sobre las acciones y su ubicaci\u00f3n se mantuvieron en estricta reserva hasta ayer. La noche del martes, el Comando Sur de Estados Unidos public\u00f3 un v\u00eddeo en su cuenta de X, mostrando un helic\u00f3ptero [&hellip;]<\/p>\n","protected":false},"author":1,"featured_media":373346,"comment_status":"closed","ping_status":"open","sticky":false,"template":"","format":"standard","meta":{"_acf_changed":false,"footnotes":""},"categories":[3],"tags":[],"class_list":["post-373345","post","type-post","status-publish","format-standard","has-post-thumbnail","category-internacional"],"acf":{"antetitulo":""},"yoast_head":"<!-- This site is optimized with the Yoast SEO plugin v28.4 - https:\/\/yoast.com\/product\/yoast-seo-wordpress\/ -->\n<title>Estados Unidos y Ecuador lanzan un operativo contra narcotr\u00e1fico - El Diario - Bolivia<\/title>\n<meta name=\"robots\" content=\"index, follow, max-snippet:-1, max-image-preview:large, max-video-preview:-1\" \/>\n<link rel=\"canonical\" href=\"https:\/\/www.eldiario.net\/portal\/2026\/03\/05\/estados-unidos-y-ecuador-lanzan-un-operativo-contra-narcotrafico\/\" \/>\n<meta property=\"og:locale\" content=\"es_ES\" \/>\n<meta property=\"og:type\" content=\"article\" \/>\n<meta property=\"og:title\" content=\"Estados Unidos y Ecuador lanzan un operativo contra narcotr\u00e1fico - El Diario - Bolivia\" \/>\n<meta property=\"og:description\" content=\"Las fuerzas militares de Ecuador y Estados Unidos iniciaron operaciones conjuntas dirigidas a grupos del crimen organizado, aunque los detalles espec\u00edficos sobre las acciones y su ubicaci\u00f3n se mantuvieron en estricta reserva hasta ayer. La noche del martes, el Comando Sur de Estados Unidos public\u00f3 un v\u00eddeo en su cuenta de X, mostrando un helic\u00f3ptero [&hellip;]\" \/>\n<meta property=\"og:url\" content=\"https:\/\/www.eldiario.net\/portal\/2026\/03\/05\/estados-unidos-y-ecuador-lanzan-un-operativo-contra-narcotrafico\/\" \/>\n<meta property=\"og:site_name\" content=\"El Diario - Bolivia\" \/>\n<meta property=\"article:publisher\" content=\"https:\/\/www.facebook.com\/eldiario.bolivia\/\" \/>\n<meta property=\"article:published_time\" content=\"2026-03-05T10:46:33+00:00\" \/>\n<meta property=\"og:image\" content=\"https:\/\/www.eldiario.net\/portal\/wp-content\/uploads\/2026\/03\/ECUADOR-Reuters.webp\" \/>\n\t<meta property=\"og:image:width\" content=\"960\" \/>\n\t<meta property=\"og:image:height\" content=\"420\" \/>\n\t<meta property=\"og:image:type\" content=\"image\/webp\" \/>\n<meta name=\"author\" content=\"Jeanette\" \/>\n<meta name=\"twitter:card\" content=\"summary_large_image\" \/>\n<meta name=\"twitter:creator\" content=\"@eldiario_net\" \/>\n<meta name=\"twitter:site\" content=\"@eldiario_net\" \/>\n<meta name=\"twitter:label1\" content=\"Escrito por\" \/>\n\t<meta name=\"twitter:data1\" content=\"Jeanette\" \/>\n\t<meta name=\"twitter:label2\" content=\"Tiempo de lectura\" \/>\n\t<meta name=\"twitter:data2\" content=\"4 minutos\" \/>\n<script type=\"application\/ld+json\" class=\"yoast-schema-graph\">{\"@context\":\"https:\\\/\\\/schema.org\",\"@graph\":[{\"@type\":\"Article\",\"@id\":\"https:\\\/\\\/www.eldiario.net\\\/portal\\\/2026\\\/03\\\/05\\\/estados-unidos-y-ecuador-lanzan-un-operativo-contra-narcotrafico\\\/#article\",\"isPartOf\":{\"@id\":\"https:\\\/\\\/www.eldiario.net\\\/portal\\\/2026\\\/03\\\/05\\\/estados-unidos-y-ecuador-lanzan-un-operativo-contra-narcotrafico\\\/\"},\"author\":{\"name\":\"Jeanette\",\"@id\":\"https:\\\/\\\/www.eldiario.net\\\/portal\\\/#\\\/schema\\\/person\\\/2c57cf2b7a7ae032e449e4c9b1019eac\"},\"headline\":\"Estados Unidos y Ecuador lanzan un operativo contra narcotr\u00e1fico\",\"datePublished\":\"2026-03-05T10:46:33+00:00\",\"mainEntityOfPage\":{\"@id\":\"https:\\\/\\\/www.eldiario.net\\\/portal\\\/2026\\\/03\\\/05\\\/estados-unidos-y-ecuador-lanzan-un-operativo-contra-narcotrafico\\\/\"},\"wordCount\":726,\"publisher\":{\"@id\":\"https:\\\/\\\/www.eldiario.net\\\/portal\\\/#organization\"},\"image\":{\"@id\":\"https:\\\/\\\/www.eldiario.net\\\/portal\\\/2026\\\/03\\\/05\\\/estados-unidos-y-ecuador-lanzan-un-operativo-contra-narcotrafico\\\/#primaryimage\"},\"thumbnailUrl\":\"https:\\\/\\\/www.eldiario.net\\\/portal\\\/wp-content\\\/uploads\\\/2026\\\/03\\\/ECUADOR-Reuters.webp\",\"articleSection\":[\"Internacional\"],\"inLanguage\":\"es\"},{\"@type\":\"WebPage\",\"@id\":\"https:\\\/\\\/www.eldiario.net\\\/portal\\\/2026\\\/03\\\/05\\\/estados-unidos-y-ecuador-lanzan-un-operativo-contra-narcotrafico\\\/\",\"url\":\"https:\\\/\\\/www.eldiario.net\\\/portal\\\/2026\\\/03\\\/05\\\/estados-unidos-y-ecuador-lanzan-un-operativo-contra-narcotrafico\\\/\",\"name\":\"Estados Unidos y Ecuador lanzan un operativo contra narcotr\u00e1fico - El Diario - Bolivia\",\"isPartOf\":{\"@id\":\"https:\\\/\\\/www.eldiario.net\\\/portal\\\/#website\"},\"primaryImageOfPage\":{\"@id\":\"https:\\\/\\\/www.eldiario.net\\\/portal\\\/2026\\\/03\\\/05\\\/estados-unidos-y-ecuador-lanzan-un-operativo-contra-narcotrafico\\\/#primaryimage\"},\"image\":{\"@id\":\"https:\\\/\\\/www.eldiario.net\\\/portal\\\/2026\\\/03\\\/05\\\/estados-unidos-y-ecuador-lanzan-un-operativo-contra-narcotrafico\\\/#primaryimage\"},\"thumbnailUrl\":\"https:\\\/\\\/www.eldiario.net\\\/portal\\\/wp-content\\\/uploads\\\/2026\\\/03\\\/ECUADOR-Reuters.webp\",\"datePublished\":\"2026-03-05T10:46:33+00:00\",\"breadcrumb\":{\"@id\":\"https:\\\/\\\/www.eldiario.net\\\/portal\\\/2026\\\/03\\\/05\\\/estados-unidos-y-ecuador-lanzan-un-operativo-contra-narcotrafico\\\/#breadcrumb\"},\"inLanguage\":\"es\",\"potentialAction\":[{\"@type\":\"ReadAction\",\"target\":[\"https:\\\/\\\/www.eldiario.net\\\/portal\\\/2026\\\/03\\\/05\\\/estados-unidos-y-ecuador-lanzan-un-operativo-contra-narcotrafico\\\/\"]}]},{\"@type\":\"ImageObject\",\"inLanguage\":\"es\",\"@id\":\"https:\\\/\\\/www.eldiario.net\\\/portal\\\/2026\\\/03\\\/05\\\/estados-unidos-y-ecuador-lanzan-un-operativo-contra-narcotrafico\\\/#primaryimage\",\"url\":\"https:\\\/\\\/www.eldiario.net\\\/portal\\\/wp-content\\\/uploads\\\/2026\\\/03\\\/ECUADOR-Reuters.webp\",\"contentUrl\":\"https:\\\/\\\/www.eldiario.net\\\/portal\\\/wp-content\\\/uploads\\\/2026\\\/03\\\/ECUADOR-Reuters.webp\",\"width\":960,\"height\":420,\"caption\":\"Operativos contra el narcotr\u00e1fico en Guayaquil.(Archivo) CREDITO: Reuters\"},{\"@type\":\"BreadcrumbList\",\"@id\":\"https:\\\/\\\/www.eldiario.net\\\/portal\\\/2026\\\/03\\\/05\\\/estados-unidos-y-ecuador-lanzan-un-operativo-contra-narcotrafico\\\/#breadcrumb\",\"itemListElement\":[{\"@type\":\"ListItem\",\"position\":1,\"name\":\"Portada\",\"item\":\"https:\\\/\\\/www.eldiario.net\\\/portal\\\/\"},{\"@type\":\"ListItem\",\"position\":2,\"name\":\"Estados Unidos y Ecuador lanzan un operativo contra narcotr\u00e1fico\"}]},{\"@type\":\"WebSite\",\"@id\":\"https:\\\/\\\/www.eldiario.net\\\/portal\\\/#website\",\"url\":\"https:\\\/\\\/www.eldiario.net\\\/portal\\\/\",\"name\":\"El Diario - Decano de la prensa nacional\",\"description\":\"El Diario - Decano de la prensa nacional\",\"publisher\":{\"@id\":\"https:\\\/\\\/www.eldiario.net\\\/portal\\\/#organization\"},\"potentialAction\":[{\"@type\":\"SearchAction\",\"target\":{\"@type\":\"EntryPoint\",\"urlTemplate\":\"https:\\\/\\\/www.eldiario.net\\\/portal\\\/?s={search_term_string}\"},\"query-input\":{\"@type\":\"PropertyValueSpecification\",\"valueRequired\":true,\"valueName\":\"search_term_string\"}}],\"inLanguage\":\"es\"},{\"@type\":\"Organization\",\"@id\":\"https:\\\/\\\/www.eldiario.net\\\/portal\\\/#organization\",\"name\":\"El Diario - Decano de la prensa nacional\",\"url\":\"https:\\\/\\\/www.eldiario.net\\\/portal\\\/\",\"logo\":{\"@type\":\"ImageObject\",\"inLanguage\":\"es\",\"@id\":\"https:\\\/\\\/www.eldiario.net\\\/portal\\\/#\\\/schema\\\/logo\\\/image\\\/\",\"url\":\"https:\\\/\\\/www.eldiario.net\\\/portal\\\/wp-content\\\/uploads\\\/2023\\\/07\\\/logo_ED.jpg\",\"contentUrl\":\"https:\\\/\\\/www.eldiario.net\\\/portal\\\/wp-content\\\/uploads\\\/2023\\\/07\\\/logo_ED.jpg\",\"width\":272,\"height\":52,\"caption\":\"El Diario - Decano de la prensa nacional\"},\"image\":{\"@id\":\"https:\\\/\\\/www.eldiario.net\\\/portal\\\/#\\\/schema\\\/logo\\\/image\\\/\"},\"sameAs\":[\"https:\\\/\\\/www.facebook.com\\\/eldiario.bolivia\\\/\",\"https:\\\/\\\/x.com\\\/eldiario_net\"]},{\"@type\":\"Person\",\"@id\":\"https:\\\/\\\/www.eldiario.net\\\/portal\\\/#\\\/schema\\\/person\\\/2c57cf2b7a7ae032e449e4c9b1019eac\",\"name\":\"Jeanette\",\"image\":{\"@type\":\"ImageObject\",\"inLanguage\":\"es\",\"@id\":\"https:\\\/\\\/secure.gravatar.com\\\/avatar\\\/3ea2118a5f7dad2b7138b1187a6b7ee55f160b9968b66013c3a3ef39dd7e5798?s=96&d=mm&r=g\",\"url\":\"https:\\\/\\\/secure.gravatar.com\\\/avatar\\\/3ea2118a5f7dad2b7138b1187a6b7ee55f160b9968b66013c3a3ef39dd7e5798?s=96&d=mm&r=g\",\"contentUrl\":\"https:\\\/\\\/secure.gravatar.com\\\/avatar\\\/3ea2118a5f7dad2b7138b1187a6b7ee55f160b9968b66013c3a3ef39dd7e5798?s=96&d=mm&r=g\",\"caption\":\"Jeanette\"},\"sameAs\":[\"https:\\\/\\\/www.eldiario.net\\\/portal\"],\"url\":\"https:\\\/\\\/www.eldiario.net\\\/portal\\\/author\\\/jeanette\\\/\"}]}<\/script>\n<!-- \/ Yoast SEO plugin. -->","yoast_head_json":{"title":"Estados Unidos y Ecuador lanzan un operativo contra narcotr\u00e1fico - El Diario - Bolivia","robots":{"index":"index","follow":"follow","max-snippet":"max-snippet:-1","max-image-preview":"max-image-preview:large","max-video-preview":"max-video-preview:-1"},"canonical":"https:\/\/www.eldiario.net\/portal\/2026\/03\/05\/estados-unidos-y-ecuador-lanzan-un-operativo-contra-narcotrafico\/","og_locale":"es_ES","og_type":"article","og_title":"Estados Unidos y Ecuador lanzan un operativo contra narcotr\u00e1fico - El Diario - Bolivia","og_description":"Las fuerzas militares de Ecuador y Estados Unidos iniciaron operaciones conjuntas dirigidas a grupos del crimen organizado, aunque los detalles espec\u00edficos sobre las acciones y su ubicaci\u00f3n se mantuvieron en estricta reserva hasta ayer. La noche del martes, el Comando Sur de Estados Unidos public\u00f3 un v\u00eddeo en su cuenta de X, mostrando un helic\u00f3ptero [&hellip;]","og_url":"https:\/\/www.eldiario.net\/portal\/2026\/03\/05\/estados-unidos-y-ecuador-lanzan-un-operativo-contra-narcotrafico\/","og_site_name":"El Diario - Bolivia","article_publisher":"https:\/\/www.facebook.com\/eldiario.bolivia\/","article_published_time":"2026-03-05T10:46:33+00:00","og_image":[{"width":960,"height":420,"url":"https:\/\/www.eldiario.net\/portal\/wp-content\/uploads\/2026\/03\/ECUADOR-Reuters.webp","type":"image\/webp"}],"author":"Jeanette","twitter_card":"summary_large_image","twitter_creator":"@eldiario_net","twitter_site":"@eldiario_net","twitter_misc":{"Escrito por":"Jeanette","Tiempo de lectura":"4 minutos"},"schema":{"@context":"https:\/\/schema.org","@graph":[{"@type":"Article","@id":"https:\/\/www.eldiario.net\/portal\/2026\/03\/05\/estados-unidos-y-ecuador-lanzan-un-operativo-contra-narcotrafico\/#article","isPartOf":{"@id":"https:\/\/www.eldiario.net\/portal\/2026\/03\/05\/estados-unidos-y-ecuador-lanzan-un-operativo-contra-narcotrafico\/"},"author":{"name":"Jeanette","@id":"https:\/\/www.eldiario.net\/portal\/#\/schema\/person\/2c57cf2b7a7ae032e449e4c9b1019eac"},"headline":"Estados Unidos y Ecuador lanzan un operativo contra narcotr\u00e1fico","datePublished":"2026-03-05T10:46:33+00:00","mainEntityOfPage":{"@id":"https:\/\/www.eldiario.net\/portal\/2026\/03\/05\/estados-unidos-y-ecuador-lanzan-un-operativo-contra-narcotrafico\/"},"wordCount":726,"publisher":{"@id":"https:\/\/www.eldiario.net\/portal\/#organization"},"image":{"@id":"https:\/\/www.eldiario.net\/portal\/2026\/03\/05\/estados-unidos-y-ecuador-lanzan-un-operativo-contra-narcotrafico\/#primaryimage"},"thumbnailUrl":"https:\/\/www.eldiario.net\/portal\/wp-content\/uploads\/2026\/03\/ECUADOR-Reuters.webp","articleSection":["Internacional"],"inLanguage":"es"},{"@type":"WebPage","@id":"https:\/\/www.eldiario.net\/portal\/2026\/03\/05\/estados-unidos-y-ecuador-lanzan-un-operativo-contra-narcotrafico\/","url":"https:\/\/www.eldiario.net\/portal\/2026\/03\/05\/estados-unidos-y-ecuador-lanzan-un-operativo-contra-narcotrafico\/","name":"Estados Unidos y Ecuador lanzan un operativo contra narcotr\u00e1fico - El Diario - Bolivia","isPartOf":{"@id":"https:\/\/www.eldiario.net\/portal\/#website"},"primaryImageOfPage":{"@id":"https:\/\/www.eldiario.net\/portal\/2026\/03\/05\/estados-unidos-y-ecuador-lanzan-un-operativo-contra-narcotrafico\/#primaryimage"},"image":{"@id":"https:\/\/www.eldiario.net\/portal\/2026\/03\/05\/estados-unidos-y-ecuador-lanzan-un-operativo-contra-narcotrafico\/#primaryimage"},"thumbnailUrl":"https:\/\/www.eldiario.net\/portal\/wp-content\/uploads\/2026\/03\/ECUADOR-Reuters.webp","datePublished":"2026-03-05T10:46:33+00:00","breadcrumb":{"@id":"https:\/\/www.eldiario.net\/portal\/2026\/03\/05\/estados-unidos-y-ecuador-lanzan-un-operativo-contra-narcotrafico\/#breadcrumb"},"inLanguage":"es","potentialAction":[{"@type":"ReadAction","target":["https:\/\/www.eldiario.net\/portal\/2026\/03\/05\/estados-unidos-y-ecuador-lanzan-un-operativo-contra-narcotrafico\/"]}]},{"@type":"ImageObject","inLanguage":"es","@id":"https:\/\/www.eldiario.net\/portal\/2026\/03\/05\/estados-unidos-y-ecuador-lanzan-un-operativo-contra-narcotrafico\/#primaryimage","url":"https:\/\/www.eldiario.net\/portal\/wp-content\/uploads\/2026\/03\/ECUADOR-Reuters.webp","contentUrl":"https:\/\/www.eldiario.net\/portal\/wp-content\/uploads\/2026\/03\/ECUADOR-Reuters.webp","width":960,"height":420,"caption":"Operativos contra el narcotr\u00e1fico en Guayaquil.(Archivo) CREDITO: Reuters"},{"@type":"BreadcrumbList","@id":"https:\/\/www.eldiario.net\/portal\/2026\/03\/05\/estados-unidos-y-ecuador-lanzan-un-operativo-contra-narcotrafico\/#breadcrumb","itemListElement":[{"@type":"ListItem","position":1,"name":"Portada","item":"https:\/\/www.eldiario.net\/portal\/"},{"@type":"ListItem","position":2,"name":"Estados Unidos y Ecuador lanzan un operativo contra narcotr\u00e1fico"}]},{"@type":"WebSite","@id":"https:\/\/www.eldiario.net\/portal\/#website","url":"https:\/\/www.eldiario.net\/portal\/","name":"El Diario - Decano de la prensa nacional","description":"El Diario - Decano de la prensa nacional","publisher":{"@id":"https:\/\/www.eldiario.net\/portal\/#organization"},"potentialAction":[{"@type":"SearchAction","target":{"@type":"EntryPoint","urlTemplate":"https:\/\/www.eldiario.net\/portal\/?s={search_term_string}"},"query-input":{"@type":"PropertyValueSpecification","valueRequired":true,"valueName":"search_term_string"}}],"inLanguage":"es"},{"@type":"Organization","@id":"https:\/\/www.eldiario.net\/portal\/#organization","name":"El Diario - Decano de la prensa nacional","url":"https:\/\/www.eldiario.net\/portal\/","logo":{"@type":"ImageObject","inLanguage":"es","@id":"https:\/\/www.eldiario.net\/portal\/#\/schema\/logo\/image\/","url":"https:\/\/www.eldiario.net\/portal\/wp-content\/uploads\/2023\/07\/logo_ED.jpg","contentUrl":"https:\/\/www.eldiario.net\/portal\/wp-content\/uploads\/2023\/07\/logo_ED.jpg","width":272,"height":52,"caption":"El Diario - Decano de la prensa nacional"},"image":{"@id":"https:\/\/www.eldiario.net\/portal\/#\/schema\/logo\/image\/"},"sameAs":["https:\/\/www.facebook.com\/eldiario.bolivia\/","https:\/\/x.com\/eldiario_net"]},{"@type":"Person","@id":"https:\/\/www.eldiario.net\/portal\/#\/schema\/person\/2c57cf2b7a7ae032e449e4c9b1019eac","name":"Jeanette","image":{"@type":"ImageObject","inLanguage":"es","@id":"https:\/\/secure.gravatar.com\/avatar\/3ea2118a5f7dad2b7138b1187a6b7ee55f160b9968b66013c3a3ef39dd7e5798?s=96&d=mm&r=g","url":"https:\/\/secure.gravatar.com\/avatar\/3ea2118a5f7dad2b7138b1187a6b7ee55f160b9968b66013c3a3ef39dd7e5798?s=96&d=mm&r=g","contentUrl":"https:\/\/secure.gravatar.com\/avatar\/3ea2118a5f7dad2b7138b1187a6b7ee55f160b9968b66013c3a3ef39dd7e5798?s=96&d=mm&r=g","caption":"Jeanette"},"sameAs":["https:\/\/www.eldiario.net\/portal"],"url":"https:\/\/www.eldiario.net\/portal\/author\/jeanette\/"}]}},"_links":{"self":[{"href":"https:\/\/www.eldiario.net\/portal\/wp-json\/wp\/v2\/posts\/373345","targetHints":{"allow":["GET"]}}],"collection":[{"href":"https:\/\/www.eldiario.net\/portal\/wp-json\/wp\/v2\/posts"}],"about":[{"href":"https:\/\/www.eldiario.net\/portal\/wp-json\/wp\/v2\/types\/post"}],"author":[{"embeddable":true,"href":"https:\/\/www.eldiario.net\/portal\/wp-json\/wp\/v2\/users\/1"}],"replies":[{"embeddable":true,"href":"https:\/\/www.eldiario.net\/portal\/wp-json\/wp\/v2\/comments?post=373345"}],"version-history":[{"count":1,"href":"https:\/\/www.eldiario.net\/portal\/wp-json\/wp\/v2\/posts\/373345\/revisions"}],"predecessor-version":[{"id":373347,"href":"https:\/\/www.eldiario.net\/portal\/wp-json\/wp\/v2\/posts\/373345\/revisions\/373347"}],"wp:featuredmedia":[{"embeddable":true,"href":"https:\/\/www.eldiario.net\/portal\/wp-json\/wp\/v2\/media\/373346"}],"wp:attachment":[{"href":"https:\/\/www.eldiario.net\/portal\/wp-json\/wp\/v2\/media?parent=373345"}],"wp:term":[{"taxonomy":"category","embeddable":true,"href":"https:\/\/www.eldiario.net\/portal\/wp-json\/wp\/v2\/categories?post=373345"},{"taxonomy":"post_tag","embeddable":true,"href":"https:\/\/www.eldiario.net\/portal\/wp-json\/wp\/v2\/tags?post=373345"}],"curies":[{"name":"wp","href":"https:\/\/api.w.org\/{rel}","templated":true}]}}