{"id":373342,"date":"2026-03-05T06:46:00","date_gmt":"2026-03-05T10:46:00","guid":{"rendered":"https:\/\/www.eldiario.net\/portal\/?p=373342"},"modified":"2026-03-05T06:46:00","modified_gmt":"2026-03-05T10:46:00","slug":"sanchez-clama-no-a-la-guerra-y-pide-diplomacia-en-conflicto","status":"publish","type":"post","link":"https:\/\/www.eldiario.net\/portal\/2026\/03\/05\/sanchez-clama-no-a-la-guerra-y-pide-diplomacia-en-conflicto\/","title":{"rendered":"S\u00e1nchez clama \u00abno a la guerra\u00bb y pide diplomacia en conflicto"},"content":{"rendered":"<p>El presidente del Gobierno, Pedro S\u00e1nchez, defendi\u00f3 ayer el \u00abno a la guerra\u00bb y exigi\u00f3 una \u00absoluci\u00f3n diplom\u00e1tica\u00bb, porque asegur\u00f3 que \u00abno se puede responder a una ilegalidad con otra\u00bb. Adem\u00e1s, advirti\u00f3 de que es \u00abingenuo\u00bb pensar que \u00abpracticar seguidismo ciego y servil es liderar\u00bb.<\/p>\n<p>Lo se\u00f1al\u00f3 en una comparecencia institucional en el Palacio de la Moncloa ante la situaci\u00f3n en Oriente Medio y tras las amenazas del presidente estadounidense, Donald Trump, de \u00abcortar todo el comercio con Espa\u00f1a\u00bb, despu\u00e9s de que el Gobierno espa\u00f1ol anunciara que no permitir\u00eda que Washington utilizara las bases de Mor\u00f3n y Rota en su ofensiva contra Ir\u00e1n. Para Trump, Espa\u00f1a \u00abes un aliado terrible\u00bb.<\/p>\n<p>En una declaraci\u00f3n de unos diez minutos, sin preguntas, S\u00e1nchez afirm\u00f3 que la posici\u00f3n de Espa\u00f1a es \u00abclara y consistente\u00bb, y que \u00abse resume en cuatro palabras: No a la guerra\u00bb. Adem\u00e1s, subray\u00f3 que es la \u00abmisma\u00bb que la que ya ha expuesto con los guerras en Ucrania y en Gaza.<\/p>\n<p>En opini\u00f3n de S\u00e1nchez, \u00abno se puede responder a una ilegalidad con otra, porque as\u00ed es como empiezan los grandes desastres de la humanidad\u00bb, por lo que llam\u00f3 al \u00abcese de las hostilidades\u00bb y a \u00abuna resoluci\u00f3n diplom\u00e1tica del conflicto\u00bb.<\/p>\n<p>\u00abPorque Espa\u00f1a es un miembro pleno de la Uni\u00f3n Europea (UE), la OTAN y la comunidad internacional, esta crisis tambi\u00e9n nos afecta. Por eso, tenemos que exigir la resoluci\u00f3n a EEUU a Israel y a Ir\u00e1n para que paren antes de que sea demasiado tarde\u00bb, subray\u00f3.<\/p>\n<p>&nbsp;<\/p>\n<p>\u00abMIEDO A REPRESALIAS\u00bb<\/p>\n<p>Adem\u00e1s, S\u00e1nchez lanz\u00f3 tambi\u00e9n un aviso a Estados Unidos y es que Espa\u00f1a no ser\u00e1 \u00abc\u00f3mplice de algo malo para el mundo\u00bb, como es la guerra en Ir\u00e1n \u00absolo por el miedo a las presalias de alguno\u00bb.<\/p>\n<p>Pero al mismo tiempo quiso dejar claro que el Gobierno espa\u00f1ol est\u00e1 en contra del r\u00e9gimen de los ayatol\u00e1s. \u00abRepudiamos el r\u00e9gimen de Ir\u00e1n porque reprime y mata vilmente a sus ciudadanos, particularmente a las mujeres, pero a la vez rechazamos este conflicto y pedimos una soluci\u00f3n diplom\u00e1tica y pol\u00edtica\u00bb, insisti\u00f3.<\/p>\n<p>El jefe del Ejecutivo asegur\u00f3 tambi\u00e9n que Espa\u00f1a va a \u00abcolaborar con todos los pa\u00edses de la regi\u00f3n que abogan por la paz y el cumplimiento de la legalidad\u00bb, a los que prometi\u00f3 apoyar con \u00abrecursos diplom\u00e1ticos y materiales\u00bb, as\u00ed como tambi\u00e9n va a trabajar con sus \u00abaliados europeos\u00bb en una \u00abrespuesta coordinada y eficaz\u00bb.<\/p>\n<p>Asimismo, defendi\u00f3 que el Gobierno de Espa\u00f1a \u00abest\u00e1 con quienes tiene que estar\u00bb: \u00abCon los valores que nuestros padres y abuelos fijaron en nuestra Constituci\u00f3n, con los principios fundacionales de la UE, con la Carta de las Naciones Unidas, con el derecho internacional, con la paz, y con la coexistencia pac\u00edfica entre pa\u00edses y su convivencia\u00bb.<\/p>\n<p>En un mensaje en la red social X, S\u00e1nchez agradeci\u00f3 \u00ablas llamadas y mensajes de apoyo\u00bb que recibi\u00f3 de la presidenta de la Comisi\u00f3n Europea, Ursula von der Leyen; del presidente del Consejo Europeo, Antonio Costa y del presidente de Francia, Emmanuel Macron, y otros aliados, tras las amenazas de Trump.<\/p>\n<p>&nbsp;<\/p>\n<p>\u00abERRORES DEL PASADO\u00bb<\/p>\n<p>El presidente del Gobierno sostuvo que no se puede \u00abasumir que el mundo solo puede resolver los problemas con conflictos\u00bb, por lo que pidi\u00f3 \u00abno repetir los errores del pasado\u00bb. En este sentido, record\u00f3 la guerra de Irak, de la que se\u00f1al\u00f3 trajo \u00abun mundo m\u00e1s inseguro y una vida peor\u00bb.<\/p>\n<p>\u00abHace 23 a\u00f1os otra administraci\u00f3n estadounidense nos arrastr\u00f3 a una guerra en Oriente Medio, que en teor\u00eda se hizo para eliminar las armas de destrucci\u00f3n masiva de Sadam Hussein, llevar la democracia y garantizar la seguridad global, pero visto en perspectiva, produjo el efecto contrario: desencaden\u00f3 la mayor oleada de inseguridad en nuestro continente desde la ca\u00edda del Muro de Berl\u00edn\u00bb, se\u00f1al\u00f3.<\/p>\n<p>S\u00e1nchez incidi\u00f3 en que aquel conflicto \u00abgener\u00f3 un aumento dr\u00e1stico del terrorismo yihadista, una grave crisis migratoria en el Mediterr\u00e1neo oriental y un incremento generalizado de la energ\u00eda, y en definitiva, del coste de la vida\u00bb.<\/p>\n<p>\u00abEse fue el regalo el tr\u00edo de las Azores, un mundo m\u00e1s inseguro y una vida peor\u00bb, asegur\u00f3 en referencia a la Cumbre de las Azores celebrada en marzo de 2003, una reuni\u00f3n en la que los entonces jefes de Gobierno de Estados Unidos, George Bush; de Reino Unido, Tony Blair, y de Espa\u00f1a, Jos\u00e9 Mar\u00eda Aznar, lanzaron un ultim\u00e1tum al r\u00e9gimen iraqu\u00ed de Sadam Hussein para que se desarmara.<\/p>\n<p>D\u00edas despu\u00e9s, se produjo la invasi\u00f3n estadounidense de Irak, y Al Qaeda puso en el punto de mira a los tres pa\u00edses de la cumbre y cometi\u00f3 atentados en Estados Unidos en 2001 (11S), en Madrid en 2004 (11M), y en Londres en 2005 (7-J).<\/p>\n<p>&nbsp;<\/p>\n<p>ESTUDIA MEDIDAS<\/p>\n<p>Por otro lado, S\u00e1nchez garantiz\u00f3 que el Gobierno har\u00e1 \u00ablo mismo que ha hecho en otros conflictos\u00bb anteriores y asegur\u00f3 que est\u00e1 asistiendo a los espa\u00f1oles que est\u00e1n en Oriente Medio y desean regresar a nuestro pa\u00eds. \u00abNuestros compatriotas pueden tener la certeza de que vamos a protegerles y traerles de vuelta a casa\u00bb, afirm\u00f3.<\/p>\n<p>Tambi\u00e9n avanz\u00f3 que el Ejecutivo est\u00e1 estudiando posibles medidas para \u00abayudar a los hogares, a los trabajadores, a los aut\u00f3nomos y a las empresas a mitigar los impactos econ\u00f3micos de este conflicto\u00bb. En este sentido, indic\u00f3 que Espa\u00f1a cuenta con los \u00abrecursos necesarios para hacer frente a esta crisis\u00bb.<\/p>\n<p>&nbsp;<\/p>\n<p>POSICI\u00d3N SOBRE BASES<\/p>\n<p>Posteriormente, en una visita a Montoro (C\u00f3rdoba), la vicepresidenta primera del Gobierno y ministra de Hacienda, Mar\u00eda Jes\u00fas Montero, reiter\u00f3 que la posici\u00f3n del Ejecutivo es \u00abno autorizar que las bases militares de Rota (C\u00e1diz) y Mor\u00f3n de la Frontera (Sevilla) contribuyan a incrementar la escalada b\u00e9lica\u00bb, y pidi\u00f3 al presidente de la Junta de Andaluc\u00eda, Juanma Moreno, que \u00abrectifique\u00bb su posici\u00f3n y la del PP al respecto.<\/p>\n<p>\u00abSer\u00eda importante que Moreno Bonilla rectificara la posici\u00f3n que ha mantenido \u00e9l y el PP, que ha sido dar carta blanca a EEUU para que haga lo que crea conveniente con las bases sin contar con Espa\u00f1a ni con la Comisi\u00f3n europea\u00bb, reproch\u00f3, en declaraciones a los medios.<\/p>\n<p>Montero rechaz\u00f3 que Espa\u00f1a vaya a ser \u00abvasallo de nadie\u00bb, ni se va a dejar \u00abamenazar\u00bb. \u00abVamos a defender lo que creemos. Creemos en unos valores que tienen el dialogo como bandera, que huye de utilizar la fuerza bruta de la guerra para solucionar conflictos\u00bb, insisti\u00f3. Adem\u00e1s, pidi\u00f3 al \u00abprincipal partido de la oposici\u00f3n\u00bb que se mantenga del \u00ablado del Gobierno\u00bb, porque, a su juicio, eso har\u00eda \u00abm\u00e1s fuerte a Espa\u00f1a\u00bb.<\/p>\n<p>Al igual que S\u00e1nchez, la vicepresidenta del Gobierno defendi\u00f3 que Espa\u00f1a \u00absiempre ha estado del lado de la paz y el di\u00e1logo como \u00fanica f\u00f3rmula para encontrar la soluci\u00f3n a los problemas que tiene el mundo\u00bb. Asimismo reiter\u00f3 que el Ejecutivo esta en contra del Gobierno iran\u00ed y \u00absu falta de respeto a los derechos humanos\u00bb, pero advirti\u00f3 de que eso \u00abno es una justificaci\u00f3n para romper el orden internacional\u00bb.(RTVE)<\/p>\n","protected":false},"excerpt":{"rendered":"<p>El presidente del Gobierno, Pedro S\u00e1nchez, defendi\u00f3 ayer el \u00abno a la guerra\u00bb y exigi\u00f3 una \u00absoluci\u00f3n diplom\u00e1tica\u00bb, porque asegur\u00f3 que \u00abno se puede responder a una ilegalidad con otra\u00bb. Adem\u00e1s, advirti\u00f3 de que es \u00abingenuo\u00bb pensar que \u00abpracticar seguidismo ciego y servil es liderar\u00bb. Lo se\u00f1al\u00f3 en una comparecencia institucional en el Palacio de [&hellip;]<\/p>\n","protected":false},"author":1,"featured_media":373343,"comment_status":"closed","ping_status":"open","sticky":false,"template":"","format":"standard","meta":{"_acf_changed":false,"footnotes":""},"categories":[3],"tags":[],"class_list":["post-373342","post","type-post","status-publish","format-standard","has-post-thumbnail","category-internacional"],"acf":{"antetitulo":"Espa\u00f1a"},"yoast_head":"<!-- This site is optimized with the Yoast SEO plugin v28.4 - https:\/\/yoast.com\/product\/yoast-seo-wordpress\/ -->\n<title>S\u00e1nchez clama &quot;no a la guerra&quot; y pide diplomacia en conflicto - El Diario - Bolivia<\/title>\n<meta name=\"robots\" content=\"index, follow, max-snippet:-1, max-image-preview:large, max-video-preview:-1\" \/>\n<link rel=\"canonical\" href=\"https:\/\/www.eldiario.net\/portal\/2026\/03\/05\/sanchez-clama-no-a-la-guerra-y-pide-diplomacia-en-conflicto\/\" \/>\n<meta property=\"og:locale\" content=\"es_ES\" \/>\n<meta property=\"og:type\" content=\"article\" \/>\n<meta property=\"og:title\" content=\"S\u00e1nchez clama &quot;no a la guerra&quot; y pide diplomacia en conflicto - El Diario - Bolivia\" \/>\n<meta property=\"og:description\" content=\"El presidente del Gobierno, Pedro S\u00e1nchez, defendi\u00f3 ayer el \u00abno a la guerra\u00bb y exigi\u00f3 una \u00absoluci\u00f3n diplom\u00e1tica\u00bb, porque asegur\u00f3 que \u00abno se puede responder a una ilegalidad con otra\u00bb. Adem\u00e1s, advirti\u00f3 de que es \u00abingenuo\u00bb pensar que \u00abpracticar seguidismo ciego y servil es liderar\u00bb. Lo se\u00f1al\u00f3 en una comparecencia institucional en el Palacio de [&hellip;]\" \/>\n<meta property=\"og:url\" content=\"https:\/\/www.eldiario.net\/portal\/2026\/03\/05\/sanchez-clama-no-a-la-guerra-y-pide-diplomacia-en-conflicto\/\" \/>\n<meta property=\"og:site_name\" content=\"El Diario - Bolivia\" \/>\n<meta property=\"article:publisher\" content=\"https:\/\/www.facebook.com\/eldiario.bolivia\/\" \/>\n<meta property=\"article:published_time\" content=\"2026-03-05T10:46:00+00:00\" \/>\n<meta property=\"og:image\" content=\"https:\/\/www.eldiario.net\/portal\/wp-content\/uploads\/2026\/03\/ESPANA-RTVE.webp\" \/>\n\t<meta property=\"og:image:width\" content=\"1280\" \/>\n\t<meta property=\"og:image:height\" content=\"720\" \/>\n\t<meta property=\"og:image:type\" content=\"image\/webp\" \/>\n<meta name=\"author\" content=\"Jeanette\" \/>\n<meta name=\"twitter:card\" content=\"summary_large_image\" \/>\n<meta name=\"twitter:creator\" content=\"@eldiario_net\" \/>\n<meta name=\"twitter:site\" content=\"@eldiario_net\" \/>\n<meta name=\"twitter:label1\" content=\"Escrito por\" \/>\n\t<meta name=\"twitter:data1\" content=\"Jeanette\" \/>\n\t<meta name=\"twitter:label2\" content=\"Tiempo de lectura\" \/>\n\t<meta name=\"twitter:data2\" content=\"6 minutos\" \/>\n<script type=\"application\/ld+json\" class=\"yoast-schema-graph\">{\"@context\":\"https:\\\/\\\/schema.org\",\"@graph\":[{\"@type\":\"Article\",\"@id\":\"https:\\\/\\\/www.eldiario.net\\\/portal\\\/2026\\\/03\\\/05\\\/sanchez-clama-no-a-la-guerra-y-pide-diplomacia-en-conflicto\\\/#article\",\"isPartOf\":{\"@id\":\"https:\\\/\\\/www.eldiario.net\\\/portal\\\/2026\\\/03\\\/05\\\/sanchez-clama-no-a-la-guerra-y-pide-diplomacia-en-conflicto\\\/\"},\"author\":{\"name\":\"Jeanette\",\"@id\":\"https:\\\/\\\/www.eldiario.net\\\/portal\\\/#\\\/schema\\\/person\\\/2c57cf2b7a7ae032e449e4c9b1019eac\"},\"headline\":\"S\u00e1nchez clama \u00abno a la guerra\u00bb y pide diplomacia en conflicto\",\"datePublished\":\"2026-03-05T10:46:00+00:00\",\"mainEntityOfPage\":{\"@id\":\"https:\\\/\\\/www.eldiario.net\\\/portal\\\/2026\\\/03\\\/05\\\/sanchez-clama-no-a-la-guerra-y-pide-diplomacia-en-conflicto\\\/\"},\"wordCount\":1256,\"publisher\":{\"@id\":\"https:\\\/\\\/www.eldiario.net\\\/portal\\\/#organization\"},\"image\":{\"@id\":\"https:\\\/\\\/www.eldiario.net\\\/portal\\\/2026\\\/03\\\/05\\\/sanchez-clama-no-a-la-guerra-y-pide-diplomacia-en-conflicto\\\/#primaryimage\"},\"thumbnailUrl\":\"https:\\\/\\\/www.eldiario.net\\\/portal\\\/wp-content\\\/uploads\\\/2026\\\/03\\\/ESPANA-RTVE.webp\",\"articleSection\":[\"Internacional\"],\"inLanguage\":\"es\"},{\"@type\":\"WebPage\",\"@id\":\"https:\\\/\\\/www.eldiario.net\\\/portal\\\/2026\\\/03\\\/05\\\/sanchez-clama-no-a-la-guerra-y-pide-diplomacia-en-conflicto\\\/\",\"url\":\"https:\\\/\\\/www.eldiario.net\\\/portal\\\/2026\\\/03\\\/05\\\/sanchez-clama-no-a-la-guerra-y-pide-diplomacia-en-conflicto\\\/\",\"name\":\"S\u00e1nchez clama \\\"no a la guerra\\\" y pide diplomacia en conflicto - El Diario - Bolivia\",\"isPartOf\":{\"@id\":\"https:\\\/\\\/www.eldiario.net\\\/portal\\\/#website\"},\"primaryImageOfPage\":{\"@id\":\"https:\\\/\\\/www.eldiario.net\\\/portal\\\/2026\\\/03\\\/05\\\/sanchez-clama-no-a-la-guerra-y-pide-diplomacia-en-conflicto\\\/#primaryimage\"},\"image\":{\"@id\":\"https:\\\/\\\/www.eldiario.net\\\/portal\\\/2026\\\/03\\\/05\\\/sanchez-clama-no-a-la-guerra-y-pide-diplomacia-en-conflicto\\\/#primaryimage\"},\"thumbnailUrl\":\"https:\\\/\\\/www.eldiario.net\\\/portal\\\/wp-content\\\/uploads\\\/2026\\\/03\\\/ESPANA-RTVE.webp\",\"datePublished\":\"2026-03-05T10:46:00+00:00\",\"breadcrumb\":{\"@id\":\"https:\\\/\\\/www.eldiario.net\\\/portal\\\/2026\\\/03\\\/05\\\/sanchez-clama-no-a-la-guerra-y-pide-diplomacia-en-conflicto\\\/#breadcrumb\"},\"inLanguage\":\"es\",\"potentialAction\":[{\"@type\":\"ReadAction\",\"target\":[\"https:\\\/\\\/www.eldiario.net\\\/portal\\\/2026\\\/03\\\/05\\\/sanchez-clama-no-a-la-guerra-y-pide-diplomacia-en-conflicto\\\/\"]}]},{\"@type\":\"ImageObject\",\"inLanguage\":\"es\",\"@id\":\"https:\\\/\\\/www.eldiario.net\\\/portal\\\/2026\\\/03\\\/05\\\/sanchez-clama-no-a-la-guerra-y-pide-diplomacia-en-conflicto\\\/#primaryimage\",\"url\":\"https:\\\/\\\/www.eldiario.net\\\/portal\\\/wp-content\\\/uploads\\\/2026\\\/03\\\/ESPANA-RTVE.webp\",\"contentUrl\":\"https:\\\/\\\/www.eldiario.net\\\/portal\\\/wp-content\\\/uploads\\\/2026\\\/03\\\/ESPANA-RTVE.webp\",\"width\":1280,\"height\":720,\"caption\":\"El presidente de Espa\u00f1a, Pedro S\u00e1nchez. CREDITO: RTVE\"},{\"@type\":\"BreadcrumbList\",\"@id\":\"https:\\\/\\\/www.eldiario.net\\\/portal\\\/2026\\\/03\\\/05\\\/sanchez-clama-no-a-la-guerra-y-pide-diplomacia-en-conflicto\\\/#breadcrumb\",\"itemListElement\":[{\"@type\":\"ListItem\",\"position\":1,\"name\":\"Portada\",\"item\":\"https:\\\/\\\/www.eldiario.net\\\/portal\\\/\"},{\"@type\":\"ListItem\",\"position\":2,\"name\":\"S\u00e1nchez clama \u00abno a la guerra\u00bb y pide diplomacia en conflicto\"}]},{\"@type\":\"WebSite\",\"@id\":\"https:\\\/\\\/www.eldiario.net\\\/portal\\\/#website\",\"url\":\"https:\\\/\\\/www.eldiario.net\\\/portal\\\/\",\"name\":\"El Diario - Decano de la prensa nacional\",\"description\":\"El Diario - Decano de la prensa nacional\",\"publisher\":{\"@id\":\"https:\\\/\\\/www.eldiario.net\\\/portal\\\/#organization\"},\"potentialAction\":[{\"@type\":\"SearchAction\",\"target\":{\"@type\":\"EntryPoint\",\"urlTemplate\":\"https:\\\/\\\/www.eldiario.net\\\/portal\\\/?s={search_term_string}\"},\"query-input\":{\"@type\":\"PropertyValueSpecification\",\"valueRequired\":true,\"valueName\":\"search_term_string\"}}],\"inLanguage\":\"es\"},{\"@type\":\"Organization\",\"@id\":\"https:\\\/\\\/www.eldiario.net\\\/portal\\\/#organization\",\"name\":\"El Diario - Decano de la prensa nacional\",\"url\":\"https:\\\/\\\/www.eldiario.net\\\/portal\\\/\",\"logo\":{\"@type\":\"ImageObject\",\"inLanguage\":\"es\",\"@id\":\"https:\\\/\\\/www.eldiario.net\\\/portal\\\/#\\\/schema\\\/logo\\\/image\\\/\",\"url\":\"https:\\\/\\\/www.eldiario.net\\\/portal\\\/wp-content\\\/uploads\\\/2023\\\/07\\\/logo_ED.jpg\",\"contentUrl\":\"https:\\\/\\\/www.eldiario.net\\\/portal\\\/wp-content\\\/uploads\\\/2023\\\/07\\\/logo_ED.jpg\",\"width\":272,\"height\":52,\"caption\":\"El Diario - Decano de la prensa nacional\"},\"image\":{\"@id\":\"https:\\\/\\\/www.eldiario.net\\\/portal\\\/#\\\/schema\\\/logo\\\/image\\\/\"},\"sameAs\":[\"https:\\\/\\\/www.facebook.com\\\/eldiario.bolivia\\\/\",\"https:\\\/\\\/x.com\\\/eldiario_net\"]},{\"@type\":\"Person\",\"@id\":\"https:\\\/\\\/www.eldiario.net\\\/portal\\\/#\\\/schema\\\/person\\\/2c57cf2b7a7ae032e449e4c9b1019eac\",\"name\":\"Jeanette\",\"image\":{\"@type\":\"ImageObject\",\"inLanguage\":\"es\",\"@id\":\"https:\\\/\\\/secure.gravatar.com\\\/avatar\\\/3ea2118a5f7dad2b7138b1187a6b7ee55f160b9968b66013c3a3ef39dd7e5798?s=96&d=mm&r=g\",\"url\":\"https:\\\/\\\/secure.gravatar.com\\\/avatar\\\/3ea2118a5f7dad2b7138b1187a6b7ee55f160b9968b66013c3a3ef39dd7e5798?s=96&d=mm&r=g\",\"contentUrl\":\"https:\\\/\\\/secure.gravatar.com\\\/avatar\\\/3ea2118a5f7dad2b7138b1187a6b7ee55f160b9968b66013c3a3ef39dd7e5798?s=96&d=mm&r=g\",\"caption\":\"Jeanette\"},\"sameAs\":[\"https:\\\/\\\/www.eldiario.net\\\/portal\"],\"url\":\"https:\\\/\\\/www.eldiario.net\\\/portal\\\/author\\\/jeanette\\\/\"}]}<\/script>\n<!-- \/ Yoast SEO plugin. -->","yoast_head_json":{"title":"S\u00e1nchez clama \"no a la guerra\" y pide diplomacia en conflicto - El Diario - Bolivia","robots":{"index":"index","follow":"follow","max-snippet":"max-snippet:-1","max-image-preview":"max-image-preview:large","max-video-preview":"max-video-preview:-1"},"canonical":"https:\/\/www.eldiario.net\/portal\/2026\/03\/05\/sanchez-clama-no-a-la-guerra-y-pide-diplomacia-en-conflicto\/","og_locale":"es_ES","og_type":"article","og_title":"S\u00e1nchez clama \"no a la guerra\" y pide diplomacia en conflicto - El Diario - Bolivia","og_description":"El presidente del Gobierno, Pedro S\u00e1nchez, defendi\u00f3 ayer el \u00abno a la guerra\u00bb y exigi\u00f3 una \u00absoluci\u00f3n diplom\u00e1tica\u00bb, porque asegur\u00f3 que \u00abno se puede responder a una ilegalidad con otra\u00bb. Adem\u00e1s, advirti\u00f3 de que es \u00abingenuo\u00bb pensar que \u00abpracticar seguidismo ciego y servil es liderar\u00bb. Lo se\u00f1al\u00f3 en una comparecencia institucional en el Palacio de [&hellip;]","og_url":"https:\/\/www.eldiario.net\/portal\/2026\/03\/05\/sanchez-clama-no-a-la-guerra-y-pide-diplomacia-en-conflicto\/","og_site_name":"El Diario - Bolivia","article_publisher":"https:\/\/www.facebook.com\/eldiario.bolivia\/","article_published_time":"2026-03-05T10:46:00+00:00","og_image":[{"width":1280,"height":720,"url":"https:\/\/www.eldiario.net\/portal\/wp-content\/uploads\/2026\/03\/ESPANA-RTVE.webp","type":"image\/webp"}],"author":"Jeanette","twitter_card":"summary_large_image","twitter_creator":"@eldiario_net","twitter_site":"@eldiario_net","twitter_misc":{"Escrito por":"Jeanette","Tiempo de lectura":"6 minutos"},"schema":{"@context":"https:\/\/schema.org","@graph":[{"@type":"Article","@id":"https:\/\/www.eldiario.net\/portal\/2026\/03\/05\/sanchez-clama-no-a-la-guerra-y-pide-diplomacia-en-conflicto\/#article","isPartOf":{"@id":"https:\/\/www.eldiario.net\/portal\/2026\/03\/05\/sanchez-clama-no-a-la-guerra-y-pide-diplomacia-en-conflicto\/"},"author":{"name":"Jeanette","@id":"https:\/\/www.eldiario.net\/portal\/#\/schema\/person\/2c57cf2b7a7ae032e449e4c9b1019eac"},"headline":"S\u00e1nchez clama \u00abno a la guerra\u00bb y pide diplomacia en conflicto","datePublished":"2026-03-05T10:46:00+00:00","mainEntityOfPage":{"@id":"https:\/\/www.eldiario.net\/portal\/2026\/03\/05\/sanchez-clama-no-a-la-guerra-y-pide-diplomacia-en-conflicto\/"},"wordCount":1256,"publisher":{"@id":"https:\/\/www.eldiario.net\/portal\/#organization"},"image":{"@id":"https:\/\/www.eldiario.net\/portal\/2026\/03\/05\/sanchez-clama-no-a-la-guerra-y-pide-diplomacia-en-conflicto\/#primaryimage"},"thumbnailUrl":"https:\/\/www.eldiario.net\/portal\/wp-content\/uploads\/2026\/03\/ESPANA-RTVE.webp","articleSection":["Internacional"],"inLanguage":"es"},{"@type":"WebPage","@id":"https:\/\/www.eldiario.net\/portal\/2026\/03\/05\/sanchez-clama-no-a-la-guerra-y-pide-diplomacia-en-conflicto\/","url":"https:\/\/www.eldiario.net\/portal\/2026\/03\/05\/sanchez-clama-no-a-la-guerra-y-pide-diplomacia-en-conflicto\/","name":"S\u00e1nchez clama \"no a la guerra\" y pide diplomacia en conflicto - El Diario - Bolivia","isPartOf":{"@id":"https:\/\/www.eldiario.net\/portal\/#website"},"primaryImageOfPage":{"@id":"https:\/\/www.eldiario.net\/portal\/2026\/03\/05\/sanchez-clama-no-a-la-guerra-y-pide-diplomacia-en-conflicto\/#primaryimage"},"image":{"@id":"https:\/\/www.eldiario.net\/portal\/2026\/03\/05\/sanchez-clama-no-a-la-guerra-y-pide-diplomacia-en-conflicto\/#primaryimage"},"thumbnailUrl":"https:\/\/www.eldiario.net\/portal\/wp-content\/uploads\/2026\/03\/ESPANA-RTVE.webp","datePublished":"2026-03-05T10:46:00+00:00","breadcrumb":{"@id":"https:\/\/www.eldiario.net\/portal\/2026\/03\/05\/sanchez-clama-no-a-la-guerra-y-pide-diplomacia-en-conflicto\/#breadcrumb"},"inLanguage":"es","potentialAction":[{"@type":"ReadAction","target":["https:\/\/www.eldiario.net\/portal\/2026\/03\/05\/sanchez-clama-no-a-la-guerra-y-pide-diplomacia-en-conflicto\/"]}]},{"@type":"ImageObject","inLanguage":"es","@id":"https:\/\/www.eldiario.net\/portal\/2026\/03\/05\/sanchez-clama-no-a-la-guerra-y-pide-diplomacia-en-conflicto\/#primaryimage","url":"https:\/\/www.eldiario.net\/portal\/wp-content\/uploads\/2026\/03\/ESPANA-RTVE.webp","contentUrl":"https:\/\/www.eldiario.net\/portal\/wp-content\/uploads\/2026\/03\/ESPANA-RTVE.webp","width":1280,"height":720,"caption":"El presidente de Espa\u00f1a, Pedro S\u00e1nchez. CREDITO: RTVE"},{"@type":"BreadcrumbList","@id":"https:\/\/www.eldiario.net\/portal\/2026\/03\/05\/sanchez-clama-no-a-la-guerra-y-pide-diplomacia-en-conflicto\/#breadcrumb","itemListElement":[{"@type":"ListItem","position":1,"name":"Portada","item":"https:\/\/www.eldiario.net\/portal\/"},{"@type":"ListItem","position":2,"name":"S\u00e1nchez clama \u00abno a la guerra\u00bb y pide diplomacia en conflicto"}]},{"@type":"WebSite","@id":"https:\/\/www.eldiario.net\/portal\/#website","url":"https:\/\/www.eldiario.net\/portal\/","name":"El Diario - Decano de la prensa nacional","description":"El Diario - Decano de la prensa nacional","publisher":{"@id":"https:\/\/www.eldiario.net\/portal\/#organization"},"potentialAction":[{"@type":"SearchAction","target":{"@type":"EntryPoint","urlTemplate":"https:\/\/www.eldiario.net\/portal\/?s={search_term_string}"},"query-input":{"@type":"PropertyValueSpecification","valueRequired":true,"valueName":"search_term_string"}}],"inLanguage":"es"},{"@type":"Organization","@id":"https:\/\/www.eldiario.net\/portal\/#organization","name":"El Diario - Decano de la prensa nacional","url":"https:\/\/www.eldiario.net\/portal\/","logo":{"@type":"ImageObject","inLanguage":"es","@id":"https:\/\/www.eldiario.net\/portal\/#\/schema\/logo\/image\/","url":"https:\/\/www.eldiario.net\/portal\/wp-content\/uploads\/2023\/07\/logo_ED.jpg","contentUrl":"https:\/\/www.eldiario.net\/portal\/wp-content\/uploads\/2023\/07\/logo_ED.jpg","width":272,"height":52,"caption":"El Diario - Decano de la prensa nacional"},"image":{"@id":"https:\/\/www.eldiario.net\/portal\/#\/schema\/logo\/image\/"},"sameAs":["https:\/\/www.facebook.com\/eldiario.bolivia\/","https:\/\/x.com\/eldiario_net"]},{"@type":"Person","@id":"https:\/\/www.eldiario.net\/portal\/#\/schema\/person\/2c57cf2b7a7ae032e449e4c9b1019eac","name":"Jeanette","image":{"@type":"ImageObject","inLanguage":"es","@id":"https:\/\/secure.gravatar.com\/avatar\/3ea2118a5f7dad2b7138b1187a6b7ee55f160b9968b66013c3a3ef39dd7e5798?s=96&d=mm&r=g","url":"https:\/\/secure.gravatar.com\/avatar\/3ea2118a5f7dad2b7138b1187a6b7ee55f160b9968b66013c3a3ef39dd7e5798?s=96&d=mm&r=g","contentUrl":"https:\/\/secure.gravatar.com\/avatar\/3ea2118a5f7dad2b7138b1187a6b7ee55f160b9968b66013c3a3ef39dd7e5798?s=96&d=mm&r=g","caption":"Jeanette"},"sameAs":["https:\/\/www.eldiario.net\/portal"],"url":"https:\/\/www.eldiario.net\/portal\/author\/jeanette\/"}]}},"_links":{"self":[{"href":"https:\/\/www.eldiario.net\/portal\/wp-json\/wp\/v2\/posts\/373342","targetHints":{"allow":["GET"]}}],"collection":[{"href":"https:\/\/www.eldiario.net\/portal\/wp-json\/wp\/v2\/posts"}],"about":[{"href":"https:\/\/www.eldiario.net\/portal\/wp-json\/wp\/v2\/types\/post"}],"author":[{"embeddable":true,"href":"https:\/\/www.eldiario.net\/portal\/wp-json\/wp\/v2\/users\/1"}],"replies":[{"embeddable":true,"href":"https:\/\/www.eldiario.net\/portal\/wp-json\/wp\/v2\/comments?post=373342"}],"version-history":[{"count":1,"href":"https:\/\/www.eldiario.net\/portal\/wp-json\/wp\/v2\/posts\/373342\/revisions"}],"predecessor-version":[{"id":373344,"href":"https:\/\/www.eldiario.net\/portal\/wp-json\/wp\/v2\/posts\/373342\/revisions\/373344"}],"wp:featuredmedia":[{"embeddable":true,"href":"https:\/\/www.eldiario.net\/portal\/wp-json\/wp\/v2\/media\/373343"}],"wp:attachment":[{"href":"https:\/\/www.eldiario.net\/portal\/wp-json\/wp\/v2\/media?parent=373342"}],"wp:term":[{"taxonomy":"category","embeddable":true,"href":"https:\/\/www.eldiario.net\/portal\/wp-json\/wp\/v2\/categories?post=373342"},{"taxonomy":"post_tag","embeddable":true,"href":"https:\/\/www.eldiario.net\/portal\/wp-json\/wp\/v2\/tags?post=373342"}],"curies":[{"name":"wp","href":"https:\/\/api.w.org\/{rel}","templated":true}]}}