{"id":373339,"date":"2026-03-05T06:45:26","date_gmt":"2026-03-05T10:45:26","guid":{"rendered":"https:\/\/www.eldiario.net\/portal\/?p=373339"},"modified":"2026-03-05T06:45:26","modified_gmt":"2026-03-05T10:45:26","slug":"ue-paraliza-acuerdo-comercial-con-eeuu-tras-anulacion-de-aranceles","status":"publish","type":"post","link":"https:\/\/www.eldiario.net\/portal\/2026\/03\/05\/ue-paraliza-acuerdo-comercial-con-eeuu-tras-anulacion-de-aranceles\/","title":{"rendered":"UE paraliza acuerdo comercial con EEUU tras anulaci\u00f3n de aranceles"},"content":{"rendered":"<p>El Parlamento Europeo decidi\u00f3 frenar el avance del acuerdo comercial entre la Uni\u00f3n Europea y Estados Unidos debido a la falta de garant\u00edas sobre el cumplimiento de los compromisos asumidos por Washington despu\u00e9s de que la Corte Suprema estadounidense anulara la mayor\u00eda de los aranceles impuestos por el presidente Donald Trump en abril de 2025. Esta decisi\u00f3n mantendr\u00e1 en suspenso un tratado que busca reorganizar los intercambios comerciales transatl\u00e1nticos. As\u00ed, los eurodiputados consideran insuficiente la informaci\u00f3n aportada por la administraci\u00f3n estadounidense sobre la implementaci\u00f3n de los t\u00e9rminos pactados.<\/p>\n<p>Los responsables del pacto se reunieron ayer para evaluar los \u00faltimos avances, concluyendo que no llevar\u00e1n el texto al voto del pleno en Estrasburgo la semana que viene. En lugar de someter el acuerdo a votaci\u00f3n, los parlamentarios aprovechar\u00e1n la sesi\u00f3n para mantener un encuentro con Maros Sefcovic, comisario europeo de Comercio, con el objetivo de obtener informaci\u00f3n actualizada sobre los contactos mantenidos entre Bruselas y Washington.<\/p>\n<p>&nbsp;<\/p>\n<p>CALENDARIO PENDIENTE<\/p>\n<p>El acuerdo, alcanzado entre Bruselas y el Gobierno de Trump en agosto del a\u00f1o pasado, estableci\u00f3 un arancel m\u00e1ximo del 15% para la mayor\u00eda de las importaciones de la Uni\u00f3n Europea hacia Estados Unidos, mientras que los Veintisiete se comprometieron a eliminar los aranceles sobre los bienes industriales estadounidenses. Estos compromisos europeos todav\u00eda no se implementaron, y los pa\u00edses est\u00e1n a la espera de que el Parlamento Europeo defina su postura negociadora y logre cerrar un consenso con los gobiernos de los Estados miembros.<\/p>\n<p>En el caso de que las reuniones vayan a buen t\u00e9rmino, la Comisi\u00f3n Europea pretende que los eurodiputados voten el acuerdo antes de finalizar marzo. En un principio, las autoridades comunitarias sostienen que la administraci\u00f3n estadounidense prometi\u00f3 respetar su parte del trato siempre que la UE cumpla la suya.<\/p>\n<p>De cumplirse todo el calendario, la comisi\u00f3n de Comercio Internacional del Parlamento Europeo podr\u00eda validar el acuerdo en la reuni\u00f3n programada para el 19 de marzo, permitiendo que el pleno lo someta a votaci\u00f3n los d\u00edas 25 y 26 de este mes en Bruselas.<\/p>\n<p>&nbsp;<\/p>\n<p>\u201cGRUPOS PROGRESISTAS\u201d<\/p>\n<p>El portavoz de Comercio del Partido Popular Europeo (PPE), el sueco Jorgen Warborn, afirm\u00f3 que su grupo \u201cse ha esforzado al m\u00e1ximo para dar soluciones para abordar posibles nuevos aranceles\u201d, mientras que la Uni\u00f3n Europea \u201crespeta su parte del trato\u201d. Sin embargo, Warbon lament\u00f3 que \u201clos grupos progresistas favorezcan una narrativa anti Trump antes que una proeuropea\u201d y advirti\u00f3 sobre el riesgo de \u201cuna nueva guerra comercial\u201d.(Infobae)<\/p>\n","protected":false},"excerpt":{"rendered":"<p>El Parlamento Europeo decidi\u00f3 frenar el avance del acuerdo comercial entre la Uni\u00f3n Europea y Estados Unidos debido a la falta de garant\u00edas sobre el cumplimiento de los compromisos asumidos por Washington despu\u00e9s de que la Corte Suprema estadounidense anulara la mayor\u00eda de los aranceles impuestos por el presidente Donald Trump en abril de 2025. [&hellip;]<\/p>\n","protected":false},"author":1,"featured_media":373340,"comment_status":"closed","ping_status":"open","sticky":false,"template":"","format":"standard","meta":{"_acf_changed":false,"footnotes":""},"categories":[3],"tags":[],"class_list":["post-373339","post","type-post","status-publish","format-standard","has-post-thumbnail","category-internacional"],"acf":{"antetitulo":""},"yoast_head":"<!-- This site is optimized with the Yoast SEO plugin v28.4 - https:\/\/yoast.com\/product\/yoast-seo-wordpress\/ -->\n<title>UE paraliza acuerdo comercial con EEUU tras anulaci\u00f3n de aranceles - El Diario - Bolivia<\/title>\n<meta name=\"robots\" content=\"index, follow, max-snippet:-1, max-image-preview:large, max-video-preview:-1\" \/>\n<link rel=\"canonical\" href=\"https:\/\/www.eldiario.net\/portal\/2026\/03\/05\/ue-paraliza-acuerdo-comercial-con-eeuu-tras-anulacion-de-aranceles\/\" \/>\n<meta property=\"og:locale\" content=\"es_ES\" \/>\n<meta property=\"og:type\" content=\"article\" \/>\n<meta property=\"og:title\" content=\"UE paraliza acuerdo comercial con EEUU tras anulaci\u00f3n de aranceles - El Diario - Bolivia\" \/>\n<meta property=\"og:description\" content=\"El Parlamento Europeo decidi\u00f3 frenar el avance del acuerdo comercial entre la Uni\u00f3n Europea y Estados Unidos debido a la falta de garant\u00edas sobre el cumplimiento de los compromisos asumidos por Washington despu\u00e9s de que la Corte Suprema estadounidense anulara la mayor\u00eda de los aranceles impuestos por el presidente Donald Trump en abril de 2025. [&hellip;]\" \/>\n<meta property=\"og:url\" content=\"https:\/\/www.eldiario.net\/portal\/2026\/03\/05\/ue-paraliza-acuerdo-comercial-con-eeuu-tras-anulacion-de-aranceles\/\" \/>\n<meta property=\"og:site_name\" content=\"El Diario - Bolivia\" \/>\n<meta property=\"article:publisher\" content=\"https:\/\/www.facebook.com\/eldiario.bolivia\/\" \/>\n<meta property=\"article:published_time\" content=\"2026-03-05T10:45:26+00:00\" \/>\n<meta property=\"og:image\" content=\"https:\/\/www.eldiario.net\/portal\/wp-content\/uploads\/2026\/03\/EUROPA-Infobae.webp\" \/>\n\t<meta property=\"og:image:width\" content=\"992\" \/>\n\t<meta property=\"og:image:height\" content=\"661\" \/>\n\t<meta property=\"og:image:type\" content=\"image\/webp\" \/>\n<meta name=\"author\" content=\"Jeanette\" \/>\n<meta name=\"twitter:card\" content=\"summary_large_image\" \/>\n<meta name=\"twitter:creator\" content=\"@eldiario_net\" \/>\n<meta name=\"twitter:site\" content=\"@eldiario_net\" \/>\n<meta name=\"twitter:label1\" content=\"Escrito por\" \/>\n\t<meta name=\"twitter:data1\" content=\"Jeanette\" \/>\n\t<meta name=\"twitter:label2\" content=\"Tiempo de lectura\" \/>\n\t<meta name=\"twitter:data2\" content=\"3 minutos\" \/>\n<script type=\"application\/ld+json\" class=\"yoast-schema-graph\">{\"@context\":\"https:\\\/\\\/schema.org\",\"@graph\":[{\"@type\":\"Article\",\"@id\":\"https:\\\/\\\/www.eldiario.net\\\/portal\\\/2026\\\/03\\\/05\\\/ue-paraliza-acuerdo-comercial-con-eeuu-tras-anulacion-de-aranceles\\\/#article\",\"isPartOf\":{\"@id\":\"https:\\\/\\\/www.eldiario.net\\\/portal\\\/2026\\\/03\\\/05\\\/ue-paraliza-acuerdo-comercial-con-eeuu-tras-anulacion-de-aranceles\\\/\"},\"author\":{\"name\":\"Jeanette\",\"@id\":\"https:\\\/\\\/www.eldiario.net\\\/portal\\\/#\\\/schema\\\/person\\\/2c57cf2b7a7ae032e449e4c9b1019eac\"},\"headline\":\"UE paraliza acuerdo comercial con EEUU tras anulaci\u00f3n de aranceles\",\"datePublished\":\"2026-03-05T10:45:26+00:00\",\"mainEntityOfPage\":{\"@id\":\"https:\\\/\\\/www.eldiario.net\\\/portal\\\/2026\\\/03\\\/05\\\/ue-paraliza-acuerdo-comercial-con-eeuu-tras-anulacion-de-aranceles\\\/\"},\"wordCount\":444,\"publisher\":{\"@id\":\"https:\\\/\\\/www.eldiario.net\\\/portal\\\/#organization\"},\"image\":{\"@id\":\"https:\\\/\\\/www.eldiario.net\\\/portal\\\/2026\\\/03\\\/05\\\/ue-paraliza-acuerdo-comercial-con-eeuu-tras-anulacion-de-aranceles\\\/#primaryimage\"},\"thumbnailUrl\":\"https:\\\/\\\/www.eldiario.net\\\/portal\\\/wp-content\\\/uploads\\\/2026\\\/03\\\/EUROPA-Infobae.webp\",\"articleSection\":[\"Internacional\"],\"inLanguage\":\"es\"},{\"@type\":\"WebPage\",\"@id\":\"https:\\\/\\\/www.eldiario.net\\\/portal\\\/2026\\\/03\\\/05\\\/ue-paraliza-acuerdo-comercial-con-eeuu-tras-anulacion-de-aranceles\\\/\",\"url\":\"https:\\\/\\\/www.eldiario.net\\\/portal\\\/2026\\\/03\\\/05\\\/ue-paraliza-acuerdo-comercial-con-eeuu-tras-anulacion-de-aranceles\\\/\",\"name\":\"UE paraliza acuerdo comercial con EEUU tras anulaci\u00f3n de aranceles - El Diario - Bolivia\",\"isPartOf\":{\"@id\":\"https:\\\/\\\/www.eldiario.net\\\/portal\\\/#website\"},\"primaryImageOfPage\":{\"@id\":\"https:\\\/\\\/www.eldiario.net\\\/portal\\\/2026\\\/03\\\/05\\\/ue-paraliza-acuerdo-comercial-con-eeuu-tras-anulacion-de-aranceles\\\/#primaryimage\"},\"image\":{\"@id\":\"https:\\\/\\\/www.eldiario.net\\\/portal\\\/2026\\\/03\\\/05\\\/ue-paraliza-acuerdo-comercial-con-eeuu-tras-anulacion-de-aranceles\\\/#primaryimage\"},\"thumbnailUrl\":\"https:\\\/\\\/www.eldiario.net\\\/portal\\\/wp-content\\\/uploads\\\/2026\\\/03\\\/EUROPA-Infobae.webp\",\"datePublished\":\"2026-03-05T10:45:26+00:00\",\"breadcrumb\":{\"@id\":\"https:\\\/\\\/www.eldiario.net\\\/portal\\\/2026\\\/03\\\/05\\\/ue-paraliza-acuerdo-comercial-con-eeuu-tras-anulacion-de-aranceles\\\/#breadcrumb\"},\"inLanguage\":\"es\",\"potentialAction\":[{\"@type\":\"ReadAction\",\"target\":[\"https:\\\/\\\/www.eldiario.net\\\/portal\\\/2026\\\/03\\\/05\\\/ue-paraliza-acuerdo-comercial-con-eeuu-tras-anulacion-de-aranceles\\\/\"]}]},{\"@type\":\"ImageObject\",\"inLanguage\":\"es\",\"@id\":\"https:\\\/\\\/www.eldiario.net\\\/portal\\\/2026\\\/03\\\/05\\\/ue-paraliza-acuerdo-comercial-con-eeuu-tras-anulacion-de-aranceles\\\/#primaryimage\",\"url\":\"https:\\\/\\\/www.eldiario.net\\\/portal\\\/wp-content\\\/uploads\\\/2026\\\/03\\\/EUROPA-Infobae.webp\",\"contentUrl\":\"https:\\\/\\\/www.eldiario.net\\\/portal\\\/wp-content\\\/uploads\\\/2026\\\/03\\\/EUROPA-Infobae.webp\",\"width\":992,\"height\":661,\"caption\":\"Parlamento Europeo frena avance del acuerdo comercial entre la UE y Estados Unidos. CREDITO: Europa Press\"},{\"@type\":\"BreadcrumbList\",\"@id\":\"https:\\\/\\\/www.eldiario.net\\\/portal\\\/2026\\\/03\\\/05\\\/ue-paraliza-acuerdo-comercial-con-eeuu-tras-anulacion-de-aranceles\\\/#breadcrumb\",\"itemListElement\":[{\"@type\":\"ListItem\",\"position\":1,\"name\":\"Portada\",\"item\":\"https:\\\/\\\/www.eldiario.net\\\/portal\\\/\"},{\"@type\":\"ListItem\",\"position\":2,\"name\":\"UE paraliza acuerdo comercial con EEUU tras anulaci\u00f3n de aranceles\"}]},{\"@type\":\"WebSite\",\"@id\":\"https:\\\/\\\/www.eldiario.net\\\/portal\\\/#website\",\"url\":\"https:\\\/\\\/www.eldiario.net\\\/portal\\\/\",\"name\":\"El Diario - Decano de la prensa nacional\",\"description\":\"El Diario - Decano de la prensa nacional\",\"publisher\":{\"@id\":\"https:\\\/\\\/www.eldiario.net\\\/portal\\\/#organization\"},\"potentialAction\":[{\"@type\":\"SearchAction\",\"target\":{\"@type\":\"EntryPoint\",\"urlTemplate\":\"https:\\\/\\\/www.eldiario.net\\\/portal\\\/?s={search_term_string}\"},\"query-input\":{\"@type\":\"PropertyValueSpecification\",\"valueRequired\":true,\"valueName\":\"search_term_string\"}}],\"inLanguage\":\"es\"},{\"@type\":\"Organization\",\"@id\":\"https:\\\/\\\/www.eldiario.net\\\/portal\\\/#organization\",\"name\":\"El Diario - Decano de la prensa nacional\",\"url\":\"https:\\\/\\\/www.eldiario.net\\\/portal\\\/\",\"logo\":{\"@type\":\"ImageObject\",\"inLanguage\":\"es\",\"@id\":\"https:\\\/\\\/www.eldiario.net\\\/portal\\\/#\\\/schema\\\/logo\\\/image\\\/\",\"url\":\"https:\\\/\\\/www.eldiario.net\\\/portal\\\/wp-content\\\/uploads\\\/2023\\\/07\\\/logo_ED.jpg\",\"contentUrl\":\"https:\\\/\\\/www.eldiario.net\\\/portal\\\/wp-content\\\/uploads\\\/2023\\\/07\\\/logo_ED.jpg\",\"width\":272,\"height\":52,\"caption\":\"El Diario - Decano de la prensa nacional\"},\"image\":{\"@id\":\"https:\\\/\\\/www.eldiario.net\\\/portal\\\/#\\\/schema\\\/logo\\\/image\\\/\"},\"sameAs\":[\"https:\\\/\\\/www.facebook.com\\\/eldiario.bolivia\\\/\",\"https:\\\/\\\/x.com\\\/eldiario_net\"]},{\"@type\":\"Person\",\"@id\":\"https:\\\/\\\/www.eldiario.net\\\/portal\\\/#\\\/schema\\\/person\\\/2c57cf2b7a7ae032e449e4c9b1019eac\",\"name\":\"Jeanette\",\"image\":{\"@type\":\"ImageObject\",\"inLanguage\":\"es\",\"@id\":\"https:\\\/\\\/secure.gravatar.com\\\/avatar\\\/3ea2118a5f7dad2b7138b1187a6b7ee55f160b9968b66013c3a3ef39dd7e5798?s=96&d=mm&r=g\",\"url\":\"https:\\\/\\\/secure.gravatar.com\\\/avatar\\\/3ea2118a5f7dad2b7138b1187a6b7ee55f160b9968b66013c3a3ef39dd7e5798?s=96&d=mm&r=g\",\"contentUrl\":\"https:\\\/\\\/secure.gravatar.com\\\/avatar\\\/3ea2118a5f7dad2b7138b1187a6b7ee55f160b9968b66013c3a3ef39dd7e5798?s=96&d=mm&r=g\",\"caption\":\"Jeanette\"},\"sameAs\":[\"https:\\\/\\\/www.eldiario.net\\\/portal\"],\"url\":\"https:\\\/\\\/www.eldiario.net\\\/portal\\\/author\\\/jeanette\\\/\"}]}<\/script>\n<!-- \/ Yoast SEO plugin. -->","yoast_head_json":{"title":"UE paraliza acuerdo comercial con EEUU tras anulaci\u00f3n de aranceles - El Diario - Bolivia","robots":{"index":"index","follow":"follow","max-snippet":"max-snippet:-1","max-image-preview":"max-image-preview:large","max-video-preview":"max-video-preview:-1"},"canonical":"https:\/\/www.eldiario.net\/portal\/2026\/03\/05\/ue-paraliza-acuerdo-comercial-con-eeuu-tras-anulacion-de-aranceles\/","og_locale":"es_ES","og_type":"article","og_title":"UE paraliza acuerdo comercial con EEUU tras anulaci\u00f3n de aranceles - El Diario - Bolivia","og_description":"El Parlamento Europeo decidi\u00f3 frenar el avance del acuerdo comercial entre la Uni\u00f3n Europea y Estados Unidos debido a la falta de garant\u00edas sobre el cumplimiento de los compromisos asumidos por Washington despu\u00e9s de que la Corte Suprema estadounidense anulara la mayor\u00eda de los aranceles impuestos por el presidente Donald Trump en abril de 2025. [&hellip;]","og_url":"https:\/\/www.eldiario.net\/portal\/2026\/03\/05\/ue-paraliza-acuerdo-comercial-con-eeuu-tras-anulacion-de-aranceles\/","og_site_name":"El Diario - Bolivia","article_publisher":"https:\/\/www.facebook.com\/eldiario.bolivia\/","article_published_time":"2026-03-05T10:45:26+00:00","og_image":[{"width":992,"height":661,"url":"https:\/\/www.eldiario.net\/portal\/wp-content\/uploads\/2026\/03\/EUROPA-Infobae.webp","type":"image\/webp"}],"author":"Jeanette","twitter_card":"summary_large_image","twitter_creator":"@eldiario_net","twitter_site":"@eldiario_net","twitter_misc":{"Escrito por":"Jeanette","Tiempo de lectura":"3 minutos"},"schema":{"@context":"https:\/\/schema.org","@graph":[{"@type":"Article","@id":"https:\/\/www.eldiario.net\/portal\/2026\/03\/05\/ue-paraliza-acuerdo-comercial-con-eeuu-tras-anulacion-de-aranceles\/#article","isPartOf":{"@id":"https:\/\/www.eldiario.net\/portal\/2026\/03\/05\/ue-paraliza-acuerdo-comercial-con-eeuu-tras-anulacion-de-aranceles\/"},"author":{"name":"Jeanette","@id":"https:\/\/www.eldiario.net\/portal\/#\/schema\/person\/2c57cf2b7a7ae032e449e4c9b1019eac"},"headline":"UE paraliza acuerdo comercial con EEUU tras anulaci\u00f3n de aranceles","datePublished":"2026-03-05T10:45:26+00:00","mainEntityOfPage":{"@id":"https:\/\/www.eldiario.net\/portal\/2026\/03\/05\/ue-paraliza-acuerdo-comercial-con-eeuu-tras-anulacion-de-aranceles\/"},"wordCount":444,"publisher":{"@id":"https:\/\/www.eldiario.net\/portal\/#organization"},"image":{"@id":"https:\/\/www.eldiario.net\/portal\/2026\/03\/05\/ue-paraliza-acuerdo-comercial-con-eeuu-tras-anulacion-de-aranceles\/#primaryimage"},"thumbnailUrl":"https:\/\/www.eldiario.net\/portal\/wp-content\/uploads\/2026\/03\/EUROPA-Infobae.webp","articleSection":["Internacional"],"inLanguage":"es"},{"@type":"WebPage","@id":"https:\/\/www.eldiario.net\/portal\/2026\/03\/05\/ue-paraliza-acuerdo-comercial-con-eeuu-tras-anulacion-de-aranceles\/","url":"https:\/\/www.eldiario.net\/portal\/2026\/03\/05\/ue-paraliza-acuerdo-comercial-con-eeuu-tras-anulacion-de-aranceles\/","name":"UE paraliza acuerdo comercial con EEUU tras anulaci\u00f3n de aranceles - El Diario - Bolivia","isPartOf":{"@id":"https:\/\/www.eldiario.net\/portal\/#website"},"primaryImageOfPage":{"@id":"https:\/\/www.eldiario.net\/portal\/2026\/03\/05\/ue-paraliza-acuerdo-comercial-con-eeuu-tras-anulacion-de-aranceles\/#primaryimage"},"image":{"@id":"https:\/\/www.eldiario.net\/portal\/2026\/03\/05\/ue-paraliza-acuerdo-comercial-con-eeuu-tras-anulacion-de-aranceles\/#primaryimage"},"thumbnailUrl":"https:\/\/www.eldiario.net\/portal\/wp-content\/uploads\/2026\/03\/EUROPA-Infobae.webp","datePublished":"2026-03-05T10:45:26+00:00","breadcrumb":{"@id":"https:\/\/www.eldiario.net\/portal\/2026\/03\/05\/ue-paraliza-acuerdo-comercial-con-eeuu-tras-anulacion-de-aranceles\/#breadcrumb"},"inLanguage":"es","potentialAction":[{"@type":"ReadAction","target":["https:\/\/www.eldiario.net\/portal\/2026\/03\/05\/ue-paraliza-acuerdo-comercial-con-eeuu-tras-anulacion-de-aranceles\/"]}]},{"@type":"ImageObject","inLanguage":"es","@id":"https:\/\/www.eldiario.net\/portal\/2026\/03\/05\/ue-paraliza-acuerdo-comercial-con-eeuu-tras-anulacion-de-aranceles\/#primaryimage","url":"https:\/\/www.eldiario.net\/portal\/wp-content\/uploads\/2026\/03\/EUROPA-Infobae.webp","contentUrl":"https:\/\/www.eldiario.net\/portal\/wp-content\/uploads\/2026\/03\/EUROPA-Infobae.webp","width":992,"height":661,"caption":"Parlamento Europeo frena avance del acuerdo comercial entre la UE y Estados Unidos. CREDITO: Europa Press"},{"@type":"BreadcrumbList","@id":"https:\/\/www.eldiario.net\/portal\/2026\/03\/05\/ue-paraliza-acuerdo-comercial-con-eeuu-tras-anulacion-de-aranceles\/#breadcrumb","itemListElement":[{"@type":"ListItem","position":1,"name":"Portada","item":"https:\/\/www.eldiario.net\/portal\/"},{"@type":"ListItem","position":2,"name":"UE paraliza acuerdo comercial con EEUU tras anulaci\u00f3n de aranceles"}]},{"@type":"WebSite","@id":"https:\/\/www.eldiario.net\/portal\/#website","url":"https:\/\/www.eldiario.net\/portal\/","name":"El Diario - Decano de la prensa nacional","description":"El Diario - Decano de la prensa nacional","publisher":{"@id":"https:\/\/www.eldiario.net\/portal\/#organization"},"potentialAction":[{"@type":"SearchAction","target":{"@type":"EntryPoint","urlTemplate":"https:\/\/www.eldiario.net\/portal\/?s={search_term_string}"},"query-input":{"@type":"PropertyValueSpecification","valueRequired":true,"valueName":"search_term_string"}}],"inLanguage":"es"},{"@type":"Organization","@id":"https:\/\/www.eldiario.net\/portal\/#organization","name":"El Diario - Decano de la prensa nacional","url":"https:\/\/www.eldiario.net\/portal\/","logo":{"@type":"ImageObject","inLanguage":"es","@id":"https:\/\/www.eldiario.net\/portal\/#\/schema\/logo\/image\/","url":"https:\/\/www.eldiario.net\/portal\/wp-content\/uploads\/2023\/07\/logo_ED.jpg","contentUrl":"https:\/\/www.eldiario.net\/portal\/wp-content\/uploads\/2023\/07\/logo_ED.jpg","width":272,"height":52,"caption":"El Diario - Decano de la prensa nacional"},"image":{"@id":"https:\/\/www.eldiario.net\/portal\/#\/schema\/logo\/image\/"},"sameAs":["https:\/\/www.facebook.com\/eldiario.bolivia\/","https:\/\/x.com\/eldiario_net"]},{"@type":"Person","@id":"https:\/\/www.eldiario.net\/portal\/#\/schema\/person\/2c57cf2b7a7ae032e449e4c9b1019eac","name":"Jeanette","image":{"@type":"ImageObject","inLanguage":"es","@id":"https:\/\/secure.gravatar.com\/avatar\/3ea2118a5f7dad2b7138b1187a6b7ee55f160b9968b66013c3a3ef39dd7e5798?s=96&d=mm&r=g","url":"https:\/\/secure.gravatar.com\/avatar\/3ea2118a5f7dad2b7138b1187a6b7ee55f160b9968b66013c3a3ef39dd7e5798?s=96&d=mm&r=g","contentUrl":"https:\/\/secure.gravatar.com\/avatar\/3ea2118a5f7dad2b7138b1187a6b7ee55f160b9968b66013c3a3ef39dd7e5798?s=96&d=mm&r=g","caption":"Jeanette"},"sameAs":["https:\/\/www.eldiario.net\/portal"],"url":"https:\/\/www.eldiario.net\/portal\/author\/jeanette\/"}]}},"_links":{"self":[{"href":"https:\/\/www.eldiario.net\/portal\/wp-json\/wp\/v2\/posts\/373339","targetHints":{"allow":["GET"]}}],"collection":[{"href":"https:\/\/www.eldiario.net\/portal\/wp-json\/wp\/v2\/posts"}],"about":[{"href":"https:\/\/www.eldiario.net\/portal\/wp-json\/wp\/v2\/types\/post"}],"author":[{"embeddable":true,"href":"https:\/\/www.eldiario.net\/portal\/wp-json\/wp\/v2\/users\/1"}],"replies":[{"embeddable":true,"href":"https:\/\/www.eldiario.net\/portal\/wp-json\/wp\/v2\/comments?post=373339"}],"version-history":[{"count":1,"href":"https:\/\/www.eldiario.net\/portal\/wp-json\/wp\/v2\/posts\/373339\/revisions"}],"predecessor-version":[{"id":373341,"href":"https:\/\/www.eldiario.net\/portal\/wp-json\/wp\/v2\/posts\/373339\/revisions\/373341"}],"wp:featuredmedia":[{"embeddable":true,"href":"https:\/\/www.eldiario.net\/portal\/wp-json\/wp\/v2\/media\/373340"}],"wp:attachment":[{"href":"https:\/\/www.eldiario.net\/portal\/wp-json\/wp\/v2\/media?parent=373339"}],"wp:term":[{"taxonomy":"category","embeddable":true,"href":"https:\/\/www.eldiario.net\/portal\/wp-json\/wp\/v2\/categories?post=373339"},{"taxonomy":"post_tag","embeddable":true,"href":"https:\/\/www.eldiario.net\/portal\/wp-json\/wp\/v2\/tags?post=373339"}],"curies":[{"name":"wp","href":"https:\/\/api.w.org\/{rel}","templated":true}]}}