{"id":373336,"date":"2026-03-05T06:44:57","date_gmt":"2026-03-05T10:44:57","guid":{"rendered":"https:\/\/www.eldiario.net\/portal\/?p=373336"},"modified":"2026-03-05T06:44:57","modified_gmt":"2026-03-05T10:44:57","slug":"chile-es-declarado-primer-libre-de-lepra-por-la-oms","status":"publish","type":"post","link":"https:\/\/www.eldiario.net\/portal\/2026\/03\/05\/chile-es-declarado-primer-libre-de-lepra-por-la-oms\/","title":{"rendered":"Chile es declarado primer  libre de lepra por la OMS"},"content":{"rendered":"<p>La Organizaci\u00f3n Mundial de la Salud (OMS), junto con la Organizaci\u00f3n Panamericana de la Salud (OPS), felicita a Chile por convertirse en el primer pa\u00eds de las Am\u00e9ricas, y el segundo a nivel mundial, en ser oficialmente verificado por la eliminaci\u00f3n de la lepra.<\/p>\n<p>La lepra (enfermedad de Hansen) fue registrada hist\u00f3ricamente en Chile a fines del siglo XIX en Rapa Nui (Isla de Pascua). En el territorio continental, la enfermedad tuvo presencia limitada, con introducciones espor\u00e1dicas que fueron contenidas mediante medidas de aislamiento y tratamiento en la isla, donde los \u00faltimos casos secundarios fueron manejados hacia fines de la d\u00e9cada de 1990.<\/p>\n<p>Desde entonces, Chile no notific\u00f3 ning\u00fan caso aut\u00f3ctono de lepra durante m\u00e1s de 30 a\u00f1os; el \u00faltimo se detect\u00f3 en 1993. Sin embargo, la enfermedad nunca fue retirada de la agenda de salud p\u00fablica del pa\u00eds. Se mantuvo como condici\u00f3n de notificaci\u00f3n obligatoria, bajo vigilancia mediante reporte mandatorio, sistemas integrados de vigilancia y preparaci\u00f3n cl\u00ednica continua en todo el sistema de salud.<\/p>\n<p>\u201cEste logro hist\u00f3rico en salud p\u00fablica es una poderosa demostraci\u00f3n de lo que pueden alcanzar el liderazgo, la ciencia y la solidaridad\u201d, se\u00f1al\u00f3 el doctor Tedros Adhanom Ghebreyesus, Director General de la OMS. \u201cLa eliminaci\u00f3n de la lepra en Chile env\u00eda un mensaje claro al mundo: con compromiso sostenido, servicios de salud inclusivos, estrategias integradas de salud p\u00fablica, detecci\u00f3n temprana y acceso universal a la atenci\u00f3n, podemos dejar atr\u00e1s enfermedades ancestrales\u201d.<\/p>\n<p>La verificaci\u00f3n reconoce m\u00e1s de tres d\u00e9cadas de acci\u00f3n sostenida en salud p\u00fablica, vigilancia robusta, compromiso pol\u00edtico de largo plazo y un sistema de salud que se mantuvo alerta incluso en ausencia de transmisi\u00f3n local.<\/p>\n<p>\u201cEl logro de Chile demuestra que eliminar la lepra es posible y requiere construir sistemas de salud s\u00f3lidos capaces de detectar, responder y brindar atenci\u00f3n integral a las personas afectadas por la enfermedad, incluidas aquellas que viven con una discapacidad cr\u00f3nica\u201d, afirm\u00f3 el Director de la OPS, doctor Jarbas Barbosa. \u201cSer el primer pa\u00eds de las Am\u00e9ricas en confirmar la eliminaci\u00f3n de la lepra env\u00eda un mensaje poderoso a la Regi\u00f3n: las enfermedades estrechamente vinculadas a poblaciones en situaci\u00f3n de vulnerabilidad pueden eliminarse, contribuyendo a romper el c\u00edrculo vicioso entre enfermedad y pobreza\u201d, agreg\u00f3.<\/p>\n<p>A solicitud del Ministerio de Salud de Chile, la OPS y la OMS convocaron en 2025 a un panel independiente de expertos para evaluar si la eliminaci\u00f3n se hab\u00eda alcanzado y si pod\u00eda sostenerse en el tiempo. El panel realiz\u00f3 una evaluaci\u00f3n exhaustiva que incluy\u00f3 el an\u00e1lisis de datos epidemiol\u00f3gicos, mecanismos de vigilancia, protocolos de manejo de casos y planes de sostenibilidad. Sus conclusiones confirmaron la ausencia de transmisi\u00f3n local y validaron la capacidad de Chile para detectar y responder a eventuales casos futuros en poblaci\u00f3n no aut\u00f3ctona.<\/p>\n<p>\u201cEsta es una gran noticia que nos llena de orgullo. Chile ha recibido la verificaci\u00f3n de la eliminaci\u00f3n de la lepra, siendo el primer pa\u00eds de las Am\u00e9ricas y el segundo en el mundo en alcanzar este reconocimiento\u201d, se\u00f1al\u00f3 la doctora Ximena Aguilera, ministra de Salud de Chile. \u201cEste hito refleja d\u00e9cadas de trabajo sostenido en salud p\u00fablica, con estrategias de prevenci\u00f3n, diagn\u00f3stico oportuno, tratamiento efectivo y seguimiento continuo, junto al compromiso de los equipos de salud en todo el territorio. Tambi\u00e9n reafirma nuestro deber de mantener una vigilancia activa y garantizar siempre un trato digno, sin estigmas ni discriminaci\u00f3n\u201d, subray\u00f3.<\/p>\n<p>&nbsp;<\/p>\n<p>ATENCI\u00d3N INTEGRAL<\/p>\n<p>Entre 2012 y 2023, Chile notific\u00f3 47 casos en todo el pa\u00eds, ninguno de ellos aut\u00f3ctono.<\/p>\n<p>El modelo integrado de Chile garantiza la detecci\u00f3n temprana y la atenci\u00f3n integral: los centros de atenci\u00f3n primaria constituyen la puerta de entrada para los casos sospechosos, con derivaciones oportunas a servicios especializados de dermatolog\u00eda para diagn\u00f3stico, tratamiento y seguimiento. Los equipos cl\u00ednicos reciben capacitaci\u00f3n alineada con la estrategia de la OMS \u201cHacia cero lepra\u201d. El sistema prioriza la intervenci\u00f3n temprana, la prevenci\u00f3n de discapacidades y la atenci\u00f3n integral, incluyendo fisioterapia y servicios de rehabilitaci\u00f3n, asegurando que cualquier persona afectada reciba apoyo continuo tanto para sus necesidades agudas como de largo plazo, promoviendo su recuperaci\u00f3n plena e inclusi\u00f3n social.<\/p>\n<p>&nbsp;<\/p>\n<p>REGI\u00d3N DE LAS AM\u00c9RICAS<\/p>\n<p>El logro de Chile abre camino para otros pa\u00edses, demostrando el impacto de la voluntad pol\u00edtica, la colaboraci\u00f3n intersectorial y la planificaci\u00f3n adaptada a contextos de baja incidencia.<\/p>\n<p>Desde 1995, la OPS, en coordinaci\u00f3n con la OMS, proporcion\u00f3 gratuitamente la terapia multimedicamentosa (TMM) a los pa\u00edses de las Am\u00e9ricas, incluido Chile. Este acceso ininterrumpido al tratamiento, junto con los sistemas nacionales de suministro, fue esencial para curar a los pacientes, prevenir discapacidades e interrumpir la transmisi\u00f3n.<\/p>\n<p>La OPS tambi\u00e9n ha apoyado a Chile en la alineaci\u00f3n de la vigilancia con est\u00e1ndares internacionales, el fortalecimiento de la capacidad de laboratorio y el mantenimiento de la experiencia cl\u00ednica en un contexto de baja incidencia, donde muchos profesionales de la salud pueden no encontrarse nunca con un caso a lo largo de su carrera.<\/p>\n<p>&nbsp;<\/p>\n<p>ACCESO Y COBERTURA<\/p>\n<p>La eliminaci\u00f3n de la lepra en Chile se logr\u00f3 en el marco de un entorno jur\u00eddico y social m\u00e1s amplio que protege los derechos humanos, promueve la inclusi\u00f3n y previene la discriminaci\u00f3n. La legislaci\u00f3n nacional garantiza igualdad en el acceso a la atenci\u00f3n de salud, la protecci\u00f3n social y los servicios para personas con discapacidad, asegurando que quienes se vean afectados por la lepra reciban atenci\u00f3n sin estigma ni exclusi\u00f3n.<\/p>\n<p>El sistema de salud mixto, p\u00fablico\u2013privado, con s\u00f3lida regulaci\u00f3n estatal, fortalece adem\u00e1s el acceso equitativo, incluyendo a personas migrantes y otras poblaciones en situaci\u00f3n de vulnerabilidad.<\/p>\n<p>&nbsp;<\/p>\n<p>SOSTENER LA ELIMINACI\u00d3N<\/p>\n<p>En consonancia con la estrategia \u201cHacia cero lepra\u201d de la OMS y la Iniciativa de Eliminaci\u00f3n de Enfermedades de la OPS, la experiencia de Chile demuestra que la eliminaci\u00f3n no se define \u00fanicamente por la ausencia de casos, sino por la existencia de un sistema de salud capaz de detectar, responder y brindar atenci\u00f3n integral cada vez que aparezca un caso.<\/p>\n<p>En la fase posterior a la eliminaci\u00f3n, se alienta a Chile a continuar notificando a la OMS, mantener una vigilancia sensible y asegurar que la experiencia cl\u00ednica se preserve tanto para casos espor\u00e1dicos futuros como para aquellos adquiridos fuera del pa\u00eds. El panel de verificaci\u00f3n tambi\u00e9n recomend\u00f3 designar formalmente un centro de referencia y aprovechar la capacitaci\u00f3n en l\u00ednea de la Academia de la OMS para trabajadores y personal de salud, fortaleciendo la capacidad y preparaci\u00f3n a largo plazo.<\/p>\n<p>&nbsp;<\/p>\n<p>LEPRA<\/p>\n<p>La lepra, tambi\u00e9n conocida como enfermedad de Hansen, es una enfermedad infecciosa cr\u00f3nica causada por la bacteria Mycobacterium leprae. Afecta principalmente la piel, los nervios perif\u00e9ricos, la mucosa del tracto respiratorio superior y los ojos. Si no se trata, puede provocar da\u00f1o nervioso permanente, discapacidades y estigmatizaci\u00f3n social. Sin embargo, la lepra es completamente curable con terapia multimedicamentosa, y la detecci\u00f3n temprana previene complicaciones.<\/p>\n<p>Como enfermedad tropical desatendida, la lepra persiste en m\u00e1s de 120 pa\u00edses, con m\u00e1s de 200.000 nuevos casos anuales en todo el mundo.<\/p>\n<p>La eliminaci\u00f3n de la lepra se define como cero nuevos casos aut\u00f3ctonos durante al menos tres a\u00f1os consecutivos, tras haber interrumpido la transmisi\u00f3n durante al menos cinco a\u00f1os.<\/p>\n<p>La Iniciativa de Eliminaci\u00f3n de Enfermedades de la OPS busca eliminar la lepra y otras enfermedades transmisibles y afecciones relacionadas en las Am\u00e9ricas para 2030, mediante el fortalecimiento de la vigilancia, el acceso al tratamiento y la participaci\u00f3n comunitaria.(OPS\/OMS)<\/p>\n<p>&nbsp;<\/p>\n","protected":false},"excerpt":{"rendered":"<p>La Organizaci\u00f3n Mundial de la Salud (OMS), junto con la Organizaci\u00f3n Panamericana de la Salud (OPS), felicita a Chile por convertirse en el primer pa\u00eds de las Am\u00e9ricas, y el segundo a nivel mundial, en ser oficialmente verificado por la eliminaci\u00f3n de la lepra. La lepra (enfermedad de Hansen) fue registrada hist\u00f3ricamente en Chile a [&hellip;]<\/p>\n","protected":false},"author":1,"featured_media":373337,"comment_status":"closed","ping_status":"open","sticky":false,"template":"","format":"standard","meta":{"_acf_changed":false,"footnotes":""},"categories":[3],"tags":[],"class_list":["post-373336","post","type-post","status-publish","format-standard","has-post-thumbnail","category-internacional"],"acf":{"antetitulo":""},"yoast_head":"<!-- This site is optimized with the Yoast SEO plugin v28.4 - https:\/\/yoast.com\/product\/yoast-seo-wordpress\/ -->\n<title>Chile es declarado primer libre de lepra por la OMS - El Diario - Bolivia<\/title>\n<meta name=\"robots\" content=\"index, follow, max-snippet:-1, max-image-preview:large, max-video-preview:-1\" \/>\n<link rel=\"canonical\" href=\"https:\/\/www.eldiario.net\/portal\/2026\/03\/05\/chile-es-declarado-primer-libre-de-lepra-por-la-oms\/\" \/>\n<meta property=\"og:locale\" content=\"es_ES\" \/>\n<meta property=\"og:type\" content=\"article\" \/>\n<meta property=\"og:title\" content=\"Chile es declarado primer libre de lepra por la OMS - El Diario - Bolivia\" \/>\n<meta property=\"og:description\" content=\"La Organizaci\u00f3n Mundial de la Salud (OMS), junto con la Organizaci\u00f3n Panamericana de la Salud (OPS), felicita a Chile por convertirse en el primer pa\u00eds de las Am\u00e9ricas, y el segundo a nivel mundial, en ser oficialmente verificado por la eliminaci\u00f3n de la lepra. La lepra (enfermedad de Hansen) fue registrada hist\u00f3ricamente en Chile a [&hellip;]\" \/>\n<meta property=\"og:url\" content=\"https:\/\/www.eldiario.net\/portal\/2026\/03\/05\/chile-es-declarado-primer-libre-de-lepra-por-la-oms\/\" \/>\n<meta property=\"og:site_name\" content=\"El Diario - Bolivia\" \/>\n<meta property=\"article:publisher\" content=\"https:\/\/www.facebook.com\/eldiario.bolivia\/\" \/>\n<meta property=\"article:published_time\" content=\"2026-03-05T10:44:57+00:00\" \/>\n<meta property=\"og:image\" content=\"https:\/\/www.eldiario.net\/portal\/wp-content\/uploads\/2026\/03\/LEPRA-OPS.webp\" \/>\n\t<meta property=\"og:image:width\" content=\"1024\" \/>\n\t<meta property=\"og:image:height\" content=\"768\" \/>\n\t<meta property=\"og:image:type\" content=\"image\/webp\" \/>\n<meta name=\"author\" content=\"Jeanette\" \/>\n<meta name=\"twitter:card\" content=\"summary_large_image\" \/>\n<meta name=\"twitter:creator\" content=\"@eldiario_net\" \/>\n<meta name=\"twitter:site\" content=\"@eldiario_net\" \/>\n<meta name=\"twitter:label1\" content=\"Escrito por\" \/>\n\t<meta name=\"twitter:data1\" content=\"Jeanette\" \/>\n\t<meta name=\"twitter:label2\" content=\"Tiempo de lectura\" \/>\n\t<meta name=\"twitter:data2\" content=\"6 minutos\" \/>\n<script type=\"application\/ld+json\" class=\"yoast-schema-graph\">{\"@context\":\"https:\\\/\\\/schema.org\",\"@graph\":[{\"@type\":\"Article\",\"@id\":\"https:\\\/\\\/www.eldiario.net\\\/portal\\\/2026\\\/03\\\/05\\\/chile-es-declarado-primer-libre-de-lepra-por-la-oms\\\/#article\",\"isPartOf\":{\"@id\":\"https:\\\/\\\/www.eldiario.net\\\/portal\\\/2026\\\/03\\\/05\\\/chile-es-declarado-primer-libre-de-lepra-por-la-oms\\\/\"},\"author\":{\"name\":\"Jeanette\",\"@id\":\"https:\\\/\\\/www.eldiario.net\\\/portal\\\/#\\\/schema\\\/person\\\/2c57cf2b7a7ae032e449e4c9b1019eac\"},\"headline\":\"Chile es declarado primer libre de lepra por la OMS\",\"datePublished\":\"2026-03-05T10:44:57+00:00\",\"mainEntityOfPage\":{\"@id\":\"https:\\\/\\\/www.eldiario.net\\\/portal\\\/2026\\\/03\\\/05\\\/chile-es-declarado-primer-libre-de-lepra-por-la-oms\\\/\"},\"wordCount\":1351,\"publisher\":{\"@id\":\"https:\\\/\\\/www.eldiario.net\\\/portal\\\/#organization\"},\"image\":{\"@id\":\"https:\\\/\\\/www.eldiario.net\\\/portal\\\/2026\\\/03\\\/05\\\/chile-es-declarado-primer-libre-de-lepra-por-la-oms\\\/#primaryimage\"},\"thumbnailUrl\":\"https:\\\/\\\/www.eldiario.net\\\/portal\\\/wp-content\\\/uploads\\\/2026\\\/03\\\/LEPRA-OPS.webp\",\"articleSection\":[\"Internacional\"],\"inLanguage\":\"es\"},{\"@type\":\"WebPage\",\"@id\":\"https:\\\/\\\/www.eldiario.net\\\/portal\\\/2026\\\/03\\\/05\\\/chile-es-declarado-primer-libre-de-lepra-por-la-oms\\\/\",\"url\":\"https:\\\/\\\/www.eldiario.net\\\/portal\\\/2026\\\/03\\\/05\\\/chile-es-declarado-primer-libre-de-lepra-por-la-oms\\\/\",\"name\":\"Chile es declarado primer libre de lepra por la OMS - El Diario - Bolivia\",\"isPartOf\":{\"@id\":\"https:\\\/\\\/www.eldiario.net\\\/portal\\\/#website\"},\"primaryImageOfPage\":{\"@id\":\"https:\\\/\\\/www.eldiario.net\\\/portal\\\/2026\\\/03\\\/05\\\/chile-es-declarado-primer-libre-de-lepra-por-la-oms\\\/#primaryimage\"},\"image\":{\"@id\":\"https:\\\/\\\/www.eldiario.net\\\/portal\\\/2026\\\/03\\\/05\\\/chile-es-declarado-primer-libre-de-lepra-por-la-oms\\\/#primaryimage\"},\"thumbnailUrl\":\"https:\\\/\\\/www.eldiario.net\\\/portal\\\/wp-content\\\/uploads\\\/2026\\\/03\\\/LEPRA-OPS.webp\",\"datePublished\":\"2026-03-05T10:44:57+00:00\",\"breadcrumb\":{\"@id\":\"https:\\\/\\\/www.eldiario.net\\\/portal\\\/2026\\\/03\\\/05\\\/chile-es-declarado-primer-libre-de-lepra-por-la-oms\\\/#breadcrumb\"},\"inLanguage\":\"es\",\"potentialAction\":[{\"@type\":\"ReadAction\",\"target\":[\"https:\\\/\\\/www.eldiario.net\\\/portal\\\/2026\\\/03\\\/05\\\/chile-es-declarado-primer-libre-de-lepra-por-la-oms\\\/\"]}]},{\"@type\":\"ImageObject\",\"inLanguage\":\"es\",\"@id\":\"https:\\\/\\\/www.eldiario.net\\\/portal\\\/2026\\\/03\\\/05\\\/chile-es-declarado-primer-libre-de-lepra-por-la-oms\\\/#primaryimage\",\"url\":\"https:\\\/\\\/www.eldiario.net\\\/portal\\\/wp-content\\\/uploads\\\/2026\\\/03\\\/LEPRA-OPS.webp\",\"contentUrl\":\"https:\\\/\\\/www.eldiario.net\\\/portal\\\/wp-content\\\/uploads\\\/2026\\\/03\\\/LEPRA-OPS.webp\",\"width\":1024,\"height\":768,\"caption\":\"Chile se convierte en el primer pa\u00eds libre de lepra en am\u00e9rica. CREDITO: OMS\"},{\"@type\":\"BreadcrumbList\",\"@id\":\"https:\\\/\\\/www.eldiario.net\\\/portal\\\/2026\\\/03\\\/05\\\/chile-es-declarado-primer-libre-de-lepra-por-la-oms\\\/#breadcrumb\",\"itemListElement\":[{\"@type\":\"ListItem\",\"position\":1,\"name\":\"Portada\",\"item\":\"https:\\\/\\\/www.eldiario.net\\\/portal\\\/\"},{\"@type\":\"ListItem\",\"position\":2,\"name\":\"Chile es declarado primer libre de lepra por la OMS\"}]},{\"@type\":\"WebSite\",\"@id\":\"https:\\\/\\\/www.eldiario.net\\\/portal\\\/#website\",\"url\":\"https:\\\/\\\/www.eldiario.net\\\/portal\\\/\",\"name\":\"El Diario - Decano de la prensa nacional\",\"description\":\"El Diario - Decano de la prensa nacional\",\"publisher\":{\"@id\":\"https:\\\/\\\/www.eldiario.net\\\/portal\\\/#organization\"},\"potentialAction\":[{\"@type\":\"SearchAction\",\"target\":{\"@type\":\"EntryPoint\",\"urlTemplate\":\"https:\\\/\\\/www.eldiario.net\\\/portal\\\/?s={search_term_string}\"},\"query-input\":{\"@type\":\"PropertyValueSpecification\",\"valueRequired\":true,\"valueName\":\"search_term_string\"}}],\"inLanguage\":\"es\"},{\"@type\":\"Organization\",\"@id\":\"https:\\\/\\\/www.eldiario.net\\\/portal\\\/#organization\",\"name\":\"El Diario - Decano de la prensa nacional\",\"url\":\"https:\\\/\\\/www.eldiario.net\\\/portal\\\/\",\"logo\":{\"@type\":\"ImageObject\",\"inLanguage\":\"es\",\"@id\":\"https:\\\/\\\/www.eldiario.net\\\/portal\\\/#\\\/schema\\\/logo\\\/image\\\/\",\"url\":\"https:\\\/\\\/www.eldiario.net\\\/portal\\\/wp-content\\\/uploads\\\/2023\\\/07\\\/logo_ED.jpg\",\"contentUrl\":\"https:\\\/\\\/www.eldiario.net\\\/portal\\\/wp-content\\\/uploads\\\/2023\\\/07\\\/logo_ED.jpg\",\"width\":272,\"height\":52,\"caption\":\"El Diario - Decano de la prensa nacional\"},\"image\":{\"@id\":\"https:\\\/\\\/www.eldiario.net\\\/portal\\\/#\\\/schema\\\/logo\\\/image\\\/\"},\"sameAs\":[\"https:\\\/\\\/www.facebook.com\\\/eldiario.bolivia\\\/\",\"https:\\\/\\\/x.com\\\/eldiario_net\"]},{\"@type\":\"Person\",\"@id\":\"https:\\\/\\\/www.eldiario.net\\\/portal\\\/#\\\/schema\\\/person\\\/2c57cf2b7a7ae032e449e4c9b1019eac\",\"name\":\"Jeanette\",\"image\":{\"@type\":\"ImageObject\",\"inLanguage\":\"es\",\"@id\":\"https:\\\/\\\/secure.gravatar.com\\\/avatar\\\/3ea2118a5f7dad2b7138b1187a6b7ee55f160b9968b66013c3a3ef39dd7e5798?s=96&d=mm&r=g\",\"url\":\"https:\\\/\\\/secure.gravatar.com\\\/avatar\\\/3ea2118a5f7dad2b7138b1187a6b7ee55f160b9968b66013c3a3ef39dd7e5798?s=96&d=mm&r=g\",\"contentUrl\":\"https:\\\/\\\/secure.gravatar.com\\\/avatar\\\/3ea2118a5f7dad2b7138b1187a6b7ee55f160b9968b66013c3a3ef39dd7e5798?s=96&d=mm&r=g\",\"caption\":\"Jeanette\"},\"sameAs\":[\"https:\\\/\\\/www.eldiario.net\\\/portal\"],\"url\":\"https:\\\/\\\/www.eldiario.net\\\/portal\\\/author\\\/jeanette\\\/\"}]}<\/script>\n<!-- \/ Yoast SEO plugin. -->","yoast_head_json":{"title":"Chile es declarado primer libre de lepra por la OMS - El Diario - Bolivia","robots":{"index":"index","follow":"follow","max-snippet":"max-snippet:-1","max-image-preview":"max-image-preview:large","max-video-preview":"max-video-preview:-1"},"canonical":"https:\/\/www.eldiario.net\/portal\/2026\/03\/05\/chile-es-declarado-primer-libre-de-lepra-por-la-oms\/","og_locale":"es_ES","og_type":"article","og_title":"Chile es declarado primer libre de lepra por la OMS - El Diario - Bolivia","og_description":"La Organizaci\u00f3n Mundial de la Salud (OMS), junto con la Organizaci\u00f3n Panamericana de la Salud (OPS), felicita a Chile por convertirse en el primer pa\u00eds de las Am\u00e9ricas, y el segundo a nivel mundial, en ser oficialmente verificado por la eliminaci\u00f3n de la lepra. La lepra (enfermedad de Hansen) fue registrada hist\u00f3ricamente en Chile a [&hellip;]","og_url":"https:\/\/www.eldiario.net\/portal\/2026\/03\/05\/chile-es-declarado-primer-libre-de-lepra-por-la-oms\/","og_site_name":"El Diario - Bolivia","article_publisher":"https:\/\/www.facebook.com\/eldiario.bolivia\/","article_published_time":"2026-03-05T10:44:57+00:00","og_image":[{"width":1024,"height":768,"url":"https:\/\/www.eldiario.net\/portal\/wp-content\/uploads\/2026\/03\/LEPRA-OPS.webp","type":"image\/webp"}],"author":"Jeanette","twitter_card":"summary_large_image","twitter_creator":"@eldiario_net","twitter_site":"@eldiario_net","twitter_misc":{"Escrito por":"Jeanette","Tiempo de lectura":"6 minutos"},"schema":{"@context":"https:\/\/schema.org","@graph":[{"@type":"Article","@id":"https:\/\/www.eldiario.net\/portal\/2026\/03\/05\/chile-es-declarado-primer-libre-de-lepra-por-la-oms\/#article","isPartOf":{"@id":"https:\/\/www.eldiario.net\/portal\/2026\/03\/05\/chile-es-declarado-primer-libre-de-lepra-por-la-oms\/"},"author":{"name":"Jeanette","@id":"https:\/\/www.eldiario.net\/portal\/#\/schema\/person\/2c57cf2b7a7ae032e449e4c9b1019eac"},"headline":"Chile es declarado primer libre de lepra por la OMS","datePublished":"2026-03-05T10:44:57+00:00","mainEntityOfPage":{"@id":"https:\/\/www.eldiario.net\/portal\/2026\/03\/05\/chile-es-declarado-primer-libre-de-lepra-por-la-oms\/"},"wordCount":1351,"publisher":{"@id":"https:\/\/www.eldiario.net\/portal\/#organization"},"image":{"@id":"https:\/\/www.eldiario.net\/portal\/2026\/03\/05\/chile-es-declarado-primer-libre-de-lepra-por-la-oms\/#primaryimage"},"thumbnailUrl":"https:\/\/www.eldiario.net\/portal\/wp-content\/uploads\/2026\/03\/LEPRA-OPS.webp","articleSection":["Internacional"],"inLanguage":"es"},{"@type":"WebPage","@id":"https:\/\/www.eldiario.net\/portal\/2026\/03\/05\/chile-es-declarado-primer-libre-de-lepra-por-la-oms\/","url":"https:\/\/www.eldiario.net\/portal\/2026\/03\/05\/chile-es-declarado-primer-libre-de-lepra-por-la-oms\/","name":"Chile es declarado primer libre de lepra por la OMS - El Diario - Bolivia","isPartOf":{"@id":"https:\/\/www.eldiario.net\/portal\/#website"},"primaryImageOfPage":{"@id":"https:\/\/www.eldiario.net\/portal\/2026\/03\/05\/chile-es-declarado-primer-libre-de-lepra-por-la-oms\/#primaryimage"},"image":{"@id":"https:\/\/www.eldiario.net\/portal\/2026\/03\/05\/chile-es-declarado-primer-libre-de-lepra-por-la-oms\/#primaryimage"},"thumbnailUrl":"https:\/\/www.eldiario.net\/portal\/wp-content\/uploads\/2026\/03\/LEPRA-OPS.webp","datePublished":"2026-03-05T10:44:57+00:00","breadcrumb":{"@id":"https:\/\/www.eldiario.net\/portal\/2026\/03\/05\/chile-es-declarado-primer-libre-de-lepra-por-la-oms\/#breadcrumb"},"inLanguage":"es","potentialAction":[{"@type":"ReadAction","target":["https:\/\/www.eldiario.net\/portal\/2026\/03\/05\/chile-es-declarado-primer-libre-de-lepra-por-la-oms\/"]}]},{"@type":"ImageObject","inLanguage":"es","@id":"https:\/\/www.eldiario.net\/portal\/2026\/03\/05\/chile-es-declarado-primer-libre-de-lepra-por-la-oms\/#primaryimage","url":"https:\/\/www.eldiario.net\/portal\/wp-content\/uploads\/2026\/03\/LEPRA-OPS.webp","contentUrl":"https:\/\/www.eldiario.net\/portal\/wp-content\/uploads\/2026\/03\/LEPRA-OPS.webp","width":1024,"height":768,"caption":"Chile se convierte en el primer pa\u00eds libre de lepra en am\u00e9rica. CREDITO: OMS"},{"@type":"BreadcrumbList","@id":"https:\/\/www.eldiario.net\/portal\/2026\/03\/05\/chile-es-declarado-primer-libre-de-lepra-por-la-oms\/#breadcrumb","itemListElement":[{"@type":"ListItem","position":1,"name":"Portada","item":"https:\/\/www.eldiario.net\/portal\/"},{"@type":"ListItem","position":2,"name":"Chile es declarado primer libre de lepra por la OMS"}]},{"@type":"WebSite","@id":"https:\/\/www.eldiario.net\/portal\/#website","url":"https:\/\/www.eldiario.net\/portal\/","name":"El Diario - Decano de la prensa nacional","description":"El Diario - Decano de la prensa nacional","publisher":{"@id":"https:\/\/www.eldiario.net\/portal\/#organization"},"potentialAction":[{"@type":"SearchAction","target":{"@type":"EntryPoint","urlTemplate":"https:\/\/www.eldiario.net\/portal\/?s={search_term_string}"},"query-input":{"@type":"PropertyValueSpecification","valueRequired":true,"valueName":"search_term_string"}}],"inLanguage":"es"},{"@type":"Organization","@id":"https:\/\/www.eldiario.net\/portal\/#organization","name":"El Diario - Decano de la prensa nacional","url":"https:\/\/www.eldiario.net\/portal\/","logo":{"@type":"ImageObject","inLanguage":"es","@id":"https:\/\/www.eldiario.net\/portal\/#\/schema\/logo\/image\/","url":"https:\/\/www.eldiario.net\/portal\/wp-content\/uploads\/2023\/07\/logo_ED.jpg","contentUrl":"https:\/\/www.eldiario.net\/portal\/wp-content\/uploads\/2023\/07\/logo_ED.jpg","width":272,"height":52,"caption":"El Diario - Decano de la prensa nacional"},"image":{"@id":"https:\/\/www.eldiario.net\/portal\/#\/schema\/logo\/image\/"},"sameAs":["https:\/\/www.facebook.com\/eldiario.bolivia\/","https:\/\/x.com\/eldiario_net"]},{"@type":"Person","@id":"https:\/\/www.eldiario.net\/portal\/#\/schema\/person\/2c57cf2b7a7ae032e449e4c9b1019eac","name":"Jeanette","image":{"@type":"ImageObject","inLanguage":"es","@id":"https:\/\/secure.gravatar.com\/avatar\/3ea2118a5f7dad2b7138b1187a6b7ee55f160b9968b66013c3a3ef39dd7e5798?s=96&d=mm&r=g","url":"https:\/\/secure.gravatar.com\/avatar\/3ea2118a5f7dad2b7138b1187a6b7ee55f160b9968b66013c3a3ef39dd7e5798?s=96&d=mm&r=g","contentUrl":"https:\/\/secure.gravatar.com\/avatar\/3ea2118a5f7dad2b7138b1187a6b7ee55f160b9968b66013c3a3ef39dd7e5798?s=96&d=mm&r=g","caption":"Jeanette"},"sameAs":["https:\/\/www.eldiario.net\/portal"],"url":"https:\/\/www.eldiario.net\/portal\/author\/jeanette\/"}]}},"_links":{"self":[{"href":"https:\/\/www.eldiario.net\/portal\/wp-json\/wp\/v2\/posts\/373336","targetHints":{"allow":["GET"]}}],"collection":[{"href":"https:\/\/www.eldiario.net\/portal\/wp-json\/wp\/v2\/posts"}],"about":[{"href":"https:\/\/www.eldiario.net\/portal\/wp-json\/wp\/v2\/types\/post"}],"author":[{"embeddable":true,"href":"https:\/\/www.eldiario.net\/portal\/wp-json\/wp\/v2\/users\/1"}],"replies":[{"embeddable":true,"href":"https:\/\/www.eldiario.net\/portal\/wp-json\/wp\/v2\/comments?post=373336"}],"version-history":[{"count":1,"href":"https:\/\/www.eldiario.net\/portal\/wp-json\/wp\/v2\/posts\/373336\/revisions"}],"predecessor-version":[{"id":373338,"href":"https:\/\/www.eldiario.net\/portal\/wp-json\/wp\/v2\/posts\/373336\/revisions\/373338"}],"wp:featuredmedia":[{"embeddable":true,"href":"https:\/\/www.eldiario.net\/portal\/wp-json\/wp\/v2\/media\/373337"}],"wp:attachment":[{"href":"https:\/\/www.eldiario.net\/portal\/wp-json\/wp\/v2\/media?parent=373336"}],"wp:term":[{"taxonomy":"category","embeddable":true,"href":"https:\/\/www.eldiario.net\/portal\/wp-json\/wp\/v2\/categories?post=373336"},{"taxonomy":"post_tag","embeddable":true,"href":"https:\/\/www.eldiario.net\/portal\/wp-json\/wp\/v2\/tags?post=373336"}],"curies":[{"name":"wp","href":"https:\/\/api.w.org\/{rel}","templated":true}]}}