{"id":372403,"date":"2026-03-02T05:53:20","date_gmt":"2026-03-02T09:53:20","guid":{"rendered":"https:\/\/www.eldiario.net\/portal\/?p=372403"},"modified":"2026-03-02T05:53:20","modified_gmt":"2026-03-02T09:53:20","slug":"candente-ley-agraria-debatira-el-senado","status":"publish","type":"post","link":"https:\/\/www.eldiario.net\/portal\/2026\/03\/02\/candente-ley-agraria-debatira-el-senado\/","title":{"rendered":"Candente ley agraria debatir\u00e1 el Senado"},"content":{"rendered":"<p><em>Un candente proyecto de ley que se refiere a la propiedad de la tierra de los campesinos ind\u00edgenas y peque\u00f1os agricultores ser\u00e1 debatido en la C\u00e1mara de Senadores, a donde subi\u00f3 de la C\u00e1mara de Diputados, luego de que fue aprobada, al parecer, precipitadamente.<\/em><br \/>\n<em>Ese proyecto fue pasado del Ejecutivo al Legislativo durante el gobierno de Luis Arce, pero qued\u00f3 bloqueado por el poco inter\u00e9s de los diputados de entonces y la crisis pol\u00edtica que origin\u00f3 un nuevo gobierno, producto de elecciones generales, hoy encabezado por Rodrigo Paz Pereira.<\/em><br \/>\n<em>En forma inicial, dicho proyecto de ley recogi\u00f3 iniciativas de campa\u00f1as de prensa para que se solucione el problema de la prohibici\u00f3n a la venta de tierras de peque\u00f1os propietarios. Esa medida implica dejar a los hombres del arado, sin derecho de propiedad sobre sus terrenos. Tal disposici\u00f3n estaba en vigencia desde el gobierno de Ren\u00e9 Barrientos, de hace unos sesenta a\u00f1os. Esa prohibici\u00f3n fue prolongada por los gobiernos de Gonzalo S\u00e1nchez de Lozada y siguientes, y culmin\u00f3 con el de Evo Morales, que lo convirti\u00f3 en ley, con numerosas adiciones antidemocr\u00e1ticas. Est\u00e1 en plena vigencia en el presente.<\/em><br \/>\n<em>Sin embargo, ahora la aprobaci\u00f3n del proyecto de ley en Diputados se produjo sin mayor conocimiento p\u00fablico y menos de los campesinos relacionados con el problema. Tampoco fue difundido en los centros agrarios de especialistas que existen en el pa\u00eds. Por lo que se conoce de ese proyecto de ley, es que se trata de un plan idealista que no toca la cuesti\u00f3n central de la tierra y mucho menos aspectos hist\u00f3ricos, econ\u00f3micos y pol\u00edticos.<\/em><br \/>\n<em>Menos se sabe que disposiciones reaccionarias fueron la causa para que la agricultura ind\u00edgena de Bolivia caiga en decadencia y se produjera un desastre agrario sin precedentes, que origin\u00f3 que el pueblo boliviano tenga que vivir con productos importados, tanto por v\u00eda oficial como del contrabando. Tambi\u00e9n se ocasion\u00f3 el abandono de alrededor de un mill\u00f3n de hect\u00e1reas de tierras cultivables en la regi\u00f3n andina, la migraci\u00f3n de millones de campesinos a pa\u00edses vecinos, as\u00ed como el desarrollo del latifundismo, por un lado y del minifundismo, por otro,<\/em><br \/>\n<em>Es m\u00e1s, existe la amenaza de que el proyecto hoy en debate agrave a\u00fan m\u00e1s el problema agrario, en vista del conocimiento solo emp\u00edrico y positivista de algunos senadores, lo cual podr\u00eda conducir al agravamiento de la econom\u00eda de naciones y, adem\u00e1s, de la vida pol\u00edtica.<\/em><br \/>\n<em>Se debe hacer menci\u00f3n especial al hecho de que todas las revoluciones ocurridas en Am\u00e9rica Latina, incluyendo la boliviana, fracasaron por no haber solucionado el problema agrario. Por ello se dedicaron a hacer gastos para la importaci\u00f3n de alimentos, con divisas de las reservas internacionales, lo que condujo a esos pa\u00edses a la quiebra, como ocurri\u00f3 en Bolivia con el gobierno de Evo Morales. De paso, se puede decir que, si este asunto no es arreglado a fondo, volver\u00e1n las tempestades pol\u00edticas y no menos las crisis econ\u00f3micas, incluyendo la hambruna y falta de divisas para importar alimentos.<\/em><\/p>\n","protected":false},"excerpt":{"rendered":"<p>Un candente proyecto de ley que se refiere a la propiedad de la tierra de los campesinos ind\u00edgenas y peque\u00f1os agricultores ser\u00e1 debatido en la C\u00e1mara de Senadores, a donde subi\u00f3 de la C\u00e1mara de Diputados, luego de que fue aprobada, al parecer, precipitadamente. Ese proyecto fue pasado del Ejecutivo al Legislativo durante el gobierno [&hellip;]<\/p>\n","protected":false},"author":1,"featured_media":194776,"comment_status":"closed","ping_status":"open","sticky":false,"template":"","format":"standard","meta":{"_acf_changed":false,"footnotes":""},"categories":[4],"tags":[],"class_list":["post-372403","post","type-post","status-publish","format-standard","has-post-thumbnail","category-editorial"],"acf":{"antetitulo":""},"yoast_head":"<!-- This site is optimized with the Yoast SEO plugin v28.4 - https:\/\/yoast.com\/product\/yoast-seo-wordpress\/ -->\n<title>Candente ley agraria debatir\u00e1 el Senado - El Diario - Bolivia<\/title>\n<meta name=\"robots\" content=\"index, follow, max-snippet:-1, max-image-preview:large, max-video-preview:-1\" \/>\n<link rel=\"canonical\" href=\"https:\/\/www.eldiario.net\/portal\/2026\/03\/02\/candente-ley-agraria-debatira-el-senado\/\" \/>\n<meta property=\"og:locale\" content=\"es_ES\" \/>\n<meta property=\"og:type\" content=\"article\" \/>\n<meta property=\"og:title\" content=\"Candente ley agraria debatir\u00e1 el Senado - El Diario - Bolivia\" \/>\n<meta property=\"og:description\" content=\"Un candente proyecto de ley que se refiere a la propiedad de la tierra de los campesinos ind\u00edgenas y peque\u00f1os agricultores ser\u00e1 debatido en la C\u00e1mara de Senadores, a donde subi\u00f3 de la C\u00e1mara de Diputados, luego de que fue aprobada, al parecer, precipitadamente. Ese proyecto fue pasado del Ejecutivo al Legislativo durante el gobierno [&hellip;]\" \/>\n<meta property=\"og:url\" content=\"https:\/\/www.eldiario.net\/portal\/2026\/03\/02\/candente-ley-agraria-debatira-el-senado\/\" \/>\n<meta property=\"og:site_name\" content=\"El Diario - Bolivia\" \/>\n<meta property=\"article:publisher\" content=\"https:\/\/www.facebook.com\/eldiario.bolivia\/\" \/>\n<meta property=\"article:published_time\" content=\"2026-03-02T09:53:20+00:00\" \/>\n<meta property=\"og:image\" content=\"https:\/\/www.eldiario.net\/portal\/wp-content\/uploads\/2023\/12\/Editorial.jpg\" \/>\n\t<meta property=\"og:image:width\" content=\"800\" \/>\n\t<meta property=\"og:image:height\" content=\"500\" \/>\n\t<meta property=\"og:image:type\" content=\"image\/jpeg\" \/>\n<meta name=\"author\" content=\"Jeanette\" \/>\n<meta name=\"twitter:card\" content=\"summary_large_image\" \/>\n<meta name=\"twitter:creator\" content=\"@eldiario_net\" \/>\n<meta name=\"twitter:site\" content=\"@eldiario_net\" \/>\n<meta name=\"twitter:label1\" content=\"Escrito por\" \/>\n\t<meta name=\"twitter:data1\" content=\"Jeanette\" \/>\n\t<meta name=\"twitter:label2\" content=\"Tiempo de lectura\" \/>\n\t<meta name=\"twitter:data2\" content=\"3 minutos\" \/>\n<script type=\"application\/ld+json\" class=\"yoast-schema-graph\">{\"@context\":\"https:\\\/\\\/schema.org\",\"@graph\":[{\"@type\":\"Article\",\"@id\":\"https:\\\/\\\/www.eldiario.net\\\/portal\\\/2026\\\/03\\\/02\\\/candente-ley-agraria-debatira-el-senado\\\/#article\",\"isPartOf\":{\"@id\":\"https:\\\/\\\/www.eldiario.net\\\/portal\\\/2026\\\/03\\\/02\\\/candente-ley-agraria-debatira-el-senado\\\/\"},\"author\":{\"name\":\"Jeanette\",\"@id\":\"https:\\\/\\\/www.eldiario.net\\\/portal\\\/#\\\/schema\\\/person\\\/f46445640444750d7d753ccd04ae01b7\"},\"headline\":\"Candente ley agraria debatir\u00e1 el Senado\",\"datePublished\":\"2026-03-02T09:53:20+00:00\",\"mainEntityOfPage\":{\"@id\":\"https:\\\/\\\/www.eldiario.net\\\/portal\\\/2026\\\/03\\\/02\\\/candente-ley-agraria-debatira-el-senado\\\/\"},\"wordCount\":545,\"publisher\":{\"@id\":\"https:\\\/\\\/www.eldiario.net\\\/portal\\\/#organization\"},\"image\":{\"@id\":\"https:\\\/\\\/www.eldiario.net\\\/portal\\\/2026\\\/03\\\/02\\\/candente-ley-agraria-debatira-el-senado\\\/#primaryimage\"},\"thumbnailUrl\":\"https:\\\/\\\/www.eldiario.net\\\/portal\\\/wp-content\\\/uploads\\\/2023\\\/12\\\/Editorial.jpg\",\"articleSection\":[\"Editorial\"],\"inLanguage\":\"es\"},{\"@type\":\"WebPage\",\"@id\":\"https:\\\/\\\/www.eldiario.net\\\/portal\\\/2026\\\/03\\\/02\\\/candente-ley-agraria-debatira-el-senado\\\/\",\"url\":\"https:\\\/\\\/www.eldiario.net\\\/portal\\\/2026\\\/03\\\/02\\\/candente-ley-agraria-debatira-el-senado\\\/\",\"name\":\"Candente ley agraria debatir\u00e1 el Senado - El Diario - Bolivia\",\"isPartOf\":{\"@id\":\"https:\\\/\\\/www.eldiario.net\\\/portal\\\/#website\"},\"primaryImageOfPage\":{\"@id\":\"https:\\\/\\\/www.eldiario.net\\\/portal\\\/2026\\\/03\\\/02\\\/candente-ley-agraria-debatira-el-senado\\\/#primaryimage\"},\"image\":{\"@id\":\"https:\\\/\\\/www.eldiario.net\\\/portal\\\/2026\\\/03\\\/02\\\/candente-ley-agraria-debatira-el-senado\\\/#primaryimage\"},\"thumbnailUrl\":\"https:\\\/\\\/www.eldiario.net\\\/portal\\\/wp-content\\\/uploads\\\/2023\\\/12\\\/Editorial.jpg\",\"datePublished\":\"2026-03-02T09:53:20+00:00\",\"breadcrumb\":{\"@id\":\"https:\\\/\\\/www.eldiario.net\\\/portal\\\/2026\\\/03\\\/02\\\/candente-ley-agraria-debatira-el-senado\\\/#breadcrumb\"},\"inLanguage\":\"es\",\"potentialAction\":[{\"@type\":\"ReadAction\",\"target\":[\"https:\\\/\\\/www.eldiario.net\\\/portal\\\/2026\\\/03\\\/02\\\/candente-ley-agraria-debatira-el-senado\\\/\"]}]},{\"@type\":\"ImageObject\",\"inLanguage\":\"es\",\"@id\":\"https:\\\/\\\/www.eldiario.net\\\/portal\\\/2026\\\/03\\\/02\\\/candente-ley-agraria-debatira-el-senado\\\/#primaryimage\",\"url\":\"https:\\\/\\\/www.eldiario.net\\\/portal\\\/wp-content\\\/uploads\\\/2023\\\/12\\\/Editorial.jpg\",\"contentUrl\":\"https:\\\/\\\/www.eldiario.net\\\/portal\\\/wp-content\\\/uploads\\\/2023\\\/12\\\/Editorial.jpg\",\"width\":800,\"height\":500},{\"@type\":\"BreadcrumbList\",\"@id\":\"https:\\\/\\\/www.eldiario.net\\\/portal\\\/2026\\\/03\\\/02\\\/candente-ley-agraria-debatira-el-senado\\\/#breadcrumb\",\"itemListElement\":[{\"@type\":\"ListItem\",\"position\":1,\"name\":\"Portada\",\"item\":\"https:\\\/\\\/www.eldiario.net\\\/portal\\\/\"},{\"@type\":\"ListItem\",\"position\":2,\"name\":\"Candente ley agraria debatir\u00e1 el Senado\"}]},{\"@type\":\"WebSite\",\"@id\":\"https:\\\/\\\/www.eldiario.net\\\/portal\\\/#website\",\"url\":\"https:\\\/\\\/www.eldiario.net\\\/portal\\\/\",\"name\":\"El Diario - Decano de la prensa nacional\",\"description\":\"El Diario - Decano de la prensa nacional\",\"publisher\":{\"@id\":\"https:\\\/\\\/www.eldiario.net\\\/portal\\\/#organization\"},\"potentialAction\":[{\"@type\":\"SearchAction\",\"target\":{\"@type\":\"EntryPoint\",\"urlTemplate\":\"https:\\\/\\\/www.eldiario.net\\\/portal\\\/?s={search_term_string}\"},\"query-input\":{\"@type\":\"PropertyValueSpecification\",\"valueRequired\":true,\"valueName\":\"search_term_string\"}}],\"inLanguage\":\"es\"},{\"@type\":\"Organization\",\"@id\":\"https:\\\/\\\/www.eldiario.net\\\/portal\\\/#organization\",\"name\":\"El Diario - Decano de la prensa nacional\",\"url\":\"https:\\\/\\\/www.eldiario.net\\\/portal\\\/\",\"logo\":{\"@type\":\"ImageObject\",\"inLanguage\":\"es\",\"@id\":\"https:\\\/\\\/www.eldiario.net\\\/portal\\\/#\\\/schema\\\/logo\\\/image\\\/\",\"url\":\"https:\\\/\\\/www.eldiario.net\\\/portal\\\/wp-content\\\/uploads\\\/2023\\\/07\\\/logo_ED.jpg\",\"contentUrl\":\"https:\\\/\\\/www.eldiario.net\\\/portal\\\/wp-content\\\/uploads\\\/2023\\\/07\\\/logo_ED.jpg\",\"width\":272,\"height\":52,\"caption\":\"El Diario - Decano de la prensa nacional\"},\"image\":{\"@id\":\"https:\\\/\\\/www.eldiario.net\\\/portal\\\/#\\\/schema\\\/logo\\\/image\\\/\"},\"sameAs\":[\"https:\\\/\\\/www.facebook.com\\\/eldiario.bolivia\\\/\",\"https:\\\/\\\/x.com\\\/eldiario_net\"]},{\"@type\":\"Person\",\"@id\":\"https:\\\/\\\/www.eldiario.net\\\/portal\\\/#\\\/schema\\\/person\\\/f46445640444750d7d753ccd04ae01b7\",\"name\":\"Jeanette\",\"image\":{\"@type\":\"ImageObject\",\"inLanguage\":\"es\",\"@id\":\"https:\\\/\\\/secure.gravatar.com\\\/avatar\\\/3ea2118a5f7dad2b7138b1187a6b7ee55f160b9968b66013c3a3ef39dd7e5798?s=96&d=mm&r=g\",\"url\":\"https:\\\/\\\/secure.gravatar.com\\\/avatar\\\/3ea2118a5f7dad2b7138b1187a6b7ee55f160b9968b66013c3a3ef39dd7e5798?s=96&d=mm&r=g\",\"contentUrl\":\"https:\\\/\\\/secure.gravatar.com\\\/avatar\\\/3ea2118a5f7dad2b7138b1187a6b7ee55f160b9968b66013c3a3ef39dd7e5798?s=96&d=mm&r=g\",\"caption\":\"Jeanette\"},\"sameAs\":[\"https:\\\/\\\/www.eldiario.net\\\/portal\"],\"url\":\"https:\\\/\\\/www.eldiario.net\\\/portal\\\/author\\\/jeanette\\\/\"}]}<\/script>\n<!-- \/ Yoast SEO plugin. -->","yoast_head_json":{"title":"Candente ley agraria debatir\u00e1 el Senado - El Diario - Bolivia","robots":{"index":"index","follow":"follow","max-snippet":"max-snippet:-1","max-image-preview":"max-image-preview:large","max-video-preview":"max-video-preview:-1"},"canonical":"https:\/\/www.eldiario.net\/portal\/2026\/03\/02\/candente-ley-agraria-debatira-el-senado\/","og_locale":"es_ES","og_type":"article","og_title":"Candente ley agraria debatir\u00e1 el Senado - El Diario - Bolivia","og_description":"Un candente proyecto de ley que se refiere a la propiedad de la tierra de los campesinos ind\u00edgenas y peque\u00f1os agricultores ser\u00e1 debatido en la C\u00e1mara de Senadores, a donde subi\u00f3 de la C\u00e1mara de Diputados, luego de que fue aprobada, al parecer, precipitadamente. Ese proyecto fue pasado del Ejecutivo al Legislativo durante el gobierno [&hellip;]","og_url":"https:\/\/www.eldiario.net\/portal\/2026\/03\/02\/candente-ley-agraria-debatira-el-senado\/","og_site_name":"El Diario - Bolivia","article_publisher":"https:\/\/www.facebook.com\/eldiario.bolivia\/","article_published_time":"2026-03-02T09:53:20+00:00","og_image":[{"width":800,"height":500,"url":"https:\/\/www.eldiario.net\/portal\/wp-content\/uploads\/2023\/12\/Editorial.jpg","type":"image\/jpeg"}],"author":"Jeanette","twitter_card":"summary_large_image","twitter_creator":"@eldiario_net","twitter_site":"@eldiario_net","twitter_misc":{"Escrito por":"Jeanette","Tiempo de lectura":"3 minutos"},"schema":{"@context":"https:\/\/schema.org","@graph":[{"@type":"Article","@id":"https:\/\/www.eldiario.net\/portal\/2026\/03\/02\/candente-ley-agraria-debatira-el-senado\/#article","isPartOf":{"@id":"https:\/\/www.eldiario.net\/portal\/2026\/03\/02\/candente-ley-agraria-debatira-el-senado\/"},"author":{"name":"Jeanette","@id":"https:\/\/www.eldiario.net\/portal\/#\/schema\/person\/f46445640444750d7d753ccd04ae01b7"},"headline":"Candente ley agraria debatir\u00e1 el Senado","datePublished":"2026-03-02T09:53:20+00:00","mainEntityOfPage":{"@id":"https:\/\/www.eldiario.net\/portal\/2026\/03\/02\/candente-ley-agraria-debatira-el-senado\/"},"wordCount":545,"publisher":{"@id":"https:\/\/www.eldiario.net\/portal\/#organization"},"image":{"@id":"https:\/\/www.eldiario.net\/portal\/2026\/03\/02\/candente-ley-agraria-debatira-el-senado\/#primaryimage"},"thumbnailUrl":"https:\/\/www.eldiario.net\/portal\/wp-content\/uploads\/2023\/12\/Editorial.jpg","articleSection":["Editorial"],"inLanguage":"es"},{"@type":"WebPage","@id":"https:\/\/www.eldiario.net\/portal\/2026\/03\/02\/candente-ley-agraria-debatira-el-senado\/","url":"https:\/\/www.eldiario.net\/portal\/2026\/03\/02\/candente-ley-agraria-debatira-el-senado\/","name":"Candente ley agraria debatir\u00e1 el Senado - El Diario - Bolivia","isPartOf":{"@id":"https:\/\/www.eldiario.net\/portal\/#website"},"primaryImageOfPage":{"@id":"https:\/\/www.eldiario.net\/portal\/2026\/03\/02\/candente-ley-agraria-debatira-el-senado\/#primaryimage"},"image":{"@id":"https:\/\/www.eldiario.net\/portal\/2026\/03\/02\/candente-ley-agraria-debatira-el-senado\/#primaryimage"},"thumbnailUrl":"https:\/\/www.eldiario.net\/portal\/wp-content\/uploads\/2023\/12\/Editorial.jpg","datePublished":"2026-03-02T09:53:20+00:00","breadcrumb":{"@id":"https:\/\/www.eldiario.net\/portal\/2026\/03\/02\/candente-ley-agraria-debatira-el-senado\/#breadcrumb"},"inLanguage":"es","potentialAction":[{"@type":"ReadAction","target":["https:\/\/www.eldiario.net\/portal\/2026\/03\/02\/candente-ley-agraria-debatira-el-senado\/"]}]},{"@type":"ImageObject","inLanguage":"es","@id":"https:\/\/www.eldiario.net\/portal\/2026\/03\/02\/candente-ley-agraria-debatira-el-senado\/#primaryimage","url":"https:\/\/www.eldiario.net\/portal\/wp-content\/uploads\/2023\/12\/Editorial.jpg","contentUrl":"https:\/\/www.eldiario.net\/portal\/wp-content\/uploads\/2023\/12\/Editorial.jpg","width":800,"height":500},{"@type":"BreadcrumbList","@id":"https:\/\/www.eldiario.net\/portal\/2026\/03\/02\/candente-ley-agraria-debatira-el-senado\/#breadcrumb","itemListElement":[{"@type":"ListItem","position":1,"name":"Portada","item":"https:\/\/www.eldiario.net\/portal\/"},{"@type":"ListItem","position":2,"name":"Candente ley agraria debatir\u00e1 el Senado"}]},{"@type":"WebSite","@id":"https:\/\/www.eldiario.net\/portal\/#website","url":"https:\/\/www.eldiario.net\/portal\/","name":"El Diario - Decano de la prensa nacional","description":"El Diario - Decano de la prensa nacional","publisher":{"@id":"https:\/\/www.eldiario.net\/portal\/#organization"},"potentialAction":[{"@type":"SearchAction","target":{"@type":"EntryPoint","urlTemplate":"https:\/\/www.eldiario.net\/portal\/?s={search_term_string}"},"query-input":{"@type":"PropertyValueSpecification","valueRequired":true,"valueName":"search_term_string"}}],"inLanguage":"es"},{"@type":"Organization","@id":"https:\/\/www.eldiario.net\/portal\/#organization","name":"El Diario - Decano de la prensa nacional","url":"https:\/\/www.eldiario.net\/portal\/","logo":{"@type":"ImageObject","inLanguage":"es","@id":"https:\/\/www.eldiario.net\/portal\/#\/schema\/logo\/image\/","url":"https:\/\/www.eldiario.net\/portal\/wp-content\/uploads\/2023\/07\/logo_ED.jpg","contentUrl":"https:\/\/www.eldiario.net\/portal\/wp-content\/uploads\/2023\/07\/logo_ED.jpg","width":272,"height":52,"caption":"El Diario - Decano de la prensa nacional"},"image":{"@id":"https:\/\/www.eldiario.net\/portal\/#\/schema\/logo\/image\/"},"sameAs":["https:\/\/www.facebook.com\/eldiario.bolivia\/","https:\/\/x.com\/eldiario_net"]},{"@type":"Person","@id":"https:\/\/www.eldiario.net\/portal\/#\/schema\/person\/f46445640444750d7d753ccd04ae01b7","name":"Jeanette","image":{"@type":"ImageObject","inLanguage":"es","@id":"https:\/\/secure.gravatar.com\/avatar\/3ea2118a5f7dad2b7138b1187a6b7ee55f160b9968b66013c3a3ef39dd7e5798?s=96&d=mm&r=g","url":"https:\/\/secure.gravatar.com\/avatar\/3ea2118a5f7dad2b7138b1187a6b7ee55f160b9968b66013c3a3ef39dd7e5798?s=96&d=mm&r=g","contentUrl":"https:\/\/secure.gravatar.com\/avatar\/3ea2118a5f7dad2b7138b1187a6b7ee55f160b9968b66013c3a3ef39dd7e5798?s=96&d=mm&r=g","caption":"Jeanette"},"sameAs":["https:\/\/www.eldiario.net\/portal"],"url":"https:\/\/www.eldiario.net\/portal\/author\/jeanette\/"}]}},"_links":{"self":[{"href":"https:\/\/www.eldiario.net\/portal\/wp-json\/wp\/v2\/posts\/372403","targetHints":{"allow":["GET"]}}],"collection":[{"href":"https:\/\/www.eldiario.net\/portal\/wp-json\/wp\/v2\/posts"}],"about":[{"href":"https:\/\/www.eldiario.net\/portal\/wp-json\/wp\/v2\/types\/post"}],"author":[{"embeddable":true,"href":"https:\/\/www.eldiario.net\/portal\/wp-json\/wp\/v2\/users\/1"}],"replies":[{"embeddable":true,"href":"https:\/\/www.eldiario.net\/portal\/wp-json\/wp\/v2\/comments?post=372403"}],"version-history":[{"count":1,"href":"https:\/\/www.eldiario.net\/portal\/wp-json\/wp\/v2\/posts\/372403\/revisions"}],"predecessor-version":[{"id":372404,"href":"https:\/\/www.eldiario.net\/portal\/wp-json\/wp\/v2\/posts\/372403\/revisions\/372404"}],"wp:featuredmedia":[{"embeddable":true,"href":"https:\/\/www.eldiario.net\/portal\/wp-json\/wp\/v2\/media\/194776"}],"wp:attachment":[{"href":"https:\/\/www.eldiario.net\/portal\/wp-json\/wp\/v2\/media?parent=372403"}],"wp:term":[{"taxonomy":"category","embeddable":true,"href":"https:\/\/www.eldiario.net\/portal\/wp-json\/wp\/v2\/categories?post=372403"},{"taxonomy":"post_tag","embeddable":true,"href":"https:\/\/www.eldiario.net\/portal\/wp-json\/wp\/v2\/tags?post=372403"}],"curies":[{"name":"wp","href":"https:\/\/api.w.org\/{rel}","templated":true}]}}