{"id":372401,"date":"2026-03-02T05:52:17","date_gmt":"2026-03-02T09:52:17","guid":{"rendered":"https:\/\/www.eldiario.net\/portal\/?p=372401"},"modified":"2026-03-02T05:52:17","modified_gmt":"2026-03-02T09:52:17","slug":"horoscopo-wm-747","status":"publish","type":"post","link":"https:\/\/www.eldiario.net\/portal\/2026\/03\/02\/horoscopo-wm-747\/","title":{"rendered":"Hor\u00f3scopo WM"},"content":{"rendered":"<p>A nuestros lectores: Betty B. Mercado, sobrina y colaboradora del fallecido astr\u00f3logo Walter Mercado, contin\u00faa su legado escribiendo el hor\u00f3scopo del d\u00eda.<br \/>\nAries\u200b<br \/>\n(20 de marzo &#8211; 18 de abril)<br \/>\nExperimentar\u00e1s ahora una conexi\u00f3n espiritual con la riqueza, pero se impone que controles tus emociones. No explotes por tonter\u00edas. Seg\u00fan t\u00fa amas la libertad, da libertad a los seres que amas. Aplica a tu vida afirmaciones positivas para atraer la prosperidad. Arri\u00e9sgate cuidadosamente y te ir\u00e1 bien en el sector econ\u00f3mico. N\u00fameros de suerte: 27, 16, 39.<br \/>\nTauro\u200b<br \/>\n(19 de abril &#8211; 19 de mayo)<br \/>\nEl mundo de lo invisible, de lo espiritual ser\u00e1 ahora toda una realidad para ti. Lo que recibas en sue\u00f1os se te har\u00e1 realidad muy pronto. Ser\u00e1s consejero de muchos y llevar\u00e1s la luz de la verdad a seres fanatizados y retr\u00f3grados. Todo viaje te brindar\u00e1 mucha suerte y \u00e9xitos inimaginables. Tu fe en Dios, en el ser Supremo se acrecienta. N\u00fameros de suerte: 7, 49, 13.<br \/>\nG\u00e9minis\u200b<br \/>\n(20 de mayo &#8211; 19 de junio)<br \/>\nTodo lo que realices ahora lo har\u00e1s con suma pasi\u00f3n y dedicaci\u00f3n. Ha llegado el momento de brillar en el frente profesional. Nadie podr\u00e1 igualarte en la labor que lleves a cabo. Tu inter\u00e9s por tener dinero para ti y los tuyos aumenta. Sigue tu intuici\u00f3n en decisiones econ\u00f3micas. S\u00e1cale provecho a tus talentos y habilidades. N\u00fameros de suerte: 16, 3, 42.<br \/>\nC\u00e1ncer\u200b<br \/>\n(20 de junio &#8211; 21 de julio)<br \/>\nTe destacas en el mundo del arte, las comunicaciones y la publicidad. Ser\u00e1s la inspiraci\u00f3n y el modelo de aquellos que se encuentran en la b\u00fasqueda de orientaci\u00f3n y luz. Tu actitud ante el amor ser\u00e1 m\u00e1s espiritual y realista. Te unir\u00e1s a alguien compatible, sensible y rom\u00e1ntico usando tu mente y tu coraz\u00f3n. N\u00fameros de suerte: 9, 18, 2.<br \/>\nLeo\u200b<br \/>\n(22 de julio &#8211; 21 de agosto)<br \/>\nAsuntos sentimentales pasan a un primer plano. Ya no te deslumbrar\u00e1 la belleza f\u00edsica de algunos seres humanos. Ser\u00e1s ahora m\u00e1s cuidadoso y precavido en el terreno del amor. Se acabaron las fantas\u00edas, Leo. Ahora te plantas en la realidad junto a alguien pr\u00e1ctico, realista y comprensivo. N\u00fameros de suerte: 20, 15, 32.<br \/>\nVirgo\u200b<br \/>\n(22 de agosto &#8211; 21 de sept.)<br \/>\nLas estrellas te abren las puertas del progreso. Te proyectar\u00e1s fuerte, consistente y seguro de ti mismo. Te las ingeniar\u00e1s para encontrar nuevas formas de incrementar tus ingresos econ\u00f3micos. No te agotes realizando mil actividades y conc\u00e9ntrate en lo que m\u00e1s llame tu atenci\u00f3n. Viajes al extranjero se encuentran bien aspectados. N\u00fameros de suerte: 19, 22, 3.<br \/>\nLibra\u200b<br \/>\n(22 de sept. &#8211; 22 de oct.)<br \/>\nNo te quedes paralizado en el ayer y modern\u00edzate en todo. Fluye con la corriente misma. Experimenta con nuevas t\u00e1cticas para el logro de tus metas. Dale mayor importancia ahora a tu salud f\u00edsica y mental. Es buen momento para que te pongas en \u00f3ptimas condiciones y aproveches toda la energ\u00eda positiva que los planetas te brindan. N\u00fameros de suerte: 33, 28, 10.<br \/>\nEscorpio\u200b<br \/>\n(23 de oct. &#8211; 20 de nov.)<br \/>\nCambia tu rumbo laboral hacia aquello que te guste hacer. No hagas nada que te lleve a sentirte frustrado u obligado. Cuanto m\u00e1s feliz, m\u00e1s productivo ser\u00e1s y mejores ser\u00e1n tus ingresos econ\u00f3micos. Se impone que dividas tu tiempo sabiamente para que puedas cumplir con tus obligaciones y te sobre tiempo para cuidarte y divertirte. N\u00fameros de suerte: 31, 4, 26.<br \/>\nSagitario\u200b<br \/>\n(21 de nov. &#8211; 20 de dic.)<br \/>\nNo sigas enfocado en lo que nada te ofrece y te hace perder tu tiempo de brillantes. Podr\u00e1s contar con excelentes amistades que te dar\u00e1n toda la ayuda que necesitas. Tendr\u00e1s ahora la independencia y el libre albedr\u00edo de escoger c\u00f3mo deseas que sea tu vida, pero escucha lo que tienen que decir los dem\u00e1s y aplica aquello que m\u00e1s te conviene. N\u00fameros de suerte: 11, 34, 8.<br \/>\nCapricornio\u200b<br \/>\n(21 de dic. &#8211; 18 de ene.)<br \/>\nUna vez m\u00e1s, ayuda y colabora con tu familia, pero que no abusen de tu generoso coraz\u00f3n. Tu franqueza te seguir\u00e1 sirviendo de arma para clarificar dudas y sospechas tanto en tu lugar de trabajo como en tu c\u00edrculo familiar y de amistades. Respeta la autoridad m\u00e9dica y sigue los consejos, aunque tu salud luce mejor aspectada. N\u00fameros de suerte: 50, 37, 21.<br \/>\nAcuario\u200b<br \/>\n(19 de ene. &#8211; 17 de feb.)<br \/>\nTe sentir\u00e1s hoy lleno de entusiasmo, vitalidad y energ\u00eda positiva. Te recuperar\u00e1s r\u00e1pidamente de todo malestar o problema de salud. Si te encuentras en busca de trabajo, ahora podr\u00e1s probar tu gran versatilidad. T\u00fa lo podr\u00e1s hacer todo y lo har\u00e1s mejor que nadie. Da lo mejor de ti en el frente laboral, pero no te compares con nadie. N\u00fameros de suerte: 14, 25, 6.<br \/>\nPiscis\u200b<br \/>\n(18 de feb. &#8211; 19 de marzo)<br \/>\nEstar\u00e1s bajo raros e impredecibles cambios. Contin\u00faa estudiando, observando el mundo que te rodea y escuchando a aquellos que te aconsejan correctamente. Tu imagen p\u00fablica se encuentra ahora bajo la cr\u00edtica por lo que tienes que cuidar tanto de tu apariencia personal como todo lo que comunicas. N\u00fameros de suerte: 30, 1, 45.<\/p>\n","protected":false},"excerpt":{"rendered":"<p>A nuestros lectores: Betty B. Mercado, sobrina y colaboradora del fallecido astr\u00f3logo Walter Mercado, contin\u00faa su legado escribiendo el hor\u00f3scopo del d\u00eda. Aries\u200b (20 de marzo &#8211; 18 de abril) Experimentar\u00e1s ahora una conexi\u00f3n espiritual con la riqueza, pero se impone que controles tus emociones. No explotes por tonter\u00edas. Seg\u00fan t\u00fa amas la libertad, da [&hellip;]<\/p>\n","protected":false},"author":1,"featured_media":203967,"comment_status":"closed","ping_status":"open","sticky":false,"template":"","format":"standard","meta":{"_acf_changed":false,"footnotes":""},"categories":[8],"tags":[],"class_list":["post-372401","post","type-post","status-publish","format-standard","has-post-thumbnail","category-cultural"],"acf":{"antetitulo":""},"yoast_head":"<!-- This site is optimized with the Yoast SEO plugin v28.4 - https:\/\/yoast.com\/product\/yoast-seo-wordpress\/ -->\n<title>Hor\u00f3scopo WM - El Diario - Bolivia<\/title>\n<meta name=\"robots\" content=\"index, follow, max-snippet:-1, max-image-preview:large, max-video-preview:-1\" \/>\n<link rel=\"canonical\" href=\"https:\/\/www.eldiario.net\/portal\/2026\/03\/02\/horoscopo-wm-747\/\" \/>\n<meta property=\"og:locale\" content=\"es_ES\" \/>\n<meta property=\"og:type\" content=\"article\" \/>\n<meta property=\"og:title\" content=\"Hor\u00f3scopo WM - El Diario - Bolivia\" \/>\n<meta property=\"og:description\" content=\"A nuestros lectores: Betty B. Mercado, sobrina y colaboradora del fallecido astr\u00f3logo Walter Mercado, contin\u00faa su legado escribiendo el hor\u00f3scopo del d\u00eda. Aries\u200b (20 de marzo &#8211; 18 de abril) Experimentar\u00e1s ahora una conexi\u00f3n espiritual con la riqueza, pero se impone que controles tus emociones. No explotes por tonter\u00edas. Seg\u00fan t\u00fa amas la libertad, da [&hellip;]\" \/>\n<meta property=\"og:url\" content=\"https:\/\/www.eldiario.net\/portal\/2026\/03\/02\/horoscopo-wm-747\/\" \/>\n<meta property=\"og:site_name\" content=\"El Diario - Bolivia\" \/>\n<meta property=\"article:publisher\" content=\"https:\/\/www.facebook.com\/eldiario.bolivia\/\" \/>\n<meta property=\"article:published_time\" content=\"2026-03-02T09:52:17+00:00\" \/>\n<meta property=\"og:image\" content=\"https:\/\/www.eldiario.net\/portal\/wp-content\/uploads\/2024\/02\/PISCIS.jpg\" \/>\n\t<meta property=\"og:image:width\" content=\"1200\" \/>\n\t<meta property=\"og:image:height\" content=\"675\" \/>\n\t<meta property=\"og:image:type\" content=\"image\/jpeg\" \/>\n<meta name=\"author\" content=\"Jeanette\" \/>\n<meta name=\"twitter:card\" content=\"summary_large_image\" \/>\n<meta name=\"twitter:creator\" content=\"@eldiario_net\" \/>\n<meta name=\"twitter:site\" content=\"@eldiario_net\" \/>\n<meta name=\"twitter:label1\" content=\"Escrito por\" \/>\n\t<meta name=\"twitter:data1\" content=\"Jeanette\" \/>\n\t<meta name=\"twitter:label2\" content=\"Tiempo de lectura\" \/>\n\t<meta name=\"twitter:data2\" content=\"5 minutos\" \/>\n<script type=\"application\/ld+json\" class=\"yoast-schema-graph\">{\"@context\":\"https:\\\/\\\/schema.org\",\"@graph\":[{\"@type\":\"Article\",\"@id\":\"https:\\\/\\\/www.eldiario.net\\\/portal\\\/2026\\\/03\\\/02\\\/horoscopo-wm-747\\\/#article\",\"isPartOf\":{\"@id\":\"https:\\\/\\\/www.eldiario.net\\\/portal\\\/2026\\\/03\\\/02\\\/horoscopo-wm-747\\\/\"},\"author\":{\"name\":\"Jeanette\",\"@id\":\"https:\\\/\\\/www.eldiario.net\\\/portal\\\/#\\\/schema\\\/person\\\/f46445640444750d7d753ccd04ae01b7\"},\"headline\":\"Hor\u00f3scopo WM\",\"datePublished\":\"2026-03-02T09:52:17+00:00\",\"mainEntityOfPage\":{\"@id\":\"https:\\\/\\\/www.eldiario.net\\\/portal\\\/2026\\\/03\\\/02\\\/horoscopo-wm-747\\\/\"},\"wordCount\":875,\"publisher\":{\"@id\":\"https:\\\/\\\/www.eldiario.net\\\/portal\\\/#organization\"},\"image\":{\"@id\":\"https:\\\/\\\/www.eldiario.net\\\/portal\\\/2026\\\/03\\\/02\\\/horoscopo-wm-747\\\/#primaryimage\"},\"thumbnailUrl\":\"https:\\\/\\\/www.eldiario.net\\\/portal\\\/wp-content\\\/uploads\\\/2024\\\/02\\\/PISCIS.jpg\",\"articleSection\":[\"Cultural\"],\"inLanguage\":\"es\"},{\"@type\":\"WebPage\",\"@id\":\"https:\\\/\\\/www.eldiario.net\\\/portal\\\/2026\\\/03\\\/02\\\/horoscopo-wm-747\\\/\",\"url\":\"https:\\\/\\\/www.eldiario.net\\\/portal\\\/2026\\\/03\\\/02\\\/horoscopo-wm-747\\\/\",\"name\":\"Hor\u00f3scopo WM - El Diario - Bolivia\",\"isPartOf\":{\"@id\":\"https:\\\/\\\/www.eldiario.net\\\/portal\\\/#website\"},\"primaryImageOfPage\":{\"@id\":\"https:\\\/\\\/www.eldiario.net\\\/portal\\\/2026\\\/03\\\/02\\\/horoscopo-wm-747\\\/#primaryimage\"},\"image\":{\"@id\":\"https:\\\/\\\/www.eldiario.net\\\/portal\\\/2026\\\/03\\\/02\\\/horoscopo-wm-747\\\/#primaryimage\"},\"thumbnailUrl\":\"https:\\\/\\\/www.eldiario.net\\\/portal\\\/wp-content\\\/uploads\\\/2024\\\/02\\\/PISCIS.jpg\",\"datePublished\":\"2026-03-02T09:52:17+00:00\",\"breadcrumb\":{\"@id\":\"https:\\\/\\\/www.eldiario.net\\\/portal\\\/2026\\\/03\\\/02\\\/horoscopo-wm-747\\\/#breadcrumb\"},\"inLanguage\":\"es\",\"potentialAction\":[{\"@type\":\"ReadAction\",\"target\":[\"https:\\\/\\\/www.eldiario.net\\\/portal\\\/2026\\\/03\\\/02\\\/horoscopo-wm-747\\\/\"]}]},{\"@type\":\"ImageObject\",\"inLanguage\":\"es\",\"@id\":\"https:\\\/\\\/www.eldiario.net\\\/portal\\\/2026\\\/03\\\/02\\\/horoscopo-wm-747\\\/#primaryimage\",\"url\":\"https:\\\/\\\/www.eldiario.net\\\/portal\\\/wp-content\\\/uploads\\\/2024\\\/02\\\/PISCIS.jpg\",\"contentUrl\":\"https:\\\/\\\/www.eldiario.net\\\/portal\\\/wp-content\\\/uploads\\\/2024\\\/02\\\/PISCIS.jpg\",\"width\":1200,\"height\":675},{\"@type\":\"BreadcrumbList\",\"@id\":\"https:\\\/\\\/www.eldiario.net\\\/portal\\\/2026\\\/03\\\/02\\\/horoscopo-wm-747\\\/#breadcrumb\",\"itemListElement\":[{\"@type\":\"ListItem\",\"position\":1,\"name\":\"Portada\",\"item\":\"https:\\\/\\\/www.eldiario.net\\\/portal\\\/\"},{\"@type\":\"ListItem\",\"position\":2,\"name\":\"Hor\u00f3scopo WM\"}]},{\"@type\":\"WebSite\",\"@id\":\"https:\\\/\\\/www.eldiario.net\\\/portal\\\/#website\",\"url\":\"https:\\\/\\\/www.eldiario.net\\\/portal\\\/\",\"name\":\"El Diario - Decano de la prensa nacional\",\"description\":\"El Diario - Decano de la prensa nacional\",\"publisher\":{\"@id\":\"https:\\\/\\\/www.eldiario.net\\\/portal\\\/#organization\"},\"potentialAction\":[{\"@type\":\"SearchAction\",\"target\":{\"@type\":\"EntryPoint\",\"urlTemplate\":\"https:\\\/\\\/www.eldiario.net\\\/portal\\\/?s={search_term_string}\"},\"query-input\":{\"@type\":\"PropertyValueSpecification\",\"valueRequired\":true,\"valueName\":\"search_term_string\"}}],\"inLanguage\":\"es\"},{\"@type\":\"Organization\",\"@id\":\"https:\\\/\\\/www.eldiario.net\\\/portal\\\/#organization\",\"name\":\"El Diario - Decano de la prensa nacional\",\"url\":\"https:\\\/\\\/www.eldiario.net\\\/portal\\\/\",\"logo\":{\"@type\":\"ImageObject\",\"inLanguage\":\"es\",\"@id\":\"https:\\\/\\\/www.eldiario.net\\\/portal\\\/#\\\/schema\\\/logo\\\/image\\\/\",\"url\":\"https:\\\/\\\/www.eldiario.net\\\/portal\\\/wp-content\\\/uploads\\\/2023\\\/07\\\/logo_ED.jpg\",\"contentUrl\":\"https:\\\/\\\/www.eldiario.net\\\/portal\\\/wp-content\\\/uploads\\\/2023\\\/07\\\/logo_ED.jpg\",\"width\":272,\"height\":52,\"caption\":\"El Diario - Decano de la prensa nacional\"},\"image\":{\"@id\":\"https:\\\/\\\/www.eldiario.net\\\/portal\\\/#\\\/schema\\\/logo\\\/image\\\/\"},\"sameAs\":[\"https:\\\/\\\/www.facebook.com\\\/eldiario.bolivia\\\/\",\"https:\\\/\\\/x.com\\\/eldiario_net\"]},{\"@type\":\"Person\",\"@id\":\"https:\\\/\\\/www.eldiario.net\\\/portal\\\/#\\\/schema\\\/person\\\/f46445640444750d7d753ccd04ae01b7\",\"name\":\"Jeanette\",\"image\":{\"@type\":\"ImageObject\",\"inLanguage\":\"es\",\"@id\":\"https:\\\/\\\/secure.gravatar.com\\\/avatar\\\/3ea2118a5f7dad2b7138b1187a6b7ee55f160b9968b66013c3a3ef39dd7e5798?s=96&d=mm&r=g\",\"url\":\"https:\\\/\\\/secure.gravatar.com\\\/avatar\\\/3ea2118a5f7dad2b7138b1187a6b7ee55f160b9968b66013c3a3ef39dd7e5798?s=96&d=mm&r=g\",\"contentUrl\":\"https:\\\/\\\/secure.gravatar.com\\\/avatar\\\/3ea2118a5f7dad2b7138b1187a6b7ee55f160b9968b66013c3a3ef39dd7e5798?s=96&d=mm&r=g\",\"caption\":\"Jeanette\"},\"sameAs\":[\"https:\\\/\\\/www.eldiario.net\\\/portal\"],\"url\":\"https:\\\/\\\/www.eldiario.net\\\/portal\\\/author\\\/jeanette\\\/\"}]}<\/script>\n<!-- \/ Yoast SEO plugin. -->","yoast_head_json":{"title":"Hor\u00f3scopo WM - El Diario - Bolivia","robots":{"index":"index","follow":"follow","max-snippet":"max-snippet:-1","max-image-preview":"max-image-preview:large","max-video-preview":"max-video-preview:-1"},"canonical":"https:\/\/www.eldiario.net\/portal\/2026\/03\/02\/horoscopo-wm-747\/","og_locale":"es_ES","og_type":"article","og_title":"Hor\u00f3scopo WM - El Diario - Bolivia","og_description":"A nuestros lectores: Betty B. Mercado, sobrina y colaboradora del fallecido astr\u00f3logo Walter Mercado, contin\u00faa su legado escribiendo el hor\u00f3scopo del d\u00eda. Aries\u200b (20 de marzo &#8211; 18 de abril) Experimentar\u00e1s ahora una conexi\u00f3n espiritual con la riqueza, pero se impone que controles tus emociones. No explotes por tonter\u00edas. Seg\u00fan t\u00fa amas la libertad, da [&hellip;]","og_url":"https:\/\/www.eldiario.net\/portal\/2026\/03\/02\/horoscopo-wm-747\/","og_site_name":"El Diario - Bolivia","article_publisher":"https:\/\/www.facebook.com\/eldiario.bolivia\/","article_published_time":"2026-03-02T09:52:17+00:00","og_image":[{"width":1200,"height":675,"url":"https:\/\/www.eldiario.net\/portal\/wp-content\/uploads\/2024\/02\/PISCIS.jpg","type":"image\/jpeg"}],"author":"Jeanette","twitter_card":"summary_large_image","twitter_creator":"@eldiario_net","twitter_site":"@eldiario_net","twitter_misc":{"Escrito por":"Jeanette","Tiempo de lectura":"5 minutos"},"schema":{"@context":"https:\/\/schema.org","@graph":[{"@type":"Article","@id":"https:\/\/www.eldiario.net\/portal\/2026\/03\/02\/horoscopo-wm-747\/#article","isPartOf":{"@id":"https:\/\/www.eldiario.net\/portal\/2026\/03\/02\/horoscopo-wm-747\/"},"author":{"name":"Jeanette","@id":"https:\/\/www.eldiario.net\/portal\/#\/schema\/person\/f46445640444750d7d753ccd04ae01b7"},"headline":"Hor\u00f3scopo WM","datePublished":"2026-03-02T09:52:17+00:00","mainEntityOfPage":{"@id":"https:\/\/www.eldiario.net\/portal\/2026\/03\/02\/horoscopo-wm-747\/"},"wordCount":875,"publisher":{"@id":"https:\/\/www.eldiario.net\/portal\/#organization"},"image":{"@id":"https:\/\/www.eldiario.net\/portal\/2026\/03\/02\/horoscopo-wm-747\/#primaryimage"},"thumbnailUrl":"https:\/\/www.eldiario.net\/portal\/wp-content\/uploads\/2024\/02\/PISCIS.jpg","articleSection":["Cultural"],"inLanguage":"es"},{"@type":"WebPage","@id":"https:\/\/www.eldiario.net\/portal\/2026\/03\/02\/horoscopo-wm-747\/","url":"https:\/\/www.eldiario.net\/portal\/2026\/03\/02\/horoscopo-wm-747\/","name":"Hor\u00f3scopo WM - El Diario - Bolivia","isPartOf":{"@id":"https:\/\/www.eldiario.net\/portal\/#website"},"primaryImageOfPage":{"@id":"https:\/\/www.eldiario.net\/portal\/2026\/03\/02\/horoscopo-wm-747\/#primaryimage"},"image":{"@id":"https:\/\/www.eldiario.net\/portal\/2026\/03\/02\/horoscopo-wm-747\/#primaryimage"},"thumbnailUrl":"https:\/\/www.eldiario.net\/portal\/wp-content\/uploads\/2024\/02\/PISCIS.jpg","datePublished":"2026-03-02T09:52:17+00:00","breadcrumb":{"@id":"https:\/\/www.eldiario.net\/portal\/2026\/03\/02\/horoscopo-wm-747\/#breadcrumb"},"inLanguage":"es","potentialAction":[{"@type":"ReadAction","target":["https:\/\/www.eldiario.net\/portal\/2026\/03\/02\/horoscopo-wm-747\/"]}]},{"@type":"ImageObject","inLanguage":"es","@id":"https:\/\/www.eldiario.net\/portal\/2026\/03\/02\/horoscopo-wm-747\/#primaryimage","url":"https:\/\/www.eldiario.net\/portal\/wp-content\/uploads\/2024\/02\/PISCIS.jpg","contentUrl":"https:\/\/www.eldiario.net\/portal\/wp-content\/uploads\/2024\/02\/PISCIS.jpg","width":1200,"height":675},{"@type":"BreadcrumbList","@id":"https:\/\/www.eldiario.net\/portal\/2026\/03\/02\/horoscopo-wm-747\/#breadcrumb","itemListElement":[{"@type":"ListItem","position":1,"name":"Portada","item":"https:\/\/www.eldiario.net\/portal\/"},{"@type":"ListItem","position":2,"name":"Hor\u00f3scopo WM"}]},{"@type":"WebSite","@id":"https:\/\/www.eldiario.net\/portal\/#website","url":"https:\/\/www.eldiario.net\/portal\/","name":"El Diario - Decano de la prensa nacional","description":"El Diario - Decano de la prensa nacional","publisher":{"@id":"https:\/\/www.eldiario.net\/portal\/#organization"},"potentialAction":[{"@type":"SearchAction","target":{"@type":"EntryPoint","urlTemplate":"https:\/\/www.eldiario.net\/portal\/?s={search_term_string}"},"query-input":{"@type":"PropertyValueSpecification","valueRequired":true,"valueName":"search_term_string"}}],"inLanguage":"es"},{"@type":"Organization","@id":"https:\/\/www.eldiario.net\/portal\/#organization","name":"El Diario - Decano de la prensa nacional","url":"https:\/\/www.eldiario.net\/portal\/","logo":{"@type":"ImageObject","inLanguage":"es","@id":"https:\/\/www.eldiario.net\/portal\/#\/schema\/logo\/image\/","url":"https:\/\/www.eldiario.net\/portal\/wp-content\/uploads\/2023\/07\/logo_ED.jpg","contentUrl":"https:\/\/www.eldiario.net\/portal\/wp-content\/uploads\/2023\/07\/logo_ED.jpg","width":272,"height":52,"caption":"El Diario - Decano de la prensa nacional"},"image":{"@id":"https:\/\/www.eldiario.net\/portal\/#\/schema\/logo\/image\/"},"sameAs":["https:\/\/www.facebook.com\/eldiario.bolivia\/","https:\/\/x.com\/eldiario_net"]},{"@type":"Person","@id":"https:\/\/www.eldiario.net\/portal\/#\/schema\/person\/f46445640444750d7d753ccd04ae01b7","name":"Jeanette","image":{"@type":"ImageObject","inLanguage":"es","@id":"https:\/\/secure.gravatar.com\/avatar\/3ea2118a5f7dad2b7138b1187a6b7ee55f160b9968b66013c3a3ef39dd7e5798?s=96&d=mm&r=g","url":"https:\/\/secure.gravatar.com\/avatar\/3ea2118a5f7dad2b7138b1187a6b7ee55f160b9968b66013c3a3ef39dd7e5798?s=96&d=mm&r=g","contentUrl":"https:\/\/secure.gravatar.com\/avatar\/3ea2118a5f7dad2b7138b1187a6b7ee55f160b9968b66013c3a3ef39dd7e5798?s=96&d=mm&r=g","caption":"Jeanette"},"sameAs":["https:\/\/www.eldiario.net\/portal"],"url":"https:\/\/www.eldiario.net\/portal\/author\/jeanette\/"}]}},"_links":{"self":[{"href":"https:\/\/www.eldiario.net\/portal\/wp-json\/wp\/v2\/posts\/372401","targetHints":{"allow":["GET"]}}],"collection":[{"href":"https:\/\/www.eldiario.net\/portal\/wp-json\/wp\/v2\/posts"}],"about":[{"href":"https:\/\/www.eldiario.net\/portal\/wp-json\/wp\/v2\/types\/post"}],"author":[{"embeddable":true,"href":"https:\/\/www.eldiario.net\/portal\/wp-json\/wp\/v2\/users\/1"}],"replies":[{"embeddable":true,"href":"https:\/\/www.eldiario.net\/portal\/wp-json\/wp\/v2\/comments?post=372401"}],"version-history":[{"count":1,"href":"https:\/\/www.eldiario.net\/portal\/wp-json\/wp\/v2\/posts\/372401\/revisions"}],"predecessor-version":[{"id":372402,"href":"https:\/\/www.eldiario.net\/portal\/wp-json\/wp\/v2\/posts\/372401\/revisions\/372402"}],"wp:featuredmedia":[{"embeddable":true,"href":"https:\/\/www.eldiario.net\/portal\/wp-json\/wp\/v2\/media\/203967"}],"wp:attachment":[{"href":"https:\/\/www.eldiario.net\/portal\/wp-json\/wp\/v2\/media?parent=372401"}],"wp:term":[{"taxonomy":"category","embeddable":true,"href":"https:\/\/www.eldiario.net\/portal\/wp-json\/wp\/v2\/categories?post=372401"},{"taxonomy":"post_tag","embeddable":true,"href":"https:\/\/www.eldiario.net\/portal\/wp-json\/wp\/v2\/tags?post=372401"}],"curies":[{"name":"wp","href":"https:\/\/api.w.org\/{rel}","templated":true}]}}