{"id":372397,"date":"2026-03-02T05:51:36","date_gmt":"2026-03-02T09:51:36","guid":{"rendered":"https:\/\/www.eldiario.net\/portal\/?p=372397"},"modified":"2026-03-02T05:51:36","modified_gmt":"2026-03-02T09:51:36","slug":"de-la-excelencia-de-la-unesco-a-los-retos-de-infraestructura","status":"publish","type":"post","link":"https:\/\/www.eldiario.net\/portal\/2026\/03\/02\/de-la-excelencia-de-la-unesco-a-los-retos-de-infraestructura\/","title":{"rendered":"De la excelencia de la Unesco a los retos de infraestructura"},"content":{"rendered":"<p>Por: Susana Guti\u00e9rrez<br \/>\nLa gesti\u00f3n de la cultura en Bolivia es un ejercicio de equilibrio constante entre la preservaci\u00f3n del pasado y las exigencias t\u00e9cnicas de la modernidad. Recientemente, desde el emblem\u00e1tico Museo Fernando Montes de La Paz, la Fundaci\u00f3n Cultural del Banco Central de Bolivia (FC-BCB) comparti\u00f3 los resultados de su labor durante el ciclo 2025, trazando un nuevo horizonte estrat\u00e9gico para los repositorios nacionales.<br \/>\nBajo la conducci\u00f3n de Alejandra Echaz\u00fa Conitzer, presidenta del Consejo de Administraci\u00f3n, y con el acompa\u00f1amiento del vicepresidente Freddy Franz Chipana Vargas y el director general Ra\u00fal Marcelo Paz Sold\u00e1n \u00c1vila, el informe destac\u00f3 que el patrimonio boliviano atraviesa un momento de visibilidad internacional.<br \/>\nReconocimientos que trascienden fronteras<br \/>\nEl 2025 se consolid\u00f3 como un a\u00f1o de hitos hist\u00f3ricos. La instituci\u00f3n celebr\u00f3 con orgullo la inclusi\u00f3n de cinco documentos bajo su custodia en el Programa Memoria del Mundo de la Unesco, un sello que garantiza la protecci\u00f3n y difusi\u00f3n de archivos vitales para la historia humana. A esto se sum\u00f3 la esperada inauguraci\u00f3n del Centro Cultural Museo Marina N\u00fa\u00f1ez del Prado, un nuevo espacio que expande la red de centros dedicados a la promoci\u00f3n art\u00edstica y el di\u00e1logo con la ciudadan\u00eda.<\/p>\n<p>Transparencia en<br \/>\ninfraestructura<br \/>\nSin embargo, el balance institucional no eludi\u00f3 los desaf\u00edos operativos. Con una mirada honesta y cr\u00edtica, las autoridades pusieron sobre la mesa las materias pendientes.<br \/>\nSi bien las autoridades destacaron logros institucionales, como el reconocimiento de cinco documentos bajo custodia de la FC-BCB por el Programa Memoria del Mundo de la Unesco y la inauguraci\u00f3n del Centro Cultural Museo Marina N\u00fa\u00f1ez del Prado, tambi\u00e9n manifestaron su preocupaci\u00f3n por las obras de inversi\u00f3n que a\u00fan permanecen inconclusas. Seg\u00fan detallaron, a pesar de haber contado con el presupuesto asignado, en la gesti\u00f3n anterior no se dispuso de la capacidad t\u00e9cnica suficiente para cumplir con los cronogramas de obra. Esto result\u00f3 en niveles de ejecuci\u00f3n presupuestaria en infraestructura menores a los esperados, una debilidad que la actual administraci\u00f3n se ha propuesto subsanar como prioridad para brindar el mejor servicio posible a la poblaci\u00f3n.<\/p>\n<p>Liderazgo para un<br \/>\nnuevo ciclo<br \/>\nLa FC-BCB inicia este per\u00edodo con el compromiso de fortalecer sus capacidades t\u00e9cnicas y preservar la excelencia en sus siete centros y repositorios. Este esfuerzo es liderado por un equipo de especialistas y consejeros de destacada trayectoria:<br \/>\nConsejo de Administraci\u00f3n: Alejandra Echaz\u00fa Conitzer (presidenta), Freddy Chipana Vargas (vicepresidente). Consejeros: Rossana Barrag\u00e1n Romano, Alicia A. Cort\u00e9s Soruco, Paola Claros Arteaga, Homero Carvalho Oliva y Gonzalo Azurduy Salinas.<br \/>\nDirecci\u00f3n General: Marcelo Paz Sold\u00e1n.<\/p>\n<p>DIRECTORES DE CENTROS CULTURALES Y REPOSITORIOS DEPENDIENTES DE LA FC-BCB<br \/>\nMuseo Nacional de Arte (MNA): Claribel Arandia Torres.<br \/>\nMuseo Nacional de Etnograf\u00eda y Folklore (Musef): Patricia \u00c1lvarez Quinteros.<br \/>\nCasa de la Libertad (CDL): Mario Linares Urioste.<br \/>\nCasa Nacional de Moneda (CNM): Daniel Oropeza Alba.<br \/>\nArchivo y Biblioteca Nacionales de Bolivia (ABNB): M\u00e1ximo Pacheco Balanza.<br \/>\nCentro de la Cultural Plurinacional (CCP): Luis Fernando Figueroa Solano.<br \/>\nCentro Cultural Museo Marina N\u00fa\u00f1ez del Prado (Ccmmnp): Varinia Oros Rodr\u00edguez.<\/p>\n<figure id=\"attachment_372399\" aria-describedby=\"caption-attachment-372399\" style=\"width: 1280px\" class=\"wp-caption alignleft\"><img loading=\"lazy\" decoding=\"async\" class=\"size-full wp-image-372399\" src=\"https:\/\/www.eldiario.net\/portal\/wp-content\/uploads\/2026\/03\/FOTO-2-EQUIPO.webp\" alt=\"\" width=\"1280\" height=\"1028\" srcset=\"https:\/\/www.eldiario.net\/portal\/wp-content\/uploads\/2026\/03\/FOTO-2-EQUIPO.webp 1280w, https:\/\/www.eldiario.net\/portal\/wp-content\/uploads\/2026\/03\/FOTO-2-EQUIPO-300x241.webp 300w, https:\/\/www.eldiario.net\/portal\/wp-content\/uploads\/2026\/03\/FOTO-2-EQUIPO-1024x822.webp 1024w, https:\/\/www.eldiario.net\/portal\/wp-content\/uploads\/2026\/03\/FOTO-2-EQUIPO-768x617.webp 768w, https:\/\/www.eldiario.net\/portal\/wp-content\/uploads\/2026\/03\/FOTO-2-EQUIPO-523x420.webp 523w, https:\/\/www.eldiario.net\/portal\/wp-content\/uploads\/2026\/03\/FOTO-2-EQUIPO-150x120.webp 150w, https:\/\/www.eldiario.net\/portal\/wp-content\/uploads\/2026\/03\/FOTO-2-EQUIPO-696x559.webp 696w, https:\/\/www.eldiario.net\/portal\/wp-content\/uploads\/2026\/03\/FOTO-2-EQUIPO-1068x858.webp 1068w\" sizes=\"auto, (max-width: 1280px) 100vw, 1280px\" \/><figcaption id=\"caption-attachment-372399\" class=\"wp-caption-text\">EQUIPO DE LA FUNDACI\u00d3N CULTURAL DEL BANCO CENTRAL DE BOLIVIA.<\/figcaption><\/figure>\n","protected":false},"excerpt":{"rendered":"<p>Por: Susana Guti\u00e9rrez La gesti\u00f3n de la cultura en Bolivia es un ejercicio de equilibrio constante entre la preservaci\u00f3n del pasado y las exigencias t\u00e9cnicas de la modernidad. Recientemente, desde el emblem\u00e1tico Museo Fernando Montes de La Paz, la Fundaci\u00f3n Cultural del Banco Central de Bolivia (FC-BCB) comparti\u00f3 los resultados de su labor durante el [&hellip;]<\/p>\n","protected":false},"author":1,"featured_media":372398,"comment_status":"closed","ping_status":"open","sticky":false,"template":"","format":"standard","meta":{"_acf_changed":false,"footnotes":""},"categories":[8],"tags":[],"class_list":["post-372397","post","type-post","status-publish","format-standard","has-post-thumbnail","category-cultural"],"acf":{"antetitulo":"Balance en la FC-BCB"},"yoast_head":"<!-- This site is optimized with the Yoast SEO plugin v28.4 - https:\/\/yoast.com\/product\/yoast-seo-wordpress\/ -->\n<title>De la excelencia de la Unesco a los retos de infraestructura - El Diario - Bolivia<\/title>\n<meta name=\"robots\" content=\"index, follow, max-snippet:-1, max-image-preview:large, max-video-preview:-1\" \/>\n<link rel=\"canonical\" href=\"https:\/\/www.eldiario.net\/portal\/2026\/03\/02\/de-la-excelencia-de-la-unesco-a-los-retos-de-infraestructura\/\" \/>\n<meta property=\"og:locale\" content=\"es_ES\" \/>\n<meta property=\"og:type\" content=\"article\" \/>\n<meta property=\"og:title\" content=\"De la excelencia de la Unesco a los retos de infraestructura - El Diario - Bolivia\" \/>\n<meta property=\"og:description\" content=\"Por: Susana Guti\u00e9rrez La gesti\u00f3n de la cultura en Bolivia es un ejercicio de equilibrio constante entre la preservaci\u00f3n del pasado y las exigencias t\u00e9cnicas de la modernidad. Recientemente, desde el emblem\u00e1tico Museo Fernando Montes de La Paz, la Fundaci\u00f3n Cultural del Banco Central de Bolivia (FC-BCB) comparti\u00f3 los resultados de su labor durante el [&hellip;]\" \/>\n<meta property=\"og:url\" content=\"https:\/\/www.eldiario.net\/portal\/2026\/03\/02\/de-la-excelencia-de-la-unesco-a-los-retos-de-infraestructura\/\" \/>\n<meta property=\"og:site_name\" content=\"El Diario - Bolivia\" \/>\n<meta property=\"article:publisher\" content=\"https:\/\/www.facebook.com\/eldiario.bolivia\/\" \/>\n<meta property=\"article:published_time\" content=\"2026-03-02T09:51:36+00:00\" \/>\n<meta property=\"og:image\" content=\"https:\/\/www.eldiario.net\/portal\/wp-content\/uploads\/2026\/03\/FOTO-1-ANGELA.webp\" \/>\n\t<meta property=\"og:image:width\" content=\"1280\" \/>\n\t<meta property=\"og:image:height\" content=\"854\" \/>\n\t<meta property=\"og:image:type\" content=\"image\/webp\" \/>\n<meta name=\"author\" content=\"Jeanette\" \/>\n<meta name=\"twitter:card\" content=\"summary_large_image\" \/>\n<meta name=\"twitter:creator\" content=\"@eldiario_net\" \/>\n<meta name=\"twitter:site\" content=\"@eldiario_net\" \/>\n<meta name=\"twitter:label1\" content=\"Escrito por\" \/>\n\t<meta name=\"twitter:data1\" content=\"Jeanette\" \/>\n\t<meta name=\"twitter:label2\" content=\"Tiempo de lectura\" \/>\n\t<meta name=\"twitter:data2\" content=\"3 minutos\" \/>\n<script type=\"application\/ld+json\" class=\"yoast-schema-graph\">{\"@context\":\"https:\\\/\\\/schema.org\",\"@graph\":[{\"@type\":\"Article\",\"@id\":\"https:\\\/\\\/www.eldiario.net\\\/portal\\\/2026\\\/03\\\/02\\\/de-la-excelencia-de-la-unesco-a-los-retos-de-infraestructura\\\/#article\",\"isPartOf\":{\"@id\":\"https:\\\/\\\/www.eldiario.net\\\/portal\\\/2026\\\/03\\\/02\\\/de-la-excelencia-de-la-unesco-a-los-retos-de-infraestructura\\\/\"},\"author\":{\"name\":\"Jeanette\",\"@id\":\"https:\\\/\\\/www.eldiario.net\\\/portal\\\/#\\\/schema\\\/person\\\/f46445640444750d7d753ccd04ae01b7\"},\"headline\":\"De la excelencia de la Unesco a los retos de infraestructura\",\"datePublished\":\"2026-03-02T09:51:36+00:00\",\"mainEntityOfPage\":{\"@id\":\"https:\\\/\\\/www.eldiario.net\\\/portal\\\/2026\\\/03\\\/02\\\/de-la-excelencia-de-la-unesco-a-los-retos-de-infraestructura\\\/\"},\"wordCount\":566,\"publisher\":{\"@id\":\"https:\\\/\\\/www.eldiario.net\\\/portal\\\/#organization\"},\"image\":{\"@id\":\"https:\\\/\\\/www.eldiario.net\\\/portal\\\/2026\\\/03\\\/02\\\/de-la-excelencia-de-la-unesco-a-los-retos-de-infraestructura\\\/#primaryimage\"},\"thumbnailUrl\":\"https:\\\/\\\/www.eldiario.net\\\/portal\\\/wp-content\\\/uploads\\\/2026\\\/03\\\/FOTO-1-ANGELA.webp\",\"articleSection\":[\"Cultural\"],\"inLanguage\":\"es\"},{\"@type\":\"WebPage\",\"@id\":\"https:\\\/\\\/www.eldiario.net\\\/portal\\\/2026\\\/03\\\/02\\\/de-la-excelencia-de-la-unesco-a-los-retos-de-infraestructura\\\/\",\"url\":\"https:\\\/\\\/www.eldiario.net\\\/portal\\\/2026\\\/03\\\/02\\\/de-la-excelencia-de-la-unesco-a-los-retos-de-infraestructura\\\/\",\"name\":\"De la excelencia de la Unesco a los retos de infraestructura - El Diario - Bolivia\",\"isPartOf\":{\"@id\":\"https:\\\/\\\/www.eldiario.net\\\/portal\\\/#website\"},\"primaryImageOfPage\":{\"@id\":\"https:\\\/\\\/www.eldiario.net\\\/portal\\\/2026\\\/03\\\/02\\\/de-la-excelencia-de-la-unesco-a-los-retos-de-infraestructura\\\/#primaryimage\"},\"image\":{\"@id\":\"https:\\\/\\\/www.eldiario.net\\\/portal\\\/2026\\\/03\\\/02\\\/de-la-excelencia-de-la-unesco-a-los-retos-de-infraestructura\\\/#primaryimage\"},\"thumbnailUrl\":\"https:\\\/\\\/www.eldiario.net\\\/portal\\\/wp-content\\\/uploads\\\/2026\\\/03\\\/FOTO-1-ANGELA.webp\",\"datePublished\":\"2026-03-02T09:51:36+00:00\",\"breadcrumb\":{\"@id\":\"https:\\\/\\\/www.eldiario.net\\\/portal\\\/2026\\\/03\\\/02\\\/de-la-excelencia-de-la-unesco-a-los-retos-de-infraestructura\\\/#breadcrumb\"},\"inLanguage\":\"es\",\"potentialAction\":[{\"@type\":\"ReadAction\",\"target\":[\"https:\\\/\\\/www.eldiario.net\\\/portal\\\/2026\\\/03\\\/02\\\/de-la-excelencia-de-la-unesco-a-los-retos-de-infraestructura\\\/\"]}]},{\"@type\":\"ImageObject\",\"inLanguage\":\"es\",\"@id\":\"https:\\\/\\\/www.eldiario.net\\\/portal\\\/2026\\\/03\\\/02\\\/de-la-excelencia-de-la-unesco-a-los-retos-de-infraestructura\\\/#primaryimage\",\"url\":\"https:\\\/\\\/www.eldiario.net\\\/portal\\\/wp-content\\\/uploads\\\/2026\\\/03\\\/FOTO-1-ANGELA.webp\",\"contentUrl\":\"https:\\\/\\\/www.eldiario.net\\\/portal\\\/wp-content\\\/uploads\\\/2026\\\/03\\\/FOTO-1-ANGELA.webp\",\"width\":1280,\"height\":854,\"caption\":\"ALEJANDRA ECHAZ\u00da CONITZER, PRESIDENTA DEL CONSEJO DE ADMINISTRACI\u00d3N DE LA FC-BCB.\"},{\"@type\":\"BreadcrumbList\",\"@id\":\"https:\\\/\\\/www.eldiario.net\\\/portal\\\/2026\\\/03\\\/02\\\/de-la-excelencia-de-la-unesco-a-los-retos-de-infraestructura\\\/#breadcrumb\",\"itemListElement\":[{\"@type\":\"ListItem\",\"position\":1,\"name\":\"Portada\",\"item\":\"https:\\\/\\\/www.eldiario.net\\\/portal\\\/\"},{\"@type\":\"ListItem\",\"position\":2,\"name\":\"De la excelencia de la Unesco a los retos de infraestructura\"}]},{\"@type\":\"WebSite\",\"@id\":\"https:\\\/\\\/www.eldiario.net\\\/portal\\\/#website\",\"url\":\"https:\\\/\\\/www.eldiario.net\\\/portal\\\/\",\"name\":\"El Diario - Decano de la prensa nacional\",\"description\":\"El Diario - Decano de la prensa nacional\",\"publisher\":{\"@id\":\"https:\\\/\\\/www.eldiario.net\\\/portal\\\/#organization\"},\"potentialAction\":[{\"@type\":\"SearchAction\",\"target\":{\"@type\":\"EntryPoint\",\"urlTemplate\":\"https:\\\/\\\/www.eldiario.net\\\/portal\\\/?s={search_term_string}\"},\"query-input\":{\"@type\":\"PropertyValueSpecification\",\"valueRequired\":true,\"valueName\":\"search_term_string\"}}],\"inLanguage\":\"es\"},{\"@type\":\"Organization\",\"@id\":\"https:\\\/\\\/www.eldiario.net\\\/portal\\\/#organization\",\"name\":\"El Diario - Decano de la prensa nacional\",\"url\":\"https:\\\/\\\/www.eldiario.net\\\/portal\\\/\",\"logo\":{\"@type\":\"ImageObject\",\"inLanguage\":\"es\",\"@id\":\"https:\\\/\\\/www.eldiario.net\\\/portal\\\/#\\\/schema\\\/logo\\\/image\\\/\",\"url\":\"https:\\\/\\\/www.eldiario.net\\\/portal\\\/wp-content\\\/uploads\\\/2023\\\/07\\\/logo_ED.jpg\",\"contentUrl\":\"https:\\\/\\\/www.eldiario.net\\\/portal\\\/wp-content\\\/uploads\\\/2023\\\/07\\\/logo_ED.jpg\",\"width\":272,\"height\":52,\"caption\":\"El Diario - Decano de la prensa nacional\"},\"image\":{\"@id\":\"https:\\\/\\\/www.eldiario.net\\\/portal\\\/#\\\/schema\\\/logo\\\/image\\\/\"},\"sameAs\":[\"https:\\\/\\\/www.facebook.com\\\/eldiario.bolivia\\\/\",\"https:\\\/\\\/x.com\\\/eldiario_net\"]},{\"@type\":\"Person\",\"@id\":\"https:\\\/\\\/www.eldiario.net\\\/portal\\\/#\\\/schema\\\/person\\\/f46445640444750d7d753ccd04ae01b7\",\"name\":\"Jeanette\",\"image\":{\"@type\":\"ImageObject\",\"inLanguage\":\"es\",\"@id\":\"https:\\\/\\\/secure.gravatar.com\\\/avatar\\\/3ea2118a5f7dad2b7138b1187a6b7ee55f160b9968b66013c3a3ef39dd7e5798?s=96&d=mm&r=g\",\"url\":\"https:\\\/\\\/secure.gravatar.com\\\/avatar\\\/3ea2118a5f7dad2b7138b1187a6b7ee55f160b9968b66013c3a3ef39dd7e5798?s=96&d=mm&r=g\",\"contentUrl\":\"https:\\\/\\\/secure.gravatar.com\\\/avatar\\\/3ea2118a5f7dad2b7138b1187a6b7ee55f160b9968b66013c3a3ef39dd7e5798?s=96&d=mm&r=g\",\"caption\":\"Jeanette\"},\"sameAs\":[\"https:\\\/\\\/www.eldiario.net\\\/portal\"],\"url\":\"https:\\\/\\\/www.eldiario.net\\\/portal\\\/author\\\/jeanette\\\/\"}]}<\/script>\n<!-- \/ Yoast SEO plugin. -->","yoast_head_json":{"title":"De la excelencia de la Unesco a los retos de infraestructura - El Diario - Bolivia","robots":{"index":"index","follow":"follow","max-snippet":"max-snippet:-1","max-image-preview":"max-image-preview:large","max-video-preview":"max-video-preview:-1"},"canonical":"https:\/\/www.eldiario.net\/portal\/2026\/03\/02\/de-la-excelencia-de-la-unesco-a-los-retos-de-infraestructura\/","og_locale":"es_ES","og_type":"article","og_title":"De la excelencia de la Unesco a los retos de infraestructura - El Diario - Bolivia","og_description":"Por: Susana Guti\u00e9rrez La gesti\u00f3n de la cultura en Bolivia es un ejercicio de equilibrio constante entre la preservaci\u00f3n del pasado y las exigencias t\u00e9cnicas de la modernidad. Recientemente, desde el emblem\u00e1tico Museo Fernando Montes de La Paz, la Fundaci\u00f3n Cultural del Banco Central de Bolivia (FC-BCB) comparti\u00f3 los resultados de su labor durante el [&hellip;]","og_url":"https:\/\/www.eldiario.net\/portal\/2026\/03\/02\/de-la-excelencia-de-la-unesco-a-los-retos-de-infraestructura\/","og_site_name":"El Diario - Bolivia","article_publisher":"https:\/\/www.facebook.com\/eldiario.bolivia\/","article_published_time":"2026-03-02T09:51:36+00:00","og_image":[{"width":1280,"height":854,"url":"https:\/\/www.eldiario.net\/portal\/wp-content\/uploads\/2026\/03\/FOTO-1-ANGELA.webp","type":"image\/webp"}],"author":"Jeanette","twitter_card":"summary_large_image","twitter_creator":"@eldiario_net","twitter_site":"@eldiario_net","twitter_misc":{"Escrito por":"Jeanette","Tiempo de lectura":"3 minutos"},"schema":{"@context":"https:\/\/schema.org","@graph":[{"@type":"Article","@id":"https:\/\/www.eldiario.net\/portal\/2026\/03\/02\/de-la-excelencia-de-la-unesco-a-los-retos-de-infraestructura\/#article","isPartOf":{"@id":"https:\/\/www.eldiario.net\/portal\/2026\/03\/02\/de-la-excelencia-de-la-unesco-a-los-retos-de-infraestructura\/"},"author":{"name":"Jeanette","@id":"https:\/\/www.eldiario.net\/portal\/#\/schema\/person\/f46445640444750d7d753ccd04ae01b7"},"headline":"De la excelencia de la Unesco a los retos de infraestructura","datePublished":"2026-03-02T09:51:36+00:00","mainEntityOfPage":{"@id":"https:\/\/www.eldiario.net\/portal\/2026\/03\/02\/de-la-excelencia-de-la-unesco-a-los-retos-de-infraestructura\/"},"wordCount":566,"publisher":{"@id":"https:\/\/www.eldiario.net\/portal\/#organization"},"image":{"@id":"https:\/\/www.eldiario.net\/portal\/2026\/03\/02\/de-la-excelencia-de-la-unesco-a-los-retos-de-infraestructura\/#primaryimage"},"thumbnailUrl":"https:\/\/www.eldiario.net\/portal\/wp-content\/uploads\/2026\/03\/FOTO-1-ANGELA.webp","articleSection":["Cultural"],"inLanguage":"es"},{"@type":"WebPage","@id":"https:\/\/www.eldiario.net\/portal\/2026\/03\/02\/de-la-excelencia-de-la-unesco-a-los-retos-de-infraestructura\/","url":"https:\/\/www.eldiario.net\/portal\/2026\/03\/02\/de-la-excelencia-de-la-unesco-a-los-retos-de-infraestructura\/","name":"De la excelencia de la Unesco a los retos de infraestructura - El Diario - Bolivia","isPartOf":{"@id":"https:\/\/www.eldiario.net\/portal\/#website"},"primaryImageOfPage":{"@id":"https:\/\/www.eldiario.net\/portal\/2026\/03\/02\/de-la-excelencia-de-la-unesco-a-los-retos-de-infraestructura\/#primaryimage"},"image":{"@id":"https:\/\/www.eldiario.net\/portal\/2026\/03\/02\/de-la-excelencia-de-la-unesco-a-los-retos-de-infraestructura\/#primaryimage"},"thumbnailUrl":"https:\/\/www.eldiario.net\/portal\/wp-content\/uploads\/2026\/03\/FOTO-1-ANGELA.webp","datePublished":"2026-03-02T09:51:36+00:00","breadcrumb":{"@id":"https:\/\/www.eldiario.net\/portal\/2026\/03\/02\/de-la-excelencia-de-la-unesco-a-los-retos-de-infraestructura\/#breadcrumb"},"inLanguage":"es","potentialAction":[{"@type":"ReadAction","target":["https:\/\/www.eldiario.net\/portal\/2026\/03\/02\/de-la-excelencia-de-la-unesco-a-los-retos-de-infraestructura\/"]}]},{"@type":"ImageObject","inLanguage":"es","@id":"https:\/\/www.eldiario.net\/portal\/2026\/03\/02\/de-la-excelencia-de-la-unesco-a-los-retos-de-infraestructura\/#primaryimage","url":"https:\/\/www.eldiario.net\/portal\/wp-content\/uploads\/2026\/03\/FOTO-1-ANGELA.webp","contentUrl":"https:\/\/www.eldiario.net\/portal\/wp-content\/uploads\/2026\/03\/FOTO-1-ANGELA.webp","width":1280,"height":854,"caption":"ALEJANDRA ECHAZ\u00da CONITZER, PRESIDENTA DEL CONSEJO DE ADMINISTRACI\u00d3N DE LA FC-BCB."},{"@type":"BreadcrumbList","@id":"https:\/\/www.eldiario.net\/portal\/2026\/03\/02\/de-la-excelencia-de-la-unesco-a-los-retos-de-infraestructura\/#breadcrumb","itemListElement":[{"@type":"ListItem","position":1,"name":"Portada","item":"https:\/\/www.eldiario.net\/portal\/"},{"@type":"ListItem","position":2,"name":"De la excelencia de la Unesco a los retos de infraestructura"}]},{"@type":"WebSite","@id":"https:\/\/www.eldiario.net\/portal\/#website","url":"https:\/\/www.eldiario.net\/portal\/","name":"El Diario - Decano de la prensa nacional","description":"El Diario - Decano de la prensa nacional","publisher":{"@id":"https:\/\/www.eldiario.net\/portal\/#organization"},"potentialAction":[{"@type":"SearchAction","target":{"@type":"EntryPoint","urlTemplate":"https:\/\/www.eldiario.net\/portal\/?s={search_term_string}"},"query-input":{"@type":"PropertyValueSpecification","valueRequired":true,"valueName":"search_term_string"}}],"inLanguage":"es"},{"@type":"Organization","@id":"https:\/\/www.eldiario.net\/portal\/#organization","name":"El Diario - Decano de la prensa nacional","url":"https:\/\/www.eldiario.net\/portal\/","logo":{"@type":"ImageObject","inLanguage":"es","@id":"https:\/\/www.eldiario.net\/portal\/#\/schema\/logo\/image\/","url":"https:\/\/www.eldiario.net\/portal\/wp-content\/uploads\/2023\/07\/logo_ED.jpg","contentUrl":"https:\/\/www.eldiario.net\/portal\/wp-content\/uploads\/2023\/07\/logo_ED.jpg","width":272,"height":52,"caption":"El Diario - Decano de la prensa nacional"},"image":{"@id":"https:\/\/www.eldiario.net\/portal\/#\/schema\/logo\/image\/"},"sameAs":["https:\/\/www.facebook.com\/eldiario.bolivia\/","https:\/\/x.com\/eldiario_net"]},{"@type":"Person","@id":"https:\/\/www.eldiario.net\/portal\/#\/schema\/person\/f46445640444750d7d753ccd04ae01b7","name":"Jeanette","image":{"@type":"ImageObject","inLanguage":"es","@id":"https:\/\/secure.gravatar.com\/avatar\/3ea2118a5f7dad2b7138b1187a6b7ee55f160b9968b66013c3a3ef39dd7e5798?s=96&d=mm&r=g","url":"https:\/\/secure.gravatar.com\/avatar\/3ea2118a5f7dad2b7138b1187a6b7ee55f160b9968b66013c3a3ef39dd7e5798?s=96&d=mm&r=g","contentUrl":"https:\/\/secure.gravatar.com\/avatar\/3ea2118a5f7dad2b7138b1187a6b7ee55f160b9968b66013c3a3ef39dd7e5798?s=96&d=mm&r=g","caption":"Jeanette"},"sameAs":["https:\/\/www.eldiario.net\/portal"],"url":"https:\/\/www.eldiario.net\/portal\/author\/jeanette\/"}]}},"_links":{"self":[{"href":"https:\/\/www.eldiario.net\/portal\/wp-json\/wp\/v2\/posts\/372397","targetHints":{"allow":["GET"]}}],"collection":[{"href":"https:\/\/www.eldiario.net\/portal\/wp-json\/wp\/v2\/posts"}],"about":[{"href":"https:\/\/www.eldiario.net\/portal\/wp-json\/wp\/v2\/types\/post"}],"author":[{"embeddable":true,"href":"https:\/\/www.eldiario.net\/portal\/wp-json\/wp\/v2\/users\/1"}],"replies":[{"embeddable":true,"href":"https:\/\/www.eldiario.net\/portal\/wp-json\/wp\/v2\/comments?post=372397"}],"version-history":[{"count":1,"href":"https:\/\/www.eldiario.net\/portal\/wp-json\/wp\/v2\/posts\/372397\/revisions"}],"predecessor-version":[{"id":372400,"href":"https:\/\/www.eldiario.net\/portal\/wp-json\/wp\/v2\/posts\/372397\/revisions\/372400"}],"wp:featuredmedia":[{"embeddable":true,"href":"https:\/\/www.eldiario.net\/portal\/wp-json\/wp\/v2\/media\/372398"}],"wp:attachment":[{"href":"https:\/\/www.eldiario.net\/portal\/wp-json\/wp\/v2\/media?parent=372397"}],"wp:term":[{"taxonomy":"category","embeddable":true,"href":"https:\/\/www.eldiario.net\/portal\/wp-json\/wp\/v2\/categories?post=372397"},{"taxonomy":"post_tag","embeddable":true,"href":"https:\/\/www.eldiario.net\/portal\/wp-json\/wp\/v2\/tags?post=372397"}],"curies":[{"name":"wp","href":"https:\/\/api.w.org\/{rel}","templated":true}]}}