{"id":372394,"date":"2026-03-02T05:49:23","date_gmt":"2026-03-02T09:49:23","guid":{"rendered":"https:\/\/www.eldiario.net\/portal\/?p=372394"},"modified":"2026-03-02T05:49:23","modified_gmt":"2026-03-02T09:49:23","slug":"hoppers-operacion-castor-nueva-aventura-de-pixar","status":"publish","type":"post","link":"https:\/\/www.eldiario.net\/portal\/2026\/03\/02\/hoppers-operacion-castor-nueva-aventura-de-pixar\/","title":{"rendered":"Hoppers Operaci\u00f3n Castor, nueva aventura de Pixar"},"content":{"rendered":"<p>La magia de Disney y Pixar est\u00e1 de vuelta, y esta vez invita a explorar el mundo natural desde una perspectiva totalmente revolucionaria. Con su nueva pel\u00edcula original, titulada \u201cHoppers: Operaci\u00f3n Castor\u201d, el estudio plantea una pregunta fascinante que ha rondado la mente humana durante siglos: \u00bfY si pudieras hablar con los animales y entender lo que dicen realmente?<br \/>\nLa cinta, que promete ser una aventura llena de acci\u00f3n, humor y mucha ingenier\u00eda castoril, llega a la pantalla del Cine Center el 5 de marzo de 2026, posicion\u00e1ndose como uno de los estrenos familiares m\u00e1s esperados del a\u00f1o. La premisa combina la maravilla de la naturaleza con una ciencia ficci\u00f3n entra\u00f1able, caracter\u00edsticas propias de los grandes \u00e9xitos de Pixar.<br \/>\nLa trama se centra en un descubrimiento cient\u00edfico sin precedentes: una tecnolog\u00eda revolucionaria capaz de hacer \u201csaltar\u201d la conciencia humana al interior de sofisticados robots con forma de animales. Esto permite que las personas vivan en el mundo animal, experimenten sus sentidos, entiendan sus comportamientos y, lo m\u00e1s importante, se comuniquen con ellos de igual a igual. La pel\u00edcula utiliza esta premisa para explorar temas de empat\u00eda, conservaci\u00f3n y nuestra conexi\u00f3n con el medio ambiente de una manera divertida y accesible para todas las edades.<br \/>\nLa aventura sigue a Mabel, una apasionada amante de los animales que aprovecha esta oportunidad tecnol\u00f3gica para adentrarse en el reino animal. Al sumergirse en este nuevo mundo, Mabel descubrir\u00e1 misterios y secretos que van mucho m\u00e1s all\u00e1 de lo que jam\u00e1s imagin\u00f3, enfrent\u00e1ndose a desaf\u00edos que pondr\u00e1n a prueba su ingenio y su amor por la naturaleza.<\/p>\n<p>Equipo creativo de lujo<br \/>\ndetr\u00e1s de la magia<br \/>\n\u201cHoppers\u201d cuenta con un equipo creativo de primer nivel que garantiza calidad narrativa y visual. La direcci\u00f3n corre a cargo de Daniel Chong (reconocido por su trabajo en Escandalosos), quien aporta su experiencia en contar historias entra\u00f1ables con personajes \u00fanicos. Por otro lado, la producci\u00f3n est\u00e1 liderada por Nicole Paradis Grindle, p.g.a. (Los Incre\u00edbles 2), asegurando una factura t\u00e9cnica impecable y una narrativa din\u00e1mica que mantiene la atenci\u00f3n de principio a fin.<br \/>\nCon esta propuesta, Pixar promete no solo divertirnos con ocurrencias c\u00f3micas y secuencias de acci\u00f3n trepidantes, sino tambi\u00e9n replantear nuestra relaci\u00f3n con el mundo natural, educando a las nuevas generaciones sobre la importancia de la coexistencia y el respeto a todas las formas de vida.<\/p>\n","protected":false},"excerpt":{"rendered":"<p>La magia de Disney y Pixar est\u00e1 de vuelta, y esta vez invita a explorar el mundo natural desde una perspectiva totalmente revolucionaria. Con su nueva pel\u00edcula original, titulada \u201cHoppers: Operaci\u00f3n Castor\u201d, el estudio plantea una pregunta fascinante que ha rondado la mente humana durante siglos: \u00bfY si pudieras hablar con los animales y entender [&hellip;]<\/p>\n","protected":false},"author":1,"featured_media":372395,"comment_status":"closed","ping_status":"open","sticky":false,"template":"","format":"standard","meta":{"_acf_changed":false,"footnotes":""},"categories":[8],"tags":[],"class_list":["post-372394","post","type-post","status-publish","format-standard","has-post-thumbnail","category-cultural"],"acf":{"antetitulo":"Comedia familiar"},"yoast_head":"<!-- This site is optimized with the Yoast SEO plugin v28.4 - https:\/\/yoast.com\/product\/yoast-seo-wordpress\/ -->\n<title>Hoppers Operaci\u00f3n Castor, nueva aventura de Pixar - El Diario - Bolivia<\/title>\n<meta name=\"robots\" content=\"index, follow, max-snippet:-1, max-image-preview:large, max-video-preview:-1\" \/>\n<link rel=\"canonical\" href=\"https:\/\/www.eldiario.net\/portal\/2026\/03\/02\/hoppers-operacion-castor-nueva-aventura-de-pixar\/\" \/>\n<meta property=\"og:locale\" content=\"es_ES\" \/>\n<meta property=\"og:type\" content=\"article\" \/>\n<meta property=\"og:title\" content=\"Hoppers Operaci\u00f3n Castor, nueva aventura de Pixar - El Diario - Bolivia\" \/>\n<meta property=\"og:description\" content=\"La magia de Disney y Pixar est\u00e1 de vuelta, y esta vez invita a explorar el mundo natural desde una perspectiva totalmente revolucionaria. Con su nueva pel\u00edcula original, titulada \u201cHoppers: Operaci\u00f3n Castor\u201d, el estudio plantea una pregunta fascinante que ha rondado la mente humana durante siglos: \u00bfY si pudieras hablar con los animales y entender [&hellip;]\" \/>\n<meta property=\"og:url\" content=\"https:\/\/www.eldiario.net\/portal\/2026\/03\/02\/hoppers-operacion-castor-nueva-aventura-de-pixar\/\" \/>\n<meta property=\"og:site_name\" content=\"El Diario - Bolivia\" \/>\n<meta property=\"article:publisher\" content=\"https:\/\/www.facebook.com\/eldiario.bolivia\/\" \/>\n<meta property=\"article:published_time\" content=\"2026-03-02T09:49:23+00:00\" \/>\n<meta property=\"og:image\" content=\"https:\/\/www.eldiario.net\/portal\/wp-content\/uploads\/2026\/03\/HOPPER.webp\" \/>\n\t<meta property=\"og:image:width\" content=\"1000\" \/>\n\t<meta property=\"og:image:height\" content=\"540\" \/>\n\t<meta property=\"og:image:type\" content=\"image\/webp\" \/>\n<meta name=\"author\" content=\"Jeanette\" \/>\n<meta name=\"twitter:card\" content=\"summary_large_image\" \/>\n<meta name=\"twitter:creator\" content=\"@eldiario_net\" \/>\n<meta name=\"twitter:site\" content=\"@eldiario_net\" \/>\n<meta name=\"twitter:label1\" content=\"Escrito por\" \/>\n\t<meta name=\"twitter:data1\" content=\"Jeanette\" \/>\n\t<meta name=\"twitter:label2\" content=\"Tiempo de lectura\" \/>\n\t<meta name=\"twitter:data2\" content=\"2 minutos\" \/>\n<script type=\"application\/ld+json\" class=\"yoast-schema-graph\">{\"@context\":\"https:\\\/\\\/schema.org\",\"@graph\":[{\"@type\":\"Article\",\"@id\":\"https:\\\/\\\/www.eldiario.net\\\/portal\\\/2026\\\/03\\\/02\\\/hoppers-operacion-castor-nueva-aventura-de-pixar\\\/#article\",\"isPartOf\":{\"@id\":\"https:\\\/\\\/www.eldiario.net\\\/portal\\\/2026\\\/03\\\/02\\\/hoppers-operacion-castor-nueva-aventura-de-pixar\\\/\"},\"author\":{\"name\":\"Jeanette\",\"@id\":\"https:\\\/\\\/www.eldiario.net\\\/portal\\\/#\\\/schema\\\/person\\\/f46445640444750d7d753ccd04ae01b7\"},\"headline\":\"Hoppers Operaci\u00f3n Castor, nueva aventura de Pixar\",\"datePublished\":\"2026-03-02T09:49:23+00:00\",\"mainEntityOfPage\":{\"@id\":\"https:\\\/\\\/www.eldiario.net\\\/portal\\\/2026\\\/03\\\/02\\\/hoppers-operacion-castor-nueva-aventura-de-pixar\\\/\"},\"wordCount\":429,\"publisher\":{\"@id\":\"https:\\\/\\\/www.eldiario.net\\\/portal\\\/#organization\"},\"image\":{\"@id\":\"https:\\\/\\\/www.eldiario.net\\\/portal\\\/2026\\\/03\\\/02\\\/hoppers-operacion-castor-nueva-aventura-de-pixar\\\/#primaryimage\"},\"thumbnailUrl\":\"https:\\\/\\\/www.eldiario.net\\\/portal\\\/wp-content\\\/uploads\\\/2026\\\/03\\\/HOPPER.webp\",\"articleSection\":[\"Cultural\"],\"inLanguage\":\"es\"},{\"@type\":\"WebPage\",\"@id\":\"https:\\\/\\\/www.eldiario.net\\\/portal\\\/2026\\\/03\\\/02\\\/hoppers-operacion-castor-nueva-aventura-de-pixar\\\/\",\"url\":\"https:\\\/\\\/www.eldiario.net\\\/portal\\\/2026\\\/03\\\/02\\\/hoppers-operacion-castor-nueva-aventura-de-pixar\\\/\",\"name\":\"Hoppers Operaci\u00f3n Castor, nueva aventura de Pixar - El Diario - Bolivia\",\"isPartOf\":{\"@id\":\"https:\\\/\\\/www.eldiario.net\\\/portal\\\/#website\"},\"primaryImageOfPage\":{\"@id\":\"https:\\\/\\\/www.eldiario.net\\\/portal\\\/2026\\\/03\\\/02\\\/hoppers-operacion-castor-nueva-aventura-de-pixar\\\/#primaryimage\"},\"image\":{\"@id\":\"https:\\\/\\\/www.eldiario.net\\\/portal\\\/2026\\\/03\\\/02\\\/hoppers-operacion-castor-nueva-aventura-de-pixar\\\/#primaryimage\"},\"thumbnailUrl\":\"https:\\\/\\\/www.eldiario.net\\\/portal\\\/wp-content\\\/uploads\\\/2026\\\/03\\\/HOPPER.webp\",\"datePublished\":\"2026-03-02T09:49:23+00:00\",\"breadcrumb\":{\"@id\":\"https:\\\/\\\/www.eldiario.net\\\/portal\\\/2026\\\/03\\\/02\\\/hoppers-operacion-castor-nueva-aventura-de-pixar\\\/#breadcrumb\"},\"inLanguage\":\"es\",\"potentialAction\":[{\"@type\":\"ReadAction\",\"target\":[\"https:\\\/\\\/www.eldiario.net\\\/portal\\\/2026\\\/03\\\/02\\\/hoppers-operacion-castor-nueva-aventura-de-pixar\\\/\"]}]},{\"@type\":\"ImageObject\",\"inLanguage\":\"es\",\"@id\":\"https:\\\/\\\/www.eldiario.net\\\/portal\\\/2026\\\/03\\\/02\\\/hoppers-operacion-castor-nueva-aventura-de-pixar\\\/#primaryimage\",\"url\":\"https:\\\/\\\/www.eldiario.net\\\/portal\\\/wp-content\\\/uploads\\\/2026\\\/03\\\/HOPPER.webp\",\"contentUrl\":\"https:\\\/\\\/www.eldiario.net\\\/portal\\\/wp-content\\\/uploads\\\/2026\\\/03\\\/HOPPER.webp\",\"width\":1000,\"height\":540,\"caption\":\"PIXAR INVITA A REPLANTEAR NUESTRA RELACI\u00d3N CON EL MUNDO ANIMAL.\"},{\"@type\":\"BreadcrumbList\",\"@id\":\"https:\\\/\\\/www.eldiario.net\\\/portal\\\/2026\\\/03\\\/02\\\/hoppers-operacion-castor-nueva-aventura-de-pixar\\\/#breadcrumb\",\"itemListElement\":[{\"@type\":\"ListItem\",\"position\":1,\"name\":\"Portada\",\"item\":\"https:\\\/\\\/www.eldiario.net\\\/portal\\\/\"},{\"@type\":\"ListItem\",\"position\":2,\"name\":\"Hoppers Operaci\u00f3n Castor, nueva aventura de Pixar\"}]},{\"@type\":\"WebSite\",\"@id\":\"https:\\\/\\\/www.eldiario.net\\\/portal\\\/#website\",\"url\":\"https:\\\/\\\/www.eldiario.net\\\/portal\\\/\",\"name\":\"El Diario - Decano de la prensa nacional\",\"description\":\"El Diario - Decano de la prensa nacional\",\"publisher\":{\"@id\":\"https:\\\/\\\/www.eldiario.net\\\/portal\\\/#organization\"},\"potentialAction\":[{\"@type\":\"SearchAction\",\"target\":{\"@type\":\"EntryPoint\",\"urlTemplate\":\"https:\\\/\\\/www.eldiario.net\\\/portal\\\/?s={search_term_string}\"},\"query-input\":{\"@type\":\"PropertyValueSpecification\",\"valueRequired\":true,\"valueName\":\"search_term_string\"}}],\"inLanguage\":\"es\"},{\"@type\":\"Organization\",\"@id\":\"https:\\\/\\\/www.eldiario.net\\\/portal\\\/#organization\",\"name\":\"El Diario - Decano de la prensa nacional\",\"url\":\"https:\\\/\\\/www.eldiario.net\\\/portal\\\/\",\"logo\":{\"@type\":\"ImageObject\",\"inLanguage\":\"es\",\"@id\":\"https:\\\/\\\/www.eldiario.net\\\/portal\\\/#\\\/schema\\\/logo\\\/image\\\/\",\"url\":\"https:\\\/\\\/www.eldiario.net\\\/portal\\\/wp-content\\\/uploads\\\/2023\\\/07\\\/logo_ED.jpg\",\"contentUrl\":\"https:\\\/\\\/www.eldiario.net\\\/portal\\\/wp-content\\\/uploads\\\/2023\\\/07\\\/logo_ED.jpg\",\"width\":272,\"height\":52,\"caption\":\"El Diario - Decano de la prensa nacional\"},\"image\":{\"@id\":\"https:\\\/\\\/www.eldiario.net\\\/portal\\\/#\\\/schema\\\/logo\\\/image\\\/\"},\"sameAs\":[\"https:\\\/\\\/www.facebook.com\\\/eldiario.bolivia\\\/\",\"https:\\\/\\\/x.com\\\/eldiario_net\"]},{\"@type\":\"Person\",\"@id\":\"https:\\\/\\\/www.eldiario.net\\\/portal\\\/#\\\/schema\\\/person\\\/f46445640444750d7d753ccd04ae01b7\",\"name\":\"Jeanette\",\"image\":{\"@type\":\"ImageObject\",\"inLanguage\":\"es\",\"@id\":\"https:\\\/\\\/secure.gravatar.com\\\/avatar\\\/3ea2118a5f7dad2b7138b1187a6b7ee55f160b9968b66013c3a3ef39dd7e5798?s=96&d=mm&r=g\",\"url\":\"https:\\\/\\\/secure.gravatar.com\\\/avatar\\\/3ea2118a5f7dad2b7138b1187a6b7ee55f160b9968b66013c3a3ef39dd7e5798?s=96&d=mm&r=g\",\"contentUrl\":\"https:\\\/\\\/secure.gravatar.com\\\/avatar\\\/3ea2118a5f7dad2b7138b1187a6b7ee55f160b9968b66013c3a3ef39dd7e5798?s=96&d=mm&r=g\",\"caption\":\"Jeanette\"},\"sameAs\":[\"https:\\\/\\\/www.eldiario.net\\\/portal\"],\"url\":\"https:\\\/\\\/www.eldiario.net\\\/portal\\\/author\\\/jeanette\\\/\"}]}<\/script>\n<!-- \/ Yoast SEO plugin. -->","yoast_head_json":{"title":"Hoppers Operaci\u00f3n Castor, nueva aventura de Pixar - El Diario - Bolivia","robots":{"index":"index","follow":"follow","max-snippet":"max-snippet:-1","max-image-preview":"max-image-preview:large","max-video-preview":"max-video-preview:-1"},"canonical":"https:\/\/www.eldiario.net\/portal\/2026\/03\/02\/hoppers-operacion-castor-nueva-aventura-de-pixar\/","og_locale":"es_ES","og_type":"article","og_title":"Hoppers Operaci\u00f3n Castor, nueva aventura de Pixar - El Diario - Bolivia","og_description":"La magia de Disney y Pixar est\u00e1 de vuelta, y esta vez invita a explorar el mundo natural desde una perspectiva totalmente revolucionaria. Con su nueva pel\u00edcula original, titulada \u201cHoppers: Operaci\u00f3n Castor\u201d, el estudio plantea una pregunta fascinante que ha rondado la mente humana durante siglos: \u00bfY si pudieras hablar con los animales y entender [&hellip;]","og_url":"https:\/\/www.eldiario.net\/portal\/2026\/03\/02\/hoppers-operacion-castor-nueva-aventura-de-pixar\/","og_site_name":"El Diario - Bolivia","article_publisher":"https:\/\/www.facebook.com\/eldiario.bolivia\/","article_published_time":"2026-03-02T09:49:23+00:00","og_image":[{"width":1000,"height":540,"url":"https:\/\/www.eldiario.net\/portal\/wp-content\/uploads\/2026\/03\/HOPPER.webp","type":"image\/webp"}],"author":"Jeanette","twitter_card":"summary_large_image","twitter_creator":"@eldiario_net","twitter_site":"@eldiario_net","twitter_misc":{"Escrito por":"Jeanette","Tiempo de lectura":"2 minutos"},"schema":{"@context":"https:\/\/schema.org","@graph":[{"@type":"Article","@id":"https:\/\/www.eldiario.net\/portal\/2026\/03\/02\/hoppers-operacion-castor-nueva-aventura-de-pixar\/#article","isPartOf":{"@id":"https:\/\/www.eldiario.net\/portal\/2026\/03\/02\/hoppers-operacion-castor-nueva-aventura-de-pixar\/"},"author":{"name":"Jeanette","@id":"https:\/\/www.eldiario.net\/portal\/#\/schema\/person\/f46445640444750d7d753ccd04ae01b7"},"headline":"Hoppers Operaci\u00f3n Castor, nueva aventura de Pixar","datePublished":"2026-03-02T09:49:23+00:00","mainEntityOfPage":{"@id":"https:\/\/www.eldiario.net\/portal\/2026\/03\/02\/hoppers-operacion-castor-nueva-aventura-de-pixar\/"},"wordCount":429,"publisher":{"@id":"https:\/\/www.eldiario.net\/portal\/#organization"},"image":{"@id":"https:\/\/www.eldiario.net\/portal\/2026\/03\/02\/hoppers-operacion-castor-nueva-aventura-de-pixar\/#primaryimage"},"thumbnailUrl":"https:\/\/www.eldiario.net\/portal\/wp-content\/uploads\/2026\/03\/HOPPER.webp","articleSection":["Cultural"],"inLanguage":"es"},{"@type":"WebPage","@id":"https:\/\/www.eldiario.net\/portal\/2026\/03\/02\/hoppers-operacion-castor-nueva-aventura-de-pixar\/","url":"https:\/\/www.eldiario.net\/portal\/2026\/03\/02\/hoppers-operacion-castor-nueva-aventura-de-pixar\/","name":"Hoppers Operaci\u00f3n Castor, nueva aventura de Pixar - El Diario - Bolivia","isPartOf":{"@id":"https:\/\/www.eldiario.net\/portal\/#website"},"primaryImageOfPage":{"@id":"https:\/\/www.eldiario.net\/portal\/2026\/03\/02\/hoppers-operacion-castor-nueva-aventura-de-pixar\/#primaryimage"},"image":{"@id":"https:\/\/www.eldiario.net\/portal\/2026\/03\/02\/hoppers-operacion-castor-nueva-aventura-de-pixar\/#primaryimage"},"thumbnailUrl":"https:\/\/www.eldiario.net\/portal\/wp-content\/uploads\/2026\/03\/HOPPER.webp","datePublished":"2026-03-02T09:49:23+00:00","breadcrumb":{"@id":"https:\/\/www.eldiario.net\/portal\/2026\/03\/02\/hoppers-operacion-castor-nueva-aventura-de-pixar\/#breadcrumb"},"inLanguage":"es","potentialAction":[{"@type":"ReadAction","target":["https:\/\/www.eldiario.net\/portal\/2026\/03\/02\/hoppers-operacion-castor-nueva-aventura-de-pixar\/"]}]},{"@type":"ImageObject","inLanguage":"es","@id":"https:\/\/www.eldiario.net\/portal\/2026\/03\/02\/hoppers-operacion-castor-nueva-aventura-de-pixar\/#primaryimage","url":"https:\/\/www.eldiario.net\/portal\/wp-content\/uploads\/2026\/03\/HOPPER.webp","contentUrl":"https:\/\/www.eldiario.net\/portal\/wp-content\/uploads\/2026\/03\/HOPPER.webp","width":1000,"height":540,"caption":"PIXAR INVITA A REPLANTEAR NUESTRA RELACI\u00d3N CON EL MUNDO ANIMAL."},{"@type":"BreadcrumbList","@id":"https:\/\/www.eldiario.net\/portal\/2026\/03\/02\/hoppers-operacion-castor-nueva-aventura-de-pixar\/#breadcrumb","itemListElement":[{"@type":"ListItem","position":1,"name":"Portada","item":"https:\/\/www.eldiario.net\/portal\/"},{"@type":"ListItem","position":2,"name":"Hoppers Operaci\u00f3n Castor, nueva aventura de Pixar"}]},{"@type":"WebSite","@id":"https:\/\/www.eldiario.net\/portal\/#website","url":"https:\/\/www.eldiario.net\/portal\/","name":"El Diario - Decano de la prensa nacional","description":"El Diario - Decano de la prensa nacional","publisher":{"@id":"https:\/\/www.eldiario.net\/portal\/#organization"},"potentialAction":[{"@type":"SearchAction","target":{"@type":"EntryPoint","urlTemplate":"https:\/\/www.eldiario.net\/portal\/?s={search_term_string}"},"query-input":{"@type":"PropertyValueSpecification","valueRequired":true,"valueName":"search_term_string"}}],"inLanguage":"es"},{"@type":"Organization","@id":"https:\/\/www.eldiario.net\/portal\/#organization","name":"El Diario - Decano de la prensa nacional","url":"https:\/\/www.eldiario.net\/portal\/","logo":{"@type":"ImageObject","inLanguage":"es","@id":"https:\/\/www.eldiario.net\/portal\/#\/schema\/logo\/image\/","url":"https:\/\/www.eldiario.net\/portal\/wp-content\/uploads\/2023\/07\/logo_ED.jpg","contentUrl":"https:\/\/www.eldiario.net\/portal\/wp-content\/uploads\/2023\/07\/logo_ED.jpg","width":272,"height":52,"caption":"El Diario - Decano de la prensa nacional"},"image":{"@id":"https:\/\/www.eldiario.net\/portal\/#\/schema\/logo\/image\/"},"sameAs":["https:\/\/www.facebook.com\/eldiario.bolivia\/","https:\/\/x.com\/eldiario_net"]},{"@type":"Person","@id":"https:\/\/www.eldiario.net\/portal\/#\/schema\/person\/f46445640444750d7d753ccd04ae01b7","name":"Jeanette","image":{"@type":"ImageObject","inLanguage":"es","@id":"https:\/\/secure.gravatar.com\/avatar\/3ea2118a5f7dad2b7138b1187a6b7ee55f160b9968b66013c3a3ef39dd7e5798?s=96&d=mm&r=g","url":"https:\/\/secure.gravatar.com\/avatar\/3ea2118a5f7dad2b7138b1187a6b7ee55f160b9968b66013c3a3ef39dd7e5798?s=96&d=mm&r=g","contentUrl":"https:\/\/secure.gravatar.com\/avatar\/3ea2118a5f7dad2b7138b1187a6b7ee55f160b9968b66013c3a3ef39dd7e5798?s=96&d=mm&r=g","caption":"Jeanette"},"sameAs":["https:\/\/www.eldiario.net\/portal"],"url":"https:\/\/www.eldiario.net\/portal\/author\/jeanette\/"}]}},"_links":{"self":[{"href":"https:\/\/www.eldiario.net\/portal\/wp-json\/wp\/v2\/posts\/372394","targetHints":{"allow":["GET"]}}],"collection":[{"href":"https:\/\/www.eldiario.net\/portal\/wp-json\/wp\/v2\/posts"}],"about":[{"href":"https:\/\/www.eldiario.net\/portal\/wp-json\/wp\/v2\/types\/post"}],"author":[{"embeddable":true,"href":"https:\/\/www.eldiario.net\/portal\/wp-json\/wp\/v2\/users\/1"}],"replies":[{"embeddable":true,"href":"https:\/\/www.eldiario.net\/portal\/wp-json\/wp\/v2\/comments?post=372394"}],"version-history":[{"count":1,"href":"https:\/\/www.eldiario.net\/portal\/wp-json\/wp\/v2\/posts\/372394\/revisions"}],"predecessor-version":[{"id":372396,"href":"https:\/\/www.eldiario.net\/portal\/wp-json\/wp\/v2\/posts\/372394\/revisions\/372396"}],"wp:featuredmedia":[{"embeddable":true,"href":"https:\/\/www.eldiario.net\/portal\/wp-json\/wp\/v2\/media\/372395"}],"wp:attachment":[{"href":"https:\/\/www.eldiario.net\/portal\/wp-json\/wp\/v2\/media?parent=372394"}],"wp:term":[{"taxonomy":"category","embeddable":true,"href":"https:\/\/www.eldiario.net\/portal\/wp-json\/wp\/v2\/categories?post=372394"},{"taxonomy":"post_tag","embeddable":true,"href":"https:\/\/www.eldiario.net\/portal\/wp-json\/wp\/v2\/tags?post=372394"}],"curies":[{"name":"wp","href":"https:\/\/api.w.org\/{rel}","templated":true}]}}