{"id":372391,"date":"2026-03-02T05:48:09","date_gmt":"2026-03-02T09:48:09","guid":{"rendered":"https:\/\/www.eldiario.net\/portal\/?p=372391"},"modified":"2026-03-02T05:48:09","modified_gmt":"2026-03-02T09:48:09","slug":"los-goya-2026-se-rinden-ante-los-domingos","status":"publish","type":"post","link":"https:\/\/www.eldiario.net\/portal\/2026\/03\/02\/los-goya-2026-se-rinden-ante-los-domingos\/","title":{"rendered":"Los Goya 2026 se rinden ante \u201cLos domingos\u201d"},"content":{"rendered":"<p>Por: Susana Guti\u00e9rrez<br \/>\nLa 40\u00aa edici\u00f3n de los Premios Goya no fue una gala m\u00e1s. Celebrada en el Auditorio F\u00f3rum CCIB de Barcelona en una noche vibrante pero pol\u00edticamente cargada, la gran fiesta del cine espa\u00f1ol consolid\u00f3 un cambio de paradigma: el triunfo rotundo del cine \u00edntimo universal, aquel que trasciende la pantalla para convertirse en tema de conversaci\u00f3n. La gran triunfadora de la noche fue \u201cLos domingos\u201d, la cinta dirigida por la cineasta de Barakaldo, Alauda Ruiz de Az\u00faa, que reafirm\u00f3 su estatus de fen\u00f3meno cultural tras conquistar la Concha de Oro en San Sebasti\u00e1n y arrasar en la taquilla independiente.<br \/>\n\u201cLos domingos\u201d se alz\u00f3 con cinco de las estatuillas m\u00e1s codiciadas, incluyendo Mejor Pel\u00edcula, Mejor Direcci\u00f3n y Mejor Guion Original para Ruiz de Az\u00faa. El film, que explora las tensiones entre la fe y el ate\u00edsmo beligerante a trav\u00e9s de la historia de una sobrina captada por una supuesta secta y su t\u00eda, cautiv\u00f3 tanto a la Academia como al p\u00fablico.<br \/>\nEl reconocimiento actoral tambi\u00e9n tuvo acento femenino. Patricia L\u00f3pez Arnaiz se llev\u00f3 el galard\u00f3n a Mejor Actriz Protagonista, mientras que Nagore Aramburu fue premiada como Mejor Actriz Secundaria, consolidando las interpretaciones del film como la columna vertebral de su \u00e9xito emocional.<br \/>\n\u201cSir\u00e2t\u201d y la revoluci\u00f3n de un equipo femenino<br \/>\nSi bien \u201cLos domingos\u201d se llev\u00f3 los premios principales, la pel\u00edcula \u201cSir\u00e2t\u201d, dirigida por Oliver Laxe, no se qued\u00f3 atr\u00e1s, acumulando seis galardones enfocados en los apartados t\u00e9cnicos y art\u00edsticos. La m\u00fasica de Kangding Ray y la fotograf\u00eda de Mauro Herce fueron reconocidas por su capacidad de sacudir al espectador.<br \/>\nEl hito hist\u00f3rico de la noche lo protagoniz\u00f3 el equipo de sonido de \u201cSir\u00e2t\u201d. Amanda Villavieja, Laia Casanovas y Yasmina Praderas hicieron historia al convertirse en el primer equipo \u00edntegramente femenino en ganar el Goya a Mejor Sonido, logro que marca un precedente no solo en Espa\u00f1a, sino internacionalmente, de cara a la pr\u00f3xima gala de los \u00d3scar.<br \/>\nLa ceremonia en Barcelona fue r\u00e1pida, musicalmente ecl\u00e9ctica y profundamente pol\u00edtica. En un contexto internacional b\u00e9lico, con Estados Unidos declarando la guerra a Ir\u00e1n y la presencia en primera fila del director iran\u00ed Jafar Panahi, la industria espa\u00f1ola alz\u00f3 la voz. Los pins pidiendo el cese del genocidio en Gaza y la libertad en Palestina fueron una constante entre los asistentes.<br \/>\nEl escenario del F\u00f3rum CCIB se convirti\u00f3 en una tribuna contra la ultraderecha, las injusticias de las guerras y la necesidad de empat\u00eda. Rodrigo Sorogoyen y Victoria Luengo subrayaron la obligatoriedad moral de no callarse ante la fractura social. Por su parte, la pel\u00edcula \u201cSorda\u201d logr\u00f3 tres galardones, destacando el discurso de su protagonista, Miriam Garlo, quien denunci\u00f3 la discriminaci\u00f3n hacia las personas con discapacidad.<br \/>\nEl recorrido pol\u00edtico continu\u00f3 con \u201cLa cena\u201d, Goya al Mejor Guion Adaptado. Joaqu\u00edn Oristrell aprovech\u00f3 su intervenci\u00f3n para recordar contundentemente que \u201cFranco era un dictador\u201d, subrayando la necesidad de memoria hist\u00f3rica en pleno 2026. Toni Fern\u00e1ndez Gabarre, Mejor Actor Revelaci\u00f3n, puso el foco en la verg\u00fcenza social de la Ca\u00f1ada Real madrile\u00f1a, que sigue sin electricidad.<br \/>\nFinalmente, el Goya a Mejor Pel\u00edcula de Animaci\u00f3n para \u201cDecorado\u201d, de Alberto V\u00e1zquez, reafirm\u00f3 que incluso la animaci\u00f3n m\u00e1s estilizada es capaz de reflexionar sobre el aplastamiento social en tiempos del neocapitalismo corporativo. Los Goya 2026 dejan evidencia que el cine espa\u00f1ol no solo entretiene, sino que se posiciona como una herramienta esencial de reflexi\u00f3n social.<\/p>\n","protected":false},"excerpt":{"rendered":"<p>Por: Susana Guti\u00e9rrez La 40\u00aa edici\u00f3n de los Premios Goya no fue una gala m\u00e1s. Celebrada en el Auditorio F\u00f3rum CCIB de Barcelona en una noche vibrante pero pol\u00edticamente cargada, la gran fiesta del cine espa\u00f1ol consolid\u00f3 un cambio de paradigma: el triunfo rotundo del cine \u00edntimo universal, aquel que trasciende la pantalla para convertirse [&hellip;]<\/p>\n","protected":false},"author":1,"featured_media":372392,"comment_status":"closed","ping_status":"open","sticky":false,"template":"","format":"standard","meta":{"_acf_changed":false,"footnotes":""},"categories":[8],"tags":[],"class_list":["post-372391","post","type-post","status-publish","format-standard","has-post-thumbnail","category-cultural"],"acf":{"antetitulo":"Triunfo del cine de autor"},"yoast_head":"<!-- This site is optimized with the Yoast SEO plugin v28.4 - https:\/\/yoast.com\/product\/yoast-seo-wordpress\/ -->\n<title>Los Goya 2026 se rinden ante \u201cLos domingos\u201d - El Diario - Bolivia<\/title>\n<meta name=\"robots\" content=\"index, follow, max-snippet:-1, max-image-preview:large, max-video-preview:-1\" \/>\n<link rel=\"canonical\" href=\"https:\/\/www.eldiario.net\/portal\/2026\/03\/02\/los-goya-2026-se-rinden-ante-los-domingos\/\" \/>\n<meta property=\"og:locale\" content=\"es_ES\" \/>\n<meta property=\"og:type\" content=\"article\" \/>\n<meta property=\"og:title\" content=\"Los Goya 2026 se rinden ante \u201cLos domingos\u201d - El Diario - Bolivia\" \/>\n<meta property=\"og:description\" content=\"Por: Susana Guti\u00e9rrez La 40\u00aa edici\u00f3n de los Premios Goya no fue una gala m\u00e1s. Celebrada en el Auditorio F\u00f3rum CCIB de Barcelona en una noche vibrante pero pol\u00edticamente cargada, la gran fiesta del cine espa\u00f1ol consolid\u00f3 un cambio de paradigma: el triunfo rotundo del cine \u00edntimo universal, aquel que trasciende la pantalla para convertirse [&hellip;]\" \/>\n<meta property=\"og:url\" content=\"https:\/\/www.eldiario.net\/portal\/2026\/03\/02\/los-goya-2026-se-rinden-ante-los-domingos\/\" \/>\n<meta property=\"og:site_name\" content=\"El Diario - Bolivia\" \/>\n<meta property=\"article:publisher\" content=\"https:\/\/www.facebook.com\/eldiario.bolivia\/\" \/>\n<meta property=\"article:published_time\" content=\"2026-03-02T09:48:09+00:00\" \/>\n<meta property=\"og:image\" content=\"https:\/\/www.eldiario.net\/portal\/wp-content\/uploads\/2026\/03\/GOYA.webp\" \/>\n\t<meta property=\"og:image:width\" content=\"1200\" \/>\n\t<meta property=\"og:image:height\" content=\"800\" \/>\n\t<meta property=\"og:image:type\" content=\"image\/webp\" \/>\n<meta name=\"author\" content=\"Jeanette\" \/>\n<meta name=\"twitter:card\" content=\"summary_large_image\" \/>\n<meta name=\"twitter:creator\" content=\"@eldiario_net\" \/>\n<meta name=\"twitter:site\" content=\"@eldiario_net\" \/>\n<meta name=\"twitter:label1\" content=\"Escrito por\" \/>\n\t<meta name=\"twitter:data1\" content=\"Jeanette\" \/>\n\t<meta name=\"twitter:label2\" content=\"Tiempo de lectura\" \/>\n\t<meta name=\"twitter:data2\" content=\"3 minutos\" \/>\n<script type=\"application\/ld+json\" class=\"yoast-schema-graph\">{\"@context\":\"https:\\\/\\\/schema.org\",\"@graph\":[{\"@type\":\"Article\",\"@id\":\"https:\\\/\\\/www.eldiario.net\\\/portal\\\/2026\\\/03\\\/02\\\/los-goya-2026-se-rinden-ante-los-domingos\\\/#article\",\"isPartOf\":{\"@id\":\"https:\\\/\\\/www.eldiario.net\\\/portal\\\/2026\\\/03\\\/02\\\/los-goya-2026-se-rinden-ante-los-domingos\\\/\"},\"author\":{\"name\":\"Jeanette\",\"@id\":\"https:\\\/\\\/www.eldiario.net\\\/portal\\\/#\\\/schema\\\/person\\\/2c57cf2b7a7ae032e449e4c9b1019eac\"},\"headline\":\"Los Goya 2026 se rinden ante \u201cLos domingos\u201d\",\"datePublished\":\"2026-03-02T09:48:09+00:00\",\"mainEntityOfPage\":{\"@id\":\"https:\\\/\\\/www.eldiario.net\\\/portal\\\/2026\\\/03\\\/02\\\/los-goya-2026-se-rinden-ante-los-domingos\\\/\"},\"wordCount\":622,\"publisher\":{\"@id\":\"https:\\\/\\\/www.eldiario.net\\\/portal\\\/#organization\"},\"image\":{\"@id\":\"https:\\\/\\\/www.eldiario.net\\\/portal\\\/2026\\\/03\\\/02\\\/los-goya-2026-se-rinden-ante-los-domingos\\\/#primaryimage\"},\"thumbnailUrl\":\"https:\\\/\\\/www.eldiario.net\\\/portal\\\/wp-content\\\/uploads\\\/2026\\\/03\\\/GOYA.webp\",\"articleSection\":[\"Cultural\"],\"inLanguage\":\"es\"},{\"@type\":\"WebPage\",\"@id\":\"https:\\\/\\\/www.eldiario.net\\\/portal\\\/2026\\\/03\\\/02\\\/los-goya-2026-se-rinden-ante-los-domingos\\\/\",\"url\":\"https:\\\/\\\/www.eldiario.net\\\/portal\\\/2026\\\/03\\\/02\\\/los-goya-2026-se-rinden-ante-los-domingos\\\/\",\"name\":\"Los Goya 2026 se rinden ante \u201cLos domingos\u201d - El Diario - Bolivia\",\"isPartOf\":{\"@id\":\"https:\\\/\\\/www.eldiario.net\\\/portal\\\/#website\"},\"primaryImageOfPage\":{\"@id\":\"https:\\\/\\\/www.eldiario.net\\\/portal\\\/2026\\\/03\\\/02\\\/los-goya-2026-se-rinden-ante-los-domingos\\\/#primaryimage\"},\"image\":{\"@id\":\"https:\\\/\\\/www.eldiario.net\\\/portal\\\/2026\\\/03\\\/02\\\/los-goya-2026-se-rinden-ante-los-domingos\\\/#primaryimage\"},\"thumbnailUrl\":\"https:\\\/\\\/www.eldiario.net\\\/portal\\\/wp-content\\\/uploads\\\/2026\\\/03\\\/GOYA.webp\",\"datePublished\":\"2026-03-02T09:48:09+00:00\",\"breadcrumb\":{\"@id\":\"https:\\\/\\\/www.eldiario.net\\\/portal\\\/2026\\\/03\\\/02\\\/los-goya-2026-se-rinden-ante-los-domingos\\\/#breadcrumb\"},\"inLanguage\":\"es\",\"potentialAction\":[{\"@type\":\"ReadAction\",\"target\":[\"https:\\\/\\\/www.eldiario.net\\\/portal\\\/2026\\\/03\\\/02\\\/los-goya-2026-se-rinden-ante-los-domingos\\\/\"]}]},{\"@type\":\"ImageObject\",\"inLanguage\":\"es\",\"@id\":\"https:\\\/\\\/www.eldiario.net\\\/portal\\\/2026\\\/03\\\/02\\\/los-goya-2026-se-rinden-ante-los-domingos\\\/#primaryimage\",\"url\":\"https:\\\/\\\/www.eldiario.net\\\/portal\\\/wp-content\\\/uploads\\\/2026\\\/03\\\/GOYA.webp\",\"contentUrl\":\"https:\\\/\\\/www.eldiario.net\\\/portal\\\/wp-content\\\/uploads\\\/2026\\\/03\\\/GOYA.webp\",\"width\":1200,\"height\":800,\"caption\":\"LOS DOMINGOS EXPLORA C\u00d3MO LA B\u00daSQUEDA DE PERTENENCIA LLEVA A UNA ADOLESCENTE A CUESTIONAR SUS CREENCIAS Y A SU ENTORNO FAMILIAR.\"},{\"@type\":\"BreadcrumbList\",\"@id\":\"https:\\\/\\\/www.eldiario.net\\\/portal\\\/2026\\\/03\\\/02\\\/los-goya-2026-se-rinden-ante-los-domingos\\\/#breadcrumb\",\"itemListElement\":[{\"@type\":\"ListItem\",\"position\":1,\"name\":\"Portada\",\"item\":\"https:\\\/\\\/www.eldiario.net\\\/portal\\\/\"},{\"@type\":\"ListItem\",\"position\":2,\"name\":\"Los Goya 2026 se rinden ante \u201cLos domingos\u201d\"}]},{\"@type\":\"WebSite\",\"@id\":\"https:\\\/\\\/www.eldiario.net\\\/portal\\\/#website\",\"url\":\"https:\\\/\\\/www.eldiario.net\\\/portal\\\/\",\"name\":\"El Diario - Decano de la prensa nacional\",\"description\":\"El Diario - Decano de la prensa nacional\",\"publisher\":{\"@id\":\"https:\\\/\\\/www.eldiario.net\\\/portal\\\/#organization\"},\"potentialAction\":[{\"@type\":\"SearchAction\",\"target\":{\"@type\":\"EntryPoint\",\"urlTemplate\":\"https:\\\/\\\/www.eldiario.net\\\/portal\\\/?s={search_term_string}\"},\"query-input\":{\"@type\":\"PropertyValueSpecification\",\"valueRequired\":true,\"valueName\":\"search_term_string\"}}],\"inLanguage\":\"es\"},{\"@type\":\"Organization\",\"@id\":\"https:\\\/\\\/www.eldiario.net\\\/portal\\\/#organization\",\"name\":\"El Diario - Decano de la prensa nacional\",\"url\":\"https:\\\/\\\/www.eldiario.net\\\/portal\\\/\",\"logo\":{\"@type\":\"ImageObject\",\"inLanguage\":\"es\",\"@id\":\"https:\\\/\\\/www.eldiario.net\\\/portal\\\/#\\\/schema\\\/logo\\\/image\\\/\",\"url\":\"https:\\\/\\\/www.eldiario.net\\\/portal\\\/wp-content\\\/uploads\\\/2023\\\/07\\\/logo_ED.jpg\",\"contentUrl\":\"https:\\\/\\\/www.eldiario.net\\\/portal\\\/wp-content\\\/uploads\\\/2023\\\/07\\\/logo_ED.jpg\",\"width\":272,\"height\":52,\"caption\":\"El Diario - Decano de la prensa nacional\"},\"image\":{\"@id\":\"https:\\\/\\\/www.eldiario.net\\\/portal\\\/#\\\/schema\\\/logo\\\/image\\\/\"},\"sameAs\":[\"https:\\\/\\\/www.facebook.com\\\/eldiario.bolivia\\\/\",\"https:\\\/\\\/x.com\\\/eldiario_net\"]},{\"@type\":\"Person\",\"@id\":\"https:\\\/\\\/www.eldiario.net\\\/portal\\\/#\\\/schema\\\/person\\\/2c57cf2b7a7ae032e449e4c9b1019eac\",\"name\":\"Jeanette\",\"image\":{\"@type\":\"ImageObject\",\"inLanguage\":\"es\",\"@id\":\"https:\\\/\\\/secure.gravatar.com\\\/avatar\\\/3ea2118a5f7dad2b7138b1187a6b7ee55f160b9968b66013c3a3ef39dd7e5798?s=96&d=mm&r=g\",\"url\":\"https:\\\/\\\/secure.gravatar.com\\\/avatar\\\/3ea2118a5f7dad2b7138b1187a6b7ee55f160b9968b66013c3a3ef39dd7e5798?s=96&d=mm&r=g\",\"contentUrl\":\"https:\\\/\\\/secure.gravatar.com\\\/avatar\\\/3ea2118a5f7dad2b7138b1187a6b7ee55f160b9968b66013c3a3ef39dd7e5798?s=96&d=mm&r=g\",\"caption\":\"Jeanette\"},\"sameAs\":[\"https:\\\/\\\/www.eldiario.net\\\/portal\"],\"url\":\"https:\\\/\\\/www.eldiario.net\\\/portal\\\/author\\\/jeanette\\\/\"}]}<\/script>\n<!-- \/ Yoast SEO plugin. -->","yoast_head_json":{"title":"Los Goya 2026 se rinden ante \u201cLos domingos\u201d - El Diario - Bolivia","robots":{"index":"index","follow":"follow","max-snippet":"max-snippet:-1","max-image-preview":"max-image-preview:large","max-video-preview":"max-video-preview:-1"},"canonical":"https:\/\/www.eldiario.net\/portal\/2026\/03\/02\/los-goya-2026-se-rinden-ante-los-domingos\/","og_locale":"es_ES","og_type":"article","og_title":"Los Goya 2026 se rinden ante \u201cLos domingos\u201d - El Diario - Bolivia","og_description":"Por: Susana Guti\u00e9rrez La 40\u00aa edici\u00f3n de los Premios Goya no fue una gala m\u00e1s. Celebrada en el Auditorio F\u00f3rum CCIB de Barcelona en una noche vibrante pero pol\u00edticamente cargada, la gran fiesta del cine espa\u00f1ol consolid\u00f3 un cambio de paradigma: el triunfo rotundo del cine \u00edntimo universal, aquel que trasciende la pantalla para convertirse [&hellip;]","og_url":"https:\/\/www.eldiario.net\/portal\/2026\/03\/02\/los-goya-2026-se-rinden-ante-los-domingos\/","og_site_name":"El Diario - Bolivia","article_publisher":"https:\/\/www.facebook.com\/eldiario.bolivia\/","article_published_time":"2026-03-02T09:48:09+00:00","og_image":[{"width":1200,"height":800,"url":"https:\/\/www.eldiario.net\/portal\/wp-content\/uploads\/2026\/03\/GOYA.webp","type":"image\/webp"}],"author":"Jeanette","twitter_card":"summary_large_image","twitter_creator":"@eldiario_net","twitter_site":"@eldiario_net","twitter_misc":{"Escrito por":"Jeanette","Tiempo de lectura":"3 minutos"},"schema":{"@context":"https:\/\/schema.org","@graph":[{"@type":"Article","@id":"https:\/\/www.eldiario.net\/portal\/2026\/03\/02\/los-goya-2026-se-rinden-ante-los-domingos\/#article","isPartOf":{"@id":"https:\/\/www.eldiario.net\/portal\/2026\/03\/02\/los-goya-2026-se-rinden-ante-los-domingos\/"},"author":{"name":"Jeanette","@id":"https:\/\/www.eldiario.net\/portal\/#\/schema\/person\/2c57cf2b7a7ae032e449e4c9b1019eac"},"headline":"Los Goya 2026 se rinden ante \u201cLos domingos\u201d","datePublished":"2026-03-02T09:48:09+00:00","mainEntityOfPage":{"@id":"https:\/\/www.eldiario.net\/portal\/2026\/03\/02\/los-goya-2026-se-rinden-ante-los-domingos\/"},"wordCount":622,"publisher":{"@id":"https:\/\/www.eldiario.net\/portal\/#organization"},"image":{"@id":"https:\/\/www.eldiario.net\/portal\/2026\/03\/02\/los-goya-2026-se-rinden-ante-los-domingos\/#primaryimage"},"thumbnailUrl":"https:\/\/www.eldiario.net\/portal\/wp-content\/uploads\/2026\/03\/GOYA.webp","articleSection":["Cultural"],"inLanguage":"es"},{"@type":"WebPage","@id":"https:\/\/www.eldiario.net\/portal\/2026\/03\/02\/los-goya-2026-se-rinden-ante-los-domingos\/","url":"https:\/\/www.eldiario.net\/portal\/2026\/03\/02\/los-goya-2026-se-rinden-ante-los-domingos\/","name":"Los Goya 2026 se rinden ante \u201cLos domingos\u201d - El Diario - Bolivia","isPartOf":{"@id":"https:\/\/www.eldiario.net\/portal\/#website"},"primaryImageOfPage":{"@id":"https:\/\/www.eldiario.net\/portal\/2026\/03\/02\/los-goya-2026-se-rinden-ante-los-domingos\/#primaryimage"},"image":{"@id":"https:\/\/www.eldiario.net\/portal\/2026\/03\/02\/los-goya-2026-se-rinden-ante-los-domingos\/#primaryimage"},"thumbnailUrl":"https:\/\/www.eldiario.net\/portal\/wp-content\/uploads\/2026\/03\/GOYA.webp","datePublished":"2026-03-02T09:48:09+00:00","breadcrumb":{"@id":"https:\/\/www.eldiario.net\/portal\/2026\/03\/02\/los-goya-2026-se-rinden-ante-los-domingos\/#breadcrumb"},"inLanguage":"es","potentialAction":[{"@type":"ReadAction","target":["https:\/\/www.eldiario.net\/portal\/2026\/03\/02\/los-goya-2026-se-rinden-ante-los-domingos\/"]}]},{"@type":"ImageObject","inLanguage":"es","@id":"https:\/\/www.eldiario.net\/portal\/2026\/03\/02\/los-goya-2026-se-rinden-ante-los-domingos\/#primaryimage","url":"https:\/\/www.eldiario.net\/portal\/wp-content\/uploads\/2026\/03\/GOYA.webp","contentUrl":"https:\/\/www.eldiario.net\/portal\/wp-content\/uploads\/2026\/03\/GOYA.webp","width":1200,"height":800,"caption":"LOS DOMINGOS EXPLORA C\u00d3MO LA B\u00daSQUEDA DE PERTENENCIA LLEVA A UNA ADOLESCENTE A CUESTIONAR SUS CREENCIAS Y A SU ENTORNO FAMILIAR."},{"@type":"BreadcrumbList","@id":"https:\/\/www.eldiario.net\/portal\/2026\/03\/02\/los-goya-2026-se-rinden-ante-los-domingos\/#breadcrumb","itemListElement":[{"@type":"ListItem","position":1,"name":"Portada","item":"https:\/\/www.eldiario.net\/portal\/"},{"@type":"ListItem","position":2,"name":"Los Goya 2026 se rinden ante \u201cLos domingos\u201d"}]},{"@type":"WebSite","@id":"https:\/\/www.eldiario.net\/portal\/#website","url":"https:\/\/www.eldiario.net\/portal\/","name":"El Diario - Decano de la prensa nacional","description":"El Diario - Decano de la prensa nacional","publisher":{"@id":"https:\/\/www.eldiario.net\/portal\/#organization"},"potentialAction":[{"@type":"SearchAction","target":{"@type":"EntryPoint","urlTemplate":"https:\/\/www.eldiario.net\/portal\/?s={search_term_string}"},"query-input":{"@type":"PropertyValueSpecification","valueRequired":true,"valueName":"search_term_string"}}],"inLanguage":"es"},{"@type":"Organization","@id":"https:\/\/www.eldiario.net\/portal\/#organization","name":"El Diario - Decano de la prensa nacional","url":"https:\/\/www.eldiario.net\/portal\/","logo":{"@type":"ImageObject","inLanguage":"es","@id":"https:\/\/www.eldiario.net\/portal\/#\/schema\/logo\/image\/","url":"https:\/\/www.eldiario.net\/portal\/wp-content\/uploads\/2023\/07\/logo_ED.jpg","contentUrl":"https:\/\/www.eldiario.net\/portal\/wp-content\/uploads\/2023\/07\/logo_ED.jpg","width":272,"height":52,"caption":"El Diario - Decano de la prensa nacional"},"image":{"@id":"https:\/\/www.eldiario.net\/portal\/#\/schema\/logo\/image\/"},"sameAs":["https:\/\/www.facebook.com\/eldiario.bolivia\/","https:\/\/x.com\/eldiario_net"]},{"@type":"Person","@id":"https:\/\/www.eldiario.net\/portal\/#\/schema\/person\/2c57cf2b7a7ae032e449e4c9b1019eac","name":"Jeanette","image":{"@type":"ImageObject","inLanguage":"es","@id":"https:\/\/secure.gravatar.com\/avatar\/3ea2118a5f7dad2b7138b1187a6b7ee55f160b9968b66013c3a3ef39dd7e5798?s=96&d=mm&r=g","url":"https:\/\/secure.gravatar.com\/avatar\/3ea2118a5f7dad2b7138b1187a6b7ee55f160b9968b66013c3a3ef39dd7e5798?s=96&d=mm&r=g","contentUrl":"https:\/\/secure.gravatar.com\/avatar\/3ea2118a5f7dad2b7138b1187a6b7ee55f160b9968b66013c3a3ef39dd7e5798?s=96&d=mm&r=g","caption":"Jeanette"},"sameAs":["https:\/\/www.eldiario.net\/portal"],"url":"https:\/\/www.eldiario.net\/portal\/author\/jeanette\/"}]}},"_links":{"self":[{"href":"https:\/\/www.eldiario.net\/portal\/wp-json\/wp\/v2\/posts\/372391","targetHints":{"allow":["GET"]}}],"collection":[{"href":"https:\/\/www.eldiario.net\/portal\/wp-json\/wp\/v2\/posts"}],"about":[{"href":"https:\/\/www.eldiario.net\/portal\/wp-json\/wp\/v2\/types\/post"}],"author":[{"embeddable":true,"href":"https:\/\/www.eldiario.net\/portal\/wp-json\/wp\/v2\/users\/1"}],"replies":[{"embeddable":true,"href":"https:\/\/www.eldiario.net\/portal\/wp-json\/wp\/v2\/comments?post=372391"}],"version-history":[{"count":1,"href":"https:\/\/www.eldiario.net\/portal\/wp-json\/wp\/v2\/posts\/372391\/revisions"}],"predecessor-version":[{"id":372393,"href":"https:\/\/www.eldiario.net\/portal\/wp-json\/wp\/v2\/posts\/372391\/revisions\/372393"}],"wp:featuredmedia":[{"embeddable":true,"href":"https:\/\/www.eldiario.net\/portal\/wp-json\/wp\/v2\/media\/372392"}],"wp:attachment":[{"href":"https:\/\/www.eldiario.net\/portal\/wp-json\/wp\/v2\/media?parent=372391"}],"wp:term":[{"taxonomy":"category","embeddable":true,"href":"https:\/\/www.eldiario.net\/portal\/wp-json\/wp\/v2\/categories?post=372391"},{"taxonomy":"post_tag","embeddable":true,"href":"https:\/\/www.eldiario.net\/portal\/wp-json\/wp\/v2\/tags?post=372391"}],"curies":[{"name":"wp","href":"https:\/\/api.w.org\/{rel}","templated":true}]}}