{"id":372384,"date":"2026-03-02T05:41:45","date_gmt":"2026-03-02T09:41:45","guid":{"rendered":"https:\/\/www.eldiario.net\/portal\/?p=372384"},"modified":"2026-03-02T05:41:45","modified_gmt":"2026-03-02T09:41:45","slug":"hoy-finaliza-el-plazo-para-entrega-de-planta-del-mutun","status":"publish","type":"post","link":"https:\/\/www.eldiario.net\/portal\/2026\/03\/02\/hoy-finaliza-el-plazo-para-entrega-de-planta-del-mutun\/","title":{"rendered":"Hoy finaliza el plazo para  entrega de planta del Mut\u00fan"},"content":{"rendered":"<p>El plazo perentorio de cinco d\u00edas otorgado a la empresa china Sinosteel Engineering and Technology para que asuma su responsabilidad en la entrega de la planta sider\u00fargica del Mut\u00fan en pleno funcionamiento finaliza hoy, sostuvo el presidente de la Empresa Sider\u00fargica del Mut\u00fan (ESM), \u00c1lvaro Tejerina.<br \/>\nAdem\u00e1s, advirti\u00f3 que la exigencia incluye la renovaci\u00f3n de boletas de garant\u00eda y la devoluci\u00f3n de montos observados; caso contrario, se proceder\u00e1 a la resoluci\u00f3n del contrato conforme a lo establecido en sus cl\u00e1usulas.<br \/>\n\u201cLa planta no est\u00e1 funcionando porque hay m\u00e1s de 300 observaciones que los chinos hasta la fecha no han terminado\u201d, declar\u00f3 Tejerina a Erbol. La firma Sinosteel se adjudic\u00f3 el proyecto en 2016 bajo la modalidad \u201cllave en mano\u201d, con una inversi\u00f3n cercana a los 400 millones de d\u00f3lares financiados por el banco chino EximBank.<br \/>\nEl titular de la ESM cuestion\u00f3 que la contratista ya cobr\u00f3 el 100% del costo de la obra, pero la factor\u00eda no logra arrancar. Entre los incumplimientos se\u00f1alados est\u00e1n la falta de capacitaci\u00f3n del personal boliviano y la entrega de documentaci\u00f3n t\u00e9cnica como manuales, licencias y software, que est\u00e1n en idioma chino sin traducci\u00f3n ni transferencia al equipo local.<br \/>\n\u201cSi el lunes no entregan lo que deben entregar, se va a resolver el contrato en el marco de lo que establece el mismo documento. Lo peor que podemos hacer es vulnerar la legalidad y repetir errores de la gesti\u00f3n pasada\u201d, afirm\u00f3 Tejerina. No obstante, aclar\u00f3 que, si la empresa cumple con todo, al Estado le interesa que el proyecto concluya, considerando que la obra ya est\u00e1 pagada.<br \/>\nAnte una posible rescisi\u00f3n, la actual administraci\u00f3n cuenta con un \u201cplan B\u201d o plan de contingencia, que es de conocimiento del presidente Rodrigo Paz.<\/p>\n","protected":false},"excerpt":{"rendered":"<p>El plazo perentorio de cinco d\u00edas otorgado a la empresa china Sinosteel Engineering and Technology para que asuma su responsabilidad en la entrega de la planta sider\u00fargica del Mut\u00fan en pleno funcionamiento finaliza hoy, sostuvo el presidente de la Empresa Sider\u00fargica del Mut\u00fan (ESM), \u00c1lvaro Tejerina. Adem\u00e1s, advirti\u00f3 que la exigencia incluye la renovaci\u00f3n de [&hellip;]<\/p>\n","protected":false},"author":1,"featured_media":372385,"comment_status":"closed","ping_status":"open","sticky":false,"template":"","format":"standard","meta":{"_acf_changed":false,"footnotes":""},"categories":[17],"tags":[],"class_list":["post-372384","post","type-post","status-publish","format-standard","has-post-thumbnail","category-principal"],"acf":{"antetitulo":"Empresa china se adjudic\u00f3 el proyecto en 2016"},"yoast_head":"<!-- This site is optimized with the Yoast SEO plugin v28.4 - https:\/\/yoast.com\/product\/yoast-seo-wordpress\/ -->\n<title>Hoy finaliza el plazo para entrega de planta del Mut\u00fan - El Diario - Bolivia<\/title>\n<meta name=\"robots\" content=\"index, follow, max-snippet:-1, max-image-preview:large, max-video-preview:-1\" \/>\n<link rel=\"canonical\" href=\"https:\/\/www.eldiario.net\/portal\/2026\/03\/02\/hoy-finaliza-el-plazo-para-entrega-de-planta-del-mutun\/\" \/>\n<meta property=\"og:locale\" content=\"es_ES\" \/>\n<meta property=\"og:type\" content=\"article\" \/>\n<meta property=\"og:title\" content=\"Hoy finaliza el plazo para entrega de planta del Mut\u00fan - El Diario - Bolivia\" \/>\n<meta property=\"og:description\" content=\"El plazo perentorio de cinco d\u00edas otorgado a la empresa china Sinosteel Engineering and Technology para que asuma su responsabilidad en la entrega de la planta sider\u00fargica del Mut\u00fan en pleno funcionamiento finaliza hoy, sostuvo el presidente de la Empresa Sider\u00fargica del Mut\u00fan (ESM), \u00c1lvaro Tejerina. Adem\u00e1s, advirti\u00f3 que la exigencia incluye la renovaci\u00f3n de [&hellip;]\" \/>\n<meta property=\"og:url\" content=\"https:\/\/www.eldiario.net\/portal\/2026\/03\/02\/hoy-finaliza-el-plazo-para-entrega-de-planta-del-mutun\/\" \/>\n<meta property=\"og:site_name\" content=\"El Diario - Bolivia\" \/>\n<meta property=\"article:publisher\" content=\"https:\/\/www.facebook.com\/eldiario.bolivia\/\" \/>\n<meta property=\"article:published_time\" content=\"2026-03-02T09:41:45+00:00\" \/>\n<meta property=\"og:image\" content=\"https:\/\/www.eldiario.net\/portal\/wp-content\/uploads\/2026\/03\/Planta-del-mutun-Abi-15-cm-x-10.webp\" \/>\n\t<meta property=\"og:image:width\" content=\"960\" \/>\n\t<meta property=\"og:image:height\" content=\"720\" \/>\n\t<meta property=\"og:image:type\" content=\"image\/webp\" \/>\n<meta name=\"author\" content=\"Jeanette\" \/>\n<meta name=\"twitter:card\" content=\"summary_large_image\" \/>\n<meta name=\"twitter:creator\" content=\"@eldiario_net\" \/>\n<meta name=\"twitter:site\" content=\"@eldiario_net\" \/>\n<meta name=\"twitter:label1\" content=\"Escrito por\" \/>\n\t<meta name=\"twitter:data1\" content=\"Jeanette\" \/>\n\t<meta name=\"twitter:label2\" content=\"Tiempo de lectura\" \/>\n\t<meta name=\"twitter:data2\" content=\"2 minutos\" \/>\n<script type=\"application\/ld+json\" class=\"yoast-schema-graph\">{\"@context\":\"https:\\\/\\\/schema.org\",\"@graph\":[{\"@type\":\"Article\",\"@id\":\"https:\\\/\\\/www.eldiario.net\\\/portal\\\/2026\\\/03\\\/02\\\/hoy-finaliza-el-plazo-para-entrega-de-planta-del-mutun\\\/#article\",\"isPartOf\":{\"@id\":\"https:\\\/\\\/www.eldiario.net\\\/portal\\\/2026\\\/03\\\/02\\\/hoy-finaliza-el-plazo-para-entrega-de-planta-del-mutun\\\/\"},\"author\":{\"name\":\"Jeanette\",\"@id\":\"https:\\\/\\\/www.eldiario.net\\\/portal\\\/#\\\/schema\\\/person\\\/f46445640444750d7d753ccd04ae01b7\"},\"headline\":\"Hoy finaliza el plazo para entrega de planta del Mut\u00fan\",\"datePublished\":\"2026-03-02T09:41:45+00:00\",\"mainEntityOfPage\":{\"@id\":\"https:\\\/\\\/www.eldiario.net\\\/portal\\\/2026\\\/03\\\/02\\\/hoy-finaliza-el-plazo-para-entrega-de-planta-del-mutun\\\/\"},\"wordCount\":318,\"publisher\":{\"@id\":\"https:\\\/\\\/www.eldiario.net\\\/portal\\\/#organization\"},\"image\":{\"@id\":\"https:\\\/\\\/www.eldiario.net\\\/portal\\\/2026\\\/03\\\/02\\\/hoy-finaliza-el-plazo-para-entrega-de-planta-del-mutun\\\/#primaryimage\"},\"thumbnailUrl\":\"https:\\\/\\\/www.eldiario.net\\\/portal\\\/wp-content\\\/uploads\\\/2026\\\/03\\\/Planta-del-mutun-Abi-15-cm-x-10.webp\",\"articleSection\":[\"Principal\"],\"inLanguage\":\"es\"},{\"@type\":\"WebPage\",\"@id\":\"https:\\\/\\\/www.eldiario.net\\\/portal\\\/2026\\\/03\\\/02\\\/hoy-finaliza-el-plazo-para-entrega-de-planta-del-mutun\\\/\",\"url\":\"https:\\\/\\\/www.eldiario.net\\\/portal\\\/2026\\\/03\\\/02\\\/hoy-finaliza-el-plazo-para-entrega-de-planta-del-mutun\\\/\",\"name\":\"Hoy finaliza el plazo para entrega de planta del Mut\u00fan - El Diario - Bolivia\",\"isPartOf\":{\"@id\":\"https:\\\/\\\/www.eldiario.net\\\/portal\\\/#website\"},\"primaryImageOfPage\":{\"@id\":\"https:\\\/\\\/www.eldiario.net\\\/portal\\\/2026\\\/03\\\/02\\\/hoy-finaliza-el-plazo-para-entrega-de-planta-del-mutun\\\/#primaryimage\"},\"image\":{\"@id\":\"https:\\\/\\\/www.eldiario.net\\\/portal\\\/2026\\\/03\\\/02\\\/hoy-finaliza-el-plazo-para-entrega-de-planta-del-mutun\\\/#primaryimage\"},\"thumbnailUrl\":\"https:\\\/\\\/www.eldiario.net\\\/portal\\\/wp-content\\\/uploads\\\/2026\\\/03\\\/Planta-del-mutun-Abi-15-cm-x-10.webp\",\"datePublished\":\"2026-03-02T09:41:45+00:00\",\"breadcrumb\":{\"@id\":\"https:\\\/\\\/www.eldiario.net\\\/portal\\\/2026\\\/03\\\/02\\\/hoy-finaliza-el-plazo-para-entrega-de-planta-del-mutun\\\/#breadcrumb\"},\"inLanguage\":\"es\",\"potentialAction\":[{\"@type\":\"ReadAction\",\"target\":[\"https:\\\/\\\/www.eldiario.net\\\/portal\\\/2026\\\/03\\\/02\\\/hoy-finaliza-el-plazo-para-entrega-de-planta-del-mutun\\\/\"]}]},{\"@type\":\"ImageObject\",\"inLanguage\":\"es\",\"@id\":\"https:\\\/\\\/www.eldiario.net\\\/portal\\\/2026\\\/03\\\/02\\\/hoy-finaliza-el-plazo-para-entrega-de-planta-del-mutun\\\/#primaryimage\",\"url\":\"https:\\\/\\\/www.eldiario.net\\\/portal\\\/wp-content\\\/uploads\\\/2026\\\/03\\\/Planta-del-mutun-Abi-15-cm-x-10.webp\",\"contentUrl\":\"https:\\\/\\\/www.eldiario.net\\\/portal\\\/wp-content\\\/uploads\\\/2026\\\/03\\\/Planta-del-mutun-Abi-15-cm-x-10.webp\",\"width\":960,\"height\":720,\"caption\":\"La Planta Sider\u00fargica del Mut\u00fan, ubicada en Puerto Su\u00e1rez, Santa Cruz, es un complejo industrial clave para la producci\u00f3n de acero.\"},{\"@type\":\"BreadcrumbList\",\"@id\":\"https:\\\/\\\/www.eldiario.net\\\/portal\\\/2026\\\/03\\\/02\\\/hoy-finaliza-el-plazo-para-entrega-de-planta-del-mutun\\\/#breadcrumb\",\"itemListElement\":[{\"@type\":\"ListItem\",\"position\":1,\"name\":\"Portada\",\"item\":\"https:\\\/\\\/www.eldiario.net\\\/portal\\\/\"},{\"@type\":\"ListItem\",\"position\":2,\"name\":\"Hoy finaliza el plazo para entrega de planta del Mut\u00fan\"}]},{\"@type\":\"WebSite\",\"@id\":\"https:\\\/\\\/www.eldiario.net\\\/portal\\\/#website\",\"url\":\"https:\\\/\\\/www.eldiario.net\\\/portal\\\/\",\"name\":\"El Diario - Decano de la prensa nacional\",\"description\":\"El Diario - Decano de la prensa nacional\",\"publisher\":{\"@id\":\"https:\\\/\\\/www.eldiario.net\\\/portal\\\/#organization\"},\"potentialAction\":[{\"@type\":\"SearchAction\",\"target\":{\"@type\":\"EntryPoint\",\"urlTemplate\":\"https:\\\/\\\/www.eldiario.net\\\/portal\\\/?s={search_term_string}\"},\"query-input\":{\"@type\":\"PropertyValueSpecification\",\"valueRequired\":true,\"valueName\":\"search_term_string\"}}],\"inLanguage\":\"es\"},{\"@type\":\"Organization\",\"@id\":\"https:\\\/\\\/www.eldiario.net\\\/portal\\\/#organization\",\"name\":\"El Diario - Decano de la prensa nacional\",\"url\":\"https:\\\/\\\/www.eldiario.net\\\/portal\\\/\",\"logo\":{\"@type\":\"ImageObject\",\"inLanguage\":\"es\",\"@id\":\"https:\\\/\\\/www.eldiario.net\\\/portal\\\/#\\\/schema\\\/logo\\\/image\\\/\",\"url\":\"https:\\\/\\\/www.eldiario.net\\\/portal\\\/wp-content\\\/uploads\\\/2023\\\/07\\\/logo_ED.jpg\",\"contentUrl\":\"https:\\\/\\\/www.eldiario.net\\\/portal\\\/wp-content\\\/uploads\\\/2023\\\/07\\\/logo_ED.jpg\",\"width\":272,\"height\":52,\"caption\":\"El Diario - Decano de la prensa nacional\"},\"image\":{\"@id\":\"https:\\\/\\\/www.eldiario.net\\\/portal\\\/#\\\/schema\\\/logo\\\/image\\\/\"},\"sameAs\":[\"https:\\\/\\\/www.facebook.com\\\/eldiario.bolivia\\\/\",\"https:\\\/\\\/x.com\\\/eldiario_net\"]},{\"@type\":\"Person\",\"@id\":\"https:\\\/\\\/www.eldiario.net\\\/portal\\\/#\\\/schema\\\/person\\\/f46445640444750d7d753ccd04ae01b7\",\"name\":\"Jeanette\",\"image\":{\"@type\":\"ImageObject\",\"inLanguage\":\"es\",\"@id\":\"https:\\\/\\\/secure.gravatar.com\\\/avatar\\\/3ea2118a5f7dad2b7138b1187a6b7ee55f160b9968b66013c3a3ef39dd7e5798?s=96&d=mm&r=g\",\"url\":\"https:\\\/\\\/secure.gravatar.com\\\/avatar\\\/3ea2118a5f7dad2b7138b1187a6b7ee55f160b9968b66013c3a3ef39dd7e5798?s=96&d=mm&r=g\",\"contentUrl\":\"https:\\\/\\\/secure.gravatar.com\\\/avatar\\\/3ea2118a5f7dad2b7138b1187a6b7ee55f160b9968b66013c3a3ef39dd7e5798?s=96&d=mm&r=g\",\"caption\":\"Jeanette\"},\"sameAs\":[\"https:\\\/\\\/www.eldiario.net\\\/portal\"],\"url\":\"https:\\\/\\\/www.eldiario.net\\\/portal\\\/author\\\/jeanette\\\/\"}]}<\/script>\n<!-- \/ Yoast SEO plugin. -->","yoast_head_json":{"title":"Hoy finaliza el plazo para entrega de planta del Mut\u00fan - El Diario - Bolivia","robots":{"index":"index","follow":"follow","max-snippet":"max-snippet:-1","max-image-preview":"max-image-preview:large","max-video-preview":"max-video-preview:-1"},"canonical":"https:\/\/www.eldiario.net\/portal\/2026\/03\/02\/hoy-finaliza-el-plazo-para-entrega-de-planta-del-mutun\/","og_locale":"es_ES","og_type":"article","og_title":"Hoy finaliza el plazo para entrega de planta del Mut\u00fan - El Diario - Bolivia","og_description":"El plazo perentorio de cinco d\u00edas otorgado a la empresa china Sinosteel Engineering and Technology para que asuma su responsabilidad en la entrega de la planta sider\u00fargica del Mut\u00fan en pleno funcionamiento finaliza hoy, sostuvo el presidente de la Empresa Sider\u00fargica del Mut\u00fan (ESM), \u00c1lvaro Tejerina. Adem\u00e1s, advirti\u00f3 que la exigencia incluye la renovaci\u00f3n de [&hellip;]","og_url":"https:\/\/www.eldiario.net\/portal\/2026\/03\/02\/hoy-finaliza-el-plazo-para-entrega-de-planta-del-mutun\/","og_site_name":"El Diario - Bolivia","article_publisher":"https:\/\/www.facebook.com\/eldiario.bolivia\/","article_published_time":"2026-03-02T09:41:45+00:00","og_image":[{"width":960,"height":720,"url":"https:\/\/www.eldiario.net\/portal\/wp-content\/uploads\/2026\/03\/Planta-del-mutun-Abi-15-cm-x-10.webp","type":"image\/webp"}],"author":"Jeanette","twitter_card":"summary_large_image","twitter_creator":"@eldiario_net","twitter_site":"@eldiario_net","twitter_misc":{"Escrito por":"Jeanette","Tiempo de lectura":"2 minutos"},"schema":{"@context":"https:\/\/schema.org","@graph":[{"@type":"Article","@id":"https:\/\/www.eldiario.net\/portal\/2026\/03\/02\/hoy-finaliza-el-plazo-para-entrega-de-planta-del-mutun\/#article","isPartOf":{"@id":"https:\/\/www.eldiario.net\/portal\/2026\/03\/02\/hoy-finaliza-el-plazo-para-entrega-de-planta-del-mutun\/"},"author":{"name":"Jeanette","@id":"https:\/\/www.eldiario.net\/portal\/#\/schema\/person\/f46445640444750d7d753ccd04ae01b7"},"headline":"Hoy finaliza el plazo para entrega de planta del Mut\u00fan","datePublished":"2026-03-02T09:41:45+00:00","mainEntityOfPage":{"@id":"https:\/\/www.eldiario.net\/portal\/2026\/03\/02\/hoy-finaliza-el-plazo-para-entrega-de-planta-del-mutun\/"},"wordCount":318,"publisher":{"@id":"https:\/\/www.eldiario.net\/portal\/#organization"},"image":{"@id":"https:\/\/www.eldiario.net\/portal\/2026\/03\/02\/hoy-finaliza-el-plazo-para-entrega-de-planta-del-mutun\/#primaryimage"},"thumbnailUrl":"https:\/\/www.eldiario.net\/portal\/wp-content\/uploads\/2026\/03\/Planta-del-mutun-Abi-15-cm-x-10.webp","articleSection":["Principal"],"inLanguage":"es"},{"@type":"WebPage","@id":"https:\/\/www.eldiario.net\/portal\/2026\/03\/02\/hoy-finaliza-el-plazo-para-entrega-de-planta-del-mutun\/","url":"https:\/\/www.eldiario.net\/portal\/2026\/03\/02\/hoy-finaliza-el-plazo-para-entrega-de-planta-del-mutun\/","name":"Hoy finaliza el plazo para entrega de planta del Mut\u00fan - El Diario - Bolivia","isPartOf":{"@id":"https:\/\/www.eldiario.net\/portal\/#website"},"primaryImageOfPage":{"@id":"https:\/\/www.eldiario.net\/portal\/2026\/03\/02\/hoy-finaliza-el-plazo-para-entrega-de-planta-del-mutun\/#primaryimage"},"image":{"@id":"https:\/\/www.eldiario.net\/portal\/2026\/03\/02\/hoy-finaliza-el-plazo-para-entrega-de-planta-del-mutun\/#primaryimage"},"thumbnailUrl":"https:\/\/www.eldiario.net\/portal\/wp-content\/uploads\/2026\/03\/Planta-del-mutun-Abi-15-cm-x-10.webp","datePublished":"2026-03-02T09:41:45+00:00","breadcrumb":{"@id":"https:\/\/www.eldiario.net\/portal\/2026\/03\/02\/hoy-finaliza-el-plazo-para-entrega-de-planta-del-mutun\/#breadcrumb"},"inLanguage":"es","potentialAction":[{"@type":"ReadAction","target":["https:\/\/www.eldiario.net\/portal\/2026\/03\/02\/hoy-finaliza-el-plazo-para-entrega-de-planta-del-mutun\/"]}]},{"@type":"ImageObject","inLanguage":"es","@id":"https:\/\/www.eldiario.net\/portal\/2026\/03\/02\/hoy-finaliza-el-plazo-para-entrega-de-planta-del-mutun\/#primaryimage","url":"https:\/\/www.eldiario.net\/portal\/wp-content\/uploads\/2026\/03\/Planta-del-mutun-Abi-15-cm-x-10.webp","contentUrl":"https:\/\/www.eldiario.net\/portal\/wp-content\/uploads\/2026\/03\/Planta-del-mutun-Abi-15-cm-x-10.webp","width":960,"height":720,"caption":"La Planta Sider\u00fargica del Mut\u00fan, ubicada en Puerto Su\u00e1rez, Santa Cruz, es un complejo industrial clave para la producci\u00f3n de acero."},{"@type":"BreadcrumbList","@id":"https:\/\/www.eldiario.net\/portal\/2026\/03\/02\/hoy-finaliza-el-plazo-para-entrega-de-planta-del-mutun\/#breadcrumb","itemListElement":[{"@type":"ListItem","position":1,"name":"Portada","item":"https:\/\/www.eldiario.net\/portal\/"},{"@type":"ListItem","position":2,"name":"Hoy finaliza el plazo para entrega de planta del Mut\u00fan"}]},{"@type":"WebSite","@id":"https:\/\/www.eldiario.net\/portal\/#website","url":"https:\/\/www.eldiario.net\/portal\/","name":"El Diario - Decano de la prensa nacional","description":"El Diario - Decano de la prensa nacional","publisher":{"@id":"https:\/\/www.eldiario.net\/portal\/#organization"},"potentialAction":[{"@type":"SearchAction","target":{"@type":"EntryPoint","urlTemplate":"https:\/\/www.eldiario.net\/portal\/?s={search_term_string}"},"query-input":{"@type":"PropertyValueSpecification","valueRequired":true,"valueName":"search_term_string"}}],"inLanguage":"es"},{"@type":"Organization","@id":"https:\/\/www.eldiario.net\/portal\/#organization","name":"El Diario - Decano de la prensa nacional","url":"https:\/\/www.eldiario.net\/portal\/","logo":{"@type":"ImageObject","inLanguage":"es","@id":"https:\/\/www.eldiario.net\/portal\/#\/schema\/logo\/image\/","url":"https:\/\/www.eldiario.net\/portal\/wp-content\/uploads\/2023\/07\/logo_ED.jpg","contentUrl":"https:\/\/www.eldiario.net\/portal\/wp-content\/uploads\/2023\/07\/logo_ED.jpg","width":272,"height":52,"caption":"El Diario - Decano de la prensa nacional"},"image":{"@id":"https:\/\/www.eldiario.net\/portal\/#\/schema\/logo\/image\/"},"sameAs":["https:\/\/www.facebook.com\/eldiario.bolivia\/","https:\/\/x.com\/eldiario_net"]},{"@type":"Person","@id":"https:\/\/www.eldiario.net\/portal\/#\/schema\/person\/f46445640444750d7d753ccd04ae01b7","name":"Jeanette","image":{"@type":"ImageObject","inLanguage":"es","@id":"https:\/\/secure.gravatar.com\/avatar\/3ea2118a5f7dad2b7138b1187a6b7ee55f160b9968b66013c3a3ef39dd7e5798?s=96&d=mm&r=g","url":"https:\/\/secure.gravatar.com\/avatar\/3ea2118a5f7dad2b7138b1187a6b7ee55f160b9968b66013c3a3ef39dd7e5798?s=96&d=mm&r=g","contentUrl":"https:\/\/secure.gravatar.com\/avatar\/3ea2118a5f7dad2b7138b1187a6b7ee55f160b9968b66013c3a3ef39dd7e5798?s=96&d=mm&r=g","caption":"Jeanette"},"sameAs":["https:\/\/www.eldiario.net\/portal"],"url":"https:\/\/www.eldiario.net\/portal\/author\/jeanette\/"}]}},"_links":{"self":[{"href":"https:\/\/www.eldiario.net\/portal\/wp-json\/wp\/v2\/posts\/372384","targetHints":{"allow":["GET"]}}],"collection":[{"href":"https:\/\/www.eldiario.net\/portal\/wp-json\/wp\/v2\/posts"}],"about":[{"href":"https:\/\/www.eldiario.net\/portal\/wp-json\/wp\/v2\/types\/post"}],"author":[{"embeddable":true,"href":"https:\/\/www.eldiario.net\/portal\/wp-json\/wp\/v2\/users\/1"}],"replies":[{"embeddable":true,"href":"https:\/\/www.eldiario.net\/portal\/wp-json\/wp\/v2\/comments?post=372384"}],"version-history":[{"count":1,"href":"https:\/\/www.eldiario.net\/portal\/wp-json\/wp\/v2\/posts\/372384\/revisions"}],"predecessor-version":[{"id":372386,"href":"https:\/\/www.eldiario.net\/portal\/wp-json\/wp\/v2\/posts\/372384\/revisions\/372386"}],"wp:featuredmedia":[{"embeddable":true,"href":"https:\/\/www.eldiario.net\/portal\/wp-json\/wp\/v2\/media\/372385"}],"wp:attachment":[{"href":"https:\/\/www.eldiario.net\/portal\/wp-json\/wp\/v2\/media?parent=372384"}],"wp:term":[{"taxonomy":"category","embeddable":true,"href":"https:\/\/www.eldiario.net\/portal\/wp-json\/wp\/v2\/categories?post=372384"},{"taxonomy":"post_tag","embeddable":true,"href":"https:\/\/www.eldiario.net\/portal\/wp-json\/wp\/v2\/tags?post=372384"}],"curies":[{"name":"wp","href":"https:\/\/api.w.org\/{rel}","templated":true}]}}