{"id":372251,"date":"2026-03-01T09:12:27","date_gmt":"2026-03-01T13:12:27","guid":{"rendered":"https:\/\/www.eldiario.net\/portal\/?p=372251"},"modified":"2026-03-01T09:12:27","modified_gmt":"2026-03-01T13:12:27","slug":"22-fallecidos-y-39-heridos-segun-ultimo-reporte-de-accidente-aereo","status":"publish","type":"post","link":"https:\/\/www.eldiario.net\/portal\/2026\/03\/01\/22-fallecidos-y-39-heridos-segun-ultimo-reporte-de-accidente-aereo\/","title":{"rendered":"22 fallecidos y 39 heridos, seg\u00fan  \u00faltimo reporte de accidente a\u00e9reo"},"content":{"rendered":"<p>El comandante general de la Polic\u00eda Boliviana, Mirko Sokol, inform\u00f3 que, hasta la ma\u00f1ana de ayer, se reportaron 22 fallecidos y 39 heridos a consecuencia del accidente que sufri\u00f3 un avi\u00f3n militar de carga de la Fuerza A\u00e9rea Boliviana (FAB) procedente de Santa Cruz, en el aeropuerto internacional de El Alto. Acot\u00f3 que tambi\u00e9n se arrest\u00f3 a 49 personas por actos vand\u00e1licos.<br \/>\n\u201cHemos tenido que lamentar el fallecimiento de 22 personas, tenemos 39 personas heridas que han sido trasladas a diferentes centros m\u00e9dicos y tenemos 49 personas arrestadas por los actos vand\u00e1licos que se han generado a ra\u00edz del hecho\u201d, se\u00f1al\u00f3 la autoridad policial.<br \/>\nSokol detall\u00f3 que del total de fallecidos; 12 son varones, seis mujeres y cuatro menores de edad. Lamentablemente solo nueve han sido identificados, hasta el mediod\u00eda de ayer, y buscan a familiares debido a la gravedad de las lesiones y mutilaciones que sufrieron, se complic\u00f3 poder reconocerlos.<br \/>\nExplic\u00f3 que, entre las personas arrestadas, \u201calgunos de ellos se les encontr\u00f3 con el dinero, otros por hechos vand\u00e1licos, agresiones y da\u00f1os a veh\u00edculos\u201d.<br \/>\nAsimismo, desde Tr\u00e1nsito se inform\u00f3 que 15 veh\u00edculos resultaron afectados por la tragedia a\u00e9rea y otros 15 presentan serios da\u00f1os ocasionados en los disturbios registrados la noche del viernes en el lugar del accidente, entre ellos, ambulancias de los municipios de El Alto y La Paz, adem\u00e1s de 11 motocicletas policiales quemadas.<br \/>\nLa autoridad policial se\u00f1al\u00f3 que, pese a los esfuerzos de control, fue necesario utilizar agentes qu\u00edmicos, incluso durante la madrugada de ayer, porque mucha gente segu\u00eda con la intenci\u00f3n de llevarse el dinero. \u201cHasta hace unas pocas horas hemos seguido utilizando agentes qu\u00edmicos, ya que la gente no entiende, no es emp\u00e1tica con la situaci\u00f3n tan tr\u00e1gica que estamos viviendo\u201d, indic\u00f3.<br \/>\nEl accidente del avi\u00f3n H\u00e9rcules dej\u00f3 a la ciudad de El Alto con un profundo dolor. Como medida de \u201cprecauci\u00f3n\u201d, la noche del viernes el dinero disperso fue incinerado para evitar que continuaran los actos delictivos que, entre otros aspectos, perjudic\u00f3 con la atenci\u00f3n a las v\u00edctimas.<\/p>\n<p>TRABAJO<br \/>\n\u201cEs un accidente que pod\u00eda haber sido una tremenda tragedia. El avi\u00f3n ha sobrevolado la ciudad de La Paz, ha ingresado (\u2026) y asumimos que la pista estaba con granizo (\u2026) hubiera ca\u00eddo casi sobre cuarenta edificios, de dos y cuatro pisos, eso hubiera sido una tragedia, pero pilotos han hecho un viraje, es decir, el piloto, la tripulaci\u00f3n ha tenido la inteligencia, la habilidad de dar un giro de 180 grados con semejante avi\u00f3n\u201d, indic\u00f3 el viceministro de R\u00e9gimen Interior y Polic\u00eda, Hern\u00e1n Paredes Mu\u00f1oz.<br \/>\nLa autoridad gubernamental asegur\u00f3 que \u201cno hay da\u00f1o econ\u00f3mico para el Gobierno nacional\u201d, adem\u00e1s, se ayudar\u00e1 a las personas que resultaron lesionados. \u201cVamos a acompa\u00f1ar la curaci\u00f3n de todos los heridos y la indemnizaci\u00f3n a las familias que han perdido un ser querido\u201d.<br \/>\nPor otro lado, destac\u00f3 que la coordinaci\u00f3n efectiva entre la Polic\u00eda Boliviana y las Fuerzas Armadas fue determinante para brindar una respuesta inmediata tras el accidente.<br \/>\n\u201cEn el pasado, hab\u00eda cierta rivalidad entre las Fuerzas Armadas y la Polic\u00eda. Ayer han trabajado como hermanos de una gran familia boliviana, y siguen trabajando, codo a codo, toda la noche\u201d, afirm\u00f3.<br \/>\nLa tarde del viernes, entre las 18:00 y 18:15 horas, el avi\u00f3n H\u00e9rcules, que llegaba de Santa Cruz, sufri\u00f3 un accidente sali\u00e9ndose de la pista del aeropuerto de El Alto hasta llegar a un espacio llano y casi vac\u00edo, pero la magnitud del hecho caus\u00f3 que varias partes de la aeronave impacten con veh\u00edculos p\u00fablicos y particulares que estaban por el sector, causando muerte y enormes p\u00e9rdidas materiales.<\/p>\n","protected":false},"excerpt":{"rendered":"<p>El comandante general de la Polic\u00eda Boliviana, Mirko Sokol, inform\u00f3 que, hasta la ma\u00f1ana de ayer, se reportaron 22 fallecidos y 39 heridos a consecuencia del accidente que sufri\u00f3 un avi\u00f3n militar de carga de la Fuerza A\u00e9rea Boliviana (FAB) procedente de Santa Cruz, en el aeropuerto internacional de El Alto. Acot\u00f3 que tambi\u00e9n se [&hellip;]<\/p>\n","protected":false},"author":2,"featured_media":372252,"comment_status":"closed","ping_status":"open","sticky":false,"template":"","format":"standard","meta":{"_acf_changed":false,"footnotes":""},"categories":[12],"tags":[],"class_list":["post-372251","post","type-post","status-publish","format-standard","has-post-thumbnail","category-nacional"],"acf":{"antetitulo":"Luto en El Alto"},"yoast_head":"<!-- This site is optimized with the Yoast SEO plugin v28.3 - https:\/\/yoast.com\/product\/yoast-seo-wordpress\/ -->\n<title>22 fallecidos y 39 heridos, seg\u00fan \u00faltimo reporte de accidente a\u00e9reo - El Diario - Bolivia<\/title>\n<meta name=\"robots\" content=\"index, follow, max-snippet:-1, max-image-preview:large, max-video-preview:-1\" \/>\n<link rel=\"canonical\" href=\"https:\/\/www.eldiario.net\/portal\/2026\/03\/01\/22-fallecidos-y-39-heridos-segun-ultimo-reporte-de-accidente-aereo\/\" \/>\n<meta property=\"og:locale\" content=\"es_ES\" \/>\n<meta property=\"og:type\" content=\"article\" \/>\n<meta property=\"og:title\" content=\"22 fallecidos y 39 heridos, seg\u00fan \u00faltimo reporte de accidente a\u00e9reo - El Diario - Bolivia\" \/>\n<meta property=\"og:description\" content=\"El comandante general de la Polic\u00eda Boliviana, Mirko Sokol, inform\u00f3 que, hasta la ma\u00f1ana de ayer, se reportaron 22 fallecidos y 39 heridos a consecuencia del accidente que sufri\u00f3 un avi\u00f3n militar de carga de la Fuerza A\u00e9rea Boliviana (FAB) procedente de Santa Cruz, en el aeropuerto internacional de El Alto. Acot\u00f3 que tambi\u00e9n se [&hellip;]\" \/>\n<meta property=\"og:url\" content=\"https:\/\/www.eldiario.net\/portal\/2026\/03\/01\/22-fallecidos-y-39-heridos-segun-ultimo-reporte-de-accidente-aereo\/\" \/>\n<meta property=\"og:site_name\" content=\"El Diario - Bolivia\" \/>\n<meta property=\"article:publisher\" content=\"https:\/\/www.facebook.com\/eldiario.bolivia\/\" \/>\n<meta property=\"article:published_time\" content=\"2026-03-01T13:12:27+00:00\" \/>\n<meta property=\"og:image\" content=\"https:\/\/www.eldiario.net\/portal\/wp-content\/uploads\/2026\/03\/F-1-fallecidos-copia.webp\" \/>\n\t<meta property=\"og:image:width\" content=\"1280\" \/>\n\t<meta property=\"og:image:height\" content=\"893\" \/>\n\t<meta property=\"og:image:type\" content=\"image\/webp\" \/>\n<meta name=\"author\" content=\"luis Camacho\" \/>\n<meta name=\"twitter:card\" content=\"summary_large_image\" \/>\n<meta name=\"twitter:creator\" content=\"@eldiario_net\" \/>\n<meta name=\"twitter:site\" content=\"@eldiario_net\" \/>\n<meta name=\"twitter:label1\" content=\"Escrito por\" \/>\n\t<meta name=\"twitter:data1\" content=\"luis Camacho\" \/>\n\t<meta name=\"twitter:label2\" content=\"Tiempo de lectura\" \/>\n\t<meta name=\"twitter:data2\" content=\"3 minutos\" \/>\n<script type=\"application\/ld+json\" class=\"yoast-schema-graph\">{\"@context\":\"https:\\\/\\\/schema.org\",\"@graph\":[{\"@type\":\"Article\",\"@id\":\"https:\\\/\\\/www.eldiario.net\\\/portal\\\/2026\\\/03\\\/01\\\/22-fallecidos-y-39-heridos-segun-ultimo-reporte-de-accidente-aereo\\\/#article\",\"isPartOf\":{\"@id\":\"https:\\\/\\\/www.eldiario.net\\\/portal\\\/2026\\\/03\\\/01\\\/22-fallecidos-y-39-heridos-segun-ultimo-reporte-de-accidente-aereo\\\/\"},\"author\":{\"name\":\"luis Camacho\",\"@id\":\"https:\\\/\\\/www.eldiario.net\\\/portal\\\/#\\\/schema\\\/person\\\/cab1ae4db27e5f008a62cbffb05fbfee\"},\"headline\":\"22 fallecidos y 39 heridos, seg\u00fan \u00faltimo reporte de accidente a\u00e9reo\",\"datePublished\":\"2026-03-01T13:12:27+00:00\",\"mainEntityOfPage\":{\"@id\":\"https:\\\/\\\/www.eldiario.net\\\/portal\\\/2026\\\/03\\\/01\\\/22-fallecidos-y-39-heridos-segun-ultimo-reporte-de-accidente-aereo\\\/\"},\"wordCount\":646,\"publisher\":{\"@id\":\"https:\\\/\\\/www.eldiario.net\\\/portal\\\/#organization\"},\"image\":{\"@id\":\"https:\\\/\\\/www.eldiario.net\\\/portal\\\/2026\\\/03\\\/01\\\/22-fallecidos-y-39-heridos-segun-ultimo-reporte-de-accidente-aereo\\\/#primaryimage\"},\"thumbnailUrl\":\"https:\\\/\\\/www.eldiario.net\\\/portal\\\/wp-content\\\/uploads\\\/2026\\\/03\\\/F-1-fallecidos-copia.webp\",\"articleSection\":[\"Nacional\"],\"inLanguage\":\"es\"},{\"@type\":\"WebPage\",\"@id\":\"https:\\\/\\\/www.eldiario.net\\\/portal\\\/2026\\\/03\\\/01\\\/22-fallecidos-y-39-heridos-segun-ultimo-reporte-de-accidente-aereo\\\/\",\"url\":\"https:\\\/\\\/www.eldiario.net\\\/portal\\\/2026\\\/03\\\/01\\\/22-fallecidos-y-39-heridos-segun-ultimo-reporte-de-accidente-aereo\\\/\",\"name\":\"22 fallecidos y 39 heridos, seg\u00fan \u00faltimo reporte de accidente a\u00e9reo - El Diario - Bolivia\",\"isPartOf\":{\"@id\":\"https:\\\/\\\/www.eldiario.net\\\/portal\\\/#website\"},\"primaryImageOfPage\":{\"@id\":\"https:\\\/\\\/www.eldiario.net\\\/portal\\\/2026\\\/03\\\/01\\\/22-fallecidos-y-39-heridos-segun-ultimo-reporte-de-accidente-aereo\\\/#primaryimage\"},\"image\":{\"@id\":\"https:\\\/\\\/www.eldiario.net\\\/portal\\\/2026\\\/03\\\/01\\\/22-fallecidos-y-39-heridos-segun-ultimo-reporte-de-accidente-aereo\\\/#primaryimage\"},\"thumbnailUrl\":\"https:\\\/\\\/www.eldiario.net\\\/portal\\\/wp-content\\\/uploads\\\/2026\\\/03\\\/F-1-fallecidos-copia.webp\",\"datePublished\":\"2026-03-01T13:12:27+00:00\",\"breadcrumb\":{\"@id\":\"https:\\\/\\\/www.eldiario.net\\\/portal\\\/2026\\\/03\\\/01\\\/22-fallecidos-y-39-heridos-segun-ultimo-reporte-de-accidente-aereo\\\/#breadcrumb\"},\"inLanguage\":\"es\",\"potentialAction\":[{\"@type\":\"ReadAction\",\"target\":[\"https:\\\/\\\/www.eldiario.net\\\/portal\\\/2026\\\/03\\\/01\\\/22-fallecidos-y-39-heridos-segun-ultimo-reporte-de-accidente-aereo\\\/\"]}]},{\"@type\":\"ImageObject\",\"inLanguage\":\"es\",\"@id\":\"https:\\\/\\\/www.eldiario.net\\\/portal\\\/2026\\\/03\\\/01\\\/22-fallecidos-y-39-heridos-segun-ultimo-reporte-de-accidente-aereo\\\/#primaryimage\",\"url\":\"https:\\\/\\\/www.eldiario.net\\\/portal\\\/wp-content\\\/uploads\\\/2026\\\/03\\\/F-1-fallecidos-copia.webp\",\"contentUrl\":\"https:\\\/\\\/www.eldiario.net\\\/portal\\\/wp-content\\\/uploads\\\/2026\\\/03\\\/F-1-fallecidos-copia.webp\",\"width\":1280,\"height\":893,\"caption\":\"La tragedia ocurri\u00f3 la tarde del viernes, cerca de las 18:00 horas.\"},{\"@type\":\"BreadcrumbList\",\"@id\":\"https:\\\/\\\/www.eldiario.net\\\/portal\\\/2026\\\/03\\\/01\\\/22-fallecidos-y-39-heridos-segun-ultimo-reporte-de-accidente-aereo\\\/#breadcrumb\",\"itemListElement\":[{\"@type\":\"ListItem\",\"position\":1,\"name\":\"Portada\",\"item\":\"https:\\\/\\\/www.eldiario.net\\\/portal\\\/\"},{\"@type\":\"ListItem\",\"position\":2,\"name\":\"22 fallecidos y 39 heridos, seg\u00fan \u00faltimo reporte de accidente a\u00e9reo\"}]},{\"@type\":\"WebSite\",\"@id\":\"https:\\\/\\\/www.eldiario.net\\\/portal\\\/#website\",\"url\":\"https:\\\/\\\/www.eldiario.net\\\/portal\\\/\",\"name\":\"El Diario - Decano de la prensa nacional\",\"description\":\"El Diario - Decano de la prensa nacional\",\"publisher\":{\"@id\":\"https:\\\/\\\/www.eldiario.net\\\/portal\\\/#organization\"},\"potentialAction\":[{\"@type\":\"SearchAction\",\"target\":{\"@type\":\"EntryPoint\",\"urlTemplate\":\"https:\\\/\\\/www.eldiario.net\\\/portal\\\/?s={search_term_string}\"},\"query-input\":{\"@type\":\"PropertyValueSpecification\",\"valueRequired\":true,\"valueName\":\"search_term_string\"}}],\"inLanguage\":\"es\"},{\"@type\":\"Organization\",\"@id\":\"https:\\\/\\\/www.eldiario.net\\\/portal\\\/#organization\",\"name\":\"El Diario - Decano de la prensa nacional\",\"url\":\"https:\\\/\\\/www.eldiario.net\\\/portal\\\/\",\"logo\":{\"@type\":\"ImageObject\",\"inLanguage\":\"es\",\"@id\":\"https:\\\/\\\/www.eldiario.net\\\/portal\\\/#\\\/schema\\\/logo\\\/image\\\/\",\"url\":\"https:\\\/\\\/www.eldiario.net\\\/portal\\\/wp-content\\\/uploads\\\/2023\\\/07\\\/logo_ED.jpg\",\"contentUrl\":\"https:\\\/\\\/www.eldiario.net\\\/portal\\\/wp-content\\\/uploads\\\/2023\\\/07\\\/logo_ED.jpg\",\"width\":272,\"height\":52,\"caption\":\"El Diario - Decano de la prensa nacional\"},\"image\":{\"@id\":\"https:\\\/\\\/www.eldiario.net\\\/portal\\\/#\\\/schema\\\/logo\\\/image\\\/\"},\"sameAs\":[\"https:\\\/\\\/www.facebook.com\\\/eldiario.bolivia\\\/\",\"https:\\\/\\\/x.com\\\/eldiario_net\"]},{\"@type\":\"Person\",\"@id\":\"https:\\\/\\\/www.eldiario.net\\\/portal\\\/#\\\/schema\\\/person\\\/cab1ae4db27e5f008a62cbffb05fbfee\",\"name\":\"luis Camacho\",\"image\":{\"@type\":\"ImageObject\",\"inLanguage\":\"es\",\"@id\":\"https:\\\/\\\/secure.gravatar.com\\\/avatar\\\/69ecb836b3826d5a2501bf06ab2a2f2c8ab211cc846758f395df21684cb38313?s=96&d=mm&r=g\",\"url\":\"https:\\\/\\\/secure.gravatar.com\\\/avatar\\\/69ecb836b3826d5a2501bf06ab2a2f2c8ab211cc846758f395df21684cb38313?s=96&d=mm&r=g\",\"contentUrl\":\"https:\\\/\\\/secure.gravatar.com\\\/avatar\\\/69ecb836b3826d5a2501bf06ab2a2f2c8ab211cc846758f395df21684cb38313?s=96&d=mm&r=g\",\"caption\":\"luis Camacho\"},\"url\":\"https:\\\/\\\/www.eldiario.net\\\/portal\\\/author\\\/luis\\\/\"}]}<\/script>\n<!-- \/ Yoast SEO plugin. -->","yoast_head_json":{"title":"22 fallecidos y 39 heridos, seg\u00fan \u00faltimo reporte de accidente a\u00e9reo - El Diario - Bolivia","robots":{"index":"index","follow":"follow","max-snippet":"max-snippet:-1","max-image-preview":"max-image-preview:large","max-video-preview":"max-video-preview:-1"},"canonical":"https:\/\/www.eldiario.net\/portal\/2026\/03\/01\/22-fallecidos-y-39-heridos-segun-ultimo-reporte-de-accidente-aereo\/","og_locale":"es_ES","og_type":"article","og_title":"22 fallecidos y 39 heridos, seg\u00fan \u00faltimo reporte de accidente a\u00e9reo - El Diario - Bolivia","og_description":"El comandante general de la Polic\u00eda Boliviana, Mirko Sokol, inform\u00f3 que, hasta la ma\u00f1ana de ayer, se reportaron 22 fallecidos y 39 heridos a consecuencia del accidente que sufri\u00f3 un avi\u00f3n militar de carga de la Fuerza A\u00e9rea Boliviana (FAB) procedente de Santa Cruz, en el aeropuerto internacional de El Alto. Acot\u00f3 que tambi\u00e9n se [&hellip;]","og_url":"https:\/\/www.eldiario.net\/portal\/2026\/03\/01\/22-fallecidos-y-39-heridos-segun-ultimo-reporte-de-accidente-aereo\/","og_site_name":"El Diario - Bolivia","article_publisher":"https:\/\/www.facebook.com\/eldiario.bolivia\/","article_published_time":"2026-03-01T13:12:27+00:00","og_image":[{"width":1280,"height":893,"url":"https:\/\/www.eldiario.net\/portal\/wp-content\/uploads\/2026\/03\/F-1-fallecidos-copia.webp","type":"image\/webp"}],"author":"luis Camacho","twitter_card":"summary_large_image","twitter_creator":"@eldiario_net","twitter_site":"@eldiario_net","twitter_misc":{"Escrito por":"luis Camacho","Tiempo de lectura":"3 minutos"},"schema":{"@context":"https:\/\/schema.org","@graph":[{"@type":"Article","@id":"https:\/\/www.eldiario.net\/portal\/2026\/03\/01\/22-fallecidos-y-39-heridos-segun-ultimo-reporte-de-accidente-aereo\/#article","isPartOf":{"@id":"https:\/\/www.eldiario.net\/portal\/2026\/03\/01\/22-fallecidos-y-39-heridos-segun-ultimo-reporte-de-accidente-aereo\/"},"author":{"name":"luis Camacho","@id":"https:\/\/www.eldiario.net\/portal\/#\/schema\/person\/cab1ae4db27e5f008a62cbffb05fbfee"},"headline":"22 fallecidos y 39 heridos, seg\u00fan \u00faltimo reporte de accidente a\u00e9reo","datePublished":"2026-03-01T13:12:27+00:00","mainEntityOfPage":{"@id":"https:\/\/www.eldiario.net\/portal\/2026\/03\/01\/22-fallecidos-y-39-heridos-segun-ultimo-reporte-de-accidente-aereo\/"},"wordCount":646,"publisher":{"@id":"https:\/\/www.eldiario.net\/portal\/#organization"},"image":{"@id":"https:\/\/www.eldiario.net\/portal\/2026\/03\/01\/22-fallecidos-y-39-heridos-segun-ultimo-reporte-de-accidente-aereo\/#primaryimage"},"thumbnailUrl":"https:\/\/www.eldiario.net\/portal\/wp-content\/uploads\/2026\/03\/F-1-fallecidos-copia.webp","articleSection":["Nacional"],"inLanguage":"es"},{"@type":"WebPage","@id":"https:\/\/www.eldiario.net\/portal\/2026\/03\/01\/22-fallecidos-y-39-heridos-segun-ultimo-reporte-de-accidente-aereo\/","url":"https:\/\/www.eldiario.net\/portal\/2026\/03\/01\/22-fallecidos-y-39-heridos-segun-ultimo-reporte-de-accidente-aereo\/","name":"22 fallecidos y 39 heridos, seg\u00fan \u00faltimo reporte de accidente a\u00e9reo - El Diario - Bolivia","isPartOf":{"@id":"https:\/\/www.eldiario.net\/portal\/#website"},"primaryImageOfPage":{"@id":"https:\/\/www.eldiario.net\/portal\/2026\/03\/01\/22-fallecidos-y-39-heridos-segun-ultimo-reporte-de-accidente-aereo\/#primaryimage"},"image":{"@id":"https:\/\/www.eldiario.net\/portal\/2026\/03\/01\/22-fallecidos-y-39-heridos-segun-ultimo-reporte-de-accidente-aereo\/#primaryimage"},"thumbnailUrl":"https:\/\/www.eldiario.net\/portal\/wp-content\/uploads\/2026\/03\/F-1-fallecidos-copia.webp","datePublished":"2026-03-01T13:12:27+00:00","breadcrumb":{"@id":"https:\/\/www.eldiario.net\/portal\/2026\/03\/01\/22-fallecidos-y-39-heridos-segun-ultimo-reporte-de-accidente-aereo\/#breadcrumb"},"inLanguage":"es","potentialAction":[{"@type":"ReadAction","target":["https:\/\/www.eldiario.net\/portal\/2026\/03\/01\/22-fallecidos-y-39-heridos-segun-ultimo-reporte-de-accidente-aereo\/"]}]},{"@type":"ImageObject","inLanguage":"es","@id":"https:\/\/www.eldiario.net\/portal\/2026\/03\/01\/22-fallecidos-y-39-heridos-segun-ultimo-reporte-de-accidente-aereo\/#primaryimage","url":"https:\/\/www.eldiario.net\/portal\/wp-content\/uploads\/2026\/03\/F-1-fallecidos-copia.webp","contentUrl":"https:\/\/www.eldiario.net\/portal\/wp-content\/uploads\/2026\/03\/F-1-fallecidos-copia.webp","width":1280,"height":893,"caption":"La tragedia ocurri\u00f3 la tarde del viernes, cerca de las 18:00 horas."},{"@type":"BreadcrumbList","@id":"https:\/\/www.eldiario.net\/portal\/2026\/03\/01\/22-fallecidos-y-39-heridos-segun-ultimo-reporte-de-accidente-aereo\/#breadcrumb","itemListElement":[{"@type":"ListItem","position":1,"name":"Portada","item":"https:\/\/www.eldiario.net\/portal\/"},{"@type":"ListItem","position":2,"name":"22 fallecidos y 39 heridos, seg\u00fan \u00faltimo reporte de accidente a\u00e9reo"}]},{"@type":"WebSite","@id":"https:\/\/www.eldiario.net\/portal\/#website","url":"https:\/\/www.eldiario.net\/portal\/","name":"El Diario - Decano de la prensa nacional","description":"El Diario - Decano de la prensa nacional","publisher":{"@id":"https:\/\/www.eldiario.net\/portal\/#organization"},"potentialAction":[{"@type":"SearchAction","target":{"@type":"EntryPoint","urlTemplate":"https:\/\/www.eldiario.net\/portal\/?s={search_term_string}"},"query-input":{"@type":"PropertyValueSpecification","valueRequired":true,"valueName":"search_term_string"}}],"inLanguage":"es"},{"@type":"Organization","@id":"https:\/\/www.eldiario.net\/portal\/#organization","name":"El Diario - Decano de la prensa nacional","url":"https:\/\/www.eldiario.net\/portal\/","logo":{"@type":"ImageObject","inLanguage":"es","@id":"https:\/\/www.eldiario.net\/portal\/#\/schema\/logo\/image\/","url":"https:\/\/www.eldiario.net\/portal\/wp-content\/uploads\/2023\/07\/logo_ED.jpg","contentUrl":"https:\/\/www.eldiario.net\/portal\/wp-content\/uploads\/2023\/07\/logo_ED.jpg","width":272,"height":52,"caption":"El Diario - Decano de la prensa nacional"},"image":{"@id":"https:\/\/www.eldiario.net\/portal\/#\/schema\/logo\/image\/"},"sameAs":["https:\/\/www.facebook.com\/eldiario.bolivia\/","https:\/\/x.com\/eldiario_net"]},{"@type":"Person","@id":"https:\/\/www.eldiario.net\/portal\/#\/schema\/person\/cab1ae4db27e5f008a62cbffb05fbfee","name":"luis Camacho","image":{"@type":"ImageObject","inLanguage":"es","@id":"https:\/\/secure.gravatar.com\/avatar\/69ecb836b3826d5a2501bf06ab2a2f2c8ab211cc846758f395df21684cb38313?s=96&d=mm&r=g","url":"https:\/\/secure.gravatar.com\/avatar\/69ecb836b3826d5a2501bf06ab2a2f2c8ab211cc846758f395df21684cb38313?s=96&d=mm&r=g","contentUrl":"https:\/\/secure.gravatar.com\/avatar\/69ecb836b3826d5a2501bf06ab2a2f2c8ab211cc846758f395df21684cb38313?s=96&d=mm&r=g","caption":"luis Camacho"},"url":"https:\/\/www.eldiario.net\/portal\/author\/luis\/"}]}},"_links":{"self":[{"href":"https:\/\/www.eldiario.net\/portal\/wp-json\/wp\/v2\/posts\/372251","targetHints":{"allow":["GET"]}}],"collection":[{"href":"https:\/\/www.eldiario.net\/portal\/wp-json\/wp\/v2\/posts"}],"about":[{"href":"https:\/\/www.eldiario.net\/portal\/wp-json\/wp\/v2\/types\/post"}],"author":[{"embeddable":true,"href":"https:\/\/www.eldiario.net\/portal\/wp-json\/wp\/v2\/users\/2"}],"replies":[{"embeddable":true,"href":"https:\/\/www.eldiario.net\/portal\/wp-json\/wp\/v2\/comments?post=372251"}],"version-history":[{"count":1,"href":"https:\/\/www.eldiario.net\/portal\/wp-json\/wp\/v2\/posts\/372251\/revisions"}],"predecessor-version":[{"id":372253,"href":"https:\/\/www.eldiario.net\/portal\/wp-json\/wp\/v2\/posts\/372251\/revisions\/372253"}],"wp:featuredmedia":[{"embeddable":true,"href":"https:\/\/www.eldiario.net\/portal\/wp-json\/wp\/v2\/media\/372252"}],"wp:attachment":[{"href":"https:\/\/www.eldiario.net\/portal\/wp-json\/wp\/v2\/media?parent=372251"}],"wp:term":[{"taxonomy":"category","embeddable":true,"href":"https:\/\/www.eldiario.net\/portal\/wp-json\/wp\/v2\/categories?post=372251"},{"taxonomy":"post_tag","embeddable":true,"href":"https:\/\/www.eldiario.net\/portal\/wp-json\/wp\/v2\/tags?post=372251"}],"curies":[{"name":"wp","href":"https:\/\/api.w.org\/{rel}","templated":true}]}}