{"id":372248,"date":"2026-03-01T09:09:21","date_gmt":"2026-03-01T13:09:21","guid":{"rendered":"https:\/\/www.eldiario.net\/portal\/?p=372248"},"modified":"2026-03-01T09:09:21","modified_gmt":"2026-03-01T13:09:21","slug":"un-nino-sobrevive-y-ocho-integrantes-de-su-familia-fallecieron-en-el-siniestro","status":"publish","type":"post","link":"https:\/\/www.eldiario.net\/portal\/2026\/03\/01\/un-nino-sobrevive-y-ocho-integrantes-de-su-familia-fallecieron-en-el-siniestro\/","title":{"rendered":"Un ni\u00f1o sobrevive y ocho integrantes  de su familia fallecieron en el siniestro"},"content":{"rendered":"<p>Entre los m\u00e1s de 20 fallecidos en la tragedia ocurrida en El Alto, provocada por un avi\u00f3n H\u00e9rcules, ocho son parte de una sola familia. Seg\u00fan un pariente, sus familiares estaban en un minib\u00fas que qued\u00f3 completamente destrozado tras el impacto y solo un ni\u00f1o de 12 a\u00f1os se encuentra con vida, pero perdi\u00f3 ambas piernas.<br \/>\n\u201cHe perdido a mi familia (\u2026) ocho miembros de mi familia fallecieron (en el accidente) y tengo un ni\u00f1o de 12 a\u00f1os que perdi\u00f3 las dos piernas en el hospital de El Alto\u201d, expres\u00f3 con l\u00e1grimas, Marcial P\u00e9rez.<br \/>\nAl parecer, sus conocidos salieron de su hogar con el plan de comer y retornaban a su domicilio cuando ocurri\u00f3 el accidente.<br \/>\nSe\u00f1al\u00f3 que en la morgue le dijeron que no pod\u00eda retirar los cuerpos debido a la falta de documentos de identificaci\u00f3n, los cuales se habr\u00edan destruido en el accidente. Deb\u00eda esperar la llegada de partes del cuerpo que a\u00fan no habr\u00edan sido recuperadas.<br \/>\nAnte esta situaci\u00f3n, pidi\u00f3 ayuda urgente a las autoridades y al Gobierno, se\u00f1alando que su familia es de escasos recursos y no cuenta con medios para afrontar los gastos m\u00e9dicos, funerarios ni los tr\u00e1mites necesarios.<br \/>\n\u201cSomo del campo, yo reci\u00e9n he llegado, mi hija estaba correteando antes (\u2026) por favor a las autoridades que nos ayuden\u201d, manifest\u00f3 muy acongojado.<br \/>\nComo esta familia, muchas otras se trasladaron hasta la morgue del Hospital de Cl\u00ednicas para retirar los cuerpos de sus seres queridos y darles cristiana sepultura, pero hubo algunos inconvenientes y demora en la entrega. Este hecho, con el pasar de las horas, fue subsanado.<\/p>\n","protected":false},"excerpt":{"rendered":"<p>Entre los m\u00e1s de 20 fallecidos en la tragedia ocurrida en El Alto, provocada por un avi\u00f3n H\u00e9rcules, ocho son parte de una sola familia. Seg\u00fan un pariente, sus familiares estaban en un minib\u00fas que qued\u00f3 completamente destrozado tras el impacto y solo un ni\u00f1o de 12 a\u00f1os se encuentra con vida, pero perdi\u00f3 ambas [&hellip;]<\/p>\n","protected":false},"author":2,"featured_media":372249,"comment_status":"closed","ping_status":"open","sticky":false,"template":"","format":"standard","meta":{"_acf_changed":false,"footnotes":""},"categories":[12],"tags":[],"class_list":["post-372248","post","type-post","status-publish","format-standard","has-post-thumbnail","category-nacional"],"acf":{"antetitulo":"Tragedia"},"yoast_head":"<!-- This site is optimized with the Yoast SEO plugin v28.3 - https:\/\/yoast.com\/product\/yoast-seo-wordpress\/ -->\n<title>Un ni\u00f1o sobrevive y ocho integrantes de su familia fallecieron en el siniestro - El Diario - Bolivia<\/title>\n<meta name=\"robots\" content=\"index, follow, max-snippet:-1, max-image-preview:large, max-video-preview:-1\" \/>\n<link rel=\"canonical\" href=\"https:\/\/www.eldiario.net\/portal\/2026\/03\/01\/un-nino-sobrevive-y-ocho-integrantes-de-su-familia-fallecieron-en-el-siniestro\/\" \/>\n<meta property=\"og:locale\" content=\"es_ES\" \/>\n<meta property=\"og:type\" content=\"article\" \/>\n<meta property=\"og:title\" content=\"Un ni\u00f1o sobrevive y ocho integrantes de su familia fallecieron en el siniestro - El Diario - Bolivia\" \/>\n<meta property=\"og:description\" content=\"Entre los m\u00e1s de 20 fallecidos en la tragedia ocurrida en El Alto, provocada por un avi\u00f3n H\u00e9rcules, ocho son parte de una sola familia. Seg\u00fan un pariente, sus familiares estaban en un minib\u00fas que qued\u00f3 completamente destrozado tras el impacto y solo un ni\u00f1o de 12 a\u00f1os se encuentra con vida, pero perdi\u00f3 ambas [&hellip;]\" \/>\n<meta property=\"og:url\" content=\"https:\/\/www.eldiario.net\/portal\/2026\/03\/01\/un-nino-sobrevive-y-ocho-integrantes-de-su-familia-fallecieron-en-el-siniestro\/\" \/>\n<meta property=\"og:site_name\" content=\"El Diario - Bolivia\" \/>\n<meta property=\"article:publisher\" content=\"https:\/\/www.facebook.com\/eldiario.bolivia\/\" \/>\n<meta property=\"article:published_time\" content=\"2026-03-01T13:09:21+00:00\" \/>\n<meta property=\"og:image\" content=\"https:\/\/www.eldiario.net\/portal\/wp-content\/uploads\/2026\/03\/F-2-familia-copia.webp\" \/>\n\t<meta property=\"og:image:width\" content=\"1080\" \/>\n\t<meta property=\"og:image:height\" content=\"606\" \/>\n\t<meta property=\"og:image:type\" content=\"image\/webp\" \/>\n<meta name=\"author\" content=\"luis Camacho\" \/>\n<meta name=\"twitter:card\" content=\"summary_large_image\" \/>\n<meta name=\"twitter:creator\" content=\"@eldiario_net\" \/>\n<meta name=\"twitter:site\" content=\"@eldiario_net\" \/>\n<meta name=\"twitter:label1\" content=\"Escrito por\" \/>\n\t<meta name=\"twitter:data1\" content=\"luis Camacho\" \/>\n\t<meta name=\"twitter:label2\" content=\"Tiempo de lectura\" \/>\n\t<meta name=\"twitter:data2\" content=\"2 minutos\" \/>\n<script type=\"application\/ld+json\" class=\"yoast-schema-graph\">{\"@context\":\"https:\\\/\\\/schema.org\",\"@graph\":[{\"@type\":\"Article\",\"@id\":\"https:\\\/\\\/www.eldiario.net\\\/portal\\\/2026\\\/03\\\/01\\\/un-nino-sobrevive-y-ocho-integrantes-de-su-familia-fallecieron-en-el-siniestro\\\/#article\",\"isPartOf\":{\"@id\":\"https:\\\/\\\/www.eldiario.net\\\/portal\\\/2026\\\/03\\\/01\\\/un-nino-sobrevive-y-ocho-integrantes-de-su-familia-fallecieron-en-el-siniestro\\\/\"},\"author\":{\"name\":\"luis Camacho\",\"@id\":\"https:\\\/\\\/www.eldiario.net\\\/portal\\\/#\\\/schema\\\/person\\\/cab1ae4db27e5f008a62cbffb05fbfee\"},\"headline\":\"Un ni\u00f1o sobrevive y ocho integrantes de su familia fallecieron en el siniestro\",\"datePublished\":\"2026-03-01T13:09:21+00:00\",\"mainEntityOfPage\":{\"@id\":\"https:\\\/\\\/www.eldiario.net\\\/portal\\\/2026\\\/03\\\/01\\\/un-nino-sobrevive-y-ocho-integrantes-de-su-familia-fallecieron-en-el-siniestro\\\/\"},\"wordCount\":296,\"publisher\":{\"@id\":\"https:\\\/\\\/www.eldiario.net\\\/portal\\\/#organization\"},\"image\":{\"@id\":\"https:\\\/\\\/www.eldiario.net\\\/portal\\\/2026\\\/03\\\/01\\\/un-nino-sobrevive-y-ocho-integrantes-de-su-familia-fallecieron-en-el-siniestro\\\/#primaryimage\"},\"thumbnailUrl\":\"https:\\\/\\\/www.eldiario.net\\\/portal\\\/wp-content\\\/uploads\\\/2026\\\/03\\\/F-2-familia-copia.webp\",\"articleSection\":[\"Nacional\"],\"inLanguage\":\"es\"},{\"@type\":\"WebPage\",\"@id\":\"https:\\\/\\\/www.eldiario.net\\\/portal\\\/2026\\\/03\\\/01\\\/un-nino-sobrevive-y-ocho-integrantes-de-su-familia-fallecieron-en-el-siniestro\\\/\",\"url\":\"https:\\\/\\\/www.eldiario.net\\\/portal\\\/2026\\\/03\\\/01\\\/un-nino-sobrevive-y-ocho-integrantes-de-su-familia-fallecieron-en-el-siniestro\\\/\",\"name\":\"Un ni\u00f1o sobrevive y ocho integrantes de su familia fallecieron en el siniestro - El Diario - Bolivia\",\"isPartOf\":{\"@id\":\"https:\\\/\\\/www.eldiario.net\\\/portal\\\/#website\"},\"primaryImageOfPage\":{\"@id\":\"https:\\\/\\\/www.eldiario.net\\\/portal\\\/2026\\\/03\\\/01\\\/un-nino-sobrevive-y-ocho-integrantes-de-su-familia-fallecieron-en-el-siniestro\\\/#primaryimage\"},\"image\":{\"@id\":\"https:\\\/\\\/www.eldiario.net\\\/portal\\\/2026\\\/03\\\/01\\\/un-nino-sobrevive-y-ocho-integrantes-de-su-familia-fallecieron-en-el-siniestro\\\/#primaryimage\"},\"thumbnailUrl\":\"https:\\\/\\\/www.eldiario.net\\\/portal\\\/wp-content\\\/uploads\\\/2026\\\/03\\\/F-2-familia-copia.webp\",\"datePublished\":\"2026-03-01T13:09:21+00:00\",\"breadcrumb\":{\"@id\":\"https:\\\/\\\/www.eldiario.net\\\/portal\\\/2026\\\/03\\\/01\\\/un-nino-sobrevive-y-ocho-integrantes-de-su-familia-fallecieron-en-el-siniestro\\\/#breadcrumb\"},\"inLanguage\":\"es\",\"potentialAction\":[{\"@type\":\"ReadAction\",\"target\":[\"https:\\\/\\\/www.eldiario.net\\\/portal\\\/2026\\\/03\\\/01\\\/un-nino-sobrevive-y-ocho-integrantes-de-su-familia-fallecieron-en-el-siniestro\\\/\"]}]},{\"@type\":\"ImageObject\",\"inLanguage\":\"es\",\"@id\":\"https:\\\/\\\/www.eldiario.net\\\/portal\\\/2026\\\/03\\\/01\\\/un-nino-sobrevive-y-ocho-integrantes-de-su-familia-fallecieron-en-el-siniestro\\\/#primaryimage\",\"url\":\"https:\\\/\\\/www.eldiario.net\\\/portal\\\/wp-content\\\/uploads\\\/2026\\\/03\\\/F-2-familia-copia.webp\",\"contentUrl\":\"https:\\\/\\\/www.eldiario.net\\\/portal\\\/wp-content\\\/uploads\\\/2026\\\/03\\\/F-2-familia-copia.webp\",\"width\":1080,\"height\":606,\"caption\":\"Marcial P\u00e9rez pide ayuda para enterrar a sus familiares y cubrir costos del hospital donde est\u00e1 el ni\u00f1o de 12 a\u00f1os.\"},{\"@type\":\"BreadcrumbList\",\"@id\":\"https:\\\/\\\/www.eldiario.net\\\/portal\\\/2026\\\/03\\\/01\\\/un-nino-sobrevive-y-ocho-integrantes-de-su-familia-fallecieron-en-el-siniestro\\\/#breadcrumb\",\"itemListElement\":[{\"@type\":\"ListItem\",\"position\":1,\"name\":\"Portada\",\"item\":\"https:\\\/\\\/www.eldiario.net\\\/portal\\\/\"},{\"@type\":\"ListItem\",\"position\":2,\"name\":\"Un ni\u00f1o sobrevive y ocho integrantes de su familia fallecieron en el siniestro\"}]},{\"@type\":\"WebSite\",\"@id\":\"https:\\\/\\\/www.eldiario.net\\\/portal\\\/#website\",\"url\":\"https:\\\/\\\/www.eldiario.net\\\/portal\\\/\",\"name\":\"El Diario - Decano de la prensa nacional\",\"description\":\"El Diario - Decano de la prensa nacional\",\"publisher\":{\"@id\":\"https:\\\/\\\/www.eldiario.net\\\/portal\\\/#organization\"},\"potentialAction\":[{\"@type\":\"SearchAction\",\"target\":{\"@type\":\"EntryPoint\",\"urlTemplate\":\"https:\\\/\\\/www.eldiario.net\\\/portal\\\/?s={search_term_string}\"},\"query-input\":{\"@type\":\"PropertyValueSpecification\",\"valueRequired\":true,\"valueName\":\"search_term_string\"}}],\"inLanguage\":\"es\"},{\"@type\":\"Organization\",\"@id\":\"https:\\\/\\\/www.eldiario.net\\\/portal\\\/#organization\",\"name\":\"El Diario - Decano de la prensa nacional\",\"url\":\"https:\\\/\\\/www.eldiario.net\\\/portal\\\/\",\"logo\":{\"@type\":\"ImageObject\",\"inLanguage\":\"es\",\"@id\":\"https:\\\/\\\/www.eldiario.net\\\/portal\\\/#\\\/schema\\\/logo\\\/image\\\/\",\"url\":\"https:\\\/\\\/www.eldiario.net\\\/portal\\\/wp-content\\\/uploads\\\/2023\\\/07\\\/logo_ED.jpg\",\"contentUrl\":\"https:\\\/\\\/www.eldiario.net\\\/portal\\\/wp-content\\\/uploads\\\/2023\\\/07\\\/logo_ED.jpg\",\"width\":272,\"height\":52,\"caption\":\"El Diario - Decano de la prensa nacional\"},\"image\":{\"@id\":\"https:\\\/\\\/www.eldiario.net\\\/portal\\\/#\\\/schema\\\/logo\\\/image\\\/\"},\"sameAs\":[\"https:\\\/\\\/www.facebook.com\\\/eldiario.bolivia\\\/\",\"https:\\\/\\\/x.com\\\/eldiario_net\"]},{\"@type\":\"Person\",\"@id\":\"https:\\\/\\\/www.eldiario.net\\\/portal\\\/#\\\/schema\\\/person\\\/cab1ae4db27e5f008a62cbffb05fbfee\",\"name\":\"luis Camacho\",\"image\":{\"@type\":\"ImageObject\",\"inLanguage\":\"es\",\"@id\":\"https:\\\/\\\/secure.gravatar.com\\\/avatar\\\/69ecb836b3826d5a2501bf06ab2a2f2c8ab211cc846758f395df21684cb38313?s=96&d=mm&r=g\",\"url\":\"https:\\\/\\\/secure.gravatar.com\\\/avatar\\\/69ecb836b3826d5a2501bf06ab2a2f2c8ab211cc846758f395df21684cb38313?s=96&d=mm&r=g\",\"contentUrl\":\"https:\\\/\\\/secure.gravatar.com\\\/avatar\\\/69ecb836b3826d5a2501bf06ab2a2f2c8ab211cc846758f395df21684cb38313?s=96&d=mm&r=g\",\"caption\":\"luis Camacho\"},\"url\":\"https:\\\/\\\/www.eldiario.net\\\/portal\\\/author\\\/luis\\\/\"}]}<\/script>\n<!-- \/ Yoast SEO plugin. -->","yoast_head_json":{"title":"Un ni\u00f1o sobrevive y ocho integrantes de su familia fallecieron en el siniestro - El Diario - Bolivia","robots":{"index":"index","follow":"follow","max-snippet":"max-snippet:-1","max-image-preview":"max-image-preview:large","max-video-preview":"max-video-preview:-1"},"canonical":"https:\/\/www.eldiario.net\/portal\/2026\/03\/01\/un-nino-sobrevive-y-ocho-integrantes-de-su-familia-fallecieron-en-el-siniestro\/","og_locale":"es_ES","og_type":"article","og_title":"Un ni\u00f1o sobrevive y ocho integrantes de su familia fallecieron en el siniestro - El Diario - Bolivia","og_description":"Entre los m\u00e1s de 20 fallecidos en la tragedia ocurrida en El Alto, provocada por un avi\u00f3n H\u00e9rcules, ocho son parte de una sola familia. Seg\u00fan un pariente, sus familiares estaban en un minib\u00fas que qued\u00f3 completamente destrozado tras el impacto y solo un ni\u00f1o de 12 a\u00f1os se encuentra con vida, pero perdi\u00f3 ambas [&hellip;]","og_url":"https:\/\/www.eldiario.net\/portal\/2026\/03\/01\/un-nino-sobrevive-y-ocho-integrantes-de-su-familia-fallecieron-en-el-siniestro\/","og_site_name":"El Diario - Bolivia","article_publisher":"https:\/\/www.facebook.com\/eldiario.bolivia\/","article_published_time":"2026-03-01T13:09:21+00:00","og_image":[{"width":1080,"height":606,"url":"https:\/\/www.eldiario.net\/portal\/wp-content\/uploads\/2026\/03\/F-2-familia-copia.webp","type":"image\/webp"}],"author":"luis Camacho","twitter_card":"summary_large_image","twitter_creator":"@eldiario_net","twitter_site":"@eldiario_net","twitter_misc":{"Escrito por":"luis Camacho","Tiempo de lectura":"2 minutos"},"schema":{"@context":"https:\/\/schema.org","@graph":[{"@type":"Article","@id":"https:\/\/www.eldiario.net\/portal\/2026\/03\/01\/un-nino-sobrevive-y-ocho-integrantes-de-su-familia-fallecieron-en-el-siniestro\/#article","isPartOf":{"@id":"https:\/\/www.eldiario.net\/portal\/2026\/03\/01\/un-nino-sobrevive-y-ocho-integrantes-de-su-familia-fallecieron-en-el-siniestro\/"},"author":{"name":"luis Camacho","@id":"https:\/\/www.eldiario.net\/portal\/#\/schema\/person\/cab1ae4db27e5f008a62cbffb05fbfee"},"headline":"Un ni\u00f1o sobrevive y ocho integrantes de su familia fallecieron en el siniestro","datePublished":"2026-03-01T13:09:21+00:00","mainEntityOfPage":{"@id":"https:\/\/www.eldiario.net\/portal\/2026\/03\/01\/un-nino-sobrevive-y-ocho-integrantes-de-su-familia-fallecieron-en-el-siniestro\/"},"wordCount":296,"publisher":{"@id":"https:\/\/www.eldiario.net\/portal\/#organization"},"image":{"@id":"https:\/\/www.eldiario.net\/portal\/2026\/03\/01\/un-nino-sobrevive-y-ocho-integrantes-de-su-familia-fallecieron-en-el-siniestro\/#primaryimage"},"thumbnailUrl":"https:\/\/www.eldiario.net\/portal\/wp-content\/uploads\/2026\/03\/F-2-familia-copia.webp","articleSection":["Nacional"],"inLanguage":"es"},{"@type":"WebPage","@id":"https:\/\/www.eldiario.net\/portal\/2026\/03\/01\/un-nino-sobrevive-y-ocho-integrantes-de-su-familia-fallecieron-en-el-siniestro\/","url":"https:\/\/www.eldiario.net\/portal\/2026\/03\/01\/un-nino-sobrevive-y-ocho-integrantes-de-su-familia-fallecieron-en-el-siniestro\/","name":"Un ni\u00f1o sobrevive y ocho integrantes de su familia fallecieron en el siniestro - El Diario - Bolivia","isPartOf":{"@id":"https:\/\/www.eldiario.net\/portal\/#website"},"primaryImageOfPage":{"@id":"https:\/\/www.eldiario.net\/portal\/2026\/03\/01\/un-nino-sobrevive-y-ocho-integrantes-de-su-familia-fallecieron-en-el-siniestro\/#primaryimage"},"image":{"@id":"https:\/\/www.eldiario.net\/portal\/2026\/03\/01\/un-nino-sobrevive-y-ocho-integrantes-de-su-familia-fallecieron-en-el-siniestro\/#primaryimage"},"thumbnailUrl":"https:\/\/www.eldiario.net\/portal\/wp-content\/uploads\/2026\/03\/F-2-familia-copia.webp","datePublished":"2026-03-01T13:09:21+00:00","breadcrumb":{"@id":"https:\/\/www.eldiario.net\/portal\/2026\/03\/01\/un-nino-sobrevive-y-ocho-integrantes-de-su-familia-fallecieron-en-el-siniestro\/#breadcrumb"},"inLanguage":"es","potentialAction":[{"@type":"ReadAction","target":["https:\/\/www.eldiario.net\/portal\/2026\/03\/01\/un-nino-sobrevive-y-ocho-integrantes-de-su-familia-fallecieron-en-el-siniestro\/"]}]},{"@type":"ImageObject","inLanguage":"es","@id":"https:\/\/www.eldiario.net\/portal\/2026\/03\/01\/un-nino-sobrevive-y-ocho-integrantes-de-su-familia-fallecieron-en-el-siniestro\/#primaryimage","url":"https:\/\/www.eldiario.net\/portal\/wp-content\/uploads\/2026\/03\/F-2-familia-copia.webp","contentUrl":"https:\/\/www.eldiario.net\/portal\/wp-content\/uploads\/2026\/03\/F-2-familia-copia.webp","width":1080,"height":606,"caption":"Marcial P\u00e9rez pide ayuda para enterrar a sus familiares y cubrir costos del hospital donde est\u00e1 el ni\u00f1o de 12 a\u00f1os."},{"@type":"BreadcrumbList","@id":"https:\/\/www.eldiario.net\/portal\/2026\/03\/01\/un-nino-sobrevive-y-ocho-integrantes-de-su-familia-fallecieron-en-el-siniestro\/#breadcrumb","itemListElement":[{"@type":"ListItem","position":1,"name":"Portada","item":"https:\/\/www.eldiario.net\/portal\/"},{"@type":"ListItem","position":2,"name":"Un ni\u00f1o sobrevive y ocho integrantes de su familia fallecieron en el siniestro"}]},{"@type":"WebSite","@id":"https:\/\/www.eldiario.net\/portal\/#website","url":"https:\/\/www.eldiario.net\/portal\/","name":"El Diario - Decano de la prensa nacional","description":"El Diario - Decano de la prensa nacional","publisher":{"@id":"https:\/\/www.eldiario.net\/portal\/#organization"},"potentialAction":[{"@type":"SearchAction","target":{"@type":"EntryPoint","urlTemplate":"https:\/\/www.eldiario.net\/portal\/?s={search_term_string}"},"query-input":{"@type":"PropertyValueSpecification","valueRequired":true,"valueName":"search_term_string"}}],"inLanguage":"es"},{"@type":"Organization","@id":"https:\/\/www.eldiario.net\/portal\/#organization","name":"El Diario - Decano de la prensa nacional","url":"https:\/\/www.eldiario.net\/portal\/","logo":{"@type":"ImageObject","inLanguage":"es","@id":"https:\/\/www.eldiario.net\/portal\/#\/schema\/logo\/image\/","url":"https:\/\/www.eldiario.net\/portal\/wp-content\/uploads\/2023\/07\/logo_ED.jpg","contentUrl":"https:\/\/www.eldiario.net\/portal\/wp-content\/uploads\/2023\/07\/logo_ED.jpg","width":272,"height":52,"caption":"El Diario - Decano de la prensa nacional"},"image":{"@id":"https:\/\/www.eldiario.net\/portal\/#\/schema\/logo\/image\/"},"sameAs":["https:\/\/www.facebook.com\/eldiario.bolivia\/","https:\/\/x.com\/eldiario_net"]},{"@type":"Person","@id":"https:\/\/www.eldiario.net\/portal\/#\/schema\/person\/cab1ae4db27e5f008a62cbffb05fbfee","name":"luis Camacho","image":{"@type":"ImageObject","inLanguage":"es","@id":"https:\/\/secure.gravatar.com\/avatar\/69ecb836b3826d5a2501bf06ab2a2f2c8ab211cc846758f395df21684cb38313?s=96&d=mm&r=g","url":"https:\/\/secure.gravatar.com\/avatar\/69ecb836b3826d5a2501bf06ab2a2f2c8ab211cc846758f395df21684cb38313?s=96&d=mm&r=g","contentUrl":"https:\/\/secure.gravatar.com\/avatar\/69ecb836b3826d5a2501bf06ab2a2f2c8ab211cc846758f395df21684cb38313?s=96&d=mm&r=g","caption":"luis Camacho"},"url":"https:\/\/www.eldiario.net\/portal\/author\/luis\/"}]}},"_links":{"self":[{"href":"https:\/\/www.eldiario.net\/portal\/wp-json\/wp\/v2\/posts\/372248","targetHints":{"allow":["GET"]}}],"collection":[{"href":"https:\/\/www.eldiario.net\/portal\/wp-json\/wp\/v2\/posts"}],"about":[{"href":"https:\/\/www.eldiario.net\/portal\/wp-json\/wp\/v2\/types\/post"}],"author":[{"embeddable":true,"href":"https:\/\/www.eldiario.net\/portal\/wp-json\/wp\/v2\/users\/2"}],"replies":[{"embeddable":true,"href":"https:\/\/www.eldiario.net\/portal\/wp-json\/wp\/v2\/comments?post=372248"}],"version-history":[{"count":1,"href":"https:\/\/www.eldiario.net\/portal\/wp-json\/wp\/v2\/posts\/372248\/revisions"}],"predecessor-version":[{"id":372250,"href":"https:\/\/www.eldiario.net\/portal\/wp-json\/wp\/v2\/posts\/372248\/revisions\/372250"}],"wp:featuredmedia":[{"embeddable":true,"href":"https:\/\/www.eldiario.net\/portal\/wp-json\/wp\/v2\/media\/372249"}],"wp:attachment":[{"href":"https:\/\/www.eldiario.net\/portal\/wp-json\/wp\/v2\/media?parent=372248"}],"wp:term":[{"taxonomy":"category","embeddable":true,"href":"https:\/\/www.eldiario.net\/portal\/wp-json\/wp\/v2\/categories?post=372248"},{"taxonomy":"post_tag","embeddable":true,"href":"https:\/\/www.eldiario.net\/portal\/wp-json\/wp\/v2\/tags?post=372248"}],"curies":[{"name":"wp","href":"https:\/\/api.w.org\/{rel}","templated":true}]}}