{"id":372245,"date":"2026-03-01T09:06:28","date_gmt":"2026-03-01T13:06:28","guid":{"rendered":"https:\/\/www.eldiario.net\/portal\/?p=372245"},"modified":"2026-03-01T09:06:28","modified_gmt":"2026-03-01T13:06:28","slug":"denuncian-que-soldados-recien-incorporados-resguardan-la-zona","status":"publish","type":"post","link":"https:\/\/www.eldiario.net\/portal\/2026\/03\/01\/denuncian-que-soldados-recien-incorporados-resguardan-la-zona\/","title":{"rendered":"Denuncian que soldados reci\u00e9n  incorporados resguardan la zona"},"content":{"rendered":"<p>Decenas de madres de familia denunciaron que j\u00f3venes reci\u00e9n incorporados hace un mes al servicio militar son los que est\u00e1n resguardando el sector donde se registr\u00f3 el accidente a\u00e9reo, por lo que no tienen experiencia en seguridad y temen que sufran consecuencias de su inexperiencia debido a la presencia de personas que contin\u00faan en el sector con la intenci\u00f3n de \u201csaquear\u201d el lugar.<br \/>\n\u201cUn mes, un mes que est\u00e1 mi hijo y reci\u00e9n los han incorporado en los cuarteles y est\u00e1n aqu\u00ed afuera sin dormir, no es justo (\u2026). Lamentamos todo el suceso, pero como mam\u00e1s estamos aqu\u00ed afuera angustiadas sin saber de lo que les va a pasar con todo lo que est\u00e1 aconteciendo\u201d, se\u00f1al\u00f3 una madre llorando.<br \/>\nRecalc\u00f3 que gran parte de los uniformados que ayudaron a realizar la guardia desde la noche del viernes, son j\u00f3venes inexpertos en la parte de seguridad, lo que los expone a ciertos peligros, sobre todo con la turba de personas que se apostaron hasta el lugar del siniestro.<br \/>\n\u201cEntendemos todo lo que est\u00e1 pasando, pero qui\u00e9n nos entiende como mam\u00e1s a nosotras. Mi hijo, un mes que est\u00e1 incorporado en el cuartel y ahora est\u00e1 aqu\u00ed, no est\u00e1 ni preparado para usar gas, lo que ayer les han proporcionado ellos mismos, no est\u00e1n preparados nuestros hijos (\u2026). No est\u00e1n preparados para este tipo de resguardo, mi hijo nunca ha hecho guardia\u201d, repet\u00eda la mujer.<br \/>\nCuestion\u00f3 la ausencia, para este tipo de resguardo, de \u201cpolic\u00edas y militares preparados\u201d y lament\u00f3 que se haya expuesto, a su entender, a los conscriptos reci\u00e9n ingresados.<br \/>\nVarias madres y padres de familia de estos j\u00f3venes, estaban cerca del lugar esperando tener tambi\u00e9n informaci\u00f3n de sus hijos. Algunos llevaron alimentos, pues, seg\u00fan la mam\u00e1, los soldados ten\u00edan que salir ayer y se quedaron y muchos \u201cno tienen ni para su comida\u201d.<\/p>\n","protected":false},"excerpt":{"rendered":"<p>Decenas de madres de familia denunciaron que j\u00f3venes reci\u00e9n incorporados hace un mes al servicio militar son los que est\u00e1n resguardando el sector donde se registr\u00f3 el accidente a\u00e9reo, por lo que no tienen experiencia en seguridad y temen que sufran consecuencias de su inexperiencia debido a la presencia de personas que contin\u00faan en el [&hellip;]<\/p>\n","protected":false},"author":2,"featured_media":372246,"comment_status":"closed","ping_status":"open","sticky":false,"template":"","format":"standard","meta":{"_acf_changed":false,"footnotes":""},"categories":[12],"tags":[],"class_list":["post-372245","post","type-post","status-publish","format-standard","has-post-thumbnail","category-nacional"],"acf":{"antetitulo":""},"yoast_head":"<!-- This site is optimized with the Yoast SEO plugin v28.3 - https:\/\/yoast.com\/product\/yoast-seo-wordpress\/ -->\n<title>Denuncian que soldados reci\u00e9n incorporados resguardan la zona - El Diario - Bolivia<\/title>\n<meta name=\"robots\" content=\"index, follow, max-snippet:-1, max-image-preview:large, max-video-preview:-1\" \/>\n<link rel=\"canonical\" href=\"https:\/\/www.eldiario.net\/portal\/2026\/03\/01\/denuncian-que-soldados-recien-incorporados-resguardan-la-zona\/\" \/>\n<meta property=\"og:locale\" content=\"es_ES\" \/>\n<meta property=\"og:type\" content=\"article\" \/>\n<meta property=\"og:title\" content=\"Denuncian que soldados reci\u00e9n incorporados resguardan la zona - El Diario - Bolivia\" \/>\n<meta property=\"og:description\" content=\"Decenas de madres de familia denunciaron que j\u00f3venes reci\u00e9n incorporados hace un mes al servicio militar son los que est\u00e1n resguardando el sector donde se registr\u00f3 el accidente a\u00e9reo, por lo que no tienen experiencia en seguridad y temen que sufran consecuencias de su inexperiencia debido a la presencia de personas que contin\u00faan en el [&hellip;]\" \/>\n<meta property=\"og:url\" content=\"https:\/\/www.eldiario.net\/portal\/2026\/03\/01\/denuncian-que-soldados-recien-incorporados-resguardan-la-zona\/\" \/>\n<meta property=\"og:site_name\" content=\"El Diario - Bolivia\" \/>\n<meta property=\"article:publisher\" content=\"https:\/\/www.facebook.com\/eldiario.bolivia\/\" \/>\n<meta property=\"article:published_time\" content=\"2026-03-01T13:06:28+00:00\" \/>\n<meta property=\"og:image\" content=\"https:\/\/www.eldiario.net\/portal\/wp-content\/uploads\/2026\/03\/F-3-mamas-copia.webp\" \/>\n\t<meta property=\"og:image:width\" content=\"800\" \/>\n\t<meta property=\"og:image:height\" content=\"370\" \/>\n\t<meta property=\"og:image:type\" content=\"image\/webp\" \/>\n<meta name=\"author\" content=\"luis Camacho\" \/>\n<meta name=\"twitter:card\" content=\"summary_large_image\" \/>\n<meta name=\"twitter:creator\" content=\"@eldiario_net\" \/>\n<meta name=\"twitter:site\" content=\"@eldiario_net\" \/>\n<meta name=\"twitter:label1\" content=\"Escrito por\" \/>\n\t<meta name=\"twitter:data1\" content=\"luis Camacho\" \/>\n\t<meta name=\"twitter:label2\" content=\"Tiempo de lectura\" \/>\n\t<meta name=\"twitter:data2\" content=\"2 minutos\" \/>\n<script type=\"application\/ld+json\" class=\"yoast-schema-graph\">{\"@context\":\"https:\\\/\\\/schema.org\",\"@graph\":[{\"@type\":\"Article\",\"@id\":\"https:\\\/\\\/www.eldiario.net\\\/portal\\\/2026\\\/03\\\/01\\\/denuncian-que-soldados-recien-incorporados-resguardan-la-zona\\\/#article\",\"isPartOf\":{\"@id\":\"https:\\\/\\\/www.eldiario.net\\\/portal\\\/2026\\\/03\\\/01\\\/denuncian-que-soldados-recien-incorporados-resguardan-la-zona\\\/\"},\"author\":{\"name\":\"luis Camacho\",\"@id\":\"https:\\\/\\\/www.eldiario.net\\\/portal\\\/#\\\/schema\\\/person\\\/cab1ae4db27e5f008a62cbffb05fbfee\"},\"headline\":\"Denuncian que soldados reci\u00e9n incorporados resguardan la zona\",\"datePublished\":\"2026-03-01T13:06:28+00:00\",\"mainEntityOfPage\":{\"@id\":\"https:\\\/\\\/www.eldiario.net\\\/portal\\\/2026\\\/03\\\/01\\\/denuncian-que-soldados-recien-incorporados-resguardan-la-zona\\\/\"},\"wordCount\":334,\"publisher\":{\"@id\":\"https:\\\/\\\/www.eldiario.net\\\/portal\\\/#organization\"},\"image\":{\"@id\":\"https:\\\/\\\/www.eldiario.net\\\/portal\\\/2026\\\/03\\\/01\\\/denuncian-que-soldados-recien-incorporados-resguardan-la-zona\\\/#primaryimage\"},\"thumbnailUrl\":\"https:\\\/\\\/www.eldiario.net\\\/portal\\\/wp-content\\\/uploads\\\/2026\\\/03\\\/F-3-mamas-copia.webp\",\"articleSection\":[\"Nacional\"],\"inLanguage\":\"es\"},{\"@type\":\"WebPage\",\"@id\":\"https:\\\/\\\/www.eldiario.net\\\/portal\\\/2026\\\/03\\\/01\\\/denuncian-que-soldados-recien-incorporados-resguardan-la-zona\\\/\",\"url\":\"https:\\\/\\\/www.eldiario.net\\\/portal\\\/2026\\\/03\\\/01\\\/denuncian-que-soldados-recien-incorporados-resguardan-la-zona\\\/\",\"name\":\"Denuncian que soldados reci\u00e9n incorporados resguardan la zona - El Diario - Bolivia\",\"isPartOf\":{\"@id\":\"https:\\\/\\\/www.eldiario.net\\\/portal\\\/#website\"},\"primaryImageOfPage\":{\"@id\":\"https:\\\/\\\/www.eldiario.net\\\/portal\\\/2026\\\/03\\\/01\\\/denuncian-que-soldados-recien-incorporados-resguardan-la-zona\\\/#primaryimage\"},\"image\":{\"@id\":\"https:\\\/\\\/www.eldiario.net\\\/portal\\\/2026\\\/03\\\/01\\\/denuncian-que-soldados-recien-incorporados-resguardan-la-zona\\\/#primaryimage\"},\"thumbnailUrl\":\"https:\\\/\\\/www.eldiario.net\\\/portal\\\/wp-content\\\/uploads\\\/2026\\\/03\\\/F-3-mamas-copia.webp\",\"datePublished\":\"2026-03-01T13:06:28+00:00\",\"breadcrumb\":{\"@id\":\"https:\\\/\\\/www.eldiario.net\\\/portal\\\/2026\\\/03\\\/01\\\/denuncian-que-soldados-recien-incorporados-resguardan-la-zona\\\/#breadcrumb\"},\"inLanguage\":\"es\",\"potentialAction\":[{\"@type\":\"ReadAction\",\"target\":[\"https:\\\/\\\/www.eldiario.net\\\/portal\\\/2026\\\/03\\\/01\\\/denuncian-que-soldados-recien-incorporados-resguardan-la-zona\\\/\"]}]},{\"@type\":\"ImageObject\",\"inLanguage\":\"es\",\"@id\":\"https:\\\/\\\/www.eldiario.net\\\/portal\\\/2026\\\/03\\\/01\\\/denuncian-que-soldados-recien-incorporados-resguardan-la-zona\\\/#primaryimage\",\"url\":\"https:\\\/\\\/www.eldiario.net\\\/portal\\\/wp-content\\\/uploads\\\/2026\\\/03\\\/F-3-mamas-copia.webp\",\"contentUrl\":\"https:\\\/\\\/www.eldiario.net\\\/portal\\\/wp-content\\\/uploads\\\/2026\\\/03\\\/F-3-mamas-copia.webp\",\"width\":800,\"height\":370,\"caption\":\"Asegur\u00f3 que varios conscriptos reci\u00e9n ingresaron al cuartel.\"},{\"@type\":\"BreadcrumbList\",\"@id\":\"https:\\\/\\\/www.eldiario.net\\\/portal\\\/2026\\\/03\\\/01\\\/denuncian-que-soldados-recien-incorporados-resguardan-la-zona\\\/#breadcrumb\",\"itemListElement\":[{\"@type\":\"ListItem\",\"position\":1,\"name\":\"Portada\",\"item\":\"https:\\\/\\\/www.eldiario.net\\\/portal\\\/\"},{\"@type\":\"ListItem\",\"position\":2,\"name\":\"Denuncian que soldados reci\u00e9n incorporados resguardan la zona\"}]},{\"@type\":\"WebSite\",\"@id\":\"https:\\\/\\\/www.eldiario.net\\\/portal\\\/#website\",\"url\":\"https:\\\/\\\/www.eldiario.net\\\/portal\\\/\",\"name\":\"El Diario - Decano de la prensa nacional\",\"description\":\"El Diario - Decano de la prensa nacional\",\"publisher\":{\"@id\":\"https:\\\/\\\/www.eldiario.net\\\/portal\\\/#organization\"},\"potentialAction\":[{\"@type\":\"SearchAction\",\"target\":{\"@type\":\"EntryPoint\",\"urlTemplate\":\"https:\\\/\\\/www.eldiario.net\\\/portal\\\/?s={search_term_string}\"},\"query-input\":{\"@type\":\"PropertyValueSpecification\",\"valueRequired\":true,\"valueName\":\"search_term_string\"}}],\"inLanguage\":\"es\"},{\"@type\":\"Organization\",\"@id\":\"https:\\\/\\\/www.eldiario.net\\\/portal\\\/#organization\",\"name\":\"El Diario - Decano de la prensa nacional\",\"url\":\"https:\\\/\\\/www.eldiario.net\\\/portal\\\/\",\"logo\":{\"@type\":\"ImageObject\",\"inLanguage\":\"es\",\"@id\":\"https:\\\/\\\/www.eldiario.net\\\/portal\\\/#\\\/schema\\\/logo\\\/image\\\/\",\"url\":\"https:\\\/\\\/www.eldiario.net\\\/portal\\\/wp-content\\\/uploads\\\/2023\\\/07\\\/logo_ED.jpg\",\"contentUrl\":\"https:\\\/\\\/www.eldiario.net\\\/portal\\\/wp-content\\\/uploads\\\/2023\\\/07\\\/logo_ED.jpg\",\"width\":272,\"height\":52,\"caption\":\"El Diario - Decano de la prensa nacional\"},\"image\":{\"@id\":\"https:\\\/\\\/www.eldiario.net\\\/portal\\\/#\\\/schema\\\/logo\\\/image\\\/\"},\"sameAs\":[\"https:\\\/\\\/www.facebook.com\\\/eldiario.bolivia\\\/\",\"https:\\\/\\\/x.com\\\/eldiario_net\"]},{\"@type\":\"Person\",\"@id\":\"https:\\\/\\\/www.eldiario.net\\\/portal\\\/#\\\/schema\\\/person\\\/cab1ae4db27e5f008a62cbffb05fbfee\",\"name\":\"luis Camacho\",\"image\":{\"@type\":\"ImageObject\",\"inLanguage\":\"es\",\"@id\":\"https:\\\/\\\/secure.gravatar.com\\\/avatar\\\/69ecb836b3826d5a2501bf06ab2a2f2c8ab211cc846758f395df21684cb38313?s=96&d=mm&r=g\",\"url\":\"https:\\\/\\\/secure.gravatar.com\\\/avatar\\\/69ecb836b3826d5a2501bf06ab2a2f2c8ab211cc846758f395df21684cb38313?s=96&d=mm&r=g\",\"contentUrl\":\"https:\\\/\\\/secure.gravatar.com\\\/avatar\\\/69ecb836b3826d5a2501bf06ab2a2f2c8ab211cc846758f395df21684cb38313?s=96&d=mm&r=g\",\"caption\":\"luis Camacho\"},\"url\":\"https:\\\/\\\/www.eldiario.net\\\/portal\\\/author\\\/luis\\\/\"}]}<\/script>\n<!-- \/ Yoast SEO plugin. -->","yoast_head_json":{"title":"Denuncian que soldados reci\u00e9n incorporados resguardan la zona - El Diario - Bolivia","robots":{"index":"index","follow":"follow","max-snippet":"max-snippet:-1","max-image-preview":"max-image-preview:large","max-video-preview":"max-video-preview:-1"},"canonical":"https:\/\/www.eldiario.net\/portal\/2026\/03\/01\/denuncian-que-soldados-recien-incorporados-resguardan-la-zona\/","og_locale":"es_ES","og_type":"article","og_title":"Denuncian que soldados reci\u00e9n incorporados resguardan la zona - El Diario - Bolivia","og_description":"Decenas de madres de familia denunciaron que j\u00f3venes reci\u00e9n incorporados hace un mes al servicio militar son los que est\u00e1n resguardando el sector donde se registr\u00f3 el accidente a\u00e9reo, por lo que no tienen experiencia en seguridad y temen que sufran consecuencias de su inexperiencia debido a la presencia de personas que contin\u00faan en el [&hellip;]","og_url":"https:\/\/www.eldiario.net\/portal\/2026\/03\/01\/denuncian-que-soldados-recien-incorporados-resguardan-la-zona\/","og_site_name":"El Diario - Bolivia","article_publisher":"https:\/\/www.facebook.com\/eldiario.bolivia\/","article_published_time":"2026-03-01T13:06:28+00:00","og_image":[{"width":800,"height":370,"url":"https:\/\/www.eldiario.net\/portal\/wp-content\/uploads\/2026\/03\/F-3-mamas-copia.webp","type":"image\/webp"}],"author":"luis Camacho","twitter_card":"summary_large_image","twitter_creator":"@eldiario_net","twitter_site":"@eldiario_net","twitter_misc":{"Escrito por":"luis Camacho","Tiempo de lectura":"2 minutos"},"schema":{"@context":"https:\/\/schema.org","@graph":[{"@type":"Article","@id":"https:\/\/www.eldiario.net\/portal\/2026\/03\/01\/denuncian-que-soldados-recien-incorporados-resguardan-la-zona\/#article","isPartOf":{"@id":"https:\/\/www.eldiario.net\/portal\/2026\/03\/01\/denuncian-que-soldados-recien-incorporados-resguardan-la-zona\/"},"author":{"name":"luis Camacho","@id":"https:\/\/www.eldiario.net\/portal\/#\/schema\/person\/cab1ae4db27e5f008a62cbffb05fbfee"},"headline":"Denuncian que soldados reci\u00e9n incorporados resguardan la zona","datePublished":"2026-03-01T13:06:28+00:00","mainEntityOfPage":{"@id":"https:\/\/www.eldiario.net\/portal\/2026\/03\/01\/denuncian-que-soldados-recien-incorporados-resguardan-la-zona\/"},"wordCount":334,"publisher":{"@id":"https:\/\/www.eldiario.net\/portal\/#organization"},"image":{"@id":"https:\/\/www.eldiario.net\/portal\/2026\/03\/01\/denuncian-que-soldados-recien-incorporados-resguardan-la-zona\/#primaryimage"},"thumbnailUrl":"https:\/\/www.eldiario.net\/portal\/wp-content\/uploads\/2026\/03\/F-3-mamas-copia.webp","articleSection":["Nacional"],"inLanguage":"es"},{"@type":"WebPage","@id":"https:\/\/www.eldiario.net\/portal\/2026\/03\/01\/denuncian-que-soldados-recien-incorporados-resguardan-la-zona\/","url":"https:\/\/www.eldiario.net\/portal\/2026\/03\/01\/denuncian-que-soldados-recien-incorporados-resguardan-la-zona\/","name":"Denuncian que soldados reci\u00e9n incorporados resguardan la zona - El Diario - Bolivia","isPartOf":{"@id":"https:\/\/www.eldiario.net\/portal\/#website"},"primaryImageOfPage":{"@id":"https:\/\/www.eldiario.net\/portal\/2026\/03\/01\/denuncian-que-soldados-recien-incorporados-resguardan-la-zona\/#primaryimage"},"image":{"@id":"https:\/\/www.eldiario.net\/portal\/2026\/03\/01\/denuncian-que-soldados-recien-incorporados-resguardan-la-zona\/#primaryimage"},"thumbnailUrl":"https:\/\/www.eldiario.net\/portal\/wp-content\/uploads\/2026\/03\/F-3-mamas-copia.webp","datePublished":"2026-03-01T13:06:28+00:00","breadcrumb":{"@id":"https:\/\/www.eldiario.net\/portal\/2026\/03\/01\/denuncian-que-soldados-recien-incorporados-resguardan-la-zona\/#breadcrumb"},"inLanguage":"es","potentialAction":[{"@type":"ReadAction","target":["https:\/\/www.eldiario.net\/portal\/2026\/03\/01\/denuncian-que-soldados-recien-incorporados-resguardan-la-zona\/"]}]},{"@type":"ImageObject","inLanguage":"es","@id":"https:\/\/www.eldiario.net\/portal\/2026\/03\/01\/denuncian-que-soldados-recien-incorporados-resguardan-la-zona\/#primaryimage","url":"https:\/\/www.eldiario.net\/portal\/wp-content\/uploads\/2026\/03\/F-3-mamas-copia.webp","contentUrl":"https:\/\/www.eldiario.net\/portal\/wp-content\/uploads\/2026\/03\/F-3-mamas-copia.webp","width":800,"height":370,"caption":"Asegur\u00f3 que varios conscriptos reci\u00e9n ingresaron al cuartel."},{"@type":"BreadcrumbList","@id":"https:\/\/www.eldiario.net\/portal\/2026\/03\/01\/denuncian-que-soldados-recien-incorporados-resguardan-la-zona\/#breadcrumb","itemListElement":[{"@type":"ListItem","position":1,"name":"Portada","item":"https:\/\/www.eldiario.net\/portal\/"},{"@type":"ListItem","position":2,"name":"Denuncian que soldados reci\u00e9n incorporados resguardan la zona"}]},{"@type":"WebSite","@id":"https:\/\/www.eldiario.net\/portal\/#website","url":"https:\/\/www.eldiario.net\/portal\/","name":"El Diario - Decano de la prensa nacional","description":"El Diario - Decano de la prensa nacional","publisher":{"@id":"https:\/\/www.eldiario.net\/portal\/#organization"},"potentialAction":[{"@type":"SearchAction","target":{"@type":"EntryPoint","urlTemplate":"https:\/\/www.eldiario.net\/portal\/?s={search_term_string}"},"query-input":{"@type":"PropertyValueSpecification","valueRequired":true,"valueName":"search_term_string"}}],"inLanguage":"es"},{"@type":"Organization","@id":"https:\/\/www.eldiario.net\/portal\/#organization","name":"El Diario - Decano de la prensa nacional","url":"https:\/\/www.eldiario.net\/portal\/","logo":{"@type":"ImageObject","inLanguage":"es","@id":"https:\/\/www.eldiario.net\/portal\/#\/schema\/logo\/image\/","url":"https:\/\/www.eldiario.net\/portal\/wp-content\/uploads\/2023\/07\/logo_ED.jpg","contentUrl":"https:\/\/www.eldiario.net\/portal\/wp-content\/uploads\/2023\/07\/logo_ED.jpg","width":272,"height":52,"caption":"El Diario - Decano de la prensa nacional"},"image":{"@id":"https:\/\/www.eldiario.net\/portal\/#\/schema\/logo\/image\/"},"sameAs":["https:\/\/www.facebook.com\/eldiario.bolivia\/","https:\/\/x.com\/eldiario_net"]},{"@type":"Person","@id":"https:\/\/www.eldiario.net\/portal\/#\/schema\/person\/cab1ae4db27e5f008a62cbffb05fbfee","name":"luis Camacho","image":{"@type":"ImageObject","inLanguage":"es","@id":"https:\/\/secure.gravatar.com\/avatar\/69ecb836b3826d5a2501bf06ab2a2f2c8ab211cc846758f395df21684cb38313?s=96&d=mm&r=g","url":"https:\/\/secure.gravatar.com\/avatar\/69ecb836b3826d5a2501bf06ab2a2f2c8ab211cc846758f395df21684cb38313?s=96&d=mm&r=g","contentUrl":"https:\/\/secure.gravatar.com\/avatar\/69ecb836b3826d5a2501bf06ab2a2f2c8ab211cc846758f395df21684cb38313?s=96&d=mm&r=g","caption":"luis Camacho"},"url":"https:\/\/www.eldiario.net\/portal\/author\/luis\/"}]}},"_links":{"self":[{"href":"https:\/\/www.eldiario.net\/portal\/wp-json\/wp\/v2\/posts\/372245","targetHints":{"allow":["GET"]}}],"collection":[{"href":"https:\/\/www.eldiario.net\/portal\/wp-json\/wp\/v2\/posts"}],"about":[{"href":"https:\/\/www.eldiario.net\/portal\/wp-json\/wp\/v2\/types\/post"}],"author":[{"embeddable":true,"href":"https:\/\/www.eldiario.net\/portal\/wp-json\/wp\/v2\/users\/2"}],"replies":[{"embeddable":true,"href":"https:\/\/www.eldiario.net\/portal\/wp-json\/wp\/v2\/comments?post=372245"}],"version-history":[{"count":1,"href":"https:\/\/www.eldiario.net\/portal\/wp-json\/wp\/v2\/posts\/372245\/revisions"}],"predecessor-version":[{"id":372247,"href":"https:\/\/www.eldiario.net\/portal\/wp-json\/wp\/v2\/posts\/372245\/revisions\/372247"}],"wp:featuredmedia":[{"embeddable":true,"href":"https:\/\/www.eldiario.net\/portal\/wp-json\/wp\/v2\/media\/372246"}],"wp:attachment":[{"href":"https:\/\/www.eldiario.net\/portal\/wp-json\/wp\/v2\/media?parent=372245"}],"wp:term":[{"taxonomy":"category","embeddable":true,"href":"https:\/\/www.eldiario.net\/portal\/wp-json\/wp\/v2\/categories?post=372245"},{"taxonomy":"post_tag","embeddable":true,"href":"https:\/\/www.eldiario.net\/portal\/wp-json\/wp\/v2\/tags?post=372245"}],"curies":[{"name":"wp","href":"https:\/\/api.w.org\/{rel}","templated":true}]}}