{"id":372240,"date":"2026-03-01T09:02:34","date_gmt":"2026-03-01T13:02:34","guid":{"rendered":"https:\/\/www.eldiario.net\/portal\/?p=372240"},"modified":"2026-03-01T09:02:34","modified_gmt":"2026-03-01T13:02:34","slug":"fuerza-aerea-ratifica-perdida-total-del-aeronave-hercules","status":"publish","type":"post","link":"https:\/\/www.eldiario.net\/portal\/2026\/03\/01\/fuerza-aerea-ratifica-perdida-total-del-aeronave-hercules\/","title":{"rendered":"Fuerza A\u00e9rea ratifica p\u00e9rdida  total del aeronave H\u00e9rcules"},"content":{"rendered":"<p>El comandante General de la Fuerza A\u00e9rea Boliviana (FAB), Sergio Lora, inform\u00f3 sobre el siniestro ocurrido la tarde del viernes en el aeropuerto de El Alto, correspondiente a la aeronave H\u00e9rcules C-130 con matr\u00edcula FAB-81, confirmando que la unidad sufri\u00f3 da\u00f1os del 100%. Detall\u00f3 que a bordo se encontraban ocho personas, incluyendo personal de carga y tripulantes, quienes cumpl\u00edan la ruta desde Santa Cruz hacia la ciudad de La Paz.<br \/>\nRespecto al cargamento que transportaba la nave, Lora aclar\u00f3 que se trataba de un servicio para el Banco Central de Bolivia (BCB). \u201cLlevaban dinero sin valor legal para el BCB, prestando un servicio a esta instituci\u00f3n\u201d, explic\u00f3 la autoridad.<br \/>\nSobre el origen de la tragedia, la instituci\u00f3n militar indic\u00f3 que a\u00fan no se han establecido los factores determinantes del impacto. \u201cDesconocemos las causas del accidente, se est\u00e1 instalando una junta investigadora de accidentes, para determinar cu\u00e1les fueron las causas y factores que llevaron a este fatal accidente\u201d, puntualiz\u00f3 el comandante General.<br \/>\nFinalmente, el Gral. Lora hizo un llamado en\u00e9rgico a la civilidad ante los reportes de disturbios en el per\u00edmetro del aeropuerto. \u201cUn pedido a las personas que est\u00e1n haciendo hechos vand\u00e1licos, que se abstengan y respeten el luto y dolor en este momento dif\u00edcil por el que estamos pasando\u201d, concluy\u00f3 la autoridad. (Red Uno)<\/p>\n","protected":false},"excerpt":{"rendered":"<p>El comandante General de la Fuerza A\u00e9rea Boliviana (FAB), Sergio Lora, inform\u00f3 sobre el siniestro ocurrido la tarde del viernes en el aeropuerto de El Alto, correspondiente a la aeronave H\u00e9rcules C-130 con matr\u00edcula FAB-81, confirmando que la unidad sufri\u00f3 da\u00f1os del 100%. Detall\u00f3 que a bordo se encontraban ocho personas, incluyendo personal de carga [&hellip;]<\/p>\n","protected":false},"author":2,"featured_media":372241,"comment_status":"closed","ping_status":"open","sticky":false,"template":"","format":"standard","meta":{"_acf_changed":false,"footnotes":""},"categories":[12],"tags":[],"class_list":["post-372240","post","type-post","status-publish","format-standard","has-post-thumbnail","category-nacional"],"acf":{"antetitulo":"Especialistas investigar\u00e1n causas del hecho"},"yoast_head":"<!-- This site is optimized with the Yoast SEO plugin v28.3 - https:\/\/yoast.com\/product\/yoast-seo-wordpress\/ -->\n<title>Fuerza A\u00e9rea ratifica p\u00e9rdida total del aeronave H\u00e9rcules - El Diario - Bolivia<\/title>\n<meta name=\"robots\" content=\"index, follow, max-snippet:-1, max-image-preview:large, max-video-preview:-1\" \/>\n<link rel=\"canonical\" href=\"https:\/\/www.eldiario.net\/portal\/2026\/03\/01\/fuerza-aerea-ratifica-perdida-total-del-aeronave-hercules\/\" \/>\n<meta property=\"og:locale\" content=\"es_ES\" \/>\n<meta property=\"og:type\" content=\"article\" \/>\n<meta property=\"og:title\" content=\"Fuerza A\u00e9rea ratifica p\u00e9rdida total del aeronave H\u00e9rcules - El Diario - Bolivia\" \/>\n<meta property=\"og:description\" content=\"El comandante General de la Fuerza A\u00e9rea Boliviana (FAB), Sergio Lora, inform\u00f3 sobre el siniestro ocurrido la tarde del viernes en el aeropuerto de El Alto, correspondiente a la aeronave H\u00e9rcules C-130 con matr\u00edcula FAB-81, confirmando que la unidad sufri\u00f3 da\u00f1os del 100%. Detall\u00f3 que a bordo se encontraban ocho personas, incluyendo personal de carga [&hellip;]\" \/>\n<meta property=\"og:url\" content=\"https:\/\/www.eldiario.net\/portal\/2026\/03\/01\/fuerza-aerea-ratifica-perdida-total-del-aeronave-hercules\/\" \/>\n<meta property=\"og:site_name\" content=\"El Diario - Bolivia\" \/>\n<meta property=\"article:publisher\" content=\"https:\/\/www.facebook.com\/eldiario.bolivia\/\" \/>\n<meta property=\"article:published_time\" content=\"2026-03-01T13:02:34+00:00\" \/>\n<meta property=\"og:image\" content=\"https:\/\/www.eldiario.net\/portal\/wp-content\/uploads\/2026\/03\/F-5-hercules-copia.webp\" \/>\n\t<meta property=\"og:image:width\" content=\"1280\" \/>\n\t<meta property=\"og:image:height\" content=\"853\" \/>\n\t<meta property=\"og:image:type\" content=\"image\/webp\" \/>\n<meta name=\"author\" content=\"luis Camacho\" \/>\n<meta name=\"twitter:card\" content=\"summary_large_image\" \/>\n<meta name=\"twitter:creator\" content=\"@eldiario_net\" \/>\n<meta name=\"twitter:site\" content=\"@eldiario_net\" \/>\n<meta name=\"twitter:label1\" content=\"Escrito por\" \/>\n\t<meta name=\"twitter:data1\" content=\"luis Camacho\" \/>\n\t<meta name=\"twitter:label2\" content=\"Tiempo de lectura\" \/>\n\t<meta name=\"twitter:data2\" content=\"2 minutos\" \/>\n<script type=\"application\/ld+json\" class=\"yoast-schema-graph\">{\"@context\":\"https:\\\/\\\/schema.org\",\"@graph\":[{\"@type\":\"Article\",\"@id\":\"https:\\\/\\\/www.eldiario.net\\\/portal\\\/2026\\\/03\\\/01\\\/fuerza-aerea-ratifica-perdida-total-del-aeronave-hercules\\\/#article\",\"isPartOf\":{\"@id\":\"https:\\\/\\\/www.eldiario.net\\\/portal\\\/2026\\\/03\\\/01\\\/fuerza-aerea-ratifica-perdida-total-del-aeronave-hercules\\\/\"},\"author\":{\"name\":\"luis Camacho\",\"@id\":\"https:\\\/\\\/www.eldiario.net\\\/portal\\\/#\\\/schema\\\/person\\\/cab1ae4db27e5f008a62cbffb05fbfee\"},\"headline\":\"Fuerza A\u00e9rea ratifica p\u00e9rdida total del aeronave H\u00e9rcules\",\"datePublished\":\"2026-03-01T13:02:34+00:00\",\"mainEntityOfPage\":{\"@id\":\"https:\\\/\\\/www.eldiario.net\\\/portal\\\/2026\\\/03\\\/01\\\/fuerza-aerea-ratifica-perdida-total-del-aeronave-hercules\\\/\"},\"wordCount\":239,\"publisher\":{\"@id\":\"https:\\\/\\\/www.eldiario.net\\\/portal\\\/#organization\"},\"image\":{\"@id\":\"https:\\\/\\\/www.eldiario.net\\\/portal\\\/2026\\\/03\\\/01\\\/fuerza-aerea-ratifica-perdida-total-del-aeronave-hercules\\\/#primaryimage\"},\"thumbnailUrl\":\"https:\\\/\\\/www.eldiario.net\\\/portal\\\/wp-content\\\/uploads\\\/2026\\\/03\\\/F-5-hercules-copia.webp\",\"articleSection\":[\"Nacional\"],\"inLanguage\":\"es\"},{\"@type\":\"WebPage\",\"@id\":\"https:\\\/\\\/www.eldiario.net\\\/portal\\\/2026\\\/03\\\/01\\\/fuerza-aerea-ratifica-perdida-total-del-aeronave-hercules\\\/\",\"url\":\"https:\\\/\\\/www.eldiario.net\\\/portal\\\/2026\\\/03\\\/01\\\/fuerza-aerea-ratifica-perdida-total-del-aeronave-hercules\\\/\",\"name\":\"Fuerza A\u00e9rea ratifica p\u00e9rdida total del aeronave H\u00e9rcules - El Diario - Bolivia\",\"isPartOf\":{\"@id\":\"https:\\\/\\\/www.eldiario.net\\\/portal\\\/#website\"},\"primaryImageOfPage\":{\"@id\":\"https:\\\/\\\/www.eldiario.net\\\/portal\\\/2026\\\/03\\\/01\\\/fuerza-aerea-ratifica-perdida-total-del-aeronave-hercules\\\/#primaryimage\"},\"image\":{\"@id\":\"https:\\\/\\\/www.eldiario.net\\\/portal\\\/2026\\\/03\\\/01\\\/fuerza-aerea-ratifica-perdida-total-del-aeronave-hercules\\\/#primaryimage\"},\"thumbnailUrl\":\"https:\\\/\\\/www.eldiario.net\\\/portal\\\/wp-content\\\/uploads\\\/2026\\\/03\\\/F-5-hercules-copia.webp\",\"datePublished\":\"2026-03-01T13:02:34+00:00\",\"breadcrumb\":{\"@id\":\"https:\\\/\\\/www.eldiario.net\\\/portal\\\/2026\\\/03\\\/01\\\/fuerza-aerea-ratifica-perdida-total-del-aeronave-hercules\\\/#breadcrumb\"},\"inLanguage\":\"es\",\"potentialAction\":[{\"@type\":\"ReadAction\",\"target\":[\"https:\\\/\\\/www.eldiario.net\\\/portal\\\/2026\\\/03\\\/01\\\/fuerza-aerea-ratifica-perdida-total-del-aeronave-hercules\\\/\"]}]},{\"@type\":\"ImageObject\",\"inLanguage\":\"es\",\"@id\":\"https:\\\/\\\/www.eldiario.net\\\/portal\\\/2026\\\/03\\\/01\\\/fuerza-aerea-ratifica-perdida-total-del-aeronave-hercules\\\/#primaryimage\",\"url\":\"https:\\\/\\\/www.eldiario.net\\\/portal\\\/wp-content\\\/uploads\\\/2026\\\/03\\\/F-5-hercules-copia.webp\",\"contentUrl\":\"https:\\\/\\\/www.eldiario.net\\\/portal\\\/wp-content\\\/uploads\\\/2026\\\/03\\\/F-5-hercules-copia.webp\",\"width\":1280,\"height\":853,\"caption\":\"El avi\u00f3n qued\u00f3 casi inservible.\"},{\"@type\":\"BreadcrumbList\",\"@id\":\"https:\\\/\\\/www.eldiario.net\\\/portal\\\/2026\\\/03\\\/01\\\/fuerza-aerea-ratifica-perdida-total-del-aeronave-hercules\\\/#breadcrumb\",\"itemListElement\":[{\"@type\":\"ListItem\",\"position\":1,\"name\":\"Portada\",\"item\":\"https:\\\/\\\/www.eldiario.net\\\/portal\\\/\"},{\"@type\":\"ListItem\",\"position\":2,\"name\":\"Fuerza A\u00e9rea ratifica p\u00e9rdida total del aeronave H\u00e9rcules\"}]},{\"@type\":\"WebSite\",\"@id\":\"https:\\\/\\\/www.eldiario.net\\\/portal\\\/#website\",\"url\":\"https:\\\/\\\/www.eldiario.net\\\/portal\\\/\",\"name\":\"El Diario - Decano de la prensa nacional\",\"description\":\"El Diario - Decano de la prensa nacional\",\"publisher\":{\"@id\":\"https:\\\/\\\/www.eldiario.net\\\/portal\\\/#organization\"},\"potentialAction\":[{\"@type\":\"SearchAction\",\"target\":{\"@type\":\"EntryPoint\",\"urlTemplate\":\"https:\\\/\\\/www.eldiario.net\\\/portal\\\/?s={search_term_string}\"},\"query-input\":{\"@type\":\"PropertyValueSpecification\",\"valueRequired\":true,\"valueName\":\"search_term_string\"}}],\"inLanguage\":\"es\"},{\"@type\":\"Organization\",\"@id\":\"https:\\\/\\\/www.eldiario.net\\\/portal\\\/#organization\",\"name\":\"El Diario - Decano de la prensa nacional\",\"url\":\"https:\\\/\\\/www.eldiario.net\\\/portal\\\/\",\"logo\":{\"@type\":\"ImageObject\",\"inLanguage\":\"es\",\"@id\":\"https:\\\/\\\/www.eldiario.net\\\/portal\\\/#\\\/schema\\\/logo\\\/image\\\/\",\"url\":\"https:\\\/\\\/www.eldiario.net\\\/portal\\\/wp-content\\\/uploads\\\/2023\\\/07\\\/logo_ED.jpg\",\"contentUrl\":\"https:\\\/\\\/www.eldiario.net\\\/portal\\\/wp-content\\\/uploads\\\/2023\\\/07\\\/logo_ED.jpg\",\"width\":272,\"height\":52,\"caption\":\"El Diario - Decano de la prensa nacional\"},\"image\":{\"@id\":\"https:\\\/\\\/www.eldiario.net\\\/portal\\\/#\\\/schema\\\/logo\\\/image\\\/\"},\"sameAs\":[\"https:\\\/\\\/www.facebook.com\\\/eldiario.bolivia\\\/\",\"https:\\\/\\\/x.com\\\/eldiario_net\"]},{\"@type\":\"Person\",\"@id\":\"https:\\\/\\\/www.eldiario.net\\\/portal\\\/#\\\/schema\\\/person\\\/cab1ae4db27e5f008a62cbffb05fbfee\",\"name\":\"luis Camacho\",\"image\":{\"@type\":\"ImageObject\",\"inLanguage\":\"es\",\"@id\":\"https:\\\/\\\/secure.gravatar.com\\\/avatar\\\/69ecb836b3826d5a2501bf06ab2a2f2c8ab211cc846758f395df21684cb38313?s=96&d=mm&r=g\",\"url\":\"https:\\\/\\\/secure.gravatar.com\\\/avatar\\\/69ecb836b3826d5a2501bf06ab2a2f2c8ab211cc846758f395df21684cb38313?s=96&d=mm&r=g\",\"contentUrl\":\"https:\\\/\\\/secure.gravatar.com\\\/avatar\\\/69ecb836b3826d5a2501bf06ab2a2f2c8ab211cc846758f395df21684cb38313?s=96&d=mm&r=g\",\"caption\":\"luis Camacho\"},\"url\":\"https:\\\/\\\/www.eldiario.net\\\/portal\\\/author\\\/luis\\\/\"}]}<\/script>\n<!-- \/ Yoast SEO plugin. -->","yoast_head_json":{"title":"Fuerza A\u00e9rea ratifica p\u00e9rdida total del aeronave H\u00e9rcules - El Diario - Bolivia","robots":{"index":"index","follow":"follow","max-snippet":"max-snippet:-1","max-image-preview":"max-image-preview:large","max-video-preview":"max-video-preview:-1"},"canonical":"https:\/\/www.eldiario.net\/portal\/2026\/03\/01\/fuerza-aerea-ratifica-perdida-total-del-aeronave-hercules\/","og_locale":"es_ES","og_type":"article","og_title":"Fuerza A\u00e9rea ratifica p\u00e9rdida total del aeronave H\u00e9rcules - El Diario - Bolivia","og_description":"El comandante General de la Fuerza A\u00e9rea Boliviana (FAB), Sergio Lora, inform\u00f3 sobre el siniestro ocurrido la tarde del viernes en el aeropuerto de El Alto, correspondiente a la aeronave H\u00e9rcules C-130 con matr\u00edcula FAB-81, confirmando que la unidad sufri\u00f3 da\u00f1os del 100%. Detall\u00f3 que a bordo se encontraban ocho personas, incluyendo personal de carga [&hellip;]","og_url":"https:\/\/www.eldiario.net\/portal\/2026\/03\/01\/fuerza-aerea-ratifica-perdida-total-del-aeronave-hercules\/","og_site_name":"El Diario - Bolivia","article_publisher":"https:\/\/www.facebook.com\/eldiario.bolivia\/","article_published_time":"2026-03-01T13:02:34+00:00","og_image":[{"width":1280,"height":853,"url":"https:\/\/www.eldiario.net\/portal\/wp-content\/uploads\/2026\/03\/F-5-hercules-copia.webp","type":"image\/webp"}],"author":"luis Camacho","twitter_card":"summary_large_image","twitter_creator":"@eldiario_net","twitter_site":"@eldiario_net","twitter_misc":{"Escrito por":"luis Camacho","Tiempo de lectura":"2 minutos"},"schema":{"@context":"https:\/\/schema.org","@graph":[{"@type":"Article","@id":"https:\/\/www.eldiario.net\/portal\/2026\/03\/01\/fuerza-aerea-ratifica-perdida-total-del-aeronave-hercules\/#article","isPartOf":{"@id":"https:\/\/www.eldiario.net\/portal\/2026\/03\/01\/fuerza-aerea-ratifica-perdida-total-del-aeronave-hercules\/"},"author":{"name":"luis Camacho","@id":"https:\/\/www.eldiario.net\/portal\/#\/schema\/person\/cab1ae4db27e5f008a62cbffb05fbfee"},"headline":"Fuerza A\u00e9rea ratifica p\u00e9rdida total del aeronave H\u00e9rcules","datePublished":"2026-03-01T13:02:34+00:00","mainEntityOfPage":{"@id":"https:\/\/www.eldiario.net\/portal\/2026\/03\/01\/fuerza-aerea-ratifica-perdida-total-del-aeronave-hercules\/"},"wordCount":239,"publisher":{"@id":"https:\/\/www.eldiario.net\/portal\/#organization"},"image":{"@id":"https:\/\/www.eldiario.net\/portal\/2026\/03\/01\/fuerza-aerea-ratifica-perdida-total-del-aeronave-hercules\/#primaryimage"},"thumbnailUrl":"https:\/\/www.eldiario.net\/portal\/wp-content\/uploads\/2026\/03\/F-5-hercules-copia.webp","articleSection":["Nacional"],"inLanguage":"es"},{"@type":"WebPage","@id":"https:\/\/www.eldiario.net\/portal\/2026\/03\/01\/fuerza-aerea-ratifica-perdida-total-del-aeronave-hercules\/","url":"https:\/\/www.eldiario.net\/portal\/2026\/03\/01\/fuerza-aerea-ratifica-perdida-total-del-aeronave-hercules\/","name":"Fuerza A\u00e9rea ratifica p\u00e9rdida total del aeronave H\u00e9rcules - El Diario - Bolivia","isPartOf":{"@id":"https:\/\/www.eldiario.net\/portal\/#website"},"primaryImageOfPage":{"@id":"https:\/\/www.eldiario.net\/portal\/2026\/03\/01\/fuerza-aerea-ratifica-perdida-total-del-aeronave-hercules\/#primaryimage"},"image":{"@id":"https:\/\/www.eldiario.net\/portal\/2026\/03\/01\/fuerza-aerea-ratifica-perdida-total-del-aeronave-hercules\/#primaryimage"},"thumbnailUrl":"https:\/\/www.eldiario.net\/portal\/wp-content\/uploads\/2026\/03\/F-5-hercules-copia.webp","datePublished":"2026-03-01T13:02:34+00:00","breadcrumb":{"@id":"https:\/\/www.eldiario.net\/portal\/2026\/03\/01\/fuerza-aerea-ratifica-perdida-total-del-aeronave-hercules\/#breadcrumb"},"inLanguage":"es","potentialAction":[{"@type":"ReadAction","target":["https:\/\/www.eldiario.net\/portal\/2026\/03\/01\/fuerza-aerea-ratifica-perdida-total-del-aeronave-hercules\/"]}]},{"@type":"ImageObject","inLanguage":"es","@id":"https:\/\/www.eldiario.net\/portal\/2026\/03\/01\/fuerza-aerea-ratifica-perdida-total-del-aeronave-hercules\/#primaryimage","url":"https:\/\/www.eldiario.net\/portal\/wp-content\/uploads\/2026\/03\/F-5-hercules-copia.webp","contentUrl":"https:\/\/www.eldiario.net\/portal\/wp-content\/uploads\/2026\/03\/F-5-hercules-copia.webp","width":1280,"height":853,"caption":"El avi\u00f3n qued\u00f3 casi inservible."},{"@type":"BreadcrumbList","@id":"https:\/\/www.eldiario.net\/portal\/2026\/03\/01\/fuerza-aerea-ratifica-perdida-total-del-aeronave-hercules\/#breadcrumb","itemListElement":[{"@type":"ListItem","position":1,"name":"Portada","item":"https:\/\/www.eldiario.net\/portal\/"},{"@type":"ListItem","position":2,"name":"Fuerza A\u00e9rea ratifica p\u00e9rdida total del aeronave H\u00e9rcules"}]},{"@type":"WebSite","@id":"https:\/\/www.eldiario.net\/portal\/#website","url":"https:\/\/www.eldiario.net\/portal\/","name":"El Diario - Decano de la prensa nacional","description":"El Diario - Decano de la prensa nacional","publisher":{"@id":"https:\/\/www.eldiario.net\/portal\/#organization"},"potentialAction":[{"@type":"SearchAction","target":{"@type":"EntryPoint","urlTemplate":"https:\/\/www.eldiario.net\/portal\/?s={search_term_string}"},"query-input":{"@type":"PropertyValueSpecification","valueRequired":true,"valueName":"search_term_string"}}],"inLanguage":"es"},{"@type":"Organization","@id":"https:\/\/www.eldiario.net\/portal\/#organization","name":"El Diario - Decano de la prensa nacional","url":"https:\/\/www.eldiario.net\/portal\/","logo":{"@type":"ImageObject","inLanguage":"es","@id":"https:\/\/www.eldiario.net\/portal\/#\/schema\/logo\/image\/","url":"https:\/\/www.eldiario.net\/portal\/wp-content\/uploads\/2023\/07\/logo_ED.jpg","contentUrl":"https:\/\/www.eldiario.net\/portal\/wp-content\/uploads\/2023\/07\/logo_ED.jpg","width":272,"height":52,"caption":"El Diario - Decano de la prensa nacional"},"image":{"@id":"https:\/\/www.eldiario.net\/portal\/#\/schema\/logo\/image\/"},"sameAs":["https:\/\/www.facebook.com\/eldiario.bolivia\/","https:\/\/x.com\/eldiario_net"]},{"@type":"Person","@id":"https:\/\/www.eldiario.net\/portal\/#\/schema\/person\/cab1ae4db27e5f008a62cbffb05fbfee","name":"luis Camacho","image":{"@type":"ImageObject","inLanguage":"es","@id":"https:\/\/secure.gravatar.com\/avatar\/69ecb836b3826d5a2501bf06ab2a2f2c8ab211cc846758f395df21684cb38313?s=96&d=mm&r=g","url":"https:\/\/secure.gravatar.com\/avatar\/69ecb836b3826d5a2501bf06ab2a2f2c8ab211cc846758f395df21684cb38313?s=96&d=mm&r=g","contentUrl":"https:\/\/secure.gravatar.com\/avatar\/69ecb836b3826d5a2501bf06ab2a2f2c8ab211cc846758f395df21684cb38313?s=96&d=mm&r=g","caption":"luis Camacho"},"url":"https:\/\/www.eldiario.net\/portal\/author\/luis\/"}]}},"_links":{"self":[{"href":"https:\/\/www.eldiario.net\/portal\/wp-json\/wp\/v2\/posts\/372240","targetHints":{"allow":["GET"]}}],"collection":[{"href":"https:\/\/www.eldiario.net\/portal\/wp-json\/wp\/v2\/posts"}],"about":[{"href":"https:\/\/www.eldiario.net\/portal\/wp-json\/wp\/v2\/types\/post"}],"author":[{"embeddable":true,"href":"https:\/\/www.eldiario.net\/portal\/wp-json\/wp\/v2\/users\/2"}],"replies":[{"embeddable":true,"href":"https:\/\/www.eldiario.net\/portal\/wp-json\/wp\/v2\/comments?post=372240"}],"version-history":[{"count":1,"href":"https:\/\/www.eldiario.net\/portal\/wp-json\/wp\/v2\/posts\/372240\/revisions"}],"predecessor-version":[{"id":372242,"href":"https:\/\/www.eldiario.net\/portal\/wp-json\/wp\/v2\/posts\/372240\/revisions\/372242"}],"wp:featuredmedia":[{"embeddable":true,"href":"https:\/\/www.eldiario.net\/portal\/wp-json\/wp\/v2\/media\/372241"}],"wp:attachment":[{"href":"https:\/\/www.eldiario.net\/portal\/wp-json\/wp\/v2\/media?parent=372240"}],"wp:term":[{"taxonomy":"category","embeddable":true,"href":"https:\/\/www.eldiario.net\/portal\/wp-json\/wp\/v2\/categories?post=372240"},{"taxonomy":"post_tag","embeddable":true,"href":"https:\/\/www.eldiario.net\/portal\/wp-json\/wp\/v2\/tags?post=372240"}],"curies":[{"name":"wp","href":"https:\/\/api.w.org\/{rel}","templated":true}]}}