{"id":372235,"date":"2026-03-01T08:58:27","date_gmt":"2026-03-01T12:58:27","guid":{"rendered":"https:\/\/www.eldiario.net\/portal\/?p=372235"},"modified":"2026-03-01T08:58:27","modified_gmt":"2026-03-01T12:58:27","slug":"mercado-profesional-demanda-carreras-en-inteligencia-artificial","status":"publish","type":"post","link":"https:\/\/www.eldiario.net\/portal\/2026\/03\/01\/mercado-profesional-demanda-carreras-en-inteligencia-artificial\/","title":{"rendered":"Mercado profesional demanda carreras en Inteligencia Artificial"},"content":{"rendered":"<p>El elegir una carrera profesional puede convertirse en una tarea dif\u00edcil. Desde aquellas con tradici\u00f3n familiar, por afinidad particular o tendencia actual, los bachilleres se encuentran en una encrucijada. Sin embargo, apostar por una profesi\u00f3n relacionada con Inteligencia Artificial (IA) es una alternativa, con amplio mercado laboral.<br \/>\nAs\u00ed lo entendieron varias casas de estudios superiores como la Universidad Cat\u00f3lica Boliviana San Pablo, la Universidad Privada Boliviana y la Universidad Central (Unicen). Esta \u00faltima hizo precisamente un estudio de mercado que devel\u00f3 la necesidad de formar profesionales inmersos en el desarrollo y aplicaci\u00f3n de la IA en diferentes \u00e1reas.<br \/>\n\u201cSe hizo un estudio de mercado sobre la necesidad que se tiene en el tema tecnol\u00f3gico, se identific\u00f3 que se requiere contar con profesionales que tengan el conocimiento para desarrollar programas y sistemas mediante la aplicaci\u00f3n y uso de la IA, y se lanz\u00f3 la nueva carrera en Innovaci\u00f3n Digital e Inteligencia Artificial\u201d, explic\u00f3 Rodolfo Cordero Murillo, vicerrector de la Universidad Central regional La Paz.<br \/>\nEl vicerrector de la Unicen sostuvo que el plan de estudio fue dise\u00f1ado para cuatro a\u00f1os lectivos, divididos en ocho semestres que incluir\u00e1n asignaturas esenciales para la formaci\u00f3n de los j\u00f3venes y no as\u00ed materias de relleno que profundizan en c\u00e1lculos innecesarios, en su lugar se priorizar\u00e1 el contenido tecnol\u00f3gico.<br \/>\n\u201cLa persona que decida estudiar la carrera deber\u00e1 tener vocaci\u00f3n en tecnolog\u00eda e interesarse por adquirir conocimientos en: fundamentos matem\u00e1ticos y l\u00f3gicos, programaci\u00f3n y desarrollo digital, gesti\u00f3n de datos e infraestructura y especialidad en Inteligencia Artificial\u201d, puntualiz\u00f3 Cordero.<\/p>\n<p>FORMAS DE TITULACI\u00d3N<br \/>\nAl ser consultado sobre las formas de graduaci\u00f3n una vez concluida la malla curricular dise\u00f1ada, dijo que existen cinco modalidades permitidas por el sistema universitario: tesis, trabajo dirigido, examen de grado, proyecto de grado y por excelencia.<br \/>\n\u201cEn la titulaci\u00f3n por excelencia el estudiante deber\u00e1 tener un promedio de 90 durante toda la carrera. En el caso del proyecto de grado que incluye investigaci\u00f3n y un producto terminado, este bien podr\u00eda ser aplicado de inmediato como un emprendimiento\u201d, se\u00f1al\u00f3 la autoridad educativa.<br \/>\nSeg\u00fan Cordero, el campo laboral es bastante amplio no s\u00f3lo en el pa\u00eds, sino a nivel internacional, porque el profesional estar\u00e1 capacitado en: Gesti\u00f3n de Proyectos IA, Auditor de IA, Desarrollo de modelos IA, Arquitecto Cloud, Cient\u00edfico de Datos e Ingeniero de Prompts.<br \/>\n\u201cLa nueva carrera le brinda al profesional la oportunidad de desarrollar su creatividad y aportar en el crecimiento del pa\u00eds. En poco tiempo veremos a nuestros estudiantes participar en eventos internacionales y porque no pensar en que representen al pa\u00eds con el desarrollo de una nueva tecnolog\u00eda\u201d, explic\u00f3 el Vicerrector.<br \/>\nAl crearse esta carrera la idea es impulsar el potencial humano joven que tiene la naci\u00f3n, pues pa\u00edses del primer mundo ya tienen avances muy significativos en este campo y Bolivia no pod\u00eda quedarse al margen de esta tecnolog\u00eda que en los pr\u00f3ximos cinco a 10 a\u00f1os va estar relacionado con varias \u00e1reas profesionales.<br \/>\n\u201cSer\u00eda lindo que se pueda generar Inteligencia Artificial como lo hizo China que es bastante competitiva o las grandes empresas como ChatGPT, Google con Gemini y otras empresas que trabajan en el crecimiento de esta herramienta que desde luego tiene por detr\u00e1s el trabajo de profesionales expertos en la generaci\u00f3n de programas\u201d, finaliz\u00f3.<\/p>\n","protected":false},"excerpt":{"rendered":"<p>El elegir una carrera profesional puede convertirse en una tarea dif\u00edcil. Desde aquellas con tradici\u00f3n familiar, por afinidad particular o tendencia actual, los bachilleres se encuentran en una encrucijada. Sin embargo, apostar por una profesi\u00f3n relacionada con Inteligencia Artificial (IA) es una alternativa, con amplio mercado laboral. As\u00ed lo entendieron varias casas de estudios superiores [&hellip;]<\/p>\n","protected":false},"author":2,"featured_media":372236,"comment_status":"closed","ping_status":"open","sticky":false,"template":"","format":"standard","meta":{"_acf_changed":false,"footnotes":""},"categories":[12],"tags":[],"class_list":["post-372235","post","type-post","status-publish","format-standard","has-post-thumbnail","category-nacional"],"acf":{"antetitulo":""},"yoast_head":"<!-- This site is optimized with the Yoast SEO plugin v28.3 - https:\/\/yoast.com\/product\/yoast-seo-wordpress\/ -->\n<title>Mercado profesional demanda carreras en Inteligencia Artificial - El Diario - Bolivia<\/title>\n<meta name=\"robots\" content=\"index, follow, max-snippet:-1, max-image-preview:large, max-video-preview:-1\" \/>\n<link rel=\"canonical\" href=\"https:\/\/www.eldiario.net\/portal\/2026\/03\/01\/mercado-profesional-demanda-carreras-en-inteligencia-artificial\/\" \/>\n<meta property=\"og:locale\" content=\"es_ES\" \/>\n<meta property=\"og:type\" content=\"article\" \/>\n<meta property=\"og:title\" content=\"Mercado profesional demanda carreras en Inteligencia Artificial - El Diario - Bolivia\" \/>\n<meta property=\"og:description\" content=\"El elegir una carrera profesional puede convertirse en una tarea dif\u00edcil. Desde aquellas con tradici\u00f3n familiar, por afinidad particular o tendencia actual, los bachilleres se encuentran en una encrucijada. Sin embargo, apostar por una profesi\u00f3n relacionada con Inteligencia Artificial (IA) es una alternativa, con amplio mercado laboral. As\u00ed lo entendieron varias casas de estudios superiores [&hellip;]\" \/>\n<meta property=\"og:url\" content=\"https:\/\/www.eldiario.net\/portal\/2026\/03\/01\/mercado-profesional-demanda-carreras-en-inteligencia-artificial\/\" \/>\n<meta property=\"og:site_name\" content=\"El Diario - Bolivia\" \/>\n<meta property=\"article:publisher\" content=\"https:\/\/www.facebook.com\/eldiario.bolivia\/\" \/>\n<meta property=\"article:published_time\" content=\"2026-03-01T12:58:27+00:00\" \/>\n<meta property=\"og:image\" content=\"https:\/\/www.eldiario.net\/portal\/wp-content\/uploads\/2026\/03\/F-4-mercado-copia.webp\" \/>\n\t<meta property=\"og:image:width\" content=\"1080\" \/>\n\t<meta property=\"og:image:height\" content=\"720\" \/>\n\t<meta property=\"og:image:type\" content=\"image\/webp\" \/>\n<meta name=\"author\" content=\"luis Camacho\" \/>\n<meta name=\"twitter:card\" content=\"summary_large_image\" \/>\n<meta name=\"twitter:creator\" content=\"@eldiario_net\" \/>\n<meta name=\"twitter:site\" content=\"@eldiario_net\" \/>\n<meta name=\"twitter:label1\" content=\"Escrito por\" \/>\n\t<meta name=\"twitter:data1\" content=\"luis Camacho\" \/>\n\t<meta name=\"twitter:label2\" content=\"Tiempo de lectura\" \/>\n\t<meta name=\"twitter:data2\" content=\"3 minutos\" \/>\n<script type=\"application\/ld+json\" class=\"yoast-schema-graph\">{\"@context\":\"https:\\\/\\\/schema.org\",\"@graph\":[{\"@type\":\"Article\",\"@id\":\"https:\\\/\\\/www.eldiario.net\\\/portal\\\/2026\\\/03\\\/01\\\/mercado-profesional-demanda-carreras-en-inteligencia-artificial\\\/#article\",\"isPartOf\":{\"@id\":\"https:\\\/\\\/www.eldiario.net\\\/portal\\\/2026\\\/03\\\/01\\\/mercado-profesional-demanda-carreras-en-inteligencia-artificial\\\/\"},\"author\":{\"name\":\"luis Camacho\",\"@id\":\"https:\\\/\\\/www.eldiario.net\\\/portal\\\/#\\\/schema\\\/person\\\/cab1ae4db27e5f008a62cbffb05fbfee\"},\"headline\":\"Mercado profesional demanda carreras en Inteligencia Artificial\",\"datePublished\":\"2026-03-01T12:58:27+00:00\",\"mainEntityOfPage\":{\"@id\":\"https:\\\/\\\/www.eldiario.net\\\/portal\\\/2026\\\/03\\\/01\\\/mercado-profesional-demanda-carreras-en-inteligencia-artificial\\\/\"},\"wordCount\":586,\"publisher\":{\"@id\":\"https:\\\/\\\/www.eldiario.net\\\/portal\\\/#organization\"},\"image\":{\"@id\":\"https:\\\/\\\/www.eldiario.net\\\/portal\\\/2026\\\/03\\\/01\\\/mercado-profesional-demanda-carreras-en-inteligencia-artificial\\\/#primaryimage\"},\"thumbnailUrl\":\"https:\\\/\\\/www.eldiario.net\\\/portal\\\/wp-content\\\/uploads\\\/2026\\\/03\\\/F-4-mercado-copia.webp\",\"articleSection\":[\"Nacional\"],\"inLanguage\":\"es\"},{\"@type\":\"WebPage\",\"@id\":\"https:\\\/\\\/www.eldiario.net\\\/portal\\\/2026\\\/03\\\/01\\\/mercado-profesional-demanda-carreras-en-inteligencia-artificial\\\/\",\"url\":\"https:\\\/\\\/www.eldiario.net\\\/portal\\\/2026\\\/03\\\/01\\\/mercado-profesional-demanda-carreras-en-inteligencia-artificial\\\/\",\"name\":\"Mercado profesional demanda carreras en Inteligencia Artificial - El Diario - Bolivia\",\"isPartOf\":{\"@id\":\"https:\\\/\\\/www.eldiario.net\\\/portal\\\/#website\"},\"primaryImageOfPage\":{\"@id\":\"https:\\\/\\\/www.eldiario.net\\\/portal\\\/2026\\\/03\\\/01\\\/mercado-profesional-demanda-carreras-en-inteligencia-artificial\\\/#primaryimage\"},\"image\":{\"@id\":\"https:\\\/\\\/www.eldiario.net\\\/portal\\\/2026\\\/03\\\/01\\\/mercado-profesional-demanda-carreras-en-inteligencia-artificial\\\/#primaryimage\"},\"thumbnailUrl\":\"https:\\\/\\\/www.eldiario.net\\\/portal\\\/wp-content\\\/uploads\\\/2026\\\/03\\\/F-4-mercado-copia.webp\",\"datePublished\":\"2026-03-01T12:58:27+00:00\",\"breadcrumb\":{\"@id\":\"https:\\\/\\\/www.eldiario.net\\\/portal\\\/2026\\\/03\\\/01\\\/mercado-profesional-demanda-carreras-en-inteligencia-artificial\\\/#breadcrumb\"},\"inLanguage\":\"es\",\"potentialAction\":[{\"@type\":\"ReadAction\",\"target\":[\"https:\\\/\\\/www.eldiario.net\\\/portal\\\/2026\\\/03\\\/01\\\/mercado-profesional-demanda-carreras-en-inteligencia-artificial\\\/\"]}]},{\"@type\":\"ImageObject\",\"inLanguage\":\"es\",\"@id\":\"https:\\\/\\\/www.eldiario.net\\\/portal\\\/2026\\\/03\\\/01\\\/mercado-profesional-demanda-carreras-en-inteligencia-artificial\\\/#primaryimage\",\"url\":\"https:\\\/\\\/www.eldiario.net\\\/portal\\\/wp-content\\\/uploads\\\/2026\\\/03\\\/F-4-mercado-copia.webp\",\"contentUrl\":\"https:\\\/\\\/www.eldiario.net\\\/portal\\\/wp-content\\\/uploads\\\/2026\\\/03\\\/F-4-mercado-copia.webp\",\"width\":1080,\"height\":720,\"caption\":\"El vicerrector de la Universidad Central regional La Paz, Rodolfo Cordero Murillo.\"},{\"@type\":\"BreadcrumbList\",\"@id\":\"https:\\\/\\\/www.eldiario.net\\\/portal\\\/2026\\\/03\\\/01\\\/mercado-profesional-demanda-carreras-en-inteligencia-artificial\\\/#breadcrumb\",\"itemListElement\":[{\"@type\":\"ListItem\",\"position\":1,\"name\":\"Portada\",\"item\":\"https:\\\/\\\/www.eldiario.net\\\/portal\\\/\"},{\"@type\":\"ListItem\",\"position\":2,\"name\":\"Mercado profesional demanda carreras en Inteligencia Artificial\"}]},{\"@type\":\"WebSite\",\"@id\":\"https:\\\/\\\/www.eldiario.net\\\/portal\\\/#website\",\"url\":\"https:\\\/\\\/www.eldiario.net\\\/portal\\\/\",\"name\":\"El Diario - Decano de la prensa nacional\",\"description\":\"El Diario - Decano de la prensa nacional\",\"publisher\":{\"@id\":\"https:\\\/\\\/www.eldiario.net\\\/portal\\\/#organization\"},\"potentialAction\":[{\"@type\":\"SearchAction\",\"target\":{\"@type\":\"EntryPoint\",\"urlTemplate\":\"https:\\\/\\\/www.eldiario.net\\\/portal\\\/?s={search_term_string}\"},\"query-input\":{\"@type\":\"PropertyValueSpecification\",\"valueRequired\":true,\"valueName\":\"search_term_string\"}}],\"inLanguage\":\"es\"},{\"@type\":\"Organization\",\"@id\":\"https:\\\/\\\/www.eldiario.net\\\/portal\\\/#organization\",\"name\":\"El Diario - Decano de la prensa nacional\",\"url\":\"https:\\\/\\\/www.eldiario.net\\\/portal\\\/\",\"logo\":{\"@type\":\"ImageObject\",\"inLanguage\":\"es\",\"@id\":\"https:\\\/\\\/www.eldiario.net\\\/portal\\\/#\\\/schema\\\/logo\\\/image\\\/\",\"url\":\"https:\\\/\\\/www.eldiario.net\\\/portal\\\/wp-content\\\/uploads\\\/2023\\\/07\\\/logo_ED.jpg\",\"contentUrl\":\"https:\\\/\\\/www.eldiario.net\\\/portal\\\/wp-content\\\/uploads\\\/2023\\\/07\\\/logo_ED.jpg\",\"width\":272,\"height\":52,\"caption\":\"El Diario - Decano de la prensa nacional\"},\"image\":{\"@id\":\"https:\\\/\\\/www.eldiario.net\\\/portal\\\/#\\\/schema\\\/logo\\\/image\\\/\"},\"sameAs\":[\"https:\\\/\\\/www.facebook.com\\\/eldiario.bolivia\\\/\",\"https:\\\/\\\/x.com\\\/eldiario_net\"]},{\"@type\":\"Person\",\"@id\":\"https:\\\/\\\/www.eldiario.net\\\/portal\\\/#\\\/schema\\\/person\\\/cab1ae4db27e5f008a62cbffb05fbfee\",\"name\":\"luis Camacho\",\"image\":{\"@type\":\"ImageObject\",\"inLanguage\":\"es\",\"@id\":\"https:\\\/\\\/secure.gravatar.com\\\/avatar\\\/69ecb836b3826d5a2501bf06ab2a2f2c8ab211cc846758f395df21684cb38313?s=96&d=mm&r=g\",\"url\":\"https:\\\/\\\/secure.gravatar.com\\\/avatar\\\/69ecb836b3826d5a2501bf06ab2a2f2c8ab211cc846758f395df21684cb38313?s=96&d=mm&r=g\",\"contentUrl\":\"https:\\\/\\\/secure.gravatar.com\\\/avatar\\\/69ecb836b3826d5a2501bf06ab2a2f2c8ab211cc846758f395df21684cb38313?s=96&d=mm&r=g\",\"caption\":\"luis Camacho\"},\"url\":\"https:\\\/\\\/www.eldiario.net\\\/portal\\\/author\\\/luis\\\/\"}]}<\/script>\n<!-- \/ Yoast SEO plugin. -->","yoast_head_json":{"title":"Mercado profesional demanda carreras en Inteligencia Artificial - El Diario - Bolivia","robots":{"index":"index","follow":"follow","max-snippet":"max-snippet:-1","max-image-preview":"max-image-preview:large","max-video-preview":"max-video-preview:-1"},"canonical":"https:\/\/www.eldiario.net\/portal\/2026\/03\/01\/mercado-profesional-demanda-carreras-en-inteligencia-artificial\/","og_locale":"es_ES","og_type":"article","og_title":"Mercado profesional demanda carreras en Inteligencia Artificial - El Diario - Bolivia","og_description":"El elegir una carrera profesional puede convertirse en una tarea dif\u00edcil. Desde aquellas con tradici\u00f3n familiar, por afinidad particular o tendencia actual, los bachilleres se encuentran en una encrucijada. Sin embargo, apostar por una profesi\u00f3n relacionada con Inteligencia Artificial (IA) es una alternativa, con amplio mercado laboral. As\u00ed lo entendieron varias casas de estudios superiores [&hellip;]","og_url":"https:\/\/www.eldiario.net\/portal\/2026\/03\/01\/mercado-profesional-demanda-carreras-en-inteligencia-artificial\/","og_site_name":"El Diario - Bolivia","article_publisher":"https:\/\/www.facebook.com\/eldiario.bolivia\/","article_published_time":"2026-03-01T12:58:27+00:00","og_image":[{"width":1080,"height":720,"url":"https:\/\/www.eldiario.net\/portal\/wp-content\/uploads\/2026\/03\/F-4-mercado-copia.webp","type":"image\/webp"}],"author":"luis Camacho","twitter_card":"summary_large_image","twitter_creator":"@eldiario_net","twitter_site":"@eldiario_net","twitter_misc":{"Escrito por":"luis Camacho","Tiempo de lectura":"3 minutos"},"schema":{"@context":"https:\/\/schema.org","@graph":[{"@type":"Article","@id":"https:\/\/www.eldiario.net\/portal\/2026\/03\/01\/mercado-profesional-demanda-carreras-en-inteligencia-artificial\/#article","isPartOf":{"@id":"https:\/\/www.eldiario.net\/portal\/2026\/03\/01\/mercado-profesional-demanda-carreras-en-inteligencia-artificial\/"},"author":{"name":"luis Camacho","@id":"https:\/\/www.eldiario.net\/portal\/#\/schema\/person\/cab1ae4db27e5f008a62cbffb05fbfee"},"headline":"Mercado profesional demanda carreras en Inteligencia Artificial","datePublished":"2026-03-01T12:58:27+00:00","mainEntityOfPage":{"@id":"https:\/\/www.eldiario.net\/portal\/2026\/03\/01\/mercado-profesional-demanda-carreras-en-inteligencia-artificial\/"},"wordCount":586,"publisher":{"@id":"https:\/\/www.eldiario.net\/portal\/#organization"},"image":{"@id":"https:\/\/www.eldiario.net\/portal\/2026\/03\/01\/mercado-profesional-demanda-carreras-en-inteligencia-artificial\/#primaryimage"},"thumbnailUrl":"https:\/\/www.eldiario.net\/portal\/wp-content\/uploads\/2026\/03\/F-4-mercado-copia.webp","articleSection":["Nacional"],"inLanguage":"es"},{"@type":"WebPage","@id":"https:\/\/www.eldiario.net\/portal\/2026\/03\/01\/mercado-profesional-demanda-carreras-en-inteligencia-artificial\/","url":"https:\/\/www.eldiario.net\/portal\/2026\/03\/01\/mercado-profesional-demanda-carreras-en-inteligencia-artificial\/","name":"Mercado profesional demanda carreras en Inteligencia Artificial - El Diario - Bolivia","isPartOf":{"@id":"https:\/\/www.eldiario.net\/portal\/#website"},"primaryImageOfPage":{"@id":"https:\/\/www.eldiario.net\/portal\/2026\/03\/01\/mercado-profesional-demanda-carreras-en-inteligencia-artificial\/#primaryimage"},"image":{"@id":"https:\/\/www.eldiario.net\/portal\/2026\/03\/01\/mercado-profesional-demanda-carreras-en-inteligencia-artificial\/#primaryimage"},"thumbnailUrl":"https:\/\/www.eldiario.net\/portal\/wp-content\/uploads\/2026\/03\/F-4-mercado-copia.webp","datePublished":"2026-03-01T12:58:27+00:00","breadcrumb":{"@id":"https:\/\/www.eldiario.net\/portal\/2026\/03\/01\/mercado-profesional-demanda-carreras-en-inteligencia-artificial\/#breadcrumb"},"inLanguage":"es","potentialAction":[{"@type":"ReadAction","target":["https:\/\/www.eldiario.net\/portal\/2026\/03\/01\/mercado-profesional-demanda-carreras-en-inteligencia-artificial\/"]}]},{"@type":"ImageObject","inLanguage":"es","@id":"https:\/\/www.eldiario.net\/portal\/2026\/03\/01\/mercado-profesional-demanda-carreras-en-inteligencia-artificial\/#primaryimage","url":"https:\/\/www.eldiario.net\/portal\/wp-content\/uploads\/2026\/03\/F-4-mercado-copia.webp","contentUrl":"https:\/\/www.eldiario.net\/portal\/wp-content\/uploads\/2026\/03\/F-4-mercado-copia.webp","width":1080,"height":720,"caption":"El vicerrector de la Universidad Central regional La Paz, Rodolfo Cordero Murillo."},{"@type":"BreadcrumbList","@id":"https:\/\/www.eldiario.net\/portal\/2026\/03\/01\/mercado-profesional-demanda-carreras-en-inteligencia-artificial\/#breadcrumb","itemListElement":[{"@type":"ListItem","position":1,"name":"Portada","item":"https:\/\/www.eldiario.net\/portal\/"},{"@type":"ListItem","position":2,"name":"Mercado profesional demanda carreras en Inteligencia Artificial"}]},{"@type":"WebSite","@id":"https:\/\/www.eldiario.net\/portal\/#website","url":"https:\/\/www.eldiario.net\/portal\/","name":"El Diario - Decano de la prensa nacional","description":"El Diario - Decano de la prensa nacional","publisher":{"@id":"https:\/\/www.eldiario.net\/portal\/#organization"},"potentialAction":[{"@type":"SearchAction","target":{"@type":"EntryPoint","urlTemplate":"https:\/\/www.eldiario.net\/portal\/?s={search_term_string}"},"query-input":{"@type":"PropertyValueSpecification","valueRequired":true,"valueName":"search_term_string"}}],"inLanguage":"es"},{"@type":"Organization","@id":"https:\/\/www.eldiario.net\/portal\/#organization","name":"El Diario - Decano de la prensa nacional","url":"https:\/\/www.eldiario.net\/portal\/","logo":{"@type":"ImageObject","inLanguage":"es","@id":"https:\/\/www.eldiario.net\/portal\/#\/schema\/logo\/image\/","url":"https:\/\/www.eldiario.net\/portal\/wp-content\/uploads\/2023\/07\/logo_ED.jpg","contentUrl":"https:\/\/www.eldiario.net\/portal\/wp-content\/uploads\/2023\/07\/logo_ED.jpg","width":272,"height":52,"caption":"El Diario - Decano de la prensa nacional"},"image":{"@id":"https:\/\/www.eldiario.net\/portal\/#\/schema\/logo\/image\/"},"sameAs":["https:\/\/www.facebook.com\/eldiario.bolivia\/","https:\/\/x.com\/eldiario_net"]},{"@type":"Person","@id":"https:\/\/www.eldiario.net\/portal\/#\/schema\/person\/cab1ae4db27e5f008a62cbffb05fbfee","name":"luis Camacho","image":{"@type":"ImageObject","inLanguage":"es","@id":"https:\/\/secure.gravatar.com\/avatar\/69ecb836b3826d5a2501bf06ab2a2f2c8ab211cc846758f395df21684cb38313?s=96&d=mm&r=g","url":"https:\/\/secure.gravatar.com\/avatar\/69ecb836b3826d5a2501bf06ab2a2f2c8ab211cc846758f395df21684cb38313?s=96&d=mm&r=g","contentUrl":"https:\/\/secure.gravatar.com\/avatar\/69ecb836b3826d5a2501bf06ab2a2f2c8ab211cc846758f395df21684cb38313?s=96&d=mm&r=g","caption":"luis Camacho"},"url":"https:\/\/www.eldiario.net\/portal\/author\/luis\/"}]}},"_links":{"self":[{"href":"https:\/\/www.eldiario.net\/portal\/wp-json\/wp\/v2\/posts\/372235","targetHints":{"allow":["GET"]}}],"collection":[{"href":"https:\/\/www.eldiario.net\/portal\/wp-json\/wp\/v2\/posts"}],"about":[{"href":"https:\/\/www.eldiario.net\/portal\/wp-json\/wp\/v2\/types\/post"}],"author":[{"embeddable":true,"href":"https:\/\/www.eldiario.net\/portal\/wp-json\/wp\/v2\/users\/2"}],"replies":[{"embeddable":true,"href":"https:\/\/www.eldiario.net\/portal\/wp-json\/wp\/v2\/comments?post=372235"}],"version-history":[{"count":1,"href":"https:\/\/www.eldiario.net\/portal\/wp-json\/wp\/v2\/posts\/372235\/revisions"}],"predecessor-version":[{"id":372237,"href":"https:\/\/www.eldiario.net\/portal\/wp-json\/wp\/v2\/posts\/372235\/revisions\/372237"}],"wp:featuredmedia":[{"embeddable":true,"href":"https:\/\/www.eldiario.net\/portal\/wp-json\/wp\/v2\/media\/372236"}],"wp:attachment":[{"href":"https:\/\/www.eldiario.net\/portal\/wp-json\/wp\/v2\/media?parent=372235"}],"wp:term":[{"taxonomy":"category","embeddable":true,"href":"https:\/\/www.eldiario.net\/portal\/wp-json\/wp\/v2\/categories?post=372235"},{"taxonomy":"post_tag","embeddable":true,"href":"https:\/\/www.eldiario.net\/portal\/wp-json\/wp\/v2\/tags?post=372235"}],"curies":[{"name":"wp","href":"https:\/\/api.w.org\/{rel}","templated":true}]}}