{"id":372232,"date":"2026-03-01T08:53:47","date_gmt":"2026-03-01T12:53:47","guid":{"rendered":"https:\/\/www.eldiario.net\/portal\/?p=372232"},"modified":"2026-03-01T08:53:47","modified_gmt":"2026-03-01T12:53:47","slug":"barcos-de-armada-arriban-a-cuba-con-ayuda-humanitaria","status":"publish","type":"post","link":"https:\/\/www.eldiario.net\/portal\/2026\/03\/01\/barcos-de-armada-arriban-a-cuba-con-ayuda-humanitaria\/","title":{"rendered":"Barcos de Armada arriban a Cuba con ayuda humanitaria"},"content":{"rendered":"<p>Dos barcos de la Armada de M\u00e9xico arribaron ayer a La Habana, el segundo env\u00edo con ayuda humanitaria en menos de un mes realizado por ese pa\u00eds en medio de una fuerte crisis econ\u00f3mica y energ\u00e9tica en Cuba.<br \/>\nLos barcos arribaron lentamente entrando al canal de la Bah\u00eda de La Habana al amanecer hasta colocarse al final en el antiguo puerto capitalino, constat\u00f3 The Associated Press.<br \/>\nEl martes, el gobierno mexicano anunci\u00f3 la salida de sus buques desde Veracruz con unas 1.193 toneladas sobre todo de alimentos.<br \/>\nEl buque Papaloapan fue cargado con 1.078 toneladas de frijol y leche en polvo, mientras que el Huasteco transporta 92 toneladas de frijol y 23 toneladas de otros alimentos, estas \u00faltimas constituyen las donaciones entregadas por organizaciones mexicanas.<br \/>\nLa vicecanciller Josefina Vidal confirm\u00f3 en su cuenta en X el arribo del primer buque y mostr\u00f3 una imagen de la entrada del primer barco en la soleada ma\u00f1ana atravesando por frente al fuerte del Morro y La Caba\u00f1a.<br \/>\nEl 12 de febrero otros dos cargamentos hab\u00edan llegado a la isla, luego de que la presidenta mexicana Claudia Sheinbaum expresara su apoyo a la isla y sus temores de una crisis humanitaria debido al cerco energ\u00e9tico impuesto por el mandatario estadounidense, Donald Trump, a la naci\u00f3n caribe\u00f1a presionando un cambio de gobierno.<br \/>\nLos productos como arroz, frijol, aceite, latas de at\u00fan y sardinas, entre otros, fueron entregados a la poblaci\u00f3n del occidente del pa\u00eds, constat\u00f3 la AP.<br \/>\nM\u00e9xico era una de los principales proveedores de petr\u00f3leo a la isla junto con Rusia y Venezuela, hasta que Trump atacara a esta \u00faltima para capturar al entonces presidente Nicol\u00e1s Maduro, un cercano aliado de Cuba.<br \/>\nR\u00e1pidamente, Trump firm\u00f3 una orden en que amenaz\u00f3 con imponer aranceles a los pa\u00edses que se atrevieran a entregar crudo a la isla, donde se produjo una semiparalizaci\u00f3n de la econom\u00eda y en todos los niveles de la vida cotidiana.<br \/>\nCuba apenas produce el 40% del combustible que necesita. Seg\u00fan expertos internacionales, Venezuela enviaba a la isla unos 35.000 barriles diarios, mientras que Rusia mandaba 7.500 barriles al d\u00eda. De enero a septiembre pasado M\u00e9xico suministr\u00f3 a Cuba 19.200 barriles diarios.<br \/>\nLas ventas de crudo mexicano a Cuba sumaron el a\u00f1o pasado 496 millones de d\u00f3lares, frente a los 367 millones de d\u00f3lares que alcanzaron las ventas en 2023. (Independent en Espa\u00f1ol)<\/p>\n<p>&nbsp;<\/p>\n","protected":false},"excerpt":{"rendered":"<p>Dos barcos de la Armada de M\u00e9xico arribaron ayer a La Habana, el segundo env\u00edo con ayuda humanitaria en menos de un mes realizado por ese pa\u00eds en medio de una fuerte crisis econ\u00f3mica y energ\u00e9tica en Cuba. Los barcos arribaron lentamente entrando al canal de la Bah\u00eda de La Habana al amanecer hasta colocarse [&hellip;]<\/p>\n","protected":false},"author":2,"featured_media":372233,"comment_status":"closed","ping_status":"open","sticky":false,"template":"","format":"standard","meta":{"_acf_changed":false,"footnotes":""},"categories":[3],"tags":[],"class_list":["post-372232","post","type-post","status-publish","format-standard","has-post-thumbnail","category-internacional"],"acf":{"antetitulo":"M\u00e9xico"},"yoast_head":"<!-- This site is optimized with the Yoast SEO plugin v28.3 - https:\/\/yoast.com\/product\/yoast-seo-wordpress\/ -->\n<title>Barcos de Armada arriban a Cuba con ayuda humanitaria - El Diario - Bolivia<\/title>\n<meta name=\"robots\" content=\"index, follow, max-snippet:-1, max-image-preview:large, max-video-preview:-1\" \/>\n<link rel=\"canonical\" href=\"https:\/\/www.eldiario.net\/portal\/2026\/03\/01\/barcos-de-armada-arriban-a-cuba-con-ayuda-humanitaria\/\" \/>\n<meta property=\"og:locale\" content=\"es_ES\" \/>\n<meta property=\"og:type\" content=\"article\" \/>\n<meta property=\"og:title\" content=\"Barcos de Armada arriban a Cuba con ayuda humanitaria - El Diario - Bolivia\" \/>\n<meta property=\"og:description\" content=\"Dos barcos de la Armada de M\u00e9xico arribaron ayer a La Habana, el segundo env\u00edo con ayuda humanitaria en menos de un mes realizado por ese pa\u00eds en medio de una fuerte crisis econ\u00f3mica y energ\u00e9tica en Cuba. Los barcos arribaron lentamente entrando al canal de la Bah\u00eda de La Habana al amanecer hasta colocarse [&hellip;]\" \/>\n<meta property=\"og:url\" content=\"https:\/\/www.eldiario.net\/portal\/2026\/03\/01\/barcos-de-armada-arriban-a-cuba-con-ayuda-humanitaria\/\" \/>\n<meta property=\"og:site_name\" content=\"El Diario - Bolivia\" \/>\n<meta property=\"article:publisher\" content=\"https:\/\/www.facebook.com\/eldiario.bolivia\/\" \/>\n<meta property=\"article:published_time\" content=\"2026-03-01T12:53:47+00:00\" \/>\n<meta property=\"og:image\" content=\"https:\/\/www.eldiario.net\/portal\/wp-content\/uploads\/2026\/03\/MEXICO.webp\" \/>\n\t<meta property=\"og:image:width\" content=\"984\" \/>\n\t<meta property=\"og:image:height\" content=\"656\" \/>\n\t<meta property=\"og:image:type\" content=\"image\/webp\" \/>\n<meta name=\"author\" content=\"luis Camacho\" \/>\n<meta name=\"twitter:card\" content=\"summary_large_image\" \/>\n<meta name=\"twitter:creator\" content=\"@eldiario_net\" \/>\n<meta name=\"twitter:site\" content=\"@eldiario_net\" \/>\n<meta name=\"twitter:label1\" content=\"Escrito por\" \/>\n\t<meta name=\"twitter:data1\" content=\"luis Camacho\" \/>\n\t<meta name=\"twitter:label2\" content=\"Tiempo de lectura\" \/>\n\t<meta name=\"twitter:data2\" content=\"2 minutos\" \/>\n<script type=\"application\/ld+json\" class=\"yoast-schema-graph\">{\"@context\":\"https:\\\/\\\/schema.org\",\"@graph\":[{\"@type\":\"Article\",\"@id\":\"https:\\\/\\\/www.eldiario.net\\\/portal\\\/2026\\\/03\\\/01\\\/barcos-de-armada-arriban-a-cuba-con-ayuda-humanitaria\\\/#article\",\"isPartOf\":{\"@id\":\"https:\\\/\\\/www.eldiario.net\\\/portal\\\/2026\\\/03\\\/01\\\/barcos-de-armada-arriban-a-cuba-con-ayuda-humanitaria\\\/\"},\"author\":{\"name\":\"luis Camacho\",\"@id\":\"https:\\\/\\\/www.eldiario.net\\\/portal\\\/#\\\/schema\\\/person\\\/cab1ae4db27e5f008a62cbffb05fbfee\"},\"headline\":\"Barcos de Armada arriban a Cuba con ayuda humanitaria\",\"datePublished\":\"2026-03-01T12:53:47+00:00\",\"mainEntityOfPage\":{\"@id\":\"https:\\\/\\\/www.eldiario.net\\\/portal\\\/2026\\\/03\\\/01\\\/barcos-de-armada-arriban-a-cuba-con-ayuda-humanitaria\\\/\"},\"wordCount\":417,\"publisher\":{\"@id\":\"https:\\\/\\\/www.eldiario.net\\\/portal\\\/#organization\"},\"image\":{\"@id\":\"https:\\\/\\\/www.eldiario.net\\\/portal\\\/2026\\\/03\\\/01\\\/barcos-de-armada-arriban-a-cuba-con-ayuda-humanitaria\\\/#primaryimage\"},\"thumbnailUrl\":\"https:\\\/\\\/www.eldiario.net\\\/portal\\\/wp-content\\\/uploads\\\/2026\\\/03\\\/MEXICO.webp\",\"articleSection\":[\"Internacional\"],\"inLanguage\":\"es\"},{\"@type\":\"WebPage\",\"@id\":\"https:\\\/\\\/www.eldiario.net\\\/portal\\\/2026\\\/03\\\/01\\\/barcos-de-armada-arriban-a-cuba-con-ayuda-humanitaria\\\/\",\"url\":\"https:\\\/\\\/www.eldiario.net\\\/portal\\\/2026\\\/03\\\/01\\\/barcos-de-armada-arriban-a-cuba-con-ayuda-humanitaria\\\/\",\"name\":\"Barcos de Armada arriban a Cuba con ayuda humanitaria - El Diario - Bolivia\",\"isPartOf\":{\"@id\":\"https:\\\/\\\/www.eldiario.net\\\/portal\\\/#website\"},\"primaryImageOfPage\":{\"@id\":\"https:\\\/\\\/www.eldiario.net\\\/portal\\\/2026\\\/03\\\/01\\\/barcos-de-armada-arriban-a-cuba-con-ayuda-humanitaria\\\/#primaryimage\"},\"image\":{\"@id\":\"https:\\\/\\\/www.eldiario.net\\\/portal\\\/2026\\\/03\\\/01\\\/barcos-de-armada-arriban-a-cuba-con-ayuda-humanitaria\\\/#primaryimage\"},\"thumbnailUrl\":\"https:\\\/\\\/www.eldiario.net\\\/portal\\\/wp-content\\\/uploads\\\/2026\\\/03\\\/MEXICO.webp\",\"datePublished\":\"2026-03-01T12:53:47+00:00\",\"breadcrumb\":{\"@id\":\"https:\\\/\\\/www.eldiario.net\\\/portal\\\/2026\\\/03\\\/01\\\/barcos-de-armada-arriban-a-cuba-con-ayuda-humanitaria\\\/#breadcrumb\"},\"inLanguage\":\"es\",\"potentialAction\":[{\"@type\":\"ReadAction\",\"target\":[\"https:\\\/\\\/www.eldiario.net\\\/portal\\\/2026\\\/03\\\/01\\\/barcos-de-armada-arriban-a-cuba-con-ayuda-humanitaria\\\/\"]}]},{\"@type\":\"ImageObject\",\"inLanguage\":\"es\",\"@id\":\"https:\\\/\\\/www.eldiario.net\\\/portal\\\/2026\\\/03\\\/01\\\/barcos-de-armada-arriban-a-cuba-con-ayuda-humanitaria\\\/#primaryimage\",\"url\":\"https:\\\/\\\/www.eldiario.net\\\/portal\\\/wp-content\\\/uploads\\\/2026\\\/03\\\/MEXICO.webp\",\"contentUrl\":\"https:\\\/\\\/www.eldiario.net\\\/portal\\\/wp-content\\\/uploads\\\/2026\\\/03\\\/MEXICO.webp\",\"width\":984,\"height\":656,\"caption\":\"Barcos de Armada mexicana llegan a Cuba con ayuda humanitaria.\"},{\"@type\":\"BreadcrumbList\",\"@id\":\"https:\\\/\\\/www.eldiario.net\\\/portal\\\/2026\\\/03\\\/01\\\/barcos-de-armada-arriban-a-cuba-con-ayuda-humanitaria\\\/#breadcrumb\",\"itemListElement\":[{\"@type\":\"ListItem\",\"position\":1,\"name\":\"Portada\",\"item\":\"https:\\\/\\\/www.eldiario.net\\\/portal\\\/\"},{\"@type\":\"ListItem\",\"position\":2,\"name\":\"Barcos de Armada arriban a Cuba con ayuda humanitaria\"}]},{\"@type\":\"WebSite\",\"@id\":\"https:\\\/\\\/www.eldiario.net\\\/portal\\\/#website\",\"url\":\"https:\\\/\\\/www.eldiario.net\\\/portal\\\/\",\"name\":\"El Diario - Decano de la prensa nacional\",\"description\":\"El Diario - Decano de la prensa nacional\",\"publisher\":{\"@id\":\"https:\\\/\\\/www.eldiario.net\\\/portal\\\/#organization\"},\"potentialAction\":[{\"@type\":\"SearchAction\",\"target\":{\"@type\":\"EntryPoint\",\"urlTemplate\":\"https:\\\/\\\/www.eldiario.net\\\/portal\\\/?s={search_term_string}\"},\"query-input\":{\"@type\":\"PropertyValueSpecification\",\"valueRequired\":true,\"valueName\":\"search_term_string\"}}],\"inLanguage\":\"es\"},{\"@type\":\"Organization\",\"@id\":\"https:\\\/\\\/www.eldiario.net\\\/portal\\\/#organization\",\"name\":\"El Diario - Decano de la prensa nacional\",\"url\":\"https:\\\/\\\/www.eldiario.net\\\/portal\\\/\",\"logo\":{\"@type\":\"ImageObject\",\"inLanguage\":\"es\",\"@id\":\"https:\\\/\\\/www.eldiario.net\\\/portal\\\/#\\\/schema\\\/logo\\\/image\\\/\",\"url\":\"https:\\\/\\\/www.eldiario.net\\\/portal\\\/wp-content\\\/uploads\\\/2023\\\/07\\\/logo_ED.jpg\",\"contentUrl\":\"https:\\\/\\\/www.eldiario.net\\\/portal\\\/wp-content\\\/uploads\\\/2023\\\/07\\\/logo_ED.jpg\",\"width\":272,\"height\":52,\"caption\":\"El Diario - Decano de la prensa nacional\"},\"image\":{\"@id\":\"https:\\\/\\\/www.eldiario.net\\\/portal\\\/#\\\/schema\\\/logo\\\/image\\\/\"},\"sameAs\":[\"https:\\\/\\\/www.facebook.com\\\/eldiario.bolivia\\\/\",\"https:\\\/\\\/x.com\\\/eldiario_net\"]},{\"@type\":\"Person\",\"@id\":\"https:\\\/\\\/www.eldiario.net\\\/portal\\\/#\\\/schema\\\/person\\\/cab1ae4db27e5f008a62cbffb05fbfee\",\"name\":\"luis Camacho\",\"image\":{\"@type\":\"ImageObject\",\"inLanguage\":\"es\",\"@id\":\"https:\\\/\\\/secure.gravatar.com\\\/avatar\\\/69ecb836b3826d5a2501bf06ab2a2f2c8ab211cc846758f395df21684cb38313?s=96&d=mm&r=g\",\"url\":\"https:\\\/\\\/secure.gravatar.com\\\/avatar\\\/69ecb836b3826d5a2501bf06ab2a2f2c8ab211cc846758f395df21684cb38313?s=96&d=mm&r=g\",\"contentUrl\":\"https:\\\/\\\/secure.gravatar.com\\\/avatar\\\/69ecb836b3826d5a2501bf06ab2a2f2c8ab211cc846758f395df21684cb38313?s=96&d=mm&r=g\",\"caption\":\"luis Camacho\"},\"url\":\"https:\\\/\\\/www.eldiario.net\\\/portal\\\/author\\\/luis\\\/\"}]}<\/script>\n<!-- \/ Yoast SEO plugin. -->","yoast_head_json":{"title":"Barcos de Armada arriban a Cuba con ayuda humanitaria - El Diario - Bolivia","robots":{"index":"index","follow":"follow","max-snippet":"max-snippet:-1","max-image-preview":"max-image-preview:large","max-video-preview":"max-video-preview:-1"},"canonical":"https:\/\/www.eldiario.net\/portal\/2026\/03\/01\/barcos-de-armada-arriban-a-cuba-con-ayuda-humanitaria\/","og_locale":"es_ES","og_type":"article","og_title":"Barcos de Armada arriban a Cuba con ayuda humanitaria - El Diario - Bolivia","og_description":"Dos barcos de la Armada de M\u00e9xico arribaron ayer a La Habana, el segundo env\u00edo con ayuda humanitaria en menos de un mes realizado por ese pa\u00eds en medio de una fuerte crisis econ\u00f3mica y energ\u00e9tica en Cuba. Los barcos arribaron lentamente entrando al canal de la Bah\u00eda de La Habana al amanecer hasta colocarse [&hellip;]","og_url":"https:\/\/www.eldiario.net\/portal\/2026\/03\/01\/barcos-de-armada-arriban-a-cuba-con-ayuda-humanitaria\/","og_site_name":"El Diario - Bolivia","article_publisher":"https:\/\/www.facebook.com\/eldiario.bolivia\/","article_published_time":"2026-03-01T12:53:47+00:00","og_image":[{"width":984,"height":656,"url":"https:\/\/www.eldiario.net\/portal\/wp-content\/uploads\/2026\/03\/MEXICO.webp","type":"image\/webp"}],"author":"luis Camacho","twitter_card":"summary_large_image","twitter_creator":"@eldiario_net","twitter_site":"@eldiario_net","twitter_misc":{"Escrito por":"luis Camacho","Tiempo de lectura":"2 minutos"},"schema":{"@context":"https:\/\/schema.org","@graph":[{"@type":"Article","@id":"https:\/\/www.eldiario.net\/portal\/2026\/03\/01\/barcos-de-armada-arriban-a-cuba-con-ayuda-humanitaria\/#article","isPartOf":{"@id":"https:\/\/www.eldiario.net\/portal\/2026\/03\/01\/barcos-de-armada-arriban-a-cuba-con-ayuda-humanitaria\/"},"author":{"name":"luis Camacho","@id":"https:\/\/www.eldiario.net\/portal\/#\/schema\/person\/cab1ae4db27e5f008a62cbffb05fbfee"},"headline":"Barcos de Armada arriban a Cuba con ayuda humanitaria","datePublished":"2026-03-01T12:53:47+00:00","mainEntityOfPage":{"@id":"https:\/\/www.eldiario.net\/portal\/2026\/03\/01\/barcos-de-armada-arriban-a-cuba-con-ayuda-humanitaria\/"},"wordCount":417,"publisher":{"@id":"https:\/\/www.eldiario.net\/portal\/#organization"},"image":{"@id":"https:\/\/www.eldiario.net\/portal\/2026\/03\/01\/barcos-de-armada-arriban-a-cuba-con-ayuda-humanitaria\/#primaryimage"},"thumbnailUrl":"https:\/\/www.eldiario.net\/portal\/wp-content\/uploads\/2026\/03\/MEXICO.webp","articleSection":["Internacional"],"inLanguage":"es"},{"@type":"WebPage","@id":"https:\/\/www.eldiario.net\/portal\/2026\/03\/01\/barcos-de-armada-arriban-a-cuba-con-ayuda-humanitaria\/","url":"https:\/\/www.eldiario.net\/portal\/2026\/03\/01\/barcos-de-armada-arriban-a-cuba-con-ayuda-humanitaria\/","name":"Barcos de Armada arriban a Cuba con ayuda humanitaria - El Diario - Bolivia","isPartOf":{"@id":"https:\/\/www.eldiario.net\/portal\/#website"},"primaryImageOfPage":{"@id":"https:\/\/www.eldiario.net\/portal\/2026\/03\/01\/barcos-de-armada-arriban-a-cuba-con-ayuda-humanitaria\/#primaryimage"},"image":{"@id":"https:\/\/www.eldiario.net\/portal\/2026\/03\/01\/barcos-de-armada-arriban-a-cuba-con-ayuda-humanitaria\/#primaryimage"},"thumbnailUrl":"https:\/\/www.eldiario.net\/portal\/wp-content\/uploads\/2026\/03\/MEXICO.webp","datePublished":"2026-03-01T12:53:47+00:00","breadcrumb":{"@id":"https:\/\/www.eldiario.net\/portal\/2026\/03\/01\/barcos-de-armada-arriban-a-cuba-con-ayuda-humanitaria\/#breadcrumb"},"inLanguage":"es","potentialAction":[{"@type":"ReadAction","target":["https:\/\/www.eldiario.net\/portal\/2026\/03\/01\/barcos-de-armada-arriban-a-cuba-con-ayuda-humanitaria\/"]}]},{"@type":"ImageObject","inLanguage":"es","@id":"https:\/\/www.eldiario.net\/portal\/2026\/03\/01\/barcos-de-armada-arriban-a-cuba-con-ayuda-humanitaria\/#primaryimage","url":"https:\/\/www.eldiario.net\/portal\/wp-content\/uploads\/2026\/03\/MEXICO.webp","contentUrl":"https:\/\/www.eldiario.net\/portal\/wp-content\/uploads\/2026\/03\/MEXICO.webp","width":984,"height":656,"caption":"Barcos de Armada mexicana llegan a Cuba con ayuda humanitaria."},{"@type":"BreadcrumbList","@id":"https:\/\/www.eldiario.net\/portal\/2026\/03\/01\/barcos-de-armada-arriban-a-cuba-con-ayuda-humanitaria\/#breadcrumb","itemListElement":[{"@type":"ListItem","position":1,"name":"Portada","item":"https:\/\/www.eldiario.net\/portal\/"},{"@type":"ListItem","position":2,"name":"Barcos de Armada arriban a Cuba con ayuda humanitaria"}]},{"@type":"WebSite","@id":"https:\/\/www.eldiario.net\/portal\/#website","url":"https:\/\/www.eldiario.net\/portal\/","name":"El Diario - Decano de la prensa nacional","description":"El Diario - Decano de la prensa nacional","publisher":{"@id":"https:\/\/www.eldiario.net\/portal\/#organization"},"potentialAction":[{"@type":"SearchAction","target":{"@type":"EntryPoint","urlTemplate":"https:\/\/www.eldiario.net\/portal\/?s={search_term_string}"},"query-input":{"@type":"PropertyValueSpecification","valueRequired":true,"valueName":"search_term_string"}}],"inLanguage":"es"},{"@type":"Organization","@id":"https:\/\/www.eldiario.net\/portal\/#organization","name":"El Diario - Decano de la prensa nacional","url":"https:\/\/www.eldiario.net\/portal\/","logo":{"@type":"ImageObject","inLanguage":"es","@id":"https:\/\/www.eldiario.net\/portal\/#\/schema\/logo\/image\/","url":"https:\/\/www.eldiario.net\/portal\/wp-content\/uploads\/2023\/07\/logo_ED.jpg","contentUrl":"https:\/\/www.eldiario.net\/portal\/wp-content\/uploads\/2023\/07\/logo_ED.jpg","width":272,"height":52,"caption":"El Diario - Decano de la prensa nacional"},"image":{"@id":"https:\/\/www.eldiario.net\/portal\/#\/schema\/logo\/image\/"},"sameAs":["https:\/\/www.facebook.com\/eldiario.bolivia\/","https:\/\/x.com\/eldiario_net"]},{"@type":"Person","@id":"https:\/\/www.eldiario.net\/portal\/#\/schema\/person\/cab1ae4db27e5f008a62cbffb05fbfee","name":"luis Camacho","image":{"@type":"ImageObject","inLanguage":"es","@id":"https:\/\/secure.gravatar.com\/avatar\/69ecb836b3826d5a2501bf06ab2a2f2c8ab211cc846758f395df21684cb38313?s=96&d=mm&r=g","url":"https:\/\/secure.gravatar.com\/avatar\/69ecb836b3826d5a2501bf06ab2a2f2c8ab211cc846758f395df21684cb38313?s=96&d=mm&r=g","contentUrl":"https:\/\/secure.gravatar.com\/avatar\/69ecb836b3826d5a2501bf06ab2a2f2c8ab211cc846758f395df21684cb38313?s=96&d=mm&r=g","caption":"luis Camacho"},"url":"https:\/\/www.eldiario.net\/portal\/author\/luis\/"}]}},"_links":{"self":[{"href":"https:\/\/www.eldiario.net\/portal\/wp-json\/wp\/v2\/posts\/372232","targetHints":{"allow":["GET"]}}],"collection":[{"href":"https:\/\/www.eldiario.net\/portal\/wp-json\/wp\/v2\/posts"}],"about":[{"href":"https:\/\/www.eldiario.net\/portal\/wp-json\/wp\/v2\/types\/post"}],"author":[{"embeddable":true,"href":"https:\/\/www.eldiario.net\/portal\/wp-json\/wp\/v2\/users\/2"}],"replies":[{"embeddable":true,"href":"https:\/\/www.eldiario.net\/portal\/wp-json\/wp\/v2\/comments?post=372232"}],"version-history":[{"count":1,"href":"https:\/\/www.eldiario.net\/portal\/wp-json\/wp\/v2\/posts\/372232\/revisions"}],"predecessor-version":[{"id":372234,"href":"https:\/\/www.eldiario.net\/portal\/wp-json\/wp\/v2\/posts\/372232\/revisions\/372234"}],"wp:featuredmedia":[{"embeddable":true,"href":"https:\/\/www.eldiario.net\/portal\/wp-json\/wp\/v2\/media\/372233"}],"wp:attachment":[{"href":"https:\/\/www.eldiario.net\/portal\/wp-json\/wp\/v2\/media?parent=372232"}],"wp:term":[{"taxonomy":"category","embeddable":true,"href":"https:\/\/www.eldiario.net\/portal\/wp-json\/wp\/v2\/categories?post=372232"},{"taxonomy":"post_tag","embeddable":true,"href":"https:\/\/www.eldiario.net\/portal\/wp-json\/wp\/v2\/tags?post=372232"}],"curies":[{"name":"wp","href":"https:\/\/api.w.org\/{rel}","templated":true}]}}