{"id":372229,"date":"2026-03-01T08:50:15","date_gmt":"2026-03-01T12:50:15","guid":{"rendered":"https:\/\/www.eldiario.net\/portal\/?p=372229"},"modified":"2026-03-01T08:50:15","modified_gmt":"2026-03-01T12:50:15","slug":"trump-anuncia-deceso-del-lider-ali-jamenei-en-iran","status":"publish","type":"post","link":"https:\/\/www.eldiario.net\/portal\/2026\/03\/01\/trump-anuncia-deceso-del-lider-ali-jamenei-en-iran\/","title":{"rendered":"Trump anuncia deceso del l\u00edder Al\u00ed Jamenei en Ir\u00e1n"},"content":{"rendered":"<p>El l\u00edder supremo de Ir\u00e1n, Al\u00ed Jamenei, falleci\u00f3 en la oleada de ataques lanzada ayer sobre Ir\u00e1n por Estados Unidos e Israel, seg\u00fan el presidente estadounidense Donald Trump, quien anunci\u00f3 la muerte de \u201cuna de las personas m\u00e1s malvadas de la historia mundial\u201d. Una noticia confirmada posteriormente por la televisi\u00f3n p\u00fablica iran\u00ed que ratific\u00f3 el fallecimiento de su gu\u00eda espiritual en los bombardeos contra la Rep\u00fablica Isl\u00e1mica.<br \/>\n\u201cNo s\u00f3lo se hace justicia con el pueblo de Ir\u00e1n, sino con todos los grandes estadounidenses y las personas de muchos pa\u00edses del mundo que han sido asesinados o mutilados por Jamenei y su banda de sangrientos matones\u201d, sostuvo Trump, que no ocult\u00f3 su deseo de que haya un cambio de r\u00e9gimen en Ir\u00e1n.<br \/>\nCree que \u201ces la mayor oportunidad para que el pueblo iran\u00ed recupere el pa\u00eds\u201d y sugiri\u00f3 que los principales estamentos de seguridad, incluida la Guardia Revolucionaria, \u201cya no quieren luchar\u201d y buscan ahora \u201cinmunidad\u201d. \u201cEsperemos que la Guardia Revolucionaria y a Polic\u00eda se unan en paz con los patriotas iran\u00edes y trabajen para devolver al pa\u00eds la grandeza que se merece\u201d.<br \/>\nMientras tanto, el mandatario estadounidense no contempla parar la ola de ataques, ya que seguir\u00e1n \u201cmientras sea necesario\u201d hasta lograr el \u201cobjetivo\u201d final: \u201cla paz en todo Oriente Pr\u00f3ximo y en el mundo\u201d.<br \/>\nLas Fuerzas de Defensa de Israel divulgaron una lista oficial de bajas que no inclu\u00eda al l\u00edder supremo iran\u00ed, pero s\u00ed a otros siete altos mandos, entre ellos el jefe de la Guardia Revolucionaria, Mohammad Pakpour, el ministro de Defensa, Aziz Nasirzadeh, y el asesor para asuntos de seguridad Al\u00ed Shamjani.<\/p>\n<p>\u201cACABAR EL TRABAJO\u201d<br \/>\nEl primer ministro israel\u00ed, Benjam\u00edn Netanyahu, ya hab\u00eda aludido previamente a supuestos \u201cindicios\u201d que dar\u00edan a Jamenei por muerto, despu\u00e9s de que medios iran\u00edes avanzasen durante el d\u00eda un posible discurso a la naci\u00f3n que no lleg\u00f3 a producirse. Seg\u00fan Netanyahu, Jamenei, de 86 a\u00f1os, \u201cya no est\u00e1\u201d, despu\u00e9s de que su complejo fuese uno de los principales objetivos de esta cascada de ataques que no concluy\u00f3.<br \/>\n\u201cDurante tres d\u00e9cadas y media, este cruel tirano ha exportado el terrorismo por todo el mundo y trabajando incansablemente, sin cesar, para destruir Israel\u201d, agreg\u00f3 Netanyahu, que se dirigi\u00f3 expresamente a los ciudadanos iran\u00edes para que terminen de \u201cliberarse de las cadenas de la tiran\u00eda\u201d y aprovechen la \u201coportunidad\u201d. \u201cCuando llegue el momento\u201d, tendr\u00e1n que volver a salir \u201cen masa\u201d a las calles y \u201cacabar el trabajo\u201d, seg\u00fan el dirigente israel\u00ed.<br \/>\nPor su parte el hijo del \u00faltimo sha, Reza Pahlav\u00ed, celebr\u00f3 en redes sociales la muerte del \u201ctirano sanguinario\u201d Jamenei y subray\u00f3 que, con su desaparici\u00f3n, \u201cla Rep\u00fablica Isl\u00e1mica ha llegado a su fin y pronto quedar\u00e1 relegada al olvido\u201d, dando por hecho que fracasar\u00e1 cualquier esfuerzo interno por la sucesi\u00f3n. En este sentido, inst\u00f3 a instituciones y fuerzas de seguridad a asumir este final y \u201cunirse a la naci\u00f3n\u201d en una transici\u00f3n pol\u00edtica.<\/p>\n<p>CELEBRACIONES<br \/>\nSi Israel sembr\u00f3 dudas durante todo el d\u00eda, Ir\u00e1n se esforz\u00f3 por despejarlas hasta el final. A \u00faltima hora del d\u00eda, el principal portavoz del Ministerio de Exteriores de Ir\u00e1n, Esmail Baghaei, voz recurrente del r\u00e9gimen, asegur\u00f3 en declaraciones a la cadena brit\u00e1nica BBC que no puede \u201cconfirmar\u201d si el l\u00edder supremo sigue con vida, ni tampoco su paradero, aunque en otra entrevista a ABC News anunci\u00f3 que est\u00e1 \u201csano y salvo\u201d.<br \/>\nEl principal asesor de seguridad de Jamenei, Ali Larijani, asegur\u00f3 que Ir\u00e1n har\u00e1 que Israel y Estados Unidos \u201clamenten sus acciones\u201d. \u201cLos valientes soldados y la gran naci\u00f3n de Ir\u00e1n dar\u00e1n a los diab\u00f3licos represores internacionales una lecci\u00f3n que no olvidar\u00e1n\u201d, proclam\u00f3 en la red social X, justo cuando los medios israel\u00edes empezaban ya a dar por fallecido al l\u00edder.<br \/>\nEn las calles de Teher\u00e1n, entretanto, se escucharon gritos de personas que desde sus ventanas o en las calles corean que \u201cJamenei ha muerto\u201d, como pudo constatar la agencia Efe. Junto a estas consignas se cuelan otras que alaban al r\u00e9gimen del sha, derrocado en 1979.<\/p>\n<p>\u00bfC\u00d3MO ELEGIR\u00c1N AL SUCESOR?<br \/>\nEl Ir\u00e1n construido tras el triunfo de la Rep\u00fablica Isl\u00e1mica en 1979 s\u00f3lo conoce dos l\u00edderes. Ruhola Jomeini ocup\u00f3 el principal sill\u00f3n del r\u00e9gimen hasta su muerte en 1989, a\u00f1o en el que Al\u00ed Jamenei se puso al frente de los ayatol\u00e1s y de un pa\u00eds que ahora observa con una mezcla de cautela e incertidumbre su propio futuro. \u00bfQu\u00e9 hay despu\u00e9s de Jamene\u00ed?<br \/>\nSeg\u00fan la Constituci\u00f3n iran\u00ed, la elecci\u00f3n del pr\u00f3ximo l\u00edder corresponde a la Asamblea de Expertos, un \u00f3rgano compuesto por 88 cl\u00e9rigos elegidos mediante votaci\u00f3n pero con un sistema que concede un particular filtro al Consejo de los Guardianes, dependiente de Jamenei y con capacidad para vetar a candidatos. En los comicios de 2024, de hecho, s\u00f3lo salieron elegidas figuras leales al difunto l\u00edder supremo.<br \/>\nHasta la designaci\u00f3n de un sucesor, un consejo tripartito asume temporalmente las competencias del l\u00edder supremo. El poder se lo reparten de manera temporal el presidente, el jefe del aparato judicial y uno de los 12 miembros del Consejo de los Guardianes. (RTVE)<\/p>\n<p>&nbsp;<\/p>\n","protected":false},"excerpt":{"rendered":"<p>El l\u00edder supremo de Ir\u00e1n, Al\u00ed Jamenei, falleci\u00f3 en la oleada de ataques lanzada ayer sobre Ir\u00e1n por Estados Unidos e Israel, seg\u00fan el presidente estadounidense Donald Trump, quien anunci\u00f3 la muerte de \u201cuna de las personas m\u00e1s malvadas de la historia mundial\u201d. Una noticia confirmada posteriormente por la televisi\u00f3n p\u00fablica iran\u00ed que ratific\u00f3 el [&hellip;]<\/p>\n","protected":false},"author":2,"featured_media":372230,"comment_status":"closed","ping_status":"open","sticky":false,"template":"","format":"standard","meta":{"_acf_changed":false,"footnotes":""},"categories":[3],"tags":[],"class_list":["post-372229","post","type-post","status-publish","format-standard","has-post-thumbnail","category-internacional"],"acf":{"antetitulo":""},"yoast_head":"<!-- This site is optimized with the Yoast SEO plugin v28.3 - https:\/\/yoast.com\/product\/yoast-seo-wordpress\/ -->\n<title>Trump anuncia deceso del l\u00edder Al\u00ed Jamenei en Ir\u00e1n - El Diario - Bolivia<\/title>\n<meta name=\"robots\" content=\"index, follow, max-snippet:-1, max-image-preview:large, max-video-preview:-1\" \/>\n<link rel=\"canonical\" href=\"https:\/\/www.eldiario.net\/portal\/2026\/03\/01\/trump-anuncia-deceso-del-lider-ali-jamenei-en-iran\/\" \/>\n<meta property=\"og:locale\" content=\"es_ES\" \/>\n<meta property=\"og:type\" content=\"article\" \/>\n<meta property=\"og:title\" content=\"Trump anuncia deceso del l\u00edder Al\u00ed Jamenei en Ir\u00e1n - El Diario - Bolivia\" \/>\n<meta property=\"og:description\" content=\"El l\u00edder supremo de Ir\u00e1n, Al\u00ed Jamenei, falleci\u00f3 en la oleada de ataques lanzada ayer sobre Ir\u00e1n por Estados Unidos e Israel, seg\u00fan el presidente estadounidense Donald Trump, quien anunci\u00f3 la muerte de \u201cuna de las personas m\u00e1s malvadas de la historia mundial\u201d. Una noticia confirmada posteriormente por la televisi\u00f3n p\u00fablica iran\u00ed que ratific\u00f3 el [&hellip;]\" \/>\n<meta property=\"og:url\" content=\"https:\/\/www.eldiario.net\/portal\/2026\/03\/01\/trump-anuncia-deceso-del-lider-ali-jamenei-en-iran\/\" \/>\n<meta property=\"og:site_name\" content=\"El Diario - Bolivia\" \/>\n<meta property=\"article:publisher\" content=\"https:\/\/www.facebook.com\/eldiario.bolivia\/\" \/>\n<meta property=\"article:published_time\" content=\"2026-03-01T12:50:15+00:00\" \/>\n<meta property=\"og:image\" content=\"https:\/\/www.eldiario.net\/portal\/wp-content\/uploads\/2026\/03\/IRAN-El-Mundo-copia.webp\" \/>\n\t<meta property=\"og:image:width\" content=\"1000\" \/>\n\t<meta property=\"og:image:height\" content=\"667\" \/>\n\t<meta property=\"og:image:type\" content=\"image\/webp\" \/>\n<meta name=\"author\" content=\"luis Camacho\" \/>\n<meta name=\"twitter:card\" content=\"summary_large_image\" \/>\n<meta name=\"twitter:creator\" content=\"@eldiario_net\" \/>\n<meta name=\"twitter:site\" content=\"@eldiario_net\" \/>\n<meta name=\"twitter:label1\" content=\"Escrito por\" \/>\n\t<meta name=\"twitter:data1\" content=\"luis Camacho\" \/>\n\t<meta name=\"twitter:label2\" content=\"Tiempo de lectura\" \/>\n\t<meta name=\"twitter:data2\" content=\"5 minutos\" \/>\n<script type=\"application\/ld+json\" class=\"yoast-schema-graph\">{\"@context\":\"https:\\\/\\\/schema.org\",\"@graph\":[{\"@type\":\"Article\",\"@id\":\"https:\\\/\\\/www.eldiario.net\\\/portal\\\/2026\\\/03\\\/01\\\/trump-anuncia-deceso-del-lider-ali-jamenei-en-iran\\\/#article\",\"isPartOf\":{\"@id\":\"https:\\\/\\\/www.eldiario.net\\\/portal\\\/2026\\\/03\\\/01\\\/trump-anuncia-deceso-del-lider-ali-jamenei-en-iran\\\/\"},\"author\":{\"name\":\"luis Camacho\",\"@id\":\"https:\\\/\\\/www.eldiario.net\\\/portal\\\/#\\\/schema\\\/person\\\/cab1ae4db27e5f008a62cbffb05fbfee\"},\"headline\":\"Trump anuncia deceso del l\u00edder Al\u00ed Jamenei en Ir\u00e1n\",\"datePublished\":\"2026-03-01T12:50:15+00:00\",\"mainEntityOfPage\":{\"@id\":\"https:\\\/\\\/www.eldiario.net\\\/portal\\\/2026\\\/03\\\/01\\\/trump-anuncia-deceso-del-lider-ali-jamenei-en-iran\\\/\"},\"wordCount\":927,\"publisher\":{\"@id\":\"https:\\\/\\\/www.eldiario.net\\\/portal\\\/#organization\"},\"image\":{\"@id\":\"https:\\\/\\\/www.eldiario.net\\\/portal\\\/2026\\\/03\\\/01\\\/trump-anuncia-deceso-del-lider-ali-jamenei-en-iran\\\/#primaryimage\"},\"thumbnailUrl\":\"https:\\\/\\\/www.eldiario.net\\\/portal\\\/wp-content\\\/uploads\\\/2026\\\/03\\\/IRAN-El-Mundo-copia.webp\",\"articleSection\":[\"Internacional\"],\"inLanguage\":\"es\"},{\"@type\":\"WebPage\",\"@id\":\"https:\\\/\\\/www.eldiario.net\\\/portal\\\/2026\\\/03\\\/01\\\/trump-anuncia-deceso-del-lider-ali-jamenei-en-iran\\\/\",\"url\":\"https:\\\/\\\/www.eldiario.net\\\/portal\\\/2026\\\/03\\\/01\\\/trump-anuncia-deceso-del-lider-ali-jamenei-en-iran\\\/\",\"name\":\"Trump anuncia deceso del l\u00edder Al\u00ed Jamenei en Ir\u00e1n - El Diario - Bolivia\",\"isPartOf\":{\"@id\":\"https:\\\/\\\/www.eldiario.net\\\/portal\\\/#website\"},\"primaryImageOfPage\":{\"@id\":\"https:\\\/\\\/www.eldiario.net\\\/portal\\\/2026\\\/03\\\/01\\\/trump-anuncia-deceso-del-lider-ali-jamenei-en-iran\\\/#primaryimage\"},\"image\":{\"@id\":\"https:\\\/\\\/www.eldiario.net\\\/portal\\\/2026\\\/03\\\/01\\\/trump-anuncia-deceso-del-lider-ali-jamenei-en-iran\\\/#primaryimage\"},\"thumbnailUrl\":\"https:\\\/\\\/www.eldiario.net\\\/portal\\\/wp-content\\\/uploads\\\/2026\\\/03\\\/IRAN-El-Mundo-copia.webp\",\"datePublished\":\"2026-03-01T12:50:15+00:00\",\"breadcrumb\":{\"@id\":\"https:\\\/\\\/www.eldiario.net\\\/portal\\\/2026\\\/03\\\/01\\\/trump-anuncia-deceso-del-lider-ali-jamenei-en-iran\\\/#breadcrumb\"},\"inLanguage\":\"es\",\"potentialAction\":[{\"@type\":\"ReadAction\",\"target\":[\"https:\\\/\\\/www.eldiario.net\\\/portal\\\/2026\\\/03\\\/01\\\/trump-anuncia-deceso-del-lider-ali-jamenei-en-iran\\\/\"]}]},{\"@type\":\"ImageObject\",\"inLanguage\":\"es\",\"@id\":\"https:\\\/\\\/www.eldiario.net\\\/portal\\\/2026\\\/03\\\/01\\\/trump-anuncia-deceso-del-lider-ali-jamenei-en-iran\\\/#primaryimage\",\"url\":\"https:\\\/\\\/www.eldiario.net\\\/portal\\\/wp-content\\\/uploads\\\/2026\\\/03\\\/IRAN-El-Mundo-copia.webp\",\"contentUrl\":\"https:\\\/\\\/www.eldiario.net\\\/portal\\\/wp-content\\\/uploads\\\/2026\\\/03\\\/IRAN-El-Mundo-copia.webp\",\"width\":1000,\"height\":667,\"caption\":\"El l\u00edder supremo iran\u00ed, Al\u00ed Jamene\u00ed.\"},{\"@type\":\"BreadcrumbList\",\"@id\":\"https:\\\/\\\/www.eldiario.net\\\/portal\\\/2026\\\/03\\\/01\\\/trump-anuncia-deceso-del-lider-ali-jamenei-en-iran\\\/#breadcrumb\",\"itemListElement\":[{\"@type\":\"ListItem\",\"position\":1,\"name\":\"Portada\",\"item\":\"https:\\\/\\\/www.eldiario.net\\\/portal\\\/\"},{\"@type\":\"ListItem\",\"position\":2,\"name\":\"Trump anuncia deceso del l\u00edder Al\u00ed Jamenei en Ir\u00e1n\"}]},{\"@type\":\"WebSite\",\"@id\":\"https:\\\/\\\/www.eldiario.net\\\/portal\\\/#website\",\"url\":\"https:\\\/\\\/www.eldiario.net\\\/portal\\\/\",\"name\":\"El Diario - Decano de la prensa nacional\",\"description\":\"El Diario - Decano de la prensa nacional\",\"publisher\":{\"@id\":\"https:\\\/\\\/www.eldiario.net\\\/portal\\\/#organization\"},\"potentialAction\":[{\"@type\":\"SearchAction\",\"target\":{\"@type\":\"EntryPoint\",\"urlTemplate\":\"https:\\\/\\\/www.eldiario.net\\\/portal\\\/?s={search_term_string}\"},\"query-input\":{\"@type\":\"PropertyValueSpecification\",\"valueRequired\":true,\"valueName\":\"search_term_string\"}}],\"inLanguage\":\"es\"},{\"@type\":\"Organization\",\"@id\":\"https:\\\/\\\/www.eldiario.net\\\/portal\\\/#organization\",\"name\":\"El Diario - Decano de la prensa nacional\",\"url\":\"https:\\\/\\\/www.eldiario.net\\\/portal\\\/\",\"logo\":{\"@type\":\"ImageObject\",\"inLanguage\":\"es\",\"@id\":\"https:\\\/\\\/www.eldiario.net\\\/portal\\\/#\\\/schema\\\/logo\\\/image\\\/\",\"url\":\"https:\\\/\\\/www.eldiario.net\\\/portal\\\/wp-content\\\/uploads\\\/2023\\\/07\\\/logo_ED.jpg\",\"contentUrl\":\"https:\\\/\\\/www.eldiario.net\\\/portal\\\/wp-content\\\/uploads\\\/2023\\\/07\\\/logo_ED.jpg\",\"width\":272,\"height\":52,\"caption\":\"El Diario - Decano de la prensa nacional\"},\"image\":{\"@id\":\"https:\\\/\\\/www.eldiario.net\\\/portal\\\/#\\\/schema\\\/logo\\\/image\\\/\"},\"sameAs\":[\"https:\\\/\\\/www.facebook.com\\\/eldiario.bolivia\\\/\",\"https:\\\/\\\/x.com\\\/eldiario_net\"]},{\"@type\":\"Person\",\"@id\":\"https:\\\/\\\/www.eldiario.net\\\/portal\\\/#\\\/schema\\\/person\\\/cab1ae4db27e5f008a62cbffb05fbfee\",\"name\":\"luis Camacho\",\"image\":{\"@type\":\"ImageObject\",\"inLanguage\":\"es\",\"@id\":\"https:\\\/\\\/secure.gravatar.com\\\/avatar\\\/69ecb836b3826d5a2501bf06ab2a2f2c8ab211cc846758f395df21684cb38313?s=96&d=mm&r=g\",\"url\":\"https:\\\/\\\/secure.gravatar.com\\\/avatar\\\/69ecb836b3826d5a2501bf06ab2a2f2c8ab211cc846758f395df21684cb38313?s=96&d=mm&r=g\",\"contentUrl\":\"https:\\\/\\\/secure.gravatar.com\\\/avatar\\\/69ecb836b3826d5a2501bf06ab2a2f2c8ab211cc846758f395df21684cb38313?s=96&d=mm&r=g\",\"caption\":\"luis Camacho\"},\"url\":\"https:\\\/\\\/www.eldiario.net\\\/portal\\\/author\\\/luis\\\/\"}]}<\/script>\n<!-- \/ Yoast SEO plugin. -->","yoast_head_json":{"title":"Trump anuncia deceso del l\u00edder Al\u00ed Jamenei en Ir\u00e1n - El Diario - Bolivia","robots":{"index":"index","follow":"follow","max-snippet":"max-snippet:-1","max-image-preview":"max-image-preview:large","max-video-preview":"max-video-preview:-1"},"canonical":"https:\/\/www.eldiario.net\/portal\/2026\/03\/01\/trump-anuncia-deceso-del-lider-ali-jamenei-en-iran\/","og_locale":"es_ES","og_type":"article","og_title":"Trump anuncia deceso del l\u00edder Al\u00ed Jamenei en Ir\u00e1n - El Diario - Bolivia","og_description":"El l\u00edder supremo de Ir\u00e1n, Al\u00ed Jamenei, falleci\u00f3 en la oleada de ataques lanzada ayer sobre Ir\u00e1n por Estados Unidos e Israel, seg\u00fan el presidente estadounidense Donald Trump, quien anunci\u00f3 la muerte de \u201cuna de las personas m\u00e1s malvadas de la historia mundial\u201d. Una noticia confirmada posteriormente por la televisi\u00f3n p\u00fablica iran\u00ed que ratific\u00f3 el [&hellip;]","og_url":"https:\/\/www.eldiario.net\/portal\/2026\/03\/01\/trump-anuncia-deceso-del-lider-ali-jamenei-en-iran\/","og_site_name":"El Diario - Bolivia","article_publisher":"https:\/\/www.facebook.com\/eldiario.bolivia\/","article_published_time":"2026-03-01T12:50:15+00:00","og_image":[{"width":1000,"height":667,"url":"https:\/\/www.eldiario.net\/portal\/wp-content\/uploads\/2026\/03\/IRAN-El-Mundo-copia.webp","type":"image\/webp"}],"author":"luis Camacho","twitter_card":"summary_large_image","twitter_creator":"@eldiario_net","twitter_site":"@eldiario_net","twitter_misc":{"Escrito por":"luis Camacho","Tiempo de lectura":"5 minutos"},"schema":{"@context":"https:\/\/schema.org","@graph":[{"@type":"Article","@id":"https:\/\/www.eldiario.net\/portal\/2026\/03\/01\/trump-anuncia-deceso-del-lider-ali-jamenei-en-iran\/#article","isPartOf":{"@id":"https:\/\/www.eldiario.net\/portal\/2026\/03\/01\/trump-anuncia-deceso-del-lider-ali-jamenei-en-iran\/"},"author":{"name":"luis Camacho","@id":"https:\/\/www.eldiario.net\/portal\/#\/schema\/person\/cab1ae4db27e5f008a62cbffb05fbfee"},"headline":"Trump anuncia deceso del l\u00edder Al\u00ed Jamenei en Ir\u00e1n","datePublished":"2026-03-01T12:50:15+00:00","mainEntityOfPage":{"@id":"https:\/\/www.eldiario.net\/portal\/2026\/03\/01\/trump-anuncia-deceso-del-lider-ali-jamenei-en-iran\/"},"wordCount":927,"publisher":{"@id":"https:\/\/www.eldiario.net\/portal\/#organization"},"image":{"@id":"https:\/\/www.eldiario.net\/portal\/2026\/03\/01\/trump-anuncia-deceso-del-lider-ali-jamenei-en-iran\/#primaryimage"},"thumbnailUrl":"https:\/\/www.eldiario.net\/portal\/wp-content\/uploads\/2026\/03\/IRAN-El-Mundo-copia.webp","articleSection":["Internacional"],"inLanguage":"es"},{"@type":"WebPage","@id":"https:\/\/www.eldiario.net\/portal\/2026\/03\/01\/trump-anuncia-deceso-del-lider-ali-jamenei-en-iran\/","url":"https:\/\/www.eldiario.net\/portal\/2026\/03\/01\/trump-anuncia-deceso-del-lider-ali-jamenei-en-iran\/","name":"Trump anuncia deceso del l\u00edder Al\u00ed Jamenei en Ir\u00e1n - El Diario - Bolivia","isPartOf":{"@id":"https:\/\/www.eldiario.net\/portal\/#website"},"primaryImageOfPage":{"@id":"https:\/\/www.eldiario.net\/portal\/2026\/03\/01\/trump-anuncia-deceso-del-lider-ali-jamenei-en-iran\/#primaryimage"},"image":{"@id":"https:\/\/www.eldiario.net\/portal\/2026\/03\/01\/trump-anuncia-deceso-del-lider-ali-jamenei-en-iran\/#primaryimage"},"thumbnailUrl":"https:\/\/www.eldiario.net\/portal\/wp-content\/uploads\/2026\/03\/IRAN-El-Mundo-copia.webp","datePublished":"2026-03-01T12:50:15+00:00","breadcrumb":{"@id":"https:\/\/www.eldiario.net\/portal\/2026\/03\/01\/trump-anuncia-deceso-del-lider-ali-jamenei-en-iran\/#breadcrumb"},"inLanguage":"es","potentialAction":[{"@type":"ReadAction","target":["https:\/\/www.eldiario.net\/portal\/2026\/03\/01\/trump-anuncia-deceso-del-lider-ali-jamenei-en-iran\/"]}]},{"@type":"ImageObject","inLanguage":"es","@id":"https:\/\/www.eldiario.net\/portal\/2026\/03\/01\/trump-anuncia-deceso-del-lider-ali-jamenei-en-iran\/#primaryimage","url":"https:\/\/www.eldiario.net\/portal\/wp-content\/uploads\/2026\/03\/IRAN-El-Mundo-copia.webp","contentUrl":"https:\/\/www.eldiario.net\/portal\/wp-content\/uploads\/2026\/03\/IRAN-El-Mundo-copia.webp","width":1000,"height":667,"caption":"El l\u00edder supremo iran\u00ed, Al\u00ed Jamene\u00ed."},{"@type":"BreadcrumbList","@id":"https:\/\/www.eldiario.net\/portal\/2026\/03\/01\/trump-anuncia-deceso-del-lider-ali-jamenei-en-iran\/#breadcrumb","itemListElement":[{"@type":"ListItem","position":1,"name":"Portada","item":"https:\/\/www.eldiario.net\/portal\/"},{"@type":"ListItem","position":2,"name":"Trump anuncia deceso del l\u00edder Al\u00ed Jamenei en Ir\u00e1n"}]},{"@type":"WebSite","@id":"https:\/\/www.eldiario.net\/portal\/#website","url":"https:\/\/www.eldiario.net\/portal\/","name":"El Diario - Decano de la prensa nacional","description":"El Diario - Decano de la prensa nacional","publisher":{"@id":"https:\/\/www.eldiario.net\/portal\/#organization"},"potentialAction":[{"@type":"SearchAction","target":{"@type":"EntryPoint","urlTemplate":"https:\/\/www.eldiario.net\/portal\/?s={search_term_string}"},"query-input":{"@type":"PropertyValueSpecification","valueRequired":true,"valueName":"search_term_string"}}],"inLanguage":"es"},{"@type":"Organization","@id":"https:\/\/www.eldiario.net\/portal\/#organization","name":"El Diario - Decano de la prensa nacional","url":"https:\/\/www.eldiario.net\/portal\/","logo":{"@type":"ImageObject","inLanguage":"es","@id":"https:\/\/www.eldiario.net\/portal\/#\/schema\/logo\/image\/","url":"https:\/\/www.eldiario.net\/portal\/wp-content\/uploads\/2023\/07\/logo_ED.jpg","contentUrl":"https:\/\/www.eldiario.net\/portal\/wp-content\/uploads\/2023\/07\/logo_ED.jpg","width":272,"height":52,"caption":"El Diario - Decano de la prensa nacional"},"image":{"@id":"https:\/\/www.eldiario.net\/portal\/#\/schema\/logo\/image\/"},"sameAs":["https:\/\/www.facebook.com\/eldiario.bolivia\/","https:\/\/x.com\/eldiario_net"]},{"@type":"Person","@id":"https:\/\/www.eldiario.net\/portal\/#\/schema\/person\/cab1ae4db27e5f008a62cbffb05fbfee","name":"luis Camacho","image":{"@type":"ImageObject","inLanguage":"es","@id":"https:\/\/secure.gravatar.com\/avatar\/69ecb836b3826d5a2501bf06ab2a2f2c8ab211cc846758f395df21684cb38313?s=96&d=mm&r=g","url":"https:\/\/secure.gravatar.com\/avatar\/69ecb836b3826d5a2501bf06ab2a2f2c8ab211cc846758f395df21684cb38313?s=96&d=mm&r=g","contentUrl":"https:\/\/secure.gravatar.com\/avatar\/69ecb836b3826d5a2501bf06ab2a2f2c8ab211cc846758f395df21684cb38313?s=96&d=mm&r=g","caption":"luis Camacho"},"url":"https:\/\/www.eldiario.net\/portal\/author\/luis\/"}]}},"_links":{"self":[{"href":"https:\/\/www.eldiario.net\/portal\/wp-json\/wp\/v2\/posts\/372229","targetHints":{"allow":["GET"]}}],"collection":[{"href":"https:\/\/www.eldiario.net\/portal\/wp-json\/wp\/v2\/posts"}],"about":[{"href":"https:\/\/www.eldiario.net\/portal\/wp-json\/wp\/v2\/types\/post"}],"author":[{"embeddable":true,"href":"https:\/\/www.eldiario.net\/portal\/wp-json\/wp\/v2\/users\/2"}],"replies":[{"embeddable":true,"href":"https:\/\/www.eldiario.net\/portal\/wp-json\/wp\/v2\/comments?post=372229"}],"version-history":[{"count":1,"href":"https:\/\/www.eldiario.net\/portal\/wp-json\/wp\/v2\/posts\/372229\/revisions"}],"predecessor-version":[{"id":372231,"href":"https:\/\/www.eldiario.net\/portal\/wp-json\/wp\/v2\/posts\/372229\/revisions\/372231"}],"wp:featuredmedia":[{"embeddable":true,"href":"https:\/\/www.eldiario.net\/portal\/wp-json\/wp\/v2\/media\/372230"}],"wp:attachment":[{"href":"https:\/\/www.eldiario.net\/portal\/wp-json\/wp\/v2\/media?parent=372229"}],"wp:term":[{"taxonomy":"category","embeddable":true,"href":"https:\/\/www.eldiario.net\/portal\/wp-json\/wp\/v2\/categories?post=372229"},{"taxonomy":"post_tag","embeddable":true,"href":"https:\/\/www.eldiario.net\/portal\/wp-json\/wp\/v2\/tags?post=372229"}],"curies":[{"name":"wp","href":"https:\/\/api.w.org\/{rel}","templated":true}]}}