{"id":372226,"date":"2026-03-01T08:45:37","date_gmt":"2026-03-01T12:45:37","guid":{"rendered":"https:\/\/www.eldiario.net\/portal\/?p=372226"},"modified":"2026-03-01T08:45:37","modified_gmt":"2026-03-01T12:45:37","slug":"naciones-unidas-condena-ataques-de-estados-unidos-e-israel-contra-iran","status":"publish","type":"post","link":"https:\/\/www.eldiario.net\/portal\/2026\/03\/01\/naciones-unidas-condena-ataques-de-estados-unidos-e-israel-contra-iran\/","title":{"rendered":"Naciones Unidas condena ataques de Estados Unidos e Israel contra Ir\u00e1n"},"content":{"rendered":"<p>El alto comisionado de la ONU para los derechos humanos, Volker T\u00fcrk, conden\u00f3 ayer tanto los ataques de Estados Unidos e Israel en todo el territorio iran\u00ed como las represalias de Ir\u00e1n, y se\u00f1al\u00f3 que \u201cen cualquier conflicto armado son los civiles quienes acaban pagando el precio m\u00e1s alto\u201d.<br \/>\n\u201cLas bombas y los misiles no son la manera de resolver las diferencias, sino que solo provocan muerte, destrucci\u00f3n y sufrimiento humano\u201d, advirti\u00f3 en un mensaje en su cuenta oficial en X.<\/p>\n<p>CONTENCI\u00d3N Y SENSATEZ<br \/>\nEl jefe de derechos humanos de Naciones Unidas hizo un llamado a la contenci\u00f3n para evitar mayores da\u00f1os a la poblaci\u00f3n e implor\u00f3 a todas las partes a \u201cactuar con sensatez, reducir la escalada y regresar a la mesa de negociaci\u00f3n, donde apenas unas horas antes buscaban activamente una soluci\u00f3n\u201d. \u201cEsta es la \u00fanica forma de resolver de manera duradera las profundas diferencias que existen\u201d, subray\u00f3 el alto comisionado austr\u00edaco.<br \/>\nNo hacerlo, dijo, entra\u00f1a el riesgo de \u201cun conflicto a\u00fan m\u00e1s amplio, que inevitablemente provocar\u00e1 m\u00e1s muertes civiles absurdas y destrucci\u00f3n a una escala potencialmente inimaginable, no solo en Ir\u00e1n sino en toda la regi\u00f3n de Oriente Medio\u201d.<br \/>\nT\u00fcrk record\u00f3 tambi\u00e9n que el derecho internacional considera primordial la protecci\u00f3n de los civiles en conflictos armados. \u201cTodos y cada uno de los actores implicados deben garantizar el cumplimiento de estas normas, y su violaci\u00f3n debe conllevar la rendici\u00f3n de cuentas de los responsables\u201d, advirti\u00f3. (Dw)<\/p>\n","protected":false},"excerpt":{"rendered":"<p>El alto comisionado de la ONU para los derechos humanos, Volker T\u00fcrk, conden\u00f3 ayer tanto los ataques de Estados Unidos e Israel en todo el territorio iran\u00ed como las represalias de Ir\u00e1n, y se\u00f1al\u00f3 que \u201cen cualquier conflicto armado son los civiles quienes acaban pagando el precio m\u00e1s alto\u201d. \u201cLas bombas y los misiles no [&hellip;]<\/p>\n","protected":false},"author":2,"featured_media":372227,"comment_status":"closed","ping_status":"open","sticky":false,"template":"","format":"standard","meta":{"_acf_changed":false,"footnotes":""},"categories":[3],"tags":[],"class_list":["post-372226","post","type-post","status-publish","format-standard","has-post-thumbnail","category-internacional"],"acf":{"antetitulo":""},"yoast_head":"<!-- This site is optimized with the Yoast SEO plugin v28.3 - https:\/\/yoast.com\/product\/yoast-seo-wordpress\/ -->\n<title>Naciones Unidas condena ataques de Estados Unidos e Israel contra Ir\u00e1n - El Diario - Bolivia<\/title>\n<meta name=\"robots\" content=\"index, follow, max-snippet:-1, max-image-preview:large, max-video-preview:-1\" \/>\n<link rel=\"canonical\" href=\"https:\/\/www.eldiario.net\/portal\/2026\/03\/01\/naciones-unidas-condena-ataques-de-estados-unidos-e-israel-contra-iran\/\" \/>\n<meta property=\"og:locale\" content=\"es_ES\" \/>\n<meta property=\"og:type\" content=\"article\" \/>\n<meta property=\"og:title\" content=\"Naciones Unidas condena ataques de Estados Unidos e Israel contra Ir\u00e1n - El Diario - Bolivia\" \/>\n<meta property=\"og:description\" content=\"El alto comisionado de la ONU para los derechos humanos, Volker T\u00fcrk, conden\u00f3 ayer tanto los ataques de Estados Unidos e Israel en todo el territorio iran\u00ed como las represalias de Ir\u00e1n, y se\u00f1al\u00f3 que \u201cen cualquier conflicto armado son los civiles quienes acaban pagando el precio m\u00e1s alto\u201d. \u201cLas bombas y los misiles no [&hellip;]\" \/>\n<meta property=\"og:url\" content=\"https:\/\/www.eldiario.net\/portal\/2026\/03\/01\/naciones-unidas-condena-ataques-de-estados-unidos-e-israel-contra-iran\/\" \/>\n<meta property=\"og:site_name\" content=\"El Diario - Bolivia\" \/>\n<meta property=\"article:publisher\" content=\"https:\/\/www.facebook.com\/eldiario.bolivia\/\" \/>\n<meta property=\"article:published_time\" content=\"2026-03-01T12:45:37+00:00\" \/>\n<meta property=\"og:image\" content=\"https:\/\/www.eldiario.net\/portal\/wp-content\/uploads\/2026\/03\/ONU-Picture-Alliance-copia.webp\" \/>\n\t<meta property=\"og:image:width\" content=\"1080\" \/>\n\t<meta property=\"og:image:height\" content=\"473\" \/>\n\t<meta property=\"og:image:type\" content=\"image\/webp\" \/>\n<meta name=\"author\" content=\"luis Camacho\" \/>\n<meta name=\"twitter:card\" content=\"summary_large_image\" \/>\n<meta name=\"twitter:creator\" content=\"@eldiario_net\" \/>\n<meta name=\"twitter:site\" content=\"@eldiario_net\" \/>\n<meta name=\"twitter:label1\" content=\"Escrito por\" \/>\n\t<meta name=\"twitter:data1\" content=\"luis Camacho\" \/>\n\t<meta name=\"twitter:label2\" content=\"Tiempo de lectura\" \/>\n\t<meta name=\"twitter:data2\" content=\"2 minutos\" \/>\n<script type=\"application\/ld+json\" class=\"yoast-schema-graph\">{\"@context\":\"https:\\\/\\\/schema.org\",\"@graph\":[{\"@type\":\"Article\",\"@id\":\"https:\\\/\\\/www.eldiario.net\\\/portal\\\/2026\\\/03\\\/01\\\/naciones-unidas-condena-ataques-de-estados-unidos-e-israel-contra-iran\\\/#article\",\"isPartOf\":{\"@id\":\"https:\\\/\\\/www.eldiario.net\\\/portal\\\/2026\\\/03\\\/01\\\/naciones-unidas-condena-ataques-de-estados-unidos-e-israel-contra-iran\\\/\"},\"author\":{\"name\":\"luis Camacho\",\"@id\":\"https:\\\/\\\/www.eldiario.net\\\/portal\\\/#\\\/schema\\\/person\\\/cab1ae4db27e5f008a62cbffb05fbfee\"},\"headline\":\"Naciones Unidas condena ataques de Estados Unidos e Israel contra Ir\u00e1n\",\"datePublished\":\"2026-03-01T12:45:37+00:00\",\"mainEntityOfPage\":{\"@id\":\"https:\\\/\\\/www.eldiario.net\\\/portal\\\/2026\\\/03\\\/01\\\/naciones-unidas-condena-ataques-de-estados-unidos-e-israel-contra-iran\\\/\"},\"wordCount\":274,\"publisher\":{\"@id\":\"https:\\\/\\\/www.eldiario.net\\\/portal\\\/#organization\"},\"image\":{\"@id\":\"https:\\\/\\\/www.eldiario.net\\\/portal\\\/2026\\\/03\\\/01\\\/naciones-unidas-condena-ataques-de-estados-unidos-e-israel-contra-iran\\\/#primaryimage\"},\"thumbnailUrl\":\"https:\\\/\\\/www.eldiario.net\\\/portal\\\/wp-content\\\/uploads\\\/2026\\\/03\\\/ONU-Picture-Alliance-copia.webp\",\"articleSection\":[\"Internacional\"],\"inLanguage\":\"es\"},{\"@type\":\"WebPage\",\"@id\":\"https:\\\/\\\/www.eldiario.net\\\/portal\\\/2026\\\/03\\\/01\\\/naciones-unidas-condena-ataques-de-estados-unidos-e-israel-contra-iran\\\/\",\"url\":\"https:\\\/\\\/www.eldiario.net\\\/portal\\\/2026\\\/03\\\/01\\\/naciones-unidas-condena-ataques-de-estados-unidos-e-israel-contra-iran\\\/\",\"name\":\"Naciones Unidas condena ataques de Estados Unidos e Israel contra Ir\u00e1n - El Diario - Bolivia\",\"isPartOf\":{\"@id\":\"https:\\\/\\\/www.eldiario.net\\\/portal\\\/#website\"},\"primaryImageOfPage\":{\"@id\":\"https:\\\/\\\/www.eldiario.net\\\/portal\\\/2026\\\/03\\\/01\\\/naciones-unidas-condena-ataques-de-estados-unidos-e-israel-contra-iran\\\/#primaryimage\"},\"image\":{\"@id\":\"https:\\\/\\\/www.eldiario.net\\\/portal\\\/2026\\\/03\\\/01\\\/naciones-unidas-condena-ataques-de-estados-unidos-e-israel-contra-iran\\\/#primaryimage\"},\"thumbnailUrl\":\"https:\\\/\\\/www.eldiario.net\\\/portal\\\/wp-content\\\/uploads\\\/2026\\\/03\\\/ONU-Picture-Alliance-copia.webp\",\"datePublished\":\"2026-03-01T12:45:37+00:00\",\"breadcrumb\":{\"@id\":\"https:\\\/\\\/www.eldiario.net\\\/portal\\\/2026\\\/03\\\/01\\\/naciones-unidas-condena-ataques-de-estados-unidos-e-israel-contra-iran\\\/#breadcrumb\"},\"inLanguage\":\"es\",\"potentialAction\":[{\"@type\":\"ReadAction\",\"target\":[\"https:\\\/\\\/www.eldiario.net\\\/portal\\\/2026\\\/03\\\/01\\\/naciones-unidas-condena-ataques-de-estados-unidos-e-israel-contra-iran\\\/\"]}]},{\"@type\":\"ImageObject\",\"inLanguage\":\"es\",\"@id\":\"https:\\\/\\\/www.eldiario.net\\\/portal\\\/2026\\\/03\\\/01\\\/naciones-unidas-condena-ataques-de-estados-unidos-e-israel-contra-iran\\\/#primaryimage\",\"url\":\"https:\\\/\\\/www.eldiario.net\\\/portal\\\/wp-content\\\/uploads\\\/2026\\\/03\\\/ONU-Picture-Alliance-copia.webp\",\"contentUrl\":\"https:\\\/\\\/www.eldiario.net\\\/portal\\\/wp-content\\\/uploads\\\/2026\\\/03\\\/ONU-Picture-Alliance-copia.webp\",\"width\":1080,\"height\":473,\"caption\":\"El comisionado de derechos humanos de la ONU, Volker T\u00fcrk.\"},{\"@type\":\"BreadcrumbList\",\"@id\":\"https:\\\/\\\/www.eldiario.net\\\/portal\\\/2026\\\/03\\\/01\\\/naciones-unidas-condena-ataques-de-estados-unidos-e-israel-contra-iran\\\/#breadcrumb\",\"itemListElement\":[{\"@type\":\"ListItem\",\"position\":1,\"name\":\"Portada\",\"item\":\"https:\\\/\\\/www.eldiario.net\\\/portal\\\/\"},{\"@type\":\"ListItem\",\"position\":2,\"name\":\"Naciones Unidas condena ataques de Estados Unidos e Israel contra Ir\u00e1n\"}]},{\"@type\":\"WebSite\",\"@id\":\"https:\\\/\\\/www.eldiario.net\\\/portal\\\/#website\",\"url\":\"https:\\\/\\\/www.eldiario.net\\\/portal\\\/\",\"name\":\"El Diario - Decano de la prensa nacional\",\"description\":\"El Diario - Decano de la prensa nacional\",\"publisher\":{\"@id\":\"https:\\\/\\\/www.eldiario.net\\\/portal\\\/#organization\"},\"potentialAction\":[{\"@type\":\"SearchAction\",\"target\":{\"@type\":\"EntryPoint\",\"urlTemplate\":\"https:\\\/\\\/www.eldiario.net\\\/portal\\\/?s={search_term_string}\"},\"query-input\":{\"@type\":\"PropertyValueSpecification\",\"valueRequired\":true,\"valueName\":\"search_term_string\"}}],\"inLanguage\":\"es\"},{\"@type\":\"Organization\",\"@id\":\"https:\\\/\\\/www.eldiario.net\\\/portal\\\/#organization\",\"name\":\"El Diario - Decano de la prensa nacional\",\"url\":\"https:\\\/\\\/www.eldiario.net\\\/portal\\\/\",\"logo\":{\"@type\":\"ImageObject\",\"inLanguage\":\"es\",\"@id\":\"https:\\\/\\\/www.eldiario.net\\\/portal\\\/#\\\/schema\\\/logo\\\/image\\\/\",\"url\":\"https:\\\/\\\/www.eldiario.net\\\/portal\\\/wp-content\\\/uploads\\\/2023\\\/07\\\/logo_ED.jpg\",\"contentUrl\":\"https:\\\/\\\/www.eldiario.net\\\/portal\\\/wp-content\\\/uploads\\\/2023\\\/07\\\/logo_ED.jpg\",\"width\":272,\"height\":52,\"caption\":\"El Diario - Decano de la prensa nacional\"},\"image\":{\"@id\":\"https:\\\/\\\/www.eldiario.net\\\/portal\\\/#\\\/schema\\\/logo\\\/image\\\/\"},\"sameAs\":[\"https:\\\/\\\/www.facebook.com\\\/eldiario.bolivia\\\/\",\"https:\\\/\\\/x.com\\\/eldiario_net\"]},{\"@type\":\"Person\",\"@id\":\"https:\\\/\\\/www.eldiario.net\\\/portal\\\/#\\\/schema\\\/person\\\/cab1ae4db27e5f008a62cbffb05fbfee\",\"name\":\"luis Camacho\",\"image\":{\"@type\":\"ImageObject\",\"inLanguage\":\"es\",\"@id\":\"https:\\\/\\\/secure.gravatar.com\\\/avatar\\\/69ecb836b3826d5a2501bf06ab2a2f2c8ab211cc846758f395df21684cb38313?s=96&d=mm&r=g\",\"url\":\"https:\\\/\\\/secure.gravatar.com\\\/avatar\\\/69ecb836b3826d5a2501bf06ab2a2f2c8ab211cc846758f395df21684cb38313?s=96&d=mm&r=g\",\"contentUrl\":\"https:\\\/\\\/secure.gravatar.com\\\/avatar\\\/69ecb836b3826d5a2501bf06ab2a2f2c8ab211cc846758f395df21684cb38313?s=96&d=mm&r=g\",\"caption\":\"luis Camacho\"},\"url\":\"https:\\\/\\\/www.eldiario.net\\\/portal\\\/author\\\/luis\\\/\"}]}<\/script>\n<!-- \/ Yoast SEO plugin. -->","yoast_head_json":{"title":"Naciones Unidas condena ataques de Estados Unidos e Israel contra Ir\u00e1n - El Diario - Bolivia","robots":{"index":"index","follow":"follow","max-snippet":"max-snippet:-1","max-image-preview":"max-image-preview:large","max-video-preview":"max-video-preview:-1"},"canonical":"https:\/\/www.eldiario.net\/portal\/2026\/03\/01\/naciones-unidas-condena-ataques-de-estados-unidos-e-israel-contra-iran\/","og_locale":"es_ES","og_type":"article","og_title":"Naciones Unidas condena ataques de Estados Unidos e Israel contra Ir\u00e1n - El Diario - Bolivia","og_description":"El alto comisionado de la ONU para los derechos humanos, Volker T\u00fcrk, conden\u00f3 ayer tanto los ataques de Estados Unidos e Israel en todo el territorio iran\u00ed como las represalias de Ir\u00e1n, y se\u00f1al\u00f3 que \u201cen cualquier conflicto armado son los civiles quienes acaban pagando el precio m\u00e1s alto\u201d. \u201cLas bombas y los misiles no [&hellip;]","og_url":"https:\/\/www.eldiario.net\/portal\/2026\/03\/01\/naciones-unidas-condena-ataques-de-estados-unidos-e-israel-contra-iran\/","og_site_name":"El Diario - Bolivia","article_publisher":"https:\/\/www.facebook.com\/eldiario.bolivia\/","article_published_time":"2026-03-01T12:45:37+00:00","og_image":[{"width":1080,"height":473,"url":"https:\/\/www.eldiario.net\/portal\/wp-content\/uploads\/2026\/03\/ONU-Picture-Alliance-copia.webp","type":"image\/webp"}],"author":"luis Camacho","twitter_card":"summary_large_image","twitter_creator":"@eldiario_net","twitter_site":"@eldiario_net","twitter_misc":{"Escrito por":"luis Camacho","Tiempo de lectura":"2 minutos"},"schema":{"@context":"https:\/\/schema.org","@graph":[{"@type":"Article","@id":"https:\/\/www.eldiario.net\/portal\/2026\/03\/01\/naciones-unidas-condena-ataques-de-estados-unidos-e-israel-contra-iran\/#article","isPartOf":{"@id":"https:\/\/www.eldiario.net\/portal\/2026\/03\/01\/naciones-unidas-condena-ataques-de-estados-unidos-e-israel-contra-iran\/"},"author":{"name":"luis Camacho","@id":"https:\/\/www.eldiario.net\/portal\/#\/schema\/person\/cab1ae4db27e5f008a62cbffb05fbfee"},"headline":"Naciones Unidas condena ataques de Estados Unidos e Israel contra Ir\u00e1n","datePublished":"2026-03-01T12:45:37+00:00","mainEntityOfPage":{"@id":"https:\/\/www.eldiario.net\/portal\/2026\/03\/01\/naciones-unidas-condena-ataques-de-estados-unidos-e-israel-contra-iran\/"},"wordCount":274,"publisher":{"@id":"https:\/\/www.eldiario.net\/portal\/#organization"},"image":{"@id":"https:\/\/www.eldiario.net\/portal\/2026\/03\/01\/naciones-unidas-condena-ataques-de-estados-unidos-e-israel-contra-iran\/#primaryimage"},"thumbnailUrl":"https:\/\/www.eldiario.net\/portal\/wp-content\/uploads\/2026\/03\/ONU-Picture-Alliance-copia.webp","articleSection":["Internacional"],"inLanguage":"es"},{"@type":"WebPage","@id":"https:\/\/www.eldiario.net\/portal\/2026\/03\/01\/naciones-unidas-condena-ataques-de-estados-unidos-e-israel-contra-iran\/","url":"https:\/\/www.eldiario.net\/portal\/2026\/03\/01\/naciones-unidas-condena-ataques-de-estados-unidos-e-israel-contra-iran\/","name":"Naciones Unidas condena ataques de Estados Unidos e Israel contra Ir\u00e1n - El Diario - Bolivia","isPartOf":{"@id":"https:\/\/www.eldiario.net\/portal\/#website"},"primaryImageOfPage":{"@id":"https:\/\/www.eldiario.net\/portal\/2026\/03\/01\/naciones-unidas-condena-ataques-de-estados-unidos-e-israel-contra-iran\/#primaryimage"},"image":{"@id":"https:\/\/www.eldiario.net\/portal\/2026\/03\/01\/naciones-unidas-condena-ataques-de-estados-unidos-e-israel-contra-iran\/#primaryimage"},"thumbnailUrl":"https:\/\/www.eldiario.net\/portal\/wp-content\/uploads\/2026\/03\/ONU-Picture-Alliance-copia.webp","datePublished":"2026-03-01T12:45:37+00:00","breadcrumb":{"@id":"https:\/\/www.eldiario.net\/portal\/2026\/03\/01\/naciones-unidas-condena-ataques-de-estados-unidos-e-israel-contra-iran\/#breadcrumb"},"inLanguage":"es","potentialAction":[{"@type":"ReadAction","target":["https:\/\/www.eldiario.net\/portal\/2026\/03\/01\/naciones-unidas-condena-ataques-de-estados-unidos-e-israel-contra-iran\/"]}]},{"@type":"ImageObject","inLanguage":"es","@id":"https:\/\/www.eldiario.net\/portal\/2026\/03\/01\/naciones-unidas-condena-ataques-de-estados-unidos-e-israel-contra-iran\/#primaryimage","url":"https:\/\/www.eldiario.net\/portal\/wp-content\/uploads\/2026\/03\/ONU-Picture-Alliance-copia.webp","contentUrl":"https:\/\/www.eldiario.net\/portal\/wp-content\/uploads\/2026\/03\/ONU-Picture-Alliance-copia.webp","width":1080,"height":473,"caption":"El comisionado de derechos humanos de la ONU, Volker T\u00fcrk."},{"@type":"BreadcrumbList","@id":"https:\/\/www.eldiario.net\/portal\/2026\/03\/01\/naciones-unidas-condena-ataques-de-estados-unidos-e-israel-contra-iran\/#breadcrumb","itemListElement":[{"@type":"ListItem","position":1,"name":"Portada","item":"https:\/\/www.eldiario.net\/portal\/"},{"@type":"ListItem","position":2,"name":"Naciones Unidas condena ataques de Estados Unidos e Israel contra Ir\u00e1n"}]},{"@type":"WebSite","@id":"https:\/\/www.eldiario.net\/portal\/#website","url":"https:\/\/www.eldiario.net\/portal\/","name":"El Diario - Decano de la prensa nacional","description":"El Diario - Decano de la prensa nacional","publisher":{"@id":"https:\/\/www.eldiario.net\/portal\/#organization"},"potentialAction":[{"@type":"SearchAction","target":{"@type":"EntryPoint","urlTemplate":"https:\/\/www.eldiario.net\/portal\/?s={search_term_string}"},"query-input":{"@type":"PropertyValueSpecification","valueRequired":true,"valueName":"search_term_string"}}],"inLanguage":"es"},{"@type":"Organization","@id":"https:\/\/www.eldiario.net\/portal\/#organization","name":"El Diario - Decano de la prensa nacional","url":"https:\/\/www.eldiario.net\/portal\/","logo":{"@type":"ImageObject","inLanguage":"es","@id":"https:\/\/www.eldiario.net\/portal\/#\/schema\/logo\/image\/","url":"https:\/\/www.eldiario.net\/portal\/wp-content\/uploads\/2023\/07\/logo_ED.jpg","contentUrl":"https:\/\/www.eldiario.net\/portal\/wp-content\/uploads\/2023\/07\/logo_ED.jpg","width":272,"height":52,"caption":"El Diario - Decano de la prensa nacional"},"image":{"@id":"https:\/\/www.eldiario.net\/portal\/#\/schema\/logo\/image\/"},"sameAs":["https:\/\/www.facebook.com\/eldiario.bolivia\/","https:\/\/x.com\/eldiario_net"]},{"@type":"Person","@id":"https:\/\/www.eldiario.net\/portal\/#\/schema\/person\/cab1ae4db27e5f008a62cbffb05fbfee","name":"luis Camacho","image":{"@type":"ImageObject","inLanguage":"es","@id":"https:\/\/secure.gravatar.com\/avatar\/69ecb836b3826d5a2501bf06ab2a2f2c8ab211cc846758f395df21684cb38313?s=96&d=mm&r=g","url":"https:\/\/secure.gravatar.com\/avatar\/69ecb836b3826d5a2501bf06ab2a2f2c8ab211cc846758f395df21684cb38313?s=96&d=mm&r=g","contentUrl":"https:\/\/secure.gravatar.com\/avatar\/69ecb836b3826d5a2501bf06ab2a2f2c8ab211cc846758f395df21684cb38313?s=96&d=mm&r=g","caption":"luis Camacho"},"url":"https:\/\/www.eldiario.net\/portal\/author\/luis\/"}]}},"_links":{"self":[{"href":"https:\/\/www.eldiario.net\/portal\/wp-json\/wp\/v2\/posts\/372226","targetHints":{"allow":["GET"]}}],"collection":[{"href":"https:\/\/www.eldiario.net\/portal\/wp-json\/wp\/v2\/posts"}],"about":[{"href":"https:\/\/www.eldiario.net\/portal\/wp-json\/wp\/v2\/types\/post"}],"author":[{"embeddable":true,"href":"https:\/\/www.eldiario.net\/portal\/wp-json\/wp\/v2\/users\/2"}],"replies":[{"embeddable":true,"href":"https:\/\/www.eldiario.net\/portal\/wp-json\/wp\/v2\/comments?post=372226"}],"version-history":[{"count":1,"href":"https:\/\/www.eldiario.net\/portal\/wp-json\/wp\/v2\/posts\/372226\/revisions"}],"predecessor-version":[{"id":372228,"href":"https:\/\/www.eldiario.net\/portal\/wp-json\/wp\/v2\/posts\/372226\/revisions\/372228"}],"wp:featuredmedia":[{"embeddable":true,"href":"https:\/\/www.eldiario.net\/portal\/wp-json\/wp\/v2\/media\/372227"}],"wp:attachment":[{"href":"https:\/\/www.eldiario.net\/portal\/wp-json\/wp\/v2\/media?parent=372226"}],"wp:term":[{"taxonomy":"category","embeddable":true,"href":"https:\/\/www.eldiario.net\/portal\/wp-json\/wp\/v2\/categories?post=372226"},{"taxonomy":"post_tag","embeddable":true,"href":"https:\/\/www.eldiario.net\/portal\/wp-json\/wp\/v2\/tags?post=372226"}],"curies":[{"name":"wp","href":"https:\/\/api.w.org\/{rel}","templated":true}]}}