{"id":372223,"date":"2026-03-01T08:42:38","date_gmt":"2026-03-01T12:42:38","guid":{"rendered":"https:\/\/www.eldiario.net\/portal\/?p=372223"},"modified":"2026-03-01T08:42:38","modified_gmt":"2026-03-01T12:42:38","slug":"retorica-antivacunas-de-eeuu-puede-afectar-crisis-mundial-del-sarampion","status":"publish","type":"post","link":"https:\/\/www.eldiario.net\/portal\/2026\/03\/01\/retorica-antivacunas-de-eeuu-puede-afectar-crisis-mundial-del-sarampion\/","title":{"rendered":"Ret\u00f3rica antivacunas de EEUU puede afectar crisis mundial del sarampi\u00f3n"},"content":{"rendered":"<p>El gobierno de Estados Unidos amplific\u00f3 la ret\u00f3rica antivacunas y se\u00f1al\u00f3 que no considera que el sarampi\u00f3n sea una prioridad, lo que puede tener ramificaciones globales ya que pa\u00edses de todo el mundo perdieron o est\u00e1n al borde de perder el estatus de eliminaci\u00f3n del sarampi\u00f3n.<br \/>\nLa Organizaci\u00f3n Mundial de la Salud (OMS) anunci\u00f3 a finales de enero que seis pa\u00edses europeos: el Reino Unido, Espa\u00f1a, Austria, Armenia, Azerbaiy\u00e1n y Uzbekist\u00e1n, hab\u00edan perdido oficialmente su estatus de pa\u00edses erradicados del sarampi\u00f3n, lo que significa que el virus estuvo circulando continuamente en ellos durante m\u00e1s de 12 meses. Para contener el sarampi\u00f3n, al menos el 95% de los ni\u00f1os deber\u00edan estar completamente vacunados contra \u00e9l, seg\u00fan las recomendaciones sanitarias, pero las tasas de vacunaci\u00f3n fueron disminuyendo en toda Europa.<br \/>\nLa vacunaci\u00f3n contra el sarampi\u00f3n en el Reino Unido disminuy\u00f3 de forma especialmente dr\u00e1stica, con solo el 84% de los ni\u00f1os de cinco a\u00f1os recibiendo ambas dosis recomendadas de la vacuna contra el sarampi\u00f3n, las paperas y la rub\u00e9ola (MMR) a partir de 2024. El Reino Unido tambi\u00e9n es la \u00abzona cero\u00bb de la reticencia a las vacunas, seg\u00fan Jennifer Nuzzo, directora del Centro de Pandemias de la Universidad de Brown. Andrew Wakefield, un exm\u00e9dico, estaba basado en el Reino Unido cuando relacion\u00f3 la vacuna MMR con el autismo en un estudio de 1998 en Lancet que desde entonces se retract\u00f3. Posteriormente perdi\u00f3 sus credenciales m\u00e9dicas. Esta es la segunda vez que el Reino Unido pierde su estatus de eliminaci\u00f3n del sarampi\u00f3n en menos de una d\u00e9cada.<br \/>\nAunque pasaron m\u00e1s de 15 a\u00f1os desde que se retract\u00f3 el estudio de Wakefield, la idea de que las vacunas y el autismo est\u00e1n relacionados est\u00e1 ganando nuevo impulso en todo el mundo, con la ayuda de Robert F. Kennedy Jr., el secretario de Salud de Estados Unidos.<br \/>\n\u201cLa ret\u00f3rica que se usa en Estados Unidos se extiende a otros pa\u00edses\u201d, dijo Nuzzo. \u201cVivimos en un ecosistema global, as\u00ed que cuando escuchan que la vacuna no es lo suficientemente buena para los estadounidenses, tal vez tampoco sea buena para nosotros\u201d.<br \/>\nKennedy es conocido por su trabajo con el grupo antivacunas Children\u203as Health Defense, que contin\u00faa promoviendo los argumentos desacreditados de Wakefield sobre las vacunas y el autismo.<br \/>\nOrganizaciones como Children\u2019s Health Defense y los influencers que promueven su discurso a menudo se presentan como activistas, pero Nuzzo se apresura a se\u00f1alar que existe una industria con \u00e1nimo de lucro detr\u00e1s de su trabajo. Un informe del Centro para la Lucha contra el Odio Digital revel\u00f3 que la \u00abindustria antivacunas\u00bb genera al menos 36 millones de d\u00f3lares al a\u00f1o. Antes de convertirse en secretario de Salud en 2024, el propio Kennedy recibi\u00f3 millones de d\u00f3lares en ingresos combinados de Children\u203as Health Defense y varios bufetes de abogados que persiguen a los fabricantes de vacunas.<br \/>\nBajo el liderazgo de Kennedy, Estados Unidos tambi\u00e9n est\u00e1 al borde de perder su estatus de pa\u00eds erradicado del sarampi\u00f3n. El sarampi\u00f3n suele propagarse por transmisi\u00f3n internacional, y los dos pa\u00edses lim\u00edtrofes con Estados Unidos, Canad\u00e1 y M\u00e9xico, tambi\u00e9n experimentaron un aumento en los brotes de sarampi\u00f3n. Canad\u00e1 perdi\u00f3 su estatus de pa\u00eds erradicado en noviembre del a\u00f1o pasado, y el de M\u00e9xico tambi\u00e9n est\u00e1 en peligro.<br \/>\nTal vez la se\u00f1al global m\u00e1s fuerte que la administraci\u00f3n Trump envi\u00f3 sobre la despriorizaci\u00f3n del sarampi\u00f3n fue su decisi\u00f3n de retirar el financiamiento a la Red Mundial de Laboratorios de Sarampi\u00f3n y Rub\u00e9ola (Gmrlnn), que coordina la Organizaci\u00f3n Mundial de la Salud.<br \/>\nEl Dr. Alonzo Plough, quien ocup\u00f3 altos cargos de salud p\u00fablica en Seattle, Boston y el condado de Los \u00c1ngeles, y actualmente es el director cient\u00edfico de la Fundaci\u00f3n Robert Wood Johnson, explic\u00f3 que los casos de sarampi\u00f3n posvacunaci\u00f3n suelen tener dos or\u00edgenes: un viaje internacional y un ni\u00f1o sin vacunar. Anteriormente, la Gmrln ayud\u00f3 a detectar brotes de sarampi\u00f3n a nivel mundial para contener la transmisi\u00f3n relacionada con los viajes.<br \/>\nLos Centros para el Control y la Prevenci\u00f3n de Enfermedades (CDC) de EEUU financiaron la Gmrln desde su creaci\u00f3n, pero los recortes de la administraci\u00f3n Trump dificultaron el funcionamiento de la red de casi 800 laboratorios internacionales, y la vigilancia podr\u00eda colapsar justo cuando los casos de sarampi\u00f3n siguen aumentando.<br \/>\n\u201cLos virus no conocen fronteras\u201d, afirm\u00f3 Plough, por lo que la coordinaci\u00f3n internacional es especialmente importante para prevenir la propagaci\u00f3n de virus hipercontagiosos como el sarampi\u00f3n. Anteriormente, Plough explic\u00f3 que exist\u00eda una \u201cred de protecci\u00f3n\u201d basada en \u201cestrechas colaboraciones con los CDC\u201d y redes internacionales de vigilancia como la Gmrln y la Organizaci\u00f3n Panamericana de la Salud.<br \/>\nEl Departamento de Salud y Servicios Humanos de EEUU no respondi\u00f3 a preguntas espec\u00edficas sobre la postura de Kennedy sobre la vacuna o el estado de Gmrln, pero un portavoz sostuvo: \u201cEl HHS est\u00e1 trabajando con la Casa Blanca en un proceso deliberativo e interinstitucional sobre el camino a seguir para la salud global y la asistencia exterior que, ante todo, protege a los estadounidenses\u201d. (The Guardian)<\/p>\n","protected":false},"excerpt":{"rendered":"<p>El gobierno de Estados Unidos amplific\u00f3 la ret\u00f3rica antivacunas y se\u00f1al\u00f3 que no considera que el sarampi\u00f3n sea una prioridad, lo que puede tener ramificaciones globales ya que pa\u00edses de todo el mundo perdieron o est\u00e1n al borde de perder el estatus de eliminaci\u00f3n del sarampi\u00f3n. La Organizaci\u00f3n Mundial de la Salud (OMS) anunci\u00f3 a [&hellip;]<\/p>\n","protected":false},"author":2,"featured_media":372224,"comment_status":"closed","ping_status":"open","sticky":false,"template":"","format":"standard","meta":{"_acf_changed":false,"footnotes":""},"categories":[3],"tags":[],"class_list":["post-372223","post","type-post","status-publish","format-standard","has-post-thumbnail","category-internacional"],"acf":{"antetitulo":""},"yoast_head":"<!-- This site is optimized with the Yoast SEO plugin v28.3 - https:\/\/yoast.com\/product\/yoast-seo-wordpress\/ -->\n<title>Ret\u00f3rica antivacunas de EEUU puede afectar crisis mundial del sarampi\u00f3n - El Diario - Bolivia<\/title>\n<meta name=\"robots\" content=\"index, follow, max-snippet:-1, max-image-preview:large, max-video-preview:-1\" \/>\n<link rel=\"canonical\" href=\"https:\/\/www.eldiario.net\/portal\/2026\/03\/01\/retorica-antivacunas-de-eeuu-puede-afectar-crisis-mundial-del-sarampion\/\" \/>\n<meta property=\"og:locale\" content=\"es_ES\" \/>\n<meta property=\"og:type\" content=\"article\" \/>\n<meta property=\"og:title\" content=\"Ret\u00f3rica antivacunas de EEUU puede afectar crisis mundial del sarampi\u00f3n - El Diario - Bolivia\" \/>\n<meta property=\"og:description\" content=\"El gobierno de Estados Unidos amplific\u00f3 la ret\u00f3rica antivacunas y se\u00f1al\u00f3 que no considera que el sarampi\u00f3n sea una prioridad, lo que puede tener ramificaciones globales ya que pa\u00edses de todo el mundo perdieron o est\u00e1n al borde de perder el estatus de eliminaci\u00f3n del sarampi\u00f3n. La Organizaci\u00f3n Mundial de la Salud (OMS) anunci\u00f3 a [&hellip;]\" \/>\n<meta property=\"og:url\" content=\"https:\/\/www.eldiario.net\/portal\/2026\/03\/01\/retorica-antivacunas-de-eeuu-puede-afectar-crisis-mundial-del-sarampion\/\" \/>\n<meta property=\"og:site_name\" content=\"El Diario - Bolivia\" \/>\n<meta property=\"article:publisher\" content=\"https:\/\/www.facebook.com\/eldiario.bolivia\/\" \/>\n<meta property=\"article:published_time\" content=\"2026-03-01T12:42:38+00:00\" \/>\n<meta property=\"og:image\" content=\"https:\/\/www.eldiario.net\/portal\/wp-content\/uploads\/2026\/03\/VACUNAS-The-Guardian-copia.webp\" \/>\n\t<meta property=\"og:image:width\" content=\"850\" \/>\n\t<meta property=\"og:image:height\" content=\"537\" \/>\n\t<meta property=\"og:image:type\" content=\"image\/webp\" \/>\n<meta name=\"author\" content=\"luis Camacho\" \/>\n<meta name=\"twitter:card\" content=\"summary_large_image\" \/>\n<meta name=\"twitter:creator\" content=\"@eldiario_net\" \/>\n<meta name=\"twitter:site\" content=\"@eldiario_net\" \/>\n<meta name=\"twitter:label1\" content=\"Escrito por\" \/>\n\t<meta name=\"twitter:data1\" content=\"luis Camacho\" \/>\n\t<meta name=\"twitter:label2\" content=\"Tiempo de lectura\" \/>\n\t<meta name=\"twitter:data2\" content=\"4 minutos\" \/>\n<script type=\"application\/ld+json\" class=\"yoast-schema-graph\">{\"@context\":\"https:\\\/\\\/schema.org\",\"@graph\":[{\"@type\":\"Article\",\"@id\":\"https:\\\/\\\/www.eldiario.net\\\/portal\\\/2026\\\/03\\\/01\\\/retorica-antivacunas-de-eeuu-puede-afectar-crisis-mundial-del-sarampion\\\/#article\",\"isPartOf\":{\"@id\":\"https:\\\/\\\/www.eldiario.net\\\/portal\\\/2026\\\/03\\\/01\\\/retorica-antivacunas-de-eeuu-puede-afectar-crisis-mundial-del-sarampion\\\/\"},\"author\":{\"name\":\"luis Camacho\",\"@id\":\"https:\\\/\\\/www.eldiario.net\\\/portal\\\/#\\\/schema\\\/person\\\/cab1ae4db27e5f008a62cbffb05fbfee\"},\"headline\":\"Ret\u00f3rica antivacunas de EEUU puede afectar crisis mundial del sarampi\u00f3n\",\"datePublished\":\"2026-03-01T12:42:38+00:00\",\"mainEntityOfPage\":{\"@id\":\"https:\\\/\\\/www.eldiario.net\\\/portal\\\/2026\\\/03\\\/01\\\/retorica-antivacunas-de-eeuu-puede-afectar-crisis-mundial-del-sarampion\\\/\"},\"wordCount\":919,\"publisher\":{\"@id\":\"https:\\\/\\\/www.eldiario.net\\\/portal\\\/#organization\"},\"image\":{\"@id\":\"https:\\\/\\\/www.eldiario.net\\\/portal\\\/2026\\\/03\\\/01\\\/retorica-antivacunas-de-eeuu-puede-afectar-crisis-mundial-del-sarampion\\\/#primaryimage\"},\"thumbnailUrl\":\"https:\\\/\\\/www.eldiario.net\\\/portal\\\/wp-content\\\/uploads\\\/2026\\\/03\\\/VACUNAS-The-Guardian-copia.webp\",\"articleSection\":[\"Internacional\"],\"inLanguage\":\"es\"},{\"@type\":\"WebPage\",\"@id\":\"https:\\\/\\\/www.eldiario.net\\\/portal\\\/2026\\\/03\\\/01\\\/retorica-antivacunas-de-eeuu-puede-afectar-crisis-mundial-del-sarampion\\\/\",\"url\":\"https:\\\/\\\/www.eldiario.net\\\/portal\\\/2026\\\/03\\\/01\\\/retorica-antivacunas-de-eeuu-puede-afectar-crisis-mundial-del-sarampion\\\/\",\"name\":\"Ret\u00f3rica antivacunas de EEUU puede afectar crisis mundial del sarampi\u00f3n - El Diario - Bolivia\",\"isPartOf\":{\"@id\":\"https:\\\/\\\/www.eldiario.net\\\/portal\\\/#website\"},\"primaryImageOfPage\":{\"@id\":\"https:\\\/\\\/www.eldiario.net\\\/portal\\\/2026\\\/03\\\/01\\\/retorica-antivacunas-de-eeuu-puede-afectar-crisis-mundial-del-sarampion\\\/#primaryimage\"},\"image\":{\"@id\":\"https:\\\/\\\/www.eldiario.net\\\/portal\\\/2026\\\/03\\\/01\\\/retorica-antivacunas-de-eeuu-puede-afectar-crisis-mundial-del-sarampion\\\/#primaryimage\"},\"thumbnailUrl\":\"https:\\\/\\\/www.eldiario.net\\\/portal\\\/wp-content\\\/uploads\\\/2026\\\/03\\\/VACUNAS-The-Guardian-copia.webp\",\"datePublished\":\"2026-03-01T12:42:38+00:00\",\"breadcrumb\":{\"@id\":\"https:\\\/\\\/www.eldiario.net\\\/portal\\\/2026\\\/03\\\/01\\\/retorica-antivacunas-de-eeuu-puede-afectar-crisis-mundial-del-sarampion\\\/#breadcrumb\"},\"inLanguage\":\"es\",\"potentialAction\":[{\"@type\":\"ReadAction\",\"target\":[\"https:\\\/\\\/www.eldiario.net\\\/portal\\\/2026\\\/03\\\/01\\\/retorica-antivacunas-de-eeuu-puede-afectar-crisis-mundial-del-sarampion\\\/\"]}]},{\"@type\":\"ImageObject\",\"inLanguage\":\"es\",\"@id\":\"https:\\\/\\\/www.eldiario.net\\\/portal\\\/2026\\\/03\\\/01\\\/retorica-antivacunas-de-eeuu-puede-afectar-crisis-mundial-del-sarampion\\\/#primaryimage\",\"url\":\"https:\\\/\\\/www.eldiario.net\\\/portal\\\/wp-content\\\/uploads\\\/2026\\\/03\\\/VACUNAS-The-Guardian-copia.webp\",\"contentUrl\":\"https:\\\/\\\/www.eldiario.net\\\/portal\\\/wp-content\\\/uploads\\\/2026\\\/03\\\/VACUNAS-The-Guardian-copia.webp\",\"width\":850,\"height\":537,\"caption\":\"Pa\u00edses del mundo perdieron o est\u00e1n a punto de perder estatus de erradicaci\u00f3n del sarampi\u00f3n.\"},{\"@type\":\"BreadcrumbList\",\"@id\":\"https:\\\/\\\/www.eldiario.net\\\/portal\\\/2026\\\/03\\\/01\\\/retorica-antivacunas-de-eeuu-puede-afectar-crisis-mundial-del-sarampion\\\/#breadcrumb\",\"itemListElement\":[{\"@type\":\"ListItem\",\"position\":1,\"name\":\"Portada\",\"item\":\"https:\\\/\\\/www.eldiario.net\\\/portal\\\/\"},{\"@type\":\"ListItem\",\"position\":2,\"name\":\"Ret\u00f3rica antivacunas de EEUU puede afectar crisis mundial del sarampi\u00f3n\"}]},{\"@type\":\"WebSite\",\"@id\":\"https:\\\/\\\/www.eldiario.net\\\/portal\\\/#website\",\"url\":\"https:\\\/\\\/www.eldiario.net\\\/portal\\\/\",\"name\":\"El Diario - Decano de la prensa nacional\",\"description\":\"El Diario - Decano de la prensa nacional\",\"publisher\":{\"@id\":\"https:\\\/\\\/www.eldiario.net\\\/portal\\\/#organization\"},\"potentialAction\":[{\"@type\":\"SearchAction\",\"target\":{\"@type\":\"EntryPoint\",\"urlTemplate\":\"https:\\\/\\\/www.eldiario.net\\\/portal\\\/?s={search_term_string}\"},\"query-input\":{\"@type\":\"PropertyValueSpecification\",\"valueRequired\":true,\"valueName\":\"search_term_string\"}}],\"inLanguage\":\"es\"},{\"@type\":\"Organization\",\"@id\":\"https:\\\/\\\/www.eldiario.net\\\/portal\\\/#organization\",\"name\":\"El Diario - Decano de la prensa nacional\",\"url\":\"https:\\\/\\\/www.eldiario.net\\\/portal\\\/\",\"logo\":{\"@type\":\"ImageObject\",\"inLanguage\":\"es\",\"@id\":\"https:\\\/\\\/www.eldiario.net\\\/portal\\\/#\\\/schema\\\/logo\\\/image\\\/\",\"url\":\"https:\\\/\\\/www.eldiario.net\\\/portal\\\/wp-content\\\/uploads\\\/2023\\\/07\\\/logo_ED.jpg\",\"contentUrl\":\"https:\\\/\\\/www.eldiario.net\\\/portal\\\/wp-content\\\/uploads\\\/2023\\\/07\\\/logo_ED.jpg\",\"width\":272,\"height\":52,\"caption\":\"El Diario - Decano de la prensa nacional\"},\"image\":{\"@id\":\"https:\\\/\\\/www.eldiario.net\\\/portal\\\/#\\\/schema\\\/logo\\\/image\\\/\"},\"sameAs\":[\"https:\\\/\\\/www.facebook.com\\\/eldiario.bolivia\\\/\",\"https:\\\/\\\/x.com\\\/eldiario_net\"]},{\"@type\":\"Person\",\"@id\":\"https:\\\/\\\/www.eldiario.net\\\/portal\\\/#\\\/schema\\\/person\\\/cab1ae4db27e5f008a62cbffb05fbfee\",\"name\":\"luis Camacho\",\"image\":{\"@type\":\"ImageObject\",\"inLanguage\":\"es\",\"@id\":\"https:\\\/\\\/secure.gravatar.com\\\/avatar\\\/69ecb836b3826d5a2501bf06ab2a2f2c8ab211cc846758f395df21684cb38313?s=96&d=mm&r=g\",\"url\":\"https:\\\/\\\/secure.gravatar.com\\\/avatar\\\/69ecb836b3826d5a2501bf06ab2a2f2c8ab211cc846758f395df21684cb38313?s=96&d=mm&r=g\",\"contentUrl\":\"https:\\\/\\\/secure.gravatar.com\\\/avatar\\\/69ecb836b3826d5a2501bf06ab2a2f2c8ab211cc846758f395df21684cb38313?s=96&d=mm&r=g\",\"caption\":\"luis Camacho\"},\"url\":\"https:\\\/\\\/www.eldiario.net\\\/portal\\\/author\\\/luis\\\/\"}]}<\/script>\n<!-- \/ Yoast SEO plugin. -->","yoast_head_json":{"title":"Ret\u00f3rica antivacunas de EEUU puede afectar crisis mundial del sarampi\u00f3n - El Diario - Bolivia","robots":{"index":"index","follow":"follow","max-snippet":"max-snippet:-1","max-image-preview":"max-image-preview:large","max-video-preview":"max-video-preview:-1"},"canonical":"https:\/\/www.eldiario.net\/portal\/2026\/03\/01\/retorica-antivacunas-de-eeuu-puede-afectar-crisis-mundial-del-sarampion\/","og_locale":"es_ES","og_type":"article","og_title":"Ret\u00f3rica antivacunas de EEUU puede afectar crisis mundial del sarampi\u00f3n - El Diario - Bolivia","og_description":"El gobierno de Estados Unidos amplific\u00f3 la ret\u00f3rica antivacunas y se\u00f1al\u00f3 que no considera que el sarampi\u00f3n sea una prioridad, lo que puede tener ramificaciones globales ya que pa\u00edses de todo el mundo perdieron o est\u00e1n al borde de perder el estatus de eliminaci\u00f3n del sarampi\u00f3n. La Organizaci\u00f3n Mundial de la Salud (OMS) anunci\u00f3 a [&hellip;]","og_url":"https:\/\/www.eldiario.net\/portal\/2026\/03\/01\/retorica-antivacunas-de-eeuu-puede-afectar-crisis-mundial-del-sarampion\/","og_site_name":"El Diario - Bolivia","article_publisher":"https:\/\/www.facebook.com\/eldiario.bolivia\/","article_published_time":"2026-03-01T12:42:38+00:00","og_image":[{"width":850,"height":537,"url":"https:\/\/www.eldiario.net\/portal\/wp-content\/uploads\/2026\/03\/VACUNAS-The-Guardian-copia.webp","type":"image\/webp"}],"author":"luis Camacho","twitter_card":"summary_large_image","twitter_creator":"@eldiario_net","twitter_site":"@eldiario_net","twitter_misc":{"Escrito por":"luis Camacho","Tiempo de lectura":"4 minutos"},"schema":{"@context":"https:\/\/schema.org","@graph":[{"@type":"Article","@id":"https:\/\/www.eldiario.net\/portal\/2026\/03\/01\/retorica-antivacunas-de-eeuu-puede-afectar-crisis-mundial-del-sarampion\/#article","isPartOf":{"@id":"https:\/\/www.eldiario.net\/portal\/2026\/03\/01\/retorica-antivacunas-de-eeuu-puede-afectar-crisis-mundial-del-sarampion\/"},"author":{"name":"luis Camacho","@id":"https:\/\/www.eldiario.net\/portal\/#\/schema\/person\/cab1ae4db27e5f008a62cbffb05fbfee"},"headline":"Ret\u00f3rica antivacunas de EEUU puede afectar crisis mundial del sarampi\u00f3n","datePublished":"2026-03-01T12:42:38+00:00","mainEntityOfPage":{"@id":"https:\/\/www.eldiario.net\/portal\/2026\/03\/01\/retorica-antivacunas-de-eeuu-puede-afectar-crisis-mundial-del-sarampion\/"},"wordCount":919,"publisher":{"@id":"https:\/\/www.eldiario.net\/portal\/#organization"},"image":{"@id":"https:\/\/www.eldiario.net\/portal\/2026\/03\/01\/retorica-antivacunas-de-eeuu-puede-afectar-crisis-mundial-del-sarampion\/#primaryimage"},"thumbnailUrl":"https:\/\/www.eldiario.net\/portal\/wp-content\/uploads\/2026\/03\/VACUNAS-The-Guardian-copia.webp","articleSection":["Internacional"],"inLanguage":"es"},{"@type":"WebPage","@id":"https:\/\/www.eldiario.net\/portal\/2026\/03\/01\/retorica-antivacunas-de-eeuu-puede-afectar-crisis-mundial-del-sarampion\/","url":"https:\/\/www.eldiario.net\/portal\/2026\/03\/01\/retorica-antivacunas-de-eeuu-puede-afectar-crisis-mundial-del-sarampion\/","name":"Ret\u00f3rica antivacunas de EEUU puede afectar crisis mundial del sarampi\u00f3n - El Diario - Bolivia","isPartOf":{"@id":"https:\/\/www.eldiario.net\/portal\/#website"},"primaryImageOfPage":{"@id":"https:\/\/www.eldiario.net\/portal\/2026\/03\/01\/retorica-antivacunas-de-eeuu-puede-afectar-crisis-mundial-del-sarampion\/#primaryimage"},"image":{"@id":"https:\/\/www.eldiario.net\/portal\/2026\/03\/01\/retorica-antivacunas-de-eeuu-puede-afectar-crisis-mundial-del-sarampion\/#primaryimage"},"thumbnailUrl":"https:\/\/www.eldiario.net\/portal\/wp-content\/uploads\/2026\/03\/VACUNAS-The-Guardian-copia.webp","datePublished":"2026-03-01T12:42:38+00:00","breadcrumb":{"@id":"https:\/\/www.eldiario.net\/portal\/2026\/03\/01\/retorica-antivacunas-de-eeuu-puede-afectar-crisis-mundial-del-sarampion\/#breadcrumb"},"inLanguage":"es","potentialAction":[{"@type":"ReadAction","target":["https:\/\/www.eldiario.net\/portal\/2026\/03\/01\/retorica-antivacunas-de-eeuu-puede-afectar-crisis-mundial-del-sarampion\/"]}]},{"@type":"ImageObject","inLanguage":"es","@id":"https:\/\/www.eldiario.net\/portal\/2026\/03\/01\/retorica-antivacunas-de-eeuu-puede-afectar-crisis-mundial-del-sarampion\/#primaryimage","url":"https:\/\/www.eldiario.net\/portal\/wp-content\/uploads\/2026\/03\/VACUNAS-The-Guardian-copia.webp","contentUrl":"https:\/\/www.eldiario.net\/portal\/wp-content\/uploads\/2026\/03\/VACUNAS-The-Guardian-copia.webp","width":850,"height":537,"caption":"Pa\u00edses del mundo perdieron o est\u00e1n a punto de perder estatus de erradicaci\u00f3n del sarampi\u00f3n."},{"@type":"BreadcrumbList","@id":"https:\/\/www.eldiario.net\/portal\/2026\/03\/01\/retorica-antivacunas-de-eeuu-puede-afectar-crisis-mundial-del-sarampion\/#breadcrumb","itemListElement":[{"@type":"ListItem","position":1,"name":"Portada","item":"https:\/\/www.eldiario.net\/portal\/"},{"@type":"ListItem","position":2,"name":"Ret\u00f3rica antivacunas de EEUU puede afectar crisis mundial del sarampi\u00f3n"}]},{"@type":"WebSite","@id":"https:\/\/www.eldiario.net\/portal\/#website","url":"https:\/\/www.eldiario.net\/portal\/","name":"El Diario - Decano de la prensa nacional","description":"El Diario - Decano de la prensa nacional","publisher":{"@id":"https:\/\/www.eldiario.net\/portal\/#organization"},"potentialAction":[{"@type":"SearchAction","target":{"@type":"EntryPoint","urlTemplate":"https:\/\/www.eldiario.net\/portal\/?s={search_term_string}"},"query-input":{"@type":"PropertyValueSpecification","valueRequired":true,"valueName":"search_term_string"}}],"inLanguage":"es"},{"@type":"Organization","@id":"https:\/\/www.eldiario.net\/portal\/#organization","name":"El Diario - Decano de la prensa nacional","url":"https:\/\/www.eldiario.net\/portal\/","logo":{"@type":"ImageObject","inLanguage":"es","@id":"https:\/\/www.eldiario.net\/portal\/#\/schema\/logo\/image\/","url":"https:\/\/www.eldiario.net\/portal\/wp-content\/uploads\/2023\/07\/logo_ED.jpg","contentUrl":"https:\/\/www.eldiario.net\/portal\/wp-content\/uploads\/2023\/07\/logo_ED.jpg","width":272,"height":52,"caption":"El Diario - Decano de la prensa nacional"},"image":{"@id":"https:\/\/www.eldiario.net\/portal\/#\/schema\/logo\/image\/"},"sameAs":["https:\/\/www.facebook.com\/eldiario.bolivia\/","https:\/\/x.com\/eldiario_net"]},{"@type":"Person","@id":"https:\/\/www.eldiario.net\/portal\/#\/schema\/person\/cab1ae4db27e5f008a62cbffb05fbfee","name":"luis Camacho","image":{"@type":"ImageObject","inLanguage":"es","@id":"https:\/\/secure.gravatar.com\/avatar\/69ecb836b3826d5a2501bf06ab2a2f2c8ab211cc846758f395df21684cb38313?s=96&d=mm&r=g","url":"https:\/\/secure.gravatar.com\/avatar\/69ecb836b3826d5a2501bf06ab2a2f2c8ab211cc846758f395df21684cb38313?s=96&d=mm&r=g","contentUrl":"https:\/\/secure.gravatar.com\/avatar\/69ecb836b3826d5a2501bf06ab2a2f2c8ab211cc846758f395df21684cb38313?s=96&d=mm&r=g","caption":"luis Camacho"},"url":"https:\/\/www.eldiario.net\/portal\/author\/luis\/"}]}},"_links":{"self":[{"href":"https:\/\/www.eldiario.net\/portal\/wp-json\/wp\/v2\/posts\/372223","targetHints":{"allow":["GET"]}}],"collection":[{"href":"https:\/\/www.eldiario.net\/portal\/wp-json\/wp\/v2\/posts"}],"about":[{"href":"https:\/\/www.eldiario.net\/portal\/wp-json\/wp\/v2\/types\/post"}],"author":[{"embeddable":true,"href":"https:\/\/www.eldiario.net\/portal\/wp-json\/wp\/v2\/users\/2"}],"replies":[{"embeddable":true,"href":"https:\/\/www.eldiario.net\/portal\/wp-json\/wp\/v2\/comments?post=372223"}],"version-history":[{"count":1,"href":"https:\/\/www.eldiario.net\/portal\/wp-json\/wp\/v2\/posts\/372223\/revisions"}],"predecessor-version":[{"id":372225,"href":"https:\/\/www.eldiario.net\/portal\/wp-json\/wp\/v2\/posts\/372223\/revisions\/372225"}],"wp:featuredmedia":[{"embeddable":true,"href":"https:\/\/www.eldiario.net\/portal\/wp-json\/wp\/v2\/media\/372224"}],"wp:attachment":[{"href":"https:\/\/www.eldiario.net\/portal\/wp-json\/wp\/v2\/media?parent=372223"}],"wp:term":[{"taxonomy":"category","embeddable":true,"href":"https:\/\/www.eldiario.net\/portal\/wp-json\/wp\/v2\/categories?post=372223"},{"taxonomy":"post_tag","embeddable":true,"href":"https:\/\/www.eldiario.net\/portal\/wp-json\/wp\/v2\/tags?post=372223"}],"curies":[{"name":"wp","href":"https:\/\/api.w.org\/{rel}","templated":true}]}}