{"id":372220,"date":"2026-03-01T08:36:08","date_gmt":"2026-03-01T12:36:08","guid":{"rendered":"https:\/\/www.eldiario.net\/portal\/?p=372220"},"modified":"2026-03-01T08:36:08","modified_gmt":"2026-03-01T12:36:08","slug":"investigacion-de-accidente-aereo-en-el-alto-no-debe-politizarse","status":"publish","type":"post","link":"https:\/\/www.eldiario.net\/portal\/2026\/03\/01\/investigacion-de-accidente-aereo-en-el-alto-no-debe-politizarse\/","title":{"rendered":"Investigaci\u00f3n de accidente a\u00e9reo  en El Alto no debe politizarse"},"content":{"rendered":"<p>Pidiendo ayuda y atenci\u00f3n eficiente para todas las personas afectadas por el accidente a\u00e9reo acontecido el viernes en la ciudad de El Alto, el asamble\u00edsta nacional por La Paz, Alejandro Reyes, pidi\u00f3 que las investigaciones relacionadas a este siniestro sean claras y se evite que actores pol\u00edticos manipulen el tema para beneficio propio.<br \/>\nEn criterio del legislador pace\u00f1o, sobre toda la pol\u00e9mica alrededor del accidente a\u00e9reo y los actos vand\u00e1licos posteriores relacionados con su cargamento, debe establecerse como una prioridad la atenci\u00f3n r\u00e1pida para todas las familias que perdieron a uno de sus miembros en este hecho, as\u00ed como para quienes permanecen internados en nosocomios bajo distintos cuadros de salud.<br \/>\n\u201cEl lamentable accidente sucedido en la ciudad de El Alto, requiere una soluci\u00f3n r\u00e1pida para los afectados y sus familiares, adem\u00e1s de todas aquellas personas que hoy necesitan ayuda m\u00e9dica en los diferentes centros hospitalarios\u201d, dijo Reyes.<br \/>\nAsimismo, inst\u00f3 a autoridades de gobierno a enfocar su trabajo en el esclarecimiento de los hechos, con la finalidad de conocer los pormenores del caso, establecer posibles problemas en la aeronave protagonista del siniestro y hasta confirmar o descartar la existencia de errores humanos.<br \/>\n\u201cEs necesario conocer las condiciones materiales previas del avi\u00f3n y las razones del accidente, adem\u00e1s de establecer cualquier error humano o t\u00e9cnico que pudiera haber provocado lo sucedido\u201d, a\u00f1adi\u00f3.<br \/>\nPara Reyes, m\u00e1s all\u00e1 de los datos t\u00e9cnicos relacionados con el tr\u00e1gico evento y las medidas econ\u00f3micas o procedimientos que se asuman desde el Gobierno para mitigar los efectos del dinero sustra\u00eddo del avi\u00f3n siniestrado, es preciso evitar que el tema se politice y gente sin escr\u00fapulos obtenga alg\u00fan tipo de beneficio a costa de una tragedia.<br \/>\n\u201cNo podemos permitir que se politice el tema, la quema de los billetes tambi\u00e9n debe ser explicada con fundamentos por parte de autoridades del \u00e1rea\u201d, finaliz\u00f3.<br \/>\nAyer, el presidente Rodrigo Paz expres\u00f3 su solidaridad y condolencias a las familias de las v\u00edctimas del siniestro a\u00e9reo, ocurrido cerca al aeropuerto internacional de El Alto.<br \/>\n\u201cEs un d\u00eda de mucho dolor para la ciudad de El Alto y la Patria por el tr\u00e1gico accidente ocurrido en el aeropuerto de El Alto\u201d, manifest\u00f3 el mandatario a trav\u00e9s de su cuenta oficial en la red social X.<br \/>\nPor el mismo medio, los expresidentes Eduardo Rodr\u00edguez y Jorge Quiroga, se pronunciaron sobre la tragedia acontecida en la ciudad de El Alto, expresando su solidaridad con las familias de los fallecidos y una pronta recuperaci\u00f3n para quienes resultaron heridos tras el evento.<br \/>\nAmbos exmandatarios reprocharon los hechos vand\u00e1licos que tuvieron lugar despu\u00e9s del siniestro, mismos que perjudicaron las tareas de rescate de cuerpos y el trabajo de auxilio m\u00e9dico y contenci\u00f3n por parte de las Fuerzas Armadas y la Polic\u00eda Boliviana.<br \/>\n\u201cPor encima de ese oportunismo, destaco el civismo y dedicaci\u00f3n del personal m\u00e9dico, de nuestros bomberos, de los efectivos de la FFAA y Polic\u00eda, y de todos los voluntarios que respondieron y atendieron, con entrega total, este tr\u00e1gico derrape del avi\u00f3n en El Alto\u201d, desatac\u00f3 Quiroga.<br \/>\nPor su parte, Rodr\u00edguez pidi\u00f3 priorizar a todas las v\u00edctimas de la tragedia por sobre aquellas personas que buscan generar nuevos espacios de conflicto a partir de un hecho que enluta a todo un pa\u00eds.<br \/>\n\u201cSolidaridad y atenci\u00f3n prioritaria a las v\u00edctimas de la tragedia en el aeropuerto de El Alto. Censura para quienes en tan dif\u00edciles circunstancias pretenden tomar ventaja material, pol\u00edtica y de distorsi\u00f3n informativa\u201d, expres\u00f3 el exmandatario.<br \/>\nUno de los primeros actores pol\u00edticos que se manifestaron para generar alg\u00fan tipo de pol\u00e9mica alrededor del accidente a\u00e9reo en la ciudad de El Alto, fue el vicepresidente Edmand Lara, quien en un video difundido en la red TikTok trat\u00f3 de poner en duda la versi\u00f3n de autoridades respecto al origen de los billetes trasladados en el avi\u00f3n militar siniestrado, anunciando investigaciones y hasta denuncias al respecto.<br \/>\nSeg\u00fan la autoridad, el material monetario transportado por la aeronave siniestrada podr\u00eda devenir de un delito de legitimaci\u00f3n de ganancias. Como prueba de sus sospechas, Lara difundi\u00f3 la imagen de billetes en fajos doblados y separados con bandas el\u00e1sticas, fotograf\u00eda que posteriormente fue denunciada por haber sido generada con inteligencia artificial (IA).<br \/>\n\u201cNosotros vamos a presentar una denuncia y esos polic\u00edas que ahora est\u00e1n quemando van a tener que hacer sus informes e ir a declarar. Es que no podemos dejar las cosas as\u00ed. Alguien tiene que explicar el origen l\u00edcito de ese dinero\u201d, amenaz\u00f3.<\/p>\n","protected":false},"excerpt":{"rendered":"<p>Pidiendo ayuda y atenci\u00f3n eficiente para todas las personas afectadas por el accidente a\u00e9reo acontecido el viernes en la ciudad de El Alto, el asamble\u00edsta nacional por La Paz, Alejandro Reyes, pidi\u00f3 que las investigaciones relacionadas a este siniestro sean claras y se evite que actores pol\u00edticos manipulen el tema para beneficio propio. En criterio [&hellip;]<\/p>\n","protected":false},"author":2,"featured_media":372221,"comment_status":"closed","ping_status":"open","sticky":false,"template":"","format":"standard","meta":{"_acf_changed":false,"footnotes":""},"categories":[14],"tags":[],"class_list":["post-372220","post","type-post","status-publish","format-standard","has-post-thumbnail","category-politica"],"acf":{"antetitulo":"Piden claridad a las autoridades"},"yoast_head":"<!-- This site is optimized with the Yoast SEO plugin v28.4 - https:\/\/yoast.com\/product\/yoast-seo-wordpress\/ -->\n<title>Investigaci\u00f3n de accidente a\u00e9reo en El Alto no debe politizarse - El Diario - Bolivia<\/title>\n<meta name=\"robots\" content=\"index, follow, max-snippet:-1, max-image-preview:large, max-video-preview:-1\" \/>\n<link rel=\"canonical\" href=\"https:\/\/www.eldiario.net\/portal\/2026\/03\/01\/investigacion-de-accidente-aereo-en-el-alto-no-debe-politizarse\/\" \/>\n<meta property=\"og:locale\" content=\"es_ES\" \/>\n<meta property=\"og:type\" content=\"article\" \/>\n<meta property=\"og:title\" content=\"Investigaci\u00f3n de accidente a\u00e9reo en El Alto no debe politizarse - El Diario - Bolivia\" \/>\n<meta property=\"og:description\" content=\"Pidiendo ayuda y atenci\u00f3n eficiente para todas las personas afectadas por el accidente a\u00e9reo acontecido el viernes en la ciudad de El Alto, el asamble\u00edsta nacional por La Paz, Alejandro Reyes, pidi\u00f3 que las investigaciones relacionadas a este siniestro sean claras y se evite que actores pol\u00edticos manipulen el tema para beneficio propio. En criterio [&hellip;]\" \/>\n<meta property=\"og:url\" content=\"https:\/\/www.eldiario.net\/portal\/2026\/03\/01\/investigacion-de-accidente-aereo-en-el-alto-no-debe-politizarse\/\" \/>\n<meta property=\"og:site_name\" content=\"El Diario - Bolivia\" \/>\n<meta property=\"article:publisher\" content=\"https:\/\/www.facebook.com\/eldiario.bolivia\/\" \/>\n<meta property=\"article:published_time\" content=\"2026-03-01T12:36:08+00:00\" \/>\n<meta property=\"og:image\" content=\"https:\/\/www.eldiario.net\/portal\/wp-content\/uploads\/2026\/03\/40-POL-copia.webp\" \/>\n\t<meta property=\"og:image:width\" content=\"1280\" \/>\n\t<meta property=\"og:image:height\" content=\"853\" \/>\n\t<meta property=\"og:image:type\" content=\"image\/webp\" \/>\n<meta name=\"author\" content=\"luis Camacho\" \/>\n<meta name=\"twitter:card\" content=\"summary_large_image\" \/>\n<meta name=\"twitter:creator\" content=\"@eldiario_net\" \/>\n<meta name=\"twitter:site\" content=\"@eldiario_net\" \/>\n<meta name=\"twitter:label1\" content=\"Escrito por\" \/>\n\t<meta name=\"twitter:data1\" content=\"luis Camacho\" \/>\n\t<meta name=\"twitter:label2\" content=\"Tiempo de lectura\" \/>\n\t<meta name=\"twitter:data2\" content=\"4 minutos\" \/>\n<script type=\"application\/ld+json\" class=\"yoast-schema-graph\">{\"@context\":\"https:\\\/\\\/schema.org\",\"@graph\":[{\"@type\":\"Article\",\"@id\":\"https:\\\/\\\/www.eldiario.net\\\/portal\\\/2026\\\/03\\\/01\\\/investigacion-de-accidente-aereo-en-el-alto-no-debe-politizarse\\\/#article\",\"isPartOf\":{\"@id\":\"https:\\\/\\\/www.eldiario.net\\\/portal\\\/2026\\\/03\\\/01\\\/investigacion-de-accidente-aereo-en-el-alto-no-debe-politizarse\\\/\"},\"author\":{\"name\":\"luis Camacho\",\"@id\":\"https:\\\/\\\/www.eldiario.net\\\/portal\\\/#\\\/schema\\\/person\\\/cab1ae4db27e5f008a62cbffb05fbfee\"},\"headline\":\"Investigaci\u00f3n de accidente a\u00e9reo en El Alto no debe politizarse\",\"datePublished\":\"2026-03-01T12:36:08+00:00\",\"mainEntityOfPage\":{\"@id\":\"https:\\\/\\\/www.eldiario.net\\\/portal\\\/2026\\\/03\\\/01\\\/investigacion-de-accidente-aereo-en-el-alto-no-debe-politizarse\\\/\"},\"wordCount\":808,\"publisher\":{\"@id\":\"https:\\\/\\\/www.eldiario.net\\\/portal\\\/#organization\"},\"image\":{\"@id\":\"https:\\\/\\\/www.eldiario.net\\\/portal\\\/2026\\\/03\\\/01\\\/investigacion-de-accidente-aereo-en-el-alto-no-debe-politizarse\\\/#primaryimage\"},\"thumbnailUrl\":\"https:\\\/\\\/www.eldiario.net\\\/portal\\\/wp-content\\\/uploads\\\/2026\\\/03\\\/40-POL-copia.webp\",\"articleSection\":[\"Pol\u00edtica\"],\"inLanguage\":\"es\"},{\"@type\":\"WebPage\",\"@id\":\"https:\\\/\\\/www.eldiario.net\\\/portal\\\/2026\\\/03\\\/01\\\/investigacion-de-accidente-aereo-en-el-alto-no-debe-politizarse\\\/\",\"url\":\"https:\\\/\\\/www.eldiario.net\\\/portal\\\/2026\\\/03\\\/01\\\/investigacion-de-accidente-aereo-en-el-alto-no-debe-politizarse\\\/\",\"name\":\"Investigaci\u00f3n de accidente a\u00e9reo en El Alto no debe politizarse - El Diario - Bolivia\",\"isPartOf\":{\"@id\":\"https:\\\/\\\/www.eldiario.net\\\/portal\\\/#website\"},\"primaryImageOfPage\":{\"@id\":\"https:\\\/\\\/www.eldiario.net\\\/portal\\\/2026\\\/03\\\/01\\\/investigacion-de-accidente-aereo-en-el-alto-no-debe-politizarse\\\/#primaryimage\"},\"image\":{\"@id\":\"https:\\\/\\\/www.eldiario.net\\\/portal\\\/2026\\\/03\\\/01\\\/investigacion-de-accidente-aereo-en-el-alto-no-debe-politizarse\\\/#primaryimage\"},\"thumbnailUrl\":\"https:\\\/\\\/www.eldiario.net\\\/portal\\\/wp-content\\\/uploads\\\/2026\\\/03\\\/40-POL-copia.webp\",\"datePublished\":\"2026-03-01T12:36:08+00:00\",\"breadcrumb\":{\"@id\":\"https:\\\/\\\/www.eldiario.net\\\/portal\\\/2026\\\/03\\\/01\\\/investigacion-de-accidente-aereo-en-el-alto-no-debe-politizarse\\\/#breadcrumb\"},\"inLanguage\":\"es\",\"potentialAction\":[{\"@type\":\"ReadAction\",\"target\":[\"https:\\\/\\\/www.eldiario.net\\\/portal\\\/2026\\\/03\\\/01\\\/investigacion-de-accidente-aereo-en-el-alto-no-debe-politizarse\\\/\"]}]},{\"@type\":\"ImageObject\",\"inLanguage\":\"es\",\"@id\":\"https:\\\/\\\/www.eldiario.net\\\/portal\\\/2026\\\/03\\\/01\\\/investigacion-de-accidente-aereo-en-el-alto-no-debe-politizarse\\\/#primaryimage\",\"url\":\"https:\\\/\\\/www.eldiario.net\\\/portal\\\/wp-content\\\/uploads\\\/2026\\\/03\\\/40-POL-copia.webp\",\"contentUrl\":\"https:\\\/\\\/www.eldiario.net\\\/portal\\\/wp-content\\\/uploads\\\/2026\\\/03\\\/40-POL-copia.webp\",\"width\":1280,\"height\":853,\"caption\":\"Avi\u00f3n siniestrado en la ciudad de El Alto.\"},{\"@type\":\"BreadcrumbList\",\"@id\":\"https:\\\/\\\/www.eldiario.net\\\/portal\\\/2026\\\/03\\\/01\\\/investigacion-de-accidente-aereo-en-el-alto-no-debe-politizarse\\\/#breadcrumb\",\"itemListElement\":[{\"@type\":\"ListItem\",\"position\":1,\"name\":\"Portada\",\"item\":\"https:\\\/\\\/www.eldiario.net\\\/portal\\\/\"},{\"@type\":\"ListItem\",\"position\":2,\"name\":\"Investigaci\u00f3n de accidente a\u00e9reo en El Alto no debe politizarse\"}]},{\"@type\":\"WebSite\",\"@id\":\"https:\\\/\\\/www.eldiario.net\\\/portal\\\/#website\",\"url\":\"https:\\\/\\\/www.eldiario.net\\\/portal\\\/\",\"name\":\"El Diario - Decano de la prensa nacional\",\"description\":\"El Diario - Decano de la prensa nacional\",\"publisher\":{\"@id\":\"https:\\\/\\\/www.eldiario.net\\\/portal\\\/#organization\"},\"potentialAction\":[{\"@type\":\"SearchAction\",\"target\":{\"@type\":\"EntryPoint\",\"urlTemplate\":\"https:\\\/\\\/www.eldiario.net\\\/portal\\\/?s={search_term_string}\"},\"query-input\":{\"@type\":\"PropertyValueSpecification\",\"valueRequired\":true,\"valueName\":\"search_term_string\"}}],\"inLanguage\":\"es\"},{\"@type\":\"Organization\",\"@id\":\"https:\\\/\\\/www.eldiario.net\\\/portal\\\/#organization\",\"name\":\"El Diario - Decano de la prensa nacional\",\"url\":\"https:\\\/\\\/www.eldiario.net\\\/portal\\\/\",\"logo\":{\"@type\":\"ImageObject\",\"inLanguage\":\"es\",\"@id\":\"https:\\\/\\\/www.eldiario.net\\\/portal\\\/#\\\/schema\\\/logo\\\/image\\\/\",\"url\":\"https:\\\/\\\/www.eldiario.net\\\/portal\\\/wp-content\\\/uploads\\\/2023\\\/07\\\/logo_ED.jpg\",\"contentUrl\":\"https:\\\/\\\/www.eldiario.net\\\/portal\\\/wp-content\\\/uploads\\\/2023\\\/07\\\/logo_ED.jpg\",\"width\":272,\"height\":52,\"caption\":\"El Diario - Decano de la prensa nacional\"},\"image\":{\"@id\":\"https:\\\/\\\/www.eldiario.net\\\/portal\\\/#\\\/schema\\\/logo\\\/image\\\/\"},\"sameAs\":[\"https:\\\/\\\/www.facebook.com\\\/eldiario.bolivia\\\/\",\"https:\\\/\\\/x.com\\\/eldiario_net\"]},{\"@type\":\"Person\",\"@id\":\"https:\\\/\\\/www.eldiario.net\\\/portal\\\/#\\\/schema\\\/person\\\/cab1ae4db27e5f008a62cbffb05fbfee\",\"name\":\"luis Camacho\",\"image\":{\"@type\":\"ImageObject\",\"inLanguage\":\"es\",\"@id\":\"https:\\\/\\\/secure.gravatar.com\\\/avatar\\\/69ecb836b3826d5a2501bf06ab2a2f2c8ab211cc846758f395df21684cb38313?s=96&d=mm&r=g\",\"url\":\"https:\\\/\\\/secure.gravatar.com\\\/avatar\\\/69ecb836b3826d5a2501bf06ab2a2f2c8ab211cc846758f395df21684cb38313?s=96&d=mm&r=g\",\"contentUrl\":\"https:\\\/\\\/secure.gravatar.com\\\/avatar\\\/69ecb836b3826d5a2501bf06ab2a2f2c8ab211cc846758f395df21684cb38313?s=96&d=mm&r=g\",\"caption\":\"luis Camacho\"},\"url\":\"https:\\\/\\\/www.eldiario.net\\\/portal\\\/author\\\/luis\\\/\"}]}<\/script>\n<!-- \/ Yoast SEO plugin. -->","yoast_head_json":{"title":"Investigaci\u00f3n de accidente a\u00e9reo en El Alto no debe politizarse - El Diario - Bolivia","robots":{"index":"index","follow":"follow","max-snippet":"max-snippet:-1","max-image-preview":"max-image-preview:large","max-video-preview":"max-video-preview:-1"},"canonical":"https:\/\/www.eldiario.net\/portal\/2026\/03\/01\/investigacion-de-accidente-aereo-en-el-alto-no-debe-politizarse\/","og_locale":"es_ES","og_type":"article","og_title":"Investigaci\u00f3n de accidente a\u00e9reo en El Alto no debe politizarse - El Diario - Bolivia","og_description":"Pidiendo ayuda y atenci\u00f3n eficiente para todas las personas afectadas por el accidente a\u00e9reo acontecido el viernes en la ciudad de El Alto, el asamble\u00edsta nacional por La Paz, Alejandro Reyes, pidi\u00f3 que las investigaciones relacionadas a este siniestro sean claras y se evite que actores pol\u00edticos manipulen el tema para beneficio propio. En criterio [&hellip;]","og_url":"https:\/\/www.eldiario.net\/portal\/2026\/03\/01\/investigacion-de-accidente-aereo-en-el-alto-no-debe-politizarse\/","og_site_name":"El Diario - Bolivia","article_publisher":"https:\/\/www.facebook.com\/eldiario.bolivia\/","article_published_time":"2026-03-01T12:36:08+00:00","og_image":[{"width":1280,"height":853,"url":"https:\/\/www.eldiario.net\/portal\/wp-content\/uploads\/2026\/03\/40-POL-copia.webp","type":"image\/webp"}],"author":"luis Camacho","twitter_card":"summary_large_image","twitter_creator":"@eldiario_net","twitter_site":"@eldiario_net","twitter_misc":{"Escrito por":"luis Camacho","Tiempo de lectura":"4 minutos"},"schema":{"@context":"https:\/\/schema.org","@graph":[{"@type":"Article","@id":"https:\/\/www.eldiario.net\/portal\/2026\/03\/01\/investigacion-de-accidente-aereo-en-el-alto-no-debe-politizarse\/#article","isPartOf":{"@id":"https:\/\/www.eldiario.net\/portal\/2026\/03\/01\/investigacion-de-accidente-aereo-en-el-alto-no-debe-politizarse\/"},"author":{"name":"luis Camacho","@id":"https:\/\/www.eldiario.net\/portal\/#\/schema\/person\/cab1ae4db27e5f008a62cbffb05fbfee"},"headline":"Investigaci\u00f3n de accidente a\u00e9reo en El Alto no debe politizarse","datePublished":"2026-03-01T12:36:08+00:00","mainEntityOfPage":{"@id":"https:\/\/www.eldiario.net\/portal\/2026\/03\/01\/investigacion-de-accidente-aereo-en-el-alto-no-debe-politizarse\/"},"wordCount":808,"publisher":{"@id":"https:\/\/www.eldiario.net\/portal\/#organization"},"image":{"@id":"https:\/\/www.eldiario.net\/portal\/2026\/03\/01\/investigacion-de-accidente-aereo-en-el-alto-no-debe-politizarse\/#primaryimage"},"thumbnailUrl":"https:\/\/www.eldiario.net\/portal\/wp-content\/uploads\/2026\/03\/40-POL-copia.webp","articleSection":["Pol\u00edtica"],"inLanguage":"es"},{"@type":"WebPage","@id":"https:\/\/www.eldiario.net\/portal\/2026\/03\/01\/investigacion-de-accidente-aereo-en-el-alto-no-debe-politizarse\/","url":"https:\/\/www.eldiario.net\/portal\/2026\/03\/01\/investigacion-de-accidente-aereo-en-el-alto-no-debe-politizarse\/","name":"Investigaci\u00f3n de accidente a\u00e9reo en El Alto no debe politizarse - El Diario - Bolivia","isPartOf":{"@id":"https:\/\/www.eldiario.net\/portal\/#website"},"primaryImageOfPage":{"@id":"https:\/\/www.eldiario.net\/portal\/2026\/03\/01\/investigacion-de-accidente-aereo-en-el-alto-no-debe-politizarse\/#primaryimage"},"image":{"@id":"https:\/\/www.eldiario.net\/portal\/2026\/03\/01\/investigacion-de-accidente-aereo-en-el-alto-no-debe-politizarse\/#primaryimage"},"thumbnailUrl":"https:\/\/www.eldiario.net\/portal\/wp-content\/uploads\/2026\/03\/40-POL-copia.webp","datePublished":"2026-03-01T12:36:08+00:00","breadcrumb":{"@id":"https:\/\/www.eldiario.net\/portal\/2026\/03\/01\/investigacion-de-accidente-aereo-en-el-alto-no-debe-politizarse\/#breadcrumb"},"inLanguage":"es","potentialAction":[{"@type":"ReadAction","target":["https:\/\/www.eldiario.net\/portal\/2026\/03\/01\/investigacion-de-accidente-aereo-en-el-alto-no-debe-politizarse\/"]}]},{"@type":"ImageObject","inLanguage":"es","@id":"https:\/\/www.eldiario.net\/portal\/2026\/03\/01\/investigacion-de-accidente-aereo-en-el-alto-no-debe-politizarse\/#primaryimage","url":"https:\/\/www.eldiario.net\/portal\/wp-content\/uploads\/2026\/03\/40-POL-copia.webp","contentUrl":"https:\/\/www.eldiario.net\/portal\/wp-content\/uploads\/2026\/03\/40-POL-copia.webp","width":1280,"height":853,"caption":"Avi\u00f3n siniestrado en la ciudad de El Alto."},{"@type":"BreadcrumbList","@id":"https:\/\/www.eldiario.net\/portal\/2026\/03\/01\/investigacion-de-accidente-aereo-en-el-alto-no-debe-politizarse\/#breadcrumb","itemListElement":[{"@type":"ListItem","position":1,"name":"Portada","item":"https:\/\/www.eldiario.net\/portal\/"},{"@type":"ListItem","position":2,"name":"Investigaci\u00f3n de accidente a\u00e9reo en El Alto no debe politizarse"}]},{"@type":"WebSite","@id":"https:\/\/www.eldiario.net\/portal\/#website","url":"https:\/\/www.eldiario.net\/portal\/","name":"El Diario - Decano de la prensa nacional","description":"El Diario - Decano de la prensa nacional","publisher":{"@id":"https:\/\/www.eldiario.net\/portal\/#organization"},"potentialAction":[{"@type":"SearchAction","target":{"@type":"EntryPoint","urlTemplate":"https:\/\/www.eldiario.net\/portal\/?s={search_term_string}"},"query-input":{"@type":"PropertyValueSpecification","valueRequired":true,"valueName":"search_term_string"}}],"inLanguage":"es"},{"@type":"Organization","@id":"https:\/\/www.eldiario.net\/portal\/#organization","name":"El Diario - Decano de la prensa nacional","url":"https:\/\/www.eldiario.net\/portal\/","logo":{"@type":"ImageObject","inLanguage":"es","@id":"https:\/\/www.eldiario.net\/portal\/#\/schema\/logo\/image\/","url":"https:\/\/www.eldiario.net\/portal\/wp-content\/uploads\/2023\/07\/logo_ED.jpg","contentUrl":"https:\/\/www.eldiario.net\/portal\/wp-content\/uploads\/2023\/07\/logo_ED.jpg","width":272,"height":52,"caption":"El Diario - Decano de la prensa nacional"},"image":{"@id":"https:\/\/www.eldiario.net\/portal\/#\/schema\/logo\/image\/"},"sameAs":["https:\/\/www.facebook.com\/eldiario.bolivia\/","https:\/\/x.com\/eldiario_net"]},{"@type":"Person","@id":"https:\/\/www.eldiario.net\/portal\/#\/schema\/person\/cab1ae4db27e5f008a62cbffb05fbfee","name":"luis Camacho","image":{"@type":"ImageObject","inLanguage":"es","@id":"https:\/\/secure.gravatar.com\/avatar\/69ecb836b3826d5a2501bf06ab2a2f2c8ab211cc846758f395df21684cb38313?s=96&d=mm&r=g","url":"https:\/\/secure.gravatar.com\/avatar\/69ecb836b3826d5a2501bf06ab2a2f2c8ab211cc846758f395df21684cb38313?s=96&d=mm&r=g","contentUrl":"https:\/\/secure.gravatar.com\/avatar\/69ecb836b3826d5a2501bf06ab2a2f2c8ab211cc846758f395df21684cb38313?s=96&d=mm&r=g","caption":"luis Camacho"},"url":"https:\/\/www.eldiario.net\/portal\/author\/luis\/"}]}},"_links":{"self":[{"href":"https:\/\/www.eldiario.net\/portal\/wp-json\/wp\/v2\/posts\/372220","targetHints":{"allow":["GET"]}}],"collection":[{"href":"https:\/\/www.eldiario.net\/portal\/wp-json\/wp\/v2\/posts"}],"about":[{"href":"https:\/\/www.eldiario.net\/portal\/wp-json\/wp\/v2\/types\/post"}],"author":[{"embeddable":true,"href":"https:\/\/www.eldiario.net\/portal\/wp-json\/wp\/v2\/users\/2"}],"replies":[{"embeddable":true,"href":"https:\/\/www.eldiario.net\/portal\/wp-json\/wp\/v2\/comments?post=372220"}],"version-history":[{"count":1,"href":"https:\/\/www.eldiario.net\/portal\/wp-json\/wp\/v2\/posts\/372220\/revisions"}],"predecessor-version":[{"id":372222,"href":"https:\/\/www.eldiario.net\/portal\/wp-json\/wp\/v2\/posts\/372220\/revisions\/372222"}],"wp:featuredmedia":[{"embeddable":true,"href":"https:\/\/www.eldiario.net\/portal\/wp-json\/wp\/v2\/media\/372221"}],"wp:attachment":[{"href":"https:\/\/www.eldiario.net\/portal\/wp-json\/wp\/v2\/media?parent=372220"}],"wp:term":[{"taxonomy":"category","embeddable":true,"href":"https:\/\/www.eldiario.net\/portal\/wp-json\/wp\/v2\/categories?post=372220"},{"taxonomy":"post_tag","embeddable":true,"href":"https:\/\/www.eldiario.net\/portal\/wp-json\/wp\/v2\/tags?post=372220"}],"curies":[{"name":"wp","href":"https:\/\/api.w.org\/{rel}","templated":true}]}}