{"id":372217,"date":"2026-03-01T08:32:24","date_gmt":"2026-03-01T12:32:24","guid":{"rendered":"https:\/\/www.eldiario.net\/portal\/?p=372217"},"modified":"2026-03-01T08:32:24","modified_gmt":"2026-03-01T12:32:24","slug":"reprochan-calculo-politico-y-excesivo-cinismo-de-lara","status":"publish","type":"post","link":"https:\/\/www.eldiario.net\/portal\/2026\/03\/01\/reprochan-calculo-politico-y-excesivo-cinismo-de-lara\/","title":{"rendered":"Reprochan c\u00e1lculo pol\u00edtico  y excesivo cinismo de Lara"},"content":{"rendered":"<p>Advierten que el presidente nato de la ALP trata de emular su relaci\u00f3n con el \u00d3rgano Ejecutivo, emitiendo fuertes acusaciones, retroceder y posteriormente atacar de nuevo.<br \/>\nTras las disculpas p\u00fablicas expresadas por el vicepresidente Edmand Lara, hacia los miembros de la Asamblea Legislativa Plurinacional (ALP), a quienes anteriormente acus\u00f3 de corruptos y delincuentes, el exdiputado Am\u00edlcar Barral reproch\u00f3 el excesivo c\u00e1lculo pol\u00edtico y hasta el cinismo demostrado por la autoridad, lamentando que legisladores hasta la fecha no hayan iniciado procesos formales ante las calumnias vertidas por la segunda autoridad del pa\u00eds.<br \/>\nA trav\u00e9s de sus redes sociales, Barral lament\u00f3 que las palabras del vicepresidente hayan llegado a un punto en que se super\u00f3 toda forma de \u201ccinismo\u201d y falta de coherencia al momento de emitir acusaciones y denuncias hacia asamble\u00edstas nacionales, adem\u00e1s generalizando criterios.<br \/>\nEn criterio del exparlamentario, a la falta de criterio para acusar, se suma una completa ausencia de c\u00e1lculo para buscar apoyo pol\u00edtico al momento de cuestionar al gobierno, esto por buscar respaldo de la ALP para la censura de una autoridad despu\u00e9s de haber emitido duras cr\u00edticas al trabajo de los legisladores.<br \/>\n\u201cYo, como Diputado o como Senador, me sentir\u00eda ofendido en mi dignidad cuando un tipo me hable de recibir sobornos para cumplir mi trabajo. Me extra\u00f1\u00f3 que ninguno de los legisladores le haya planteado un proceso penal\u201d, observ\u00f3.<br \/>\nSeg\u00fan Barral, lo que el presidente nato de la ALP trata de hacer con el Parlamento es emular su relaci\u00f3n con el \u00d3rgano Ejecutivo, emitiendo fuertes acusaciones, retroceder y posteriormente atacar de nuevo.<br \/>\n\u201cLo que me sorprende y molesta es que sea tan c\u00ednico y calculador que tranquilamente inicie sesi\u00f3n de Congreso pidiendo disculpas\u201d, sostuvo.<br \/>\n\u201cEl vicepresidente ya est\u00e1 pasando el l\u00edmite de la locura y hoy por hoy se quiere burlar tambi\u00e9n de la Asamblea Legislativa Plurinacional (\u2026), seguramente lo ha hecho con el \u00e1nimo de querer censurar a un ministro, pero no ha cumplido lo que dicen los reglamentos de las c\u00e1maras legislativas, \u00e9l cree que tiene la raz\u00f3n en todo y no es as\u00ed, primero hay que cumplir las leyes y la Constituci\u00f3n Pol\u00edtica del Estado\u201d, agreg\u00f3 el exdiputado.<\/p>\n","protected":false},"excerpt":{"rendered":"<p>Advierten que el presidente nato de la ALP trata de emular su relaci\u00f3n con el \u00d3rgano Ejecutivo, emitiendo fuertes acusaciones, retroceder y posteriormente atacar de nuevo. Tras las disculpas p\u00fablicas expresadas por el vicepresidente Edmand Lara, hacia los miembros de la Asamblea Legislativa Plurinacional (ALP), a quienes anteriormente acus\u00f3 de corruptos y delincuentes, el exdiputado [&hellip;]<\/p>\n","protected":false},"author":2,"featured_media":372218,"comment_status":"closed","ping_status":"open","sticky":false,"template":"","format":"standard","meta":{"_acf_changed":false,"footnotes":""},"categories":[14],"tags":[],"class_list":["post-372217","post","type-post","status-publish","format-standard","has-post-thumbnail","category-politica"],"acf":{"antetitulo":"Falta de criterio para acusar"},"yoast_head":"<!-- This site is optimized with the Yoast SEO plugin v28.4 - https:\/\/yoast.com\/product\/yoast-seo-wordpress\/ -->\n<title>Reprochan c\u00e1lculo pol\u00edtico y excesivo cinismo de Lara - El Diario - Bolivia<\/title>\n<meta name=\"robots\" content=\"index, follow, max-snippet:-1, max-image-preview:large, max-video-preview:-1\" \/>\n<link rel=\"canonical\" href=\"https:\/\/www.eldiario.net\/portal\/2026\/03\/01\/reprochan-calculo-politico-y-excesivo-cinismo-de-lara\/\" \/>\n<meta property=\"og:locale\" content=\"es_ES\" \/>\n<meta property=\"og:type\" content=\"article\" \/>\n<meta property=\"og:title\" content=\"Reprochan c\u00e1lculo pol\u00edtico y excesivo cinismo de Lara - El Diario - Bolivia\" \/>\n<meta property=\"og:description\" content=\"Advierten que el presidente nato de la ALP trata de emular su relaci\u00f3n con el \u00d3rgano Ejecutivo, emitiendo fuertes acusaciones, retroceder y posteriormente atacar de nuevo. Tras las disculpas p\u00fablicas expresadas por el vicepresidente Edmand Lara, hacia los miembros de la Asamblea Legislativa Plurinacional (ALP), a quienes anteriormente acus\u00f3 de corruptos y delincuentes, el exdiputado [&hellip;]\" \/>\n<meta property=\"og:url\" content=\"https:\/\/www.eldiario.net\/portal\/2026\/03\/01\/reprochan-calculo-politico-y-excesivo-cinismo-de-lara\/\" \/>\n<meta property=\"og:site_name\" content=\"El Diario - Bolivia\" \/>\n<meta property=\"article:publisher\" content=\"https:\/\/www.facebook.com\/eldiario.bolivia\/\" \/>\n<meta property=\"article:published_time\" content=\"2026-03-01T12:32:24+00:00\" \/>\n<meta property=\"og:image\" content=\"https:\/\/www.eldiario.net\/portal\/wp-content\/uploads\/2026\/03\/41-POL.jpg\" \/>\n\t<meta property=\"og:image:width\" content=\"980\" \/>\n\t<meta property=\"og:image:height\" content=\"547\" \/>\n\t<meta property=\"og:image:type\" content=\"image\/jpeg\" \/>\n<meta name=\"author\" content=\"luis Camacho\" \/>\n<meta name=\"twitter:card\" content=\"summary_large_image\" \/>\n<meta name=\"twitter:creator\" content=\"@eldiario_net\" \/>\n<meta name=\"twitter:site\" content=\"@eldiario_net\" \/>\n<meta name=\"twitter:label1\" content=\"Escrito por\" \/>\n\t<meta name=\"twitter:data1\" content=\"luis Camacho\" \/>\n\t<meta name=\"twitter:label2\" content=\"Tiempo de lectura\" \/>\n\t<meta name=\"twitter:data2\" content=\"2 minutos\" \/>\n<script type=\"application\/ld+json\" class=\"yoast-schema-graph\">{\"@context\":\"https:\\\/\\\/schema.org\",\"@graph\":[{\"@type\":\"Article\",\"@id\":\"https:\\\/\\\/www.eldiario.net\\\/portal\\\/2026\\\/03\\\/01\\\/reprochan-calculo-politico-y-excesivo-cinismo-de-lara\\\/#article\",\"isPartOf\":{\"@id\":\"https:\\\/\\\/www.eldiario.net\\\/portal\\\/2026\\\/03\\\/01\\\/reprochan-calculo-politico-y-excesivo-cinismo-de-lara\\\/\"},\"author\":{\"name\":\"luis Camacho\",\"@id\":\"https:\\\/\\\/www.eldiario.net\\\/portal\\\/#\\\/schema\\\/person\\\/cab1ae4db27e5f008a62cbffb05fbfee\"},\"headline\":\"Reprochan c\u00e1lculo pol\u00edtico y excesivo cinismo de Lara\",\"datePublished\":\"2026-03-01T12:32:24+00:00\",\"mainEntityOfPage\":{\"@id\":\"https:\\\/\\\/www.eldiario.net\\\/portal\\\/2026\\\/03\\\/01\\\/reprochan-calculo-politico-y-excesivo-cinismo-de-lara\\\/\"},\"wordCount\":389,\"publisher\":{\"@id\":\"https:\\\/\\\/www.eldiario.net\\\/portal\\\/#organization\"},\"image\":{\"@id\":\"https:\\\/\\\/www.eldiario.net\\\/portal\\\/2026\\\/03\\\/01\\\/reprochan-calculo-politico-y-excesivo-cinismo-de-lara\\\/#primaryimage\"},\"thumbnailUrl\":\"https:\\\/\\\/www.eldiario.net\\\/portal\\\/wp-content\\\/uploads\\\/2026\\\/03\\\/41-POL.jpg\",\"articleSection\":[\"Pol\u00edtica\"],\"inLanguage\":\"es\"},{\"@type\":\"WebPage\",\"@id\":\"https:\\\/\\\/www.eldiario.net\\\/portal\\\/2026\\\/03\\\/01\\\/reprochan-calculo-politico-y-excesivo-cinismo-de-lara\\\/\",\"url\":\"https:\\\/\\\/www.eldiario.net\\\/portal\\\/2026\\\/03\\\/01\\\/reprochan-calculo-politico-y-excesivo-cinismo-de-lara\\\/\",\"name\":\"Reprochan c\u00e1lculo pol\u00edtico y excesivo cinismo de Lara - El Diario - Bolivia\",\"isPartOf\":{\"@id\":\"https:\\\/\\\/www.eldiario.net\\\/portal\\\/#website\"},\"primaryImageOfPage\":{\"@id\":\"https:\\\/\\\/www.eldiario.net\\\/portal\\\/2026\\\/03\\\/01\\\/reprochan-calculo-politico-y-excesivo-cinismo-de-lara\\\/#primaryimage\"},\"image\":{\"@id\":\"https:\\\/\\\/www.eldiario.net\\\/portal\\\/2026\\\/03\\\/01\\\/reprochan-calculo-politico-y-excesivo-cinismo-de-lara\\\/#primaryimage\"},\"thumbnailUrl\":\"https:\\\/\\\/www.eldiario.net\\\/portal\\\/wp-content\\\/uploads\\\/2026\\\/03\\\/41-POL.jpg\",\"datePublished\":\"2026-03-01T12:32:24+00:00\",\"breadcrumb\":{\"@id\":\"https:\\\/\\\/www.eldiario.net\\\/portal\\\/2026\\\/03\\\/01\\\/reprochan-calculo-politico-y-excesivo-cinismo-de-lara\\\/#breadcrumb\"},\"inLanguage\":\"es\",\"potentialAction\":[{\"@type\":\"ReadAction\",\"target\":[\"https:\\\/\\\/www.eldiario.net\\\/portal\\\/2026\\\/03\\\/01\\\/reprochan-calculo-politico-y-excesivo-cinismo-de-lara\\\/\"]}]},{\"@type\":\"ImageObject\",\"inLanguage\":\"es\",\"@id\":\"https:\\\/\\\/www.eldiario.net\\\/portal\\\/2026\\\/03\\\/01\\\/reprochan-calculo-politico-y-excesivo-cinismo-de-lara\\\/#primaryimage\",\"url\":\"https:\\\/\\\/www.eldiario.net\\\/portal\\\/wp-content\\\/uploads\\\/2026\\\/03\\\/41-POL.jpg\",\"contentUrl\":\"https:\\\/\\\/www.eldiario.net\\\/portal\\\/wp-content\\\/uploads\\\/2026\\\/03\\\/41-POL.jpg\",\"width\":980,\"height\":547,\"caption\":\"el Exdiputado Am\u00edlcar Barral.\"},{\"@type\":\"BreadcrumbList\",\"@id\":\"https:\\\/\\\/www.eldiario.net\\\/portal\\\/2026\\\/03\\\/01\\\/reprochan-calculo-politico-y-excesivo-cinismo-de-lara\\\/#breadcrumb\",\"itemListElement\":[{\"@type\":\"ListItem\",\"position\":1,\"name\":\"Portada\",\"item\":\"https:\\\/\\\/www.eldiario.net\\\/portal\\\/\"},{\"@type\":\"ListItem\",\"position\":2,\"name\":\"Reprochan c\u00e1lculo pol\u00edtico y excesivo cinismo de Lara\"}]},{\"@type\":\"WebSite\",\"@id\":\"https:\\\/\\\/www.eldiario.net\\\/portal\\\/#website\",\"url\":\"https:\\\/\\\/www.eldiario.net\\\/portal\\\/\",\"name\":\"El Diario - Decano de la prensa nacional\",\"description\":\"El Diario - Decano de la prensa nacional\",\"publisher\":{\"@id\":\"https:\\\/\\\/www.eldiario.net\\\/portal\\\/#organization\"},\"potentialAction\":[{\"@type\":\"SearchAction\",\"target\":{\"@type\":\"EntryPoint\",\"urlTemplate\":\"https:\\\/\\\/www.eldiario.net\\\/portal\\\/?s={search_term_string}\"},\"query-input\":{\"@type\":\"PropertyValueSpecification\",\"valueRequired\":true,\"valueName\":\"search_term_string\"}}],\"inLanguage\":\"es\"},{\"@type\":\"Organization\",\"@id\":\"https:\\\/\\\/www.eldiario.net\\\/portal\\\/#organization\",\"name\":\"El Diario - Decano de la prensa nacional\",\"url\":\"https:\\\/\\\/www.eldiario.net\\\/portal\\\/\",\"logo\":{\"@type\":\"ImageObject\",\"inLanguage\":\"es\",\"@id\":\"https:\\\/\\\/www.eldiario.net\\\/portal\\\/#\\\/schema\\\/logo\\\/image\\\/\",\"url\":\"https:\\\/\\\/www.eldiario.net\\\/portal\\\/wp-content\\\/uploads\\\/2023\\\/07\\\/logo_ED.jpg\",\"contentUrl\":\"https:\\\/\\\/www.eldiario.net\\\/portal\\\/wp-content\\\/uploads\\\/2023\\\/07\\\/logo_ED.jpg\",\"width\":272,\"height\":52,\"caption\":\"El Diario - Decano de la prensa nacional\"},\"image\":{\"@id\":\"https:\\\/\\\/www.eldiario.net\\\/portal\\\/#\\\/schema\\\/logo\\\/image\\\/\"},\"sameAs\":[\"https:\\\/\\\/www.facebook.com\\\/eldiario.bolivia\\\/\",\"https:\\\/\\\/x.com\\\/eldiario_net\"]},{\"@type\":\"Person\",\"@id\":\"https:\\\/\\\/www.eldiario.net\\\/portal\\\/#\\\/schema\\\/person\\\/cab1ae4db27e5f008a62cbffb05fbfee\",\"name\":\"luis Camacho\",\"image\":{\"@type\":\"ImageObject\",\"inLanguage\":\"es\",\"@id\":\"https:\\\/\\\/secure.gravatar.com\\\/avatar\\\/69ecb836b3826d5a2501bf06ab2a2f2c8ab211cc846758f395df21684cb38313?s=96&d=mm&r=g\",\"url\":\"https:\\\/\\\/secure.gravatar.com\\\/avatar\\\/69ecb836b3826d5a2501bf06ab2a2f2c8ab211cc846758f395df21684cb38313?s=96&d=mm&r=g\",\"contentUrl\":\"https:\\\/\\\/secure.gravatar.com\\\/avatar\\\/69ecb836b3826d5a2501bf06ab2a2f2c8ab211cc846758f395df21684cb38313?s=96&d=mm&r=g\",\"caption\":\"luis Camacho\"},\"url\":\"https:\\\/\\\/www.eldiario.net\\\/portal\\\/author\\\/luis\\\/\"}]}<\/script>\n<!-- \/ Yoast SEO plugin. -->","yoast_head_json":{"title":"Reprochan c\u00e1lculo pol\u00edtico y excesivo cinismo de Lara - El Diario - Bolivia","robots":{"index":"index","follow":"follow","max-snippet":"max-snippet:-1","max-image-preview":"max-image-preview:large","max-video-preview":"max-video-preview:-1"},"canonical":"https:\/\/www.eldiario.net\/portal\/2026\/03\/01\/reprochan-calculo-politico-y-excesivo-cinismo-de-lara\/","og_locale":"es_ES","og_type":"article","og_title":"Reprochan c\u00e1lculo pol\u00edtico y excesivo cinismo de Lara - El Diario - Bolivia","og_description":"Advierten que el presidente nato de la ALP trata de emular su relaci\u00f3n con el \u00d3rgano Ejecutivo, emitiendo fuertes acusaciones, retroceder y posteriormente atacar de nuevo. Tras las disculpas p\u00fablicas expresadas por el vicepresidente Edmand Lara, hacia los miembros de la Asamblea Legislativa Plurinacional (ALP), a quienes anteriormente acus\u00f3 de corruptos y delincuentes, el exdiputado [&hellip;]","og_url":"https:\/\/www.eldiario.net\/portal\/2026\/03\/01\/reprochan-calculo-politico-y-excesivo-cinismo-de-lara\/","og_site_name":"El Diario - Bolivia","article_publisher":"https:\/\/www.facebook.com\/eldiario.bolivia\/","article_published_time":"2026-03-01T12:32:24+00:00","og_image":[{"width":980,"height":547,"url":"https:\/\/www.eldiario.net\/portal\/wp-content\/uploads\/2026\/03\/41-POL.jpg","type":"image\/jpeg"}],"author":"luis Camacho","twitter_card":"summary_large_image","twitter_creator":"@eldiario_net","twitter_site":"@eldiario_net","twitter_misc":{"Escrito por":"luis Camacho","Tiempo de lectura":"2 minutos"},"schema":{"@context":"https:\/\/schema.org","@graph":[{"@type":"Article","@id":"https:\/\/www.eldiario.net\/portal\/2026\/03\/01\/reprochan-calculo-politico-y-excesivo-cinismo-de-lara\/#article","isPartOf":{"@id":"https:\/\/www.eldiario.net\/portal\/2026\/03\/01\/reprochan-calculo-politico-y-excesivo-cinismo-de-lara\/"},"author":{"name":"luis Camacho","@id":"https:\/\/www.eldiario.net\/portal\/#\/schema\/person\/cab1ae4db27e5f008a62cbffb05fbfee"},"headline":"Reprochan c\u00e1lculo pol\u00edtico y excesivo cinismo de Lara","datePublished":"2026-03-01T12:32:24+00:00","mainEntityOfPage":{"@id":"https:\/\/www.eldiario.net\/portal\/2026\/03\/01\/reprochan-calculo-politico-y-excesivo-cinismo-de-lara\/"},"wordCount":389,"publisher":{"@id":"https:\/\/www.eldiario.net\/portal\/#organization"},"image":{"@id":"https:\/\/www.eldiario.net\/portal\/2026\/03\/01\/reprochan-calculo-politico-y-excesivo-cinismo-de-lara\/#primaryimage"},"thumbnailUrl":"https:\/\/www.eldiario.net\/portal\/wp-content\/uploads\/2026\/03\/41-POL.jpg","articleSection":["Pol\u00edtica"],"inLanguage":"es"},{"@type":"WebPage","@id":"https:\/\/www.eldiario.net\/portal\/2026\/03\/01\/reprochan-calculo-politico-y-excesivo-cinismo-de-lara\/","url":"https:\/\/www.eldiario.net\/portal\/2026\/03\/01\/reprochan-calculo-politico-y-excesivo-cinismo-de-lara\/","name":"Reprochan c\u00e1lculo pol\u00edtico y excesivo cinismo de Lara - El Diario - Bolivia","isPartOf":{"@id":"https:\/\/www.eldiario.net\/portal\/#website"},"primaryImageOfPage":{"@id":"https:\/\/www.eldiario.net\/portal\/2026\/03\/01\/reprochan-calculo-politico-y-excesivo-cinismo-de-lara\/#primaryimage"},"image":{"@id":"https:\/\/www.eldiario.net\/portal\/2026\/03\/01\/reprochan-calculo-politico-y-excesivo-cinismo-de-lara\/#primaryimage"},"thumbnailUrl":"https:\/\/www.eldiario.net\/portal\/wp-content\/uploads\/2026\/03\/41-POL.jpg","datePublished":"2026-03-01T12:32:24+00:00","breadcrumb":{"@id":"https:\/\/www.eldiario.net\/portal\/2026\/03\/01\/reprochan-calculo-politico-y-excesivo-cinismo-de-lara\/#breadcrumb"},"inLanguage":"es","potentialAction":[{"@type":"ReadAction","target":["https:\/\/www.eldiario.net\/portal\/2026\/03\/01\/reprochan-calculo-politico-y-excesivo-cinismo-de-lara\/"]}]},{"@type":"ImageObject","inLanguage":"es","@id":"https:\/\/www.eldiario.net\/portal\/2026\/03\/01\/reprochan-calculo-politico-y-excesivo-cinismo-de-lara\/#primaryimage","url":"https:\/\/www.eldiario.net\/portal\/wp-content\/uploads\/2026\/03\/41-POL.jpg","contentUrl":"https:\/\/www.eldiario.net\/portal\/wp-content\/uploads\/2026\/03\/41-POL.jpg","width":980,"height":547,"caption":"el Exdiputado Am\u00edlcar Barral."},{"@type":"BreadcrumbList","@id":"https:\/\/www.eldiario.net\/portal\/2026\/03\/01\/reprochan-calculo-politico-y-excesivo-cinismo-de-lara\/#breadcrumb","itemListElement":[{"@type":"ListItem","position":1,"name":"Portada","item":"https:\/\/www.eldiario.net\/portal\/"},{"@type":"ListItem","position":2,"name":"Reprochan c\u00e1lculo pol\u00edtico y excesivo cinismo de Lara"}]},{"@type":"WebSite","@id":"https:\/\/www.eldiario.net\/portal\/#website","url":"https:\/\/www.eldiario.net\/portal\/","name":"El Diario - Decano de la prensa nacional","description":"El Diario - Decano de la prensa nacional","publisher":{"@id":"https:\/\/www.eldiario.net\/portal\/#organization"},"potentialAction":[{"@type":"SearchAction","target":{"@type":"EntryPoint","urlTemplate":"https:\/\/www.eldiario.net\/portal\/?s={search_term_string}"},"query-input":{"@type":"PropertyValueSpecification","valueRequired":true,"valueName":"search_term_string"}}],"inLanguage":"es"},{"@type":"Organization","@id":"https:\/\/www.eldiario.net\/portal\/#organization","name":"El Diario - Decano de la prensa nacional","url":"https:\/\/www.eldiario.net\/portal\/","logo":{"@type":"ImageObject","inLanguage":"es","@id":"https:\/\/www.eldiario.net\/portal\/#\/schema\/logo\/image\/","url":"https:\/\/www.eldiario.net\/portal\/wp-content\/uploads\/2023\/07\/logo_ED.jpg","contentUrl":"https:\/\/www.eldiario.net\/portal\/wp-content\/uploads\/2023\/07\/logo_ED.jpg","width":272,"height":52,"caption":"El Diario - Decano de la prensa nacional"},"image":{"@id":"https:\/\/www.eldiario.net\/portal\/#\/schema\/logo\/image\/"},"sameAs":["https:\/\/www.facebook.com\/eldiario.bolivia\/","https:\/\/x.com\/eldiario_net"]},{"@type":"Person","@id":"https:\/\/www.eldiario.net\/portal\/#\/schema\/person\/cab1ae4db27e5f008a62cbffb05fbfee","name":"luis Camacho","image":{"@type":"ImageObject","inLanguage":"es","@id":"https:\/\/secure.gravatar.com\/avatar\/69ecb836b3826d5a2501bf06ab2a2f2c8ab211cc846758f395df21684cb38313?s=96&d=mm&r=g","url":"https:\/\/secure.gravatar.com\/avatar\/69ecb836b3826d5a2501bf06ab2a2f2c8ab211cc846758f395df21684cb38313?s=96&d=mm&r=g","contentUrl":"https:\/\/secure.gravatar.com\/avatar\/69ecb836b3826d5a2501bf06ab2a2f2c8ab211cc846758f395df21684cb38313?s=96&d=mm&r=g","caption":"luis Camacho"},"url":"https:\/\/www.eldiario.net\/portal\/author\/luis\/"}]}},"_links":{"self":[{"href":"https:\/\/www.eldiario.net\/portal\/wp-json\/wp\/v2\/posts\/372217","targetHints":{"allow":["GET"]}}],"collection":[{"href":"https:\/\/www.eldiario.net\/portal\/wp-json\/wp\/v2\/posts"}],"about":[{"href":"https:\/\/www.eldiario.net\/portal\/wp-json\/wp\/v2\/types\/post"}],"author":[{"embeddable":true,"href":"https:\/\/www.eldiario.net\/portal\/wp-json\/wp\/v2\/users\/2"}],"replies":[{"embeddable":true,"href":"https:\/\/www.eldiario.net\/portal\/wp-json\/wp\/v2\/comments?post=372217"}],"version-history":[{"count":1,"href":"https:\/\/www.eldiario.net\/portal\/wp-json\/wp\/v2\/posts\/372217\/revisions"}],"predecessor-version":[{"id":372219,"href":"https:\/\/www.eldiario.net\/portal\/wp-json\/wp\/v2\/posts\/372217\/revisions\/372219"}],"wp:featuredmedia":[{"embeddable":true,"href":"https:\/\/www.eldiario.net\/portal\/wp-json\/wp\/v2\/media\/372218"}],"wp:attachment":[{"href":"https:\/\/www.eldiario.net\/portal\/wp-json\/wp\/v2\/media?parent=372217"}],"wp:term":[{"taxonomy":"category","embeddable":true,"href":"https:\/\/www.eldiario.net\/portal\/wp-json\/wp\/v2\/categories?post=372217"},{"taxonomy":"post_tag","embeddable":true,"href":"https:\/\/www.eldiario.net\/portal\/wp-json\/wp\/v2\/tags?post=372217"}],"curies":[{"name":"wp","href":"https:\/\/api.w.org\/{rel}","templated":true}]}}