{"id":372214,"date":"2026-03-01T08:29:53","date_gmt":"2026-03-01T12:29:53","guid":{"rendered":"https:\/\/www.eldiario.net\/portal\/?p=372214"},"modified":"2026-03-01T08:29:53","modified_gmt":"2026-03-01T12:29:53","slug":"plantean-restituir-tratamiento-de-la-denominada-ley-del-artista","status":"publish","type":"post","link":"https:\/\/www.eldiario.net\/portal\/2026\/03\/01\/plantean-restituir-tratamiento-de-la-denominada-ley-del-artista\/","title":{"rendered":"Plantean restituir tratamiento de  la denominada \u201cLey del Artista\u201d"},"content":{"rendered":"<p>Convocan a artistas y sus gremios a debatir los pormenores de la norma y aportar criterios desde su experiencia, todo con la finalidad de nutrir y subsanar todas las observaciones expresadas sobre la propuesta inicial.<br \/>\nComo una forma de homenaje p\u00f3stumo, la diputada por la alianza Unidad, Julieta Jim\u00e9nez Guti\u00e9rrez, present\u00f3 un proyecto para la reposici\u00f3n del tratamiento legislativo de la denominada \u201cLey del Artista\u201d y anunci\u00f3 que la norma aprobada llevar\u00e1 el nombre del fallecido actor nacional David Santalla.<br \/>\nSeg\u00fan la legisladora representante del departamento de La Paz, con el antecedente de varios artistas bolivianos que pasaron por momentos cr\u00edticos relacionados a su estado de salud y condiciones de vida, es preciso contar con una normativa destinada a proteger el bienestar de este sector de la sociedad, velando sobre todo por su calidad de vida y condiciones de trabajo digno.<br \/>\n\u201cLa ley busca, principalmente, velar por los derechos de los artistas, por ejemplo, en el caso de acceso a la salud; y reconocer que los artistas bolivianos tienen derecho a actuar en su pa\u00eds y no esperar a que artistas de otras naciones vengan a actuar aqu\u00ed\u201d, declar\u00f3 la legisladora.<br \/>\nEn esa l\u00ednea, Jim\u00e9nez convoc\u00f3 a artistas y sus respetivos gremios a visitar instalaciones de la Asamblea Legislativa Plurinacional (ALP) a fin de debatir los pormenores de la norma y aportar criterios desde su experiencia, todo con la finalidad de nutrir y subsanar todas las observaciones expresadas sobre la propuesta inicial.<br \/>\n\u201cHay varios art\u00edculos que deben modificarse con relaci\u00f3n al proyecto original elaborado en el a\u00f1o 2021\u201d, acot\u00f3.<br \/>\nEsta semana, en medio de los actos de reconocimiento y homenaje a la carrera art\u00edstica de David Santalla, tras su fallecimiento, distintas personalidades del ambiente cultural lamentaron todos los casos en que actores, m\u00fasicos y otros artistas son olvidados por autoridades y deben pasar sus \u00faltimos d\u00edas dedicados a diferentes tipos de actividades econ\u00f3micas para subsistir.<br \/>\nEn ese sentido, se lament\u00f3 que artistas como Santalla hayan tenido que pasar por carencias, sin acceso a un seguro m\u00e9dico que le garantice una atenci\u00f3n digna en sus \u00faltimos d\u00edas.<br \/>\nLa esposa de Santalla revel\u00f3 que el reconocido actor siempre pens\u00f3 en los artistas y que su sue\u00f1o era que se les d\u00e9 el lugar que merecen o que tengan su propio teatro para expresar su arte.<\/p>\n","protected":false},"excerpt":{"rendered":"<p>Convocan a artistas y sus gremios a debatir los pormenores de la norma y aportar criterios desde su experiencia, todo con la finalidad de nutrir y subsanar todas las observaciones expresadas sobre la propuesta inicial. Como una forma de homenaje p\u00f3stumo, la diputada por la alianza Unidad, Julieta Jim\u00e9nez Guti\u00e9rrez, present\u00f3 un proyecto para la [&hellip;]<\/p>\n","protected":false},"author":2,"featured_media":372215,"comment_status":"closed","ping_status":"open","sticky":false,"template":"","format":"standard","meta":{"_acf_changed":false,"footnotes":""},"categories":[14],"tags":[],"class_list":["post-372214","post","type-post","status-publish","format-standard","has-post-thumbnail","category-politica"],"acf":{"antetitulo":"Como homenaje a David Santalla"},"yoast_head":"<!-- This site is optimized with the Yoast SEO plugin v28.4 - https:\/\/yoast.com\/product\/yoast-seo-wordpress\/ -->\n<title>Plantean restituir tratamiento de la denominada \u201cLey del Artista\u201d - El Diario - Bolivia<\/title>\n<meta name=\"robots\" content=\"index, follow, max-snippet:-1, max-image-preview:large, max-video-preview:-1\" \/>\n<link rel=\"canonical\" href=\"https:\/\/www.eldiario.net\/portal\/2026\/03\/01\/plantean-restituir-tratamiento-de-la-denominada-ley-del-artista\/\" \/>\n<meta property=\"og:locale\" content=\"es_ES\" \/>\n<meta property=\"og:type\" content=\"article\" \/>\n<meta property=\"og:title\" content=\"Plantean restituir tratamiento de la denominada \u201cLey del Artista\u201d - El Diario - Bolivia\" \/>\n<meta property=\"og:description\" content=\"Convocan a artistas y sus gremios a debatir los pormenores de la norma y aportar criterios desde su experiencia, todo con la finalidad de nutrir y subsanar todas las observaciones expresadas sobre la propuesta inicial. Como una forma de homenaje p\u00f3stumo, la diputada por la alianza Unidad, Julieta Jim\u00e9nez Guti\u00e9rrez, present\u00f3 un proyecto para la [&hellip;]\" \/>\n<meta property=\"og:url\" content=\"https:\/\/www.eldiario.net\/portal\/2026\/03\/01\/plantean-restituir-tratamiento-de-la-denominada-ley-del-artista\/\" \/>\n<meta property=\"og:site_name\" content=\"El Diario - Bolivia\" \/>\n<meta property=\"article:publisher\" content=\"https:\/\/www.facebook.com\/eldiario.bolivia\/\" \/>\n<meta property=\"article:published_time\" content=\"2026-03-01T12:29:53+00:00\" \/>\n<meta property=\"og:image\" content=\"https:\/\/www.eldiario.net\/portal\/wp-content\/uploads\/2026\/03\/42-NAL-copia.webp\" \/>\n\t<meta property=\"og:image:width\" content=\"1080\" \/>\n\t<meta property=\"og:image:height\" content=\"609\" \/>\n\t<meta property=\"og:image:type\" content=\"image\/webp\" \/>\n<meta name=\"author\" content=\"luis Camacho\" \/>\n<meta name=\"twitter:card\" content=\"summary_large_image\" \/>\n<meta name=\"twitter:creator\" content=\"@eldiario_net\" \/>\n<meta name=\"twitter:site\" content=\"@eldiario_net\" \/>\n<meta name=\"twitter:label1\" content=\"Escrito por\" \/>\n\t<meta name=\"twitter:data1\" content=\"luis Camacho\" \/>\n\t<meta name=\"twitter:label2\" content=\"Tiempo de lectura\" \/>\n\t<meta name=\"twitter:data2\" content=\"2 minutos\" \/>\n<script type=\"application\/ld+json\" class=\"yoast-schema-graph\">{\"@context\":\"https:\\\/\\\/schema.org\",\"@graph\":[{\"@type\":\"Article\",\"@id\":\"https:\\\/\\\/www.eldiario.net\\\/portal\\\/2026\\\/03\\\/01\\\/plantean-restituir-tratamiento-de-la-denominada-ley-del-artista\\\/#article\",\"isPartOf\":{\"@id\":\"https:\\\/\\\/www.eldiario.net\\\/portal\\\/2026\\\/03\\\/01\\\/plantean-restituir-tratamiento-de-la-denominada-ley-del-artista\\\/\"},\"author\":{\"name\":\"luis Camacho\",\"@id\":\"https:\\\/\\\/www.eldiario.net\\\/portal\\\/#\\\/schema\\\/person\\\/cab1ae4db27e5f008a62cbffb05fbfee\"},\"headline\":\"Plantean restituir tratamiento de la denominada \u201cLey del Artista\u201d\",\"datePublished\":\"2026-03-01T12:29:53+00:00\",\"mainEntityOfPage\":{\"@id\":\"https:\\\/\\\/www.eldiario.net\\\/portal\\\/2026\\\/03\\\/01\\\/plantean-restituir-tratamiento-de-la-denominada-ley-del-artista\\\/\"},\"wordCount\":411,\"publisher\":{\"@id\":\"https:\\\/\\\/www.eldiario.net\\\/portal\\\/#organization\"},\"image\":{\"@id\":\"https:\\\/\\\/www.eldiario.net\\\/portal\\\/2026\\\/03\\\/01\\\/plantean-restituir-tratamiento-de-la-denominada-ley-del-artista\\\/#primaryimage\"},\"thumbnailUrl\":\"https:\\\/\\\/www.eldiario.net\\\/portal\\\/wp-content\\\/uploads\\\/2026\\\/03\\\/42-NAL-copia.webp\",\"articleSection\":[\"Pol\u00edtica\"],\"inLanguage\":\"es\"},{\"@type\":\"WebPage\",\"@id\":\"https:\\\/\\\/www.eldiario.net\\\/portal\\\/2026\\\/03\\\/01\\\/plantean-restituir-tratamiento-de-la-denominada-ley-del-artista\\\/\",\"url\":\"https:\\\/\\\/www.eldiario.net\\\/portal\\\/2026\\\/03\\\/01\\\/plantean-restituir-tratamiento-de-la-denominada-ley-del-artista\\\/\",\"name\":\"Plantean restituir tratamiento de la denominada \u201cLey del Artista\u201d - El Diario - Bolivia\",\"isPartOf\":{\"@id\":\"https:\\\/\\\/www.eldiario.net\\\/portal\\\/#website\"},\"primaryImageOfPage\":{\"@id\":\"https:\\\/\\\/www.eldiario.net\\\/portal\\\/2026\\\/03\\\/01\\\/plantean-restituir-tratamiento-de-la-denominada-ley-del-artista\\\/#primaryimage\"},\"image\":{\"@id\":\"https:\\\/\\\/www.eldiario.net\\\/portal\\\/2026\\\/03\\\/01\\\/plantean-restituir-tratamiento-de-la-denominada-ley-del-artista\\\/#primaryimage\"},\"thumbnailUrl\":\"https:\\\/\\\/www.eldiario.net\\\/portal\\\/wp-content\\\/uploads\\\/2026\\\/03\\\/42-NAL-copia.webp\",\"datePublished\":\"2026-03-01T12:29:53+00:00\",\"breadcrumb\":{\"@id\":\"https:\\\/\\\/www.eldiario.net\\\/portal\\\/2026\\\/03\\\/01\\\/plantean-restituir-tratamiento-de-la-denominada-ley-del-artista\\\/#breadcrumb\"},\"inLanguage\":\"es\",\"potentialAction\":[{\"@type\":\"ReadAction\",\"target\":[\"https:\\\/\\\/www.eldiario.net\\\/portal\\\/2026\\\/03\\\/01\\\/plantean-restituir-tratamiento-de-la-denominada-ley-del-artista\\\/\"]}]},{\"@type\":\"ImageObject\",\"inLanguage\":\"es\",\"@id\":\"https:\\\/\\\/www.eldiario.net\\\/portal\\\/2026\\\/03\\\/01\\\/plantean-restituir-tratamiento-de-la-denominada-ley-del-artista\\\/#primaryimage\",\"url\":\"https:\\\/\\\/www.eldiario.net\\\/portal\\\/wp-content\\\/uploads\\\/2026\\\/03\\\/42-NAL-copia.webp\",\"contentUrl\":\"https:\\\/\\\/www.eldiario.net\\\/portal\\\/wp-content\\\/uploads\\\/2026\\\/03\\\/42-NAL-copia.webp\",\"width\":1080,\"height\":609,\"caption\":\"Diputada Julieta Jim\u00e9nez (Unidad)\"},{\"@type\":\"BreadcrumbList\",\"@id\":\"https:\\\/\\\/www.eldiario.net\\\/portal\\\/2026\\\/03\\\/01\\\/plantean-restituir-tratamiento-de-la-denominada-ley-del-artista\\\/#breadcrumb\",\"itemListElement\":[{\"@type\":\"ListItem\",\"position\":1,\"name\":\"Portada\",\"item\":\"https:\\\/\\\/www.eldiario.net\\\/portal\\\/\"},{\"@type\":\"ListItem\",\"position\":2,\"name\":\"Plantean restituir tratamiento de la denominada \u201cLey del Artista\u201d\"}]},{\"@type\":\"WebSite\",\"@id\":\"https:\\\/\\\/www.eldiario.net\\\/portal\\\/#website\",\"url\":\"https:\\\/\\\/www.eldiario.net\\\/portal\\\/\",\"name\":\"El Diario - Decano de la prensa nacional\",\"description\":\"El Diario - Decano de la prensa nacional\",\"publisher\":{\"@id\":\"https:\\\/\\\/www.eldiario.net\\\/portal\\\/#organization\"},\"potentialAction\":[{\"@type\":\"SearchAction\",\"target\":{\"@type\":\"EntryPoint\",\"urlTemplate\":\"https:\\\/\\\/www.eldiario.net\\\/portal\\\/?s={search_term_string}\"},\"query-input\":{\"@type\":\"PropertyValueSpecification\",\"valueRequired\":true,\"valueName\":\"search_term_string\"}}],\"inLanguage\":\"es\"},{\"@type\":\"Organization\",\"@id\":\"https:\\\/\\\/www.eldiario.net\\\/portal\\\/#organization\",\"name\":\"El Diario - Decano de la prensa nacional\",\"url\":\"https:\\\/\\\/www.eldiario.net\\\/portal\\\/\",\"logo\":{\"@type\":\"ImageObject\",\"inLanguage\":\"es\",\"@id\":\"https:\\\/\\\/www.eldiario.net\\\/portal\\\/#\\\/schema\\\/logo\\\/image\\\/\",\"url\":\"https:\\\/\\\/www.eldiario.net\\\/portal\\\/wp-content\\\/uploads\\\/2023\\\/07\\\/logo_ED.jpg\",\"contentUrl\":\"https:\\\/\\\/www.eldiario.net\\\/portal\\\/wp-content\\\/uploads\\\/2023\\\/07\\\/logo_ED.jpg\",\"width\":272,\"height\":52,\"caption\":\"El Diario - Decano de la prensa nacional\"},\"image\":{\"@id\":\"https:\\\/\\\/www.eldiario.net\\\/portal\\\/#\\\/schema\\\/logo\\\/image\\\/\"},\"sameAs\":[\"https:\\\/\\\/www.facebook.com\\\/eldiario.bolivia\\\/\",\"https:\\\/\\\/x.com\\\/eldiario_net\"]},{\"@type\":\"Person\",\"@id\":\"https:\\\/\\\/www.eldiario.net\\\/portal\\\/#\\\/schema\\\/person\\\/cab1ae4db27e5f008a62cbffb05fbfee\",\"name\":\"luis Camacho\",\"image\":{\"@type\":\"ImageObject\",\"inLanguage\":\"es\",\"@id\":\"https:\\\/\\\/secure.gravatar.com\\\/avatar\\\/69ecb836b3826d5a2501bf06ab2a2f2c8ab211cc846758f395df21684cb38313?s=96&d=mm&r=g\",\"url\":\"https:\\\/\\\/secure.gravatar.com\\\/avatar\\\/69ecb836b3826d5a2501bf06ab2a2f2c8ab211cc846758f395df21684cb38313?s=96&d=mm&r=g\",\"contentUrl\":\"https:\\\/\\\/secure.gravatar.com\\\/avatar\\\/69ecb836b3826d5a2501bf06ab2a2f2c8ab211cc846758f395df21684cb38313?s=96&d=mm&r=g\",\"caption\":\"luis Camacho\"},\"url\":\"https:\\\/\\\/www.eldiario.net\\\/portal\\\/author\\\/luis\\\/\"}]}<\/script>\n<!-- \/ Yoast SEO plugin. -->","yoast_head_json":{"title":"Plantean restituir tratamiento de la denominada \u201cLey del Artista\u201d - El Diario - Bolivia","robots":{"index":"index","follow":"follow","max-snippet":"max-snippet:-1","max-image-preview":"max-image-preview:large","max-video-preview":"max-video-preview:-1"},"canonical":"https:\/\/www.eldiario.net\/portal\/2026\/03\/01\/plantean-restituir-tratamiento-de-la-denominada-ley-del-artista\/","og_locale":"es_ES","og_type":"article","og_title":"Plantean restituir tratamiento de la denominada \u201cLey del Artista\u201d - El Diario - Bolivia","og_description":"Convocan a artistas y sus gremios a debatir los pormenores de la norma y aportar criterios desde su experiencia, todo con la finalidad de nutrir y subsanar todas las observaciones expresadas sobre la propuesta inicial. Como una forma de homenaje p\u00f3stumo, la diputada por la alianza Unidad, Julieta Jim\u00e9nez Guti\u00e9rrez, present\u00f3 un proyecto para la [&hellip;]","og_url":"https:\/\/www.eldiario.net\/portal\/2026\/03\/01\/plantean-restituir-tratamiento-de-la-denominada-ley-del-artista\/","og_site_name":"El Diario - Bolivia","article_publisher":"https:\/\/www.facebook.com\/eldiario.bolivia\/","article_published_time":"2026-03-01T12:29:53+00:00","og_image":[{"width":1080,"height":609,"url":"https:\/\/www.eldiario.net\/portal\/wp-content\/uploads\/2026\/03\/42-NAL-copia.webp","type":"image\/webp"}],"author":"luis Camacho","twitter_card":"summary_large_image","twitter_creator":"@eldiario_net","twitter_site":"@eldiario_net","twitter_misc":{"Escrito por":"luis Camacho","Tiempo de lectura":"2 minutos"},"schema":{"@context":"https:\/\/schema.org","@graph":[{"@type":"Article","@id":"https:\/\/www.eldiario.net\/portal\/2026\/03\/01\/plantean-restituir-tratamiento-de-la-denominada-ley-del-artista\/#article","isPartOf":{"@id":"https:\/\/www.eldiario.net\/portal\/2026\/03\/01\/plantean-restituir-tratamiento-de-la-denominada-ley-del-artista\/"},"author":{"name":"luis Camacho","@id":"https:\/\/www.eldiario.net\/portal\/#\/schema\/person\/cab1ae4db27e5f008a62cbffb05fbfee"},"headline":"Plantean restituir tratamiento de la denominada \u201cLey del Artista\u201d","datePublished":"2026-03-01T12:29:53+00:00","mainEntityOfPage":{"@id":"https:\/\/www.eldiario.net\/portal\/2026\/03\/01\/plantean-restituir-tratamiento-de-la-denominada-ley-del-artista\/"},"wordCount":411,"publisher":{"@id":"https:\/\/www.eldiario.net\/portal\/#organization"},"image":{"@id":"https:\/\/www.eldiario.net\/portal\/2026\/03\/01\/plantean-restituir-tratamiento-de-la-denominada-ley-del-artista\/#primaryimage"},"thumbnailUrl":"https:\/\/www.eldiario.net\/portal\/wp-content\/uploads\/2026\/03\/42-NAL-copia.webp","articleSection":["Pol\u00edtica"],"inLanguage":"es"},{"@type":"WebPage","@id":"https:\/\/www.eldiario.net\/portal\/2026\/03\/01\/plantean-restituir-tratamiento-de-la-denominada-ley-del-artista\/","url":"https:\/\/www.eldiario.net\/portal\/2026\/03\/01\/plantean-restituir-tratamiento-de-la-denominada-ley-del-artista\/","name":"Plantean restituir tratamiento de la denominada \u201cLey del Artista\u201d - El Diario - Bolivia","isPartOf":{"@id":"https:\/\/www.eldiario.net\/portal\/#website"},"primaryImageOfPage":{"@id":"https:\/\/www.eldiario.net\/portal\/2026\/03\/01\/plantean-restituir-tratamiento-de-la-denominada-ley-del-artista\/#primaryimage"},"image":{"@id":"https:\/\/www.eldiario.net\/portal\/2026\/03\/01\/plantean-restituir-tratamiento-de-la-denominada-ley-del-artista\/#primaryimage"},"thumbnailUrl":"https:\/\/www.eldiario.net\/portal\/wp-content\/uploads\/2026\/03\/42-NAL-copia.webp","datePublished":"2026-03-01T12:29:53+00:00","breadcrumb":{"@id":"https:\/\/www.eldiario.net\/portal\/2026\/03\/01\/plantean-restituir-tratamiento-de-la-denominada-ley-del-artista\/#breadcrumb"},"inLanguage":"es","potentialAction":[{"@type":"ReadAction","target":["https:\/\/www.eldiario.net\/portal\/2026\/03\/01\/plantean-restituir-tratamiento-de-la-denominada-ley-del-artista\/"]}]},{"@type":"ImageObject","inLanguage":"es","@id":"https:\/\/www.eldiario.net\/portal\/2026\/03\/01\/plantean-restituir-tratamiento-de-la-denominada-ley-del-artista\/#primaryimage","url":"https:\/\/www.eldiario.net\/portal\/wp-content\/uploads\/2026\/03\/42-NAL-copia.webp","contentUrl":"https:\/\/www.eldiario.net\/portal\/wp-content\/uploads\/2026\/03\/42-NAL-copia.webp","width":1080,"height":609,"caption":"Diputada Julieta Jim\u00e9nez (Unidad)"},{"@type":"BreadcrumbList","@id":"https:\/\/www.eldiario.net\/portal\/2026\/03\/01\/plantean-restituir-tratamiento-de-la-denominada-ley-del-artista\/#breadcrumb","itemListElement":[{"@type":"ListItem","position":1,"name":"Portada","item":"https:\/\/www.eldiario.net\/portal\/"},{"@type":"ListItem","position":2,"name":"Plantean restituir tratamiento de la denominada \u201cLey del Artista\u201d"}]},{"@type":"WebSite","@id":"https:\/\/www.eldiario.net\/portal\/#website","url":"https:\/\/www.eldiario.net\/portal\/","name":"El Diario - Decano de la prensa nacional","description":"El Diario - Decano de la prensa nacional","publisher":{"@id":"https:\/\/www.eldiario.net\/portal\/#organization"},"potentialAction":[{"@type":"SearchAction","target":{"@type":"EntryPoint","urlTemplate":"https:\/\/www.eldiario.net\/portal\/?s={search_term_string}"},"query-input":{"@type":"PropertyValueSpecification","valueRequired":true,"valueName":"search_term_string"}}],"inLanguage":"es"},{"@type":"Organization","@id":"https:\/\/www.eldiario.net\/portal\/#organization","name":"El Diario - Decano de la prensa nacional","url":"https:\/\/www.eldiario.net\/portal\/","logo":{"@type":"ImageObject","inLanguage":"es","@id":"https:\/\/www.eldiario.net\/portal\/#\/schema\/logo\/image\/","url":"https:\/\/www.eldiario.net\/portal\/wp-content\/uploads\/2023\/07\/logo_ED.jpg","contentUrl":"https:\/\/www.eldiario.net\/portal\/wp-content\/uploads\/2023\/07\/logo_ED.jpg","width":272,"height":52,"caption":"El Diario - Decano de la prensa nacional"},"image":{"@id":"https:\/\/www.eldiario.net\/portal\/#\/schema\/logo\/image\/"},"sameAs":["https:\/\/www.facebook.com\/eldiario.bolivia\/","https:\/\/x.com\/eldiario_net"]},{"@type":"Person","@id":"https:\/\/www.eldiario.net\/portal\/#\/schema\/person\/cab1ae4db27e5f008a62cbffb05fbfee","name":"luis Camacho","image":{"@type":"ImageObject","inLanguage":"es","@id":"https:\/\/secure.gravatar.com\/avatar\/69ecb836b3826d5a2501bf06ab2a2f2c8ab211cc846758f395df21684cb38313?s=96&d=mm&r=g","url":"https:\/\/secure.gravatar.com\/avatar\/69ecb836b3826d5a2501bf06ab2a2f2c8ab211cc846758f395df21684cb38313?s=96&d=mm&r=g","contentUrl":"https:\/\/secure.gravatar.com\/avatar\/69ecb836b3826d5a2501bf06ab2a2f2c8ab211cc846758f395df21684cb38313?s=96&d=mm&r=g","caption":"luis Camacho"},"url":"https:\/\/www.eldiario.net\/portal\/author\/luis\/"}]}},"_links":{"self":[{"href":"https:\/\/www.eldiario.net\/portal\/wp-json\/wp\/v2\/posts\/372214","targetHints":{"allow":["GET"]}}],"collection":[{"href":"https:\/\/www.eldiario.net\/portal\/wp-json\/wp\/v2\/posts"}],"about":[{"href":"https:\/\/www.eldiario.net\/portal\/wp-json\/wp\/v2\/types\/post"}],"author":[{"embeddable":true,"href":"https:\/\/www.eldiario.net\/portal\/wp-json\/wp\/v2\/users\/2"}],"replies":[{"embeddable":true,"href":"https:\/\/www.eldiario.net\/portal\/wp-json\/wp\/v2\/comments?post=372214"}],"version-history":[{"count":1,"href":"https:\/\/www.eldiario.net\/portal\/wp-json\/wp\/v2\/posts\/372214\/revisions"}],"predecessor-version":[{"id":372216,"href":"https:\/\/www.eldiario.net\/portal\/wp-json\/wp\/v2\/posts\/372214\/revisions\/372216"}],"wp:featuredmedia":[{"embeddable":true,"href":"https:\/\/www.eldiario.net\/portal\/wp-json\/wp\/v2\/media\/372215"}],"wp:attachment":[{"href":"https:\/\/www.eldiario.net\/portal\/wp-json\/wp\/v2\/media?parent=372214"}],"wp:term":[{"taxonomy":"category","embeddable":true,"href":"https:\/\/www.eldiario.net\/portal\/wp-json\/wp\/v2\/categories?post=372214"},{"taxonomy":"post_tag","embeddable":true,"href":"https:\/\/www.eldiario.net\/portal\/wp-json\/wp\/v2\/tags?post=372214"}],"curies":[{"name":"wp","href":"https:\/\/api.w.org\/{rel}","templated":true}]}}