{"id":372078,"date":"2026-02-28T07:25:23","date_gmt":"2026-02-28T11:25:23","guid":{"rendered":"https:\/\/www.eldiario.net\/portal\/?p=372078"},"modified":"2026-02-28T07:25:23","modified_gmt":"2026-02-28T11:25:23","slug":"la-flor-fragil-de-la-calma-bolivia-en-su-luna-de-miel","status":"publish","type":"post","link":"https:\/\/www.eldiario.net\/portal\/2026\/02\/28\/la-flor-fragil-de-la-calma-bolivia-en-su-luna-de-miel\/","title":{"rendered":"La flor fr\u00e1gil de la calma:  Bolivia en su luna de miel"},"content":{"rendered":"<p>Los primeros meses del gobierno de Rodrigo Paz Pereira est\u00e1n produciendo una sensaci\u00f3n (no siempre bien justificada) de reorganizaci\u00f3n institucional y saneamiento econ\u00f3mico. Sin embargo, a mediano y largo plazo tal sensaci\u00f3n puede ser negativa, ya que, como saben los polit\u00f3logos y buenos ciudadanos, la democracia debe ser vigilada y construida d\u00eda a d\u00eda. Pues no es un secreto que varios sectores sociales de Bolivia no abrigan ni practican valores democr\u00e1ticos, tales como la tolerancia frente a lo que es diferente o el debate razonado. Y la verdad es que la democracia pluralista no es bien comprendida ni est\u00e1 bien asentada en grandes mayor\u00edas tanto de oriente como de occidente.<br \/>\nEn los Estados sucesores del extinto Imperio espa\u00f1ol, la democracia era una flor muy fr\u00e1gil plantada en un terreno pedregoso; desde el principio tuvo que hacer frente a caudillos populistas y demagogos y grupos sociales radicales (sindicatos, movimientos sociales, etc.). A menudo los cambios de r\u00e9gimen no trajeron consigo ni estabilidad ni una direcci\u00f3n pol\u00edtica coherente y a largo plazo; muchos de los gobiernos democr\u00e1ticos (o, para hablar con m\u00e1s precisi\u00f3n, emanados de las urnas), como el del MIR o el del MAS, resultaron corruptos y, a ojos de gran parte de la poblaci\u00f3n, ineficientes, pues pon\u00edan los intereses del partido por encima de los del pa\u00eds. Con partidos de derechas y de izquierdas escindidos y turbulentos en su seno y con partidos populistas (como la UCS o Condepa) sin planteamientos pol\u00edticos responsables ni norte claro, el futuro parec\u00eda poco prometedor.<br \/>\nNo obstante, no hay que ser tan pesimistas. Aunque a los tumbos, con cimientos inseguros y muchas veces como simple fachada, la democracia se ha ido abriendo paso a lo largo de la historia, sobreviviendo pese a traum\u00e1ticos eventos como la Guerra del Chaco, el pseudo totalitarismo de la Revoluci\u00f3n Nacional, las dictaduras de los 60, 70 y 80, la Guerra del Gas o los hechos de 2019. En muchos momentos, dio la impresi\u00f3n de que Bolivia estaba al borde de una guerra civil o del golpe de Estado militar, ya que la gente cre\u00eda que la democracia era un sistema blando, afeminado o pusil\u00e1nime; entonces se hablaba (\u00bfse habla a\u00fan?) de una \u201cmano f\u00e9rrea que nos saque de todo esto\u201d. No es extra\u00f1o, pues, que en ambientes de caos o incertidumbre la gente prefiera el autoritarismo ordenador antes que las asambleas donde est\u00fapidas mayor\u00edas deciden ligera o irresponsablemente el futuro de la sociedad. Pero, con todo, salvo excepciones, lo que se materializ\u00f3 fue la supervivencia de una democracia (eso s\u00ed, d\u00e9bil, aunque democracia al fin) que ni la derecha extrema ni la izquierda revolucionaria pudieron derrocar definitivamente.<br \/>\nEmpero, hay que reconocer que gran parte de la poblaci\u00f3n a\u00fan se mantiene en un estado de ignorancia en temas como Estado de derecho, pluralismo, igualdad ante la ley, tolerancia y respeto del proyecto de vida del Otro, y esa realidad de ignorancia, hoy aparentemente encapsulada por la sensaci\u00f3n que est\u00e1 produciendo el gobierno, podr\u00eda estallar ma\u00f1ana si este no gobierna bien, a saber, administrando con inteligencia la econom\u00eda, evadiendo la corrupci\u00f3n y ordenando la burocracia nacional.<br \/>\nComo ense\u00f1a la historia, la actual sensaci\u00f3n de paz puede ser un arma de doble filo si se deja de lado la pedagog\u00eda democr\u00e1tica, que siempre fue d\u00e9bil en Bolivia. Para aquella, hay poco terreno en los partidos pol\u00edticos actuales. \u00bfPuede ser democr\u00e1tico un Estado cuando la oposici\u00f3n al gobierno no est\u00e1 en el Parlamento, sino en las calles o las carreteras? Las manifestaciones populares en las ciudades, los bloqueos de caminos o los cabildos en el oriente, elogiados por muchos, \u00bfno son en realidad s\u00edntomas de un Parlamento que no est\u00e1 siendo \u00fatil para pacificar, hallando consensos a trav\u00e9s del debate de la representaci\u00f3n? \u00bfNo son m\u00e1s bien signos de una madurez pol\u00edtica que a\u00fan no cuaja o de que la relaci\u00f3n del ciudadano medio con el poder se da por v\u00edas de hecho y no de derecho?<br \/>\nEste momento de relativa paz debe ser tomado con cautela. \u00bfBolivia est\u00e1 ante un comienzo luminoso o sencillamente en un par\u00e9ntesis entre dos tormentas? La democracia boliviana, construida sobre arenas movedizas, \u00bfest\u00e1 garantizada? Hay que tener presente que la democracia puede morir no solo por un golpe de Estado, sino tambi\u00e9n por la apat\u00eda cr\u00f3nica de una sociedad que se conforma con un saneamiento econ\u00f3mico, pero no c\u00edvico.<\/p>\n<p>Ignacio Vera de Rada es polit\u00f3logo y comunicador social.<\/p>\n","protected":false},"excerpt":{"rendered":"<p>Los primeros meses del gobierno de Rodrigo Paz Pereira est\u00e1n produciendo una sensaci\u00f3n (no siempre bien justificada) de reorganizaci\u00f3n institucional y saneamiento econ\u00f3mico. Sin embargo, a mediano y largo plazo tal sensaci\u00f3n puede ser negativa, ya que, como saben los polit\u00f3logos y buenos ciudadanos, la democracia debe ser vigilada y construida d\u00eda a d\u00eda. Pues [&hellip;]<\/p>\n","protected":false},"author":1,"featured_media":158964,"comment_status":"closed","ping_status":"open","sticky":false,"template":"","format":"standard","meta":{"_acf_changed":false,"footnotes":""},"categories":[9],"tags":[],"class_list":["post-372078","post","type-post","status-publish","format-standard","has-post-thumbnail","category-opinion"],"acf":{"antetitulo":"La espada en la palabra"},"yoast_head":"<!-- This site is optimized with the Yoast SEO plugin v28.3 - https:\/\/yoast.com\/product\/yoast-seo-wordpress\/ -->\n<title>La flor fr\u00e1gil de la calma: Bolivia en su luna de miel - El Diario - Bolivia<\/title>\n<meta name=\"robots\" content=\"index, follow, max-snippet:-1, max-image-preview:large, max-video-preview:-1\" \/>\n<link rel=\"canonical\" href=\"https:\/\/www.eldiario.net\/portal\/2026\/02\/28\/la-flor-fragil-de-la-calma-bolivia-en-su-luna-de-miel\/\" \/>\n<meta property=\"og:locale\" content=\"es_ES\" \/>\n<meta property=\"og:type\" content=\"article\" \/>\n<meta property=\"og:title\" content=\"La flor fr\u00e1gil de la calma: Bolivia en su luna de miel - El Diario - Bolivia\" \/>\n<meta property=\"og:description\" content=\"Los primeros meses del gobierno de Rodrigo Paz Pereira est\u00e1n produciendo una sensaci\u00f3n (no siempre bien justificada) de reorganizaci\u00f3n institucional y saneamiento econ\u00f3mico. Sin embargo, a mediano y largo plazo tal sensaci\u00f3n puede ser negativa, ya que, como saben los polit\u00f3logos y buenos ciudadanos, la democracia debe ser vigilada y construida d\u00eda a d\u00eda. Pues [&hellip;]\" \/>\n<meta property=\"og:url\" content=\"https:\/\/www.eldiario.net\/portal\/2026\/02\/28\/la-flor-fragil-de-la-calma-bolivia-en-su-luna-de-miel\/\" \/>\n<meta property=\"og:site_name\" content=\"El Diario - Bolivia\" \/>\n<meta property=\"article:publisher\" content=\"https:\/\/www.facebook.com\/eldiario.bolivia\/\" \/>\n<meta property=\"article:published_time\" content=\"2026-02-28T11:25:23+00:00\" \/>\n<meta property=\"og:image\" content=\"https:\/\/www.eldiario.net\/portal\/wp-content\/uploads\/2023\/06\/Ignacio-Vera-de-Rada-1.jpg\" \/>\n\t<meta property=\"og:image:width\" content=\"1200\" \/>\n\t<meta property=\"og:image:height\" content=\"628\" \/>\n\t<meta property=\"og:image:type\" content=\"image\/jpeg\" \/>\n<meta name=\"author\" content=\"Jeanette\" \/>\n<meta name=\"twitter:card\" content=\"summary_large_image\" \/>\n<meta name=\"twitter:creator\" content=\"@eldiario_net\" \/>\n<meta name=\"twitter:site\" content=\"@eldiario_net\" \/>\n<meta name=\"twitter:label1\" content=\"Escrito por\" \/>\n\t<meta name=\"twitter:data1\" content=\"Jeanette\" \/>\n\t<meta name=\"twitter:label2\" content=\"Tiempo de lectura\" \/>\n\t<meta name=\"twitter:data2\" content=\"4 minutos\" \/>\n<script type=\"application\/ld+json\" class=\"yoast-schema-graph\">{\"@context\":\"https:\\\/\\\/schema.org\",\"@graph\":[{\"@type\":\"Article\",\"@id\":\"https:\\\/\\\/www.eldiario.net\\\/portal\\\/2026\\\/02\\\/28\\\/la-flor-fragil-de-la-calma-bolivia-en-su-luna-de-miel\\\/#article\",\"isPartOf\":{\"@id\":\"https:\\\/\\\/www.eldiario.net\\\/portal\\\/2026\\\/02\\\/28\\\/la-flor-fragil-de-la-calma-bolivia-en-su-luna-de-miel\\\/\"},\"author\":{\"name\":\"Jeanette\",\"@id\":\"https:\\\/\\\/www.eldiario.net\\\/portal\\\/#\\\/schema\\\/person\\\/f46445640444750d7d753ccd04ae01b7\"},\"headline\":\"La flor fr\u00e1gil de la calma: Bolivia en su luna de miel\",\"datePublished\":\"2026-02-28T11:25:23+00:00\",\"mainEntityOfPage\":{\"@id\":\"https:\\\/\\\/www.eldiario.net\\\/portal\\\/2026\\\/02\\\/28\\\/la-flor-fragil-de-la-calma-bolivia-en-su-luna-de-miel\\\/\"},\"wordCount\":805,\"publisher\":{\"@id\":\"https:\\\/\\\/www.eldiario.net\\\/portal\\\/#organization\"},\"image\":{\"@id\":\"https:\\\/\\\/www.eldiario.net\\\/portal\\\/2026\\\/02\\\/28\\\/la-flor-fragil-de-la-calma-bolivia-en-su-luna-de-miel\\\/#primaryimage\"},\"thumbnailUrl\":\"https:\\\/\\\/www.eldiario.net\\\/portal\\\/wp-content\\\/uploads\\\/2023\\\/06\\\/Ignacio-Vera-de-Rada-1.jpg\",\"articleSection\":[\"Opini\u00f3n\"],\"inLanguage\":\"es\"},{\"@type\":\"WebPage\",\"@id\":\"https:\\\/\\\/www.eldiario.net\\\/portal\\\/2026\\\/02\\\/28\\\/la-flor-fragil-de-la-calma-bolivia-en-su-luna-de-miel\\\/\",\"url\":\"https:\\\/\\\/www.eldiario.net\\\/portal\\\/2026\\\/02\\\/28\\\/la-flor-fragil-de-la-calma-bolivia-en-su-luna-de-miel\\\/\",\"name\":\"La flor fr\u00e1gil de la calma: Bolivia en su luna de miel - El Diario - Bolivia\",\"isPartOf\":{\"@id\":\"https:\\\/\\\/www.eldiario.net\\\/portal\\\/#website\"},\"primaryImageOfPage\":{\"@id\":\"https:\\\/\\\/www.eldiario.net\\\/portal\\\/2026\\\/02\\\/28\\\/la-flor-fragil-de-la-calma-bolivia-en-su-luna-de-miel\\\/#primaryimage\"},\"image\":{\"@id\":\"https:\\\/\\\/www.eldiario.net\\\/portal\\\/2026\\\/02\\\/28\\\/la-flor-fragil-de-la-calma-bolivia-en-su-luna-de-miel\\\/#primaryimage\"},\"thumbnailUrl\":\"https:\\\/\\\/www.eldiario.net\\\/portal\\\/wp-content\\\/uploads\\\/2023\\\/06\\\/Ignacio-Vera-de-Rada-1.jpg\",\"datePublished\":\"2026-02-28T11:25:23+00:00\",\"breadcrumb\":{\"@id\":\"https:\\\/\\\/www.eldiario.net\\\/portal\\\/2026\\\/02\\\/28\\\/la-flor-fragil-de-la-calma-bolivia-en-su-luna-de-miel\\\/#breadcrumb\"},\"inLanguage\":\"es\",\"potentialAction\":[{\"@type\":\"ReadAction\",\"target\":[\"https:\\\/\\\/www.eldiario.net\\\/portal\\\/2026\\\/02\\\/28\\\/la-flor-fragil-de-la-calma-bolivia-en-su-luna-de-miel\\\/\"]}]},{\"@type\":\"ImageObject\",\"inLanguage\":\"es\",\"@id\":\"https:\\\/\\\/www.eldiario.net\\\/portal\\\/2026\\\/02\\\/28\\\/la-flor-fragil-de-la-calma-bolivia-en-su-luna-de-miel\\\/#primaryimage\",\"url\":\"https:\\\/\\\/www.eldiario.net\\\/portal\\\/wp-content\\\/uploads\\\/2023\\\/06\\\/Ignacio-Vera-de-Rada-1.jpg\",\"contentUrl\":\"https:\\\/\\\/www.eldiario.net\\\/portal\\\/wp-content\\\/uploads\\\/2023\\\/06\\\/Ignacio-Vera-de-Rada-1.jpg\",\"width\":1200,\"height\":628,\"caption\":\"Ignacio Vera de Rada\"},{\"@type\":\"BreadcrumbList\",\"@id\":\"https:\\\/\\\/www.eldiario.net\\\/portal\\\/2026\\\/02\\\/28\\\/la-flor-fragil-de-la-calma-bolivia-en-su-luna-de-miel\\\/#breadcrumb\",\"itemListElement\":[{\"@type\":\"ListItem\",\"position\":1,\"name\":\"Portada\",\"item\":\"https:\\\/\\\/www.eldiario.net\\\/portal\\\/\"},{\"@type\":\"ListItem\",\"position\":2,\"name\":\"La flor fr\u00e1gil de la calma: Bolivia en su luna de miel\"}]},{\"@type\":\"WebSite\",\"@id\":\"https:\\\/\\\/www.eldiario.net\\\/portal\\\/#website\",\"url\":\"https:\\\/\\\/www.eldiario.net\\\/portal\\\/\",\"name\":\"El Diario - Decano de la prensa nacional\",\"description\":\"El Diario - Decano de la prensa nacional\",\"publisher\":{\"@id\":\"https:\\\/\\\/www.eldiario.net\\\/portal\\\/#organization\"},\"potentialAction\":[{\"@type\":\"SearchAction\",\"target\":{\"@type\":\"EntryPoint\",\"urlTemplate\":\"https:\\\/\\\/www.eldiario.net\\\/portal\\\/?s={search_term_string}\"},\"query-input\":{\"@type\":\"PropertyValueSpecification\",\"valueRequired\":true,\"valueName\":\"search_term_string\"}}],\"inLanguage\":\"es\"},{\"@type\":\"Organization\",\"@id\":\"https:\\\/\\\/www.eldiario.net\\\/portal\\\/#organization\",\"name\":\"El Diario - Decano de la prensa nacional\",\"url\":\"https:\\\/\\\/www.eldiario.net\\\/portal\\\/\",\"logo\":{\"@type\":\"ImageObject\",\"inLanguage\":\"es\",\"@id\":\"https:\\\/\\\/www.eldiario.net\\\/portal\\\/#\\\/schema\\\/logo\\\/image\\\/\",\"url\":\"https:\\\/\\\/www.eldiario.net\\\/portal\\\/wp-content\\\/uploads\\\/2023\\\/07\\\/logo_ED.jpg\",\"contentUrl\":\"https:\\\/\\\/www.eldiario.net\\\/portal\\\/wp-content\\\/uploads\\\/2023\\\/07\\\/logo_ED.jpg\",\"width\":272,\"height\":52,\"caption\":\"El Diario - Decano de la prensa nacional\"},\"image\":{\"@id\":\"https:\\\/\\\/www.eldiario.net\\\/portal\\\/#\\\/schema\\\/logo\\\/image\\\/\"},\"sameAs\":[\"https:\\\/\\\/www.facebook.com\\\/eldiario.bolivia\\\/\",\"https:\\\/\\\/x.com\\\/eldiario_net\"]},{\"@type\":\"Person\",\"@id\":\"https:\\\/\\\/www.eldiario.net\\\/portal\\\/#\\\/schema\\\/person\\\/f46445640444750d7d753ccd04ae01b7\",\"name\":\"Jeanette\",\"image\":{\"@type\":\"ImageObject\",\"inLanguage\":\"es\",\"@id\":\"https:\\\/\\\/secure.gravatar.com\\\/avatar\\\/3ea2118a5f7dad2b7138b1187a6b7ee55f160b9968b66013c3a3ef39dd7e5798?s=96&d=mm&r=g\",\"url\":\"https:\\\/\\\/secure.gravatar.com\\\/avatar\\\/3ea2118a5f7dad2b7138b1187a6b7ee55f160b9968b66013c3a3ef39dd7e5798?s=96&d=mm&r=g\",\"contentUrl\":\"https:\\\/\\\/secure.gravatar.com\\\/avatar\\\/3ea2118a5f7dad2b7138b1187a6b7ee55f160b9968b66013c3a3ef39dd7e5798?s=96&d=mm&r=g\",\"caption\":\"Jeanette\"},\"sameAs\":[\"https:\\\/\\\/www.eldiario.net\\\/portal\"],\"url\":\"https:\\\/\\\/www.eldiario.net\\\/portal\\\/author\\\/jeanette\\\/\"}]}<\/script>\n<!-- \/ Yoast SEO plugin. -->","yoast_head_json":{"title":"La flor fr\u00e1gil de la calma: Bolivia en su luna de miel - El Diario - Bolivia","robots":{"index":"index","follow":"follow","max-snippet":"max-snippet:-1","max-image-preview":"max-image-preview:large","max-video-preview":"max-video-preview:-1"},"canonical":"https:\/\/www.eldiario.net\/portal\/2026\/02\/28\/la-flor-fragil-de-la-calma-bolivia-en-su-luna-de-miel\/","og_locale":"es_ES","og_type":"article","og_title":"La flor fr\u00e1gil de la calma: Bolivia en su luna de miel - El Diario - Bolivia","og_description":"Los primeros meses del gobierno de Rodrigo Paz Pereira est\u00e1n produciendo una sensaci\u00f3n (no siempre bien justificada) de reorganizaci\u00f3n institucional y saneamiento econ\u00f3mico. Sin embargo, a mediano y largo plazo tal sensaci\u00f3n puede ser negativa, ya que, como saben los polit\u00f3logos y buenos ciudadanos, la democracia debe ser vigilada y construida d\u00eda a d\u00eda. Pues [&hellip;]","og_url":"https:\/\/www.eldiario.net\/portal\/2026\/02\/28\/la-flor-fragil-de-la-calma-bolivia-en-su-luna-de-miel\/","og_site_name":"El Diario - Bolivia","article_publisher":"https:\/\/www.facebook.com\/eldiario.bolivia\/","article_published_time":"2026-02-28T11:25:23+00:00","og_image":[{"width":1200,"height":628,"url":"https:\/\/www.eldiario.net\/portal\/wp-content\/uploads\/2023\/06\/Ignacio-Vera-de-Rada-1.jpg","type":"image\/jpeg"}],"author":"Jeanette","twitter_card":"summary_large_image","twitter_creator":"@eldiario_net","twitter_site":"@eldiario_net","twitter_misc":{"Escrito por":"Jeanette","Tiempo de lectura":"4 minutos"},"schema":{"@context":"https:\/\/schema.org","@graph":[{"@type":"Article","@id":"https:\/\/www.eldiario.net\/portal\/2026\/02\/28\/la-flor-fragil-de-la-calma-bolivia-en-su-luna-de-miel\/#article","isPartOf":{"@id":"https:\/\/www.eldiario.net\/portal\/2026\/02\/28\/la-flor-fragil-de-la-calma-bolivia-en-su-luna-de-miel\/"},"author":{"name":"Jeanette","@id":"https:\/\/www.eldiario.net\/portal\/#\/schema\/person\/f46445640444750d7d753ccd04ae01b7"},"headline":"La flor fr\u00e1gil de la calma: Bolivia en su luna de miel","datePublished":"2026-02-28T11:25:23+00:00","mainEntityOfPage":{"@id":"https:\/\/www.eldiario.net\/portal\/2026\/02\/28\/la-flor-fragil-de-la-calma-bolivia-en-su-luna-de-miel\/"},"wordCount":805,"publisher":{"@id":"https:\/\/www.eldiario.net\/portal\/#organization"},"image":{"@id":"https:\/\/www.eldiario.net\/portal\/2026\/02\/28\/la-flor-fragil-de-la-calma-bolivia-en-su-luna-de-miel\/#primaryimage"},"thumbnailUrl":"https:\/\/www.eldiario.net\/portal\/wp-content\/uploads\/2023\/06\/Ignacio-Vera-de-Rada-1.jpg","articleSection":["Opini\u00f3n"],"inLanguage":"es"},{"@type":"WebPage","@id":"https:\/\/www.eldiario.net\/portal\/2026\/02\/28\/la-flor-fragil-de-la-calma-bolivia-en-su-luna-de-miel\/","url":"https:\/\/www.eldiario.net\/portal\/2026\/02\/28\/la-flor-fragil-de-la-calma-bolivia-en-su-luna-de-miel\/","name":"La flor fr\u00e1gil de la calma: Bolivia en su luna de miel - El Diario - Bolivia","isPartOf":{"@id":"https:\/\/www.eldiario.net\/portal\/#website"},"primaryImageOfPage":{"@id":"https:\/\/www.eldiario.net\/portal\/2026\/02\/28\/la-flor-fragil-de-la-calma-bolivia-en-su-luna-de-miel\/#primaryimage"},"image":{"@id":"https:\/\/www.eldiario.net\/portal\/2026\/02\/28\/la-flor-fragil-de-la-calma-bolivia-en-su-luna-de-miel\/#primaryimage"},"thumbnailUrl":"https:\/\/www.eldiario.net\/portal\/wp-content\/uploads\/2023\/06\/Ignacio-Vera-de-Rada-1.jpg","datePublished":"2026-02-28T11:25:23+00:00","breadcrumb":{"@id":"https:\/\/www.eldiario.net\/portal\/2026\/02\/28\/la-flor-fragil-de-la-calma-bolivia-en-su-luna-de-miel\/#breadcrumb"},"inLanguage":"es","potentialAction":[{"@type":"ReadAction","target":["https:\/\/www.eldiario.net\/portal\/2026\/02\/28\/la-flor-fragil-de-la-calma-bolivia-en-su-luna-de-miel\/"]}]},{"@type":"ImageObject","inLanguage":"es","@id":"https:\/\/www.eldiario.net\/portal\/2026\/02\/28\/la-flor-fragil-de-la-calma-bolivia-en-su-luna-de-miel\/#primaryimage","url":"https:\/\/www.eldiario.net\/portal\/wp-content\/uploads\/2023\/06\/Ignacio-Vera-de-Rada-1.jpg","contentUrl":"https:\/\/www.eldiario.net\/portal\/wp-content\/uploads\/2023\/06\/Ignacio-Vera-de-Rada-1.jpg","width":1200,"height":628,"caption":"Ignacio Vera de Rada"},{"@type":"BreadcrumbList","@id":"https:\/\/www.eldiario.net\/portal\/2026\/02\/28\/la-flor-fragil-de-la-calma-bolivia-en-su-luna-de-miel\/#breadcrumb","itemListElement":[{"@type":"ListItem","position":1,"name":"Portada","item":"https:\/\/www.eldiario.net\/portal\/"},{"@type":"ListItem","position":2,"name":"La flor fr\u00e1gil de la calma: Bolivia en su luna de miel"}]},{"@type":"WebSite","@id":"https:\/\/www.eldiario.net\/portal\/#website","url":"https:\/\/www.eldiario.net\/portal\/","name":"El Diario - Decano de la prensa nacional","description":"El Diario - Decano de la prensa nacional","publisher":{"@id":"https:\/\/www.eldiario.net\/portal\/#organization"},"potentialAction":[{"@type":"SearchAction","target":{"@type":"EntryPoint","urlTemplate":"https:\/\/www.eldiario.net\/portal\/?s={search_term_string}"},"query-input":{"@type":"PropertyValueSpecification","valueRequired":true,"valueName":"search_term_string"}}],"inLanguage":"es"},{"@type":"Organization","@id":"https:\/\/www.eldiario.net\/portal\/#organization","name":"El Diario - Decano de la prensa nacional","url":"https:\/\/www.eldiario.net\/portal\/","logo":{"@type":"ImageObject","inLanguage":"es","@id":"https:\/\/www.eldiario.net\/portal\/#\/schema\/logo\/image\/","url":"https:\/\/www.eldiario.net\/portal\/wp-content\/uploads\/2023\/07\/logo_ED.jpg","contentUrl":"https:\/\/www.eldiario.net\/portal\/wp-content\/uploads\/2023\/07\/logo_ED.jpg","width":272,"height":52,"caption":"El Diario - Decano de la prensa nacional"},"image":{"@id":"https:\/\/www.eldiario.net\/portal\/#\/schema\/logo\/image\/"},"sameAs":["https:\/\/www.facebook.com\/eldiario.bolivia\/","https:\/\/x.com\/eldiario_net"]},{"@type":"Person","@id":"https:\/\/www.eldiario.net\/portal\/#\/schema\/person\/f46445640444750d7d753ccd04ae01b7","name":"Jeanette","image":{"@type":"ImageObject","inLanguage":"es","@id":"https:\/\/secure.gravatar.com\/avatar\/3ea2118a5f7dad2b7138b1187a6b7ee55f160b9968b66013c3a3ef39dd7e5798?s=96&d=mm&r=g","url":"https:\/\/secure.gravatar.com\/avatar\/3ea2118a5f7dad2b7138b1187a6b7ee55f160b9968b66013c3a3ef39dd7e5798?s=96&d=mm&r=g","contentUrl":"https:\/\/secure.gravatar.com\/avatar\/3ea2118a5f7dad2b7138b1187a6b7ee55f160b9968b66013c3a3ef39dd7e5798?s=96&d=mm&r=g","caption":"Jeanette"},"sameAs":["https:\/\/www.eldiario.net\/portal"],"url":"https:\/\/www.eldiario.net\/portal\/author\/jeanette\/"}]}},"_links":{"self":[{"href":"https:\/\/www.eldiario.net\/portal\/wp-json\/wp\/v2\/posts\/372078","targetHints":{"allow":["GET"]}}],"collection":[{"href":"https:\/\/www.eldiario.net\/portal\/wp-json\/wp\/v2\/posts"}],"about":[{"href":"https:\/\/www.eldiario.net\/portal\/wp-json\/wp\/v2\/types\/post"}],"author":[{"embeddable":true,"href":"https:\/\/www.eldiario.net\/portal\/wp-json\/wp\/v2\/users\/1"}],"replies":[{"embeddable":true,"href":"https:\/\/www.eldiario.net\/portal\/wp-json\/wp\/v2\/comments?post=372078"}],"version-history":[{"count":1,"href":"https:\/\/www.eldiario.net\/portal\/wp-json\/wp\/v2\/posts\/372078\/revisions"}],"predecessor-version":[{"id":372079,"href":"https:\/\/www.eldiario.net\/portal\/wp-json\/wp\/v2\/posts\/372078\/revisions\/372079"}],"wp:featuredmedia":[{"embeddable":true,"href":"https:\/\/www.eldiario.net\/portal\/wp-json\/wp\/v2\/media\/158964"}],"wp:attachment":[{"href":"https:\/\/www.eldiario.net\/portal\/wp-json\/wp\/v2\/media?parent=372078"}],"wp:term":[{"taxonomy":"category","embeddable":true,"href":"https:\/\/www.eldiario.net\/portal\/wp-json\/wp\/v2\/categories?post=372078"},{"taxonomy":"post_tag","embeddable":true,"href":"https:\/\/www.eldiario.net\/portal\/wp-json\/wp\/v2\/tags?post=372078"}],"curies":[{"name":"wp","href":"https:\/\/api.w.org\/{rel}","templated":true}]}}