{"id":372076,"date":"2026-02-28T07:24:51","date_gmt":"2026-02-28T11:24:51","guid":{"rendered":"https:\/\/www.eldiario.net\/portal\/?p=372076"},"modified":"2026-02-28T07:24:51","modified_gmt":"2026-02-28T11:24:51","slug":"acciones-que-debe-tomar-bolivia-frente-a-tensa-situacion-geopolitica","status":"publish","type":"post","link":"https:\/\/www.eldiario.net\/portal\/2026\/02\/28\/acciones-que-debe-tomar-bolivia-frente-a-tensa-situacion-geopolitica\/","title":{"rendered":"Acciones que debe tomar Bolivia frente a tensa situaci\u00f3n geopol\u00edtica"},"content":{"rendered":"<p>Hoy m\u00e1s que nunca, la \u201csombra\u201d de un posible conflicto b\u00e9lico global est\u00e1 m\u00e1s vigente que nunca y, por m\u00e1s que nuestro pa\u00eds no tenga peso dentro de la geopol\u00edtica, no significa que no pueda ser afectado de una u otra forma.<br \/>\nPor mucho tiempo los pa\u00edses de la Uni\u00f3n Europea han financiado a Ucrania en la guerra contra Rusia, pero sus \u00faltimas acciones muestran intenciones de pasar a ser un actor b\u00e9lico dentro del conflicto.<br \/>\nPor si fuera poco, a inicios de a\u00f1o Estados Unidos realiz\u00f3 una acci\u00f3n militar muy osada en Venezuela, capturando al dictador Nicol\u00e1s Maduro. Para muchos \u00e9sta fue necesaria, para otros marca un precedente preocupante para el derecho internacional.<br \/>\nLa situaci\u00f3n en Medio Oriente tambi\u00e9n es tensa. Si bien el r\u00e9gimen del ayatol\u00e1 una vez m\u00e1s parece haberse salido con la suya, no sabemos qu\u00e9 es lo que pueda pasar. Ya m\u00faltiples han sido las amenazas de Estados Unidos a este r\u00e9gimen y, de actuar de forma similar a lo acontecido en Venezuela, no tendr\u00eda dudas de que China y Rusia podr\u00edan aprovechar para \u201catacar a sus respectivos objetivos geopol\u00edticos\u201d.<br \/>\nCreo que, si hay un conflicto complejo y que s\u00ed puede ser el detonante de un enfrentamiento m\u00e1s grande entre las potencias, es la posible invasi\u00f3n de China a Taiw\u00e1n. Esta \u201cguerra\u201d ocurrir\u00e1 tarde o temprano, la pregunta es qui\u00e9n proteger\u00e1 a Taiw\u00e1n, viendo que Estados Unidos ha optado por dejar a un lado a sus aliados tradicionales.<br \/>\nCon un mundo polarizado y atravesando conflictos es que debemos preguntarnos qu\u00e9 debe hacer Bolivia en estos tiempos tan inciertos. El gran pecado de la clase pol\u00edtica boliviana es su falta de visi\u00f3n y de cualidades pol\u00edticas, adem\u00e1s de un conocimiento limitado respecto a la geopol\u00edtica. Por ende, no nos sorprende ver a nuestro pa\u00eds ocupado en tonter\u00edas sin sentido, en vez de construir un pa\u00eds fuerte pol\u00edtica y econ\u00f3micamente; despu\u00e9s de todo, esa es la v\u00eda para alcanzar el rol de potencia regional.<br \/>\nQuiero ser muy claro, pienso que todos los bolivianos, somos pacifistas, personas que buscamos en una primera instancia el crecimiento de la naci\u00f3n, pero tambi\u00e9n vivir en condiciones de apoyo y cooperaci\u00f3n mutua, tanto con nuestros vecinos como con otros pa\u00edses m\u00e1s lejanos.<br \/>\nEmpero, esto no significa que no se pueda criticar la situaci\u00f3n pol\u00edtica y militar de nuestro pa\u00eds. Bolivia necesita actualizarse respecto a todo lo ligado a equipamientos y armamento militar. Esto lo digo viendo a otros pa\u00edses en la regi\u00f3n que, sin dudas, nos llevan una gran diferencia en este apartado. \u00daltimamente se ha visto a la Argentina adquiriendo aviones de \u201c\u00faltima generaci\u00f3n\u201d para su armada, de esta forma empezando con su proceso de modernizaci\u00f3n militar. Lo mismo debemos hacer nosotros, sobre todo porque nuestro retraso en este apartado es notable y es parte fundamental de la defensa de la soberan\u00eda nacional.<br \/>\nReitero, acciones de esta clase no deben ser vistas como b\u00e9licas, sino como lo que son: modernizaci\u00f3n de un ej\u00e9rcito que por muchas d\u00e9cadas lleva siendo \u201cmaltratado\u201d por m\u00faltiples gobiernos. Parece que los pol\u00edticos se han olvidado de que el crecimiento pol\u00edtico de un pa\u00eds no solo pasa por contar con l\u00edderes fuertes y Estados con una visi\u00f3n de pa\u00eds bien definida, sino tambi\u00e9n porque las fuerzas del orden cuenten con el mejor equipamiento, esto no para la guerra sino para la protecci\u00f3n y defensa de la soberan\u00eda nacional. Nada de malo tiene pedir una modernizaci\u00f3n en un sector que lo necesita m\u00e1s que nunca.<br \/>\nOjo, esta modernizaci\u00f3n y adquisici\u00f3n de equipamiento militar que planteo no busca ingresar a las tensiones geopol\u00edticas, ser\u00eda algo rid\u00edculo. Sino m\u00e1s bien que, en caso de que m\u00faltiples de estos conflictos causen efectos secundarios, el pa\u00eds est\u00e9 seguro y pueda mantener siempre su soberan\u00eda. Bolivia necesita empezar el trayecto a convertirse en una potencia tanto pol\u00edtica como econ\u00f3mica.<\/p>\n<p>Fabianfreirel060901@gmail.com<\/p>\n","protected":false},"excerpt":{"rendered":"<p>Hoy m\u00e1s que nunca, la \u201csombra\u201d de un posible conflicto b\u00e9lico global est\u00e1 m\u00e1s vigente que nunca y, por m\u00e1s que nuestro pa\u00eds no tenga peso dentro de la geopol\u00edtica, no significa que no pueda ser afectado de una u otra forma. Por mucho tiempo los pa\u00edses de la Uni\u00f3n Europea han financiado a Ucrania [&hellip;]<\/p>\n","protected":false},"author":1,"featured_media":161834,"comment_status":"closed","ping_status":"open","sticky":false,"template":"","format":"standard","meta":{"_acf_changed":false,"footnotes":""},"categories":[9],"tags":[],"class_list":["post-372076","post","type-post","status-publish","format-standard","has-post-thumbnail","category-opinion"],"acf":{"antetitulo":""},"yoast_head":"<!-- This site is optimized with the Yoast SEO plugin v28.3 - https:\/\/yoast.com\/product\/yoast-seo-wordpress\/ -->\n<title>Acciones que debe tomar Bolivia frente a tensa situaci\u00f3n geopol\u00edtica - El Diario - Bolivia<\/title>\n<meta name=\"robots\" content=\"index, follow, max-snippet:-1, max-image-preview:large, max-video-preview:-1\" \/>\n<link rel=\"canonical\" href=\"https:\/\/www.eldiario.net\/portal\/2026\/02\/28\/acciones-que-debe-tomar-bolivia-frente-a-tensa-situacion-geopolitica\/\" \/>\n<meta property=\"og:locale\" content=\"es_ES\" \/>\n<meta property=\"og:type\" content=\"article\" \/>\n<meta property=\"og:title\" content=\"Acciones que debe tomar Bolivia frente a tensa situaci\u00f3n geopol\u00edtica - El Diario - Bolivia\" \/>\n<meta property=\"og:description\" content=\"Hoy m\u00e1s que nunca, la \u201csombra\u201d de un posible conflicto b\u00e9lico global est\u00e1 m\u00e1s vigente que nunca y, por m\u00e1s que nuestro pa\u00eds no tenga peso dentro de la geopol\u00edtica, no significa que no pueda ser afectado de una u otra forma. Por mucho tiempo los pa\u00edses de la Uni\u00f3n Europea han financiado a Ucrania [&hellip;]\" \/>\n<meta property=\"og:url\" content=\"https:\/\/www.eldiario.net\/portal\/2026\/02\/28\/acciones-que-debe-tomar-bolivia-frente-a-tensa-situacion-geopolitica\/\" \/>\n<meta property=\"og:site_name\" content=\"El Diario - Bolivia\" \/>\n<meta property=\"article:publisher\" content=\"https:\/\/www.facebook.com\/eldiario.bolivia\/\" \/>\n<meta property=\"article:published_time\" content=\"2026-02-28T11:24:51+00:00\" \/>\n<meta property=\"og:image\" content=\"https:\/\/www.eldiario.net\/portal\/wp-content\/uploads\/2023\/06\/Fabian-Freire.jpg\" \/>\n\t<meta property=\"og:image:width\" content=\"1200\" \/>\n\t<meta property=\"og:image:height\" content=\"628\" \/>\n\t<meta property=\"og:image:type\" content=\"image\/jpeg\" \/>\n<meta name=\"author\" content=\"Jeanette\" \/>\n<meta name=\"twitter:card\" content=\"summary_large_image\" \/>\n<meta name=\"twitter:creator\" content=\"@eldiario_net\" \/>\n<meta name=\"twitter:site\" content=\"@eldiario_net\" \/>\n<meta name=\"twitter:label1\" content=\"Escrito por\" \/>\n\t<meta name=\"twitter:data1\" content=\"Jeanette\" \/>\n\t<meta name=\"twitter:label2\" content=\"Tiempo de lectura\" \/>\n\t<meta name=\"twitter:data2\" content=\"4 minutos\" \/>\n<script type=\"application\/ld+json\" class=\"yoast-schema-graph\">{\"@context\":\"https:\\\/\\\/schema.org\",\"@graph\":[{\"@type\":\"Article\",\"@id\":\"https:\\\/\\\/www.eldiario.net\\\/portal\\\/2026\\\/02\\\/28\\\/acciones-que-debe-tomar-bolivia-frente-a-tensa-situacion-geopolitica\\\/#article\",\"isPartOf\":{\"@id\":\"https:\\\/\\\/www.eldiario.net\\\/portal\\\/2026\\\/02\\\/28\\\/acciones-que-debe-tomar-bolivia-frente-a-tensa-situacion-geopolitica\\\/\"},\"author\":{\"name\":\"Jeanette\",\"@id\":\"https:\\\/\\\/www.eldiario.net\\\/portal\\\/#\\\/schema\\\/person\\\/f46445640444750d7d753ccd04ae01b7\"},\"headline\":\"Acciones que debe tomar Bolivia frente a tensa situaci\u00f3n geopol\u00edtica\",\"datePublished\":\"2026-02-28T11:24:51+00:00\",\"mainEntityOfPage\":{\"@id\":\"https:\\\/\\\/www.eldiario.net\\\/portal\\\/2026\\\/02\\\/28\\\/acciones-que-debe-tomar-bolivia-frente-a-tensa-situacion-geopolitica\\\/\"},\"wordCount\":729,\"publisher\":{\"@id\":\"https:\\\/\\\/www.eldiario.net\\\/portal\\\/#organization\"},\"image\":{\"@id\":\"https:\\\/\\\/www.eldiario.net\\\/portal\\\/2026\\\/02\\\/28\\\/acciones-que-debe-tomar-bolivia-frente-a-tensa-situacion-geopolitica\\\/#primaryimage\"},\"thumbnailUrl\":\"https:\\\/\\\/www.eldiario.net\\\/portal\\\/wp-content\\\/uploads\\\/2023\\\/06\\\/Fabian-Freire.jpg\",\"articleSection\":[\"Opini\u00f3n\"],\"inLanguage\":\"es\"},{\"@type\":\"WebPage\",\"@id\":\"https:\\\/\\\/www.eldiario.net\\\/portal\\\/2026\\\/02\\\/28\\\/acciones-que-debe-tomar-bolivia-frente-a-tensa-situacion-geopolitica\\\/\",\"url\":\"https:\\\/\\\/www.eldiario.net\\\/portal\\\/2026\\\/02\\\/28\\\/acciones-que-debe-tomar-bolivia-frente-a-tensa-situacion-geopolitica\\\/\",\"name\":\"Acciones que debe tomar Bolivia frente a tensa situaci\u00f3n geopol\u00edtica - El Diario - Bolivia\",\"isPartOf\":{\"@id\":\"https:\\\/\\\/www.eldiario.net\\\/portal\\\/#website\"},\"primaryImageOfPage\":{\"@id\":\"https:\\\/\\\/www.eldiario.net\\\/portal\\\/2026\\\/02\\\/28\\\/acciones-que-debe-tomar-bolivia-frente-a-tensa-situacion-geopolitica\\\/#primaryimage\"},\"image\":{\"@id\":\"https:\\\/\\\/www.eldiario.net\\\/portal\\\/2026\\\/02\\\/28\\\/acciones-que-debe-tomar-bolivia-frente-a-tensa-situacion-geopolitica\\\/#primaryimage\"},\"thumbnailUrl\":\"https:\\\/\\\/www.eldiario.net\\\/portal\\\/wp-content\\\/uploads\\\/2023\\\/06\\\/Fabian-Freire.jpg\",\"datePublished\":\"2026-02-28T11:24:51+00:00\",\"breadcrumb\":{\"@id\":\"https:\\\/\\\/www.eldiario.net\\\/portal\\\/2026\\\/02\\\/28\\\/acciones-que-debe-tomar-bolivia-frente-a-tensa-situacion-geopolitica\\\/#breadcrumb\"},\"inLanguage\":\"es\",\"potentialAction\":[{\"@type\":\"ReadAction\",\"target\":[\"https:\\\/\\\/www.eldiario.net\\\/portal\\\/2026\\\/02\\\/28\\\/acciones-que-debe-tomar-bolivia-frente-a-tensa-situacion-geopolitica\\\/\"]}]},{\"@type\":\"ImageObject\",\"inLanguage\":\"es\",\"@id\":\"https:\\\/\\\/www.eldiario.net\\\/portal\\\/2026\\\/02\\\/28\\\/acciones-que-debe-tomar-bolivia-frente-a-tensa-situacion-geopolitica\\\/#primaryimage\",\"url\":\"https:\\\/\\\/www.eldiario.net\\\/portal\\\/wp-content\\\/uploads\\\/2023\\\/06\\\/Fabian-Freire.jpg\",\"contentUrl\":\"https:\\\/\\\/www.eldiario.net\\\/portal\\\/wp-content\\\/uploads\\\/2023\\\/06\\\/Fabian-Freire.jpg\",\"width\":1200,\"height\":628,\"caption\":\"Fabian Freire\"},{\"@type\":\"BreadcrumbList\",\"@id\":\"https:\\\/\\\/www.eldiario.net\\\/portal\\\/2026\\\/02\\\/28\\\/acciones-que-debe-tomar-bolivia-frente-a-tensa-situacion-geopolitica\\\/#breadcrumb\",\"itemListElement\":[{\"@type\":\"ListItem\",\"position\":1,\"name\":\"Portada\",\"item\":\"https:\\\/\\\/www.eldiario.net\\\/portal\\\/\"},{\"@type\":\"ListItem\",\"position\":2,\"name\":\"Acciones que debe tomar Bolivia frente a tensa situaci\u00f3n geopol\u00edtica\"}]},{\"@type\":\"WebSite\",\"@id\":\"https:\\\/\\\/www.eldiario.net\\\/portal\\\/#website\",\"url\":\"https:\\\/\\\/www.eldiario.net\\\/portal\\\/\",\"name\":\"El Diario - Decano de la prensa nacional\",\"description\":\"El Diario - Decano de la prensa nacional\",\"publisher\":{\"@id\":\"https:\\\/\\\/www.eldiario.net\\\/portal\\\/#organization\"},\"potentialAction\":[{\"@type\":\"SearchAction\",\"target\":{\"@type\":\"EntryPoint\",\"urlTemplate\":\"https:\\\/\\\/www.eldiario.net\\\/portal\\\/?s={search_term_string}\"},\"query-input\":{\"@type\":\"PropertyValueSpecification\",\"valueRequired\":true,\"valueName\":\"search_term_string\"}}],\"inLanguage\":\"es\"},{\"@type\":\"Organization\",\"@id\":\"https:\\\/\\\/www.eldiario.net\\\/portal\\\/#organization\",\"name\":\"El Diario - Decano de la prensa nacional\",\"url\":\"https:\\\/\\\/www.eldiario.net\\\/portal\\\/\",\"logo\":{\"@type\":\"ImageObject\",\"inLanguage\":\"es\",\"@id\":\"https:\\\/\\\/www.eldiario.net\\\/portal\\\/#\\\/schema\\\/logo\\\/image\\\/\",\"url\":\"https:\\\/\\\/www.eldiario.net\\\/portal\\\/wp-content\\\/uploads\\\/2023\\\/07\\\/logo_ED.jpg\",\"contentUrl\":\"https:\\\/\\\/www.eldiario.net\\\/portal\\\/wp-content\\\/uploads\\\/2023\\\/07\\\/logo_ED.jpg\",\"width\":272,\"height\":52,\"caption\":\"El Diario - Decano de la prensa nacional\"},\"image\":{\"@id\":\"https:\\\/\\\/www.eldiario.net\\\/portal\\\/#\\\/schema\\\/logo\\\/image\\\/\"},\"sameAs\":[\"https:\\\/\\\/www.facebook.com\\\/eldiario.bolivia\\\/\",\"https:\\\/\\\/x.com\\\/eldiario_net\"]},{\"@type\":\"Person\",\"@id\":\"https:\\\/\\\/www.eldiario.net\\\/portal\\\/#\\\/schema\\\/person\\\/f46445640444750d7d753ccd04ae01b7\",\"name\":\"Jeanette\",\"image\":{\"@type\":\"ImageObject\",\"inLanguage\":\"es\",\"@id\":\"https:\\\/\\\/secure.gravatar.com\\\/avatar\\\/3ea2118a5f7dad2b7138b1187a6b7ee55f160b9968b66013c3a3ef39dd7e5798?s=96&d=mm&r=g\",\"url\":\"https:\\\/\\\/secure.gravatar.com\\\/avatar\\\/3ea2118a5f7dad2b7138b1187a6b7ee55f160b9968b66013c3a3ef39dd7e5798?s=96&d=mm&r=g\",\"contentUrl\":\"https:\\\/\\\/secure.gravatar.com\\\/avatar\\\/3ea2118a5f7dad2b7138b1187a6b7ee55f160b9968b66013c3a3ef39dd7e5798?s=96&d=mm&r=g\",\"caption\":\"Jeanette\"},\"sameAs\":[\"https:\\\/\\\/www.eldiario.net\\\/portal\"],\"url\":\"https:\\\/\\\/www.eldiario.net\\\/portal\\\/author\\\/jeanette\\\/\"}]}<\/script>\n<!-- \/ Yoast SEO plugin. -->","yoast_head_json":{"title":"Acciones que debe tomar Bolivia frente a tensa situaci\u00f3n geopol\u00edtica - El Diario - Bolivia","robots":{"index":"index","follow":"follow","max-snippet":"max-snippet:-1","max-image-preview":"max-image-preview:large","max-video-preview":"max-video-preview:-1"},"canonical":"https:\/\/www.eldiario.net\/portal\/2026\/02\/28\/acciones-que-debe-tomar-bolivia-frente-a-tensa-situacion-geopolitica\/","og_locale":"es_ES","og_type":"article","og_title":"Acciones que debe tomar Bolivia frente a tensa situaci\u00f3n geopol\u00edtica - El Diario - Bolivia","og_description":"Hoy m\u00e1s que nunca, la \u201csombra\u201d de un posible conflicto b\u00e9lico global est\u00e1 m\u00e1s vigente que nunca y, por m\u00e1s que nuestro pa\u00eds no tenga peso dentro de la geopol\u00edtica, no significa que no pueda ser afectado de una u otra forma. Por mucho tiempo los pa\u00edses de la Uni\u00f3n Europea han financiado a Ucrania [&hellip;]","og_url":"https:\/\/www.eldiario.net\/portal\/2026\/02\/28\/acciones-que-debe-tomar-bolivia-frente-a-tensa-situacion-geopolitica\/","og_site_name":"El Diario - Bolivia","article_publisher":"https:\/\/www.facebook.com\/eldiario.bolivia\/","article_published_time":"2026-02-28T11:24:51+00:00","og_image":[{"width":1200,"height":628,"url":"https:\/\/www.eldiario.net\/portal\/wp-content\/uploads\/2023\/06\/Fabian-Freire.jpg","type":"image\/jpeg"}],"author":"Jeanette","twitter_card":"summary_large_image","twitter_creator":"@eldiario_net","twitter_site":"@eldiario_net","twitter_misc":{"Escrito por":"Jeanette","Tiempo de lectura":"4 minutos"},"schema":{"@context":"https:\/\/schema.org","@graph":[{"@type":"Article","@id":"https:\/\/www.eldiario.net\/portal\/2026\/02\/28\/acciones-que-debe-tomar-bolivia-frente-a-tensa-situacion-geopolitica\/#article","isPartOf":{"@id":"https:\/\/www.eldiario.net\/portal\/2026\/02\/28\/acciones-que-debe-tomar-bolivia-frente-a-tensa-situacion-geopolitica\/"},"author":{"name":"Jeanette","@id":"https:\/\/www.eldiario.net\/portal\/#\/schema\/person\/f46445640444750d7d753ccd04ae01b7"},"headline":"Acciones que debe tomar Bolivia frente a tensa situaci\u00f3n geopol\u00edtica","datePublished":"2026-02-28T11:24:51+00:00","mainEntityOfPage":{"@id":"https:\/\/www.eldiario.net\/portal\/2026\/02\/28\/acciones-que-debe-tomar-bolivia-frente-a-tensa-situacion-geopolitica\/"},"wordCount":729,"publisher":{"@id":"https:\/\/www.eldiario.net\/portal\/#organization"},"image":{"@id":"https:\/\/www.eldiario.net\/portal\/2026\/02\/28\/acciones-que-debe-tomar-bolivia-frente-a-tensa-situacion-geopolitica\/#primaryimage"},"thumbnailUrl":"https:\/\/www.eldiario.net\/portal\/wp-content\/uploads\/2023\/06\/Fabian-Freire.jpg","articleSection":["Opini\u00f3n"],"inLanguage":"es"},{"@type":"WebPage","@id":"https:\/\/www.eldiario.net\/portal\/2026\/02\/28\/acciones-que-debe-tomar-bolivia-frente-a-tensa-situacion-geopolitica\/","url":"https:\/\/www.eldiario.net\/portal\/2026\/02\/28\/acciones-que-debe-tomar-bolivia-frente-a-tensa-situacion-geopolitica\/","name":"Acciones que debe tomar Bolivia frente a tensa situaci\u00f3n geopol\u00edtica - El Diario - Bolivia","isPartOf":{"@id":"https:\/\/www.eldiario.net\/portal\/#website"},"primaryImageOfPage":{"@id":"https:\/\/www.eldiario.net\/portal\/2026\/02\/28\/acciones-que-debe-tomar-bolivia-frente-a-tensa-situacion-geopolitica\/#primaryimage"},"image":{"@id":"https:\/\/www.eldiario.net\/portal\/2026\/02\/28\/acciones-que-debe-tomar-bolivia-frente-a-tensa-situacion-geopolitica\/#primaryimage"},"thumbnailUrl":"https:\/\/www.eldiario.net\/portal\/wp-content\/uploads\/2023\/06\/Fabian-Freire.jpg","datePublished":"2026-02-28T11:24:51+00:00","breadcrumb":{"@id":"https:\/\/www.eldiario.net\/portal\/2026\/02\/28\/acciones-que-debe-tomar-bolivia-frente-a-tensa-situacion-geopolitica\/#breadcrumb"},"inLanguage":"es","potentialAction":[{"@type":"ReadAction","target":["https:\/\/www.eldiario.net\/portal\/2026\/02\/28\/acciones-que-debe-tomar-bolivia-frente-a-tensa-situacion-geopolitica\/"]}]},{"@type":"ImageObject","inLanguage":"es","@id":"https:\/\/www.eldiario.net\/portal\/2026\/02\/28\/acciones-que-debe-tomar-bolivia-frente-a-tensa-situacion-geopolitica\/#primaryimage","url":"https:\/\/www.eldiario.net\/portal\/wp-content\/uploads\/2023\/06\/Fabian-Freire.jpg","contentUrl":"https:\/\/www.eldiario.net\/portal\/wp-content\/uploads\/2023\/06\/Fabian-Freire.jpg","width":1200,"height":628,"caption":"Fabian Freire"},{"@type":"BreadcrumbList","@id":"https:\/\/www.eldiario.net\/portal\/2026\/02\/28\/acciones-que-debe-tomar-bolivia-frente-a-tensa-situacion-geopolitica\/#breadcrumb","itemListElement":[{"@type":"ListItem","position":1,"name":"Portada","item":"https:\/\/www.eldiario.net\/portal\/"},{"@type":"ListItem","position":2,"name":"Acciones que debe tomar Bolivia frente a tensa situaci\u00f3n geopol\u00edtica"}]},{"@type":"WebSite","@id":"https:\/\/www.eldiario.net\/portal\/#website","url":"https:\/\/www.eldiario.net\/portal\/","name":"El Diario - Decano de la prensa nacional","description":"El Diario - Decano de la prensa nacional","publisher":{"@id":"https:\/\/www.eldiario.net\/portal\/#organization"},"potentialAction":[{"@type":"SearchAction","target":{"@type":"EntryPoint","urlTemplate":"https:\/\/www.eldiario.net\/portal\/?s={search_term_string}"},"query-input":{"@type":"PropertyValueSpecification","valueRequired":true,"valueName":"search_term_string"}}],"inLanguage":"es"},{"@type":"Organization","@id":"https:\/\/www.eldiario.net\/portal\/#organization","name":"El Diario - Decano de la prensa nacional","url":"https:\/\/www.eldiario.net\/portal\/","logo":{"@type":"ImageObject","inLanguage":"es","@id":"https:\/\/www.eldiario.net\/portal\/#\/schema\/logo\/image\/","url":"https:\/\/www.eldiario.net\/portal\/wp-content\/uploads\/2023\/07\/logo_ED.jpg","contentUrl":"https:\/\/www.eldiario.net\/portal\/wp-content\/uploads\/2023\/07\/logo_ED.jpg","width":272,"height":52,"caption":"El Diario - Decano de la prensa nacional"},"image":{"@id":"https:\/\/www.eldiario.net\/portal\/#\/schema\/logo\/image\/"},"sameAs":["https:\/\/www.facebook.com\/eldiario.bolivia\/","https:\/\/x.com\/eldiario_net"]},{"@type":"Person","@id":"https:\/\/www.eldiario.net\/portal\/#\/schema\/person\/f46445640444750d7d753ccd04ae01b7","name":"Jeanette","image":{"@type":"ImageObject","inLanguage":"es","@id":"https:\/\/secure.gravatar.com\/avatar\/3ea2118a5f7dad2b7138b1187a6b7ee55f160b9968b66013c3a3ef39dd7e5798?s=96&d=mm&r=g","url":"https:\/\/secure.gravatar.com\/avatar\/3ea2118a5f7dad2b7138b1187a6b7ee55f160b9968b66013c3a3ef39dd7e5798?s=96&d=mm&r=g","contentUrl":"https:\/\/secure.gravatar.com\/avatar\/3ea2118a5f7dad2b7138b1187a6b7ee55f160b9968b66013c3a3ef39dd7e5798?s=96&d=mm&r=g","caption":"Jeanette"},"sameAs":["https:\/\/www.eldiario.net\/portal"],"url":"https:\/\/www.eldiario.net\/portal\/author\/jeanette\/"}]}},"_links":{"self":[{"href":"https:\/\/www.eldiario.net\/portal\/wp-json\/wp\/v2\/posts\/372076","targetHints":{"allow":["GET"]}}],"collection":[{"href":"https:\/\/www.eldiario.net\/portal\/wp-json\/wp\/v2\/posts"}],"about":[{"href":"https:\/\/www.eldiario.net\/portal\/wp-json\/wp\/v2\/types\/post"}],"author":[{"embeddable":true,"href":"https:\/\/www.eldiario.net\/portal\/wp-json\/wp\/v2\/users\/1"}],"replies":[{"embeddable":true,"href":"https:\/\/www.eldiario.net\/portal\/wp-json\/wp\/v2\/comments?post=372076"}],"version-history":[{"count":1,"href":"https:\/\/www.eldiario.net\/portal\/wp-json\/wp\/v2\/posts\/372076\/revisions"}],"predecessor-version":[{"id":372077,"href":"https:\/\/www.eldiario.net\/portal\/wp-json\/wp\/v2\/posts\/372076\/revisions\/372077"}],"wp:featuredmedia":[{"embeddable":true,"href":"https:\/\/www.eldiario.net\/portal\/wp-json\/wp\/v2\/media\/161834"}],"wp:attachment":[{"href":"https:\/\/www.eldiario.net\/portal\/wp-json\/wp\/v2\/media?parent=372076"}],"wp:term":[{"taxonomy":"category","embeddable":true,"href":"https:\/\/www.eldiario.net\/portal\/wp-json\/wp\/v2\/categories?post=372076"},{"taxonomy":"post_tag","embeddable":true,"href":"https:\/\/www.eldiario.net\/portal\/wp-json\/wp\/v2\/tags?post=372076"}],"curies":[{"name":"wp","href":"https:\/\/api.w.org\/{rel}","templated":true}]}}