{"id":372074,"date":"2026-02-28T07:24:04","date_gmt":"2026-02-28T11:24:04","guid":{"rendered":"https:\/\/www.eldiario.net\/portal\/?p=372074"},"modified":"2026-02-28T07:24:04","modified_gmt":"2026-02-28T11:24:04","slug":"nuestra-mirada-suplicante-de-amor","status":"publish","type":"post","link":"https:\/\/www.eldiario.net\/portal\/2026\/02\/28\/nuestra-mirada-suplicante-de-amor\/","title":{"rendered":"Nuestra mirada suplicante de amor"},"content":{"rendered":"<p>Orar por los difuntos: el pasaje de la muerte es un paraje de expectativa; y, recorrer nuestros cementerios con esp\u00edritu orante, nos ayuda a secar l\u00e1grimas y a reconfortar duelos. Orar por los muertos, m\u00e1s que necesario es imprescindible, porque no \u00fanicamente les puede ayudar a ellos, adem\u00e1s hace eficaz su intercesi\u00f3n a favor nuestro. Vayamos, pues, hacia adelante siempre, que el tr\u00e1nsito se vive, despojado de mundo y amando, porque Cristo es Amor y yo he de ser su verbo de amor en verso.<\/p>\n<p>I.- Jes\u00fas es el camino, renovado<br \/>\npor \u00e9l mismo<br \/>\nTodos nosotros estamos en camino, reencontr\u00e1ndonos para expresarnos, pues somos la locuci\u00f3n de un vivir, en permanente ejercicio existencial, que tiene como pr\u00e1ctica el coraz\u00f3n. A golpe de latido se entra en calma, se encauzan los claros sentimientos, se revive el itinerario de la amistad, para tomar el carril de la concordia, que es el que nos pone en servicio. Nuestro trabajo est\u00e1 en los andares, en tomar la ruta del glorioso afecto, en seguir los pasos del Crucificado, que nos abri\u00f3 los p\u00f3rticos del cielo, y nos cerr\u00f3 la superficie del recelo.<\/p>\n<p>II.- Jes\u00fas es la verdad, hecha persona<br \/>\nLa luz irradiada por Jes\u00fas es pasi\u00f3n, es fehaciente resplandor de certeza. Su evidencia nos renueva la aurora, es la estrella de la libertad humana; sin \u00c9l nada es, todo pierde su gu\u00eda. La orientaci\u00f3n tomada nos remonta, nos eleva al Padre a trav\u00e9s del Hijo, que nos ha amparado y nos redime. Es verdad, \u00a1el Se\u00f1or ha resucitado!, \u00a1\u00c9l s\u00f3lo hace posible lo imposible! Con \u00c9l llega la huida de la muerte, y se reafirma la victoria de la vida; pues a pesar de la nube de la Cruz, s\u00f3lo hay que habitar en su palabra, para conocerse y reconocerse en \u00c9l.<\/p>\n<p>III.- Jes\u00fas es la vida; dada como esperanza<br \/>\nCon las entretelas en grito, rebusco a mi Se\u00f1or, necesito de su acogida, requiero de su apoyo cada instante, porque quiero querer lo que quiero, una morada rememorada en poes\u00eda. Somos rebrotes de amor verdadero, renuevos de una vivificante m\u00edstica, reto\u00f1os de una relaci\u00f3n restaurada, porque Dios nos ama y nos espera, en una profunda vida de comuni\u00f3n. No tengamos miedo a mirar y a ver, los andares vividos y ya efectuados, lo vital est\u00e1 en surcar la correcci\u00f3n, en saber reprenderse en el instante, para vivir en paz y no morir jam\u00e1s.<\/p>\n<p>corcoba@telefonica.net<\/p>\n","protected":false},"excerpt":{"rendered":"<p>Orar por los difuntos: el pasaje de la muerte es un paraje de expectativa; y, recorrer nuestros cementerios con esp\u00edritu orante, nos ayuda a secar l\u00e1grimas y a reconfortar duelos. Orar por los muertos, m\u00e1s que necesario es imprescindible, porque no \u00fanicamente les puede ayudar a ellos, adem\u00e1s hace eficaz su intercesi\u00f3n a favor nuestro. [&hellip;]<\/p>\n","protected":false},"author":1,"featured_media":158260,"comment_status":"closed","ping_status":"open","sticky":false,"template":"","format":"standard","meta":{"_acf_changed":false,"footnotes":""},"categories":[9],"tags":[],"class_list":["post-372074","post","type-post","status-publish","format-standard","has-post-thumbnail","category-opinion"],"acf":{"antetitulo":"Compartiendo di\u00e1logos conmigo mismo"},"yoast_head":"<!-- This site is optimized with the Yoast SEO plugin v28.3 - https:\/\/yoast.com\/product\/yoast-seo-wordpress\/ -->\n<title>Nuestra mirada suplicante de amor - El Diario - Bolivia<\/title>\n<meta name=\"robots\" content=\"index, follow, max-snippet:-1, max-image-preview:large, max-video-preview:-1\" \/>\n<link rel=\"canonical\" href=\"https:\/\/www.eldiario.net\/portal\/2026\/02\/28\/nuestra-mirada-suplicante-de-amor\/\" \/>\n<meta property=\"og:locale\" content=\"es_ES\" \/>\n<meta property=\"og:type\" content=\"article\" \/>\n<meta property=\"og:title\" content=\"Nuestra mirada suplicante de amor - El Diario - Bolivia\" \/>\n<meta property=\"og:description\" content=\"Orar por los difuntos: el pasaje de la muerte es un paraje de expectativa; y, recorrer nuestros cementerios con esp\u00edritu orante, nos ayuda a secar l\u00e1grimas y a reconfortar duelos. Orar por los muertos, m\u00e1s que necesario es imprescindible, porque no \u00fanicamente les puede ayudar a ellos, adem\u00e1s hace eficaz su intercesi\u00f3n a favor nuestro. [&hellip;]\" \/>\n<meta property=\"og:url\" content=\"https:\/\/www.eldiario.net\/portal\/2026\/02\/28\/nuestra-mirada-suplicante-de-amor\/\" \/>\n<meta property=\"og:site_name\" content=\"El Diario - Bolivia\" \/>\n<meta property=\"article:publisher\" content=\"https:\/\/www.facebook.com\/eldiario.bolivia\/\" \/>\n<meta property=\"article:published_time\" content=\"2026-02-28T11:24:04+00:00\" \/>\n<meta property=\"og:image\" content=\"https:\/\/www.eldiario.net\/portal\/wp-content\/uploads\/2023\/06\/Victor-Corcoba-Herrero-1.jpg\" \/>\n\t<meta property=\"og:image:width\" content=\"1200\" \/>\n\t<meta property=\"og:image:height\" content=\"628\" \/>\n\t<meta property=\"og:image:type\" content=\"image\/jpeg\" \/>\n<meta name=\"author\" content=\"Jeanette\" \/>\n<meta name=\"twitter:card\" content=\"summary_large_image\" \/>\n<meta name=\"twitter:creator\" content=\"@eldiario_net\" \/>\n<meta name=\"twitter:site\" content=\"@eldiario_net\" \/>\n<meta name=\"twitter:label1\" content=\"Escrito por\" \/>\n\t<meta name=\"twitter:data1\" content=\"Jeanette\" \/>\n\t<meta name=\"twitter:label2\" content=\"Tiempo de lectura\" \/>\n\t<meta name=\"twitter:data2\" content=\"3 minutos\" \/>\n<script type=\"application\/ld+json\" class=\"yoast-schema-graph\">{\"@context\":\"https:\\\/\\\/schema.org\",\"@graph\":[{\"@type\":\"Article\",\"@id\":\"https:\\\/\\\/www.eldiario.net\\\/portal\\\/2026\\\/02\\\/28\\\/nuestra-mirada-suplicante-de-amor\\\/#article\",\"isPartOf\":{\"@id\":\"https:\\\/\\\/www.eldiario.net\\\/portal\\\/2026\\\/02\\\/28\\\/nuestra-mirada-suplicante-de-amor\\\/\"},\"author\":{\"name\":\"Jeanette\",\"@id\":\"https:\\\/\\\/www.eldiario.net\\\/portal\\\/#\\\/schema\\\/person\\\/f46445640444750d7d753ccd04ae01b7\"},\"headline\":\"Nuestra mirada suplicante de amor\",\"datePublished\":\"2026-02-28T11:24:04+00:00\",\"mainEntityOfPage\":{\"@id\":\"https:\\\/\\\/www.eldiario.net\\\/portal\\\/2026\\\/02\\\/28\\\/nuestra-mirada-suplicante-de-amor\\\/\"},\"wordCount\":439,\"publisher\":{\"@id\":\"https:\\\/\\\/www.eldiario.net\\\/portal\\\/#organization\"},\"image\":{\"@id\":\"https:\\\/\\\/www.eldiario.net\\\/portal\\\/2026\\\/02\\\/28\\\/nuestra-mirada-suplicante-de-amor\\\/#primaryimage\"},\"thumbnailUrl\":\"https:\\\/\\\/www.eldiario.net\\\/portal\\\/wp-content\\\/uploads\\\/2023\\\/06\\\/Victor-Corcoba-Herrero-1.jpg\",\"articleSection\":[\"Opini\u00f3n\"],\"inLanguage\":\"es\"},{\"@type\":\"WebPage\",\"@id\":\"https:\\\/\\\/www.eldiario.net\\\/portal\\\/2026\\\/02\\\/28\\\/nuestra-mirada-suplicante-de-amor\\\/\",\"url\":\"https:\\\/\\\/www.eldiario.net\\\/portal\\\/2026\\\/02\\\/28\\\/nuestra-mirada-suplicante-de-amor\\\/\",\"name\":\"Nuestra mirada suplicante de amor - El Diario - Bolivia\",\"isPartOf\":{\"@id\":\"https:\\\/\\\/www.eldiario.net\\\/portal\\\/#website\"},\"primaryImageOfPage\":{\"@id\":\"https:\\\/\\\/www.eldiario.net\\\/portal\\\/2026\\\/02\\\/28\\\/nuestra-mirada-suplicante-de-amor\\\/#primaryimage\"},\"image\":{\"@id\":\"https:\\\/\\\/www.eldiario.net\\\/portal\\\/2026\\\/02\\\/28\\\/nuestra-mirada-suplicante-de-amor\\\/#primaryimage\"},\"thumbnailUrl\":\"https:\\\/\\\/www.eldiario.net\\\/portal\\\/wp-content\\\/uploads\\\/2023\\\/06\\\/Victor-Corcoba-Herrero-1.jpg\",\"datePublished\":\"2026-02-28T11:24:04+00:00\",\"breadcrumb\":{\"@id\":\"https:\\\/\\\/www.eldiario.net\\\/portal\\\/2026\\\/02\\\/28\\\/nuestra-mirada-suplicante-de-amor\\\/#breadcrumb\"},\"inLanguage\":\"es\",\"potentialAction\":[{\"@type\":\"ReadAction\",\"target\":[\"https:\\\/\\\/www.eldiario.net\\\/portal\\\/2026\\\/02\\\/28\\\/nuestra-mirada-suplicante-de-amor\\\/\"]}]},{\"@type\":\"ImageObject\",\"inLanguage\":\"es\",\"@id\":\"https:\\\/\\\/www.eldiario.net\\\/portal\\\/2026\\\/02\\\/28\\\/nuestra-mirada-suplicante-de-amor\\\/#primaryimage\",\"url\":\"https:\\\/\\\/www.eldiario.net\\\/portal\\\/wp-content\\\/uploads\\\/2023\\\/06\\\/Victor-Corcoba-Herrero-1.jpg\",\"contentUrl\":\"https:\\\/\\\/www.eldiario.net\\\/portal\\\/wp-content\\\/uploads\\\/2023\\\/06\\\/Victor-Corcoba-Herrero-1.jpg\",\"width\":1200,\"height\":628,\"caption\":\"V\u00edctor Corcoba Herrero\"},{\"@type\":\"BreadcrumbList\",\"@id\":\"https:\\\/\\\/www.eldiario.net\\\/portal\\\/2026\\\/02\\\/28\\\/nuestra-mirada-suplicante-de-amor\\\/#breadcrumb\",\"itemListElement\":[{\"@type\":\"ListItem\",\"position\":1,\"name\":\"Portada\",\"item\":\"https:\\\/\\\/www.eldiario.net\\\/portal\\\/\"},{\"@type\":\"ListItem\",\"position\":2,\"name\":\"Nuestra mirada suplicante de amor\"}]},{\"@type\":\"WebSite\",\"@id\":\"https:\\\/\\\/www.eldiario.net\\\/portal\\\/#website\",\"url\":\"https:\\\/\\\/www.eldiario.net\\\/portal\\\/\",\"name\":\"El Diario - Decano de la prensa nacional\",\"description\":\"El Diario - Decano de la prensa nacional\",\"publisher\":{\"@id\":\"https:\\\/\\\/www.eldiario.net\\\/portal\\\/#organization\"},\"potentialAction\":[{\"@type\":\"SearchAction\",\"target\":{\"@type\":\"EntryPoint\",\"urlTemplate\":\"https:\\\/\\\/www.eldiario.net\\\/portal\\\/?s={search_term_string}\"},\"query-input\":{\"@type\":\"PropertyValueSpecification\",\"valueRequired\":true,\"valueName\":\"search_term_string\"}}],\"inLanguage\":\"es\"},{\"@type\":\"Organization\",\"@id\":\"https:\\\/\\\/www.eldiario.net\\\/portal\\\/#organization\",\"name\":\"El Diario - Decano de la prensa nacional\",\"url\":\"https:\\\/\\\/www.eldiario.net\\\/portal\\\/\",\"logo\":{\"@type\":\"ImageObject\",\"inLanguage\":\"es\",\"@id\":\"https:\\\/\\\/www.eldiario.net\\\/portal\\\/#\\\/schema\\\/logo\\\/image\\\/\",\"url\":\"https:\\\/\\\/www.eldiario.net\\\/portal\\\/wp-content\\\/uploads\\\/2023\\\/07\\\/logo_ED.jpg\",\"contentUrl\":\"https:\\\/\\\/www.eldiario.net\\\/portal\\\/wp-content\\\/uploads\\\/2023\\\/07\\\/logo_ED.jpg\",\"width\":272,\"height\":52,\"caption\":\"El Diario - Decano de la prensa nacional\"},\"image\":{\"@id\":\"https:\\\/\\\/www.eldiario.net\\\/portal\\\/#\\\/schema\\\/logo\\\/image\\\/\"},\"sameAs\":[\"https:\\\/\\\/www.facebook.com\\\/eldiario.bolivia\\\/\",\"https:\\\/\\\/x.com\\\/eldiario_net\"]},{\"@type\":\"Person\",\"@id\":\"https:\\\/\\\/www.eldiario.net\\\/portal\\\/#\\\/schema\\\/person\\\/f46445640444750d7d753ccd04ae01b7\",\"name\":\"Jeanette\",\"image\":{\"@type\":\"ImageObject\",\"inLanguage\":\"es\",\"@id\":\"https:\\\/\\\/secure.gravatar.com\\\/avatar\\\/3ea2118a5f7dad2b7138b1187a6b7ee55f160b9968b66013c3a3ef39dd7e5798?s=96&d=mm&r=g\",\"url\":\"https:\\\/\\\/secure.gravatar.com\\\/avatar\\\/3ea2118a5f7dad2b7138b1187a6b7ee55f160b9968b66013c3a3ef39dd7e5798?s=96&d=mm&r=g\",\"contentUrl\":\"https:\\\/\\\/secure.gravatar.com\\\/avatar\\\/3ea2118a5f7dad2b7138b1187a6b7ee55f160b9968b66013c3a3ef39dd7e5798?s=96&d=mm&r=g\",\"caption\":\"Jeanette\"},\"sameAs\":[\"https:\\\/\\\/www.eldiario.net\\\/portal\"],\"url\":\"https:\\\/\\\/www.eldiario.net\\\/portal\\\/author\\\/jeanette\\\/\"}]}<\/script>\n<!-- \/ Yoast SEO plugin. -->","yoast_head_json":{"title":"Nuestra mirada suplicante de amor - El Diario - Bolivia","robots":{"index":"index","follow":"follow","max-snippet":"max-snippet:-1","max-image-preview":"max-image-preview:large","max-video-preview":"max-video-preview:-1"},"canonical":"https:\/\/www.eldiario.net\/portal\/2026\/02\/28\/nuestra-mirada-suplicante-de-amor\/","og_locale":"es_ES","og_type":"article","og_title":"Nuestra mirada suplicante de amor - El Diario - Bolivia","og_description":"Orar por los difuntos: el pasaje de la muerte es un paraje de expectativa; y, recorrer nuestros cementerios con esp\u00edritu orante, nos ayuda a secar l\u00e1grimas y a reconfortar duelos. Orar por los muertos, m\u00e1s que necesario es imprescindible, porque no \u00fanicamente les puede ayudar a ellos, adem\u00e1s hace eficaz su intercesi\u00f3n a favor nuestro. [&hellip;]","og_url":"https:\/\/www.eldiario.net\/portal\/2026\/02\/28\/nuestra-mirada-suplicante-de-amor\/","og_site_name":"El Diario - Bolivia","article_publisher":"https:\/\/www.facebook.com\/eldiario.bolivia\/","article_published_time":"2026-02-28T11:24:04+00:00","og_image":[{"width":1200,"height":628,"url":"https:\/\/www.eldiario.net\/portal\/wp-content\/uploads\/2023\/06\/Victor-Corcoba-Herrero-1.jpg","type":"image\/jpeg"}],"author":"Jeanette","twitter_card":"summary_large_image","twitter_creator":"@eldiario_net","twitter_site":"@eldiario_net","twitter_misc":{"Escrito por":"Jeanette","Tiempo de lectura":"3 minutos"},"schema":{"@context":"https:\/\/schema.org","@graph":[{"@type":"Article","@id":"https:\/\/www.eldiario.net\/portal\/2026\/02\/28\/nuestra-mirada-suplicante-de-amor\/#article","isPartOf":{"@id":"https:\/\/www.eldiario.net\/portal\/2026\/02\/28\/nuestra-mirada-suplicante-de-amor\/"},"author":{"name":"Jeanette","@id":"https:\/\/www.eldiario.net\/portal\/#\/schema\/person\/f46445640444750d7d753ccd04ae01b7"},"headline":"Nuestra mirada suplicante de amor","datePublished":"2026-02-28T11:24:04+00:00","mainEntityOfPage":{"@id":"https:\/\/www.eldiario.net\/portal\/2026\/02\/28\/nuestra-mirada-suplicante-de-amor\/"},"wordCount":439,"publisher":{"@id":"https:\/\/www.eldiario.net\/portal\/#organization"},"image":{"@id":"https:\/\/www.eldiario.net\/portal\/2026\/02\/28\/nuestra-mirada-suplicante-de-amor\/#primaryimage"},"thumbnailUrl":"https:\/\/www.eldiario.net\/portal\/wp-content\/uploads\/2023\/06\/Victor-Corcoba-Herrero-1.jpg","articleSection":["Opini\u00f3n"],"inLanguage":"es"},{"@type":"WebPage","@id":"https:\/\/www.eldiario.net\/portal\/2026\/02\/28\/nuestra-mirada-suplicante-de-amor\/","url":"https:\/\/www.eldiario.net\/portal\/2026\/02\/28\/nuestra-mirada-suplicante-de-amor\/","name":"Nuestra mirada suplicante de amor - El Diario - Bolivia","isPartOf":{"@id":"https:\/\/www.eldiario.net\/portal\/#website"},"primaryImageOfPage":{"@id":"https:\/\/www.eldiario.net\/portal\/2026\/02\/28\/nuestra-mirada-suplicante-de-amor\/#primaryimage"},"image":{"@id":"https:\/\/www.eldiario.net\/portal\/2026\/02\/28\/nuestra-mirada-suplicante-de-amor\/#primaryimage"},"thumbnailUrl":"https:\/\/www.eldiario.net\/portal\/wp-content\/uploads\/2023\/06\/Victor-Corcoba-Herrero-1.jpg","datePublished":"2026-02-28T11:24:04+00:00","breadcrumb":{"@id":"https:\/\/www.eldiario.net\/portal\/2026\/02\/28\/nuestra-mirada-suplicante-de-amor\/#breadcrumb"},"inLanguage":"es","potentialAction":[{"@type":"ReadAction","target":["https:\/\/www.eldiario.net\/portal\/2026\/02\/28\/nuestra-mirada-suplicante-de-amor\/"]}]},{"@type":"ImageObject","inLanguage":"es","@id":"https:\/\/www.eldiario.net\/portal\/2026\/02\/28\/nuestra-mirada-suplicante-de-amor\/#primaryimage","url":"https:\/\/www.eldiario.net\/portal\/wp-content\/uploads\/2023\/06\/Victor-Corcoba-Herrero-1.jpg","contentUrl":"https:\/\/www.eldiario.net\/portal\/wp-content\/uploads\/2023\/06\/Victor-Corcoba-Herrero-1.jpg","width":1200,"height":628,"caption":"V\u00edctor Corcoba Herrero"},{"@type":"BreadcrumbList","@id":"https:\/\/www.eldiario.net\/portal\/2026\/02\/28\/nuestra-mirada-suplicante-de-amor\/#breadcrumb","itemListElement":[{"@type":"ListItem","position":1,"name":"Portada","item":"https:\/\/www.eldiario.net\/portal\/"},{"@type":"ListItem","position":2,"name":"Nuestra mirada suplicante de amor"}]},{"@type":"WebSite","@id":"https:\/\/www.eldiario.net\/portal\/#website","url":"https:\/\/www.eldiario.net\/portal\/","name":"El Diario - Decano de la prensa nacional","description":"El Diario - Decano de la prensa nacional","publisher":{"@id":"https:\/\/www.eldiario.net\/portal\/#organization"},"potentialAction":[{"@type":"SearchAction","target":{"@type":"EntryPoint","urlTemplate":"https:\/\/www.eldiario.net\/portal\/?s={search_term_string}"},"query-input":{"@type":"PropertyValueSpecification","valueRequired":true,"valueName":"search_term_string"}}],"inLanguage":"es"},{"@type":"Organization","@id":"https:\/\/www.eldiario.net\/portal\/#organization","name":"El Diario - Decano de la prensa nacional","url":"https:\/\/www.eldiario.net\/portal\/","logo":{"@type":"ImageObject","inLanguage":"es","@id":"https:\/\/www.eldiario.net\/portal\/#\/schema\/logo\/image\/","url":"https:\/\/www.eldiario.net\/portal\/wp-content\/uploads\/2023\/07\/logo_ED.jpg","contentUrl":"https:\/\/www.eldiario.net\/portal\/wp-content\/uploads\/2023\/07\/logo_ED.jpg","width":272,"height":52,"caption":"El Diario - Decano de la prensa nacional"},"image":{"@id":"https:\/\/www.eldiario.net\/portal\/#\/schema\/logo\/image\/"},"sameAs":["https:\/\/www.facebook.com\/eldiario.bolivia\/","https:\/\/x.com\/eldiario_net"]},{"@type":"Person","@id":"https:\/\/www.eldiario.net\/portal\/#\/schema\/person\/f46445640444750d7d753ccd04ae01b7","name":"Jeanette","image":{"@type":"ImageObject","inLanguage":"es","@id":"https:\/\/secure.gravatar.com\/avatar\/3ea2118a5f7dad2b7138b1187a6b7ee55f160b9968b66013c3a3ef39dd7e5798?s=96&d=mm&r=g","url":"https:\/\/secure.gravatar.com\/avatar\/3ea2118a5f7dad2b7138b1187a6b7ee55f160b9968b66013c3a3ef39dd7e5798?s=96&d=mm&r=g","contentUrl":"https:\/\/secure.gravatar.com\/avatar\/3ea2118a5f7dad2b7138b1187a6b7ee55f160b9968b66013c3a3ef39dd7e5798?s=96&d=mm&r=g","caption":"Jeanette"},"sameAs":["https:\/\/www.eldiario.net\/portal"],"url":"https:\/\/www.eldiario.net\/portal\/author\/jeanette\/"}]}},"_links":{"self":[{"href":"https:\/\/www.eldiario.net\/portal\/wp-json\/wp\/v2\/posts\/372074","targetHints":{"allow":["GET"]}}],"collection":[{"href":"https:\/\/www.eldiario.net\/portal\/wp-json\/wp\/v2\/posts"}],"about":[{"href":"https:\/\/www.eldiario.net\/portal\/wp-json\/wp\/v2\/types\/post"}],"author":[{"embeddable":true,"href":"https:\/\/www.eldiario.net\/portal\/wp-json\/wp\/v2\/users\/1"}],"replies":[{"embeddable":true,"href":"https:\/\/www.eldiario.net\/portal\/wp-json\/wp\/v2\/comments?post=372074"}],"version-history":[{"count":1,"href":"https:\/\/www.eldiario.net\/portal\/wp-json\/wp\/v2\/posts\/372074\/revisions"}],"predecessor-version":[{"id":372075,"href":"https:\/\/www.eldiario.net\/portal\/wp-json\/wp\/v2\/posts\/372074\/revisions\/372075"}],"wp:featuredmedia":[{"embeddable":true,"href":"https:\/\/www.eldiario.net\/portal\/wp-json\/wp\/v2\/media\/158260"}],"wp:attachment":[{"href":"https:\/\/www.eldiario.net\/portal\/wp-json\/wp\/v2\/media?parent=372074"}],"wp:term":[{"taxonomy":"category","embeddable":true,"href":"https:\/\/www.eldiario.net\/portal\/wp-json\/wp\/v2\/categories?post=372074"},{"taxonomy":"post_tag","embeddable":true,"href":"https:\/\/www.eldiario.net\/portal\/wp-json\/wp\/v2\/tags?post=372074"}],"curies":[{"name":"wp","href":"https:\/\/api.w.org\/{rel}","templated":true}]}}