{"id":372072,"date":"2026-02-28T07:23:26","date_gmt":"2026-02-28T11:23:26","guid":{"rendered":"https:\/\/www.eldiario.net\/portal\/?p=372072"},"modified":"2026-02-28T07:23:26","modified_gmt":"2026-02-28T11:23:26","slug":"la-clase-politica","status":"publish","type":"post","link":"https:\/\/www.eldiario.net\/portal\/2026\/02\/28\/la-clase-politica\/","title":{"rendered":"La clase pol\u00edtica"},"content":{"rendered":"<p>Si bien para la Sociolog\u00eda la clase social est\u00e1 determinada por una serie de condiciones que hacen que los individuos pertenezcan a un determinado nivel dentro de la sociedad (nivel de educaci\u00f3n, ingresos, etc.), entre esas condiciones est\u00e1 la actividad a la que se dedican, de donde se se\u00f1ala a la clase m\u00e9dica, la clase militar, etc. As\u00ed se\u00f1alaremos como clase pol\u00edtica a los individuos que se dedican a los asuntos del Estado, pues la pol\u00edtica es la actividad que busca el poder pol\u00edtico.<br \/>\nToda sociedad requiere de un grupo de individuos que se dediquen a los asuntos del Estado, es decir que est\u00e9n preparados, que se hayan formado en ciencias sociales, que tengan como experticia el manejo de las cosas p\u00fablicas. Estos individuos constituyen una \u00e9lite por su significaci\u00f3n social, pues por el rol que desempe\u00f1an, les corresponde un estatus, el liderazgo pol\u00edtico, es decir el lugar que ocupan dentro la sociedad. Esta actividad suele ser bien considerada o, por el contrario, criticada; los pol\u00edticos tienen adherentes y detractores.<br \/>\nEn nuestro pa\u00eds, la clase pol\u00edtica se formaba en las aulas universitarias, es decir que las universidades adem\u00e1s de formar profesionalmente a los individuos que cursaban estudios, entregaban a la sociedad un grupo de gente formada para dirigirla. Esos individuos hac\u00edan una carrera pol\u00edtica, que comenzaba por la dirigencia universitaria, y las formaciones juveniles de los partidos pol\u00edticos, hasta llegar a los niveles de direcci\u00f3n de los partidos. Adem\u00e1s las universidades eran laboratorios de formaci\u00f3n de ideas pol\u00edticas.<br \/>\nEl rol de formaci\u00f3n de dirigentes e ideas pol\u00edticas en las universidades, perdur\u00f3 hasta la llegada al poder del populismo al socialismo, el que liquid\u00f3 las \u00e9lites pol\u00edticas, reemplaz\u00e1ndolas por los dirigentes de las organizaciones sociales. Debilit\u00f3 el sistema de partidos pol\u00edticos e impuso una pol\u00edtica hegem\u00f3nica de gobierno. Esta pol\u00edtica de gobierno, dio lugar a la improvisaci\u00f3n, el bajo nivel de conocimientos y, por supuesto, la corrupci\u00f3n y bajo desempe\u00f1o.<br \/>\nEn nuestra historia, los dirigentes y gobernantes, en especial desde fines del Siglo XIX fueron individuos que emergieron de una carrera pol\u00edtica, en partidos pol\u00edticos con cierta tradici\u00f3n de postulados ideol\u00f3gicos, como lo fueron los liberales y conservadores. En el Siglo XX, luego de la guerra del Chaco emergieron corrientes nacionalistas con FSB y el MNR, socialistas con el PIR, el POR y otros. En esos partidos sus dirigentes se destacaron por sus altas calificaciones intelectuales, como Jos\u00e9 Antonio Arze en el PIR, Gustavo Navarro (Trist\u00e1n Marof) en el POR, \u00d3scar \u00danzaga de la Vega, Gonzalo Romero, Mario Guti\u00e9rrez y otros en FSB, V\u00edctor Paz Estenssoro, Hern\u00e1n Siles Zuazo, Walter Guevara Arce, Juan Lech\u00edn y otros en el MNR. En las d\u00e9cadas posteriores, tambi\u00e9n se dio una pl\u00e9yade de dirigentes pol\u00edticos.<br \/>\nEn el largo r\u00e9gimen del populismo que nos gobern\u00f3 casi dos d\u00e9cadas, la dirigencia pol\u00edtica, ha sido en general mediocre, salvo algunos individuos, que se destacaron m\u00e1s por sus discursos demag\u00f3gicos e imposturas, fruto de ello es la aguda crisis que nos agobia, y los altos \u00edndices de corrupci\u00f3n. Si echamos una mirada a los asamble\u00edstas del reciente pasado populista, nos encontraremos con individuos de escasa formaci\u00f3n y peor desempe\u00f1o.<br \/>\nLos partidos que luego del ciclo militar gobernaron el pa\u00eds, han desparecido o han disminuido su militancia e importancia en el quehacer pol\u00edtico, pero a su vez aparecen y desaparecen partidos y grupos electoralistas, que se forman al calor de alguna candidatura, pero qu\u00e9 muy poco aportan al tratamiento de la problem\u00e1tica nacional y sus soluciones.<br \/>\nLuego de las elecciones generales de noviembre del pasado a\u00f1o, y la de la primera elecci\u00f3n donde fueron elegidos los m\u00e1s votados, ahora para las elecciones sub nacionales de gobernaciones departamentales y alcald\u00edas municipales, se han organizado m\u00e1s de un centenar de agrupaciones pol\u00edticas, con miles de candidatos a ocupar las gobernaciones y alcald\u00edas, la mayor\u00eda con escaso respaldo, casi desconocidos y con propuestas difusas.<br \/>\nEl desarrollo social de nuestro pa\u00eds, requiere, primero, un mayor inter\u00e9s de los j\u00f3venes en los asuntos del Estado, de su problem\u00e1tica y una visi\u00f3n de desarrollo y progreso, luego de las dos d\u00e9cadas de r\u00e9gimen populista, que poco bueno ha dejado al pa\u00eds; una estricta formaci\u00f3n c\u00edvica en las escuelas y mejora del nivel acad\u00e9mico en las universidades; la organizaci\u00f3n de partidos no solo electoralistas, sino de permanencia en el tiempo, que respondan al momento hist\u00f3rico por su ideolog\u00eda y programas; l\u00edderes y dirigentes que tengan credibilidad y respaldo en la opini\u00f3n p\u00fablica. Los partidos hist\u00f3ricos que a\u00fan perviven, deben readecuar sus programas, enfoc\u00e1ndolos a estos tiempos de cambios tecnol\u00f3gicos, y perspectiva humana, partiendo precisamente, de su pasado hist\u00f3rico, ensamblando el presente con el pasado y el futuro.<\/p>\n<p>El autor es Abogado, Polit\u00f3logo, escritor y docente universitario.<\/p>\n","protected":false},"excerpt":{"rendered":"<p>Si bien para la Sociolog\u00eda la clase social est\u00e1 determinada por una serie de condiciones que hacen que los individuos pertenezcan a un determinado nivel dentro de la sociedad (nivel de educaci\u00f3n, ingresos, etc.), entre esas condiciones est\u00e1 la actividad a la que se dedican, de donde se se\u00f1ala a la clase m\u00e9dica, la clase [&hellip;]<\/p>\n","protected":false},"author":1,"featured_media":157872,"comment_status":"closed","ping_status":"open","sticky":false,"template":"","format":"standard","meta":{"_acf_changed":false,"footnotes":""},"categories":[9],"tags":[],"class_list":["post-372072","post","type-post","status-publish","format-standard","has-post-thumbnail","category-opinion"],"acf":{"antetitulo":""},"yoast_head":"<!-- This site is optimized with the Yoast SEO plugin v28.4 - https:\/\/yoast.com\/product\/yoast-seo-wordpress\/ -->\n<title>La clase pol\u00edtica - El Diario - Bolivia<\/title>\n<meta name=\"robots\" content=\"index, follow, max-snippet:-1, max-image-preview:large, max-video-preview:-1\" \/>\n<link rel=\"canonical\" href=\"https:\/\/www.eldiario.net\/portal\/2026\/02\/28\/la-clase-politica\/\" \/>\n<meta property=\"og:locale\" content=\"es_ES\" \/>\n<meta property=\"og:type\" content=\"article\" \/>\n<meta property=\"og:title\" content=\"La clase pol\u00edtica - El Diario - Bolivia\" \/>\n<meta property=\"og:description\" content=\"Si bien para la Sociolog\u00eda la clase social est\u00e1 determinada por una serie de condiciones que hacen que los individuos pertenezcan a un determinado nivel dentro de la sociedad (nivel de educaci\u00f3n, ingresos, etc.), entre esas condiciones est\u00e1 la actividad a la que se dedican, de donde se se\u00f1ala a la clase m\u00e9dica, la clase [&hellip;]\" \/>\n<meta property=\"og:url\" content=\"https:\/\/www.eldiario.net\/portal\/2026\/02\/28\/la-clase-politica\/\" \/>\n<meta property=\"og:site_name\" content=\"El Diario - Bolivia\" \/>\n<meta property=\"article:publisher\" content=\"https:\/\/www.facebook.com\/eldiario.bolivia\/\" \/>\n<meta property=\"article:published_time\" content=\"2026-02-28T11:23:26+00:00\" \/>\n<meta property=\"og:image\" content=\"https:\/\/www.eldiario.net\/portal\/wp-content\/uploads\/2023\/06\/Eric-L.-Cardenas-del-Castillo.jpg\" \/>\n\t<meta property=\"og:image:width\" content=\"1200\" \/>\n\t<meta property=\"og:image:height\" content=\"628\" \/>\n\t<meta property=\"og:image:type\" content=\"image\/jpeg\" \/>\n<meta name=\"author\" content=\"Jeanette\" \/>\n<meta name=\"twitter:card\" content=\"summary_large_image\" \/>\n<meta name=\"twitter:creator\" content=\"@eldiario_net\" \/>\n<meta name=\"twitter:site\" content=\"@eldiario_net\" \/>\n<meta name=\"twitter:label1\" content=\"Escrito por\" \/>\n\t<meta name=\"twitter:data1\" content=\"Jeanette\" \/>\n\t<meta name=\"twitter:label2\" content=\"Tiempo de lectura\" \/>\n\t<meta name=\"twitter:data2\" content=\"4 minutos\" \/>\n<script type=\"application\/ld+json\" class=\"yoast-schema-graph\">{\"@context\":\"https:\\\/\\\/schema.org\",\"@graph\":[{\"@type\":\"Article\",\"@id\":\"https:\\\/\\\/www.eldiario.net\\\/portal\\\/2026\\\/02\\\/28\\\/la-clase-politica\\\/#article\",\"isPartOf\":{\"@id\":\"https:\\\/\\\/www.eldiario.net\\\/portal\\\/2026\\\/02\\\/28\\\/la-clase-politica\\\/\"},\"author\":{\"name\":\"Jeanette\",\"@id\":\"https:\\\/\\\/www.eldiario.net\\\/portal\\\/#\\\/schema\\\/person\\\/f46445640444750d7d753ccd04ae01b7\"},\"headline\":\"La clase pol\u00edtica\",\"datePublished\":\"2026-02-28T11:23:26+00:00\",\"mainEntityOfPage\":{\"@id\":\"https:\\\/\\\/www.eldiario.net\\\/portal\\\/2026\\\/02\\\/28\\\/la-clase-politica\\\/\"},\"wordCount\":874,\"publisher\":{\"@id\":\"https:\\\/\\\/www.eldiario.net\\\/portal\\\/#organization\"},\"image\":{\"@id\":\"https:\\\/\\\/www.eldiario.net\\\/portal\\\/2026\\\/02\\\/28\\\/la-clase-politica\\\/#primaryimage\"},\"thumbnailUrl\":\"https:\\\/\\\/www.eldiario.net\\\/portal\\\/wp-content\\\/uploads\\\/2023\\\/06\\\/Eric-L.-Cardenas-del-Castillo.jpg\",\"articleSection\":[\"Opini\u00f3n\"],\"inLanguage\":\"es\"},{\"@type\":\"WebPage\",\"@id\":\"https:\\\/\\\/www.eldiario.net\\\/portal\\\/2026\\\/02\\\/28\\\/la-clase-politica\\\/\",\"url\":\"https:\\\/\\\/www.eldiario.net\\\/portal\\\/2026\\\/02\\\/28\\\/la-clase-politica\\\/\",\"name\":\"La clase pol\u00edtica - El Diario - Bolivia\",\"isPartOf\":{\"@id\":\"https:\\\/\\\/www.eldiario.net\\\/portal\\\/#website\"},\"primaryImageOfPage\":{\"@id\":\"https:\\\/\\\/www.eldiario.net\\\/portal\\\/2026\\\/02\\\/28\\\/la-clase-politica\\\/#primaryimage\"},\"image\":{\"@id\":\"https:\\\/\\\/www.eldiario.net\\\/portal\\\/2026\\\/02\\\/28\\\/la-clase-politica\\\/#primaryimage\"},\"thumbnailUrl\":\"https:\\\/\\\/www.eldiario.net\\\/portal\\\/wp-content\\\/uploads\\\/2023\\\/06\\\/Eric-L.-Cardenas-del-Castillo.jpg\",\"datePublished\":\"2026-02-28T11:23:26+00:00\",\"breadcrumb\":{\"@id\":\"https:\\\/\\\/www.eldiario.net\\\/portal\\\/2026\\\/02\\\/28\\\/la-clase-politica\\\/#breadcrumb\"},\"inLanguage\":\"es\",\"potentialAction\":[{\"@type\":\"ReadAction\",\"target\":[\"https:\\\/\\\/www.eldiario.net\\\/portal\\\/2026\\\/02\\\/28\\\/la-clase-politica\\\/\"]}]},{\"@type\":\"ImageObject\",\"inLanguage\":\"es\",\"@id\":\"https:\\\/\\\/www.eldiario.net\\\/portal\\\/2026\\\/02\\\/28\\\/la-clase-politica\\\/#primaryimage\",\"url\":\"https:\\\/\\\/www.eldiario.net\\\/portal\\\/wp-content\\\/uploads\\\/2023\\\/06\\\/Eric-L.-Cardenas-del-Castillo.jpg\",\"contentUrl\":\"https:\\\/\\\/www.eldiario.net\\\/portal\\\/wp-content\\\/uploads\\\/2023\\\/06\\\/Eric-L.-Cardenas-del-Castillo.jpg\",\"width\":1200,\"height\":628,\"caption\":\"Eric L. C\u00e1rdenas del Castillo\"},{\"@type\":\"BreadcrumbList\",\"@id\":\"https:\\\/\\\/www.eldiario.net\\\/portal\\\/2026\\\/02\\\/28\\\/la-clase-politica\\\/#breadcrumb\",\"itemListElement\":[{\"@type\":\"ListItem\",\"position\":1,\"name\":\"Portada\",\"item\":\"https:\\\/\\\/www.eldiario.net\\\/portal\\\/\"},{\"@type\":\"ListItem\",\"position\":2,\"name\":\"La clase pol\u00edtica\"}]},{\"@type\":\"WebSite\",\"@id\":\"https:\\\/\\\/www.eldiario.net\\\/portal\\\/#website\",\"url\":\"https:\\\/\\\/www.eldiario.net\\\/portal\\\/\",\"name\":\"El Diario - Decano de la prensa nacional\",\"description\":\"El Diario - Decano de la prensa nacional\",\"publisher\":{\"@id\":\"https:\\\/\\\/www.eldiario.net\\\/portal\\\/#organization\"},\"potentialAction\":[{\"@type\":\"SearchAction\",\"target\":{\"@type\":\"EntryPoint\",\"urlTemplate\":\"https:\\\/\\\/www.eldiario.net\\\/portal\\\/?s={search_term_string}\"},\"query-input\":{\"@type\":\"PropertyValueSpecification\",\"valueRequired\":true,\"valueName\":\"search_term_string\"}}],\"inLanguage\":\"es\"},{\"@type\":\"Organization\",\"@id\":\"https:\\\/\\\/www.eldiario.net\\\/portal\\\/#organization\",\"name\":\"El Diario - Decano de la prensa nacional\",\"url\":\"https:\\\/\\\/www.eldiario.net\\\/portal\\\/\",\"logo\":{\"@type\":\"ImageObject\",\"inLanguage\":\"es\",\"@id\":\"https:\\\/\\\/www.eldiario.net\\\/portal\\\/#\\\/schema\\\/logo\\\/image\\\/\",\"url\":\"https:\\\/\\\/www.eldiario.net\\\/portal\\\/wp-content\\\/uploads\\\/2023\\\/07\\\/logo_ED.jpg\",\"contentUrl\":\"https:\\\/\\\/www.eldiario.net\\\/portal\\\/wp-content\\\/uploads\\\/2023\\\/07\\\/logo_ED.jpg\",\"width\":272,\"height\":52,\"caption\":\"El Diario - Decano de la prensa nacional\"},\"image\":{\"@id\":\"https:\\\/\\\/www.eldiario.net\\\/portal\\\/#\\\/schema\\\/logo\\\/image\\\/\"},\"sameAs\":[\"https:\\\/\\\/www.facebook.com\\\/eldiario.bolivia\\\/\",\"https:\\\/\\\/x.com\\\/eldiario_net\"]},{\"@type\":\"Person\",\"@id\":\"https:\\\/\\\/www.eldiario.net\\\/portal\\\/#\\\/schema\\\/person\\\/f46445640444750d7d753ccd04ae01b7\",\"name\":\"Jeanette\",\"image\":{\"@type\":\"ImageObject\",\"inLanguage\":\"es\",\"@id\":\"https:\\\/\\\/secure.gravatar.com\\\/avatar\\\/3ea2118a5f7dad2b7138b1187a6b7ee55f160b9968b66013c3a3ef39dd7e5798?s=96&d=mm&r=g\",\"url\":\"https:\\\/\\\/secure.gravatar.com\\\/avatar\\\/3ea2118a5f7dad2b7138b1187a6b7ee55f160b9968b66013c3a3ef39dd7e5798?s=96&d=mm&r=g\",\"contentUrl\":\"https:\\\/\\\/secure.gravatar.com\\\/avatar\\\/3ea2118a5f7dad2b7138b1187a6b7ee55f160b9968b66013c3a3ef39dd7e5798?s=96&d=mm&r=g\",\"caption\":\"Jeanette\"},\"sameAs\":[\"https:\\\/\\\/www.eldiario.net\\\/portal\"],\"url\":\"https:\\\/\\\/www.eldiario.net\\\/portal\\\/author\\\/jeanette\\\/\"}]}<\/script>\n<!-- \/ Yoast SEO plugin. -->","yoast_head_json":{"title":"La clase pol\u00edtica - El Diario - Bolivia","robots":{"index":"index","follow":"follow","max-snippet":"max-snippet:-1","max-image-preview":"max-image-preview:large","max-video-preview":"max-video-preview:-1"},"canonical":"https:\/\/www.eldiario.net\/portal\/2026\/02\/28\/la-clase-politica\/","og_locale":"es_ES","og_type":"article","og_title":"La clase pol\u00edtica - El Diario - Bolivia","og_description":"Si bien para la Sociolog\u00eda la clase social est\u00e1 determinada por una serie de condiciones que hacen que los individuos pertenezcan a un determinado nivel dentro de la sociedad (nivel de educaci\u00f3n, ingresos, etc.), entre esas condiciones est\u00e1 la actividad a la que se dedican, de donde se se\u00f1ala a la clase m\u00e9dica, la clase [&hellip;]","og_url":"https:\/\/www.eldiario.net\/portal\/2026\/02\/28\/la-clase-politica\/","og_site_name":"El Diario - Bolivia","article_publisher":"https:\/\/www.facebook.com\/eldiario.bolivia\/","article_published_time":"2026-02-28T11:23:26+00:00","og_image":[{"width":1200,"height":628,"url":"https:\/\/www.eldiario.net\/portal\/wp-content\/uploads\/2023\/06\/Eric-L.-Cardenas-del-Castillo.jpg","type":"image\/jpeg"}],"author":"Jeanette","twitter_card":"summary_large_image","twitter_creator":"@eldiario_net","twitter_site":"@eldiario_net","twitter_misc":{"Escrito por":"Jeanette","Tiempo de lectura":"4 minutos"},"schema":{"@context":"https:\/\/schema.org","@graph":[{"@type":"Article","@id":"https:\/\/www.eldiario.net\/portal\/2026\/02\/28\/la-clase-politica\/#article","isPartOf":{"@id":"https:\/\/www.eldiario.net\/portal\/2026\/02\/28\/la-clase-politica\/"},"author":{"name":"Jeanette","@id":"https:\/\/www.eldiario.net\/portal\/#\/schema\/person\/f46445640444750d7d753ccd04ae01b7"},"headline":"La clase pol\u00edtica","datePublished":"2026-02-28T11:23:26+00:00","mainEntityOfPage":{"@id":"https:\/\/www.eldiario.net\/portal\/2026\/02\/28\/la-clase-politica\/"},"wordCount":874,"publisher":{"@id":"https:\/\/www.eldiario.net\/portal\/#organization"},"image":{"@id":"https:\/\/www.eldiario.net\/portal\/2026\/02\/28\/la-clase-politica\/#primaryimage"},"thumbnailUrl":"https:\/\/www.eldiario.net\/portal\/wp-content\/uploads\/2023\/06\/Eric-L.-Cardenas-del-Castillo.jpg","articleSection":["Opini\u00f3n"],"inLanguage":"es"},{"@type":"WebPage","@id":"https:\/\/www.eldiario.net\/portal\/2026\/02\/28\/la-clase-politica\/","url":"https:\/\/www.eldiario.net\/portal\/2026\/02\/28\/la-clase-politica\/","name":"La clase pol\u00edtica - El Diario - Bolivia","isPartOf":{"@id":"https:\/\/www.eldiario.net\/portal\/#website"},"primaryImageOfPage":{"@id":"https:\/\/www.eldiario.net\/portal\/2026\/02\/28\/la-clase-politica\/#primaryimage"},"image":{"@id":"https:\/\/www.eldiario.net\/portal\/2026\/02\/28\/la-clase-politica\/#primaryimage"},"thumbnailUrl":"https:\/\/www.eldiario.net\/portal\/wp-content\/uploads\/2023\/06\/Eric-L.-Cardenas-del-Castillo.jpg","datePublished":"2026-02-28T11:23:26+00:00","breadcrumb":{"@id":"https:\/\/www.eldiario.net\/portal\/2026\/02\/28\/la-clase-politica\/#breadcrumb"},"inLanguage":"es","potentialAction":[{"@type":"ReadAction","target":["https:\/\/www.eldiario.net\/portal\/2026\/02\/28\/la-clase-politica\/"]}]},{"@type":"ImageObject","inLanguage":"es","@id":"https:\/\/www.eldiario.net\/portal\/2026\/02\/28\/la-clase-politica\/#primaryimage","url":"https:\/\/www.eldiario.net\/portal\/wp-content\/uploads\/2023\/06\/Eric-L.-Cardenas-del-Castillo.jpg","contentUrl":"https:\/\/www.eldiario.net\/portal\/wp-content\/uploads\/2023\/06\/Eric-L.-Cardenas-del-Castillo.jpg","width":1200,"height":628,"caption":"Eric L. C\u00e1rdenas del Castillo"},{"@type":"BreadcrumbList","@id":"https:\/\/www.eldiario.net\/portal\/2026\/02\/28\/la-clase-politica\/#breadcrumb","itemListElement":[{"@type":"ListItem","position":1,"name":"Portada","item":"https:\/\/www.eldiario.net\/portal\/"},{"@type":"ListItem","position":2,"name":"La clase pol\u00edtica"}]},{"@type":"WebSite","@id":"https:\/\/www.eldiario.net\/portal\/#website","url":"https:\/\/www.eldiario.net\/portal\/","name":"El Diario - Decano de la prensa nacional","description":"El Diario - Decano de la prensa nacional","publisher":{"@id":"https:\/\/www.eldiario.net\/portal\/#organization"},"potentialAction":[{"@type":"SearchAction","target":{"@type":"EntryPoint","urlTemplate":"https:\/\/www.eldiario.net\/portal\/?s={search_term_string}"},"query-input":{"@type":"PropertyValueSpecification","valueRequired":true,"valueName":"search_term_string"}}],"inLanguage":"es"},{"@type":"Organization","@id":"https:\/\/www.eldiario.net\/portal\/#organization","name":"El Diario - Decano de la prensa nacional","url":"https:\/\/www.eldiario.net\/portal\/","logo":{"@type":"ImageObject","inLanguage":"es","@id":"https:\/\/www.eldiario.net\/portal\/#\/schema\/logo\/image\/","url":"https:\/\/www.eldiario.net\/portal\/wp-content\/uploads\/2023\/07\/logo_ED.jpg","contentUrl":"https:\/\/www.eldiario.net\/portal\/wp-content\/uploads\/2023\/07\/logo_ED.jpg","width":272,"height":52,"caption":"El Diario - Decano de la prensa nacional"},"image":{"@id":"https:\/\/www.eldiario.net\/portal\/#\/schema\/logo\/image\/"},"sameAs":["https:\/\/www.facebook.com\/eldiario.bolivia\/","https:\/\/x.com\/eldiario_net"]},{"@type":"Person","@id":"https:\/\/www.eldiario.net\/portal\/#\/schema\/person\/f46445640444750d7d753ccd04ae01b7","name":"Jeanette","image":{"@type":"ImageObject","inLanguage":"es","@id":"https:\/\/secure.gravatar.com\/avatar\/3ea2118a5f7dad2b7138b1187a6b7ee55f160b9968b66013c3a3ef39dd7e5798?s=96&d=mm&r=g","url":"https:\/\/secure.gravatar.com\/avatar\/3ea2118a5f7dad2b7138b1187a6b7ee55f160b9968b66013c3a3ef39dd7e5798?s=96&d=mm&r=g","contentUrl":"https:\/\/secure.gravatar.com\/avatar\/3ea2118a5f7dad2b7138b1187a6b7ee55f160b9968b66013c3a3ef39dd7e5798?s=96&d=mm&r=g","caption":"Jeanette"},"sameAs":["https:\/\/www.eldiario.net\/portal"],"url":"https:\/\/www.eldiario.net\/portal\/author\/jeanette\/"}]}},"_links":{"self":[{"href":"https:\/\/www.eldiario.net\/portal\/wp-json\/wp\/v2\/posts\/372072","targetHints":{"allow":["GET"]}}],"collection":[{"href":"https:\/\/www.eldiario.net\/portal\/wp-json\/wp\/v2\/posts"}],"about":[{"href":"https:\/\/www.eldiario.net\/portal\/wp-json\/wp\/v2\/types\/post"}],"author":[{"embeddable":true,"href":"https:\/\/www.eldiario.net\/portal\/wp-json\/wp\/v2\/users\/1"}],"replies":[{"embeddable":true,"href":"https:\/\/www.eldiario.net\/portal\/wp-json\/wp\/v2\/comments?post=372072"}],"version-history":[{"count":1,"href":"https:\/\/www.eldiario.net\/portal\/wp-json\/wp\/v2\/posts\/372072\/revisions"}],"predecessor-version":[{"id":372073,"href":"https:\/\/www.eldiario.net\/portal\/wp-json\/wp\/v2\/posts\/372072\/revisions\/372073"}],"wp:featuredmedia":[{"embeddable":true,"href":"https:\/\/www.eldiario.net\/portal\/wp-json\/wp\/v2\/media\/157872"}],"wp:attachment":[{"href":"https:\/\/www.eldiario.net\/portal\/wp-json\/wp\/v2\/media?parent=372072"}],"wp:term":[{"taxonomy":"category","embeddable":true,"href":"https:\/\/www.eldiario.net\/portal\/wp-json\/wp\/v2\/categories?post=372072"},{"taxonomy":"post_tag","embeddable":true,"href":"https:\/\/www.eldiario.net\/portal\/wp-json\/wp\/v2\/tags?post=372072"}],"curies":[{"name":"wp","href":"https:\/\/api.w.org\/{rel}","templated":true}]}}