{"id":372063,"date":"2026-02-28T07:18:45","date_gmt":"2026-02-28T11:18:45","guid":{"rendered":"https:\/\/www.eldiario.net\/portal\/?p=372063"},"modified":"2026-02-28T07:18:45","modified_gmt":"2026-02-28T11:18:45","slug":"coca-y-cocaina-en-tiempo-de-evo","status":"publish","type":"post","link":"https:\/\/www.eldiario.net\/portal\/2026\/02\/28\/coca-y-cocaina-en-tiempo-de-evo\/","title":{"rendered":"Coca y coca\u00edna en tiempo de Evo"},"content":{"rendered":"<p><em>Despu\u00e9s de semanas de desaparici\u00f3n del cocalero Evo Morales Ayma, en el Chapare de Cochabamba, reaparece ese caudillo, del que algunos comentaban que estaba siendo perseguido por el gobierno de Estados Unidos, debido a su complicidad con el narcotr\u00e1fico, por lo que seguir\u00eda el camino del gobernante venezolano Nicol\u00e1s Maduro.<\/em><br \/>\n<em>En su teatral reaparici\u00f3n, el cocalero afirm\u00f3 que durante cuarenta d\u00edas estuvo hospitalizado en el tr\u00f3pico cochabambino, con una enfermedad muy peligrosa, que puso su vida al borde de la muerte, s\u00edntoma visible en el aspecto demacrado que exhibi\u00f3 al salir de su guarida. All\u00ed habr\u00eda sido tratado por sus m\u00e9dicos y curanderos. <\/em><br \/>\n<em>A su retorno al escenario pol\u00edtico del pa\u00eds, en una conferencia de prensa, lo primero que hizo fue referirse al problema de la coca y la coca\u00edna, cuya producci\u00f3n, durante su periplo por el poder, aument\u00f3, as\u00ed como el comercio de drogas en varias etapas de su producci\u00f3n.<\/em><br \/>\n<em>Esa afirmaci\u00f3n es comprobable porque durante la \u00e9poca en la que estuvo manejando las riendas del poder en forma inmune e impune, casi a diario se denunciaba la exportaci\u00f3n il\u00edcita de la droga en cantidades asombrosas. Entonces se informaba sobre el traslado en aviones y avionetas e inclusive por v\u00eda terrestre de la droga, a pa\u00edses como Brasil, Paraguay, Per\u00fa, Venezuela, M\u00e9xico, as\u00ed como a Estados Unidos y Europa, a centros de comercializaci\u00f3n y consumo que estaban a cargo de \u201csindicatos\u201d y \u201cpeces gordos\u201d del nefasto negocio.<\/em><br \/>\n<em>En fin, se observaba una cadena interminable del negocio de la coca\u00edna en Bolivia, que estaba al amparo de mafias especializadas que, durante el \u201creinado\u201d del cocalero, de casi catorce a\u00f1os, produjo miles de toneladas de la droga blanca que, adem\u00e1s, hizo ganar miles de millones de d\u00f3lares a los respectivos protectores del narcotr\u00e1fico, as\u00ed como a los productores de coca, materia prima para la fabricaci\u00f3n de coca\u00edna. <\/em><br \/>\n<em>Se recuerda que en 2017 se lleg\u00f3 a cultivar coca en aproximadamente 25 mil hect\u00e1reas, de las cuales, en principio, se legaliz\u00f3 12 mil, pero la demanda oblig\u00f3 al entonces presidente Morales a aumentar esa superficie a 22 mil hect\u00e1reas, para atender los requerimientos de la \u201cindustria\u201d de la pasta y droga \u201cblanca\u201d. En 2023 la cantidad lleg\u00f3 a 30 mil hect\u00e1reas, a las que cabe a\u00f1adir los cultivos clandestinos.<\/em><br \/>\n<em>Ahora bien, el impulsor de ese negociado multimillonario \u201cde cuyo nombre no queremos acordarnos\u201d, al reaparecer despu\u00e9s de su tratamiento m\u00e9dico, que lo devolvi\u00f3 a la vida, afirm\u00f3 que el actual gobierno estar\u00eda relacionado con un contrabando de marihuana. Sin embargo, guard\u00f3 silencio sobre el negocio de drogas durante su gobierno de casi catorce a\u00f1os, al que nos referimos en p\u00e1rrafos anteriores.<\/em><br \/>\n<em>Es, pues, rid\u00edcula la actual conducta del cocalero de Orinoca. En efecto, ve la paja en ojo ajeno, pero no ve el tronco que tiene enfrente. Adem\u00e1s, no hay peor ciego que el que no quiere ver.<\/em><\/p>\n","protected":false},"excerpt":{"rendered":"<p>Despu\u00e9s de semanas de desaparici\u00f3n del cocalero Evo Morales Ayma, en el Chapare de Cochabamba, reaparece ese caudillo, del que algunos comentaban que estaba siendo perseguido por el gobierno de Estados Unidos, debido a su complicidad con el narcotr\u00e1fico, por lo que seguir\u00eda el camino del gobernante venezolano Nicol\u00e1s Maduro. En su teatral reaparici\u00f3n, el [&hellip;]<\/p>\n","protected":false},"author":1,"featured_media":194776,"comment_status":"closed","ping_status":"open","sticky":false,"template":"","format":"standard","meta":{"_acf_changed":false,"footnotes":""},"categories":[4],"tags":[],"class_list":["post-372063","post","type-post","status-publish","format-standard","has-post-thumbnail","category-editorial"],"acf":{"antetitulo":""},"yoast_head":"<!-- This site is optimized with the Yoast SEO plugin v28.4 - https:\/\/yoast.com\/product\/yoast-seo-wordpress\/ -->\n<title>Coca y coca\u00edna en tiempo de Evo - El Diario - Bolivia<\/title>\n<meta name=\"robots\" content=\"index, follow, max-snippet:-1, max-image-preview:large, max-video-preview:-1\" \/>\n<link rel=\"canonical\" href=\"https:\/\/www.eldiario.net\/portal\/2026\/02\/28\/coca-y-cocaina-en-tiempo-de-evo\/\" \/>\n<meta property=\"og:locale\" content=\"es_ES\" \/>\n<meta property=\"og:type\" content=\"article\" \/>\n<meta property=\"og:title\" content=\"Coca y coca\u00edna en tiempo de Evo - El Diario - Bolivia\" \/>\n<meta property=\"og:description\" content=\"Despu\u00e9s de semanas de desaparici\u00f3n del cocalero Evo Morales Ayma, en el Chapare de Cochabamba, reaparece ese caudillo, del que algunos comentaban que estaba siendo perseguido por el gobierno de Estados Unidos, debido a su complicidad con el narcotr\u00e1fico, por lo que seguir\u00eda el camino del gobernante venezolano Nicol\u00e1s Maduro. En su teatral reaparici\u00f3n, el [&hellip;]\" \/>\n<meta property=\"og:url\" content=\"https:\/\/www.eldiario.net\/portal\/2026\/02\/28\/coca-y-cocaina-en-tiempo-de-evo\/\" \/>\n<meta property=\"og:site_name\" content=\"El Diario - Bolivia\" \/>\n<meta property=\"article:publisher\" content=\"https:\/\/www.facebook.com\/eldiario.bolivia\/\" \/>\n<meta property=\"article:published_time\" content=\"2026-02-28T11:18:45+00:00\" \/>\n<meta property=\"og:image\" content=\"https:\/\/www.eldiario.net\/portal\/wp-content\/uploads\/2023\/12\/Editorial.jpg\" \/>\n\t<meta property=\"og:image:width\" content=\"800\" \/>\n\t<meta property=\"og:image:height\" content=\"500\" \/>\n\t<meta property=\"og:image:type\" content=\"image\/jpeg\" \/>\n<meta name=\"author\" content=\"Jeanette\" \/>\n<meta name=\"twitter:card\" content=\"summary_large_image\" \/>\n<meta name=\"twitter:creator\" content=\"@eldiario_net\" \/>\n<meta name=\"twitter:site\" content=\"@eldiario_net\" \/>\n<meta name=\"twitter:label1\" content=\"Escrito por\" \/>\n\t<meta name=\"twitter:data1\" content=\"Jeanette\" \/>\n\t<meta name=\"twitter:label2\" content=\"Tiempo de lectura\" \/>\n\t<meta name=\"twitter:data2\" content=\"3 minutos\" \/>\n<script type=\"application\/ld+json\" class=\"yoast-schema-graph\">{\"@context\":\"https:\\\/\\\/schema.org\",\"@graph\":[{\"@type\":\"Article\",\"@id\":\"https:\\\/\\\/www.eldiario.net\\\/portal\\\/2026\\\/02\\\/28\\\/coca-y-cocaina-en-tiempo-de-evo\\\/#article\",\"isPartOf\":{\"@id\":\"https:\\\/\\\/www.eldiario.net\\\/portal\\\/2026\\\/02\\\/28\\\/coca-y-cocaina-en-tiempo-de-evo\\\/\"},\"author\":{\"name\":\"Jeanette\",\"@id\":\"https:\\\/\\\/www.eldiario.net\\\/portal\\\/#\\\/schema\\\/person\\\/2c57cf2b7a7ae032e449e4c9b1019eac\"},\"headline\":\"Coca y coca\u00edna en tiempo de Evo\",\"datePublished\":\"2026-02-28T11:18:45+00:00\",\"mainEntityOfPage\":{\"@id\":\"https:\\\/\\\/www.eldiario.net\\\/portal\\\/2026\\\/02\\\/28\\\/coca-y-cocaina-en-tiempo-de-evo\\\/\"},\"wordCount\":518,\"publisher\":{\"@id\":\"https:\\\/\\\/www.eldiario.net\\\/portal\\\/#organization\"},\"image\":{\"@id\":\"https:\\\/\\\/www.eldiario.net\\\/portal\\\/2026\\\/02\\\/28\\\/coca-y-cocaina-en-tiempo-de-evo\\\/#primaryimage\"},\"thumbnailUrl\":\"https:\\\/\\\/www.eldiario.net\\\/portal\\\/wp-content\\\/uploads\\\/2023\\\/12\\\/Editorial.jpg\",\"articleSection\":[\"Editorial\"],\"inLanguage\":\"es\"},{\"@type\":\"WebPage\",\"@id\":\"https:\\\/\\\/www.eldiario.net\\\/portal\\\/2026\\\/02\\\/28\\\/coca-y-cocaina-en-tiempo-de-evo\\\/\",\"url\":\"https:\\\/\\\/www.eldiario.net\\\/portal\\\/2026\\\/02\\\/28\\\/coca-y-cocaina-en-tiempo-de-evo\\\/\",\"name\":\"Coca y coca\u00edna en tiempo de Evo - El Diario - Bolivia\",\"isPartOf\":{\"@id\":\"https:\\\/\\\/www.eldiario.net\\\/portal\\\/#website\"},\"primaryImageOfPage\":{\"@id\":\"https:\\\/\\\/www.eldiario.net\\\/portal\\\/2026\\\/02\\\/28\\\/coca-y-cocaina-en-tiempo-de-evo\\\/#primaryimage\"},\"image\":{\"@id\":\"https:\\\/\\\/www.eldiario.net\\\/portal\\\/2026\\\/02\\\/28\\\/coca-y-cocaina-en-tiempo-de-evo\\\/#primaryimage\"},\"thumbnailUrl\":\"https:\\\/\\\/www.eldiario.net\\\/portal\\\/wp-content\\\/uploads\\\/2023\\\/12\\\/Editorial.jpg\",\"datePublished\":\"2026-02-28T11:18:45+00:00\",\"breadcrumb\":{\"@id\":\"https:\\\/\\\/www.eldiario.net\\\/portal\\\/2026\\\/02\\\/28\\\/coca-y-cocaina-en-tiempo-de-evo\\\/#breadcrumb\"},\"inLanguage\":\"es\",\"potentialAction\":[{\"@type\":\"ReadAction\",\"target\":[\"https:\\\/\\\/www.eldiario.net\\\/portal\\\/2026\\\/02\\\/28\\\/coca-y-cocaina-en-tiempo-de-evo\\\/\"]}]},{\"@type\":\"ImageObject\",\"inLanguage\":\"es\",\"@id\":\"https:\\\/\\\/www.eldiario.net\\\/portal\\\/2026\\\/02\\\/28\\\/coca-y-cocaina-en-tiempo-de-evo\\\/#primaryimage\",\"url\":\"https:\\\/\\\/www.eldiario.net\\\/portal\\\/wp-content\\\/uploads\\\/2023\\\/12\\\/Editorial.jpg\",\"contentUrl\":\"https:\\\/\\\/www.eldiario.net\\\/portal\\\/wp-content\\\/uploads\\\/2023\\\/12\\\/Editorial.jpg\",\"width\":800,\"height\":500},{\"@type\":\"BreadcrumbList\",\"@id\":\"https:\\\/\\\/www.eldiario.net\\\/portal\\\/2026\\\/02\\\/28\\\/coca-y-cocaina-en-tiempo-de-evo\\\/#breadcrumb\",\"itemListElement\":[{\"@type\":\"ListItem\",\"position\":1,\"name\":\"Portada\",\"item\":\"https:\\\/\\\/www.eldiario.net\\\/portal\\\/\"},{\"@type\":\"ListItem\",\"position\":2,\"name\":\"Coca y coca\u00edna en tiempo de Evo\"}]},{\"@type\":\"WebSite\",\"@id\":\"https:\\\/\\\/www.eldiario.net\\\/portal\\\/#website\",\"url\":\"https:\\\/\\\/www.eldiario.net\\\/portal\\\/\",\"name\":\"El Diario - Decano de la prensa nacional\",\"description\":\"El Diario - Decano de la prensa nacional\",\"publisher\":{\"@id\":\"https:\\\/\\\/www.eldiario.net\\\/portal\\\/#organization\"},\"potentialAction\":[{\"@type\":\"SearchAction\",\"target\":{\"@type\":\"EntryPoint\",\"urlTemplate\":\"https:\\\/\\\/www.eldiario.net\\\/portal\\\/?s={search_term_string}\"},\"query-input\":{\"@type\":\"PropertyValueSpecification\",\"valueRequired\":true,\"valueName\":\"search_term_string\"}}],\"inLanguage\":\"es\"},{\"@type\":\"Organization\",\"@id\":\"https:\\\/\\\/www.eldiario.net\\\/portal\\\/#organization\",\"name\":\"El Diario - Decano de la prensa nacional\",\"url\":\"https:\\\/\\\/www.eldiario.net\\\/portal\\\/\",\"logo\":{\"@type\":\"ImageObject\",\"inLanguage\":\"es\",\"@id\":\"https:\\\/\\\/www.eldiario.net\\\/portal\\\/#\\\/schema\\\/logo\\\/image\\\/\",\"url\":\"https:\\\/\\\/www.eldiario.net\\\/portal\\\/wp-content\\\/uploads\\\/2023\\\/07\\\/logo_ED.jpg\",\"contentUrl\":\"https:\\\/\\\/www.eldiario.net\\\/portal\\\/wp-content\\\/uploads\\\/2023\\\/07\\\/logo_ED.jpg\",\"width\":272,\"height\":52,\"caption\":\"El Diario - Decano de la prensa nacional\"},\"image\":{\"@id\":\"https:\\\/\\\/www.eldiario.net\\\/portal\\\/#\\\/schema\\\/logo\\\/image\\\/\"},\"sameAs\":[\"https:\\\/\\\/www.facebook.com\\\/eldiario.bolivia\\\/\",\"https:\\\/\\\/x.com\\\/eldiario_net\"]},{\"@type\":\"Person\",\"@id\":\"https:\\\/\\\/www.eldiario.net\\\/portal\\\/#\\\/schema\\\/person\\\/2c57cf2b7a7ae032e449e4c9b1019eac\",\"name\":\"Jeanette\",\"image\":{\"@type\":\"ImageObject\",\"inLanguage\":\"es\",\"@id\":\"https:\\\/\\\/secure.gravatar.com\\\/avatar\\\/3ea2118a5f7dad2b7138b1187a6b7ee55f160b9968b66013c3a3ef39dd7e5798?s=96&d=mm&r=g\",\"url\":\"https:\\\/\\\/secure.gravatar.com\\\/avatar\\\/3ea2118a5f7dad2b7138b1187a6b7ee55f160b9968b66013c3a3ef39dd7e5798?s=96&d=mm&r=g\",\"contentUrl\":\"https:\\\/\\\/secure.gravatar.com\\\/avatar\\\/3ea2118a5f7dad2b7138b1187a6b7ee55f160b9968b66013c3a3ef39dd7e5798?s=96&d=mm&r=g\",\"caption\":\"Jeanette\"},\"sameAs\":[\"https:\\\/\\\/www.eldiario.net\\\/portal\"],\"url\":\"https:\\\/\\\/www.eldiario.net\\\/portal\\\/author\\\/jeanette\\\/\"}]}<\/script>\n<!-- \/ Yoast SEO plugin. -->","yoast_head_json":{"title":"Coca y coca\u00edna en tiempo de Evo - El Diario - Bolivia","robots":{"index":"index","follow":"follow","max-snippet":"max-snippet:-1","max-image-preview":"max-image-preview:large","max-video-preview":"max-video-preview:-1"},"canonical":"https:\/\/www.eldiario.net\/portal\/2026\/02\/28\/coca-y-cocaina-en-tiempo-de-evo\/","og_locale":"es_ES","og_type":"article","og_title":"Coca y coca\u00edna en tiempo de Evo - El Diario - Bolivia","og_description":"Despu\u00e9s de semanas de desaparici\u00f3n del cocalero Evo Morales Ayma, en el Chapare de Cochabamba, reaparece ese caudillo, del que algunos comentaban que estaba siendo perseguido por el gobierno de Estados Unidos, debido a su complicidad con el narcotr\u00e1fico, por lo que seguir\u00eda el camino del gobernante venezolano Nicol\u00e1s Maduro. En su teatral reaparici\u00f3n, el [&hellip;]","og_url":"https:\/\/www.eldiario.net\/portal\/2026\/02\/28\/coca-y-cocaina-en-tiempo-de-evo\/","og_site_name":"El Diario - Bolivia","article_publisher":"https:\/\/www.facebook.com\/eldiario.bolivia\/","article_published_time":"2026-02-28T11:18:45+00:00","og_image":[{"width":800,"height":500,"url":"https:\/\/www.eldiario.net\/portal\/wp-content\/uploads\/2023\/12\/Editorial.jpg","type":"image\/jpeg"}],"author":"Jeanette","twitter_card":"summary_large_image","twitter_creator":"@eldiario_net","twitter_site":"@eldiario_net","twitter_misc":{"Escrito por":"Jeanette","Tiempo de lectura":"3 minutos"},"schema":{"@context":"https:\/\/schema.org","@graph":[{"@type":"Article","@id":"https:\/\/www.eldiario.net\/portal\/2026\/02\/28\/coca-y-cocaina-en-tiempo-de-evo\/#article","isPartOf":{"@id":"https:\/\/www.eldiario.net\/portal\/2026\/02\/28\/coca-y-cocaina-en-tiempo-de-evo\/"},"author":{"name":"Jeanette","@id":"https:\/\/www.eldiario.net\/portal\/#\/schema\/person\/2c57cf2b7a7ae032e449e4c9b1019eac"},"headline":"Coca y coca\u00edna en tiempo de Evo","datePublished":"2026-02-28T11:18:45+00:00","mainEntityOfPage":{"@id":"https:\/\/www.eldiario.net\/portal\/2026\/02\/28\/coca-y-cocaina-en-tiempo-de-evo\/"},"wordCount":518,"publisher":{"@id":"https:\/\/www.eldiario.net\/portal\/#organization"},"image":{"@id":"https:\/\/www.eldiario.net\/portal\/2026\/02\/28\/coca-y-cocaina-en-tiempo-de-evo\/#primaryimage"},"thumbnailUrl":"https:\/\/www.eldiario.net\/portal\/wp-content\/uploads\/2023\/12\/Editorial.jpg","articleSection":["Editorial"],"inLanguage":"es"},{"@type":"WebPage","@id":"https:\/\/www.eldiario.net\/portal\/2026\/02\/28\/coca-y-cocaina-en-tiempo-de-evo\/","url":"https:\/\/www.eldiario.net\/portal\/2026\/02\/28\/coca-y-cocaina-en-tiempo-de-evo\/","name":"Coca y coca\u00edna en tiempo de Evo - El Diario - Bolivia","isPartOf":{"@id":"https:\/\/www.eldiario.net\/portal\/#website"},"primaryImageOfPage":{"@id":"https:\/\/www.eldiario.net\/portal\/2026\/02\/28\/coca-y-cocaina-en-tiempo-de-evo\/#primaryimage"},"image":{"@id":"https:\/\/www.eldiario.net\/portal\/2026\/02\/28\/coca-y-cocaina-en-tiempo-de-evo\/#primaryimage"},"thumbnailUrl":"https:\/\/www.eldiario.net\/portal\/wp-content\/uploads\/2023\/12\/Editorial.jpg","datePublished":"2026-02-28T11:18:45+00:00","breadcrumb":{"@id":"https:\/\/www.eldiario.net\/portal\/2026\/02\/28\/coca-y-cocaina-en-tiempo-de-evo\/#breadcrumb"},"inLanguage":"es","potentialAction":[{"@type":"ReadAction","target":["https:\/\/www.eldiario.net\/portal\/2026\/02\/28\/coca-y-cocaina-en-tiempo-de-evo\/"]}]},{"@type":"ImageObject","inLanguage":"es","@id":"https:\/\/www.eldiario.net\/portal\/2026\/02\/28\/coca-y-cocaina-en-tiempo-de-evo\/#primaryimage","url":"https:\/\/www.eldiario.net\/portal\/wp-content\/uploads\/2023\/12\/Editorial.jpg","contentUrl":"https:\/\/www.eldiario.net\/portal\/wp-content\/uploads\/2023\/12\/Editorial.jpg","width":800,"height":500},{"@type":"BreadcrumbList","@id":"https:\/\/www.eldiario.net\/portal\/2026\/02\/28\/coca-y-cocaina-en-tiempo-de-evo\/#breadcrumb","itemListElement":[{"@type":"ListItem","position":1,"name":"Portada","item":"https:\/\/www.eldiario.net\/portal\/"},{"@type":"ListItem","position":2,"name":"Coca y coca\u00edna en tiempo de Evo"}]},{"@type":"WebSite","@id":"https:\/\/www.eldiario.net\/portal\/#website","url":"https:\/\/www.eldiario.net\/portal\/","name":"El Diario - Decano de la prensa nacional","description":"El Diario - Decano de la prensa nacional","publisher":{"@id":"https:\/\/www.eldiario.net\/portal\/#organization"},"potentialAction":[{"@type":"SearchAction","target":{"@type":"EntryPoint","urlTemplate":"https:\/\/www.eldiario.net\/portal\/?s={search_term_string}"},"query-input":{"@type":"PropertyValueSpecification","valueRequired":true,"valueName":"search_term_string"}}],"inLanguage":"es"},{"@type":"Organization","@id":"https:\/\/www.eldiario.net\/portal\/#organization","name":"El Diario - Decano de la prensa nacional","url":"https:\/\/www.eldiario.net\/portal\/","logo":{"@type":"ImageObject","inLanguage":"es","@id":"https:\/\/www.eldiario.net\/portal\/#\/schema\/logo\/image\/","url":"https:\/\/www.eldiario.net\/portal\/wp-content\/uploads\/2023\/07\/logo_ED.jpg","contentUrl":"https:\/\/www.eldiario.net\/portal\/wp-content\/uploads\/2023\/07\/logo_ED.jpg","width":272,"height":52,"caption":"El Diario - Decano de la prensa nacional"},"image":{"@id":"https:\/\/www.eldiario.net\/portal\/#\/schema\/logo\/image\/"},"sameAs":["https:\/\/www.facebook.com\/eldiario.bolivia\/","https:\/\/x.com\/eldiario_net"]},{"@type":"Person","@id":"https:\/\/www.eldiario.net\/portal\/#\/schema\/person\/2c57cf2b7a7ae032e449e4c9b1019eac","name":"Jeanette","image":{"@type":"ImageObject","inLanguage":"es","@id":"https:\/\/secure.gravatar.com\/avatar\/3ea2118a5f7dad2b7138b1187a6b7ee55f160b9968b66013c3a3ef39dd7e5798?s=96&d=mm&r=g","url":"https:\/\/secure.gravatar.com\/avatar\/3ea2118a5f7dad2b7138b1187a6b7ee55f160b9968b66013c3a3ef39dd7e5798?s=96&d=mm&r=g","contentUrl":"https:\/\/secure.gravatar.com\/avatar\/3ea2118a5f7dad2b7138b1187a6b7ee55f160b9968b66013c3a3ef39dd7e5798?s=96&d=mm&r=g","caption":"Jeanette"},"sameAs":["https:\/\/www.eldiario.net\/portal"],"url":"https:\/\/www.eldiario.net\/portal\/author\/jeanette\/"}]}},"_links":{"self":[{"href":"https:\/\/www.eldiario.net\/portal\/wp-json\/wp\/v2\/posts\/372063","targetHints":{"allow":["GET"]}}],"collection":[{"href":"https:\/\/www.eldiario.net\/portal\/wp-json\/wp\/v2\/posts"}],"about":[{"href":"https:\/\/www.eldiario.net\/portal\/wp-json\/wp\/v2\/types\/post"}],"author":[{"embeddable":true,"href":"https:\/\/www.eldiario.net\/portal\/wp-json\/wp\/v2\/users\/1"}],"replies":[{"embeddable":true,"href":"https:\/\/www.eldiario.net\/portal\/wp-json\/wp\/v2\/comments?post=372063"}],"version-history":[{"count":1,"href":"https:\/\/www.eldiario.net\/portal\/wp-json\/wp\/v2\/posts\/372063\/revisions"}],"predecessor-version":[{"id":372064,"href":"https:\/\/www.eldiario.net\/portal\/wp-json\/wp\/v2\/posts\/372063\/revisions\/372064"}],"wp:featuredmedia":[{"embeddable":true,"href":"https:\/\/www.eldiario.net\/portal\/wp-json\/wp\/v2\/media\/194776"}],"wp:attachment":[{"href":"https:\/\/www.eldiario.net\/portal\/wp-json\/wp\/v2\/media?parent=372063"}],"wp:term":[{"taxonomy":"category","embeddable":true,"href":"https:\/\/www.eldiario.net\/portal\/wp-json\/wp\/v2\/categories?post=372063"},{"taxonomy":"post_tag","embeddable":true,"href":"https:\/\/www.eldiario.net\/portal\/wp-json\/wp\/v2\/tags?post=372063"}],"curies":[{"name":"wp","href":"https:\/\/api.w.org\/{rel}","templated":true}]}}