{"id":372060,"date":"2026-02-28T07:17:45","date_gmt":"2026-02-28T11:17:45","guid":{"rendered":"https:\/\/www.eldiario.net\/portal\/?p=372060"},"modified":"2026-02-28T07:17:45","modified_gmt":"2026-02-28T11:17:45","slug":"turismo-abre-espacio-para-dinamizar-economia-boliviana","status":"publish","type":"post","link":"https:\/\/www.eldiario.net\/portal\/2026\/02\/28\/turismo-abre-espacio-para-dinamizar-economia-boliviana\/","title":{"rendered":"Turismo abre espacio para  dinamizar econom\u00eda boliviana"},"content":{"rendered":"<p>El turismo se apresta de dar el impulso econ\u00f3mico a Bolivia para reactivar el desarrollo y promover la actividad comunitaria, as\u00ed como nuevos emprendimientos que fortalezcan el sector y que la actividad genere m\u00e1s empleo, con apoyo internacional y nacional. La ley antibloqueos juega un rol importante.<br \/>\nEn 2024, la directora Ejecutiva del Sustainable Development Solutions Network (SDSN), Lykke Andersen, present\u00f3 un estudio sobre turismo y los recursos que podr\u00edan generar al establecer pol\u00edticas claras desde el Gobierno para generar 3.000 millones de d\u00f3lares, mayor a las exportaciones no tradicionales.<br \/>\nEn ese entonces, explic\u00f3 que en 2022 las exportaciones de productos agropecuarios y sus derivados rondaban los 3.000 millones de d\u00f3lares y similar cifra en la venta de oro, pero con un impacto alto para el medio ambiente.<br \/>\nAsimismo, inform\u00f3, en esa ocasi\u00f3n, que ingresaron 830 millones de d\u00f3lares en 2019 por turismo, y tras la pandemia la cifra baj\u00f3 en los siguientes a\u00f1os; sin embargo, la actividad puede volverse en un producto de exportaci\u00f3n, en un contexto de seguridad jur\u00eddica para la libre circulaci\u00f3n de los ciudadanos por el territorio nacional.<br \/>\nD\u00edas atr\u00e1s, la CAF &#8211; Banco de Desarrollo de Am\u00e9rica Latina y el Caribe firm\u00f3 un convenio de cr\u00e9dito por 110 millones de d\u00f3lares con el gobierno de Rodrigo Paz para la construcci\u00f3n de una planta solar en Potos\u00ed y anunci\u00f3 nuevas acciones de apoyo al turismo, en un acto realizado en el Salar de Uyuni.<br \/>\nAsimismo, la ministra de Turismo, Cinthya Ya\u00f1ez, present\u00f3 la marca destino \u201cSalar de Uyuni y Lagunas de Colores\u201d, como parte de un programa de dinamizaci\u00f3n tur\u00edstica que incluye infraestructura y promoci\u00f3n internacional.<br \/>\nLa CAF tambi\u00e9n aprob\u00f3 una cooperaci\u00f3n t\u00e9cnica no reembolsable de hasta 70.000 d\u00f3lares para fortalecer el modelo de gesti\u00f3n de infraestructuras tur\u00edsticas en la regi\u00f3n y avanzar en una gu\u00eda de inversi\u00f3n para el sector, seg\u00fan Erbol.<br \/>\nPor su parte, el presidente Rodrigo Paz destac\u00f3 los proyectos que apuntan a potenciar el turismo, la energ\u00eda solar y el desarrollo productivo de Potos\u00ed, y pidi\u00f3 acuerdos en el Legislativo para garantizar la aprobaci\u00f3n y ejecuci\u00f3n de las iniciativas.<br \/>\nEn 2026, Bolivia impulsar\u00e1 el turismo sostenible mediante nuevos proyectos, destacando la alianza con la CAF para un foro de inversiones y el desarrollo del \u201cCamino de los Jesuitas\u201d. Se lanzaron planes estrat\u00e9gicos municipales en La Paz (Quime, Tiahuanacu, Caranavi) y el proyecto \u201cCaminos Andinos\u201d para potenciar el turismo comunitario y la marca pa\u00eds, con el objetivo de convertir el turismo en motor econ\u00f3mico.<\/p>\n<p>Antibloqueos<br \/>\nPor su parte, el sector de turismo expres\u00f3 a trav\u00e9s de sus representantes su apoyo al proyecto de Ley Antibloqueos, ya que dicha norma apoyar\u00e1 el desarrollo del sector, garantizando la libre transitabilidad.<br \/>\nUno de los argumentos que se\u00f1alan para el apoyo a la norma, es que el uso de esta medida radical la utilizan por cualquier causa los sectores sociales, y s\u00f3lo destruye la actividad tur\u00edstica, as\u00ed como la econom\u00eda en general. Por ello piden erradicar los bloqueos del pa\u00eds.<\/p>\n<p>Turismo interno<br \/>\nLa directora ejecutiva de SDSN, en un evento de turismo sostenible, de hace unos meses, se\u00f1al\u00f3 que, fomentando el turismo interno de los propios bolivianos, se alcanzar\u00eda hasta 4.000 millones de d\u00f3lares para 2030.<br \/>\nEl analista econ\u00f3mico, Gonzalo Ch\u00e1vez, en reiteradas oportunidades, indic\u00f3 que el turismo es una actividad que puede generar importantes divisas para el pa\u00eds, por lo que se deber\u00eda implementar un plan para promocionar la actividad.<br \/>\nPIE DE FOTO<br \/>\nFoto<\/p>\n","protected":false},"excerpt":{"rendered":"<p>El turismo se apresta de dar el impulso econ\u00f3mico a Bolivia para reactivar el desarrollo y promover la actividad comunitaria, as\u00ed como nuevos emprendimientos que fortalezcan el sector y que la actividad genere m\u00e1s empleo, con apoyo internacional y nacional. La ley antibloqueos juega un rol importante. En 2024, la directora Ejecutiva del Sustainable Development [&hellip;]<\/p>\n","protected":false},"author":1,"featured_media":372061,"comment_status":"closed","ping_status":"open","sticky":false,"template":"","format":"standard","meta":{"_acf_changed":false,"footnotes":""},"categories":[7],"tags":[],"class_list":["post-372060","post","type-post","status-publish","format-standard","has-post-thumbnail","category-economia"],"acf":{"antetitulo":""},"yoast_head":"<!-- This site is optimized with the Yoast SEO plugin v28.4 - https:\/\/yoast.com\/product\/yoast-seo-wordpress\/ -->\n<title>Turismo abre espacio para dinamizar econom\u00eda boliviana - El Diario - Bolivia<\/title>\n<meta name=\"robots\" content=\"index, follow, max-snippet:-1, max-image-preview:large, max-video-preview:-1\" \/>\n<link rel=\"canonical\" href=\"https:\/\/www.eldiario.net\/portal\/2026\/02\/28\/turismo-abre-espacio-para-dinamizar-economia-boliviana\/\" \/>\n<meta property=\"og:locale\" content=\"es_ES\" \/>\n<meta property=\"og:type\" content=\"article\" \/>\n<meta property=\"og:title\" content=\"Turismo abre espacio para dinamizar econom\u00eda boliviana - El Diario - Bolivia\" \/>\n<meta property=\"og:description\" content=\"El turismo se apresta de dar el impulso econ\u00f3mico a Bolivia para reactivar el desarrollo y promover la actividad comunitaria, as\u00ed como nuevos emprendimientos que fortalezcan el sector y que la actividad genere m\u00e1s empleo, con apoyo internacional y nacional. La ley antibloqueos juega un rol importante. En 2024, la directora Ejecutiva del Sustainable Development [&hellip;]\" \/>\n<meta property=\"og:url\" content=\"https:\/\/www.eldiario.net\/portal\/2026\/02\/28\/turismo-abre-espacio-para-dinamizar-economia-boliviana\/\" \/>\n<meta property=\"og:site_name\" content=\"El Diario - Bolivia\" \/>\n<meta property=\"article:publisher\" content=\"https:\/\/www.facebook.com\/eldiario.bolivia\/\" \/>\n<meta property=\"article:published_time\" content=\"2026-02-28T11:17:45+00:00\" \/>\n<meta property=\"og:image\" content=\"https:\/\/www.eldiario.net\/portal\/wp-content\/uploads\/2026\/02\/turis.webp\" \/>\n\t<meta property=\"og:image:width\" content=\"669\" \/>\n\t<meta property=\"og:image:height\" content=\"446\" \/>\n\t<meta property=\"og:image:type\" content=\"image\/webp\" \/>\n<meta name=\"author\" content=\"Jeanette\" \/>\n<meta name=\"twitter:card\" content=\"summary_large_image\" \/>\n<meta name=\"twitter:creator\" content=\"@eldiario_net\" \/>\n<meta name=\"twitter:site\" content=\"@eldiario_net\" \/>\n<meta name=\"twitter:label1\" content=\"Escrito por\" \/>\n\t<meta name=\"twitter:data1\" content=\"Jeanette\" \/>\n\t<meta name=\"twitter:label2\" content=\"Tiempo de lectura\" \/>\n\t<meta name=\"twitter:data2\" content=\"3 minutos\" \/>\n<script type=\"application\/ld+json\" class=\"yoast-schema-graph\">{\"@context\":\"https:\\\/\\\/schema.org\",\"@graph\":[{\"@type\":\"Article\",\"@id\":\"https:\\\/\\\/www.eldiario.net\\\/portal\\\/2026\\\/02\\\/28\\\/turismo-abre-espacio-para-dinamizar-economia-boliviana\\\/#article\",\"isPartOf\":{\"@id\":\"https:\\\/\\\/www.eldiario.net\\\/portal\\\/2026\\\/02\\\/28\\\/turismo-abre-espacio-para-dinamizar-economia-boliviana\\\/\"},\"author\":{\"name\":\"Jeanette\",\"@id\":\"https:\\\/\\\/www.eldiario.net\\\/portal\\\/#\\\/schema\\\/person\\\/2c57cf2b7a7ae032e449e4c9b1019eac\"},\"headline\":\"Turismo abre espacio para dinamizar econom\u00eda boliviana\",\"datePublished\":\"2026-02-28T11:17:45+00:00\",\"mainEntityOfPage\":{\"@id\":\"https:\\\/\\\/www.eldiario.net\\\/portal\\\/2026\\\/02\\\/28\\\/turismo-abre-espacio-para-dinamizar-economia-boliviana\\\/\"},\"wordCount\":616,\"publisher\":{\"@id\":\"https:\\\/\\\/www.eldiario.net\\\/portal\\\/#organization\"},\"image\":{\"@id\":\"https:\\\/\\\/www.eldiario.net\\\/portal\\\/2026\\\/02\\\/28\\\/turismo-abre-espacio-para-dinamizar-economia-boliviana\\\/#primaryimage\"},\"thumbnailUrl\":\"https:\\\/\\\/www.eldiario.net\\\/portal\\\/wp-content\\\/uploads\\\/2026\\\/02\\\/turis.webp\",\"articleSection\":[\"Econom\u00eda\"],\"inLanguage\":\"es\"},{\"@type\":\"WebPage\",\"@id\":\"https:\\\/\\\/www.eldiario.net\\\/portal\\\/2026\\\/02\\\/28\\\/turismo-abre-espacio-para-dinamizar-economia-boliviana\\\/\",\"url\":\"https:\\\/\\\/www.eldiario.net\\\/portal\\\/2026\\\/02\\\/28\\\/turismo-abre-espacio-para-dinamizar-economia-boliviana\\\/\",\"name\":\"Turismo abre espacio para dinamizar econom\u00eda boliviana - El Diario - Bolivia\",\"isPartOf\":{\"@id\":\"https:\\\/\\\/www.eldiario.net\\\/portal\\\/#website\"},\"primaryImageOfPage\":{\"@id\":\"https:\\\/\\\/www.eldiario.net\\\/portal\\\/2026\\\/02\\\/28\\\/turismo-abre-espacio-para-dinamizar-economia-boliviana\\\/#primaryimage\"},\"image\":{\"@id\":\"https:\\\/\\\/www.eldiario.net\\\/portal\\\/2026\\\/02\\\/28\\\/turismo-abre-espacio-para-dinamizar-economia-boliviana\\\/#primaryimage\"},\"thumbnailUrl\":\"https:\\\/\\\/www.eldiario.net\\\/portal\\\/wp-content\\\/uploads\\\/2026\\\/02\\\/turis.webp\",\"datePublished\":\"2026-02-28T11:17:45+00:00\",\"breadcrumb\":{\"@id\":\"https:\\\/\\\/www.eldiario.net\\\/portal\\\/2026\\\/02\\\/28\\\/turismo-abre-espacio-para-dinamizar-economia-boliviana\\\/#breadcrumb\"},\"inLanguage\":\"es\",\"potentialAction\":[{\"@type\":\"ReadAction\",\"target\":[\"https:\\\/\\\/www.eldiario.net\\\/portal\\\/2026\\\/02\\\/28\\\/turismo-abre-espacio-para-dinamizar-economia-boliviana\\\/\"]}]},{\"@type\":\"ImageObject\",\"inLanguage\":\"es\",\"@id\":\"https:\\\/\\\/www.eldiario.net\\\/portal\\\/2026\\\/02\\\/28\\\/turismo-abre-espacio-para-dinamizar-economia-boliviana\\\/#primaryimage\",\"url\":\"https:\\\/\\\/www.eldiario.net\\\/portal\\\/wp-content\\\/uploads\\\/2026\\\/02\\\/turis.webp\",\"contentUrl\":\"https:\\\/\\\/www.eldiario.net\\\/portal\\\/wp-content\\\/uploads\\\/2026\\\/02\\\/turis.webp\",\"width\":669,\"height\":446,\"caption\":\"Salar de Uyuni, Potos\u00ed.\"},{\"@type\":\"BreadcrumbList\",\"@id\":\"https:\\\/\\\/www.eldiario.net\\\/portal\\\/2026\\\/02\\\/28\\\/turismo-abre-espacio-para-dinamizar-economia-boliviana\\\/#breadcrumb\",\"itemListElement\":[{\"@type\":\"ListItem\",\"position\":1,\"name\":\"Portada\",\"item\":\"https:\\\/\\\/www.eldiario.net\\\/portal\\\/\"},{\"@type\":\"ListItem\",\"position\":2,\"name\":\"Turismo abre espacio para dinamizar econom\u00eda boliviana\"}]},{\"@type\":\"WebSite\",\"@id\":\"https:\\\/\\\/www.eldiario.net\\\/portal\\\/#website\",\"url\":\"https:\\\/\\\/www.eldiario.net\\\/portal\\\/\",\"name\":\"El Diario - Decano de la prensa nacional\",\"description\":\"El Diario - Decano de la prensa nacional\",\"publisher\":{\"@id\":\"https:\\\/\\\/www.eldiario.net\\\/portal\\\/#organization\"},\"potentialAction\":[{\"@type\":\"SearchAction\",\"target\":{\"@type\":\"EntryPoint\",\"urlTemplate\":\"https:\\\/\\\/www.eldiario.net\\\/portal\\\/?s={search_term_string}\"},\"query-input\":{\"@type\":\"PropertyValueSpecification\",\"valueRequired\":true,\"valueName\":\"search_term_string\"}}],\"inLanguage\":\"es\"},{\"@type\":\"Organization\",\"@id\":\"https:\\\/\\\/www.eldiario.net\\\/portal\\\/#organization\",\"name\":\"El Diario - Decano de la prensa nacional\",\"url\":\"https:\\\/\\\/www.eldiario.net\\\/portal\\\/\",\"logo\":{\"@type\":\"ImageObject\",\"inLanguage\":\"es\",\"@id\":\"https:\\\/\\\/www.eldiario.net\\\/portal\\\/#\\\/schema\\\/logo\\\/image\\\/\",\"url\":\"https:\\\/\\\/www.eldiario.net\\\/portal\\\/wp-content\\\/uploads\\\/2023\\\/07\\\/logo_ED.jpg\",\"contentUrl\":\"https:\\\/\\\/www.eldiario.net\\\/portal\\\/wp-content\\\/uploads\\\/2023\\\/07\\\/logo_ED.jpg\",\"width\":272,\"height\":52,\"caption\":\"El Diario - Decano de la prensa nacional\"},\"image\":{\"@id\":\"https:\\\/\\\/www.eldiario.net\\\/portal\\\/#\\\/schema\\\/logo\\\/image\\\/\"},\"sameAs\":[\"https:\\\/\\\/www.facebook.com\\\/eldiario.bolivia\\\/\",\"https:\\\/\\\/x.com\\\/eldiario_net\"]},{\"@type\":\"Person\",\"@id\":\"https:\\\/\\\/www.eldiario.net\\\/portal\\\/#\\\/schema\\\/person\\\/2c57cf2b7a7ae032e449e4c9b1019eac\",\"name\":\"Jeanette\",\"image\":{\"@type\":\"ImageObject\",\"inLanguage\":\"es\",\"@id\":\"https:\\\/\\\/secure.gravatar.com\\\/avatar\\\/3ea2118a5f7dad2b7138b1187a6b7ee55f160b9968b66013c3a3ef39dd7e5798?s=96&d=mm&r=g\",\"url\":\"https:\\\/\\\/secure.gravatar.com\\\/avatar\\\/3ea2118a5f7dad2b7138b1187a6b7ee55f160b9968b66013c3a3ef39dd7e5798?s=96&d=mm&r=g\",\"contentUrl\":\"https:\\\/\\\/secure.gravatar.com\\\/avatar\\\/3ea2118a5f7dad2b7138b1187a6b7ee55f160b9968b66013c3a3ef39dd7e5798?s=96&d=mm&r=g\",\"caption\":\"Jeanette\"},\"sameAs\":[\"https:\\\/\\\/www.eldiario.net\\\/portal\"],\"url\":\"https:\\\/\\\/www.eldiario.net\\\/portal\\\/author\\\/jeanette\\\/\"}]}<\/script>\n<!-- \/ Yoast SEO plugin. -->","yoast_head_json":{"title":"Turismo abre espacio para dinamizar econom\u00eda boliviana - El Diario - Bolivia","robots":{"index":"index","follow":"follow","max-snippet":"max-snippet:-1","max-image-preview":"max-image-preview:large","max-video-preview":"max-video-preview:-1"},"canonical":"https:\/\/www.eldiario.net\/portal\/2026\/02\/28\/turismo-abre-espacio-para-dinamizar-economia-boliviana\/","og_locale":"es_ES","og_type":"article","og_title":"Turismo abre espacio para dinamizar econom\u00eda boliviana - El Diario - Bolivia","og_description":"El turismo se apresta de dar el impulso econ\u00f3mico a Bolivia para reactivar el desarrollo y promover la actividad comunitaria, as\u00ed como nuevos emprendimientos que fortalezcan el sector y que la actividad genere m\u00e1s empleo, con apoyo internacional y nacional. La ley antibloqueos juega un rol importante. En 2024, la directora Ejecutiva del Sustainable Development [&hellip;]","og_url":"https:\/\/www.eldiario.net\/portal\/2026\/02\/28\/turismo-abre-espacio-para-dinamizar-economia-boliviana\/","og_site_name":"El Diario - Bolivia","article_publisher":"https:\/\/www.facebook.com\/eldiario.bolivia\/","article_published_time":"2026-02-28T11:17:45+00:00","og_image":[{"width":669,"height":446,"url":"https:\/\/www.eldiario.net\/portal\/wp-content\/uploads\/2026\/02\/turis.webp","type":"image\/webp"}],"author":"Jeanette","twitter_card":"summary_large_image","twitter_creator":"@eldiario_net","twitter_site":"@eldiario_net","twitter_misc":{"Escrito por":"Jeanette","Tiempo de lectura":"3 minutos"},"schema":{"@context":"https:\/\/schema.org","@graph":[{"@type":"Article","@id":"https:\/\/www.eldiario.net\/portal\/2026\/02\/28\/turismo-abre-espacio-para-dinamizar-economia-boliviana\/#article","isPartOf":{"@id":"https:\/\/www.eldiario.net\/portal\/2026\/02\/28\/turismo-abre-espacio-para-dinamizar-economia-boliviana\/"},"author":{"name":"Jeanette","@id":"https:\/\/www.eldiario.net\/portal\/#\/schema\/person\/2c57cf2b7a7ae032e449e4c9b1019eac"},"headline":"Turismo abre espacio para dinamizar econom\u00eda boliviana","datePublished":"2026-02-28T11:17:45+00:00","mainEntityOfPage":{"@id":"https:\/\/www.eldiario.net\/portal\/2026\/02\/28\/turismo-abre-espacio-para-dinamizar-economia-boliviana\/"},"wordCount":616,"publisher":{"@id":"https:\/\/www.eldiario.net\/portal\/#organization"},"image":{"@id":"https:\/\/www.eldiario.net\/portal\/2026\/02\/28\/turismo-abre-espacio-para-dinamizar-economia-boliviana\/#primaryimage"},"thumbnailUrl":"https:\/\/www.eldiario.net\/portal\/wp-content\/uploads\/2026\/02\/turis.webp","articleSection":["Econom\u00eda"],"inLanguage":"es"},{"@type":"WebPage","@id":"https:\/\/www.eldiario.net\/portal\/2026\/02\/28\/turismo-abre-espacio-para-dinamizar-economia-boliviana\/","url":"https:\/\/www.eldiario.net\/portal\/2026\/02\/28\/turismo-abre-espacio-para-dinamizar-economia-boliviana\/","name":"Turismo abre espacio para dinamizar econom\u00eda boliviana - El Diario - Bolivia","isPartOf":{"@id":"https:\/\/www.eldiario.net\/portal\/#website"},"primaryImageOfPage":{"@id":"https:\/\/www.eldiario.net\/portal\/2026\/02\/28\/turismo-abre-espacio-para-dinamizar-economia-boliviana\/#primaryimage"},"image":{"@id":"https:\/\/www.eldiario.net\/portal\/2026\/02\/28\/turismo-abre-espacio-para-dinamizar-economia-boliviana\/#primaryimage"},"thumbnailUrl":"https:\/\/www.eldiario.net\/portal\/wp-content\/uploads\/2026\/02\/turis.webp","datePublished":"2026-02-28T11:17:45+00:00","breadcrumb":{"@id":"https:\/\/www.eldiario.net\/portal\/2026\/02\/28\/turismo-abre-espacio-para-dinamizar-economia-boliviana\/#breadcrumb"},"inLanguage":"es","potentialAction":[{"@type":"ReadAction","target":["https:\/\/www.eldiario.net\/portal\/2026\/02\/28\/turismo-abre-espacio-para-dinamizar-economia-boliviana\/"]}]},{"@type":"ImageObject","inLanguage":"es","@id":"https:\/\/www.eldiario.net\/portal\/2026\/02\/28\/turismo-abre-espacio-para-dinamizar-economia-boliviana\/#primaryimage","url":"https:\/\/www.eldiario.net\/portal\/wp-content\/uploads\/2026\/02\/turis.webp","contentUrl":"https:\/\/www.eldiario.net\/portal\/wp-content\/uploads\/2026\/02\/turis.webp","width":669,"height":446,"caption":"Salar de Uyuni, Potos\u00ed."},{"@type":"BreadcrumbList","@id":"https:\/\/www.eldiario.net\/portal\/2026\/02\/28\/turismo-abre-espacio-para-dinamizar-economia-boliviana\/#breadcrumb","itemListElement":[{"@type":"ListItem","position":1,"name":"Portada","item":"https:\/\/www.eldiario.net\/portal\/"},{"@type":"ListItem","position":2,"name":"Turismo abre espacio para dinamizar econom\u00eda boliviana"}]},{"@type":"WebSite","@id":"https:\/\/www.eldiario.net\/portal\/#website","url":"https:\/\/www.eldiario.net\/portal\/","name":"El Diario - Decano de la prensa nacional","description":"El Diario - Decano de la prensa nacional","publisher":{"@id":"https:\/\/www.eldiario.net\/portal\/#organization"},"potentialAction":[{"@type":"SearchAction","target":{"@type":"EntryPoint","urlTemplate":"https:\/\/www.eldiario.net\/portal\/?s={search_term_string}"},"query-input":{"@type":"PropertyValueSpecification","valueRequired":true,"valueName":"search_term_string"}}],"inLanguage":"es"},{"@type":"Organization","@id":"https:\/\/www.eldiario.net\/portal\/#organization","name":"El Diario - Decano de la prensa nacional","url":"https:\/\/www.eldiario.net\/portal\/","logo":{"@type":"ImageObject","inLanguage":"es","@id":"https:\/\/www.eldiario.net\/portal\/#\/schema\/logo\/image\/","url":"https:\/\/www.eldiario.net\/portal\/wp-content\/uploads\/2023\/07\/logo_ED.jpg","contentUrl":"https:\/\/www.eldiario.net\/portal\/wp-content\/uploads\/2023\/07\/logo_ED.jpg","width":272,"height":52,"caption":"El Diario - Decano de la prensa nacional"},"image":{"@id":"https:\/\/www.eldiario.net\/portal\/#\/schema\/logo\/image\/"},"sameAs":["https:\/\/www.facebook.com\/eldiario.bolivia\/","https:\/\/x.com\/eldiario_net"]},{"@type":"Person","@id":"https:\/\/www.eldiario.net\/portal\/#\/schema\/person\/2c57cf2b7a7ae032e449e4c9b1019eac","name":"Jeanette","image":{"@type":"ImageObject","inLanguage":"es","@id":"https:\/\/secure.gravatar.com\/avatar\/3ea2118a5f7dad2b7138b1187a6b7ee55f160b9968b66013c3a3ef39dd7e5798?s=96&d=mm&r=g","url":"https:\/\/secure.gravatar.com\/avatar\/3ea2118a5f7dad2b7138b1187a6b7ee55f160b9968b66013c3a3ef39dd7e5798?s=96&d=mm&r=g","contentUrl":"https:\/\/secure.gravatar.com\/avatar\/3ea2118a5f7dad2b7138b1187a6b7ee55f160b9968b66013c3a3ef39dd7e5798?s=96&d=mm&r=g","caption":"Jeanette"},"sameAs":["https:\/\/www.eldiario.net\/portal"],"url":"https:\/\/www.eldiario.net\/portal\/author\/jeanette\/"}]}},"_links":{"self":[{"href":"https:\/\/www.eldiario.net\/portal\/wp-json\/wp\/v2\/posts\/372060","targetHints":{"allow":["GET"]}}],"collection":[{"href":"https:\/\/www.eldiario.net\/portal\/wp-json\/wp\/v2\/posts"}],"about":[{"href":"https:\/\/www.eldiario.net\/portal\/wp-json\/wp\/v2\/types\/post"}],"author":[{"embeddable":true,"href":"https:\/\/www.eldiario.net\/portal\/wp-json\/wp\/v2\/users\/1"}],"replies":[{"embeddable":true,"href":"https:\/\/www.eldiario.net\/portal\/wp-json\/wp\/v2\/comments?post=372060"}],"version-history":[{"count":1,"href":"https:\/\/www.eldiario.net\/portal\/wp-json\/wp\/v2\/posts\/372060\/revisions"}],"predecessor-version":[{"id":372062,"href":"https:\/\/www.eldiario.net\/portal\/wp-json\/wp\/v2\/posts\/372060\/revisions\/372062"}],"wp:featuredmedia":[{"embeddable":true,"href":"https:\/\/www.eldiario.net\/portal\/wp-json\/wp\/v2\/media\/372061"}],"wp:attachment":[{"href":"https:\/\/www.eldiario.net\/portal\/wp-json\/wp\/v2\/media?parent=372060"}],"wp:term":[{"taxonomy":"category","embeddable":true,"href":"https:\/\/www.eldiario.net\/portal\/wp-json\/wp\/v2\/categories?post=372060"},{"taxonomy":"post_tag","embeddable":true,"href":"https:\/\/www.eldiario.net\/portal\/wp-json\/wp\/v2\/tags?post=372060"}],"curies":[{"name":"wp","href":"https:\/\/api.w.org\/{rel}","templated":true}]}}