{"id":372057,"date":"2026-02-28T07:16:59","date_gmt":"2026-02-28T11:16:59","guid":{"rendered":"https:\/\/www.eldiario.net\/portal\/?p=372057"},"modified":"2026-02-28T07:16:59","modified_gmt":"2026-02-28T11:16:59","slug":"ejecutivo-y-sector-productivo-trabajaran-por-la-competitividad","status":"publish","type":"post","link":"https:\/\/www.eldiario.net\/portal\/2026\/02\/28\/ejecutivo-y-sector-productivo-trabajaran-por-la-competitividad\/","title":{"rendered":"Ejecutivo y sector productivo  trabajar\u00e1n por la competitividad"},"content":{"rendered":"<p>En instalaciones de la C\u00e1mara Agropecuaria del Oriente (CAO), el Ministerio de Desarrollo Productivo, Rural y Agua lider\u00f3 una reuni\u00f3n de coordinaci\u00f3n con representantes de los principales sectores productivos del pa\u00eds, con el objetivo de trabajar para hacer del sector m\u00e1s competitivo en el mercado regional, tras la eliminaci\u00f3n de los subsidios y el lento ingreso de la biotecnolog\u00eda al pa\u00eds.<br \/>\nEl presidente de la C\u00e1mara Agropecuaria del Oriente (CAO), Klaus Frerking, luego de la reuni\u00f3n, inform\u00f3 que se acordaron compromisos y fechas para destrabar todo el Estado tranca.<br \/>\nEl representante sostuvo que el sector productivo nacional puede proyectarse a mediano y largo plazo, en caso de aprobarse leyes y que el pa\u00eds tenga reglas claras. \u201cEl compromiso del Gobierno\u201d, (de concretizarse), el sector \u201cpodr\u00e1 sembrar y aumentar la productividad\u201d, dijo.<br \/>\nEspera que se haga realidad el uso de transg\u00e9nicos, as\u00ed como liberar las exportaciones e importaciones y que el sector productivo empiece a pensar diferente.<\/p>\n<p>Encuentro<br \/>\nEl encuentro cont\u00f3 con la presencia del ministro de Desarrollo Productivo, Rural y Agua, \u00d3scar Mario Justiniano; el viceministro de Pol\u00edtica Tributaria, \u00c1lvaro Fernando Tapia; el presidente de la Asociaci\u00f3n Nacional de Avicultores (ADA), Omar Castro; el presidente de la CAO, Klaus Frerking; el presidente del Comit\u00e9 pro Santa Cruz, Stelo Cochamanidis y el presidente de Yacimientos Petrol\u00edferos Fiscales Bolivianos (YPFB), Yussef Akly.<br \/>\nJustiniano, a la salida de la cita, inform\u00f3 que se di\u00e1logo sobre varios temas de car\u00e1cter productivo, y que se abordar\u00e1n en el corto, mediano y largo plazo, de esta manera levantar el Estado tranca.<\/p>\n<p>Avances en liberaci\u00f3n<br \/>\nde exportaciones<br \/>\nDurante el encuentro, el ministro Justiniano destac\u00f3 los avances en el trabajo conjunto con los sectores productivos, particularmente con la cadena oleaginosa e industrial, informando la autorizaci\u00f3n hist\u00f3rica para la exportaci\u00f3n de 880.000 toneladas de grano, agilizando los procedimientos y reduciendo la burocracia.<br \/>\nAsimismo, se avanz\u00f3 en la liberaci\u00f3n de importaciones con IVA cero sobre insumos estrat\u00e9gicos, como parte de los acuerdos alcanzados con los sectores productivos. La autoridad agreg\u00f3 que se encuentra en curso la emisi\u00f3n de un Decreto Supremo para la liberaci\u00f3n plena de exportaciones, \u00faltimo paso de la agenda acordada, que permitir\u00e1 consolidar un mercado m\u00e1s abierto y competitivo.<\/p>\n<p>Levantamiento de<br \/>\nbandas de precio en<br \/>\nel sector lechero<br \/>\nRespecto al sector lechero, se anunci\u00f3 que la Resoluci\u00f3n Ministerial para el levantamiento de bandas de precio y cupos ya ha sido elaborada, tras un trabajo conjunto con los productores. Esta medida entrar\u00e1 en vigencia a partir del lunes, generando nuevas condiciones para la negociaci\u00f3n entre productores e industrias.<br \/>\nTambi\u00e9n se dialog\u00f3 sobre la importancia de avanzar en el acceso a semillas gen\u00e9ticamente modificadas (OGM), as\u00ed como mantener el IVA cero para la importaci\u00f3n de maquinaria, equipos, insumos y gen\u00e9tica que favorezcan la modernizaci\u00f3n productiva.<br \/>\nPor otra parte, se inform\u00f3 del inicio de investigaciones formales sobre presuntas acciones de contrabando relacionadas con el ingreso ilegal de ganado en pie, las cuales ponen en riesgo el estatus sanitario y las exportaciones. Adem\u00e1s, se plante\u00f3 la conformaci\u00f3n de un Consejo Nacional de las Carnes, donde participar\u00e1n instituciones clave para fortalecer la trazabilidad y la transparencia del sector.<br \/>\nEl ministro \u00d3scar Mario Justiniano se\u00f1al\u00f3 que los desaf\u00edos que enfrenta el sector productivo no se limitan a la liberaci\u00f3n de exportaciones o a la eliminaci\u00f3n de bandas de precio, sino que responden a problemas estructurales acumulados durante a\u00f1os. Explic\u00f3 que la diferencia entre ganar y perder no est\u00e1 \u00fanicamente en el precio, sino en el costo de producci\u00f3n. \u201cNo importa si el precio es 600 y el costo es 620; no importa si el precio es 100 y el costo es 80. La diferencia est\u00e1 en el costo\u201d, afirm\u00f3.<\/p>\n<p>&nbsp;<\/p>\n","protected":false},"excerpt":{"rendered":"<p>En instalaciones de la C\u00e1mara Agropecuaria del Oriente (CAO), el Ministerio de Desarrollo Productivo, Rural y Agua lider\u00f3 una reuni\u00f3n de coordinaci\u00f3n con representantes de los principales sectores productivos del pa\u00eds, con el objetivo de trabajar para hacer del sector m\u00e1s competitivo en el mercado regional, tras la eliminaci\u00f3n de los subsidios y el lento [&hellip;]<\/p>\n","protected":false},"author":1,"featured_media":372058,"comment_status":"closed","ping_status":"open","sticky":false,"template":"","format":"standard","meta":{"_acf_changed":false,"footnotes":""},"categories":[7],"tags":[],"class_list":["post-372057","post","type-post","status-publish","format-standard","has-post-thumbnail","category-economia"],"acf":{"antetitulo":""},"yoast_head":"<!-- This site is optimized with the Yoast SEO plugin v28.4 - https:\/\/yoast.com\/product\/yoast-seo-wordpress\/ -->\n<title>Ejecutivo y sector productivo trabajar\u00e1n por la competitividad - El Diario - Bolivia<\/title>\n<meta name=\"robots\" content=\"index, follow, max-snippet:-1, max-image-preview:large, max-video-preview:-1\" \/>\n<link rel=\"canonical\" href=\"https:\/\/www.eldiario.net\/portal\/2026\/02\/28\/ejecutivo-y-sector-productivo-trabajaran-por-la-competitividad\/\" \/>\n<meta property=\"og:locale\" content=\"es_ES\" \/>\n<meta property=\"og:type\" content=\"article\" \/>\n<meta property=\"og:title\" content=\"Ejecutivo y sector productivo trabajar\u00e1n por la competitividad - El Diario - Bolivia\" \/>\n<meta property=\"og:description\" content=\"En instalaciones de la C\u00e1mara Agropecuaria del Oriente (CAO), el Ministerio de Desarrollo Productivo, Rural y Agua lider\u00f3 una reuni\u00f3n de coordinaci\u00f3n con representantes de los principales sectores productivos del pa\u00eds, con el objetivo de trabajar para hacer del sector m\u00e1s competitivo en el mercado regional, tras la eliminaci\u00f3n de los subsidios y el lento [&hellip;]\" \/>\n<meta property=\"og:url\" content=\"https:\/\/www.eldiario.net\/portal\/2026\/02\/28\/ejecutivo-y-sector-productivo-trabajaran-por-la-competitividad\/\" \/>\n<meta property=\"og:site_name\" content=\"El Diario - Bolivia\" \/>\n<meta property=\"article:publisher\" content=\"https:\/\/www.facebook.com\/eldiario.bolivia\/\" \/>\n<meta property=\"article:published_time\" content=\"2026-02-28T11:16:59+00:00\" \/>\n<meta property=\"og:image\" content=\"https:\/\/www.eldiario.net\/portal\/wp-content\/uploads\/2026\/02\/compe.webp\" \/>\n\t<meta property=\"og:image:width\" content=\"1600\" \/>\n\t<meta property=\"og:image:height\" content=\"1066\" \/>\n\t<meta property=\"og:image:type\" content=\"image\/webp\" \/>\n<meta name=\"author\" content=\"Jeanette\" \/>\n<meta name=\"twitter:card\" content=\"summary_large_image\" \/>\n<meta name=\"twitter:creator\" content=\"@eldiario_net\" \/>\n<meta name=\"twitter:site\" content=\"@eldiario_net\" \/>\n<meta name=\"twitter:label1\" content=\"Escrito por\" \/>\n\t<meta name=\"twitter:data1\" content=\"Jeanette\" \/>\n\t<meta name=\"twitter:label2\" content=\"Tiempo de lectura\" \/>\n\t<meta name=\"twitter:data2\" content=\"3 minutos\" \/>\n<script type=\"application\/ld+json\" class=\"yoast-schema-graph\">{\"@context\":\"https:\\\/\\\/schema.org\",\"@graph\":[{\"@type\":\"Article\",\"@id\":\"https:\\\/\\\/www.eldiario.net\\\/portal\\\/2026\\\/02\\\/28\\\/ejecutivo-y-sector-productivo-trabajaran-por-la-competitividad\\\/#article\",\"isPartOf\":{\"@id\":\"https:\\\/\\\/www.eldiario.net\\\/portal\\\/2026\\\/02\\\/28\\\/ejecutivo-y-sector-productivo-trabajaran-por-la-competitividad\\\/\"},\"author\":{\"name\":\"Jeanette\",\"@id\":\"https:\\\/\\\/www.eldiario.net\\\/portal\\\/#\\\/schema\\\/person\\\/2c57cf2b7a7ae032e449e4c9b1019eac\"},\"headline\":\"Ejecutivo y sector productivo trabajar\u00e1n por la competitividad\",\"datePublished\":\"2026-02-28T11:16:59+00:00\",\"mainEntityOfPage\":{\"@id\":\"https:\\\/\\\/www.eldiario.net\\\/portal\\\/2026\\\/02\\\/28\\\/ejecutivo-y-sector-productivo-trabajaran-por-la-competitividad\\\/\"},\"wordCount\":654,\"publisher\":{\"@id\":\"https:\\\/\\\/www.eldiario.net\\\/portal\\\/#organization\"},\"image\":{\"@id\":\"https:\\\/\\\/www.eldiario.net\\\/portal\\\/2026\\\/02\\\/28\\\/ejecutivo-y-sector-productivo-trabajaran-por-la-competitividad\\\/#primaryimage\"},\"thumbnailUrl\":\"https:\\\/\\\/www.eldiario.net\\\/portal\\\/wp-content\\\/uploads\\\/2026\\\/02\\\/compe.webp\",\"articleSection\":[\"Econom\u00eda\"],\"inLanguage\":\"es\"},{\"@type\":\"WebPage\",\"@id\":\"https:\\\/\\\/www.eldiario.net\\\/portal\\\/2026\\\/02\\\/28\\\/ejecutivo-y-sector-productivo-trabajaran-por-la-competitividad\\\/\",\"url\":\"https:\\\/\\\/www.eldiario.net\\\/portal\\\/2026\\\/02\\\/28\\\/ejecutivo-y-sector-productivo-trabajaran-por-la-competitividad\\\/\",\"name\":\"Ejecutivo y sector productivo trabajar\u00e1n por la competitividad - El Diario - Bolivia\",\"isPartOf\":{\"@id\":\"https:\\\/\\\/www.eldiario.net\\\/portal\\\/#website\"},\"primaryImageOfPage\":{\"@id\":\"https:\\\/\\\/www.eldiario.net\\\/portal\\\/2026\\\/02\\\/28\\\/ejecutivo-y-sector-productivo-trabajaran-por-la-competitividad\\\/#primaryimage\"},\"image\":{\"@id\":\"https:\\\/\\\/www.eldiario.net\\\/portal\\\/2026\\\/02\\\/28\\\/ejecutivo-y-sector-productivo-trabajaran-por-la-competitividad\\\/#primaryimage\"},\"thumbnailUrl\":\"https:\\\/\\\/www.eldiario.net\\\/portal\\\/wp-content\\\/uploads\\\/2026\\\/02\\\/compe.webp\",\"datePublished\":\"2026-02-28T11:16:59+00:00\",\"breadcrumb\":{\"@id\":\"https:\\\/\\\/www.eldiario.net\\\/portal\\\/2026\\\/02\\\/28\\\/ejecutivo-y-sector-productivo-trabajaran-por-la-competitividad\\\/#breadcrumb\"},\"inLanguage\":\"es\",\"potentialAction\":[{\"@type\":\"ReadAction\",\"target\":[\"https:\\\/\\\/www.eldiario.net\\\/portal\\\/2026\\\/02\\\/28\\\/ejecutivo-y-sector-productivo-trabajaran-por-la-competitividad\\\/\"]}]},{\"@type\":\"ImageObject\",\"inLanguage\":\"es\",\"@id\":\"https:\\\/\\\/www.eldiario.net\\\/portal\\\/2026\\\/02\\\/28\\\/ejecutivo-y-sector-productivo-trabajaran-por-la-competitividad\\\/#primaryimage\",\"url\":\"https:\\\/\\\/www.eldiario.net\\\/portal\\\/wp-content\\\/uploads\\\/2026\\\/02\\\/compe.webp\",\"contentUrl\":\"https:\\\/\\\/www.eldiario.net\\\/portal\\\/wp-content\\\/uploads\\\/2026\\\/02\\\/compe.webp\",\"width\":1600,\"height\":1066},{\"@type\":\"BreadcrumbList\",\"@id\":\"https:\\\/\\\/www.eldiario.net\\\/portal\\\/2026\\\/02\\\/28\\\/ejecutivo-y-sector-productivo-trabajaran-por-la-competitividad\\\/#breadcrumb\",\"itemListElement\":[{\"@type\":\"ListItem\",\"position\":1,\"name\":\"Portada\",\"item\":\"https:\\\/\\\/www.eldiario.net\\\/portal\\\/\"},{\"@type\":\"ListItem\",\"position\":2,\"name\":\"Ejecutivo y sector productivo trabajar\u00e1n por la competitividad\"}]},{\"@type\":\"WebSite\",\"@id\":\"https:\\\/\\\/www.eldiario.net\\\/portal\\\/#website\",\"url\":\"https:\\\/\\\/www.eldiario.net\\\/portal\\\/\",\"name\":\"El Diario - Decano de la prensa nacional\",\"description\":\"El Diario - Decano de la prensa nacional\",\"publisher\":{\"@id\":\"https:\\\/\\\/www.eldiario.net\\\/portal\\\/#organization\"},\"potentialAction\":[{\"@type\":\"SearchAction\",\"target\":{\"@type\":\"EntryPoint\",\"urlTemplate\":\"https:\\\/\\\/www.eldiario.net\\\/portal\\\/?s={search_term_string}\"},\"query-input\":{\"@type\":\"PropertyValueSpecification\",\"valueRequired\":true,\"valueName\":\"search_term_string\"}}],\"inLanguage\":\"es\"},{\"@type\":\"Organization\",\"@id\":\"https:\\\/\\\/www.eldiario.net\\\/portal\\\/#organization\",\"name\":\"El Diario - Decano de la prensa nacional\",\"url\":\"https:\\\/\\\/www.eldiario.net\\\/portal\\\/\",\"logo\":{\"@type\":\"ImageObject\",\"inLanguage\":\"es\",\"@id\":\"https:\\\/\\\/www.eldiario.net\\\/portal\\\/#\\\/schema\\\/logo\\\/image\\\/\",\"url\":\"https:\\\/\\\/www.eldiario.net\\\/portal\\\/wp-content\\\/uploads\\\/2023\\\/07\\\/logo_ED.jpg\",\"contentUrl\":\"https:\\\/\\\/www.eldiario.net\\\/portal\\\/wp-content\\\/uploads\\\/2023\\\/07\\\/logo_ED.jpg\",\"width\":272,\"height\":52,\"caption\":\"El Diario - Decano de la prensa nacional\"},\"image\":{\"@id\":\"https:\\\/\\\/www.eldiario.net\\\/portal\\\/#\\\/schema\\\/logo\\\/image\\\/\"},\"sameAs\":[\"https:\\\/\\\/www.facebook.com\\\/eldiario.bolivia\\\/\",\"https:\\\/\\\/x.com\\\/eldiario_net\"]},{\"@type\":\"Person\",\"@id\":\"https:\\\/\\\/www.eldiario.net\\\/portal\\\/#\\\/schema\\\/person\\\/2c57cf2b7a7ae032e449e4c9b1019eac\",\"name\":\"Jeanette\",\"image\":{\"@type\":\"ImageObject\",\"inLanguage\":\"es\",\"@id\":\"https:\\\/\\\/secure.gravatar.com\\\/avatar\\\/3ea2118a5f7dad2b7138b1187a6b7ee55f160b9968b66013c3a3ef39dd7e5798?s=96&d=mm&r=g\",\"url\":\"https:\\\/\\\/secure.gravatar.com\\\/avatar\\\/3ea2118a5f7dad2b7138b1187a6b7ee55f160b9968b66013c3a3ef39dd7e5798?s=96&d=mm&r=g\",\"contentUrl\":\"https:\\\/\\\/secure.gravatar.com\\\/avatar\\\/3ea2118a5f7dad2b7138b1187a6b7ee55f160b9968b66013c3a3ef39dd7e5798?s=96&d=mm&r=g\",\"caption\":\"Jeanette\"},\"sameAs\":[\"https:\\\/\\\/www.eldiario.net\\\/portal\"],\"url\":\"https:\\\/\\\/www.eldiario.net\\\/portal\\\/author\\\/jeanette\\\/\"}]}<\/script>\n<!-- \/ Yoast SEO plugin. -->","yoast_head_json":{"title":"Ejecutivo y sector productivo trabajar\u00e1n por la competitividad - El Diario - Bolivia","robots":{"index":"index","follow":"follow","max-snippet":"max-snippet:-1","max-image-preview":"max-image-preview:large","max-video-preview":"max-video-preview:-1"},"canonical":"https:\/\/www.eldiario.net\/portal\/2026\/02\/28\/ejecutivo-y-sector-productivo-trabajaran-por-la-competitividad\/","og_locale":"es_ES","og_type":"article","og_title":"Ejecutivo y sector productivo trabajar\u00e1n por la competitividad - El Diario - Bolivia","og_description":"En instalaciones de la C\u00e1mara Agropecuaria del Oriente (CAO), el Ministerio de Desarrollo Productivo, Rural y Agua lider\u00f3 una reuni\u00f3n de coordinaci\u00f3n con representantes de los principales sectores productivos del pa\u00eds, con el objetivo de trabajar para hacer del sector m\u00e1s competitivo en el mercado regional, tras la eliminaci\u00f3n de los subsidios y el lento [&hellip;]","og_url":"https:\/\/www.eldiario.net\/portal\/2026\/02\/28\/ejecutivo-y-sector-productivo-trabajaran-por-la-competitividad\/","og_site_name":"El Diario - Bolivia","article_publisher":"https:\/\/www.facebook.com\/eldiario.bolivia\/","article_published_time":"2026-02-28T11:16:59+00:00","og_image":[{"width":1600,"height":1066,"url":"https:\/\/www.eldiario.net\/portal\/wp-content\/uploads\/2026\/02\/compe.webp","type":"image\/webp"}],"author":"Jeanette","twitter_card":"summary_large_image","twitter_creator":"@eldiario_net","twitter_site":"@eldiario_net","twitter_misc":{"Escrito por":"Jeanette","Tiempo de lectura":"3 minutos"},"schema":{"@context":"https:\/\/schema.org","@graph":[{"@type":"Article","@id":"https:\/\/www.eldiario.net\/portal\/2026\/02\/28\/ejecutivo-y-sector-productivo-trabajaran-por-la-competitividad\/#article","isPartOf":{"@id":"https:\/\/www.eldiario.net\/portal\/2026\/02\/28\/ejecutivo-y-sector-productivo-trabajaran-por-la-competitividad\/"},"author":{"name":"Jeanette","@id":"https:\/\/www.eldiario.net\/portal\/#\/schema\/person\/2c57cf2b7a7ae032e449e4c9b1019eac"},"headline":"Ejecutivo y sector productivo trabajar\u00e1n por la competitividad","datePublished":"2026-02-28T11:16:59+00:00","mainEntityOfPage":{"@id":"https:\/\/www.eldiario.net\/portal\/2026\/02\/28\/ejecutivo-y-sector-productivo-trabajaran-por-la-competitividad\/"},"wordCount":654,"publisher":{"@id":"https:\/\/www.eldiario.net\/portal\/#organization"},"image":{"@id":"https:\/\/www.eldiario.net\/portal\/2026\/02\/28\/ejecutivo-y-sector-productivo-trabajaran-por-la-competitividad\/#primaryimage"},"thumbnailUrl":"https:\/\/www.eldiario.net\/portal\/wp-content\/uploads\/2026\/02\/compe.webp","articleSection":["Econom\u00eda"],"inLanguage":"es"},{"@type":"WebPage","@id":"https:\/\/www.eldiario.net\/portal\/2026\/02\/28\/ejecutivo-y-sector-productivo-trabajaran-por-la-competitividad\/","url":"https:\/\/www.eldiario.net\/portal\/2026\/02\/28\/ejecutivo-y-sector-productivo-trabajaran-por-la-competitividad\/","name":"Ejecutivo y sector productivo trabajar\u00e1n por la competitividad - El Diario - Bolivia","isPartOf":{"@id":"https:\/\/www.eldiario.net\/portal\/#website"},"primaryImageOfPage":{"@id":"https:\/\/www.eldiario.net\/portal\/2026\/02\/28\/ejecutivo-y-sector-productivo-trabajaran-por-la-competitividad\/#primaryimage"},"image":{"@id":"https:\/\/www.eldiario.net\/portal\/2026\/02\/28\/ejecutivo-y-sector-productivo-trabajaran-por-la-competitividad\/#primaryimage"},"thumbnailUrl":"https:\/\/www.eldiario.net\/portal\/wp-content\/uploads\/2026\/02\/compe.webp","datePublished":"2026-02-28T11:16:59+00:00","breadcrumb":{"@id":"https:\/\/www.eldiario.net\/portal\/2026\/02\/28\/ejecutivo-y-sector-productivo-trabajaran-por-la-competitividad\/#breadcrumb"},"inLanguage":"es","potentialAction":[{"@type":"ReadAction","target":["https:\/\/www.eldiario.net\/portal\/2026\/02\/28\/ejecutivo-y-sector-productivo-trabajaran-por-la-competitividad\/"]}]},{"@type":"ImageObject","inLanguage":"es","@id":"https:\/\/www.eldiario.net\/portal\/2026\/02\/28\/ejecutivo-y-sector-productivo-trabajaran-por-la-competitividad\/#primaryimage","url":"https:\/\/www.eldiario.net\/portal\/wp-content\/uploads\/2026\/02\/compe.webp","contentUrl":"https:\/\/www.eldiario.net\/portal\/wp-content\/uploads\/2026\/02\/compe.webp","width":1600,"height":1066},{"@type":"BreadcrumbList","@id":"https:\/\/www.eldiario.net\/portal\/2026\/02\/28\/ejecutivo-y-sector-productivo-trabajaran-por-la-competitividad\/#breadcrumb","itemListElement":[{"@type":"ListItem","position":1,"name":"Portada","item":"https:\/\/www.eldiario.net\/portal\/"},{"@type":"ListItem","position":2,"name":"Ejecutivo y sector productivo trabajar\u00e1n por la competitividad"}]},{"@type":"WebSite","@id":"https:\/\/www.eldiario.net\/portal\/#website","url":"https:\/\/www.eldiario.net\/portal\/","name":"El Diario - Decano de la prensa nacional","description":"El Diario - Decano de la prensa nacional","publisher":{"@id":"https:\/\/www.eldiario.net\/portal\/#organization"},"potentialAction":[{"@type":"SearchAction","target":{"@type":"EntryPoint","urlTemplate":"https:\/\/www.eldiario.net\/portal\/?s={search_term_string}"},"query-input":{"@type":"PropertyValueSpecification","valueRequired":true,"valueName":"search_term_string"}}],"inLanguage":"es"},{"@type":"Organization","@id":"https:\/\/www.eldiario.net\/portal\/#organization","name":"El Diario - Decano de la prensa nacional","url":"https:\/\/www.eldiario.net\/portal\/","logo":{"@type":"ImageObject","inLanguage":"es","@id":"https:\/\/www.eldiario.net\/portal\/#\/schema\/logo\/image\/","url":"https:\/\/www.eldiario.net\/portal\/wp-content\/uploads\/2023\/07\/logo_ED.jpg","contentUrl":"https:\/\/www.eldiario.net\/portal\/wp-content\/uploads\/2023\/07\/logo_ED.jpg","width":272,"height":52,"caption":"El Diario - Decano de la prensa nacional"},"image":{"@id":"https:\/\/www.eldiario.net\/portal\/#\/schema\/logo\/image\/"},"sameAs":["https:\/\/www.facebook.com\/eldiario.bolivia\/","https:\/\/x.com\/eldiario_net"]},{"@type":"Person","@id":"https:\/\/www.eldiario.net\/portal\/#\/schema\/person\/2c57cf2b7a7ae032e449e4c9b1019eac","name":"Jeanette","image":{"@type":"ImageObject","inLanguage":"es","@id":"https:\/\/secure.gravatar.com\/avatar\/3ea2118a5f7dad2b7138b1187a6b7ee55f160b9968b66013c3a3ef39dd7e5798?s=96&d=mm&r=g","url":"https:\/\/secure.gravatar.com\/avatar\/3ea2118a5f7dad2b7138b1187a6b7ee55f160b9968b66013c3a3ef39dd7e5798?s=96&d=mm&r=g","contentUrl":"https:\/\/secure.gravatar.com\/avatar\/3ea2118a5f7dad2b7138b1187a6b7ee55f160b9968b66013c3a3ef39dd7e5798?s=96&d=mm&r=g","caption":"Jeanette"},"sameAs":["https:\/\/www.eldiario.net\/portal"],"url":"https:\/\/www.eldiario.net\/portal\/author\/jeanette\/"}]}},"_links":{"self":[{"href":"https:\/\/www.eldiario.net\/portal\/wp-json\/wp\/v2\/posts\/372057","targetHints":{"allow":["GET"]}}],"collection":[{"href":"https:\/\/www.eldiario.net\/portal\/wp-json\/wp\/v2\/posts"}],"about":[{"href":"https:\/\/www.eldiario.net\/portal\/wp-json\/wp\/v2\/types\/post"}],"author":[{"embeddable":true,"href":"https:\/\/www.eldiario.net\/portal\/wp-json\/wp\/v2\/users\/1"}],"replies":[{"embeddable":true,"href":"https:\/\/www.eldiario.net\/portal\/wp-json\/wp\/v2\/comments?post=372057"}],"version-history":[{"count":1,"href":"https:\/\/www.eldiario.net\/portal\/wp-json\/wp\/v2\/posts\/372057\/revisions"}],"predecessor-version":[{"id":372059,"href":"https:\/\/www.eldiario.net\/portal\/wp-json\/wp\/v2\/posts\/372057\/revisions\/372059"}],"wp:featuredmedia":[{"embeddable":true,"href":"https:\/\/www.eldiario.net\/portal\/wp-json\/wp\/v2\/media\/372058"}],"wp:attachment":[{"href":"https:\/\/www.eldiario.net\/portal\/wp-json\/wp\/v2\/media?parent=372057"}],"wp:term":[{"taxonomy":"category","embeddable":true,"href":"https:\/\/www.eldiario.net\/portal\/wp-json\/wp\/v2\/categories?post=372057"},{"taxonomy":"post_tag","embeddable":true,"href":"https:\/\/www.eldiario.net\/portal\/wp-json\/wp\/v2\/tags?post=372057"}],"curies":[{"name":"wp","href":"https:\/\/api.w.org\/{rel}","templated":true}]}}