{"id":369456,"date":"2026-02-19T09:15:34","date_gmt":"2026-02-19T13:15:34","guid":{"rendered":"https:\/\/www.eldiario.net\/portal\/?p=369456"},"modified":"2026-02-19T09:15:34","modified_gmt":"2026-02-19T13:15:34","slug":"sin-politicas-complementarias-el-efecto-de-los-nuevos-decretos-sera-limitado-915","status":"publish","type":"post","link":"https:\/\/www.eldiario.net\/portal\/2026\/02\/19\/sin-politicas-complementarias-el-efecto-de-los-nuevos-decretos-sera-limitado-915\/","title":{"rendered":"\u00abSin pol\u00edticas complementarias, el efecto de los nuevos decretos ser\u00e1 limitado\u00bb (9:15)"},"content":{"rendered":"<p>Seg\u00fan un an\u00e1lisis del economista Fernando Romero, los \u00faltimos decretos del Gobierno de Rodrigo Paz son una respuesta directa a la urgencia econ\u00f3mica, aunque con alcances muy distintos.<\/p>\n<p>Las medidas para la soya (DS 5547) y el petr\u00f3leo (DS 5548) funcionan como \u00abauxilios inmediatos\u00bb: el primero elimina aranceles para abaratar alimentos y el segundo permite importar crudo para evitar el desabastecimiento de combustibles.<\/p>\n<p>Romero advierte que, si bien estas decisiones frenan la inflaci\u00f3n hoy, no resuelven la falta de producci\u00f3n propia y generan una riesgosa dependencia del extranjero.<\/p>\n<p data-path-to-node=\"2\">Por otro lado, el economista destaca que el impulso a las energ\u00edas renovables (DS 5549) es la \u00fanica medida con visi\u00f3n de futuro.<\/p>\n<p>Al permitir que privados generen energ\u00eda limpia a mediana escala, se busca modernizar el sistema el\u00e9ctrico y atraer inversi\u00f3n.<\/p>\n<p>En conclusi\u00f3n, Romero sostiene que el Gobierno ha lanzado \u00absalvavidas\u00bb necesarios para el corto plazo, pero que estos ser\u00e1n insuficientes si no se acompa\u00f1an de reformas profundas en el agro y el sector de hidrocarburos.<\/p>\n","protected":false},"excerpt":{"rendered":"<p>Seg\u00fan un an\u00e1lisis del economista Fernando Romero, los \u00faltimos decretos del Gobierno de Rodrigo Paz son una respuesta directa a la urgencia econ\u00f3mica, aunque con alcances muy distintos. Las medidas para la soya (DS 5547) y el petr\u00f3leo (DS 5548) funcionan como \u00abauxilios inmediatos\u00bb: el primero elimina aranceles para abaratar alimentos y el segundo permite [&hellip;]<\/p>\n","protected":false},"author":7,"featured_media":369457,"comment_status":"closed","ping_status":"open","sticky":false,"template":"","format":"standard","meta":{"_acf_changed":false,"footnotes":""},"categories":[51],"tags":[],"class_list":["post-369456","post","type-post","status-publish","format-standard","has-post-thumbnail","category-ultima-hora"],"acf":{"antetitulo":"Advierte el economista Fernando Romero"},"yoast_head":"<!-- This site is optimized with the Yoast SEO plugin v28.4 - https:\/\/yoast.com\/product\/yoast-seo-wordpress\/ -->\n<title>&quot;Sin pol\u00edticas complementarias, el efecto de los nuevos decretos ser\u00e1 limitado&quot; (9:15) - El Diario - Bolivia<\/title>\n<meta name=\"robots\" content=\"index, follow, max-snippet:-1, max-image-preview:large, max-video-preview:-1\" \/>\n<link rel=\"canonical\" href=\"https:\/\/www.eldiario.net\/portal\/2026\/02\/19\/sin-politicas-complementarias-el-efecto-de-los-nuevos-decretos-sera-limitado-915\/\" \/>\n<meta property=\"og:locale\" content=\"es_ES\" \/>\n<meta property=\"og:type\" content=\"article\" \/>\n<meta property=\"og:title\" content=\"&quot;Sin pol\u00edticas complementarias, el efecto de los nuevos decretos ser\u00e1 limitado&quot; (9:15) - El Diario - Bolivia\" \/>\n<meta property=\"og:description\" content=\"Seg\u00fan un an\u00e1lisis del economista Fernando Romero, los \u00faltimos decretos del Gobierno de Rodrigo Paz son una respuesta directa a la urgencia econ\u00f3mica, aunque con alcances muy distintos. Las medidas para la soya (DS 5547) y el petr\u00f3leo (DS 5548) funcionan como \u00abauxilios inmediatos\u00bb: el primero elimina aranceles para abaratar alimentos y el segundo permite [&hellip;]\" \/>\n<meta property=\"og:url\" content=\"https:\/\/www.eldiario.net\/portal\/2026\/02\/19\/sin-politicas-complementarias-el-efecto-de-los-nuevos-decretos-sera-limitado-915\/\" \/>\n<meta property=\"og:site_name\" content=\"El Diario - Bolivia\" \/>\n<meta property=\"article:publisher\" content=\"https:\/\/www.facebook.com\/eldiario.bolivia\/\" \/>\n<meta property=\"article:published_time\" content=\"2026-02-19T13:15:34+00:00\" \/>\n<meta property=\"og:image\" content=\"https:\/\/www.eldiario.net\/portal\/wp-content\/uploads\/2026\/02\/energia-renovable-19.02.26-copia.webp\" \/>\n\t<meta property=\"og:image:width\" content=\"550\" \/>\n\t<meta property=\"og:image:height\" content=\"412\" \/>\n\t<meta property=\"og:image:type\" content=\"image\/webp\" \/>\n<meta name=\"author\" content=\"Viviana Monrroy\" \/>\n<meta name=\"twitter:card\" content=\"summary_large_image\" \/>\n<meta name=\"twitter:creator\" content=\"@eldiario_net\" \/>\n<meta name=\"twitter:site\" content=\"@eldiario_net\" \/>\n<meta name=\"twitter:label1\" content=\"Escrito por\" \/>\n\t<meta name=\"twitter:data1\" content=\"Viviana Monrroy\" \/>\n\t<meta name=\"twitter:label2\" content=\"Tiempo de lectura\" \/>\n\t<meta name=\"twitter:data2\" content=\"1 minuto\" \/>\n<script type=\"application\/ld+json\" class=\"yoast-schema-graph\">{\"@context\":\"https:\\\/\\\/schema.org\",\"@graph\":[{\"@type\":\"Article\",\"@id\":\"https:\\\/\\\/www.eldiario.net\\\/portal\\\/2026\\\/02\\\/19\\\/sin-politicas-complementarias-el-efecto-de-los-nuevos-decretos-sera-limitado-915\\\/#article\",\"isPartOf\":{\"@id\":\"https:\\\/\\\/www.eldiario.net\\\/portal\\\/2026\\\/02\\\/19\\\/sin-politicas-complementarias-el-efecto-de-los-nuevos-decretos-sera-limitado-915\\\/\"},\"author\":{\"name\":\"Viviana Monrroy\",\"@id\":\"https:\\\/\\\/www.eldiario.net\\\/portal\\\/#\\\/schema\\\/person\\\/32cc89e801dfcbad3a54f91da7f2ea06\"},\"headline\":\"\u00abSin pol\u00edticas complementarias, el efecto de los nuevos decretos ser\u00e1 limitado\u00bb (9:15)\",\"datePublished\":\"2026-02-19T13:15:34+00:00\",\"mainEntityOfPage\":{\"@id\":\"https:\\\/\\\/www.eldiario.net\\\/portal\\\/2026\\\/02\\\/19\\\/sin-politicas-complementarias-el-efecto-de-los-nuevos-decretos-sera-limitado-915\\\/\"},\"wordCount\":188,\"publisher\":{\"@id\":\"https:\\\/\\\/www.eldiario.net\\\/portal\\\/#organization\"},\"image\":{\"@id\":\"https:\\\/\\\/www.eldiario.net\\\/portal\\\/2026\\\/02\\\/19\\\/sin-politicas-complementarias-el-efecto-de-los-nuevos-decretos-sera-limitado-915\\\/#primaryimage\"},\"thumbnailUrl\":\"https:\\\/\\\/www.eldiario.net\\\/portal\\\/wp-content\\\/uploads\\\/2026\\\/02\\\/energia-renovable-19.02.26-copia.webp\",\"articleSection\":[\"\u00daltima Hora\"],\"inLanguage\":\"es\"},{\"@type\":\"WebPage\",\"@id\":\"https:\\\/\\\/www.eldiario.net\\\/portal\\\/2026\\\/02\\\/19\\\/sin-politicas-complementarias-el-efecto-de-los-nuevos-decretos-sera-limitado-915\\\/\",\"url\":\"https:\\\/\\\/www.eldiario.net\\\/portal\\\/2026\\\/02\\\/19\\\/sin-politicas-complementarias-el-efecto-de-los-nuevos-decretos-sera-limitado-915\\\/\",\"name\":\"\\\"Sin pol\u00edticas complementarias, el efecto de los nuevos decretos ser\u00e1 limitado\\\" (9:15) - El Diario - Bolivia\",\"isPartOf\":{\"@id\":\"https:\\\/\\\/www.eldiario.net\\\/portal\\\/#website\"},\"primaryImageOfPage\":{\"@id\":\"https:\\\/\\\/www.eldiario.net\\\/portal\\\/2026\\\/02\\\/19\\\/sin-politicas-complementarias-el-efecto-de-los-nuevos-decretos-sera-limitado-915\\\/#primaryimage\"},\"image\":{\"@id\":\"https:\\\/\\\/www.eldiario.net\\\/portal\\\/2026\\\/02\\\/19\\\/sin-politicas-complementarias-el-efecto-de-los-nuevos-decretos-sera-limitado-915\\\/#primaryimage\"},\"thumbnailUrl\":\"https:\\\/\\\/www.eldiario.net\\\/portal\\\/wp-content\\\/uploads\\\/2026\\\/02\\\/energia-renovable-19.02.26-copia.webp\",\"datePublished\":\"2026-02-19T13:15:34+00:00\",\"breadcrumb\":{\"@id\":\"https:\\\/\\\/www.eldiario.net\\\/portal\\\/2026\\\/02\\\/19\\\/sin-politicas-complementarias-el-efecto-de-los-nuevos-decretos-sera-limitado-915\\\/#breadcrumb\"},\"inLanguage\":\"es\",\"potentialAction\":[{\"@type\":\"ReadAction\",\"target\":[\"https:\\\/\\\/www.eldiario.net\\\/portal\\\/2026\\\/02\\\/19\\\/sin-politicas-complementarias-el-efecto-de-los-nuevos-decretos-sera-limitado-915\\\/\"]}]},{\"@type\":\"ImageObject\",\"inLanguage\":\"es\",\"@id\":\"https:\\\/\\\/www.eldiario.net\\\/portal\\\/2026\\\/02\\\/19\\\/sin-politicas-complementarias-el-efecto-de-los-nuevos-decretos-sera-limitado-915\\\/#primaryimage\",\"url\":\"https:\\\/\\\/www.eldiario.net\\\/portal\\\/wp-content\\\/uploads\\\/2026\\\/02\\\/energia-renovable-19.02.26-copia.webp\",\"contentUrl\":\"https:\\\/\\\/www.eldiario.net\\\/portal\\\/wp-content\\\/uploads\\\/2026\\\/02\\\/energia-renovable-19.02.26-copia.webp\",\"width\":550,\"height\":412,\"caption\":\"Foto: Referencial (RR.SS.)\"},{\"@type\":\"BreadcrumbList\",\"@id\":\"https:\\\/\\\/www.eldiario.net\\\/portal\\\/2026\\\/02\\\/19\\\/sin-politicas-complementarias-el-efecto-de-los-nuevos-decretos-sera-limitado-915\\\/#breadcrumb\",\"itemListElement\":[{\"@type\":\"ListItem\",\"position\":1,\"name\":\"Portada\",\"item\":\"https:\\\/\\\/www.eldiario.net\\\/portal\\\/\"},{\"@type\":\"ListItem\",\"position\":2,\"name\":\"\u00abSin pol\u00edticas complementarias, el efecto de los nuevos decretos ser\u00e1 limitado\u00bb (9:15)\"}]},{\"@type\":\"WebSite\",\"@id\":\"https:\\\/\\\/www.eldiario.net\\\/portal\\\/#website\",\"url\":\"https:\\\/\\\/www.eldiario.net\\\/portal\\\/\",\"name\":\"El Diario - Decano de la prensa nacional\",\"description\":\"El Diario - Decano de la prensa nacional\",\"publisher\":{\"@id\":\"https:\\\/\\\/www.eldiario.net\\\/portal\\\/#organization\"},\"potentialAction\":[{\"@type\":\"SearchAction\",\"target\":{\"@type\":\"EntryPoint\",\"urlTemplate\":\"https:\\\/\\\/www.eldiario.net\\\/portal\\\/?s={search_term_string}\"},\"query-input\":{\"@type\":\"PropertyValueSpecification\",\"valueRequired\":true,\"valueName\":\"search_term_string\"}}],\"inLanguage\":\"es\"},{\"@type\":\"Organization\",\"@id\":\"https:\\\/\\\/www.eldiario.net\\\/portal\\\/#organization\",\"name\":\"El Diario - Decano de la prensa nacional\",\"url\":\"https:\\\/\\\/www.eldiario.net\\\/portal\\\/\",\"logo\":{\"@type\":\"ImageObject\",\"inLanguage\":\"es\",\"@id\":\"https:\\\/\\\/www.eldiario.net\\\/portal\\\/#\\\/schema\\\/logo\\\/image\\\/\",\"url\":\"https:\\\/\\\/www.eldiario.net\\\/portal\\\/wp-content\\\/uploads\\\/2023\\\/07\\\/logo_ED.jpg\",\"contentUrl\":\"https:\\\/\\\/www.eldiario.net\\\/portal\\\/wp-content\\\/uploads\\\/2023\\\/07\\\/logo_ED.jpg\",\"width\":272,\"height\":52,\"caption\":\"El Diario - Decano de la prensa nacional\"},\"image\":{\"@id\":\"https:\\\/\\\/www.eldiario.net\\\/portal\\\/#\\\/schema\\\/logo\\\/image\\\/\"},\"sameAs\":[\"https:\\\/\\\/www.facebook.com\\\/eldiario.bolivia\\\/\",\"https:\\\/\\\/x.com\\\/eldiario_net\"]},{\"@type\":\"Person\",\"@id\":\"https:\\\/\\\/www.eldiario.net\\\/portal\\\/#\\\/schema\\\/person\\\/32cc89e801dfcbad3a54f91da7f2ea06\",\"name\":\"Viviana Monrroy\",\"image\":{\"@type\":\"ImageObject\",\"inLanguage\":\"es\",\"@id\":\"https:\\\/\\\/secure.gravatar.com\\\/avatar\\\/dfd1611ed5600959a0e5a9754503b6c05d1dcf190010998e0363aee2ad98afca?s=96&d=mm&r=g\",\"url\":\"https:\\\/\\\/secure.gravatar.com\\\/avatar\\\/dfd1611ed5600959a0e5a9754503b6c05d1dcf190010998e0363aee2ad98afca?s=96&d=mm&r=g\",\"contentUrl\":\"https:\\\/\\\/secure.gravatar.com\\\/avatar\\\/dfd1611ed5600959a0e5a9754503b6c05d1dcf190010998e0363aee2ad98afca?s=96&d=mm&r=g\",\"caption\":\"Viviana Monrroy\"},\"sameAs\":[\"http:\\\/\\\/www.eldiario.net\"],\"url\":\"https:\\\/\\\/www.eldiario.net\\\/portal\\\/author\\\/vivianamonrroy\\\/\"}]}<\/script>\n<!-- \/ Yoast SEO plugin. -->","yoast_head_json":{"title":"\"Sin pol\u00edticas complementarias, el efecto de los nuevos decretos ser\u00e1 limitado\" (9:15) - El Diario - Bolivia","robots":{"index":"index","follow":"follow","max-snippet":"max-snippet:-1","max-image-preview":"max-image-preview:large","max-video-preview":"max-video-preview:-1"},"canonical":"https:\/\/www.eldiario.net\/portal\/2026\/02\/19\/sin-politicas-complementarias-el-efecto-de-los-nuevos-decretos-sera-limitado-915\/","og_locale":"es_ES","og_type":"article","og_title":"\"Sin pol\u00edticas complementarias, el efecto de los nuevos decretos ser\u00e1 limitado\" (9:15) - El Diario - Bolivia","og_description":"Seg\u00fan un an\u00e1lisis del economista Fernando Romero, los \u00faltimos decretos del Gobierno de Rodrigo Paz son una respuesta directa a la urgencia econ\u00f3mica, aunque con alcances muy distintos. Las medidas para la soya (DS 5547) y el petr\u00f3leo (DS 5548) funcionan como \u00abauxilios inmediatos\u00bb: el primero elimina aranceles para abaratar alimentos y el segundo permite [&hellip;]","og_url":"https:\/\/www.eldiario.net\/portal\/2026\/02\/19\/sin-politicas-complementarias-el-efecto-de-los-nuevos-decretos-sera-limitado-915\/","og_site_name":"El Diario - Bolivia","article_publisher":"https:\/\/www.facebook.com\/eldiario.bolivia\/","article_published_time":"2026-02-19T13:15:34+00:00","og_image":[{"width":550,"height":412,"url":"https:\/\/www.eldiario.net\/portal\/wp-content\/uploads\/2026\/02\/energia-renovable-19.02.26-copia.webp","type":"image\/webp"}],"author":"Viviana Monrroy","twitter_card":"summary_large_image","twitter_creator":"@eldiario_net","twitter_site":"@eldiario_net","twitter_misc":{"Escrito por":"Viviana Monrroy","Tiempo de lectura":"1 minuto"},"schema":{"@context":"https:\/\/schema.org","@graph":[{"@type":"Article","@id":"https:\/\/www.eldiario.net\/portal\/2026\/02\/19\/sin-politicas-complementarias-el-efecto-de-los-nuevos-decretos-sera-limitado-915\/#article","isPartOf":{"@id":"https:\/\/www.eldiario.net\/portal\/2026\/02\/19\/sin-politicas-complementarias-el-efecto-de-los-nuevos-decretos-sera-limitado-915\/"},"author":{"name":"Viviana Monrroy","@id":"https:\/\/www.eldiario.net\/portal\/#\/schema\/person\/32cc89e801dfcbad3a54f91da7f2ea06"},"headline":"\u00abSin pol\u00edticas complementarias, el efecto de los nuevos decretos ser\u00e1 limitado\u00bb (9:15)","datePublished":"2026-02-19T13:15:34+00:00","mainEntityOfPage":{"@id":"https:\/\/www.eldiario.net\/portal\/2026\/02\/19\/sin-politicas-complementarias-el-efecto-de-los-nuevos-decretos-sera-limitado-915\/"},"wordCount":188,"publisher":{"@id":"https:\/\/www.eldiario.net\/portal\/#organization"},"image":{"@id":"https:\/\/www.eldiario.net\/portal\/2026\/02\/19\/sin-politicas-complementarias-el-efecto-de-los-nuevos-decretos-sera-limitado-915\/#primaryimage"},"thumbnailUrl":"https:\/\/www.eldiario.net\/portal\/wp-content\/uploads\/2026\/02\/energia-renovable-19.02.26-copia.webp","articleSection":["\u00daltima Hora"],"inLanguage":"es"},{"@type":"WebPage","@id":"https:\/\/www.eldiario.net\/portal\/2026\/02\/19\/sin-politicas-complementarias-el-efecto-de-los-nuevos-decretos-sera-limitado-915\/","url":"https:\/\/www.eldiario.net\/portal\/2026\/02\/19\/sin-politicas-complementarias-el-efecto-de-los-nuevos-decretos-sera-limitado-915\/","name":"\"Sin pol\u00edticas complementarias, el efecto de los nuevos decretos ser\u00e1 limitado\" (9:15) - El Diario - Bolivia","isPartOf":{"@id":"https:\/\/www.eldiario.net\/portal\/#website"},"primaryImageOfPage":{"@id":"https:\/\/www.eldiario.net\/portal\/2026\/02\/19\/sin-politicas-complementarias-el-efecto-de-los-nuevos-decretos-sera-limitado-915\/#primaryimage"},"image":{"@id":"https:\/\/www.eldiario.net\/portal\/2026\/02\/19\/sin-politicas-complementarias-el-efecto-de-los-nuevos-decretos-sera-limitado-915\/#primaryimage"},"thumbnailUrl":"https:\/\/www.eldiario.net\/portal\/wp-content\/uploads\/2026\/02\/energia-renovable-19.02.26-copia.webp","datePublished":"2026-02-19T13:15:34+00:00","breadcrumb":{"@id":"https:\/\/www.eldiario.net\/portal\/2026\/02\/19\/sin-politicas-complementarias-el-efecto-de-los-nuevos-decretos-sera-limitado-915\/#breadcrumb"},"inLanguage":"es","potentialAction":[{"@type":"ReadAction","target":["https:\/\/www.eldiario.net\/portal\/2026\/02\/19\/sin-politicas-complementarias-el-efecto-de-los-nuevos-decretos-sera-limitado-915\/"]}]},{"@type":"ImageObject","inLanguage":"es","@id":"https:\/\/www.eldiario.net\/portal\/2026\/02\/19\/sin-politicas-complementarias-el-efecto-de-los-nuevos-decretos-sera-limitado-915\/#primaryimage","url":"https:\/\/www.eldiario.net\/portal\/wp-content\/uploads\/2026\/02\/energia-renovable-19.02.26-copia.webp","contentUrl":"https:\/\/www.eldiario.net\/portal\/wp-content\/uploads\/2026\/02\/energia-renovable-19.02.26-copia.webp","width":550,"height":412,"caption":"Foto: Referencial (RR.SS.)"},{"@type":"BreadcrumbList","@id":"https:\/\/www.eldiario.net\/portal\/2026\/02\/19\/sin-politicas-complementarias-el-efecto-de-los-nuevos-decretos-sera-limitado-915\/#breadcrumb","itemListElement":[{"@type":"ListItem","position":1,"name":"Portada","item":"https:\/\/www.eldiario.net\/portal\/"},{"@type":"ListItem","position":2,"name":"\u00abSin pol\u00edticas complementarias, el efecto de los nuevos decretos ser\u00e1 limitado\u00bb (9:15)"}]},{"@type":"WebSite","@id":"https:\/\/www.eldiario.net\/portal\/#website","url":"https:\/\/www.eldiario.net\/portal\/","name":"El Diario - Decano de la prensa nacional","description":"El Diario - Decano de la prensa nacional","publisher":{"@id":"https:\/\/www.eldiario.net\/portal\/#organization"},"potentialAction":[{"@type":"SearchAction","target":{"@type":"EntryPoint","urlTemplate":"https:\/\/www.eldiario.net\/portal\/?s={search_term_string}"},"query-input":{"@type":"PropertyValueSpecification","valueRequired":true,"valueName":"search_term_string"}}],"inLanguage":"es"},{"@type":"Organization","@id":"https:\/\/www.eldiario.net\/portal\/#organization","name":"El Diario - Decano de la prensa nacional","url":"https:\/\/www.eldiario.net\/portal\/","logo":{"@type":"ImageObject","inLanguage":"es","@id":"https:\/\/www.eldiario.net\/portal\/#\/schema\/logo\/image\/","url":"https:\/\/www.eldiario.net\/portal\/wp-content\/uploads\/2023\/07\/logo_ED.jpg","contentUrl":"https:\/\/www.eldiario.net\/portal\/wp-content\/uploads\/2023\/07\/logo_ED.jpg","width":272,"height":52,"caption":"El Diario - Decano de la prensa nacional"},"image":{"@id":"https:\/\/www.eldiario.net\/portal\/#\/schema\/logo\/image\/"},"sameAs":["https:\/\/www.facebook.com\/eldiario.bolivia\/","https:\/\/x.com\/eldiario_net"]},{"@type":"Person","@id":"https:\/\/www.eldiario.net\/portal\/#\/schema\/person\/32cc89e801dfcbad3a54f91da7f2ea06","name":"Viviana Monrroy","image":{"@type":"ImageObject","inLanguage":"es","@id":"https:\/\/secure.gravatar.com\/avatar\/dfd1611ed5600959a0e5a9754503b6c05d1dcf190010998e0363aee2ad98afca?s=96&d=mm&r=g","url":"https:\/\/secure.gravatar.com\/avatar\/dfd1611ed5600959a0e5a9754503b6c05d1dcf190010998e0363aee2ad98afca?s=96&d=mm&r=g","contentUrl":"https:\/\/secure.gravatar.com\/avatar\/dfd1611ed5600959a0e5a9754503b6c05d1dcf190010998e0363aee2ad98afca?s=96&d=mm&r=g","caption":"Viviana Monrroy"},"sameAs":["http:\/\/www.eldiario.net"],"url":"https:\/\/www.eldiario.net\/portal\/author\/vivianamonrroy\/"}]}},"_links":{"self":[{"href":"https:\/\/www.eldiario.net\/portal\/wp-json\/wp\/v2\/posts\/369456","targetHints":{"allow":["GET"]}}],"collection":[{"href":"https:\/\/www.eldiario.net\/portal\/wp-json\/wp\/v2\/posts"}],"about":[{"href":"https:\/\/www.eldiario.net\/portal\/wp-json\/wp\/v2\/types\/post"}],"author":[{"embeddable":true,"href":"https:\/\/www.eldiario.net\/portal\/wp-json\/wp\/v2\/users\/7"}],"replies":[{"embeddable":true,"href":"https:\/\/www.eldiario.net\/portal\/wp-json\/wp\/v2\/comments?post=369456"}],"version-history":[{"count":1,"href":"https:\/\/www.eldiario.net\/portal\/wp-json\/wp\/v2\/posts\/369456\/revisions"}],"predecessor-version":[{"id":369458,"href":"https:\/\/www.eldiario.net\/portal\/wp-json\/wp\/v2\/posts\/369456\/revisions\/369458"}],"wp:featuredmedia":[{"embeddable":true,"href":"https:\/\/www.eldiario.net\/portal\/wp-json\/wp\/v2\/media\/369457"}],"wp:attachment":[{"href":"https:\/\/www.eldiario.net\/portal\/wp-json\/wp\/v2\/media?parent=369456"}],"wp:term":[{"taxonomy":"category","embeddable":true,"href":"https:\/\/www.eldiario.net\/portal\/wp-json\/wp\/v2\/categories?post=369456"},{"taxonomy":"post_tag","embeddable":true,"href":"https:\/\/www.eldiario.net\/portal\/wp-json\/wp\/v2\/tags?post=369456"}],"curies":[{"name":"wp","href":"https:\/\/api.w.org\/{rel}","templated":true}]}}