{"id":369446,"date":"2026-02-19T06:33:40","date_gmt":"2026-02-19T10:33:40","guid":{"rendered":"https:\/\/www.eldiario.net\/portal\/?p=369446"},"modified":"2026-02-19T06:33:40","modified_gmt":"2026-02-19T10:33:40","slug":"achacollo-no-se-presento-a-declarar-por-segunda-vez","status":"publish","type":"post","link":"https:\/\/www.eldiario.net\/portal\/2026\/02\/19\/achacollo-no-se-presento-a-declarar-por-segunda-vez\/","title":{"rendered":"Achacollo no se present\u00f3 a  declarar por segunda vez"},"content":{"rendered":"<p>Por segunda vez, Nemesia Achacollo, exministra de Evo Morales, no se present\u00f3 ayer a declarar ante la Fiscal\u00eda en el marco de la investigaci\u00f3n por presuntas irregularidades en el Fondo Ind\u00edgena. La exautoridad aleg\u00f3 problemas de salud y solicit\u00f3 una valoraci\u00f3n por un cardi\u00f3logo, seg\u00fan inform\u00f3 su abogado, Mirko Suaznabar.<\/p>\n<p>\u201cElla tiene un problema de salud. La comisi\u00f3n de fiscales ha dispuesto analizar los certificados m\u00e9dicos y realizar una valoraci\u00f3n por un cardi\u00f3logo del IDIF o particular, para establecer las condiciones en que esta ciudadana pueda presentarse a declarar\u201d, explic\u00f3 el abogado a los medios.<\/p>\n<p>La semana pasada, Achacollo tampoco acudi\u00f3 a la Fiscal\u00eda, argumentando problemas de salud. Su abogado indic\u00f3 que los fiscales est\u00e1n evaluando su situaci\u00f3n para una nueva reprogramaci\u00f3n.<\/p>\n<p>\u201cEstamos a la espera de que la comisi\u00f3n de fiscales realice la valoraci\u00f3n adecuada. A\u00fan no se ha se\u00f1alado nueva hora ni fecha para su declaraci\u00f3n. Estamos solicitando una valoraci\u00f3n por cardiolog\u00eda\u201d, agreg\u00f3 Suaznabar.<\/p>\n<p>Sin embargo, la Fiscal\u00eda a\u00fan no emiti\u00f3 un pronunciamiento oficial sobre la situaci\u00f3n legal de Achacollo.<\/p>\n<p>Achacollo ejerc\u00eda como ministra de Desarrollo Rural y Tierras en la gesti\u00f3n de Morales, adem\u00e1s era presidenta del directorio del Fondioc desde 2010 hasta 2015.<\/p>\n<p>Por este caso, el expresidente Luis Arce, quien en ese entonces era ministro de Econom\u00eda, cumple detenci\u00f3n preventiva desde diciembre de 2025 en la c\u00e1rcel de San Pedro de la ciudad de La Paz.<\/p>\n<p>Adem\u00e1s, es procesada la exdiputada Lidia Patty por un proyecto de producci\u00f3n de hortalizas, tomates y papa. (Unitel)<\/p>\n","protected":false},"excerpt":{"rendered":"<p>Por segunda vez, Nemesia Achacollo, exministra de Evo Morales, no se present\u00f3 ayer a declarar ante la Fiscal\u00eda en el marco de la investigaci\u00f3n por presuntas irregularidades en el Fondo Ind\u00edgena. La exautoridad aleg\u00f3 problemas de salud y solicit\u00f3 una valoraci\u00f3n por un cardi\u00f3logo, seg\u00fan inform\u00f3 su abogado, Mirko Suaznabar. \u201cElla tiene un problema de [&hellip;]<\/p>\n","protected":false},"author":1,"featured_media":369447,"comment_status":"closed","ping_status":"open","sticky":false,"template":"","format":"standard","meta":{"_acf_changed":false,"footnotes":""},"categories":[39],"tags":[],"class_list":["post-369446","post","type-post","status-publish","format-standard","has-post-thumbnail","category-sociedad"],"acf":{"antetitulo":"Caso Fondo Ind\u00edgena "},"yoast_head":"<!-- This site is optimized with the Yoast SEO plugin v28.4 - https:\/\/yoast.com\/product\/yoast-seo-wordpress\/ -->\n<title>Achacollo no se present\u00f3 a declarar por segunda vez - El Diario - Bolivia<\/title>\n<meta name=\"robots\" content=\"index, follow, max-snippet:-1, max-image-preview:large, max-video-preview:-1\" \/>\n<link rel=\"canonical\" href=\"https:\/\/www.eldiario.net\/portal\/2026\/02\/19\/achacollo-no-se-presento-a-declarar-por-segunda-vez\/\" \/>\n<meta property=\"og:locale\" content=\"es_ES\" \/>\n<meta property=\"og:type\" content=\"article\" \/>\n<meta property=\"og:title\" content=\"Achacollo no se present\u00f3 a declarar por segunda vez - El Diario - Bolivia\" \/>\n<meta property=\"og:description\" content=\"Por segunda vez, Nemesia Achacollo, exministra de Evo Morales, no se present\u00f3 ayer a declarar ante la Fiscal\u00eda en el marco de la investigaci\u00f3n por presuntas irregularidades en el Fondo Ind\u00edgena. La exautoridad aleg\u00f3 problemas de salud y solicit\u00f3 una valoraci\u00f3n por un cardi\u00f3logo, seg\u00fan inform\u00f3 su abogado, Mirko Suaznabar. \u201cElla tiene un problema de [&hellip;]\" \/>\n<meta property=\"og:url\" content=\"https:\/\/www.eldiario.net\/portal\/2026\/02\/19\/achacollo-no-se-presento-a-declarar-por-segunda-vez\/\" \/>\n<meta property=\"og:site_name\" content=\"El Diario - Bolivia\" \/>\n<meta property=\"article:publisher\" content=\"https:\/\/www.facebook.com\/eldiario.bolivia\/\" \/>\n<meta property=\"article:published_time\" content=\"2026-02-19T10:33:40+00:00\" \/>\n<meta property=\"og:image\" content=\"https:\/\/www.eldiario.net\/portal\/wp-content\/uploads\/2026\/02\/ACHA-FOTO.webp\" \/>\n\t<meta property=\"og:image:width\" content=\"1280\" \/>\n\t<meta property=\"og:image:height\" content=\"545\" \/>\n\t<meta property=\"og:image:type\" content=\"image\/webp\" \/>\n<meta name=\"author\" content=\"Jeanette\" \/>\n<meta name=\"twitter:card\" content=\"summary_large_image\" \/>\n<meta name=\"twitter:creator\" content=\"@eldiario_net\" \/>\n<meta name=\"twitter:site\" content=\"@eldiario_net\" \/>\n<meta name=\"twitter:label1\" content=\"Escrito por\" \/>\n\t<meta name=\"twitter:data1\" content=\"Jeanette\" \/>\n\t<meta name=\"twitter:label2\" content=\"Tiempo de lectura\" \/>\n\t<meta name=\"twitter:data2\" content=\"2 minutos\" \/>\n<script type=\"application\/ld+json\" class=\"yoast-schema-graph\">{\"@context\":\"https:\\\/\\\/schema.org\",\"@graph\":[{\"@type\":\"Article\",\"@id\":\"https:\\\/\\\/www.eldiario.net\\\/portal\\\/2026\\\/02\\\/19\\\/achacollo-no-se-presento-a-declarar-por-segunda-vez\\\/#article\",\"isPartOf\":{\"@id\":\"https:\\\/\\\/www.eldiario.net\\\/portal\\\/2026\\\/02\\\/19\\\/achacollo-no-se-presento-a-declarar-por-segunda-vez\\\/\"},\"author\":{\"name\":\"Jeanette\",\"@id\":\"https:\\\/\\\/www.eldiario.net\\\/portal\\\/#\\\/schema\\\/person\\\/2c57cf2b7a7ae032e449e4c9b1019eac\"},\"headline\":\"Achacollo no se present\u00f3 a declarar por segunda vez\",\"datePublished\":\"2026-02-19T10:33:40+00:00\",\"mainEntityOfPage\":{\"@id\":\"https:\\\/\\\/www.eldiario.net\\\/portal\\\/2026\\\/02\\\/19\\\/achacollo-no-se-presento-a-declarar-por-segunda-vez\\\/\"},\"wordCount\":287,\"publisher\":{\"@id\":\"https:\\\/\\\/www.eldiario.net\\\/portal\\\/#organization\"},\"image\":{\"@id\":\"https:\\\/\\\/www.eldiario.net\\\/portal\\\/2026\\\/02\\\/19\\\/achacollo-no-se-presento-a-declarar-por-segunda-vez\\\/#primaryimage\"},\"thumbnailUrl\":\"https:\\\/\\\/www.eldiario.net\\\/portal\\\/wp-content\\\/uploads\\\/2026\\\/02\\\/ACHA-FOTO.webp\",\"articleSection\":[\"Sociedad - Seguridad\"],\"inLanguage\":\"es\"},{\"@type\":\"WebPage\",\"@id\":\"https:\\\/\\\/www.eldiario.net\\\/portal\\\/2026\\\/02\\\/19\\\/achacollo-no-se-presento-a-declarar-por-segunda-vez\\\/\",\"url\":\"https:\\\/\\\/www.eldiario.net\\\/portal\\\/2026\\\/02\\\/19\\\/achacollo-no-se-presento-a-declarar-por-segunda-vez\\\/\",\"name\":\"Achacollo no se present\u00f3 a declarar por segunda vez - El Diario - Bolivia\",\"isPartOf\":{\"@id\":\"https:\\\/\\\/www.eldiario.net\\\/portal\\\/#website\"},\"primaryImageOfPage\":{\"@id\":\"https:\\\/\\\/www.eldiario.net\\\/portal\\\/2026\\\/02\\\/19\\\/achacollo-no-se-presento-a-declarar-por-segunda-vez\\\/#primaryimage\"},\"image\":{\"@id\":\"https:\\\/\\\/www.eldiario.net\\\/portal\\\/2026\\\/02\\\/19\\\/achacollo-no-se-presento-a-declarar-por-segunda-vez\\\/#primaryimage\"},\"thumbnailUrl\":\"https:\\\/\\\/www.eldiario.net\\\/portal\\\/wp-content\\\/uploads\\\/2026\\\/02\\\/ACHA-FOTO.webp\",\"datePublished\":\"2026-02-19T10:33:40+00:00\",\"breadcrumb\":{\"@id\":\"https:\\\/\\\/www.eldiario.net\\\/portal\\\/2026\\\/02\\\/19\\\/achacollo-no-se-presento-a-declarar-por-segunda-vez\\\/#breadcrumb\"},\"inLanguage\":\"es\",\"potentialAction\":[{\"@type\":\"ReadAction\",\"target\":[\"https:\\\/\\\/www.eldiario.net\\\/portal\\\/2026\\\/02\\\/19\\\/achacollo-no-se-presento-a-declarar-por-segunda-vez\\\/\"]}]},{\"@type\":\"ImageObject\",\"inLanguage\":\"es\",\"@id\":\"https:\\\/\\\/www.eldiario.net\\\/portal\\\/2026\\\/02\\\/19\\\/achacollo-no-se-presento-a-declarar-por-segunda-vez\\\/#primaryimage\",\"url\":\"https:\\\/\\\/www.eldiario.net\\\/portal\\\/wp-content\\\/uploads\\\/2026\\\/02\\\/ACHA-FOTO.webp\",\"contentUrl\":\"https:\\\/\\\/www.eldiario.net\\\/portal\\\/wp-content\\\/uploads\\\/2026\\\/02\\\/ACHA-FOTO.webp\",\"width\":1280,\"height\":545,\"caption\":\"Nemesia Achacollo, exministra de Evo Morales. Foto: RRSS\"},{\"@type\":\"BreadcrumbList\",\"@id\":\"https:\\\/\\\/www.eldiario.net\\\/portal\\\/2026\\\/02\\\/19\\\/achacollo-no-se-presento-a-declarar-por-segunda-vez\\\/#breadcrumb\",\"itemListElement\":[{\"@type\":\"ListItem\",\"position\":1,\"name\":\"Portada\",\"item\":\"https:\\\/\\\/www.eldiario.net\\\/portal\\\/\"},{\"@type\":\"ListItem\",\"position\":2,\"name\":\"Achacollo no se present\u00f3 a declarar por segunda vez\"}]},{\"@type\":\"WebSite\",\"@id\":\"https:\\\/\\\/www.eldiario.net\\\/portal\\\/#website\",\"url\":\"https:\\\/\\\/www.eldiario.net\\\/portal\\\/\",\"name\":\"El Diario - Decano de la prensa nacional\",\"description\":\"El Diario - Decano de la prensa nacional\",\"publisher\":{\"@id\":\"https:\\\/\\\/www.eldiario.net\\\/portal\\\/#organization\"},\"potentialAction\":[{\"@type\":\"SearchAction\",\"target\":{\"@type\":\"EntryPoint\",\"urlTemplate\":\"https:\\\/\\\/www.eldiario.net\\\/portal\\\/?s={search_term_string}\"},\"query-input\":{\"@type\":\"PropertyValueSpecification\",\"valueRequired\":true,\"valueName\":\"search_term_string\"}}],\"inLanguage\":\"es\"},{\"@type\":\"Organization\",\"@id\":\"https:\\\/\\\/www.eldiario.net\\\/portal\\\/#organization\",\"name\":\"El Diario - Decano de la prensa nacional\",\"url\":\"https:\\\/\\\/www.eldiario.net\\\/portal\\\/\",\"logo\":{\"@type\":\"ImageObject\",\"inLanguage\":\"es\",\"@id\":\"https:\\\/\\\/www.eldiario.net\\\/portal\\\/#\\\/schema\\\/logo\\\/image\\\/\",\"url\":\"https:\\\/\\\/www.eldiario.net\\\/portal\\\/wp-content\\\/uploads\\\/2023\\\/07\\\/logo_ED.jpg\",\"contentUrl\":\"https:\\\/\\\/www.eldiario.net\\\/portal\\\/wp-content\\\/uploads\\\/2023\\\/07\\\/logo_ED.jpg\",\"width\":272,\"height\":52,\"caption\":\"El Diario - Decano de la prensa nacional\"},\"image\":{\"@id\":\"https:\\\/\\\/www.eldiario.net\\\/portal\\\/#\\\/schema\\\/logo\\\/image\\\/\"},\"sameAs\":[\"https:\\\/\\\/www.facebook.com\\\/eldiario.bolivia\\\/\",\"https:\\\/\\\/x.com\\\/eldiario_net\"]},{\"@type\":\"Person\",\"@id\":\"https:\\\/\\\/www.eldiario.net\\\/portal\\\/#\\\/schema\\\/person\\\/2c57cf2b7a7ae032e449e4c9b1019eac\",\"name\":\"Jeanette\",\"image\":{\"@type\":\"ImageObject\",\"inLanguage\":\"es\",\"@id\":\"https:\\\/\\\/secure.gravatar.com\\\/avatar\\\/3ea2118a5f7dad2b7138b1187a6b7ee55f160b9968b66013c3a3ef39dd7e5798?s=96&d=mm&r=g\",\"url\":\"https:\\\/\\\/secure.gravatar.com\\\/avatar\\\/3ea2118a5f7dad2b7138b1187a6b7ee55f160b9968b66013c3a3ef39dd7e5798?s=96&d=mm&r=g\",\"contentUrl\":\"https:\\\/\\\/secure.gravatar.com\\\/avatar\\\/3ea2118a5f7dad2b7138b1187a6b7ee55f160b9968b66013c3a3ef39dd7e5798?s=96&d=mm&r=g\",\"caption\":\"Jeanette\"},\"sameAs\":[\"https:\\\/\\\/www.eldiario.net\\\/portal\"],\"url\":\"https:\\\/\\\/www.eldiario.net\\\/portal\\\/author\\\/jeanette\\\/\"}]}<\/script>\n<!-- \/ Yoast SEO plugin. -->","yoast_head_json":{"title":"Achacollo no se present\u00f3 a declarar por segunda vez - El Diario - Bolivia","robots":{"index":"index","follow":"follow","max-snippet":"max-snippet:-1","max-image-preview":"max-image-preview:large","max-video-preview":"max-video-preview:-1"},"canonical":"https:\/\/www.eldiario.net\/portal\/2026\/02\/19\/achacollo-no-se-presento-a-declarar-por-segunda-vez\/","og_locale":"es_ES","og_type":"article","og_title":"Achacollo no se present\u00f3 a declarar por segunda vez - El Diario - Bolivia","og_description":"Por segunda vez, Nemesia Achacollo, exministra de Evo Morales, no se present\u00f3 ayer a declarar ante la Fiscal\u00eda en el marco de la investigaci\u00f3n por presuntas irregularidades en el Fondo Ind\u00edgena. La exautoridad aleg\u00f3 problemas de salud y solicit\u00f3 una valoraci\u00f3n por un cardi\u00f3logo, seg\u00fan inform\u00f3 su abogado, Mirko Suaznabar. \u201cElla tiene un problema de [&hellip;]","og_url":"https:\/\/www.eldiario.net\/portal\/2026\/02\/19\/achacollo-no-se-presento-a-declarar-por-segunda-vez\/","og_site_name":"El Diario - Bolivia","article_publisher":"https:\/\/www.facebook.com\/eldiario.bolivia\/","article_published_time":"2026-02-19T10:33:40+00:00","og_image":[{"width":1280,"height":545,"url":"https:\/\/www.eldiario.net\/portal\/wp-content\/uploads\/2026\/02\/ACHA-FOTO.webp","type":"image\/webp"}],"author":"Jeanette","twitter_card":"summary_large_image","twitter_creator":"@eldiario_net","twitter_site":"@eldiario_net","twitter_misc":{"Escrito por":"Jeanette","Tiempo de lectura":"2 minutos"},"schema":{"@context":"https:\/\/schema.org","@graph":[{"@type":"Article","@id":"https:\/\/www.eldiario.net\/portal\/2026\/02\/19\/achacollo-no-se-presento-a-declarar-por-segunda-vez\/#article","isPartOf":{"@id":"https:\/\/www.eldiario.net\/portal\/2026\/02\/19\/achacollo-no-se-presento-a-declarar-por-segunda-vez\/"},"author":{"name":"Jeanette","@id":"https:\/\/www.eldiario.net\/portal\/#\/schema\/person\/2c57cf2b7a7ae032e449e4c9b1019eac"},"headline":"Achacollo no se present\u00f3 a declarar por segunda vez","datePublished":"2026-02-19T10:33:40+00:00","mainEntityOfPage":{"@id":"https:\/\/www.eldiario.net\/portal\/2026\/02\/19\/achacollo-no-se-presento-a-declarar-por-segunda-vez\/"},"wordCount":287,"publisher":{"@id":"https:\/\/www.eldiario.net\/portal\/#organization"},"image":{"@id":"https:\/\/www.eldiario.net\/portal\/2026\/02\/19\/achacollo-no-se-presento-a-declarar-por-segunda-vez\/#primaryimage"},"thumbnailUrl":"https:\/\/www.eldiario.net\/portal\/wp-content\/uploads\/2026\/02\/ACHA-FOTO.webp","articleSection":["Sociedad - Seguridad"],"inLanguage":"es"},{"@type":"WebPage","@id":"https:\/\/www.eldiario.net\/portal\/2026\/02\/19\/achacollo-no-se-presento-a-declarar-por-segunda-vez\/","url":"https:\/\/www.eldiario.net\/portal\/2026\/02\/19\/achacollo-no-se-presento-a-declarar-por-segunda-vez\/","name":"Achacollo no se present\u00f3 a declarar por segunda vez - El Diario - Bolivia","isPartOf":{"@id":"https:\/\/www.eldiario.net\/portal\/#website"},"primaryImageOfPage":{"@id":"https:\/\/www.eldiario.net\/portal\/2026\/02\/19\/achacollo-no-se-presento-a-declarar-por-segunda-vez\/#primaryimage"},"image":{"@id":"https:\/\/www.eldiario.net\/portal\/2026\/02\/19\/achacollo-no-se-presento-a-declarar-por-segunda-vez\/#primaryimage"},"thumbnailUrl":"https:\/\/www.eldiario.net\/portal\/wp-content\/uploads\/2026\/02\/ACHA-FOTO.webp","datePublished":"2026-02-19T10:33:40+00:00","breadcrumb":{"@id":"https:\/\/www.eldiario.net\/portal\/2026\/02\/19\/achacollo-no-se-presento-a-declarar-por-segunda-vez\/#breadcrumb"},"inLanguage":"es","potentialAction":[{"@type":"ReadAction","target":["https:\/\/www.eldiario.net\/portal\/2026\/02\/19\/achacollo-no-se-presento-a-declarar-por-segunda-vez\/"]}]},{"@type":"ImageObject","inLanguage":"es","@id":"https:\/\/www.eldiario.net\/portal\/2026\/02\/19\/achacollo-no-se-presento-a-declarar-por-segunda-vez\/#primaryimage","url":"https:\/\/www.eldiario.net\/portal\/wp-content\/uploads\/2026\/02\/ACHA-FOTO.webp","contentUrl":"https:\/\/www.eldiario.net\/portal\/wp-content\/uploads\/2026\/02\/ACHA-FOTO.webp","width":1280,"height":545,"caption":"Nemesia Achacollo, exministra de Evo Morales. Foto: RRSS"},{"@type":"BreadcrumbList","@id":"https:\/\/www.eldiario.net\/portal\/2026\/02\/19\/achacollo-no-se-presento-a-declarar-por-segunda-vez\/#breadcrumb","itemListElement":[{"@type":"ListItem","position":1,"name":"Portada","item":"https:\/\/www.eldiario.net\/portal\/"},{"@type":"ListItem","position":2,"name":"Achacollo no se present\u00f3 a declarar por segunda vez"}]},{"@type":"WebSite","@id":"https:\/\/www.eldiario.net\/portal\/#website","url":"https:\/\/www.eldiario.net\/portal\/","name":"El Diario - Decano de la prensa nacional","description":"El Diario - Decano de la prensa nacional","publisher":{"@id":"https:\/\/www.eldiario.net\/portal\/#organization"},"potentialAction":[{"@type":"SearchAction","target":{"@type":"EntryPoint","urlTemplate":"https:\/\/www.eldiario.net\/portal\/?s={search_term_string}"},"query-input":{"@type":"PropertyValueSpecification","valueRequired":true,"valueName":"search_term_string"}}],"inLanguage":"es"},{"@type":"Organization","@id":"https:\/\/www.eldiario.net\/portal\/#organization","name":"El Diario - Decano de la prensa nacional","url":"https:\/\/www.eldiario.net\/portal\/","logo":{"@type":"ImageObject","inLanguage":"es","@id":"https:\/\/www.eldiario.net\/portal\/#\/schema\/logo\/image\/","url":"https:\/\/www.eldiario.net\/portal\/wp-content\/uploads\/2023\/07\/logo_ED.jpg","contentUrl":"https:\/\/www.eldiario.net\/portal\/wp-content\/uploads\/2023\/07\/logo_ED.jpg","width":272,"height":52,"caption":"El Diario - Decano de la prensa nacional"},"image":{"@id":"https:\/\/www.eldiario.net\/portal\/#\/schema\/logo\/image\/"},"sameAs":["https:\/\/www.facebook.com\/eldiario.bolivia\/","https:\/\/x.com\/eldiario_net"]},{"@type":"Person","@id":"https:\/\/www.eldiario.net\/portal\/#\/schema\/person\/2c57cf2b7a7ae032e449e4c9b1019eac","name":"Jeanette","image":{"@type":"ImageObject","inLanguage":"es","@id":"https:\/\/secure.gravatar.com\/avatar\/3ea2118a5f7dad2b7138b1187a6b7ee55f160b9968b66013c3a3ef39dd7e5798?s=96&d=mm&r=g","url":"https:\/\/secure.gravatar.com\/avatar\/3ea2118a5f7dad2b7138b1187a6b7ee55f160b9968b66013c3a3ef39dd7e5798?s=96&d=mm&r=g","contentUrl":"https:\/\/secure.gravatar.com\/avatar\/3ea2118a5f7dad2b7138b1187a6b7ee55f160b9968b66013c3a3ef39dd7e5798?s=96&d=mm&r=g","caption":"Jeanette"},"sameAs":["https:\/\/www.eldiario.net\/portal"],"url":"https:\/\/www.eldiario.net\/portal\/author\/jeanette\/"}]}},"_links":{"self":[{"href":"https:\/\/www.eldiario.net\/portal\/wp-json\/wp\/v2\/posts\/369446","targetHints":{"allow":["GET"]}}],"collection":[{"href":"https:\/\/www.eldiario.net\/portal\/wp-json\/wp\/v2\/posts"}],"about":[{"href":"https:\/\/www.eldiario.net\/portal\/wp-json\/wp\/v2\/types\/post"}],"author":[{"embeddable":true,"href":"https:\/\/www.eldiario.net\/portal\/wp-json\/wp\/v2\/users\/1"}],"replies":[{"embeddable":true,"href":"https:\/\/www.eldiario.net\/portal\/wp-json\/wp\/v2\/comments?post=369446"}],"version-history":[{"count":1,"href":"https:\/\/www.eldiario.net\/portal\/wp-json\/wp\/v2\/posts\/369446\/revisions"}],"predecessor-version":[{"id":369448,"href":"https:\/\/www.eldiario.net\/portal\/wp-json\/wp\/v2\/posts\/369446\/revisions\/369448"}],"wp:featuredmedia":[{"embeddable":true,"href":"https:\/\/www.eldiario.net\/portal\/wp-json\/wp\/v2\/media\/369447"}],"wp:attachment":[{"href":"https:\/\/www.eldiario.net\/portal\/wp-json\/wp\/v2\/media?parent=369446"}],"wp:term":[{"taxonomy":"category","embeddable":true,"href":"https:\/\/www.eldiario.net\/portal\/wp-json\/wp\/v2\/categories?post=369446"},{"taxonomy":"post_tag","embeddable":true,"href":"https:\/\/www.eldiario.net\/portal\/wp-json\/wp\/v2\/tags?post=369446"}],"curies":[{"name":"wp","href":"https:\/\/api.w.org\/{rel}","templated":true}]}}