{"id":368283,"date":"2026-02-14T00:54:24","date_gmt":"2026-02-14T04:54:24","guid":{"rendered":"https:\/\/www.eldiario.net\/portal\/?p=368283"},"modified":"2026-02-13T23:55:17","modified_gmt":"2026-02-14T03:55:17","slug":"cuerpo-tecnico-de-la-verde-ultima-detalles-en-monterrey-para-el-repechaje","status":"publish","type":"post","link":"https:\/\/www.eldiario.net\/portal\/2026\/02\/14\/cuerpo-tecnico-de-la-verde-ultima-detalles-en-monterrey-para-el-repechaje\/","title":{"rendered":"CUERPO T\u00c9CNICO DE LA VERDE ULTIMA DETALLES EN MONTERREY PARA EL REPECHAJE"},"content":{"rendered":"<p>Una avanzada de la Selecci\u00f3n Boliviana de F\u00fatbol, se encuentra en Monterrey (M\u00e9xico), ultimando detalles log\u00edsticos para el viaje de La Verde, que el pr\u00f3ximo 26 de marzo debe jugar frente a su similar de Surinam, para el Repechaje con miras a lograr un cupo en la Copa del Mundo 2026.<br \/>\n\u201cEstamos totalmente abocados a lo que ser\u00e1 nuestra permanencia en Monterrey. Vamos a ver los campos deportivos, hoteles y traslados. La cancha en la que vamos a jugar es h\u00edbrida y debemos evaluar las mejores condiciones\u201d, se\u00f1al\u00f3 Villegas, al explicar el motivo de su viaje.<br \/>\nLOCALIDADES<br \/>\nMientras otro grupo del cuerpo t\u00e9cnico que se qued\u00f3 en Bolivia para trabajar en la lista de convocados, la Federaci\u00f3n Boliviana de F\u00fatbol, en coordinaci\u00f3n con la FIFA, anunci\u00f3 que los boletos para los partidos del repechaje mundialista en Monterrey tendr\u00e1n costos populares.<br \/>\nPara Bolivia y Surinam, programado para el 26 de marzo, los boletos estar\u00e1n disponibles desde 200 pesos mexicanos, equivalentes a $us. 11,63. En tanto, para el segundo compromiso del 31 de marzo, las entradas tendr\u00e1n un costo inicial de 300 pesos mexicanos, es decir, 17,44 d\u00f3lares. (AGENCIAS)<\/p>\n<p><img loading=\"lazy\" decoding=\"async\" class=\"alignleft size-full wp-image-368285\" src=\"https:\/\/www.eldiario.net\/portal\/wp-content\/uploads\/2026\/02\/FOTO-11A.webp\" alt=\"\" width=\"452\" height=\"408\" srcset=\"https:\/\/www.eldiario.net\/portal\/wp-content\/uploads\/2026\/02\/FOTO-11A.webp 452w, https:\/\/www.eldiario.net\/portal\/wp-content\/uploads\/2026\/02\/FOTO-11A-300x271.webp 300w, https:\/\/www.eldiario.net\/portal\/wp-content\/uploads\/2026\/02\/FOTO-11A-150x135.webp 150w\" sizes=\"auto, (max-width: 452px) 100vw, 452px\" \/><\/p>\n","protected":false},"excerpt":{"rendered":"<p>Una avanzada de la Selecci\u00f3n Boliviana de F\u00fatbol, se encuentra en Monterrey (M\u00e9xico), ultimando detalles log\u00edsticos para el viaje de La Verde, que el pr\u00f3ximo 26 de marzo debe jugar frente a su similar de Surinam, para el Repechaje con miras a lograr un cupo en la Copa del Mundo 2026. \u201cEstamos totalmente abocados a [&hellip;]<\/p>\n","protected":false},"author":1,"featured_media":368284,"comment_status":"closed","ping_status":"open","sticky":false,"template":"","format":"standard","meta":{"_acf_changed":false,"footnotes":""},"categories":[6],"tags":[],"class_list":["post-368283","post","type-post","status-publish","format-standard","has-post-thumbnail","category-deportes"],"acf":{"antetitulo":""},"yoast_head":"<!-- This site is optimized with the Yoast SEO plugin v28.4 - https:\/\/yoast.com\/product\/yoast-seo-wordpress\/ -->\n<title>CUERPO T\u00c9CNICO DE LA VERDE ULTIMA DETALLES EN MONTERREY PARA EL REPECHAJE - El Diario - Bolivia<\/title>\n<meta name=\"robots\" content=\"index, follow, max-snippet:-1, max-image-preview:large, max-video-preview:-1\" \/>\n<link rel=\"canonical\" href=\"https:\/\/www.eldiario.net\/portal\/2026\/02\/14\/cuerpo-tecnico-de-la-verde-ultima-detalles-en-monterrey-para-el-repechaje\/\" \/>\n<meta property=\"og:locale\" content=\"es_ES\" \/>\n<meta property=\"og:type\" content=\"article\" \/>\n<meta property=\"og:title\" content=\"CUERPO T\u00c9CNICO DE LA VERDE ULTIMA DETALLES EN MONTERREY PARA EL REPECHAJE - El Diario - Bolivia\" \/>\n<meta property=\"og:description\" content=\"Una avanzada de la Selecci\u00f3n Boliviana de F\u00fatbol, se encuentra en Monterrey (M\u00e9xico), ultimando detalles log\u00edsticos para el viaje de La Verde, que el pr\u00f3ximo 26 de marzo debe jugar frente a su similar de Surinam, para el Repechaje con miras a lograr un cupo en la Copa del Mundo 2026. \u201cEstamos totalmente abocados a [&hellip;]\" \/>\n<meta property=\"og:url\" content=\"https:\/\/www.eldiario.net\/portal\/2026\/02\/14\/cuerpo-tecnico-de-la-verde-ultima-detalles-en-monterrey-para-el-repechaje\/\" \/>\n<meta property=\"og:site_name\" content=\"El Diario - Bolivia\" \/>\n<meta property=\"article:publisher\" content=\"https:\/\/www.facebook.com\/eldiario.bolivia\/\" \/>\n<meta property=\"article:published_time\" content=\"2026-02-14T04:54:24+00:00\" \/>\n<meta property=\"og:image\" content=\"https:\/\/www.eldiario.net\/portal\/wp-content\/uploads\/2026\/02\/FOTO-11B.webp\" \/>\n\t<meta property=\"og:image:width\" content=\"1200\" \/>\n\t<meta property=\"og:image:height\" content=\"841\" \/>\n\t<meta property=\"og:image:type\" content=\"image\/webp\" \/>\n<meta name=\"author\" content=\"Jeanette\" \/>\n<meta name=\"twitter:card\" content=\"summary_large_image\" \/>\n<meta name=\"twitter:creator\" content=\"@eldiario_net\" \/>\n<meta name=\"twitter:site\" content=\"@eldiario_net\" \/>\n<meta name=\"twitter:label1\" content=\"Escrito por\" \/>\n\t<meta name=\"twitter:data1\" content=\"Jeanette\" \/>\n\t<meta name=\"twitter:label2\" content=\"Tiempo de lectura\" \/>\n\t<meta name=\"twitter:data2\" content=\"2 minutos\" \/>\n<script type=\"application\/ld+json\" class=\"yoast-schema-graph\">{\"@context\":\"https:\\\/\\\/schema.org\",\"@graph\":[{\"@type\":\"Article\",\"@id\":\"https:\\\/\\\/www.eldiario.net\\\/portal\\\/2026\\\/02\\\/14\\\/cuerpo-tecnico-de-la-verde-ultima-detalles-en-monterrey-para-el-repechaje\\\/#article\",\"isPartOf\":{\"@id\":\"https:\\\/\\\/www.eldiario.net\\\/portal\\\/2026\\\/02\\\/14\\\/cuerpo-tecnico-de-la-verde-ultima-detalles-en-monterrey-para-el-repechaje\\\/\"},\"author\":{\"name\":\"Jeanette\",\"@id\":\"https:\\\/\\\/www.eldiario.net\\\/portal\\\/#\\\/schema\\\/person\\\/2c57cf2b7a7ae032e449e4c9b1019eac\"},\"headline\":\"CUERPO T\u00c9CNICO DE LA VERDE ULTIMA DETALLES EN MONTERREY PARA EL REPECHAJE\",\"datePublished\":\"2026-02-14T04:54:24+00:00\",\"mainEntityOfPage\":{\"@id\":\"https:\\\/\\\/www.eldiario.net\\\/portal\\\/2026\\\/02\\\/14\\\/cuerpo-tecnico-de-la-verde-ultima-detalles-en-monterrey-para-el-repechaje\\\/\"},\"wordCount\":207,\"publisher\":{\"@id\":\"https:\\\/\\\/www.eldiario.net\\\/portal\\\/#organization\"},\"image\":{\"@id\":\"https:\\\/\\\/www.eldiario.net\\\/portal\\\/2026\\\/02\\\/14\\\/cuerpo-tecnico-de-la-verde-ultima-detalles-en-monterrey-para-el-repechaje\\\/#primaryimage\"},\"thumbnailUrl\":\"https:\\\/\\\/www.eldiario.net\\\/portal\\\/wp-content\\\/uploads\\\/2026\\\/02\\\/FOTO-11B.webp\",\"articleSection\":[\"Deportes\"],\"inLanguage\":\"es\"},{\"@type\":\"WebPage\",\"@id\":\"https:\\\/\\\/www.eldiario.net\\\/portal\\\/2026\\\/02\\\/14\\\/cuerpo-tecnico-de-la-verde-ultima-detalles-en-monterrey-para-el-repechaje\\\/\",\"url\":\"https:\\\/\\\/www.eldiario.net\\\/portal\\\/2026\\\/02\\\/14\\\/cuerpo-tecnico-de-la-verde-ultima-detalles-en-monterrey-para-el-repechaje\\\/\",\"name\":\"CUERPO T\u00c9CNICO DE LA VERDE ULTIMA DETALLES EN MONTERREY PARA EL REPECHAJE - El Diario - Bolivia\",\"isPartOf\":{\"@id\":\"https:\\\/\\\/www.eldiario.net\\\/portal\\\/#website\"},\"primaryImageOfPage\":{\"@id\":\"https:\\\/\\\/www.eldiario.net\\\/portal\\\/2026\\\/02\\\/14\\\/cuerpo-tecnico-de-la-verde-ultima-detalles-en-monterrey-para-el-repechaje\\\/#primaryimage\"},\"image\":{\"@id\":\"https:\\\/\\\/www.eldiario.net\\\/portal\\\/2026\\\/02\\\/14\\\/cuerpo-tecnico-de-la-verde-ultima-detalles-en-monterrey-para-el-repechaje\\\/#primaryimage\"},\"thumbnailUrl\":\"https:\\\/\\\/www.eldiario.net\\\/portal\\\/wp-content\\\/uploads\\\/2026\\\/02\\\/FOTO-11B.webp\",\"datePublished\":\"2026-02-14T04:54:24+00:00\",\"breadcrumb\":{\"@id\":\"https:\\\/\\\/www.eldiario.net\\\/portal\\\/2026\\\/02\\\/14\\\/cuerpo-tecnico-de-la-verde-ultima-detalles-en-monterrey-para-el-repechaje\\\/#breadcrumb\"},\"inLanguage\":\"es\",\"potentialAction\":[{\"@type\":\"ReadAction\",\"target\":[\"https:\\\/\\\/www.eldiario.net\\\/portal\\\/2026\\\/02\\\/14\\\/cuerpo-tecnico-de-la-verde-ultima-detalles-en-monterrey-para-el-repechaje\\\/\"]}]},{\"@type\":\"ImageObject\",\"inLanguage\":\"es\",\"@id\":\"https:\\\/\\\/www.eldiario.net\\\/portal\\\/2026\\\/02\\\/14\\\/cuerpo-tecnico-de-la-verde-ultima-detalles-en-monterrey-para-el-repechaje\\\/#primaryimage\",\"url\":\"https:\\\/\\\/www.eldiario.net\\\/portal\\\/wp-content\\\/uploads\\\/2026\\\/02\\\/FOTO-11B.webp\",\"contentUrl\":\"https:\\\/\\\/www.eldiario.net\\\/portal\\\/wp-content\\\/uploads\\\/2026\\\/02\\\/FOTO-11B.webp\",\"width\":1200,\"height\":841},{\"@type\":\"BreadcrumbList\",\"@id\":\"https:\\\/\\\/www.eldiario.net\\\/portal\\\/2026\\\/02\\\/14\\\/cuerpo-tecnico-de-la-verde-ultima-detalles-en-monterrey-para-el-repechaje\\\/#breadcrumb\",\"itemListElement\":[{\"@type\":\"ListItem\",\"position\":1,\"name\":\"Portada\",\"item\":\"https:\\\/\\\/www.eldiario.net\\\/portal\\\/\"},{\"@type\":\"ListItem\",\"position\":2,\"name\":\"CUERPO T\u00c9CNICO DE LA VERDE ULTIMA DETALLES EN MONTERREY PARA EL REPECHAJE\"}]},{\"@type\":\"WebSite\",\"@id\":\"https:\\\/\\\/www.eldiario.net\\\/portal\\\/#website\",\"url\":\"https:\\\/\\\/www.eldiario.net\\\/portal\\\/\",\"name\":\"El Diario - Decano de la prensa nacional\",\"description\":\"El Diario - Decano de la prensa nacional\",\"publisher\":{\"@id\":\"https:\\\/\\\/www.eldiario.net\\\/portal\\\/#organization\"},\"potentialAction\":[{\"@type\":\"SearchAction\",\"target\":{\"@type\":\"EntryPoint\",\"urlTemplate\":\"https:\\\/\\\/www.eldiario.net\\\/portal\\\/?s={search_term_string}\"},\"query-input\":{\"@type\":\"PropertyValueSpecification\",\"valueRequired\":true,\"valueName\":\"search_term_string\"}}],\"inLanguage\":\"es\"},{\"@type\":\"Organization\",\"@id\":\"https:\\\/\\\/www.eldiario.net\\\/portal\\\/#organization\",\"name\":\"El Diario - Decano de la prensa nacional\",\"url\":\"https:\\\/\\\/www.eldiario.net\\\/portal\\\/\",\"logo\":{\"@type\":\"ImageObject\",\"inLanguage\":\"es\",\"@id\":\"https:\\\/\\\/www.eldiario.net\\\/portal\\\/#\\\/schema\\\/logo\\\/image\\\/\",\"url\":\"https:\\\/\\\/www.eldiario.net\\\/portal\\\/wp-content\\\/uploads\\\/2023\\\/07\\\/logo_ED.jpg\",\"contentUrl\":\"https:\\\/\\\/www.eldiario.net\\\/portal\\\/wp-content\\\/uploads\\\/2023\\\/07\\\/logo_ED.jpg\",\"width\":272,\"height\":52,\"caption\":\"El Diario - Decano de la prensa nacional\"},\"image\":{\"@id\":\"https:\\\/\\\/www.eldiario.net\\\/portal\\\/#\\\/schema\\\/logo\\\/image\\\/\"},\"sameAs\":[\"https:\\\/\\\/www.facebook.com\\\/eldiario.bolivia\\\/\",\"https:\\\/\\\/x.com\\\/eldiario_net\"]},{\"@type\":\"Person\",\"@id\":\"https:\\\/\\\/www.eldiario.net\\\/portal\\\/#\\\/schema\\\/person\\\/2c57cf2b7a7ae032e449e4c9b1019eac\",\"name\":\"Jeanette\",\"image\":{\"@type\":\"ImageObject\",\"inLanguage\":\"es\",\"@id\":\"https:\\\/\\\/secure.gravatar.com\\\/avatar\\\/3ea2118a5f7dad2b7138b1187a6b7ee55f160b9968b66013c3a3ef39dd7e5798?s=96&d=mm&r=g\",\"url\":\"https:\\\/\\\/secure.gravatar.com\\\/avatar\\\/3ea2118a5f7dad2b7138b1187a6b7ee55f160b9968b66013c3a3ef39dd7e5798?s=96&d=mm&r=g\",\"contentUrl\":\"https:\\\/\\\/secure.gravatar.com\\\/avatar\\\/3ea2118a5f7dad2b7138b1187a6b7ee55f160b9968b66013c3a3ef39dd7e5798?s=96&d=mm&r=g\",\"caption\":\"Jeanette\"},\"sameAs\":[\"https:\\\/\\\/www.eldiario.net\\\/portal\"],\"url\":\"https:\\\/\\\/www.eldiario.net\\\/portal\\\/author\\\/jeanette\\\/\"}]}<\/script>\n<!-- \/ Yoast SEO plugin. -->","yoast_head_json":{"title":"CUERPO T\u00c9CNICO DE LA VERDE ULTIMA DETALLES EN MONTERREY PARA EL REPECHAJE - El Diario - Bolivia","robots":{"index":"index","follow":"follow","max-snippet":"max-snippet:-1","max-image-preview":"max-image-preview:large","max-video-preview":"max-video-preview:-1"},"canonical":"https:\/\/www.eldiario.net\/portal\/2026\/02\/14\/cuerpo-tecnico-de-la-verde-ultima-detalles-en-monterrey-para-el-repechaje\/","og_locale":"es_ES","og_type":"article","og_title":"CUERPO T\u00c9CNICO DE LA VERDE ULTIMA DETALLES EN MONTERREY PARA EL REPECHAJE - El Diario - Bolivia","og_description":"Una avanzada de la Selecci\u00f3n Boliviana de F\u00fatbol, se encuentra en Monterrey (M\u00e9xico), ultimando detalles log\u00edsticos para el viaje de La Verde, que el pr\u00f3ximo 26 de marzo debe jugar frente a su similar de Surinam, para el Repechaje con miras a lograr un cupo en la Copa del Mundo 2026. \u201cEstamos totalmente abocados a [&hellip;]","og_url":"https:\/\/www.eldiario.net\/portal\/2026\/02\/14\/cuerpo-tecnico-de-la-verde-ultima-detalles-en-monterrey-para-el-repechaje\/","og_site_name":"El Diario - Bolivia","article_publisher":"https:\/\/www.facebook.com\/eldiario.bolivia\/","article_published_time":"2026-02-14T04:54:24+00:00","og_image":[{"width":1200,"height":841,"url":"https:\/\/www.eldiario.net\/portal\/wp-content\/uploads\/2026\/02\/FOTO-11B.webp","type":"image\/webp"}],"author":"Jeanette","twitter_card":"summary_large_image","twitter_creator":"@eldiario_net","twitter_site":"@eldiario_net","twitter_misc":{"Escrito por":"Jeanette","Tiempo de lectura":"2 minutos"},"schema":{"@context":"https:\/\/schema.org","@graph":[{"@type":"Article","@id":"https:\/\/www.eldiario.net\/portal\/2026\/02\/14\/cuerpo-tecnico-de-la-verde-ultima-detalles-en-monterrey-para-el-repechaje\/#article","isPartOf":{"@id":"https:\/\/www.eldiario.net\/portal\/2026\/02\/14\/cuerpo-tecnico-de-la-verde-ultima-detalles-en-monterrey-para-el-repechaje\/"},"author":{"name":"Jeanette","@id":"https:\/\/www.eldiario.net\/portal\/#\/schema\/person\/2c57cf2b7a7ae032e449e4c9b1019eac"},"headline":"CUERPO T\u00c9CNICO DE LA VERDE ULTIMA DETALLES EN MONTERREY PARA EL REPECHAJE","datePublished":"2026-02-14T04:54:24+00:00","mainEntityOfPage":{"@id":"https:\/\/www.eldiario.net\/portal\/2026\/02\/14\/cuerpo-tecnico-de-la-verde-ultima-detalles-en-monterrey-para-el-repechaje\/"},"wordCount":207,"publisher":{"@id":"https:\/\/www.eldiario.net\/portal\/#organization"},"image":{"@id":"https:\/\/www.eldiario.net\/portal\/2026\/02\/14\/cuerpo-tecnico-de-la-verde-ultima-detalles-en-monterrey-para-el-repechaje\/#primaryimage"},"thumbnailUrl":"https:\/\/www.eldiario.net\/portal\/wp-content\/uploads\/2026\/02\/FOTO-11B.webp","articleSection":["Deportes"],"inLanguage":"es"},{"@type":"WebPage","@id":"https:\/\/www.eldiario.net\/portal\/2026\/02\/14\/cuerpo-tecnico-de-la-verde-ultima-detalles-en-monterrey-para-el-repechaje\/","url":"https:\/\/www.eldiario.net\/portal\/2026\/02\/14\/cuerpo-tecnico-de-la-verde-ultima-detalles-en-monterrey-para-el-repechaje\/","name":"CUERPO T\u00c9CNICO DE LA VERDE ULTIMA DETALLES EN MONTERREY PARA EL REPECHAJE - El Diario - Bolivia","isPartOf":{"@id":"https:\/\/www.eldiario.net\/portal\/#website"},"primaryImageOfPage":{"@id":"https:\/\/www.eldiario.net\/portal\/2026\/02\/14\/cuerpo-tecnico-de-la-verde-ultima-detalles-en-monterrey-para-el-repechaje\/#primaryimage"},"image":{"@id":"https:\/\/www.eldiario.net\/portal\/2026\/02\/14\/cuerpo-tecnico-de-la-verde-ultima-detalles-en-monterrey-para-el-repechaje\/#primaryimage"},"thumbnailUrl":"https:\/\/www.eldiario.net\/portal\/wp-content\/uploads\/2026\/02\/FOTO-11B.webp","datePublished":"2026-02-14T04:54:24+00:00","breadcrumb":{"@id":"https:\/\/www.eldiario.net\/portal\/2026\/02\/14\/cuerpo-tecnico-de-la-verde-ultima-detalles-en-monterrey-para-el-repechaje\/#breadcrumb"},"inLanguage":"es","potentialAction":[{"@type":"ReadAction","target":["https:\/\/www.eldiario.net\/portal\/2026\/02\/14\/cuerpo-tecnico-de-la-verde-ultima-detalles-en-monterrey-para-el-repechaje\/"]}]},{"@type":"ImageObject","inLanguage":"es","@id":"https:\/\/www.eldiario.net\/portal\/2026\/02\/14\/cuerpo-tecnico-de-la-verde-ultima-detalles-en-monterrey-para-el-repechaje\/#primaryimage","url":"https:\/\/www.eldiario.net\/portal\/wp-content\/uploads\/2026\/02\/FOTO-11B.webp","contentUrl":"https:\/\/www.eldiario.net\/portal\/wp-content\/uploads\/2026\/02\/FOTO-11B.webp","width":1200,"height":841},{"@type":"BreadcrumbList","@id":"https:\/\/www.eldiario.net\/portal\/2026\/02\/14\/cuerpo-tecnico-de-la-verde-ultima-detalles-en-monterrey-para-el-repechaje\/#breadcrumb","itemListElement":[{"@type":"ListItem","position":1,"name":"Portada","item":"https:\/\/www.eldiario.net\/portal\/"},{"@type":"ListItem","position":2,"name":"CUERPO T\u00c9CNICO DE LA VERDE ULTIMA DETALLES EN MONTERREY PARA EL REPECHAJE"}]},{"@type":"WebSite","@id":"https:\/\/www.eldiario.net\/portal\/#website","url":"https:\/\/www.eldiario.net\/portal\/","name":"El Diario - Decano de la prensa nacional","description":"El Diario - Decano de la prensa nacional","publisher":{"@id":"https:\/\/www.eldiario.net\/portal\/#organization"},"potentialAction":[{"@type":"SearchAction","target":{"@type":"EntryPoint","urlTemplate":"https:\/\/www.eldiario.net\/portal\/?s={search_term_string}"},"query-input":{"@type":"PropertyValueSpecification","valueRequired":true,"valueName":"search_term_string"}}],"inLanguage":"es"},{"@type":"Organization","@id":"https:\/\/www.eldiario.net\/portal\/#organization","name":"El Diario - Decano de la prensa nacional","url":"https:\/\/www.eldiario.net\/portal\/","logo":{"@type":"ImageObject","inLanguage":"es","@id":"https:\/\/www.eldiario.net\/portal\/#\/schema\/logo\/image\/","url":"https:\/\/www.eldiario.net\/portal\/wp-content\/uploads\/2023\/07\/logo_ED.jpg","contentUrl":"https:\/\/www.eldiario.net\/portal\/wp-content\/uploads\/2023\/07\/logo_ED.jpg","width":272,"height":52,"caption":"El Diario - Decano de la prensa nacional"},"image":{"@id":"https:\/\/www.eldiario.net\/portal\/#\/schema\/logo\/image\/"},"sameAs":["https:\/\/www.facebook.com\/eldiario.bolivia\/","https:\/\/x.com\/eldiario_net"]},{"@type":"Person","@id":"https:\/\/www.eldiario.net\/portal\/#\/schema\/person\/2c57cf2b7a7ae032e449e4c9b1019eac","name":"Jeanette","image":{"@type":"ImageObject","inLanguage":"es","@id":"https:\/\/secure.gravatar.com\/avatar\/3ea2118a5f7dad2b7138b1187a6b7ee55f160b9968b66013c3a3ef39dd7e5798?s=96&d=mm&r=g","url":"https:\/\/secure.gravatar.com\/avatar\/3ea2118a5f7dad2b7138b1187a6b7ee55f160b9968b66013c3a3ef39dd7e5798?s=96&d=mm&r=g","contentUrl":"https:\/\/secure.gravatar.com\/avatar\/3ea2118a5f7dad2b7138b1187a6b7ee55f160b9968b66013c3a3ef39dd7e5798?s=96&d=mm&r=g","caption":"Jeanette"},"sameAs":["https:\/\/www.eldiario.net\/portal"],"url":"https:\/\/www.eldiario.net\/portal\/author\/jeanette\/"}]}},"_links":{"self":[{"href":"https:\/\/www.eldiario.net\/portal\/wp-json\/wp\/v2\/posts\/368283","targetHints":{"allow":["GET"]}}],"collection":[{"href":"https:\/\/www.eldiario.net\/portal\/wp-json\/wp\/v2\/posts"}],"about":[{"href":"https:\/\/www.eldiario.net\/portal\/wp-json\/wp\/v2\/types\/post"}],"author":[{"embeddable":true,"href":"https:\/\/www.eldiario.net\/portal\/wp-json\/wp\/v2\/users\/1"}],"replies":[{"embeddable":true,"href":"https:\/\/www.eldiario.net\/portal\/wp-json\/wp\/v2\/comments?post=368283"}],"version-history":[{"count":1,"href":"https:\/\/www.eldiario.net\/portal\/wp-json\/wp\/v2\/posts\/368283\/revisions"}],"predecessor-version":[{"id":368286,"href":"https:\/\/www.eldiario.net\/portal\/wp-json\/wp\/v2\/posts\/368283\/revisions\/368286"}],"wp:featuredmedia":[{"embeddable":true,"href":"https:\/\/www.eldiario.net\/portal\/wp-json\/wp\/v2\/media\/368284"}],"wp:attachment":[{"href":"https:\/\/www.eldiario.net\/portal\/wp-json\/wp\/v2\/media?parent=368283"}],"wp:term":[{"taxonomy":"category","embeddable":true,"href":"https:\/\/www.eldiario.net\/portal\/wp-json\/wp\/v2\/categories?post=368283"},{"taxonomy":"post_tag","embeddable":true,"href":"https:\/\/www.eldiario.net\/portal\/wp-json\/wp\/v2\/tags?post=368283"}],"curies":[{"name":"wp","href":"https:\/\/api.w.org\/{rel}","templated":true}]}}