{"id":366154,"date":"2026-02-06T06:01:00","date_gmt":"2026-02-06T10:01:00","guid":{"rendered":"https:\/\/www.eldiario.net\/portal\/?p=366154"},"modified":"2026-02-06T06:01:00","modified_gmt":"2026-02-06T10:01:00","slug":"proxima-visita-del-papa-impulsara-a-peru-como-ruta-turistica-religiosa","status":"publish","type":"post","link":"https:\/\/www.eldiario.net\/portal\/2026\/02\/06\/proxima-visita-del-papa-impulsara-a-peru-como-ruta-turistica-religiosa\/","title":{"rendered":"Pr\u00f3xima visita del Papa impulsar\u00e1  a Per\u00fa como ruta tur\u00edstica religiosa"},"content":{"rendered":"<p class=\"v1MsoNormal\"><span lang=\"ES-BO\">La anunciada visita al Per\u00fa del papa Le\u00f3n XIV, prevista para los \u00faltimos meses de 2026, fue recibida por el Gobierno como una oportunidad de alto impacto para posicionar al pa\u00eds en el mapa del turismo religioso internacional.<\/span><\/p>\n<p class=\"v1MsoNormal\"><span lang=\"ES-BO\">La ministra de Comercio Exterior y Turismo, Teresa Mera, se\u00f1al\u00f3 que este acontecimiento no solo tiene una dimensi\u00f3n espiritual, sino tambi\u00e9n econ\u00f3mica y cultural.<\/span><\/p>\n<p class=\"v1MsoNormal\"><span lang=\"ES-BO\">Seg\u00fan explic\u00f3, el Estado viene coordinando acciones anticipadas desde el Ministerio de Comercio Exterior y Turismo para asegurar condiciones adecuadas de infraestructura y servicios tur\u00edsticos.<\/span><\/p>\n<p class=\"v1MsoNormal\"><span lang=\"ES-BO\">Mera subray\u00f3 que el turismo religioso representa cerca del 20% del movimiento tur\u00edstico mundial y que, en el caso peruano, existe un amplio margen de crecimiento gracias a la combinaci\u00f3n de patrimonio hist\u00f3rico, tradici\u00f3n religiosa e identidad territorial.<\/span><\/p>\n<p class=\"v1MsoNormal\"><span lang=\"ES-BO\">Este enfoque, afirm\u00f3, permite generar empleo y desarrollo sostenible en diversas regiones.<\/span><\/p>\n<p class=\"v1MsoNormal\"><span lang=\"ES-BO\">En ese contexto, el Ejecutivo impulsa La Ruta de Le\u00f3n, una iniciativa multisectorial que articula a gobiernos regionales y locales, la Iglesia cat\u00f3lica y el sector privado.<\/span><\/p>\n<p class=\"v1MsoNormal\"><span lang=\"ES-BO\">El circuito integra 38 recursos tur\u00edsticos, principalmente iglesias y santuarios, en Lambayeque, Piura, La Libertad y el Callao, junto con atractivos culturales y naturales.<\/span><\/p>\n<p class=\"v1MsoNormal\"><span lang=\"ES-BO\">Como parte de esta estrategia, en Chiclayo se inaugur\u00f3 recientemente la muestra museogr\u00e1fica permanente Por los Caminos de Le\u00f3n XIV, concebida para reforzar la experiencia del visitante y consolidar la identidad local ante la eventual llegada del pont\u00edfice.(Per\u00fa21)<\/span><\/p>\n<p class=\"v1MsoNormal\"><span lang=\"ES-BO\">\u00a0<\/span><\/p>\n","protected":false},"excerpt":{"rendered":"<p>La anunciada visita al Per\u00fa del papa Le\u00f3n XIV, prevista para los \u00faltimos meses de 2026, fue recibida por el Gobierno como una oportunidad de alto impacto para posicionar al pa\u00eds en el mapa del turismo religioso internacional. La ministra de Comercio Exterior y Turismo, Teresa Mera, se\u00f1al\u00f3 que este acontecimiento no solo tiene una [&hellip;]<\/p>\n","protected":false},"author":1,"featured_media":366155,"comment_status":"closed","ping_status":"open","sticky":false,"template":"","format":"standard","meta":{"_acf_changed":false,"footnotes":""},"categories":[3],"tags":[],"class_list":["post-366154","post","type-post","status-publish","format-standard","has-post-thumbnail","category-internacional"],"acf":{"antetitulo":""},"yoast_head":"<!-- This site is optimized with the Yoast SEO plugin v28.3 - https:\/\/yoast.com\/product\/yoast-seo-wordpress\/ -->\n<title>Pr\u00f3xima visita del Papa impulsar\u00e1 a Per\u00fa como ruta tur\u00edstica religiosa - El Diario - Bolivia<\/title>\n<meta name=\"robots\" content=\"index, follow, max-snippet:-1, max-image-preview:large, max-video-preview:-1\" \/>\n<link rel=\"canonical\" href=\"https:\/\/www.eldiario.net\/portal\/2026\/02\/06\/proxima-visita-del-papa-impulsara-a-peru-como-ruta-turistica-religiosa\/\" \/>\n<meta property=\"og:locale\" content=\"es_ES\" \/>\n<meta property=\"og:type\" content=\"article\" \/>\n<meta property=\"og:title\" content=\"Pr\u00f3xima visita del Papa impulsar\u00e1 a Per\u00fa como ruta tur\u00edstica religiosa - El Diario - Bolivia\" \/>\n<meta property=\"og:description\" content=\"La anunciada visita al Per\u00fa del papa Le\u00f3n XIV, prevista para los \u00faltimos meses de 2026, fue recibida por el Gobierno como una oportunidad de alto impacto para posicionar al pa\u00eds en el mapa del turismo religioso internacional. La ministra de Comercio Exterior y Turismo, Teresa Mera, se\u00f1al\u00f3 que este acontecimiento no solo tiene una [&hellip;]\" \/>\n<meta property=\"og:url\" content=\"https:\/\/www.eldiario.net\/portal\/2026\/02\/06\/proxima-visita-del-papa-impulsara-a-peru-como-ruta-turistica-religiosa\/\" \/>\n<meta property=\"og:site_name\" content=\"El Diario - Bolivia\" \/>\n<meta property=\"article:publisher\" content=\"https:\/\/www.facebook.com\/eldiario.bolivia\/\" \/>\n<meta property=\"article:published_time\" content=\"2026-02-06T10:01:00+00:00\" \/>\n<meta property=\"og:image\" content=\"https:\/\/www.eldiario.net\/portal\/wp-content\/uploads\/2026\/02\/PERU-NPR.webp\" \/>\n\t<meta property=\"og:image:width\" content=\"1100\" \/>\n\t<meta property=\"og:image:height\" content=\"734\" \/>\n\t<meta property=\"og:image:type\" content=\"image\/webp\" \/>\n<meta name=\"author\" content=\"Jeanette\" \/>\n<meta name=\"twitter:card\" content=\"summary_large_image\" \/>\n<meta name=\"twitter:creator\" content=\"@eldiario_net\" \/>\n<meta name=\"twitter:site\" content=\"@eldiario_net\" \/>\n<meta name=\"twitter:label1\" content=\"Escrito por\" \/>\n\t<meta name=\"twitter:data1\" content=\"Jeanette\" \/>\n\t<meta name=\"twitter:label2\" content=\"Tiempo de lectura\" \/>\n\t<meta name=\"twitter:data2\" content=\"2 minutos\" \/>\n<script type=\"application\/ld+json\" class=\"yoast-schema-graph\">{\"@context\":\"https:\\\/\\\/schema.org\",\"@graph\":[{\"@type\":\"Article\",\"@id\":\"https:\\\/\\\/www.eldiario.net\\\/portal\\\/2026\\\/02\\\/06\\\/proxima-visita-del-papa-impulsara-a-peru-como-ruta-turistica-religiosa\\\/#article\",\"isPartOf\":{\"@id\":\"https:\\\/\\\/www.eldiario.net\\\/portal\\\/2026\\\/02\\\/06\\\/proxima-visita-del-papa-impulsara-a-peru-como-ruta-turistica-religiosa\\\/\"},\"author\":{\"name\":\"Jeanette\",\"@id\":\"https:\\\/\\\/www.eldiario.net\\\/portal\\\/#\\\/schema\\\/person\\\/f46445640444750d7d753ccd04ae01b7\"},\"headline\":\"Pr\u00f3xima visita del Papa impulsar\u00e1 a Per\u00fa como ruta tur\u00edstica religiosa\",\"datePublished\":\"2026-02-06T10:01:00+00:00\",\"mainEntityOfPage\":{\"@id\":\"https:\\\/\\\/www.eldiario.net\\\/portal\\\/2026\\\/02\\\/06\\\/proxima-visita-del-papa-impulsara-a-peru-como-ruta-turistica-religiosa\\\/\"},\"wordCount\":255,\"publisher\":{\"@id\":\"https:\\\/\\\/www.eldiario.net\\\/portal\\\/#organization\"},\"image\":{\"@id\":\"https:\\\/\\\/www.eldiario.net\\\/portal\\\/2026\\\/02\\\/06\\\/proxima-visita-del-papa-impulsara-a-peru-como-ruta-turistica-religiosa\\\/#primaryimage\"},\"thumbnailUrl\":\"https:\\\/\\\/www.eldiario.net\\\/portal\\\/wp-content\\\/uploads\\\/2026\\\/02\\\/PERU-NPR.webp\",\"articleSection\":[\"Internacional\"],\"inLanguage\":\"es\"},{\"@type\":\"WebPage\",\"@id\":\"https:\\\/\\\/www.eldiario.net\\\/portal\\\/2026\\\/02\\\/06\\\/proxima-visita-del-papa-impulsara-a-peru-como-ruta-turistica-religiosa\\\/\",\"url\":\"https:\\\/\\\/www.eldiario.net\\\/portal\\\/2026\\\/02\\\/06\\\/proxima-visita-del-papa-impulsara-a-peru-como-ruta-turistica-religiosa\\\/\",\"name\":\"Pr\u00f3xima visita del Papa impulsar\u00e1 a Per\u00fa como ruta tur\u00edstica religiosa - El Diario - Bolivia\",\"isPartOf\":{\"@id\":\"https:\\\/\\\/www.eldiario.net\\\/portal\\\/#website\"},\"primaryImageOfPage\":{\"@id\":\"https:\\\/\\\/www.eldiario.net\\\/portal\\\/2026\\\/02\\\/06\\\/proxima-visita-del-papa-impulsara-a-peru-como-ruta-turistica-religiosa\\\/#primaryimage\"},\"image\":{\"@id\":\"https:\\\/\\\/www.eldiario.net\\\/portal\\\/2026\\\/02\\\/06\\\/proxima-visita-del-papa-impulsara-a-peru-como-ruta-turistica-religiosa\\\/#primaryimage\"},\"thumbnailUrl\":\"https:\\\/\\\/www.eldiario.net\\\/portal\\\/wp-content\\\/uploads\\\/2026\\\/02\\\/PERU-NPR.webp\",\"datePublished\":\"2026-02-06T10:01:00+00:00\",\"breadcrumb\":{\"@id\":\"https:\\\/\\\/www.eldiario.net\\\/portal\\\/2026\\\/02\\\/06\\\/proxima-visita-del-papa-impulsara-a-peru-como-ruta-turistica-religiosa\\\/#breadcrumb\"},\"inLanguage\":\"es\",\"potentialAction\":[{\"@type\":\"ReadAction\",\"target\":[\"https:\\\/\\\/www.eldiario.net\\\/portal\\\/2026\\\/02\\\/06\\\/proxima-visita-del-papa-impulsara-a-peru-como-ruta-turistica-religiosa\\\/\"]}]},{\"@type\":\"ImageObject\",\"inLanguage\":\"es\",\"@id\":\"https:\\\/\\\/www.eldiario.net\\\/portal\\\/2026\\\/02\\\/06\\\/proxima-visita-del-papa-impulsara-a-peru-como-ruta-turistica-religiosa\\\/#primaryimage\",\"url\":\"https:\\\/\\\/www.eldiario.net\\\/portal\\\/wp-content\\\/uploads\\\/2026\\\/02\\\/PERU-NPR.webp\",\"contentUrl\":\"https:\\\/\\\/www.eldiario.net\\\/portal\\\/wp-content\\\/uploads\\\/2026\\\/02\\\/PERU-NPR.webp\",\"width\":1100,\"height\":734,\"caption\":\"Anuncian que el Papa visitar\u00e1 pr\u00f3ximamente Per\u00fa. CREDITO: NPR\"},{\"@type\":\"BreadcrumbList\",\"@id\":\"https:\\\/\\\/www.eldiario.net\\\/portal\\\/2026\\\/02\\\/06\\\/proxima-visita-del-papa-impulsara-a-peru-como-ruta-turistica-religiosa\\\/#breadcrumb\",\"itemListElement\":[{\"@type\":\"ListItem\",\"position\":1,\"name\":\"Portada\",\"item\":\"https:\\\/\\\/www.eldiario.net\\\/portal\\\/\"},{\"@type\":\"ListItem\",\"position\":2,\"name\":\"Pr\u00f3xima visita del Papa impulsar\u00e1 a Per\u00fa como ruta tur\u00edstica religiosa\"}]},{\"@type\":\"WebSite\",\"@id\":\"https:\\\/\\\/www.eldiario.net\\\/portal\\\/#website\",\"url\":\"https:\\\/\\\/www.eldiario.net\\\/portal\\\/\",\"name\":\"El Diario - Decano de la prensa nacional\",\"description\":\"El Diario - Decano de la prensa nacional\",\"publisher\":{\"@id\":\"https:\\\/\\\/www.eldiario.net\\\/portal\\\/#organization\"},\"potentialAction\":[{\"@type\":\"SearchAction\",\"target\":{\"@type\":\"EntryPoint\",\"urlTemplate\":\"https:\\\/\\\/www.eldiario.net\\\/portal\\\/?s={search_term_string}\"},\"query-input\":{\"@type\":\"PropertyValueSpecification\",\"valueRequired\":true,\"valueName\":\"search_term_string\"}}],\"inLanguage\":\"es\"},{\"@type\":\"Organization\",\"@id\":\"https:\\\/\\\/www.eldiario.net\\\/portal\\\/#organization\",\"name\":\"El Diario - Decano de la prensa nacional\",\"url\":\"https:\\\/\\\/www.eldiario.net\\\/portal\\\/\",\"logo\":{\"@type\":\"ImageObject\",\"inLanguage\":\"es\",\"@id\":\"https:\\\/\\\/www.eldiario.net\\\/portal\\\/#\\\/schema\\\/logo\\\/image\\\/\",\"url\":\"https:\\\/\\\/www.eldiario.net\\\/portal\\\/wp-content\\\/uploads\\\/2023\\\/07\\\/logo_ED.jpg\",\"contentUrl\":\"https:\\\/\\\/www.eldiario.net\\\/portal\\\/wp-content\\\/uploads\\\/2023\\\/07\\\/logo_ED.jpg\",\"width\":272,\"height\":52,\"caption\":\"El Diario - Decano de la prensa nacional\"},\"image\":{\"@id\":\"https:\\\/\\\/www.eldiario.net\\\/portal\\\/#\\\/schema\\\/logo\\\/image\\\/\"},\"sameAs\":[\"https:\\\/\\\/www.facebook.com\\\/eldiario.bolivia\\\/\",\"https:\\\/\\\/x.com\\\/eldiario_net\"]},{\"@type\":\"Person\",\"@id\":\"https:\\\/\\\/www.eldiario.net\\\/portal\\\/#\\\/schema\\\/person\\\/f46445640444750d7d753ccd04ae01b7\",\"name\":\"Jeanette\",\"image\":{\"@type\":\"ImageObject\",\"inLanguage\":\"es\",\"@id\":\"https:\\\/\\\/secure.gravatar.com\\\/avatar\\\/3ea2118a5f7dad2b7138b1187a6b7ee55f160b9968b66013c3a3ef39dd7e5798?s=96&d=mm&r=g\",\"url\":\"https:\\\/\\\/secure.gravatar.com\\\/avatar\\\/3ea2118a5f7dad2b7138b1187a6b7ee55f160b9968b66013c3a3ef39dd7e5798?s=96&d=mm&r=g\",\"contentUrl\":\"https:\\\/\\\/secure.gravatar.com\\\/avatar\\\/3ea2118a5f7dad2b7138b1187a6b7ee55f160b9968b66013c3a3ef39dd7e5798?s=96&d=mm&r=g\",\"caption\":\"Jeanette\"},\"sameAs\":[\"https:\\\/\\\/www.eldiario.net\\\/portal\"],\"url\":\"https:\\\/\\\/www.eldiario.net\\\/portal\\\/author\\\/jeanette\\\/\"}]}<\/script>\n<!-- \/ Yoast SEO plugin. -->","yoast_head_json":{"title":"Pr\u00f3xima visita del Papa impulsar\u00e1 a Per\u00fa como ruta tur\u00edstica religiosa - El Diario - Bolivia","robots":{"index":"index","follow":"follow","max-snippet":"max-snippet:-1","max-image-preview":"max-image-preview:large","max-video-preview":"max-video-preview:-1"},"canonical":"https:\/\/www.eldiario.net\/portal\/2026\/02\/06\/proxima-visita-del-papa-impulsara-a-peru-como-ruta-turistica-religiosa\/","og_locale":"es_ES","og_type":"article","og_title":"Pr\u00f3xima visita del Papa impulsar\u00e1 a Per\u00fa como ruta tur\u00edstica religiosa - El Diario - Bolivia","og_description":"La anunciada visita al Per\u00fa del papa Le\u00f3n XIV, prevista para los \u00faltimos meses de 2026, fue recibida por el Gobierno como una oportunidad de alto impacto para posicionar al pa\u00eds en el mapa del turismo religioso internacional. La ministra de Comercio Exterior y Turismo, Teresa Mera, se\u00f1al\u00f3 que este acontecimiento no solo tiene una [&hellip;]","og_url":"https:\/\/www.eldiario.net\/portal\/2026\/02\/06\/proxima-visita-del-papa-impulsara-a-peru-como-ruta-turistica-religiosa\/","og_site_name":"El Diario - Bolivia","article_publisher":"https:\/\/www.facebook.com\/eldiario.bolivia\/","article_published_time":"2026-02-06T10:01:00+00:00","og_image":[{"width":1100,"height":734,"url":"https:\/\/www.eldiario.net\/portal\/wp-content\/uploads\/2026\/02\/PERU-NPR.webp","type":"image\/webp"}],"author":"Jeanette","twitter_card":"summary_large_image","twitter_creator":"@eldiario_net","twitter_site":"@eldiario_net","twitter_misc":{"Escrito por":"Jeanette","Tiempo de lectura":"2 minutos"},"schema":{"@context":"https:\/\/schema.org","@graph":[{"@type":"Article","@id":"https:\/\/www.eldiario.net\/portal\/2026\/02\/06\/proxima-visita-del-papa-impulsara-a-peru-como-ruta-turistica-religiosa\/#article","isPartOf":{"@id":"https:\/\/www.eldiario.net\/portal\/2026\/02\/06\/proxima-visita-del-papa-impulsara-a-peru-como-ruta-turistica-religiosa\/"},"author":{"name":"Jeanette","@id":"https:\/\/www.eldiario.net\/portal\/#\/schema\/person\/f46445640444750d7d753ccd04ae01b7"},"headline":"Pr\u00f3xima visita del Papa impulsar\u00e1 a Per\u00fa como ruta tur\u00edstica religiosa","datePublished":"2026-02-06T10:01:00+00:00","mainEntityOfPage":{"@id":"https:\/\/www.eldiario.net\/portal\/2026\/02\/06\/proxima-visita-del-papa-impulsara-a-peru-como-ruta-turistica-religiosa\/"},"wordCount":255,"publisher":{"@id":"https:\/\/www.eldiario.net\/portal\/#organization"},"image":{"@id":"https:\/\/www.eldiario.net\/portal\/2026\/02\/06\/proxima-visita-del-papa-impulsara-a-peru-como-ruta-turistica-religiosa\/#primaryimage"},"thumbnailUrl":"https:\/\/www.eldiario.net\/portal\/wp-content\/uploads\/2026\/02\/PERU-NPR.webp","articleSection":["Internacional"],"inLanguage":"es"},{"@type":"WebPage","@id":"https:\/\/www.eldiario.net\/portal\/2026\/02\/06\/proxima-visita-del-papa-impulsara-a-peru-como-ruta-turistica-religiosa\/","url":"https:\/\/www.eldiario.net\/portal\/2026\/02\/06\/proxima-visita-del-papa-impulsara-a-peru-como-ruta-turistica-religiosa\/","name":"Pr\u00f3xima visita del Papa impulsar\u00e1 a Per\u00fa como ruta tur\u00edstica religiosa - El Diario - Bolivia","isPartOf":{"@id":"https:\/\/www.eldiario.net\/portal\/#website"},"primaryImageOfPage":{"@id":"https:\/\/www.eldiario.net\/portal\/2026\/02\/06\/proxima-visita-del-papa-impulsara-a-peru-como-ruta-turistica-religiosa\/#primaryimage"},"image":{"@id":"https:\/\/www.eldiario.net\/portal\/2026\/02\/06\/proxima-visita-del-papa-impulsara-a-peru-como-ruta-turistica-religiosa\/#primaryimage"},"thumbnailUrl":"https:\/\/www.eldiario.net\/portal\/wp-content\/uploads\/2026\/02\/PERU-NPR.webp","datePublished":"2026-02-06T10:01:00+00:00","breadcrumb":{"@id":"https:\/\/www.eldiario.net\/portal\/2026\/02\/06\/proxima-visita-del-papa-impulsara-a-peru-como-ruta-turistica-religiosa\/#breadcrumb"},"inLanguage":"es","potentialAction":[{"@type":"ReadAction","target":["https:\/\/www.eldiario.net\/portal\/2026\/02\/06\/proxima-visita-del-papa-impulsara-a-peru-como-ruta-turistica-religiosa\/"]}]},{"@type":"ImageObject","inLanguage":"es","@id":"https:\/\/www.eldiario.net\/portal\/2026\/02\/06\/proxima-visita-del-papa-impulsara-a-peru-como-ruta-turistica-religiosa\/#primaryimage","url":"https:\/\/www.eldiario.net\/portal\/wp-content\/uploads\/2026\/02\/PERU-NPR.webp","contentUrl":"https:\/\/www.eldiario.net\/portal\/wp-content\/uploads\/2026\/02\/PERU-NPR.webp","width":1100,"height":734,"caption":"Anuncian que el Papa visitar\u00e1 pr\u00f3ximamente Per\u00fa. CREDITO: NPR"},{"@type":"BreadcrumbList","@id":"https:\/\/www.eldiario.net\/portal\/2026\/02\/06\/proxima-visita-del-papa-impulsara-a-peru-como-ruta-turistica-religiosa\/#breadcrumb","itemListElement":[{"@type":"ListItem","position":1,"name":"Portada","item":"https:\/\/www.eldiario.net\/portal\/"},{"@type":"ListItem","position":2,"name":"Pr\u00f3xima visita del Papa impulsar\u00e1 a Per\u00fa como ruta tur\u00edstica religiosa"}]},{"@type":"WebSite","@id":"https:\/\/www.eldiario.net\/portal\/#website","url":"https:\/\/www.eldiario.net\/portal\/","name":"El Diario - Decano de la prensa nacional","description":"El Diario - Decano de la prensa nacional","publisher":{"@id":"https:\/\/www.eldiario.net\/portal\/#organization"},"potentialAction":[{"@type":"SearchAction","target":{"@type":"EntryPoint","urlTemplate":"https:\/\/www.eldiario.net\/portal\/?s={search_term_string}"},"query-input":{"@type":"PropertyValueSpecification","valueRequired":true,"valueName":"search_term_string"}}],"inLanguage":"es"},{"@type":"Organization","@id":"https:\/\/www.eldiario.net\/portal\/#organization","name":"El Diario - Decano de la prensa nacional","url":"https:\/\/www.eldiario.net\/portal\/","logo":{"@type":"ImageObject","inLanguage":"es","@id":"https:\/\/www.eldiario.net\/portal\/#\/schema\/logo\/image\/","url":"https:\/\/www.eldiario.net\/portal\/wp-content\/uploads\/2023\/07\/logo_ED.jpg","contentUrl":"https:\/\/www.eldiario.net\/portal\/wp-content\/uploads\/2023\/07\/logo_ED.jpg","width":272,"height":52,"caption":"El Diario - Decano de la prensa nacional"},"image":{"@id":"https:\/\/www.eldiario.net\/portal\/#\/schema\/logo\/image\/"},"sameAs":["https:\/\/www.facebook.com\/eldiario.bolivia\/","https:\/\/x.com\/eldiario_net"]},{"@type":"Person","@id":"https:\/\/www.eldiario.net\/portal\/#\/schema\/person\/f46445640444750d7d753ccd04ae01b7","name":"Jeanette","image":{"@type":"ImageObject","inLanguage":"es","@id":"https:\/\/secure.gravatar.com\/avatar\/3ea2118a5f7dad2b7138b1187a6b7ee55f160b9968b66013c3a3ef39dd7e5798?s=96&d=mm&r=g","url":"https:\/\/secure.gravatar.com\/avatar\/3ea2118a5f7dad2b7138b1187a6b7ee55f160b9968b66013c3a3ef39dd7e5798?s=96&d=mm&r=g","contentUrl":"https:\/\/secure.gravatar.com\/avatar\/3ea2118a5f7dad2b7138b1187a6b7ee55f160b9968b66013c3a3ef39dd7e5798?s=96&d=mm&r=g","caption":"Jeanette"},"sameAs":["https:\/\/www.eldiario.net\/portal"],"url":"https:\/\/www.eldiario.net\/portal\/author\/jeanette\/"}]}},"_links":{"self":[{"href":"https:\/\/www.eldiario.net\/portal\/wp-json\/wp\/v2\/posts\/366154","targetHints":{"allow":["GET"]}}],"collection":[{"href":"https:\/\/www.eldiario.net\/portal\/wp-json\/wp\/v2\/posts"}],"about":[{"href":"https:\/\/www.eldiario.net\/portal\/wp-json\/wp\/v2\/types\/post"}],"author":[{"embeddable":true,"href":"https:\/\/www.eldiario.net\/portal\/wp-json\/wp\/v2\/users\/1"}],"replies":[{"embeddable":true,"href":"https:\/\/www.eldiario.net\/portal\/wp-json\/wp\/v2\/comments?post=366154"}],"version-history":[{"count":1,"href":"https:\/\/www.eldiario.net\/portal\/wp-json\/wp\/v2\/posts\/366154\/revisions"}],"predecessor-version":[{"id":366156,"href":"https:\/\/www.eldiario.net\/portal\/wp-json\/wp\/v2\/posts\/366154\/revisions\/366156"}],"wp:featuredmedia":[{"embeddable":true,"href":"https:\/\/www.eldiario.net\/portal\/wp-json\/wp\/v2\/media\/366155"}],"wp:attachment":[{"href":"https:\/\/www.eldiario.net\/portal\/wp-json\/wp\/v2\/media?parent=366154"}],"wp:term":[{"taxonomy":"category","embeddable":true,"href":"https:\/\/www.eldiario.net\/portal\/wp-json\/wp\/v2\/categories?post=366154"},{"taxonomy":"post_tag","embeddable":true,"href":"https:\/\/www.eldiario.net\/portal\/wp-json\/wp\/v2\/tags?post=366154"}],"curies":[{"name":"wp","href":"https:\/\/api.w.org\/{rel}","templated":true}]}}