{"id":366143,"date":"2026-02-06T05:56:26","date_gmt":"2026-02-06T09:56:26","guid":{"rendered":"https:\/\/www.eldiario.net\/portal\/?p=366143"},"modified":"2026-02-06T05:56:26","modified_gmt":"2026-02-06T09:56:26","slug":"comuna-detalla-agenda-del-carnaval-paceno","status":"publish","type":"post","link":"https:\/\/www.eldiario.net\/portal\/2026\/02\/06\/comuna-detalla-agenda-del-carnaval-paceno\/","title":{"rendered":"Comuna detalla agenda del Carnaval pace\u00f1o"},"content":{"rendered":"<p>El secretario municipal de Culturas del municipio pace\u00f1o, Am\u00e9rico Gemio, detall\u00f3 la agenda carnavalera 2026, que contempla una amplia variedad de actividades en distintos macrodistritos de la ciudad y se realizar\u00e1n los siguientes d\u00edas; entre elecciones de reinas, de personajes hasta actividades gastron\u00f3micas.<br \/>\nEl 11 de febrero se efectuar\u00e1 la elecci\u00f3n de la Reina y Rey del Anta\u00f1o en el Cine Teatro Municipal 6 de Agosto, mientras que el 13 tendr\u00e1 lugar la Serenata Pace\u00f1a de Anta\u00f1o en la plaza Tejada Sorzano. El 14, se realizar\u00e1 el Corso Infantil, que recorrer\u00e1 desde la avenida Mariscal Santa Cruz hasta la plaza del Estudiante y contar\u00e1 con la participaci\u00f3n de m\u00e1s de 100 mil ni\u00f1os.<br \/>\nLa programaci\u00f3n continuar\u00e1 el 15 de febrero con la Far\u00e1ndula de los Pepinos, desde la avenida Montes hasta la Sim\u00f3n Bol\u00edvar; el 16 de febrero con el Jisk\u2019a Anata, expresi\u00f3n de las danzas de Bolivia, en el mismo recorrido; y el 22 de febrero con la Retreta del Carnaval Pace\u00f1o y el Entierro del Pepino en la plaza Tejada Sorzano.<br \/>\nFinalmente, el 1 de marzo se llevar\u00e1 a cabo la Entrada de la C\u00f3rcova del Carnaval en Villa Victoria y el 13 de marzo se cerrar\u00e1n las actividades con la entrega de los Pepinos de Oro.<br \/>\n\u201cTenemos una agenda bastante nutrida y vamos a garantizar plenamente la seguridad en cada una de las actividades. Sin embargo, el eslab\u00f3n m\u00e1s importante es la familia y la ciudadan\u00eda, por lo que pedimos corresponsabilidad para vivir un Carnaval seguro\u201d, se\u00f1al\u00f3 Gemio.<br \/>\nEn tanto, el alcalde de La Paz, Iv\u00e1n Arias, exhort\u00f3 a la ciudadan\u00eda a vivir el Carnaval como una fiesta de alegr\u00eda, tambi\u00e9n de responsabilidad, moderaci\u00f3n y respeto, especialmente hacia la familia y las personas m\u00e1s cercanas.<br \/>\nCORTES<br \/>\nCon el objetivo de garantizar la seguridad de los danzarines y la fluidez de las actividades culturales, el municipio pace\u00f1o anunci\u00f3 los cortes de tr\u00e1fico para los d\u00edas centrales del Carnaval. Los cortes afectar\u00e1n principalmente al macrodistrito Centro y las conexiones entre las zonas Norte y Sur.<br \/>\nEn ese marco, las restricciones se aplicar\u00e1n durante cuatro jornadas consecutivas.<br \/>\nEl s\u00e1bado 14 de febrero (Corso Infantil): se cortar\u00e1 el tr\u00e1fico en toda la Avenida Mariscal Santa Cruz, desde la altura de la calle Obelisco hasta la Plaza del Estudiante, incluyendo las calles circundantes que alimentan este carril.<br \/>\nDomingo 15, por la Entrada de Pepinos, el cierre ser\u00e1 m\u00e1s extenso, iniciando en la Avenida Montes, altura Cervecer\u00eda y extendi\u00e9ndose por el eje central hasta la Avenida Sim\u00f3n Bol\u00edvar. Similar corte se realizar\u00e1 el lunes 16, para el Jisk\u2019a Anata.<br \/>\nMartes 17, Entierro del Pepino, el corte ser\u00e1 desde la Plaza Garita de Lima hasta las puertas del Cementerio General.<br \/>\nPROHIBICI\u00d3N<br \/>\nGemio record\u00f3 que, en cumplimiento de la normativa ambiental vigente, est\u00e1 estrictamente prohibido el uso indiscriminado de agua para juegos de Carnaval.<br \/>\n\u201cNo es un capricho, es un problema de previsi\u00f3n a futuro. Solo una de nuestras siete represas est\u00e1 al 95 por ciento de su capacidad\u201d, apunt\u00f3 el alcalde pace\u00f1o, Iv\u00e1n Arias.<br \/>\nLas sanciones ser\u00e1n aplicadas por Epsas y la Alcald\u00eda, bas\u00e1ndose en los operativos que se realizar\u00e1n.<\/p>\n","protected":false},"excerpt":{"rendered":"<p>El secretario municipal de Culturas del municipio pace\u00f1o, Am\u00e9rico Gemio, detall\u00f3 la agenda carnavalera 2026, que contempla una amplia variedad de actividades en distintos macrodistritos de la ciudad y se realizar\u00e1n los siguientes d\u00edas; entre elecciones de reinas, de personajes hasta actividades gastron\u00f3micas. El 11 de febrero se efectuar\u00e1 la elecci\u00f3n de la Reina y [&hellip;]<\/p>\n","protected":false},"author":1,"featured_media":366144,"comment_status":"closed","ping_status":"open","sticky":false,"template":"","format":"standard","meta":{"_acf_changed":false,"footnotes":""},"categories":[12],"tags":[],"class_list":["post-366143","post","type-post","status-publish","format-standard","has-post-thumbnail","category-nacional"],"acf":{"antetitulo":"Habr\u00e1 cortes viales por actividades"},"yoast_head":"<!-- This site is optimized with the Yoast SEO plugin v28.3 - https:\/\/yoast.com\/product\/yoast-seo-wordpress\/ -->\n<title>Comuna detalla agenda del Carnaval pace\u00f1o - El Diario - Bolivia<\/title>\n<meta name=\"robots\" content=\"index, follow, max-snippet:-1, max-image-preview:large, max-video-preview:-1\" \/>\n<link rel=\"canonical\" href=\"https:\/\/www.eldiario.net\/portal\/2026\/02\/06\/comuna-detalla-agenda-del-carnaval-paceno\/\" \/>\n<meta property=\"og:locale\" content=\"es_ES\" \/>\n<meta property=\"og:type\" content=\"article\" \/>\n<meta property=\"og:title\" content=\"Comuna detalla agenda del Carnaval pace\u00f1o - El Diario - Bolivia\" \/>\n<meta property=\"og:description\" content=\"El secretario municipal de Culturas del municipio pace\u00f1o, Am\u00e9rico Gemio, detall\u00f3 la agenda carnavalera 2026, que contempla una amplia variedad de actividades en distintos macrodistritos de la ciudad y se realizar\u00e1n los siguientes d\u00edas; entre elecciones de reinas, de personajes hasta actividades gastron\u00f3micas. El 11 de febrero se efectuar\u00e1 la elecci\u00f3n de la Reina y [&hellip;]\" \/>\n<meta property=\"og:url\" content=\"https:\/\/www.eldiario.net\/portal\/2026\/02\/06\/comuna-detalla-agenda-del-carnaval-paceno\/\" \/>\n<meta property=\"og:site_name\" content=\"El Diario - Bolivia\" \/>\n<meta property=\"article:publisher\" content=\"https:\/\/www.facebook.com\/eldiario.bolivia\/\" \/>\n<meta property=\"article:published_time\" content=\"2026-02-06T09:56:26+00:00\" \/>\n<meta property=\"og:image\" content=\"https:\/\/www.eldiario.net\/portal\/wp-content\/uploads\/2026\/02\/F-2-La-Paz.webp\" \/>\n\t<meta property=\"og:image:width\" content=\"1200\" \/>\n\t<meta property=\"og:image:height\" content=\"800\" \/>\n\t<meta property=\"og:image:type\" content=\"image\/webp\" \/>\n<meta name=\"author\" content=\"Jeanette\" \/>\n<meta name=\"twitter:card\" content=\"summary_large_image\" \/>\n<meta name=\"twitter:creator\" content=\"@eldiario_net\" \/>\n<meta name=\"twitter:site\" content=\"@eldiario_net\" \/>\n<meta name=\"twitter:label1\" content=\"Escrito por\" \/>\n\t<meta name=\"twitter:data1\" content=\"Jeanette\" \/>\n\t<meta name=\"twitter:label2\" content=\"Tiempo de lectura\" \/>\n\t<meta name=\"twitter:data2\" content=\"3 minutos\" \/>\n<script type=\"application\/ld+json\" class=\"yoast-schema-graph\">{\"@context\":\"https:\\\/\\\/schema.org\",\"@graph\":[{\"@type\":\"Article\",\"@id\":\"https:\\\/\\\/www.eldiario.net\\\/portal\\\/2026\\\/02\\\/06\\\/comuna-detalla-agenda-del-carnaval-paceno\\\/#article\",\"isPartOf\":{\"@id\":\"https:\\\/\\\/www.eldiario.net\\\/portal\\\/2026\\\/02\\\/06\\\/comuna-detalla-agenda-del-carnaval-paceno\\\/\"},\"author\":{\"name\":\"Jeanette\",\"@id\":\"https:\\\/\\\/www.eldiario.net\\\/portal\\\/#\\\/schema\\\/person\\\/f46445640444750d7d753ccd04ae01b7\"},\"headline\":\"Comuna detalla agenda del Carnaval pace\u00f1o\",\"datePublished\":\"2026-02-06T09:56:26+00:00\",\"mainEntityOfPage\":{\"@id\":\"https:\\\/\\\/www.eldiario.net\\\/portal\\\/2026\\\/02\\\/06\\\/comuna-detalla-agenda-del-carnaval-paceno\\\/\"},\"wordCount\":559,\"publisher\":{\"@id\":\"https:\\\/\\\/www.eldiario.net\\\/portal\\\/#organization\"},\"image\":{\"@id\":\"https:\\\/\\\/www.eldiario.net\\\/portal\\\/2026\\\/02\\\/06\\\/comuna-detalla-agenda-del-carnaval-paceno\\\/#primaryimage\"},\"thumbnailUrl\":\"https:\\\/\\\/www.eldiario.net\\\/portal\\\/wp-content\\\/uploads\\\/2026\\\/02\\\/F-2-La-Paz.webp\",\"articleSection\":[\"Nacional\"],\"inLanguage\":\"es\"},{\"@type\":\"WebPage\",\"@id\":\"https:\\\/\\\/www.eldiario.net\\\/portal\\\/2026\\\/02\\\/06\\\/comuna-detalla-agenda-del-carnaval-paceno\\\/\",\"url\":\"https:\\\/\\\/www.eldiario.net\\\/portal\\\/2026\\\/02\\\/06\\\/comuna-detalla-agenda-del-carnaval-paceno\\\/\",\"name\":\"Comuna detalla agenda del Carnaval pace\u00f1o - El Diario - Bolivia\",\"isPartOf\":{\"@id\":\"https:\\\/\\\/www.eldiario.net\\\/portal\\\/#website\"},\"primaryImageOfPage\":{\"@id\":\"https:\\\/\\\/www.eldiario.net\\\/portal\\\/2026\\\/02\\\/06\\\/comuna-detalla-agenda-del-carnaval-paceno\\\/#primaryimage\"},\"image\":{\"@id\":\"https:\\\/\\\/www.eldiario.net\\\/portal\\\/2026\\\/02\\\/06\\\/comuna-detalla-agenda-del-carnaval-paceno\\\/#primaryimage\"},\"thumbnailUrl\":\"https:\\\/\\\/www.eldiario.net\\\/portal\\\/wp-content\\\/uploads\\\/2026\\\/02\\\/F-2-La-Paz.webp\",\"datePublished\":\"2026-02-06T09:56:26+00:00\",\"breadcrumb\":{\"@id\":\"https:\\\/\\\/www.eldiario.net\\\/portal\\\/2026\\\/02\\\/06\\\/comuna-detalla-agenda-del-carnaval-paceno\\\/#breadcrumb\"},\"inLanguage\":\"es\",\"potentialAction\":[{\"@type\":\"ReadAction\",\"target\":[\"https:\\\/\\\/www.eldiario.net\\\/portal\\\/2026\\\/02\\\/06\\\/comuna-detalla-agenda-del-carnaval-paceno\\\/\"]}]},{\"@type\":\"ImageObject\",\"inLanguage\":\"es\",\"@id\":\"https:\\\/\\\/www.eldiario.net\\\/portal\\\/2026\\\/02\\\/06\\\/comuna-detalla-agenda-del-carnaval-paceno\\\/#primaryimage\",\"url\":\"https:\\\/\\\/www.eldiario.net\\\/portal\\\/wp-content\\\/uploads\\\/2026\\\/02\\\/F-2-La-Paz.webp\",\"contentUrl\":\"https:\\\/\\\/www.eldiario.net\\\/portal\\\/wp-content\\\/uploads\\\/2026\\\/02\\\/F-2-La-Paz.webp\",\"width\":1200,\"height\":800,\"caption\":\"Autoridades Piden celebrar con respeto, moderaci\u00f3n y responsabilidad.\"},{\"@type\":\"BreadcrumbList\",\"@id\":\"https:\\\/\\\/www.eldiario.net\\\/portal\\\/2026\\\/02\\\/06\\\/comuna-detalla-agenda-del-carnaval-paceno\\\/#breadcrumb\",\"itemListElement\":[{\"@type\":\"ListItem\",\"position\":1,\"name\":\"Portada\",\"item\":\"https:\\\/\\\/www.eldiario.net\\\/portal\\\/\"},{\"@type\":\"ListItem\",\"position\":2,\"name\":\"Comuna detalla agenda del Carnaval pace\u00f1o\"}]},{\"@type\":\"WebSite\",\"@id\":\"https:\\\/\\\/www.eldiario.net\\\/portal\\\/#website\",\"url\":\"https:\\\/\\\/www.eldiario.net\\\/portal\\\/\",\"name\":\"El Diario - Decano de la prensa nacional\",\"description\":\"El Diario - Decano de la prensa nacional\",\"publisher\":{\"@id\":\"https:\\\/\\\/www.eldiario.net\\\/portal\\\/#organization\"},\"potentialAction\":[{\"@type\":\"SearchAction\",\"target\":{\"@type\":\"EntryPoint\",\"urlTemplate\":\"https:\\\/\\\/www.eldiario.net\\\/portal\\\/?s={search_term_string}\"},\"query-input\":{\"@type\":\"PropertyValueSpecification\",\"valueRequired\":true,\"valueName\":\"search_term_string\"}}],\"inLanguage\":\"es\"},{\"@type\":\"Organization\",\"@id\":\"https:\\\/\\\/www.eldiario.net\\\/portal\\\/#organization\",\"name\":\"El Diario - Decano de la prensa nacional\",\"url\":\"https:\\\/\\\/www.eldiario.net\\\/portal\\\/\",\"logo\":{\"@type\":\"ImageObject\",\"inLanguage\":\"es\",\"@id\":\"https:\\\/\\\/www.eldiario.net\\\/portal\\\/#\\\/schema\\\/logo\\\/image\\\/\",\"url\":\"https:\\\/\\\/www.eldiario.net\\\/portal\\\/wp-content\\\/uploads\\\/2023\\\/07\\\/logo_ED.jpg\",\"contentUrl\":\"https:\\\/\\\/www.eldiario.net\\\/portal\\\/wp-content\\\/uploads\\\/2023\\\/07\\\/logo_ED.jpg\",\"width\":272,\"height\":52,\"caption\":\"El Diario - Decano de la prensa nacional\"},\"image\":{\"@id\":\"https:\\\/\\\/www.eldiario.net\\\/portal\\\/#\\\/schema\\\/logo\\\/image\\\/\"},\"sameAs\":[\"https:\\\/\\\/www.facebook.com\\\/eldiario.bolivia\\\/\",\"https:\\\/\\\/x.com\\\/eldiario_net\"]},{\"@type\":\"Person\",\"@id\":\"https:\\\/\\\/www.eldiario.net\\\/portal\\\/#\\\/schema\\\/person\\\/f46445640444750d7d753ccd04ae01b7\",\"name\":\"Jeanette\",\"image\":{\"@type\":\"ImageObject\",\"inLanguage\":\"es\",\"@id\":\"https:\\\/\\\/secure.gravatar.com\\\/avatar\\\/3ea2118a5f7dad2b7138b1187a6b7ee55f160b9968b66013c3a3ef39dd7e5798?s=96&d=mm&r=g\",\"url\":\"https:\\\/\\\/secure.gravatar.com\\\/avatar\\\/3ea2118a5f7dad2b7138b1187a6b7ee55f160b9968b66013c3a3ef39dd7e5798?s=96&d=mm&r=g\",\"contentUrl\":\"https:\\\/\\\/secure.gravatar.com\\\/avatar\\\/3ea2118a5f7dad2b7138b1187a6b7ee55f160b9968b66013c3a3ef39dd7e5798?s=96&d=mm&r=g\",\"caption\":\"Jeanette\"},\"sameAs\":[\"https:\\\/\\\/www.eldiario.net\\\/portal\"],\"url\":\"https:\\\/\\\/www.eldiario.net\\\/portal\\\/author\\\/jeanette\\\/\"}]}<\/script>\n<!-- \/ Yoast SEO plugin. -->","yoast_head_json":{"title":"Comuna detalla agenda del Carnaval pace\u00f1o - El Diario - Bolivia","robots":{"index":"index","follow":"follow","max-snippet":"max-snippet:-1","max-image-preview":"max-image-preview:large","max-video-preview":"max-video-preview:-1"},"canonical":"https:\/\/www.eldiario.net\/portal\/2026\/02\/06\/comuna-detalla-agenda-del-carnaval-paceno\/","og_locale":"es_ES","og_type":"article","og_title":"Comuna detalla agenda del Carnaval pace\u00f1o - El Diario - Bolivia","og_description":"El secretario municipal de Culturas del municipio pace\u00f1o, Am\u00e9rico Gemio, detall\u00f3 la agenda carnavalera 2026, que contempla una amplia variedad de actividades en distintos macrodistritos de la ciudad y se realizar\u00e1n los siguientes d\u00edas; entre elecciones de reinas, de personajes hasta actividades gastron\u00f3micas. El 11 de febrero se efectuar\u00e1 la elecci\u00f3n de la Reina y [&hellip;]","og_url":"https:\/\/www.eldiario.net\/portal\/2026\/02\/06\/comuna-detalla-agenda-del-carnaval-paceno\/","og_site_name":"El Diario - Bolivia","article_publisher":"https:\/\/www.facebook.com\/eldiario.bolivia\/","article_published_time":"2026-02-06T09:56:26+00:00","og_image":[{"width":1200,"height":800,"url":"https:\/\/www.eldiario.net\/portal\/wp-content\/uploads\/2026\/02\/F-2-La-Paz.webp","type":"image\/webp"}],"author":"Jeanette","twitter_card":"summary_large_image","twitter_creator":"@eldiario_net","twitter_site":"@eldiario_net","twitter_misc":{"Escrito por":"Jeanette","Tiempo de lectura":"3 minutos"},"schema":{"@context":"https:\/\/schema.org","@graph":[{"@type":"Article","@id":"https:\/\/www.eldiario.net\/portal\/2026\/02\/06\/comuna-detalla-agenda-del-carnaval-paceno\/#article","isPartOf":{"@id":"https:\/\/www.eldiario.net\/portal\/2026\/02\/06\/comuna-detalla-agenda-del-carnaval-paceno\/"},"author":{"name":"Jeanette","@id":"https:\/\/www.eldiario.net\/portal\/#\/schema\/person\/f46445640444750d7d753ccd04ae01b7"},"headline":"Comuna detalla agenda del Carnaval pace\u00f1o","datePublished":"2026-02-06T09:56:26+00:00","mainEntityOfPage":{"@id":"https:\/\/www.eldiario.net\/portal\/2026\/02\/06\/comuna-detalla-agenda-del-carnaval-paceno\/"},"wordCount":559,"publisher":{"@id":"https:\/\/www.eldiario.net\/portal\/#organization"},"image":{"@id":"https:\/\/www.eldiario.net\/portal\/2026\/02\/06\/comuna-detalla-agenda-del-carnaval-paceno\/#primaryimage"},"thumbnailUrl":"https:\/\/www.eldiario.net\/portal\/wp-content\/uploads\/2026\/02\/F-2-La-Paz.webp","articleSection":["Nacional"],"inLanguage":"es"},{"@type":"WebPage","@id":"https:\/\/www.eldiario.net\/portal\/2026\/02\/06\/comuna-detalla-agenda-del-carnaval-paceno\/","url":"https:\/\/www.eldiario.net\/portal\/2026\/02\/06\/comuna-detalla-agenda-del-carnaval-paceno\/","name":"Comuna detalla agenda del Carnaval pace\u00f1o - El Diario - Bolivia","isPartOf":{"@id":"https:\/\/www.eldiario.net\/portal\/#website"},"primaryImageOfPage":{"@id":"https:\/\/www.eldiario.net\/portal\/2026\/02\/06\/comuna-detalla-agenda-del-carnaval-paceno\/#primaryimage"},"image":{"@id":"https:\/\/www.eldiario.net\/portal\/2026\/02\/06\/comuna-detalla-agenda-del-carnaval-paceno\/#primaryimage"},"thumbnailUrl":"https:\/\/www.eldiario.net\/portal\/wp-content\/uploads\/2026\/02\/F-2-La-Paz.webp","datePublished":"2026-02-06T09:56:26+00:00","breadcrumb":{"@id":"https:\/\/www.eldiario.net\/portal\/2026\/02\/06\/comuna-detalla-agenda-del-carnaval-paceno\/#breadcrumb"},"inLanguage":"es","potentialAction":[{"@type":"ReadAction","target":["https:\/\/www.eldiario.net\/portal\/2026\/02\/06\/comuna-detalla-agenda-del-carnaval-paceno\/"]}]},{"@type":"ImageObject","inLanguage":"es","@id":"https:\/\/www.eldiario.net\/portal\/2026\/02\/06\/comuna-detalla-agenda-del-carnaval-paceno\/#primaryimage","url":"https:\/\/www.eldiario.net\/portal\/wp-content\/uploads\/2026\/02\/F-2-La-Paz.webp","contentUrl":"https:\/\/www.eldiario.net\/portal\/wp-content\/uploads\/2026\/02\/F-2-La-Paz.webp","width":1200,"height":800,"caption":"Autoridades Piden celebrar con respeto, moderaci\u00f3n y responsabilidad."},{"@type":"BreadcrumbList","@id":"https:\/\/www.eldiario.net\/portal\/2026\/02\/06\/comuna-detalla-agenda-del-carnaval-paceno\/#breadcrumb","itemListElement":[{"@type":"ListItem","position":1,"name":"Portada","item":"https:\/\/www.eldiario.net\/portal\/"},{"@type":"ListItem","position":2,"name":"Comuna detalla agenda del Carnaval pace\u00f1o"}]},{"@type":"WebSite","@id":"https:\/\/www.eldiario.net\/portal\/#website","url":"https:\/\/www.eldiario.net\/portal\/","name":"El Diario - Decano de la prensa nacional","description":"El Diario - Decano de la prensa nacional","publisher":{"@id":"https:\/\/www.eldiario.net\/portal\/#organization"},"potentialAction":[{"@type":"SearchAction","target":{"@type":"EntryPoint","urlTemplate":"https:\/\/www.eldiario.net\/portal\/?s={search_term_string}"},"query-input":{"@type":"PropertyValueSpecification","valueRequired":true,"valueName":"search_term_string"}}],"inLanguage":"es"},{"@type":"Organization","@id":"https:\/\/www.eldiario.net\/portal\/#organization","name":"El Diario - Decano de la prensa nacional","url":"https:\/\/www.eldiario.net\/portal\/","logo":{"@type":"ImageObject","inLanguage":"es","@id":"https:\/\/www.eldiario.net\/portal\/#\/schema\/logo\/image\/","url":"https:\/\/www.eldiario.net\/portal\/wp-content\/uploads\/2023\/07\/logo_ED.jpg","contentUrl":"https:\/\/www.eldiario.net\/portal\/wp-content\/uploads\/2023\/07\/logo_ED.jpg","width":272,"height":52,"caption":"El Diario - Decano de la prensa nacional"},"image":{"@id":"https:\/\/www.eldiario.net\/portal\/#\/schema\/logo\/image\/"},"sameAs":["https:\/\/www.facebook.com\/eldiario.bolivia\/","https:\/\/x.com\/eldiario_net"]},{"@type":"Person","@id":"https:\/\/www.eldiario.net\/portal\/#\/schema\/person\/f46445640444750d7d753ccd04ae01b7","name":"Jeanette","image":{"@type":"ImageObject","inLanguage":"es","@id":"https:\/\/secure.gravatar.com\/avatar\/3ea2118a5f7dad2b7138b1187a6b7ee55f160b9968b66013c3a3ef39dd7e5798?s=96&d=mm&r=g","url":"https:\/\/secure.gravatar.com\/avatar\/3ea2118a5f7dad2b7138b1187a6b7ee55f160b9968b66013c3a3ef39dd7e5798?s=96&d=mm&r=g","contentUrl":"https:\/\/secure.gravatar.com\/avatar\/3ea2118a5f7dad2b7138b1187a6b7ee55f160b9968b66013c3a3ef39dd7e5798?s=96&d=mm&r=g","caption":"Jeanette"},"sameAs":["https:\/\/www.eldiario.net\/portal"],"url":"https:\/\/www.eldiario.net\/portal\/author\/jeanette\/"}]}},"_links":{"self":[{"href":"https:\/\/www.eldiario.net\/portal\/wp-json\/wp\/v2\/posts\/366143","targetHints":{"allow":["GET"]}}],"collection":[{"href":"https:\/\/www.eldiario.net\/portal\/wp-json\/wp\/v2\/posts"}],"about":[{"href":"https:\/\/www.eldiario.net\/portal\/wp-json\/wp\/v2\/types\/post"}],"author":[{"embeddable":true,"href":"https:\/\/www.eldiario.net\/portal\/wp-json\/wp\/v2\/users\/1"}],"replies":[{"embeddable":true,"href":"https:\/\/www.eldiario.net\/portal\/wp-json\/wp\/v2\/comments?post=366143"}],"version-history":[{"count":1,"href":"https:\/\/www.eldiario.net\/portal\/wp-json\/wp\/v2\/posts\/366143\/revisions"}],"predecessor-version":[{"id":366145,"href":"https:\/\/www.eldiario.net\/portal\/wp-json\/wp\/v2\/posts\/366143\/revisions\/366145"}],"wp:featuredmedia":[{"embeddable":true,"href":"https:\/\/www.eldiario.net\/portal\/wp-json\/wp\/v2\/media\/366144"}],"wp:attachment":[{"href":"https:\/\/www.eldiario.net\/portal\/wp-json\/wp\/v2\/media?parent=366143"}],"wp:term":[{"taxonomy":"category","embeddable":true,"href":"https:\/\/www.eldiario.net\/portal\/wp-json\/wp\/v2\/categories?post=366143"},{"taxonomy":"post_tag","embeddable":true,"href":"https:\/\/www.eldiario.net\/portal\/wp-json\/wp\/v2\/tags?post=366143"}],"curies":[{"name":"wp","href":"https:\/\/api.w.org\/{rel}","templated":true}]}}