{"id":365986,"date":"2026-02-05T19:26:29","date_gmt":"2026-02-05T23:26:29","guid":{"rendered":"https:\/\/www.eldiario.net\/portal\/?p=365986"},"modified":"2026-02-05T19:26:29","modified_gmt":"2026-02-05T23:26:29","slug":"wall-street-cae-ante-dudas-por-inversiones-en-inteligencia-artificial-1930","status":"publish","type":"post","link":"https:\/\/www.eldiario.net\/portal\/2026\/02\/05\/wall-street-cae-ante-dudas-por-inversiones-en-inteligencia-artificial-1930\/","title":{"rendered":"Wall Street cae ante dudas por inversiones en Inteligencia Artificial (19:30)"},"content":{"rendered":"<p>La bolsa de valores de Nueva York (Wall Street) cerr\u00f3 con fuertes bajas este jueves, afectada por el temor de los inversores ante los gastos masivos de gigantes tecnol\u00f3gicos como Alphabet (Google), Microsoft y Amazon en Inteligencia Artificial (IA).<\/p>\n<p>El \u00edndice de la National Association of Securities Dealers Automated Quotations (Nasdaq), la segunda bolsa de valores m\u00e1s grande de Estados Unidos, lider\u00f3 las ca\u00eddas al registrar su nivel m\u00e1s bajo desde noviembre.<\/p>\n<p data-path-to-node=\"3\">El mercado duda que las inversiones de miles de millones de d\u00f3lares en IA se traduzcan pronto en ganancias reales. Adem\u00e1s, el \u00abindicador del miedo\u00bb de Wall Street alcanz\u00f3 su punto m\u00e1s alto en dos meses, mientras que los datos de desempleo en EE. UU. aumentaron m\u00e1s de lo esperado, sumando m\u00e1s incertidumbre a la econom\u00eda global. (Agencias)<\/p>\n","protected":false},"excerpt":{"rendered":"<p>La bolsa de valores de Nueva York (Wall Street) cerr\u00f3 con fuertes bajas este jueves, afectada por el temor de los inversores ante los gastos masivos de gigantes tecnol\u00f3gicos como Alphabet (Google), Microsoft y Amazon en Inteligencia Artificial (IA). El \u00edndice de la National Association of Securities Dealers Automated Quotations (Nasdaq), la segunda bolsa de [&hellip;]<\/p>\n","protected":false},"author":7,"featured_media":365987,"comment_status":"closed","ping_status":"open","sticky":false,"template":"","format":"standard","meta":{"_acf_changed":false,"footnotes":""},"categories":[51],"tags":[],"class_list":["post-365986","post","type-post","status-publish","format-standard","has-post-thumbnail","category-ultima-hora"],"acf":{"antetitulo":""},"yoast_head":"<!-- This site is optimized with the Yoast SEO plugin v28.3 - https:\/\/yoast.com\/product\/yoast-seo-wordpress\/ -->\n<title>Wall Street cae ante dudas por inversiones en Inteligencia Artificial (19:30) - El Diario - Bolivia<\/title>\n<meta name=\"robots\" content=\"index, follow, max-snippet:-1, max-image-preview:large, max-video-preview:-1\" \/>\n<link rel=\"canonical\" href=\"https:\/\/www.eldiario.net\/portal\/2026\/02\/05\/wall-street-cae-ante-dudas-por-inversiones-en-inteligencia-artificial-1930\/\" \/>\n<meta property=\"og:locale\" content=\"es_ES\" \/>\n<meta property=\"og:type\" content=\"article\" \/>\n<meta property=\"og:title\" content=\"Wall Street cae ante dudas por inversiones en Inteligencia Artificial (19:30) - El Diario - Bolivia\" \/>\n<meta property=\"og:description\" content=\"La bolsa de valores de Nueva York (Wall Street) cerr\u00f3 con fuertes bajas este jueves, afectada por el temor de los inversores ante los gastos masivos de gigantes tecnol\u00f3gicos como Alphabet (Google), Microsoft y Amazon en Inteligencia Artificial (IA). El \u00edndice de la National Association of Securities Dealers Automated Quotations (Nasdaq), la segunda bolsa de [&hellip;]\" \/>\n<meta property=\"og:url\" content=\"https:\/\/www.eldiario.net\/portal\/2026\/02\/05\/wall-street-cae-ante-dudas-por-inversiones-en-inteligencia-artificial-1930\/\" \/>\n<meta property=\"og:site_name\" content=\"El Diario - Bolivia\" \/>\n<meta property=\"article:publisher\" content=\"https:\/\/www.facebook.com\/eldiario.bolivia\/\" \/>\n<meta property=\"article:published_time\" content=\"2026-02-05T23:26:29+00:00\" \/>\n<meta property=\"og:image\" content=\"https:\/\/www.eldiario.net\/portal\/wp-content\/uploads\/2026\/02\/Nasdaq-05.02.26-copia.webp\" \/>\n\t<meta property=\"og:image:width\" content=\"557\" \/>\n\t<meta property=\"og:image:height\" content=\"346\" \/>\n\t<meta property=\"og:image:type\" content=\"image\/webp\" \/>\n<meta name=\"author\" content=\"Viviana Monrroy\" \/>\n<meta name=\"twitter:card\" content=\"summary_large_image\" \/>\n<meta name=\"twitter:creator\" content=\"@eldiario_net\" \/>\n<meta name=\"twitter:site\" content=\"@eldiario_net\" \/>\n<meta name=\"twitter:label1\" content=\"Escrito por\" \/>\n\t<meta name=\"twitter:data1\" content=\"Viviana Monrroy\" \/>\n\t<meta name=\"twitter:label2\" content=\"Tiempo de lectura\" \/>\n\t<meta name=\"twitter:data2\" content=\"1 minuto\" \/>\n<script type=\"application\/ld+json\" class=\"yoast-schema-graph\">{\"@context\":\"https:\\\/\\\/schema.org\",\"@graph\":[{\"@type\":\"Article\",\"@id\":\"https:\\\/\\\/www.eldiario.net\\\/portal\\\/2026\\\/02\\\/05\\\/wall-street-cae-ante-dudas-por-inversiones-en-inteligencia-artificial-1930\\\/#article\",\"isPartOf\":{\"@id\":\"https:\\\/\\\/www.eldiario.net\\\/portal\\\/2026\\\/02\\\/05\\\/wall-street-cae-ante-dudas-por-inversiones-en-inteligencia-artificial-1930\\\/\"},\"author\":{\"name\":\"Viviana Monrroy\",\"@id\":\"https:\\\/\\\/www.eldiario.net\\\/portal\\\/#\\\/schema\\\/person\\\/ba370d92d160f4d3574381f6d9b78fab\"},\"headline\":\"Wall Street cae ante dudas por inversiones en Inteligencia Artificial (19:30)\",\"datePublished\":\"2026-02-05T23:26:29+00:00\",\"mainEntityOfPage\":{\"@id\":\"https:\\\/\\\/www.eldiario.net\\\/portal\\\/2026\\\/02\\\/05\\\/wall-street-cae-ante-dudas-por-inversiones-en-inteligencia-artificial-1930\\\/\"},\"wordCount\":150,\"publisher\":{\"@id\":\"https:\\\/\\\/www.eldiario.net\\\/portal\\\/#organization\"},\"image\":{\"@id\":\"https:\\\/\\\/www.eldiario.net\\\/portal\\\/2026\\\/02\\\/05\\\/wall-street-cae-ante-dudas-por-inversiones-en-inteligencia-artificial-1930\\\/#primaryimage\"},\"thumbnailUrl\":\"https:\\\/\\\/www.eldiario.net\\\/portal\\\/wp-content\\\/uploads\\\/2026\\\/02\\\/Nasdaq-05.02.26-copia.webp\",\"articleSection\":[\"\u00daltima Hora\"],\"inLanguage\":\"es\"},{\"@type\":\"WebPage\",\"@id\":\"https:\\\/\\\/www.eldiario.net\\\/portal\\\/2026\\\/02\\\/05\\\/wall-street-cae-ante-dudas-por-inversiones-en-inteligencia-artificial-1930\\\/\",\"url\":\"https:\\\/\\\/www.eldiario.net\\\/portal\\\/2026\\\/02\\\/05\\\/wall-street-cae-ante-dudas-por-inversiones-en-inteligencia-artificial-1930\\\/\",\"name\":\"Wall Street cae ante dudas por inversiones en Inteligencia Artificial (19:30) - El Diario - Bolivia\",\"isPartOf\":{\"@id\":\"https:\\\/\\\/www.eldiario.net\\\/portal\\\/#website\"},\"primaryImageOfPage\":{\"@id\":\"https:\\\/\\\/www.eldiario.net\\\/portal\\\/2026\\\/02\\\/05\\\/wall-street-cae-ante-dudas-por-inversiones-en-inteligencia-artificial-1930\\\/#primaryimage\"},\"image\":{\"@id\":\"https:\\\/\\\/www.eldiario.net\\\/portal\\\/2026\\\/02\\\/05\\\/wall-street-cae-ante-dudas-por-inversiones-en-inteligencia-artificial-1930\\\/#primaryimage\"},\"thumbnailUrl\":\"https:\\\/\\\/www.eldiario.net\\\/portal\\\/wp-content\\\/uploads\\\/2026\\\/02\\\/Nasdaq-05.02.26-copia.webp\",\"datePublished\":\"2026-02-05T23:26:29+00:00\",\"breadcrumb\":{\"@id\":\"https:\\\/\\\/www.eldiario.net\\\/portal\\\/2026\\\/02\\\/05\\\/wall-street-cae-ante-dudas-por-inversiones-en-inteligencia-artificial-1930\\\/#breadcrumb\"},\"inLanguage\":\"es\",\"potentialAction\":[{\"@type\":\"ReadAction\",\"target\":[\"https:\\\/\\\/www.eldiario.net\\\/portal\\\/2026\\\/02\\\/05\\\/wall-street-cae-ante-dudas-por-inversiones-en-inteligencia-artificial-1930\\\/\"]}]},{\"@type\":\"ImageObject\",\"inLanguage\":\"es\",\"@id\":\"https:\\\/\\\/www.eldiario.net\\\/portal\\\/2026\\\/02\\\/05\\\/wall-street-cae-ante-dudas-por-inversiones-en-inteligencia-artificial-1930\\\/#primaryimage\",\"url\":\"https:\\\/\\\/www.eldiario.net\\\/portal\\\/wp-content\\\/uploads\\\/2026\\\/02\\\/Nasdaq-05.02.26-copia.webp\",\"contentUrl\":\"https:\\\/\\\/www.eldiario.net\\\/portal\\\/wp-content\\\/uploads\\\/2026\\\/02\\\/Nasdaq-05.02.26-copia.webp\",\"width\":557,\"height\":346,\"caption\":\"Foto: RR.SS.\"},{\"@type\":\"BreadcrumbList\",\"@id\":\"https:\\\/\\\/www.eldiario.net\\\/portal\\\/2026\\\/02\\\/05\\\/wall-street-cae-ante-dudas-por-inversiones-en-inteligencia-artificial-1930\\\/#breadcrumb\",\"itemListElement\":[{\"@type\":\"ListItem\",\"position\":1,\"name\":\"Portada\",\"item\":\"https:\\\/\\\/www.eldiario.net\\\/portal\\\/\"},{\"@type\":\"ListItem\",\"position\":2,\"name\":\"Wall Street cae ante dudas por inversiones en Inteligencia Artificial (19:30)\"}]},{\"@type\":\"WebSite\",\"@id\":\"https:\\\/\\\/www.eldiario.net\\\/portal\\\/#website\",\"url\":\"https:\\\/\\\/www.eldiario.net\\\/portal\\\/\",\"name\":\"El Diario - Decano de la prensa nacional\",\"description\":\"El Diario - Decano de la prensa nacional\",\"publisher\":{\"@id\":\"https:\\\/\\\/www.eldiario.net\\\/portal\\\/#organization\"},\"potentialAction\":[{\"@type\":\"SearchAction\",\"target\":{\"@type\":\"EntryPoint\",\"urlTemplate\":\"https:\\\/\\\/www.eldiario.net\\\/portal\\\/?s={search_term_string}\"},\"query-input\":{\"@type\":\"PropertyValueSpecification\",\"valueRequired\":true,\"valueName\":\"search_term_string\"}}],\"inLanguage\":\"es\"},{\"@type\":\"Organization\",\"@id\":\"https:\\\/\\\/www.eldiario.net\\\/portal\\\/#organization\",\"name\":\"El Diario - Decano de la prensa nacional\",\"url\":\"https:\\\/\\\/www.eldiario.net\\\/portal\\\/\",\"logo\":{\"@type\":\"ImageObject\",\"inLanguage\":\"es\",\"@id\":\"https:\\\/\\\/www.eldiario.net\\\/portal\\\/#\\\/schema\\\/logo\\\/image\\\/\",\"url\":\"https:\\\/\\\/www.eldiario.net\\\/portal\\\/wp-content\\\/uploads\\\/2023\\\/07\\\/logo_ED.jpg\",\"contentUrl\":\"https:\\\/\\\/www.eldiario.net\\\/portal\\\/wp-content\\\/uploads\\\/2023\\\/07\\\/logo_ED.jpg\",\"width\":272,\"height\":52,\"caption\":\"El Diario - Decano de la prensa nacional\"},\"image\":{\"@id\":\"https:\\\/\\\/www.eldiario.net\\\/portal\\\/#\\\/schema\\\/logo\\\/image\\\/\"},\"sameAs\":[\"https:\\\/\\\/www.facebook.com\\\/eldiario.bolivia\\\/\",\"https:\\\/\\\/x.com\\\/eldiario_net\"]},{\"@type\":\"Person\",\"@id\":\"https:\\\/\\\/www.eldiario.net\\\/portal\\\/#\\\/schema\\\/person\\\/ba370d92d160f4d3574381f6d9b78fab\",\"name\":\"Viviana Monrroy\",\"image\":{\"@type\":\"ImageObject\",\"inLanguage\":\"es\",\"@id\":\"https:\\\/\\\/secure.gravatar.com\\\/avatar\\\/dfd1611ed5600959a0e5a9754503b6c05d1dcf190010998e0363aee2ad98afca?s=96&d=mm&r=g\",\"url\":\"https:\\\/\\\/secure.gravatar.com\\\/avatar\\\/dfd1611ed5600959a0e5a9754503b6c05d1dcf190010998e0363aee2ad98afca?s=96&d=mm&r=g\",\"contentUrl\":\"https:\\\/\\\/secure.gravatar.com\\\/avatar\\\/dfd1611ed5600959a0e5a9754503b6c05d1dcf190010998e0363aee2ad98afca?s=96&d=mm&r=g\",\"caption\":\"Viviana Monrroy\"},\"sameAs\":[\"http:\\\/\\\/www.eldiario.net\"],\"url\":\"https:\\\/\\\/www.eldiario.net\\\/portal\\\/author\\\/vivianamonrroy\\\/\"}]}<\/script>\n<!-- \/ Yoast SEO plugin. -->","yoast_head_json":{"title":"Wall Street cae ante dudas por inversiones en Inteligencia Artificial (19:30) - El Diario - Bolivia","robots":{"index":"index","follow":"follow","max-snippet":"max-snippet:-1","max-image-preview":"max-image-preview:large","max-video-preview":"max-video-preview:-1"},"canonical":"https:\/\/www.eldiario.net\/portal\/2026\/02\/05\/wall-street-cae-ante-dudas-por-inversiones-en-inteligencia-artificial-1930\/","og_locale":"es_ES","og_type":"article","og_title":"Wall Street cae ante dudas por inversiones en Inteligencia Artificial (19:30) - El Diario - Bolivia","og_description":"La bolsa de valores de Nueva York (Wall Street) cerr\u00f3 con fuertes bajas este jueves, afectada por el temor de los inversores ante los gastos masivos de gigantes tecnol\u00f3gicos como Alphabet (Google), Microsoft y Amazon en Inteligencia Artificial (IA). El \u00edndice de la National Association of Securities Dealers Automated Quotations (Nasdaq), la segunda bolsa de [&hellip;]","og_url":"https:\/\/www.eldiario.net\/portal\/2026\/02\/05\/wall-street-cae-ante-dudas-por-inversiones-en-inteligencia-artificial-1930\/","og_site_name":"El Diario - Bolivia","article_publisher":"https:\/\/www.facebook.com\/eldiario.bolivia\/","article_published_time":"2026-02-05T23:26:29+00:00","og_image":[{"width":557,"height":346,"url":"https:\/\/www.eldiario.net\/portal\/wp-content\/uploads\/2026\/02\/Nasdaq-05.02.26-copia.webp","type":"image\/webp"}],"author":"Viviana Monrroy","twitter_card":"summary_large_image","twitter_creator":"@eldiario_net","twitter_site":"@eldiario_net","twitter_misc":{"Escrito por":"Viviana Monrroy","Tiempo de lectura":"1 minuto"},"schema":{"@context":"https:\/\/schema.org","@graph":[{"@type":"Article","@id":"https:\/\/www.eldiario.net\/portal\/2026\/02\/05\/wall-street-cae-ante-dudas-por-inversiones-en-inteligencia-artificial-1930\/#article","isPartOf":{"@id":"https:\/\/www.eldiario.net\/portal\/2026\/02\/05\/wall-street-cae-ante-dudas-por-inversiones-en-inteligencia-artificial-1930\/"},"author":{"name":"Viviana Monrroy","@id":"https:\/\/www.eldiario.net\/portal\/#\/schema\/person\/ba370d92d160f4d3574381f6d9b78fab"},"headline":"Wall Street cae ante dudas por inversiones en Inteligencia Artificial (19:30)","datePublished":"2026-02-05T23:26:29+00:00","mainEntityOfPage":{"@id":"https:\/\/www.eldiario.net\/portal\/2026\/02\/05\/wall-street-cae-ante-dudas-por-inversiones-en-inteligencia-artificial-1930\/"},"wordCount":150,"publisher":{"@id":"https:\/\/www.eldiario.net\/portal\/#organization"},"image":{"@id":"https:\/\/www.eldiario.net\/portal\/2026\/02\/05\/wall-street-cae-ante-dudas-por-inversiones-en-inteligencia-artificial-1930\/#primaryimage"},"thumbnailUrl":"https:\/\/www.eldiario.net\/portal\/wp-content\/uploads\/2026\/02\/Nasdaq-05.02.26-copia.webp","articleSection":["\u00daltima Hora"],"inLanguage":"es"},{"@type":"WebPage","@id":"https:\/\/www.eldiario.net\/portal\/2026\/02\/05\/wall-street-cae-ante-dudas-por-inversiones-en-inteligencia-artificial-1930\/","url":"https:\/\/www.eldiario.net\/portal\/2026\/02\/05\/wall-street-cae-ante-dudas-por-inversiones-en-inteligencia-artificial-1930\/","name":"Wall Street cae ante dudas por inversiones en Inteligencia Artificial (19:30) - El Diario - Bolivia","isPartOf":{"@id":"https:\/\/www.eldiario.net\/portal\/#website"},"primaryImageOfPage":{"@id":"https:\/\/www.eldiario.net\/portal\/2026\/02\/05\/wall-street-cae-ante-dudas-por-inversiones-en-inteligencia-artificial-1930\/#primaryimage"},"image":{"@id":"https:\/\/www.eldiario.net\/portal\/2026\/02\/05\/wall-street-cae-ante-dudas-por-inversiones-en-inteligencia-artificial-1930\/#primaryimage"},"thumbnailUrl":"https:\/\/www.eldiario.net\/portal\/wp-content\/uploads\/2026\/02\/Nasdaq-05.02.26-copia.webp","datePublished":"2026-02-05T23:26:29+00:00","breadcrumb":{"@id":"https:\/\/www.eldiario.net\/portal\/2026\/02\/05\/wall-street-cae-ante-dudas-por-inversiones-en-inteligencia-artificial-1930\/#breadcrumb"},"inLanguage":"es","potentialAction":[{"@type":"ReadAction","target":["https:\/\/www.eldiario.net\/portal\/2026\/02\/05\/wall-street-cae-ante-dudas-por-inversiones-en-inteligencia-artificial-1930\/"]}]},{"@type":"ImageObject","inLanguage":"es","@id":"https:\/\/www.eldiario.net\/portal\/2026\/02\/05\/wall-street-cae-ante-dudas-por-inversiones-en-inteligencia-artificial-1930\/#primaryimage","url":"https:\/\/www.eldiario.net\/portal\/wp-content\/uploads\/2026\/02\/Nasdaq-05.02.26-copia.webp","contentUrl":"https:\/\/www.eldiario.net\/portal\/wp-content\/uploads\/2026\/02\/Nasdaq-05.02.26-copia.webp","width":557,"height":346,"caption":"Foto: RR.SS."},{"@type":"BreadcrumbList","@id":"https:\/\/www.eldiario.net\/portal\/2026\/02\/05\/wall-street-cae-ante-dudas-por-inversiones-en-inteligencia-artificial-1930\/#breadcrumb","itemListElement":[{"@type":"ListItem","position":1,"name":"Portada","item":"https:\/\/www.eldiario.net\/portal\/"},{"@type":"ListItem","position":2,"name":"Wall Street cae ante dudas por inversiones en Inteligencia Artificial (19:30)"}]},{"@type":"WebSite","@id":"https:\/\/www.eldiario.net\/portal\/#website","url":"https:\/\/www.eldiario.net\/portal\/","name":"El Diario - Decano de la prensa nacional","description":"El Diario - Decano de la prensa nacional","publisher":{"@id":"https:\/\/www.eldiario.net\/portal\/#organization"},"potentialAction":[{"@type":"SearchAction","target":{"@type":"EntryPoint","urlTemplate":"https:\/\/www.eldiario.net\/portal\/?s={search_term_string}"},"query-input":{"@type":"PropertyValueSpecification","valueRequired":true,"valueName":"search_term_string"}}],"inLanguage":"es"},{"@type":"Organization","@id":"https:\/\/www.eldiario.net\/portal\/#organization","name":"El Diario - Decano de la prensa nacional","url":"https:\/\/www.eldiario.net\/portal\/","logo":{"@type":"ImageObject","inLanguage":"es","@id":"https:\/\/www.eldiario.net\/portal\/#\/schema\/logo\/image\/","url":"https:\/\/www.eldiario.net\/portal\/wp-content\/uploads\/2023\/07\/logo_ED.jpg","contentUrl":"https:\/\/www.eldiario.net\/portal\/wp-content\/uploads\/2023\/07\/logo_ED.jpg","width":272,"height":52,"caption":"El Diario - Decano de la prensa nacional"},"image":{"@id":"https:\/\/www.eldiario.net\/portal\/#\/schema\/logo\/image\/"},"sameAs":["https:\/\/www.facebook.com\/eldiario.bolivia\/","https:\/\/x.com\/eldiario_net"]},{"@type":"Person","@id":"https:\/\/www.eldiario.net\/portal\/#\/schema\/person\/ba370d92d160f4d3574381f6d9b78fab","name":"Viviana Monrroy","image":{"@type":"ImageObject","inLanguage":"es","@id":"https:\/\/secure.gravatar.com\/avatar\/dfd1611ed5600959a0e5a9754503b6c05d1dcf190010998e0363aee2ad98afca?s=96&d=mm&r=g","url":"https:\/\/secure.gravatar.com\/avatar\/dfd1611ed5600959a0e5a9754503b6c05d1dcf190010998e0363aee2ad98afca?s=96&d=mm&r=g","contentUrl":"https:\/\/secure.gravatar.com\/avatar\/dfd1611ed5600959a0e5a9754503b6c05d1dcf190010998e0363aee2ad98afca?s=96&d=mm&r=g","caption":"Viviana Monrroy"},"sameAs":["http:\/\/www.eldiario.net"],"url":"https:\/\/www.eldiario.net\/portal\/author\/vivianamonrroy\/"}]}},"_links":{"self":[{"href":"https:\/\/www.eldiario.net\/portal\/wp-json\/wp\/v2\/posts\/365986","targetHints":{"allow":["GET"]}}],"collection":[{"href":"https:\/\/www.eldiario.net\/portal\/wp-json\/wp\/v2\/posts"}],"about":[{"href":"https:\/\/www.eldiario.net\/portal\/wp-json\/wp\/v2\/types\/post"}],"author":[{"embeddable":true,"href":"https:\/\/www.eldiario.net\/portal\/wp-json\/wp\/v2\/users\/7"}],"replies":[{"embeddable":true,"href":"https:\/\/www.eldiario.net\/portal\/wp-json\/wp\/v2\/comments?post=365986"}],"version-history":[{"count":1,"href":"https:\/\/www.eldiario.net\/portal\/wp-json\/wp\/v2\/posts\/365986\/revisions"}],"predecessor-version":[{"id":365988,"href":"https:\/\/www.eldiario.net\/portal\/wp-json\/wp\/v2\/posts\/365986\/revisions\/365988"}],"wp:featuredmedia":[{"embeddable":true,"href":"https:\/\/www.eldiario.net\/portal\/wp-json\/wp\/v2\/media\/365987"}],"wp:attachment":[{"href":"https:\/\/www.eldiario.net\/portal\/wp-json\/wp\/v2\/media?parent=365986"}],"wp:term":[{"taxonomy":"category","embeddable":true,"href":"https:\/\/www.eldiario.net\/portal\/wp-json\/wp\/v2\/categories?post=365986"},{"taxonomy":"post_tag","embeddable":true,"href":"https:\/\/www.eldiario.net\/portal\/wp-json\/wp\/v2\/tags?post=365986"}],"curies":[{"name":"wp","href":"https:\/\/api.w.org\/{rel}","templated":true}]}}