{"id":365817,"date":"2026-02-05T06:18:10","date_gmt":"2026-02-05T10:18:10","guid":{"rendered":"https:\/\/www.eldiario.net\/portal\/?p=365817"},"modified":"2026-02-05T06:18:10","modified_gmt":"2026-02-05T10:18:10","slug":"mision-de-alto-nivel-de-la-ue-visita-complejo-industrial-de-ylb","status":"publish","type":"post","link":"https:\/\/www.eldiario.net\/portal\/2026\/02\/05\/mision-de-alto-nivel-de-la-ue-visita-complejo-industrial-de-ylb\/","title":{"rendered":"Misi\u00f3n de alto nivel de la UE  visita complejo industrial de YLB"},"content":{"rendered":"<p>Bolivia y la Uni\u00f3n Europea (UE) avanzan en la exploraci\u00f3n de mecanismos de cooperaci\u00f3n y alianzas estrat\u00e9gicas para potenciar el desarrollo del litio, tras la visita de una misi\u00f3n de alto nivel del organismo al complejo industrial de Yacimientos de Litio Bolivianos (YLB), situado en el salar de Uyuni, Potos\u00ed.<\/p>\n<p>La delegaci\u00f3n de la Uni\u00f3n Europea, encabezada por Pelayo Castro, Director del Servicio Europeo de Acci\u00f3n Exterior para las Am\u00e9ricas; F\u00e9lix Fern\u00e1ndez Shaw, Director de Asociaciones Internacionales de la Comisi\u00f3n Europea; y Jaume Segura, Embajador de la UE en Bolivia, visit\u00f3 este martes el Complejo Industrial de Yacimientos de Litio Bolivianos (YLB), ubicado al sur del Salar de Uyuni, con el objetivo de explorar alianzas estrat\u00e9gicas y cooperaci\u00f3n t\u00e9cnica y financiera para potenciar la producci\u00f3n del litio boliviano.<\/p>\n<p>La delegaci\u00f3n estuvo acompa\u00f1ada por representantes de empresas de Francia, Alemania, Espa\u00f1a e Italia, as\u00ed como de instituciones bancarias europeas, interesadas en conocer de primera mano el desarrollo industrial, el potencial productivo y las oportunidades de inversi\u00f3n en el sector de los recursos evapor\u00edticos.<\/p>\n<p>Durante la visita, el viceministro de Energ\u00edas Alternativas, Luis Osorio, destac\u00f3 la importancia del acercamiento, en el que se present\u00f3 la infraestructura actual de las plantas industriales de sales de potasio y carbonato de litio que el Gobierno nacional busca fortalecer y ampliar.<\/p>\n<p>\u201cEl objetivo de esta visita fue que se vea el potencial real que existe en Bolivia para el desarrollo del litio y los recursos evapor\u00edticos. Hemos recibido comentarios positivos por el tama\u00f1o de las plantas; existe un inter\u00e9s claro en maximizar la producci\u00f3n y atraer inversiones adicionales, bajo el marco de la nueva Ley del Litio que se desarrollar\u00e1 en los pr\u00f3ximos meses\u201d, afirm\u00f3 la autoridad.<\/p>\n<p>A su turno, el director para Am\u00e9rica Latina y representante de la Comisi\u00f3n de la Uni\u00f3n Europea, F\u00e9lix Fern\u00e1ndez Shaw, subray\u00f3 el compromiso del bloque europeo con el desarrollo del litio en Bolivia, en el marco de la estrategia Global Gateway, orientada a promover inversiones sostenibles y de largo plazo.<\/p>\n<p>\u201cHemos venido con empresas y bancos para ver c\u00f3mo podemos ayudar al proyecto en su conjunto. Aunque la planta ya opera, existen procesos que pueden mejorarse para lograr un mayor rendimiento. Creemos que Bolivia tiene un futuro importante en el contexto de la transici\u00f3n energ\u00e9tica, especialmente en el desarrollo de bater\u00edas\u201d, se\u00f1al\u00f3 Fern\u00e1ndez Shaw.<\/p>\n","protected":false},"excerpt":{"rendered":"<p>Bolivia y la Uni\u00f3n Europea (UE) avanzan en la exploraci\u00f3n de mecanismos de cooperaci\u00f3n y alianzas estrat\u00e9gicas para potenciar el desarrollo del litio, tras la visita de una misi\u00f3n de alto nivel del organismo al complejo industrial de Yacimientos de Litio Bolivianos (YLB), situado en el salar de Uyuni, Potos\u00ed. La delegaci\u00f3n de la Uni\u00f3n [&hellip;]<\/p>\n","protected":false},"author":1,"featured_media":365818,"comment_status":"closed","ping_status":"open","sticky":false,"template":"","format":"standard","meta":{"_acf_changed":false,"footnotes":""},"categories":[7],"tags":[],"class_list":["post-365817","post","type-post","status-publish","format-standard","has-post-thumbnail","category-economia"],"acf":{"antetitulo":""},"yoast_head":"<!-- This site is optimized with the Yoast SEO plugin v28.3 - https:\/\/yoast.com\/product\/yoast-seo-wordpress\/ -->\n<title>Misi\u00f3n de alto nivel de la UE visita complejo industrial de YLB - El Diario - Bolivia<\/title>\n<meta name=\"robots\" content=\"index, follow, max-snippet:-1, max-image-preview:large, max-video-preview:-1\" \/>\n<link rel=\"canonical\" href=\"https:\/\/www.eldiario.net\/portal\/2026\/02\/05\/mision-de-alto-nivel-de-la-ue-visita-complejo-industrial-de-ylb\/\" \/>\n<meta property=\"og:locale\" content=\"es_ES\" \/>\n<meta property=\"og:type\" content=\"article\" \/>\n<meta property=\"og:title\" content=\"Misi\u00f3n de alto nivel de la UE visita complejo industrial de YLB - El Diario - Bolivia\" \/>\n<meta property=\"og:description\" content=\"Bolivia y la Uni\u00f3n Europea (UE) avanzan en la exploraci\u00f3n de mecanismos de cooperaci\u00f3n y alianzas estrat\u00e9gicas para potenciar el desarrollo del litio, tras la visita de una misi\u00f3n de alto nivel del organismo al complejo industrial de Yacimientos de Litio Bolivianos (YLB), situado en el salar de Uyuni, Potos\u00ed. La delegaci\u00f3n de la Uni\u00f3n [&hellip;]\" \/>\n<meta property=\"og:url\" content=\"https:\/\/www.eldiario.net\/portal\/2026\/02\/05\/mision-de-alto-nivel-de-la-ue-visita-complejo-industrial-de-ylb\/\" \/>\n<meta property=\"og:site_name\" content=\"El Diario - Bolivia\" \/>\n<meta property=\"article:publisher\" content=\"https:\/\/www.facebook.com\/eldiario.bolivia\/\" \/>\n<meta property=\"article:published_time\" content=\"2026-02-05T10:18:10+00:00\" \/>\n<meta property=\"og:image\" content=\"https:\/\/www.eldiario.net\/portal\/wp-content\/uploads\/2026\/02\/MISION-FOTO.webp\" \/>\n\t<meta property=\"og:image:width\" content=\"1280\" \/>\n\t<meta property=\"og:image:height\" content=\"853\" \/>\n\t<meta property=\"og:image:type\" content=\"image\/webp\" \/>\n<meta name=\"author\" content=\"Jeanette\" \/>\n<meta name=\"twitter:card\" content=\"summary_large_image\" \/>\n<meta name=\"twitter:creator\" content=\"@eldiario_net\" \/>\n<meta name=\"twitter:site\" content=\"@eldiario_net\" \/>\n<meta name=\"twitter:label1\" content=\"Escrito por\" \/>\n\t<meta name=\"twitter:data1\" content=\"Jeanette\" \/>\n\t<meta name=\"twitter:label2\" content=\"Tiempo de lectura\" \/>\n\t<meta name=\"twitter:data2\" content=\"2 minutos\" \/>\n<script type=\"application\/ld+json\" class=\"yoast-schema-graph\">{\"@context\":\"https:\\\/\\\/schema.org\",\"@graph\":[{\"@type\":\"Article\",\"@id\":\"https:\\\/\\\/www.eldiario.net\\\/portal\\\/2026\\\/02\\\/05\\\/mision-de-alto-nivel-de-la-ue-visita-complejo-industrial-de-ylb\\\/#article\",\"isPartOf\":{\"@id\":\"https:\\\/\\\/www.eldiario.net\\\/portal\\\/2026\\\/02\\\/05\\\/mision-de-alto-nivel-de-la-ue-visita-complejo-industrial-de-ylb\\\/\"},\"author\":{\"name\":\"Jeanette\",\"@id\":\"https:\\\/\\\/www.eldiario.net\\\/portal\\\/#\\\/schema\\\/person\\\/f46445640444750d7d753ccd04ae01b7\"},\"headline\":\"Misi\u00f3n de alto nivel de la UE visita complejo industrial de YLB\",\"datePublished\":\"2026-02-05T10:18:10+00:00\",\"mainEntityOfPage\":{\"@id\":\"https:\\\/\\\/www.eldiario.net\\\/portal\\\/2026\\\/02\\\/05\\\/mision-de-alto-nivel-de-la-ue-visita-complejo-industrial-de-ylb\\\/\"},\"wordCount\":436,\"publisher\":{\"@id\":\"https:\\\/\\\/www.eldiario.net\\\/portal\\\/#organization\"},\"image\":{\"@id\":\"https:\\\/\\\/www.eldiario.net\\\/portal\\\/2026\\\/02\\\/05\\\/mision-de-alto-nivel-de-la-ue-visita-complejo-industrial-de-ylb\\\/#primaryimage\"},\"thumbnailUrl\":\"https:\\\/\\\/www.eldiario.net\\\/portal\\\/wp-content\\\/uploads\\\/2026\\\/02\\\/MISION-FOTO.webp\",\"articleSection\":[\"Econom\u00eda\"],\"inLanguage\":\"es\"},{\"@type\":\"WebPage\",\"@id\":\"https:\\\/\\\/www.eldiario.net\\\/portal\\\/2026\\\/02\\\/05\\\/mision-de-alto-nivel-de-la-ue-visita-complejo-industrial-de-ylb\\\/\",\"url\":\"https:\\\/\\\/www.eldiario.net\\\/portal\\\/2026\\\/02\\\/05\\\/mision-de-alto-nivel-de-la-ue-visita-complejo-industrial-de-ylb\\\/\",\"name\":\"Misi\u00f3n de alto nivel de la UE visita complejo industrial de YLB - El Diario - Bolivia\",\"isPartOf\":{\"@id\":\"https:\\\/\\\/www.eldiario.net\\\/portal\\\/#website\"},\"primaryImageOfPage\":{\"@id\":\"https:\\\/\\\/www.eldiario.net\\\/portal\\\/2026\\\/02\\\/05\\\/mision-de-alto-nivel-de-la-ue-visita-complejo-industrial-de-ylb\\\/#primaryimage\"},\"image\":{\"@id\":\"https:\\\/\\\/www.eldiario.net\\\/portal\\\/2026\\\/02\\\/05\\\/mision-de-alto-nivel-de-la-ue-visita-complejo-industrial-de-ylb\\\/#primaryimage\"},\"thumbnailUrl\":\"https:\\\/\\\/www.eldiario.net\\\/portal\\\/wp-content\\\/uploads\\\/2026\\\/02\\\/MISION-FOTO.webp\",\"datePublished\":\"2026-02-05T10:18:10+00:00\",\"breadcrumb\":{\"@id\":\"https:\\\/\\\/www.eldiario.net\\\/portal\\\/2026\\\/02\\\/05\\\/mision-de-alto-nivel-de-la-ue-visita-complejo-industrial-de-ylb\\\/#breadcrumb\"},\"inLanguage\":\"es\",\"potentialAction\":[{\"@type\":\"ReadAction\",\"target\":[\"https:\\\/\\\/www.eldiario.net\\\/portal\\\/2026\\\/02\\\/05\\\/mision-de-alto-nivel-de-la-ue-visita-complejo-industrial-de-ylb\\\/\"]}]},{\"@type\":\"ImageObject\",\"inLanguage\":\"es\",\"@id\":\"https:\\\/\\\/www.eldiario.net\\\/portal\\\/2026\\\/02\\\/05\\\/mision-de-alto-nivel-de-la-ue-visita-complejo-industrial-de-ylb\\\/#primaryimage\",\"url\":\"https:\\\/\\\/www.eldiario.net\\\/portal\\\/wp-content\\\/uploads\\\/2026\\\/02\\\/MISION-FOTO.webp\",\"contentUrl\":\"https:\\\/\\\/www.eldiario.net\\\/portal\\\/wp-content\\\/uploads\\\/2026\\\/02\\\/MISION-FOTO.webp\",\"width\":1280,\"height\":853,\"caption\":\"MISI\u00d3N DE LA UE JUNTO A AUTORIDADES BOLIVIANAS. FOTO: RRSS\"},{\"@type\":\"BreadcrumbList\",\"@id\":\"https:\\\/\\\/www.eldiario.net\\\/portal\\\/2026\\\/02\\\/05\\\/mision-de-alto-nivel-de-la-ue-visita-complejo-industrial-de-ylb\\\/#breadcrumb\",\"itemListElement\":[{\"@type\":\"ListItem\",\"position\":1,\"name\":\"Portada\",\"item\":\"https:\\\/\\\/www.eldiario.net\\\/portal\\\/\"},{\"@type\":\"ListItem\",\"position\":2,\"name\":\"Misi\u00f3n de alto nivel de la UE visita complejo industrial de YLB\"}]},{\"@type\":\"WebSite\",\"@id\":\"https:\\\/\\\/www.eldiario.net\\\/portal\\\/#website\",\"url\":\"https:\\\/\\\/www.eldiario.net\\\/portal\\\/\",\"name\":\"El Diario - Decano de la prensa nacional\",\"description\":\"El Diario - Decano de la prensa nacional\",\"publisher\":{\"@id\":\"https:\\\/\\\/www.eldiario.net\\\/portal\\\/#organization\"},\"potentialAction\":[{\"@type\":\"SearchAction\",\"target\":{\"@type\":\"EntryPoint\",\"urlTemplate\":\"https:\\\/\\\/www.eldiario.net\\\/portal\\\/?s={search_term_string}\"},\"query-input\":{\"@type\":\"PropertyValueSpecification\",\"valueRequired\":true,\"valueName\":\"search_term_string\"}}],\"inLanguage\":\"es\"},{\"@type\":\"Organization\",\"@id\":\"https:\\\/\\\/www.eldiario.net\\\/portal\\\/#organization\",\"name\":\"El Diario - Decano de la prensa nacional\",\"url\":\"https:\\\/\\\/www.eldiario.net\\\/portal\\\/\",\"logo\":{\"@type\":\"ImageObject\",\"inLanguage\":\"es\",\"@id\":\"https:\\\/\\\/www.eldiario.net\\\/portal\\\/#\\\/schema\\\/logo\\\/image\\\/\",\"url\":\"https:\\\/\\\/www.eldiario.net\\\/portal\\\/wp-content\\\/uploads\\\/2023\\\/07\\\/logo_ED.jpg\",\"contentUrl\":\"https:\\\/\\\/www.eldiario.net\\\/portal\\\/wp-content\\\/uploads\\\/2023\\\/07\\\/logo_ED.jpg\",\"width\":272,\"height\":52,\"caption\":\"El Diario - Decano de la prensa nacional\"},\"image\":{\"@id\":\"https:\\\/\\\/www.eldiario.net\\\/portal\\\/#\\\/schema\\\/logo\\\/image\\\/\"},\"sameAs\":[\"https:\\\/\\\/www.facebook.com\\\/eldiario.bolivia\\\/\",\"https:\\\/\\\/x.com\\\/eldiario_net\"]},{\"@type\":\"Person\",\"@id\":\"https:\\\/\\\/www.eldiario.net\\\/portal\\\/#\\\/schema\\\/person\\\/f46445640444750d7d753ccd04ae01b7\",\"name\":\"Jeanette\",\"image\":{\"@type\":\"ImageObject\",\"inLanguage\":\"es\",\"@id\":\"https:\\\/\\\/secure.gravatar.com\\\/avatar\\\/3ea2118a5f7dad2b7138b1187a6b7ee55f160b9968b66013c3a3ef39dd7e5798?s=96&d=mm&r=g\",\"url\":\"https:\\\/\\\/secure.gravatar.com\\\/avatar\\\/3ea2118a5f7dad2b7138b1187a6b7ee55f160b9968b66013c3a3ef39dd7e5798?s=96&d=mm&r=g\",\"contentUrl\":\"https:\\\/\\\/secure.gravatar.com\\\/avatar\\\/3ea2118a5f7dad2b7138b1187a6b7ee55f160b9968b66013c3a3ef39dd7e5798?s=96&d=mm&r=g\",\"caption\":\"Jeanette\"},\"sameAs\":[\"https:\\\/\\\/www.eldiario.net\\\/portal\"],\"url\":\"https:\\\/\\\/www.eldiario.net\\\/portal\\\/author\\\/jeanette\\\/\"}]}<\/script>\n<!-- \/ Yoast SEO plugin. -->","yoast_head_json":{"title":"Misi\u00f3n de alto nivel de la UE visita complejo industrial de YLB - El Diario - Bolivia","robots":{"index":"index","follow":"follow","max-snippet":"max-snippet:-1","max-image-preview":"max-image-preview:large","max-video-preview":"max-video-preview:-1"},"canonical":"https:\/\/www.eldiario.net\/portal\/2026\/02\/05\/mision-de-alto-nivel-de-la-ue-visita-complejo-industrial-de-ylb\/","og_locale":"es_ES","og_type":"article","og_title":"Misi\u00f3n de alto nivel de la UE visita complejo industrial de YLB - El Diario - Bolivia","og_description":"Bolivia y la Uni\u00f3n Europea (UE) avanzan en la exploraci\u00f3n de mecanismos de cooperaci\u00f3n y alianzas estrat\u00e9gicas para potenciar el desarrollo del litio, tras la visita de una misi\u00f3n de alto nivel del organismo al complejo industrial de Yacimientos de Litio Bolivianos (YLB), situado en el salar de Uyuni, Potos\u00ed. La delegaci\u00f3n de la Uni\u00f3n [&hellip;]","og_url":"https:\/\/www.eldiario.net\/portal\/2026\/02\/05\/mision-de-alto-nivel-de-la-ue-visita-complejo-industrial-de-ylb\/","og_site_name":"El Diario - Bolivia","article_publisher":"https:\/\/www.facebook.com\/eldiario.bolivia\/","article_published_time":"2026-02-05T10:18:10+00:00","og_image":[{"width":1280,"height":853,"url":"https:\/\/www.eldiario.net\/portal\/wp-content\/uploads\/2026\/02\/MISION-FOTO.webp","type":"image\/webp"}],"author":"Jeanette","twitter_card":"summary_large_image","twitter_creator":"@eldiario_net","twitter_site":"@eldiario_net","twitter_misc":{"Escrito por":"Jeanette","Tiempo de lectura":"2 minutos"},"schema":{"@context":"https:\/\/schema.org","@graph":[{"@type":"Article","@id":"https:\/\/www.eldiario.net\/portal\/2026\/02\/05\/mision-de-alto-nivel-de-la-ue-visita-complejo-industrial-de-ylb\/#article","isPartOf":{"@id":"https:\/\/www.eldiario.net\/portal\/2026\/02\/05\/mision-de-alto-nivel-de-la-ue-visita-complejo-industrial-de-ylb\/"},"author":{"name":"Jeanette","@id":"https:\/\/www.eldiario.net\/portal\/#\/schema\/person\/f46445640444750d7d753ccd04ae01b7"},"headline":"Misi\u00f3n de alto nivel de la UE visita complejo industrial de YLB","datePublished":"2026-02-05T10:18:10+00:00","mainEntityOfPage":{"@id":"https:\/\/www.eldiario.net\/portal\/2026\/02\/05\/mision-de-alto-nivel-de-la-ue-visita-complejo-industrial-de-ylb\/"},"wordCount":436,"publisher":{"@id":"https:\/\/www.eldiario.net\/portal\/#organization"},"image":{"@id":"https:\/\/www.eldiario.net\/portal\/2026\/02\/05\/mision-de-alto-nivel-de-la-ue-visita-complejo-industrial-de-ylb\/#primaryimage"},"thumbnailUrl":"https:\/\/www.eldiario.net\/portal\/wp-content\/uploads\/2026\/02\/MISION-FOTO.webp","articleSection":["Econom\u00eda"],"inLanguage":"es"},{"@type":"WebPage","@id":"https:\/\/www.eldiario.net\/portal\/2026\/02\/05\/mision-de-alto-nivel-de-la-ue-visita-complejo-industrial-de-ylb\/","url":"https:\/\/www.eldiario.net\/portal\/2026\/02\/05\/mision-de-alto-nivel-de-la-ue-visita-complejo-industrial-de-ylb\/","name":"Misi\u00f3n de alto nivel de la UE visita complejo industrial de YLB - El Diario - Bolivia","isPartOf":{"@id":"https:\/\/www.eldiario.net\/portal\/#website"},"primaryImageOfPage":{"@id":"https:\/\/www.eldiario.net\/portal\/2026\/02\/05\/mision-de-alto-nivel-de-la-ue-visita-complejo-industrial-de-ylb\/#primaryimage"},"image":{"@id":"https:\/\/www.eldiario.net\/portal\/2026\/02\/05\/mision-de-alto-nivel-de-la-ue-visita-complejo-industrial-de-ylb\/#primaryimage"},"thumbnailUrl":"https:\/\/www.eldiario.net\/portal\/wp-content\/uploads\/2026\/02\/MISION-FOTO.webp","datePublished":"2026-02-05T10:18:10+00:00","breadcrumb":{"@id":"https:\/\/www.eldiario.net\/portal\/2026\/02\/05\/mision-de-alto-nivel-de-la-ue-visita-complejo-industrial-de-ylb\/#breadcrumb"},"inLanguage":"es","potentialAction":[{"@type":"ReadAction","target":["https:\/\/www.eldiario.net\/portal\/2026\/02\/05\/mision-de-alto-nivel-de-la-ue-visita-complejo-industrial-de-ylb\/"]}]},{"@type":"ImageObject","inLanguage":"es","@id":"https:\/\/www.eldiario.net\/portal\/2026\/02\/05\/mision-de-alto-nivel-de-la-ue-visita-complejo-industrial-de-ylb\/#primaryimage","url":"https:\/\/www.eldiario.net\/portal\/wp-content\/uploads\/2026\/02\/MISION-FOTO.webp","contentUrl":"https:\/\/www.eldiario.net\/portal\/wp-content\/uploads\/2026\/02\/MISION-FOTO.webp","width":1280,"height":853,"caption":"MISI\u00d3N DE LA UE JUNTO A AUTORIDADES BOLIVIANAS. FOTO: RRSS"},{"@type":"BreadcrumbList","@id":"https:\/\/www.eldiario.net\/portal\/2026\/02\/05\/mision-de-alto-nivel-de-la-ue-visita-complejo-industrial-de-ylb\/#breadcrumb","itemListElement":[{"@type":"ListItem","position":1,"name":"Portada","item":"https:\/\/www.eldiario.net\/portal\/"},{"@type":"ListItem","position":2,"name":"Misi\u00f3n de alto nivel de la UE visita complejo industrial de YLB"}]},{"@type":"WebSite","@id":"https:\/\/www.eldiario.net\/portal\/#website","url":"https:\/\/www.eldiario.net\/portal\/","name":"El Diario - Decano de la prensa nacional","description":"El Diario - Decano de la prensa nacional","publisher":{"@id":"https:\/\/www.eldiario.net\/portal\/#organization"},"potentialAction":[{"@type":"SearchAction","target":{"@type":"EntryPoint","urlTemplate":"https:\/\/www.eldiario.net\/portal\/?s={search_term_string}"},"query-input":{"@type":"PropertyValueSpecification","valueRequired":true,"valueName":"search_term_string"}}],"inLanguage":"es"},{"@type":"Organization","@id":"https:\/\/www.eldiario.net\/portal\/#organization","name":"El Diario - Decano de la prensa nacional","url":"https:\/\/www.eldiario.net\/portal\/","logo":{"@type":"ImageObject","inLanguage":"es","@id":"https:\/\/www.eldiario.net\/portal\/#\/schema\/logo\/image\/","url":"https:\/\/www.eldiario.net\/portal\/wp-content\/uploads\/2023\/07\/logo_ED.jpg","contentUrl":"https:\/\/www.eldiario.net\/portal\/wp-content\/uploads\/2023\/07\/logo_ED.jpg","width":272,"height":52,"caption":"El Diario - Decano de la prensa nacional"},"image":{"@id":"https:\/\/www.eldiario.net\/portal\/#\/schema\/logo\/image\/"},"sameAs":["https:\/\/www.facebook.com\/eldiario.bolivia\/","https:\/\/x.com\/eldiario_net"]},{"@type":"Person","@id":"https:\/\/www.eldiario.net\/portal\/#\/schema\/person\/f46445640444750d7d753ccd04ae01b7","name":"Jeanette","image":{"@type":"ImageObject","inLanguage":"es","@id":"https:\/\/secure.gravatar.com\/avatar\/3ea2118a5f7dad2b7138b1187a6b7ee55f160b9968b66013c3a3ef39dd7e5798?s=96&d=mm&r=g","url":"https:\/\/secure.gravatar.com\/avatar\/3ea2118a5f7dad2b7138b1187a6b7ee55f160b9968b66013c3a3ef39dd7e5798?s=96&d=mm&r=g","contentUrl":"https:\/\/secure.gravatar.com\/avatar\/3ea2118a5f7dad2b7138b1187a6b7ee55f160b9968b66013c3a3ef39dd7e5798?s=96&d=mm&r=g","caption":"Jeanette"},"sameAs":["https:\/\/www.eldiario.net\/portal"],"url":"https:\/\/www.eldiario.net\/portal\/author\/jeanette\/"}]}},"_links":{"self":[{"href":"https:\/\/www.eldiario.net\/portal\/wp-json\/wp\/v2\/posts\/365817","targetHints":{"allow":["GET"]}}],"collection":[{"href":"https:\/\/www.eldiario.net\/portal\/wp-json\/wp\/v2\/posts"}],"about":[{"href":"https:\/\/www.eldiario.net\/portal\/wp-json\/wp\/v2\/types\/post"}],"author":[{"embeddable":true,"href":"https:\/\/www.eldiario.net\/portal\/wp-json\/wp\/v2\/users\/1"}],"replies":[{"embeddable":true,"href":"https:\/\/www.eldiario.net\/portal\/wp-json\/wp\/v2\/comments?post=365817"}],"version-history":[{"count":1,"href":"https:\/\/www.eldiario.net\/portal\/wp-json\/wp\/v2\/posts\/365817\/revisions"}],"predecessor-version":[{"id":365819,"href":"https:\/\/www.eldiario.net\/portal\/wp-json\/wp\/v2\/posts\/365817\/revisions\/365819"}],"wp:featuredmedia":[{"embeddable":true,"href":"https:\/\/www.eldiario.net\/portal\/wp-json\/wp\/v2\/media\/365818"}],"wp:attachment":[{"href":"https:\/\/www.eldiario.net\/portal\/wp-json\/wp\/v2\/media?parent=365817"}],"wp:term":[{"taxonomy":"category","embeddable":true,"href":"https:\/\/www.eldiario.net\/portal\/wp-json\/wp\/v2\/categories?post=365817"},{"taxonomy":"post_tag","embeddable":true,"href":"https:\/\/www.eldiario.net\/portal\/wp-json\/wp\/v2\/tags?post=365817"}],"curies":[{"name":"wp","href":"https:\/\/api.w.org\/{rel}","templated":true}]}}